{"id":31786,"date":"2026-04-26T06:44:12","date_gmt":"2026-04-26T06:44:12","guid":{"rendered":"https:\/\/bobea.net\/?p=31786"},"modified":"2026-04-26T06:44:13","modified_gmt":"2026-04-26T06:44:13","slug":"lattentat-du-gala-de-la-presse-melania-trump-licone-de-marbre-face-au-chaos","status":"publish","type":"post","link":"https:\/\/bobea.net\/index.php\/2026\/04\/26\/lattentat-du-gala-de-la-presse-melania-trump-licone-de-marbre-face-au-chaos\/","title":{"rendered":"L\u2019Attentat du Gala de la Presse : Melania Trump, l\u2019Ic\u00f4ne de Marbre face au Chaos"},"content":{"rendered":"\n<p>Le faste du Gala de la Presse de Wash\u00ading\u00adton a bas\u00adcul\u00e9 dans l\u2019ef\u00adfroi ce same\u00addi soir. Alors que le gotha poli\u00adtique et m\u00e9di\u00ada\u00adtique c\u00e9l\u00e9brait le tra\u00addi\u00adtion\u00adnel d\u00een\u00ader annuel, la f\u00eate a \u00e9t\u00e9 bru\u00adtale\u00adment inter\u00adrompue par des d\u00e9to\u00adna\u00adtions qui ont glac\u00e9 le sang des con\u00advives. Au cen\u00adtre de ce tumulte, une fig\u00adure a frap\u00adp\u00e9 les esprits par son calme presque sur\u00adna\u00adturel : Mela\u00adnia Trump.<\/p>\n\n\n\n<p><strong>Une soir\u00e9e de gala sous haute ten\u00adsion<\/strong><\/p>\n\n\n\n<p>Tout a com\u00admenc\u00e9 vers 21h30. Les pro\u00adjecteurs \u00e9taient braqu\u00e9s sur le cou\u00adple pr\u00e9si\u00adden\u00adtiel quand un indi\u00advidu, dis\u00adsimul\u00e9 par\u00admi le per\u00adson\u00adnel de ser\u00advice selon les pre\u00admiers \u00e9l\u00e9\u00adments de l\u2019en\u00adqu\u00eate, a d\u00e9gain\u00e9 une arme de poing. Dans la panique qui a suivi, les tables ont \u00e9t\u00e9 ren\u00adver\u00ads\u00e9es, les cris ont d\u00e9chir\u00e9 la salle, mais un d\u00e9tail a saisi les cam\u00e9ras encore allum\u00e9es : la s\u00e9r\u00e9nit\u00e9 de l\u2019ex-First Lady.<\/p>\n\n\n\n<p>Alors que les agents du Secret Ser\u00advice se ruaient sur l\u2019as\u00adsail\u00adlant pour le neu\u00adtralis\u00ader dans un corps-\u00e0-corps vio\u00adlent, Mela\u00adnia Trump est rest\u00e9e debout, pro\u00adt\u00e9geant instinc\u00adtive\u00adment son \u00e9poux d\u2019un geste de la main, le regard fixe et d\u00e9ter\u00admin\u00e9. Ce n\u2019\u00e9\u00adtait pas de la paralysie, mais une ma\u00eetrise de soi absolue qui, selon les t\u00e9moins, a per\u00admis d\u2019\u00e9viter un mou\u00adve\u00adment de foule encore plus meur\u00adtri\u00ader.<\/p>\n\n\n\n<figure class=\"wp-block-image size-large\"><img loading=\"lazy\" decoding=\"async\" width=\"1024\" height=\"683\" src=\"https:\/\/bobea.net\/wp-content\/uploads\/2026\/04\/1750979-la-premiere-dame-melania-trump-lors-de-la-traditionnelle-chasse-aux-oeufs-de-la-maison-blanche-le-21-avril-2025-a-washington-dc-1024x683.jpg\" alt class=\"wp-image-31788\" srcset=\"https:\/\/bobea.net\/wp-content\/uploads\/2026\/04\/1750979-la-premiere-dame-melania-trump-lors-de-la-traditionnelle-chasse-aux-oeufs-de-la-maison-blanche-le-21-avril-2025-a-washington-dc-1024x683.jpg 1024w, https:\/\/bobea.net\/wp-content\/uploads\/2026\/04\/1750979-la-premiere-dame-melania-trump-lors-de-la-traditionnelle-chasse-aux-oeufs-de-la-maison-blanche-le-21-avril-2025-a-washington-dc-300x200.jpg 300w, https:\/\/bobea.net\/wp-content\/uploads\/2026\/04\/1750979-la-premiere-dame-melania-trump-lors-de-la-traditionnelle-chasse-aux-oeufs-de-la-maison-blanche-le-21-avril-2025-a-washington-dc-768x512.jpg 768w, https:\/\/bobea.net\/wp-content\/uploads\/2026\/04\/1750979-la-premiere-dame-melania-trump-lors-de-la-traditionnelle-chasse-aux-oeufs-de-la-maison-blanche-le-21-avril-2025-a-washington-dc.jpg 1200w\" sizes=\"(max-width: 1024px) 100vw, 1024px\"><\/figure>\n\n\n\n<p><strong>Le pro\u00adfil du tireur et les failles de s\u00e9cu\u00adrit\u00e9<\/strong><\/p>\n\n\n\n<p>L\u2019as\u00adsail\u00adlant, un homme d\u2019une trentaine d\u2019an\u00adn\u00e9es aux moti\u00adva\u00adtions encore floues mais por\u00adtant des reven\u00addi\u00adca\u00adtions con\u00adtre l\u2019\u00e9lite poli\u00adtique, a \u00e9t\u00e9 ma\u00eetris\u00e9 sans avoir pu attein\u00addre ses cibles prin\u00adci\u00adpales. Cet \u00e9v\u00e9ne\u00adment soul\u00e8ve des ques\u00adtions cru\u00adciales : com\u00adment une arme a\u2011t-elle pu franchir les por\u00adtails de s\u00e9cu\u00adrit\u00e9 ultra\u00adsen\u00adsi\u00adbles du gala ?<\/p>\n\n\n\n<p>Le FBI et le Secret Ser\u00advice sont sur les dents. Ce n\u2019est pas seule\u00adment un acte isol\u00e9, c\u2019est le symp\u00adt\u00f4me d\u2019une <strong>vio\u00adlence poli\u00adtique<\/strong> qui atteint un point de rup\u00adture en 2026. L\u2019en\u00adqu\u00eate se con\u00adcen\u00adtre d\u00e9sor\u00admais sur d\u2019\u00e9ventuelles com\u00adplic\u00adit\u00e9s internes, tan\u00addis que le pays retient son souf\u00adfle.<\/p>\n\n\n\n<p><strong>Mela\u00adnia, sauveuse d\u2019une image<\/strong><\/p>\n\n\n\n<p>Au-del\u00e0 de l\u2019aspect s\u00e9cu\u00adri\u00adtaire, cet atten\u00adtat rat\u00e9 trans\u00adforme rad\u00adi\u00adcale\u00adment l\u2019im\u00adage du cou\u00adple. L\u00e0 o\u00f9 beau\u00adcoup voy\u00adaient une dis\u00adtance, on a d\u00e9cou\u00advert une r\u00e9silience d\u2019aci\u00ader. Ce \u201cmoment de mar\u00adbre\u201d devient le sym\u00adbole d\u2019une Am\u00e9rique qui refuse de pli\u00ader sous la ter\u00adreur. Le cou\u00adple pr\u00e9si\u00adden\u00adtiel est ressor\u00adti sain et sauf, mais le cli\u00admat poli\u00adtique, lui, est plus frac\u00adtur\u00e9 que jamais.<\/p>\n","protected":false},"excerpt":{"rendered":"<p>Le faste du Gala de la Presse de Wash\u00ading\u00adton a bas\u00adcul\u00e9 dans l\u2019ef\u00adfroi ce same\u00addi soir. Alors que le gotha poli\u00adtique et m\u00e9di\u00ada\u00adtique c\u00e9l\u00e9brait le tra\u00addi\u00adtion\u00adnel d\u00een\u00ader annuel, la f\u00eate\u2026 <\/p>\n","protected":false},"author":1,"featured_media":31787,"comment_status":"open","ping_status":"closed","sticky":false,"template":"","format":"standard","meta":{"wp_typography_post_enhancements_disabled":false,"footnotes":""},"categories":[83],"tags":[],"class_list":["post-31786","post","type-post","status-publish","format-standard","has-post-thumbnail","hentry","category-dreams-people"],"yoast_head":"<!-- This site is optimized with the Yoast SEO plugin v24.7 - https:\/\/yoast.com\/wordpress\/plugins\/seo\/ -->\n<title>L\u2019Attentat du Gala de la Presse : Melania Trump, l\u2019Ic\u00f4ne de Marbre face au Chaos - Bobea<\/title>\n<meta name=\"robots\" content=\"index, follow, max-snippet:-1, max-image-preview:large, max-video-preview:-1\" \/>\n<link rel=\"canonical\" href=\"https:\/\/bobea.net\/index.php\/2026\/04\/26\/lattentat-du-gala-de-la-presse-melania-trump-licone-de-marbre-face-au-chaos\/\" \/>\n<meta property=\"og:locale\" content=\"fr_FR\" \/>\n<meta property=\"og:type\" content=\"article\" \/>\n<meta property=\"og:title\" content=\"L\u2019Attentat du Gala de la Presse : Melania Trump, l\u2019Ic\u00f4ne de Marbre face au Chaos - Bobea\" \/>\n<meta property=\"og:description\" content=\"Le faste du Gala de la Presse de Wash\u00ading\u00adton a bas\u00adcul\u00e9 dans l\u2019ef\u00adfroi ce same\u00addi soir. Alors que le gotha poli\u00adtique et m\u00e9di\u00ada\u00adtique c\u00e9l\u00e9brait le tra\u00addi\u00adtion\u00adnel d\u00een\u00ader annuel, la f\u00eate&hellip;\" \/>\n<meta property=\"og:url\" content=\"https:\/\/bobea.net\/index.php\/2026\/04\/26\/lattentat-du-gala-de-la-presse-melania-trump-licone-de-marbre-face-au-chaos\/\" \/>\n<meta property=\"og:site_name\" content=\"Bobea\" \/>\n<meta property=\"article:publisher\" content=\"https:\/\/web.facebook.com\/profile.php?id=61559252188416\" \/>\n<meta property=\"article:published_time\" content=\"2026-04-26T06:44:12+00:00\" \/>\n<meta property=\"article:modified_time\" content=\"2026-04-26T06:44:13+00:00\" \/>\n<meta property=\"og:image\" content=\"https:\/\/bobea.net\/wp-content\/uploads\/2026\/04\/SIPA_sipahub60139717_000006-1.jpg\" \/>\n\t<meta property=\"og:image:width\" content=\"1024\" \/>\n\t<meta property=\"og:image:height\" content=\"683\" \/>\n\t<meta property=\"og:image:type\" content=\"image\/jpeg\" \/>\n<meta name=\"author\" content=\"bobea.info\" \/>\n<meta name=\"twitter:card\" content=\"summary_large_image\" \/>\n<meta name=\"twitter:label1\" content=\"\u00c9crit par\" \/>\n\t<meta name=\"twitter:data1\" content=\"bobea.info\" \/>\n\t<meta name=\"twitter:label2\" content=\"Dur\u00e9e de lecture estim\u00e9e\" \/>\n\t<meta name=\"twitter:data2\" content=\"3 minutes\" \/>\n<script type=\"application\/ld+json\" class=\"yoast-schema-graph\">{\"@context\":\"https:\/\/schema.org\",\"@graph\":[{\"@type\":\"Article\",\"@id\":\"https:\/\/bobea.net\/index.php\/2026\/04\/26\/lattentat-du-gala-de-la-presse-melania-trump-licone-de-marbre-face-au-chaos\/#article\",\"isPartOf\":{\"@id\":\"https:\/\/bobea.net\/index.php\/2026\/04\/26\/lattentat-du-gala-de-la-presse-melania-trump-licone-de-marbre-face-au-chaos\/\"},\"author\":{\"name\":\"bobea.info\",\"@id\":\"https:\/\/bobea.net\/#\/schema\/person\/e7f45ef187918d7c956bf619dce90ccf\"},\"headline\":\"L\u2019Attentat du Gala de la Presse : Melania Trump, l\u2019Ic\u00f4ne de Marbre face au Chaos\",\"datePublished\":\"2026-04-26T06:44:12+00:00\",\"dateModified\":\"2026-04-26T06:44:13+00:00\",\"mainEntityOfPage\":{\"@id\":\"https:\/\/bobea.net\/index.php\/2026\/04\/26\/lattentat-du-gala-de-la-presse-melania-trump-licone-de-marbre-face-au-chaos\/\"},\"wordCount\":437,\"commentCount\":0,\"publisher\":{\"@id\":\"https:\/\/bobea.net\/#organization\"},\"image\":{\"@id\":\"https:\/\/bobea.net\/index.php\/2026\/04\/26\/lattentat-du-gala-de-la-presse-melania-trump-licone-de-marbre-face-au-chaos\/#primaryimage\"},\"thumbnailUrl\":\"https:\/\/bobea.net\/wp-content\/uploads\/2026\/04\/SIPA_sipahub60139717_000006-1.jpg\",\"articleSection\":[\"Dreams People\"],\"inLanguage\":\"fr-FR\",\"potentialAction\":[{\"@type\":\"CommentAction\",\"name\":\"Comment\",\"target\":[\"https:\/\/bobea.net\/index.php\/2026\/04\/26\/lattentat-du-gala-de-la-presse-melania-trump-licone-de-marbre-face-au-chaos\/#respond\"]}]},{\"@type\":\"WebPage\",\"@id\":\"https:\/\/bobea.net\/index.php\/2026\/04\/26\/lattentat-du-gala-de-la-presse-melania-trump-licone-de-marbre-face-au-chaos\/\",\"url\":\"https:\/\/bobea.net\/index.php\/2026\/04\/26\/lattentat-du-gala-de-la-presse-melania-trump-licone-de-marbre-face-au-chaos\/\",\"name\":\"L\u2019Attentat du Gala de la Presse : Melania Trump, l\u2019Ic\u00f4ne de Marbre face au Chaos - Bobea\",\"isPartOf\":{\"@id\":\"https:\/\/bobea.net\/#website\"},\"primaryImageOfPage\":{\"@id\":\"https:\/\/bobea.net\/index.php\/2026\/04\/26\/lattentat-du-gala-de-la-presse-melania-trump-licone-de-marbre-face-au-chaos\/#primaryimage\"},\"image\":{\"@id\":\"https:\/\/bobea.net\/index.php\/2026\/04\/26\/lattentat-du-gala-de-la-presse-melania-trump-licone-de-marbre-face-au-chaos\/#primaryimage\"},\"thumbnailUrl\":\"https:\/\/bobea.net\/wp-content\/uploads\/2026\/04\/SIPA_sipahub60139717_000006-1.jpg\",\"datePublished\":\"2026-04-26T06:44:12+00:00\",\"dateModified\":\"2026-04-26T06:44:13+00:00\",\"breadcrumb\":{\"@id\":\"https:\/\/bobea.net\/index.php\/2026\/04\/26\/lattentat-du-gala-de-la-presse-melania-trump-licone-de-marbre-face-au-chaos\/#breadcrumb\"},\"inLanguage\":\"fr-FR\",\"potentialAction\":[{\"@type\":\"ReadAction\",\"target\":[\"https:\/\/bobea.net\/index.php\/2026\/04\/26\/lattentat-du-gala-de-la-presse-melania-trump-licone-de-marbre-face-au-chaos\/\"]}]},{\"@type\":\"ImageObject\",\"inLanguage\":\"fr-FR\",\"@id\":\"https:\/\/bobea.net\/index.php\/2026\/04\/26\/lattentat-du-gala-de-la-presse-melania-trump-licone-de-marbre-face-au-chaos\/#primaryimage\",\"url\":\"https:\/\/bobea.net\/wp-content\/uploads\/2026\/04\/SIPA_sipahub60139717_000006-1.jpg\",\"contentUrl\":\"https:\/\/bobea.net\/wp-content\/uploads\/2026\/04\/SIPA_sipahub60139717_000006-1.jpg\",\"width\":1024,\"height\":683},{\"@type\":\"BreadcrumbList\",\"@id\":\"https:\/\/bobea.net\/index.php\/2026\/04\/26\/lattentat-du-gala-de-la-presse-melania-trump-licone-de-marbre-face-au-chaos\/#breadcrumb\",\"itemListElement\":[{\"@type\":\"ListItem\",\"position\":1,\"name\":\"Accueil\",\"item\":\"https:\/\/bobea.net\/\"},{\"@type\":\"ListItem\",\"position\":2,\"name\":\"L\u2019Attentat du Gala de la Presse : Melania Trump, l\u2019Ic\u00f4ne de Marbre face au Chaos\"}]},{\"@type\":\"WebSite\",\"@id\":\"https:\/\/bobea.net\/#website\",\"url\":\"https:\/\/bobea.net\/\",\"name\":\"Bobea\",\"description\":\"Le magazine de la nouvelle \u00c8ve\",\"publisher\":{\"@id\":\"https:\/\/bobea.net\/#organization\"},\"potentialAction\":[{\"@type\":\"SearchAction\",\"target\":{\"@type\":\"EntryPoint\",\"urlTemplate\":\"https:\/\/bobea.net\/?s={search_term_string}\"},\"query-input\":{\"@type\":\"PropertyValueSpecification\",\"valueRequired\":true,\"valueName\":\"search_term_string\"}}],\"inLanguage\":\"fr-FR\"},{\"@type\":\"Organization\",\"@id\":\"https:\/\/bobea.net\/#organization\",\"name\":\"Bobea\",\"url\":\"https:\/\/bobea.net\/\",\"logo\":{\"@type\":\"ImageObject\",\"inLanguage\":\"fr-FR\",\"@id\":\"https:\/\/bobea.net\/#\/schema\/logo\/image\/\",\"url\":\"https:\/\/bobea.net\/wp-content\/uploads\/2024\/06\/bobea.jpg\",\"contentUrl\":\"https:\/\/bobea.net\/wp-content\/uploads\/2024\/06\/bobea.jpg\",\"width\":1080,\"height\":1080,\"caption\":\"Bobea\"},\"image\":{\"@id\":\"https:\/\/bobea.net\/#\/schema\/logo\/image\/\"},\"sameAs\":[\"https:\/\/web.facebook.com\/profile.php?id=61559252188416\"]},{\"@type\":\"Person\",\"@id\":\"https:\/\/bobea.net\/#\/schema\/person\/e7f45ef187918d7c956bf619dce90ccf\",\"name\":\"bobea.info\",\"image\":{\"@type\":\"ImageObject\",\"inLanguage\":\"fr-FR\",\"@id\":\"https:\/\/bobea.net\/#\/schema\/person\/image\/\",\"url\":\"https:\/\/secure.gravatar.com\/avatar\/36147980349df887ae30808df3e29474?s=96&d=mm&r=g\",\"contentUrl\":\"https:\/\/secure.gravatar.com\/avatar\/36147980349df887ae30808df3e29474?s=96&d=mm&r=g\",\"caption\":\"bobea.info\"},\"sameAs\":[\"https:\/\/bobea.net\"],\"url\":\"https:\/\/bobea.net\/index.php\/author\/bobea-info\/\"}]}<\/script>\n<!-- \/ Yoast SEO plugin. -->","yoast_head_json":{"title":"L\u2019Attentat du Gala de la Presse : Melania Trump, l\u2019Ic\u00f4ne de Marbre face au Chaos - Bobea","robots":{"index":"index","follow":"follow","max-snippet":"max-snippet:-1","max-image-preview":"max-image-preview:large","max-video-preview":"max-video-preview:-1"},"canonical":"https:\/\/bobea.net\/index.php\/2026\/04\/26\/lattentat-du-gala-de-la-presse-melania-trump-licone-de-marbre-face-au-chaos\/","og_locale":"fr_FR","og_type":"article","og_title":"L\u2019Attentat du Gala de la Presse : Melania Trump, l\u2019Ic\u00f4ne de Marbre face au Chaos - Bobea","og_description":"Le faste du Gala de la Presse de Wash\u00ading\u00adton a bas\u00adcul\u00e9 dans l\u2019ef\u00adfroi ce same\u00addi soir. Alors que le gotha poli\u00adtique et m\u00e9di\u00ada\u00adtique c\u00e9l\u00e9brait le tra\u00addi\u00adtion\u00adnel d\u00een\u00ader annuel, la f\u00eate&hellip;","og_url":"https:\/\/bobea.net\/index.php\/2026\/04\/26\/lattentat-du-gala-de-la-presse-melania-trump-licone-de-marbre-face-au-chaos\/","og_site_name":"Bobea","article_publisher":"https:\/\/web.facebook.com\/profile.php?id=61559252188416","article_published_time":"2026-04-26T06:44:12+00:00","article_modified_time":"2026-04-26T06:44:13+00:00","og_image":[{"width":1024,"height":683,"url":"https:\/\/bobea.net\/wp-content\/uploads\/2026\/04\/SIPA_sipahub60139717_000006-1.jpg","type":"image\/jpeg"}],"author":"bobea.info","twitter_card":"summary_large_image","twitter_misc":{"\u00c9crit par":"bobea.info","Dur\u00e9e de lecture estim\u00e9e":"3 minutes"},"schema":{"@context":"https:\/\/schema.org","@graph":[{"@type":"Article","@id":"https:\/\/bobea.net\/index.php\/2026\/04\/26\/lattentat-du-gala-de-la-presse-melania-trump-licone-de-marbre-face-au-chaos\/#article","isPartOf":{"@id":"https:\/\/bobea.net\/index.php\/2026\/04\/26\/lattentat-du-gala-de-la-presse-melania-trump-licone-de-marbre-face-au-chaos\/"},"author":{"name":"bobea.info","@id":"https:\/\/bobea.net\/#\/schema\/person\/e7f45ef187918d7c956bf619dce90ccf"},"headline":"L\u2019Attentat du Gala de la Presse : Melania Trump, l\u2019Ic\u00f4ne de Marbre face au Chaos","datePublished":"2026-04-26T06:44:12+00:00","dateModified":"2026-04-26T06:44:13+00:00","mainEntityOfPage":{"@id":"https:\/\/bobea.net\/index.php\/2026\/04\/26\/lattentat-du-gala-de-la-presse-melania-trump-licone-de-marbre-face-au-chaos\/"},"wordCount":437,"commentCount":0,"publisher":{"@id":"https:\/\/bobea.net\/#organization"},"image":{"@id":"https:\/\/bobea.net\/index.php\/2026\/04\/26\/lattentat-du-gala-de-la-presse-melania-trump-licone-de-marbre-face-au-chaos\/#primaryimage"},"thumbnailUrl":"https:\/\/bobea.net\/wp-content\/uploads\/2026\/04\/SIPA_sipahub60139717_000006-1.jpg","articleSection":["Dreams People"],"inLanguage":"fr-FR","potentialAction":[{"@type":"CommentAction","name":"Comment","target":["https:\/\/bobea.net\/index.php\/2026\/04\/26\/lattentat-du-gala-de-la-presse-melania-trump-licone-de-marbre-face-au-chaos\/#respond"]}]},{"@type":"WebPage","@id":"https:\/\/bobea.net\/index.php\/2026\/04\/26\/lattentat-du-gala-de-la-presse-melania-trump-licone-de-marbre-face-au-chaos\/","url":"https:\/\/bobea.net\/index.php\/2026\/04\/26\/lattentat-du-gala-de-la-presse-melania-trump-licone-de-marbre-face-au-chaos\/","name":"L\u2019Attentat du Gala de la Presse : Melania Trump, l\u2019Ic\u00f4ne de Marbre face au Chaos - Bobea","isPartOf":{"@id":"https:\/\/bobea.net\/#website"},"primaryImageOfPage":{"@id":"https:\/\/bobea.net\/index.php\/2026\/04\/26\/lattentat-du-gala-de-la-presse-melania-trump-licone-de-marbre-face-au-chaos\/#primaryimage"},"image":{"@id":"https:\/\/bobea.net\/index.php\/2026\/04\/26\/lattentat-du-gala-de-la-presse-melania-trump-licone-de-marbre-face-au-chaos\/#primaryimage"},"thumbnailUrl":"https:\/\/bobea.net\/wp-content\/uploads\/2026\/04\/SIPA_sipahub60139717_000006-1.jpg","datePublished":"2026-04-26T06:44:12+00:00","dateModified":"2026-04-26T06:44:13+00:00","breadcrumb":{"@id":"https:\/\/bobea.net\/index.php\/2026\/04\/26\/lattentat-du-gala-de-la-presse-melania-trump-licone-de-marbre-face-au-chaos\/#breadcrumb"},"inLanguage":"fr-FR","potentialAction":[{"@type":"ReadAction","target":["https:\/\/bobea.net\/index.php\/2026\/04\/26\/lattentat-du-gala-de-la-presse-melania-trump-licone-de-marbre-face-au-chaos\/"]}]},{"@type":"ImageObject","inLanguage":"fr-FR","@id":"https:\/\/bobea.net\/index.php\/2026\/04\/26\/lattentat-du-gala-de-la-presse-melania-trump-licone-de-marbre-face-au-chaos\/#primaryimage","url":"https:\/\/bobea.net\/wp-content\/uploads\/2026\/04\/SIPA_sipahub60139717_000006-1.jpg","contentUrl":"https:\/\/bobea.net\/wp-content\/uploads\/2026\/04\/SIPA_sipahub60139717_000006-1.jpg","width":1024,"height":683},{"@type":"BreadcrumbList","@id":"https:\/\/bobea.net\/index.php\/2026\/04\/26\/lattentat-du-gala-de-la-presse-melania-trump-licone-de-marbre-face-au-chaos\/#breadcrumb","itemListElement":[{"@type":"ListItem","position":1,"name":"Accueil","item":"https:\/\/bobea.net\/"},{"@type":"ListItem","position":2,"name":"L\u2019Attentat du Gala de la Presse : Melania Trump, l\u2019Ic\u00f4ne de Marbre face au Chaos"}]},{"@type":"WebSite","@id":"https:\/\/bobea.net\/#website","url":"https:\/\/bobea.net\/","name":"Bobea","description":"Le magazine de la nouvelle \u00c8ve","publisher":{"@id":"https:\/\/bobea.net\/#organization"},"potentialAction":[{"@type":"SearchAction","target":{"@type":"EntryPoint","urlTemplate":"https:\/\/bobea.net\/?s={search_term_string}"},"query-input":{"@type":"PropertyValueSpecification","valueRequired":true,"valueName":"search_term_string"}}],"inLanguage":"fr-FR"},{"@type":"Organization","@id":"https:\/\/bobea.net\/#organization","name":"Bobea","url":"https:\/\/bobea.net\/","logo":{"@type":"ImageObject","inLanguage":"fr-FR","@id":"https:\/\/bobea.net\/#\/schema\/logo\/image\/","url":"https:\/\/bobea.net\/wp-content\/uploads\/2024\/06\/bobea.jpg","contentUrl":"https:\/\/bobea.net\/wp-content\/uploads\/2024\/06\/bobea.jpg","width":1080,"height":1080,"caption":"Bobea"},"image":{"@id":"https:\/\/bobea.net\/#\/schema\/logo\/image\/"},"sameAs":["https:\/\/web.facebook.com\/profile.php?id=61559252188416"]},{"@type":"Person","@id":"https:\/\/bobea.net\/#\/schema\/person\/e7f45ef187918d7c956bf619dce90ccf","name":"bobea.info","image":{"@type":"ImageObject","inLanguage":"fr-FR","@id":"https:\/\/bobea.net\/#\/schema\/person\/image\/","url":"https:\/\/secure.gravatar.com\/avatar\/36147980349df887ae30808df3e29474?s=96&d=mm&r=g","contentUrl":"https:\/\/secure.gravatar.com\/avatar\/36147980349df887ae30808df3e29474?s=96&d=mm&r=g","caption":"bobea.info"},"sameAs":["https:\/\/bobea.net"],"url":"https:\/\/bobea.net\/index.php\/author\/bobea-info\/"}]}},"_links":{"self":[{"href":"https:\/\/bobea.net\/index.php\/wp-json\/wp\/v2\/posts\/31786"}],"collection":[{"href":"https:\/\/bobea.net\/index.php\/wp-json\/wp\/v2\/posts"}],"about":[{"href":"https:\/\/bobea.net\/index.php\/wp-json\/wp\/v2\/types\/post"}],"author":[{"embeddable":true,"href":"https:\/\/bobea.net\/index.php\/wp-json\/wp\/v2\/users\/1"}],"replies":[{"embeddable":true,"href":"https:\/\/bobea.net\/index.php\/wp-json\/wp\/v2\/comments?post=31786"}],"version-history":[{"count":1,"href":"https:\/\/bobea.net\/index.php\/wp-json\/wp\/v2\/posts\/31786\/revisions"}],"predecessor-version":[{"id":31789,"href":"https:\/\/bobea.net\/index.php\/wp-json\/wp\/v2\/posts\/31786\/revisions\/31789"}],"wp:featuredmedia":[{"embeddable":true,"href":"https:\/\/bobea.net\/index.php\/wp-json\/wp\/v2\/media\/31787"}],"wp:attachment":[{"href":"https:\/\/bobea.net\/index.php\/wp-json\/wp\/v2\/media?parent=31786"}],"wp:term":[{"taxonomy":"category","embeddable":true,"href":"https:\/\/bobea.net\/index.php\/wp-json\/wp\/v2\/categories?post=31786"},{"taxonomy":"post_tag","embeddable":true,"href":"https:\/\/bobea.net\/index.php\/wp-json\/wp\/v2\/tags?post=31786"}],"curies":[{"name":"wp","href":"https:\/\/api.w.org\/{rel}","templated":true}]}}