{"id":30919,"date":"2026-03-13T23:04:40","date_gmt":"2026-03-13T23:04:40","guid":{"rendered":"https:\/\/bobea.net\/?p=30919"},"modified":"2026-03-13T23:04:41","modified_gmt":"2026-03-13T23:04:41","slug":"leclat-mondial-les-coulisses-de-la-creation-dou-vient-la-puissance-de-chanel-en-2026","status":"publish","type":"post","link":"https:\/\/bobea.net\/index.php\/2026\/03\/13\/leclat-mondial-les-coulisses-de-la-creation-dou-vient-la-puissance-de-chanel-en-2026\/","title":{"rendered":"L\u2019\u00c9clat Mondial \u2014 Les coulisses de la cr\u00e9ation : d\u2019o\u00f9 vient la puissance de Chanel en 2026 ?"},"content":{"rendered":"\n<p>Si Chanel demeure, en ce 13 mars 2026, l\u2019astre solaire autour duquel gravite la galax\u00adie du luxe, ce n\u2019est pas le fruit du hasard. C\u2019est le r\u00e9sul\u00adtat d\u2019une alchimie unique entre la pr\u00e9ser\u00adva\u00adtion farouche des <strong>m\u00e9tiers d\u2019art<\/strong> et une int\u00e9\u00adgra\u00adtion auda\u00adcieuse des tech\u00adnolo\u00adgies vertes. Voy\u00adage au c\u0153ur d\u2019un empire qui ne con\u00adna\u00eet pas la crise.<\/p>\n\n\n\n<p><strong>Le secret des Ate\u00adliers : La main et la machine<\/strong><\/p>\n\n\n\n<p>Le ray\u00adon\u00adnement de Chanel repose sur ses \u201cPetites Mains\u201d. En 2026, la mai\u00adson a r\u00e9us\u00adsi le pari d\u2019au\u00adtoma\u00adtis\u00ader les t\u00e2ch\u00ades r\u00e9p\u00e9ti\u00adtives pour lib\u00e9r\u00ader le temps des arti\u00adsans sur la cr\u00e9a\u00adtion pure. Dans les ate\u00adliers du 19M, on utilise d\u00e9sor\u00admais des scan\u00adners de pr\u00e9\u00adci\u00adsion pour ajuster les coupes au mil\u00adlim\u00e8tre pr\u00e8s, tout en con\u00adser\u00advant la broderie manuelle qui donne cette \u00e2me irrem\u00adpla\u00e7able \u00e0 chaque pi\u00e8ce.<\/p>\n\n\n\n<figure class=\"wp-block-image size-large\"><img loading=\"lazy\" decoding=\"async\" width=\"1024\" height=\"706\" src=\"https:\/\/bobea.net\/wp-content\/uploads\/2026\/03\/image-11-1024x706.png\" alt class=\"wp-image-30921\" srcset=\"https:\/\/bobea.net\/wp-content\/uploads\/2026\/03\/image-11-1024x706.png 1024w, https:\/\/bobea.net\/wp-content\/uploads\/2026\/03\/image-11-300x207.png 300w, https:\/\/bobea.net\/wp-content\/uploads\/2026\/03\/image-11-768x530.png 768w, https:\/\/bobea.net\/wp-content\/uploads\/2026\/03\/image-11.png 1231w\" sizes=\"(max-width: 1024px) 100vw, 1024px\"><\/figure>\n\n\n\n<p><strong>L\u2019In\u00adno\u00adva\u00adtion \u201cBio-Cou\u00adture\u201d<\/strong><\/p>\n\n\n\n<p>La puis\u00adsance de la mar\u00adque vient aus\u00adsi de sa capac\u00adit\u00e9 \u00e0 se r\u00e9in\u00adven\u00adter sans trahir son ADN. Chanel a investi mas\u00adsive\u00adment dans la recherche sur les fibres tex\u00adtiles issues de la cul\u00adture cir\u00adcu\u00adlaire. Le tweed de 2026 int\u00e8\u00adgre des fibres de soie r\u00e9g\u00e9n\u00e9r\u00e9e, offrant une l\u00e9g\u00e8ret\u00e9 et une res\u00adpirabil\u00adit\u00e9 in\u00e9dites, par\u00adfaite\u00adment adap\u00adt\u00e9es aux nou\u00adveaux cli\u00admats urbains.<\/p>\n\n\n\n<p><strong>Une strat\u00e9gie d\u2019ex\u00adclu\u00adsiv\u00adit\u00e9 mon\u00addi\u00adale<\/strong><\/p>\n\n\n\n<p>Alors que d\u2019autres mar\u00adques s\u2019\u00e9\u00adparpil\u00adlent, Chanel a resser\u00adr\u00e9 ses rangs. En lim\u00adi\u00adtant les points de vente et en mis\u00adant sur des exp\u00e9ri\u00adences client ultra-per\u00adson\u00adnal\u00adis\u00e9es (salons priv\u00e9s, essayages virtuels hap\u00adtiques), la mai\u00adson entre\u00adtient un d\u00e9sir con\u00adstant. Pos\u00ads\u00e9der du Chanel en 2026 n\u2019est pas seule\u00adment un signe de richesse, c\u2019est l\u2019appartenance \u00e0 une com\u00admu\u00adnaut\u00e9 qui val\u00adorise le temps long et l\u2019excellence.<\/p>\n","protected":false},"excerpt":{"rendered":"<p>Si Chanel demeure, en ce 13 mars 2026, l\u2019astre solaire autour duquel gravite la galax\u00adie du luxe, ce n\u2019est pas le fruit du hasard. C\u2019est le r\u00e9sul\u00adtat d\u2019une alchimie unique\u2026 <\/p>\n","protected":false},"author":1,"featured_media":30920,"comment_status":"open","ping_status":"closed","sticky":false,"template":"","format":"standard","meta":{"wp_typography_post_enhancements_disabled":false,"footnotes":""},"categories":[50],"tags":[7033,8911,22577,22579,22578,6229,13615,3919],"class_list":["post-30919","post","type-post","status-publish","format-standard","has-post-thumbnail","hentry","category-mode","tag-innovation-textile","tag-luxe-durable","tag-maison-chanel","tag-metiers-dart","tag-patrimoine-mode","tag-rayonnement-international","tag-savoir-faire-francais","tag-strategie-de-marque"],"yoast_head":"<!-- This site is optimized with the Yoast SEO plugin v24.7 - https:\/\/yoast.com\/wordpress\/plugins\/seo\/ -->\n<title>L\u2019\u00c9clat Mondial \u2014 Les coulisses de la cr\u00e9ation : d\u2019o\u00f9 vient la puissance de Chanel en 2026 ? - Bobea<\/title>\n<meta name=\"robots\" content=\"index, follow, max-snippet:-1, max-image-preview:large, max-video-preview:-1\" \/>\n<link rel=\"canonical\" href=\"https:\/\/bobea.net\/index.php\/2026\/03\/13\/leclat-mondial-les-coulisses-de-la-creation-dou-vient-la-puissance-de-chanel-en-2026\/\" \/>\n<meta property=\"og:locale\" content=\"fr_FR\" \/>\n<meta property=\"og:type\" content=\"article\" \/>\n<meta property=\"og:title\" content=\"L\u2019\u00c9clat Mondial \u2014 Les coulisses de la cr\u00e9ation : d\u2019o\u00f9 vient la puissance de Chanel en 2026 ? - Bobea\" \/>\n<meta property=\"og:description\" content=\"Si Chanel demeure, en ce 13 mars 2026, l\u2019astre solaire autour duquel gravite la galax\u00adie du luxe, ce n\u2019est pas le fruit du hasard. C\u2019est le r\u00e9sul\u00adtat d\u2019une alchimie unique&hellip;\" \/>\n<meta property=\"og:url\" content=\"https:\/\/bobea.net\/index.php\/2026\/03\/13\/leclat-mondial-les-coulisses-de-la-creation-dou-vient-la-puissance-de-chanel-en-2026\/\" \/>\n<meta property=\"og:site_name\" content=\"Bobea\" \/>\n<meta property=\"article:publisher\" content=\"https:\/\/web.facebook.com\/profile.php?id=61559252188416\" \/>\n<meta property=\"article:published_time\" content=\"2026-03-13T23:04:40+00:00\" \/>\n<meta property=\"article:modified_time\" content=\"2026-03-13T23:04:41+00:00\" \/>\n<meta property=\"og:image\" content=\"https:\/\/bobea.net\/wp-content\/uploads\/2026\/03\/Chanel_Cruise25_BACKSTAGE_ACIELLE_27-scaled.webp\" \/>\n\t<meta property=\"og:image:width\" content=\"2560\" \/>\n\t<meta property=\"og:image:height\" content=\"1920\" \/>\n\t<meta property=\"og:image:type\" content=\"image\/webp\" \/>\n<meta name=\"author\" content=\"bobea.info\" \/>\n<meta name=\"twitter:card\" content=\"summary_large_image\" \/>\n<meta name=\"twitter:label1\" content=\"\u00c9crit par\" \/>\n\t<meta name=\"twitter:data1\" content=\"bobea.info\" \/>\n\t<meta name=\"twitter:label2\" content=\"Dur\u00e9e de lecture estim\u00e9e\" \/>\n\t<meta name=\"twitter:data2\" content=\"2 minutes\" \/>\n<script type=\"application\/ld+json\" class=\"yoast-schema-graph\">{\"@context\":\"https:\/\/schema.org\",\"@graph\":[{\"@type\":\"Article\",\"@id\":\"https:\/\/bobea.net\/index.php\/2026\/03\/13\/leclat-mondial-les-coulisses-de-la-creation-dou-vient-la-puissance-de-chanel-en-2026\/#article\",\"isPartOf\":{\"@id\":\"https:\/\/bobea.net\/index.php\/2026\/03\/13\/leclat-mondial-les-coulisses-de-la-creation-dou-vient-la-puissance-de-chanel-en-2026\/\"},\"author\":{\"name\":\"bobea.info\",\"@id\":\"https:\/\/bobea.net\/#\/schema\/person\/e7f45ef187918d7c956bf619dce90ccf\"},\"headline\":\"L\u2019\u00c9clat Mondial \u2014 Les coulisses de la cr\u00e9ation : d\u2019o\u00f9 vient la puissance de Chanel en 2026 ?\",\"datePublished\":\"2026-03-13T23:04:40+00:00\",\"dateModified\":\"2026-03-13T23:04:41+00:00\",\"mainEntityOfPage\":{\"@id\":\"https:\/\/bobea.net\/index.php\/2026\/03\/13\/leclat-mondial-les-coulisses-de-la-creation-dou-vient-la-puissance-de-chanel-en-2026\/\"},\"wordCount\":307,\"commentCount\":0,\"publisher\":{\"@id\":\"https:\/\/bobea.net\/#organization\"},\"image\":{\"@id\":\"https:\/\/bobea.net\/index.php\/2026\/03\/13\/leclat-mondial-les-coulisses-de-la-creation-dou-vient-la-puissance-de-chanel-en-2026\/#primaryimage\"},\"thumbnailUrl\":\"https:\/\/bobea.net\/wp-content\/uploads\/2026\/03\/Chanel_Cruise25_BACKSTAGE_ACIELLE_27-scaled.webp\",\"keywords\":[\"innovation textile\",\"luxe durable\",\"Maison Chanel\",\"m\u00e9tiers d'art\",\"patrimoine mode\",\"rayonnement international\",\"savoir-faire fran\u00e7ais\",\"strat\u00e9gie de marque\"],\"articleSection\":[\"Mode\"],\"inLanguage\":\"fr-FR\",\"potentialAction\":[{\"@type\":\"CommentAction\",\"name\":\"Comment\",\"target\":[\"https:\/\/bobea.net\/index.php\/2026\/03\/13\/leclat-mondial-les-coulisses-de-la-creation-dou-vient-la-puissance-de-chanel-en-2026\/#respond\"]}]},{\"@type\":\"WebPage\",\"@id\":\"https:\/\/bobea.net\/index.php\/2026\/03\/13\/leclat-mondial-les-coulisses-de-la-creation-dou-vient-la-puissance-de-chanel-en-2026\/\",\"url\":\"https:\/\/bobea.net\/index.php\/2026\/03\/13\/leclat-mondial-les-coulisses-de-la-creation-dou-vient-la-puissance-de-chanel-en-2026\/\",\"name\":\"L\u2019\u00c9clat Mondial \u2014 Les coulisses de la cr\u00e9ation : d\u2019o\u00f9 vient la puissance de Chanel en 2026 ? - Bobea\",\"isPartOf\":{\"@id\":\"https:\/\/bobea.net\/#website\"},\"primaryImageOfPage\":{\"@id\":\"https:\/\/bobea.net\/index.php\/2026\/03\/13\/leclat-mondial-les-coulisses-de-la-creation-dou-vient-la-puissance-de-chanel-en-2026\/#primaryimage\"},\"image\":{\"@id\":\"https:\/\/bobea.net\/index.php\/2026\/03\/13\/leclat-mondial-les-coulisses-de-la-creation-dou-vient-la-puissance-de-chanel-en-2026\/#primaryimage\"},\"thumbnailUrl\":\"https:\/\/bobea.net\/wp-content\/uploads\/2026\/03\/Chanel_Cruise25_BACKSTAGE_ACIELLE_27-scaled.webp\",\"datePublished\":\"2026-03-13T23:04:40+00:00\",\"dateModified\":\"2026-03-13T23:04:41+00:00\",\"breadcrumb\":{\"@id\":\"https:\/\/bobea.net\/index.php\/2026\/03\/13\/leclat-mondial-les-coulisses-de-la-creation-dou-vient-la-puissance-de-chanel-en-2026\/#breadcrumb\"},\"inLanguage\":\"fr-FR\",\"potentialAction\":[{\"@type\":\"ReadAction\",\"target\":[\"https:\/\/bobea.net\/index.php\/2026\/03\/13\/leclat-mondial-les-coulisses-de-la-creation-dou-vient-la-puissance-de-chanel-en-2026\/\"]}]},{\"@type\":\"ImageObject\",\"inLanguage\":\"fr-FR\",\"@id\":\"https:\/\/bobea.net\/index.php\/2026\/03\/13\/leclat-mondial-les-coulisses-de-la-creation-dou-vient-la-puissance-de-chanel-en-2026\/#primaryimage\",\"url\":\"https:\/\/bobea.net\/wp-content\/uploads\/2026\/03\/Chanel_Cruise25_BACKSTAGE_ACIELLE_27-scaled.webp\",\"contentUrl\":\"https:\/\/bobea.net\/wp-content\/uploads\/2026\/03\/Chanel_Cruise25_BACKSTAGE_ACIELLE_27-scaled.webp\",\"width\":2560,\"height\":1920},{\"@type\":\"BreadcrumbList\",\"@id\":\"https:\/\/bobea.net\/index.php\/2026\/03\/13\/leclat-mondial-les-coulisses-de-la-creation-dou-vient-la-puissance-de-chanel-en-2026\/#breadcrumb\",\"itemListElement\":[{\"@type\":\"ListItem\",\"position\":1,\"name\":\"Accueil\",\"item\":\"https:\/\/bobea.net\/\"},{\"@type\":\"ListItem\",\"position\":2,\"name\":\"L\u2019\u00c9clat Mondial \u2014 Les coulisses de la cr\u00e9ation : d\u2019o\u00f9 vient la puissance de Chanel en 2026 ?\"}]},{\"@type\":\"WebSite\",\"@id\":\"https:\/\/bobea.net\/#website\",\"url\":\"https:\/\/bobea.net\/\",\"name\":\"Bobea\",\"description\":\"Le magazine de la nouvelle \u00c8ve\",\"publisher\":{\"@id\":\"https:\/\/bobea.net\/#organization\"},\"potentialAction\":[{\"@type\":\"SearchAction\",\"target\":{\"@type\":\"EntryPoint\",\"urlTemplate\":\"https:\/\/bobea.net\/?s={search_term_string}\"},\"query-input\":{\"@type\":\"PropertyValueSpecification\",\"valueRequired\":true,\"valueName\":\"search_term_string\"}}],\"inLanguage\":\"fr-FR\"},{\"@type\":\"Organization\",\"@id\":\"https:\/\/bobea.net\/#organization\",\"name\":\"Bobea\",\"url\":\"https:\/\/bobea.net\/\",\"logo\":{\"@type\":\"ImageObject\",\"inLanguage\":\"fr-FR\",\"@id\":\"https:\/\/bobea.net\/#\/schema\/logo\/image\/\",\"url\":\"https:\/\/bobea.net\/wp-content\/uploads\/2024\/06\/bobea.jpg\",\"contentUrl\":\"https:\/\/bobea.net\/wp-content\/uploads\/2024\/06\/bobea.jpg\",\"width\":1080,\"height\":1080,\"caption\":\"Bobea\"},\"image\":{\"@id\":\"https:\/\/bobea.net\/#\/schema\/logo\/image\/\"},\"sameAs\":[\"https:\/\/web.facebook.com\/profile.php?id=61559252188416\"]},{\"@type\":\"Person\",\"@id\":\"https:\/\/bobea.net\/#\/schema\/person\/e7f45ef187918d7c956bf619dce90ccf\",\"name\":\"bobea.info\",\"image\":{\"@type\":\"ImageObject\",\"inLanguage\":\"fr-FR\",\"@id\":\"https:\/\/bobea.net\/#\/schema\/person\/image\/\",\"url\":\"https:\/\/secure.gravatar.com\/avatar\/36147980349df887ae30808df3e29474?s=96&d=mm&r=g\",\"contentUrl\":\"https:\/\/secure.gravatar.com\/avatar\/36147980349df887ae30808df3e29474?s=96&d=mm&r=g\",\"caption\":\"bobea.info\"},\"sameAs\":[\"https:\/\/bobea.net\"],\"url\":\"https:\/\/bobea.net\/index.php\/author\/bobea-info\/\"}]}<\/script>\n<!-- \/ Yoast SEO plugin. -->","yoast_head_json":{"title":"L\u2019\u00c9clat Mondial \u2014 Les coulisses de la cr\u00e9ation : d\u2019o\u00f9 vient la puissance de Chanel en 2026 ? - Bobea","robots":{"index":"index","follow":"follow","max-snippet":"max-snippet:-1","max-image-preview":"max-image-preview:large","max-video-preview":"max-video-preview:-1"},"canonical":"https:\/\/bobea.net\/index.php\/2026\/03\/13\/leclat-mondial-les-coulisses-de-la-creation-dou-vient-la-puissance-de-chanel-en-2026\/","og_locale":"fr_FR","og_type":"article","og_title":"L\u2019\u00c9clat Mondial \u2014 Les coulisses de la cr\u00e9ation : d\u2019o\u00f9 vient la puissance de Chanel en 2026 ? - Bobea","og_description":"Si Chanel demeure, en ce 13 mars 2026, l\u2019astre solaire autour duquel gravite la galax\u00adie du luxe, ce n\u2019est pas le fruit du hasard. C\u2019est le r\u00e9sul\u00adtat d\u2019une alchimie unique&hellip;","og_url":"https:\/\/bobea.net\/index.php\/2026\/03\/13\/leclat-mondial-les-coulisses-de-la-creation-dou-vient-la-puissance-de-chanel-en-2026\/","og_site_name":"Bobea","article_publisher":"https:\/\/web.facebook.com\/profile.php?id=61559252188416","article_published_time":"2026-03-13T23:04:40+00:00","article_modified_time":"2026-03-13T23:04:41+00:00","og_image":[{"width":2560,"height":1920,"url":"https:\/\/bobea.net\/wp-content\/uploads\/2026\/03\/Chanel_Cruise25_BACKSTAGE_ACIELLE_27-scaled.webp","type":"image\/webp"}],"author":"bobea.info","twitter_card":"summary_large_image","twitter_misc":{"\u00c9crit par":"bobea.info","Dur\u00e9e de lecture estim\u00e9e":"2 minutes"},"schema":{"@context":"https:\/\/schema.org","@graph":[{"@type":"Article","@id":"https:\/\/bobea.net\/index.php\/2026\/03\/13\/leclat-mondial-les-coulisses-de-la-creation-dou-vient-la-puissance-de-chanel-en-2026\/#article","isPartOf":{"@id":"https:\/\/bobea.net\/index.php\/2026\/03\/13\/leclat-mondial-les-coulisses-de-la-creation-dou-vient-la-puissance-de-chanel-en-2026\/"},"author":{"name":"bobea.info","@id":"https:\/\/bobea.net\/#\/schema\/person\/e7f45ef187918d7c956bf619dce90ccf"},"headline":"L\u2019\u00c9clat Mondial \u2014 Les coulisses de la cr\u00e9ation : d\u2019o\u00f9 vient la puissance de Chanel en 2026 ?","datePublished":"2026-03-13T23:04:40+00:00","dateModified":"2026-03-13T23:04:41+00:00","mainEntityOfPage":{"@id":"https:\/\/bobea.net\/index.php\/2026\/03\/13\/leclat-mondial-les-coulisses-de-la-creation-dou-vient-la-puissance-de-chanel-en-2026\/"},"wordCount":307,"commentCount":0,"publisher":{"@id":"https:\/\/bobea.net\/#organization"},"image":{"@id":"https:\/\/bobea.net\/index.php\/2026\/03\/13\/leclat-mondial-les-coulisses-de-la-creation-dou-vient-la-puissance-de-chanel-en-2026\/#primaryimage"},"thumbnailUrl":"https:\/\/bobea.net\/wp-content\/uploads\/2026\/03\/Chanel_Cruise25_BACKSTAGE_ACIELLE_27-scaled.webp","keywords":["innovation textile","luxe durable","Maison Chanel","m\u00e9tiers d'art","patrimoine mode","rayonnement international","savoir-faire fran\u00e7ais","strat\u00e9gie de marque"],"articleSection":["Mode"],"inLanguage":"fr-FR","potentialAction":[{"@type":"CommentAction","name":"Comment","target":["https:\/\/bobea.net\/index.php\/2026\/03\/13\/leclat-mondial-les-coulisses-de-la-creation-dou-vient-la-puissance-de-chanel-en-2026\/#respond"]}]},{"@type":"WebPage","@id":"https:\/\/bobea.net\/index.php\/2026\/03\/13\/leclat-mondial-les-coulisses-de-la-creation-dou-vient-la-puissance-de-chanel-en-2026\/","url":"https:\/\/bobea.net\/index.php\/2026\/03\/13\/leclat-mondial-les-coulisses-de-la-creation-dou-vient-la-puissance-de-chanel-en-2026\/","name":"L\u2019\u00c9clat Mondial \u2014 Les coulisses de la cr\u00e9ation : d\u2019o\u00f9 vient la puissance de Chanel en 2026 ? - Bobea","isPartOf":{"@id":"https:\/\/bobea.net\/#website"},"primaryImageOfPage":{"@id":"https:\/\/bobea.net\/index.php\/2026\/03\/13\/leclat-mondial-les-coulisses-de-la-creation-dou-vient-la-puissance-de-chanel-en-2026\/#primaryimage"},"image":{"@id":"https:\/\/bobea.net\/index.php\/2026\/03\/13\/leclat-mondial-les-coulisses-de-la-creation-dou-vient-la-puissance-de-chanel-en-2026\/#primaryimage"},"thumbnailUrl":"https:\/\/bobea.net\/wp-content\/uploads\/2026\/03\/Chanel_Cruise25_BACKSTAGE_ACIELLE_27-scaled.webp","datePublished":"2026-03-13T23:04:40+00:00","dateModified":"2026-03-13T23:04:41+00:00","breadcrumb":{"@id":"https:\/\/bobea.net\/index.php\/2026\/03\/13\/leclat-mondial-les-coulisses-de-la-creation-dou-vient-la-puissance-de-chanel-en-2026\/#breadcrumb"},"inLanguage":"fr-FR","potentialAction":[{"@type":"ReadAction","target":["https:\/\/bobea.net\/index.php\/2026\/03\/13\/leclat-mondial-les-coulisses-de-la-creation-dou-vient-la-puissance-de-chanel-en-2026\/"]}]},{"@type":"ImageObject","inLanguage":"fr-FR","@id":"https:\/\/bobea.net\/index.php\/2026\/03\/13\/leclat-mondial-les-coulisses-de-la-creation-dou-vient-la-puissance-de-chanel-en-2026\/#primaryimage","url":"https:\/\/bobea.net\/wp-content\/uploads\/2026\/03\/Chanel_Cruise25_BACKSTAGE_ACIELLE_27-scaled.webp","contentUrl":"https:\/\/bobea.net\/wp-content\/uploads\/2026\/03\/Chanel_Cruise25_BACKSTAGE_ACIELLE_27-scaled.webp","width":2560,"height":1920},{"@type":"BreadcrumbList","@id":"https:\/\/bobea.net\/index.php\/2026\/03\/13\/leclat-mondial-les-coulisses-de-la-creation-dou-vient-la-puissance-de-chanel-en-2026\/#breadcrumb","itemListElement":[{"@type":"ListItem","position":1,"name":"Accueil","item":"https:\/\/bobea.net\/"},{"@type":"ListItem","position":2,"name":"L\u2019\u00c9clat Mondial \u2014 Les coulisses de la cr\u00e9ation : d\u2019o\u00f9 vient la puissance de Chanel en 2026 ?"}]},{"@type":"WebSite","@id":"https:\/\/bobea.net\/#website","url":"https:\/\/bobea.net\/","name":"Bobea","description":"Le magazine de la nouvelle \u00c8ve","publisher":{"@id":"https:\/\/bobea.net\/#organization"},"potentialAction":[{"@type":"SearchAction","target":{"@type":"EntryPoint","urlTemplate":"https:\/\/bobea.net\/?s={search_term_string}"},"query-input":{"@type":"PropertyValueSpecification","valueRequired":true,"valueName":"search_term_string"}}],"inLanguage":"fr-FR"},{"@type":"Organization","@id":"https:\/\/bobea.net\/#organization","name":"Bobea","url":"https:\/\/bobea.net\/","logo":{"@type":"ImageObject","inLanguage":"fr-FR","@id":"https:\/\/bobea.net\/#\/schema\/logo\/image\/","url":"https:\/\/bobea.net\/wp-content\/uploads\/2024\/06\/bobea.jpg","contentUrl":"https:\/\/bobea.net\/wp-content\/uploads\/2024\/06\/bobea.jpg","width":1080,"height":1080,"caption":"Bobea"},"image":{"@id":"https:\/\/bobea.net\/#\/schema\/logo\/image\/"},"sameAs":["https:\/\/web.facebook.com\/profile.php?id=61559252188416"]},{"@type":"Person","@id":"https:\/\/bobea.net\/#\/schema\/person\/e7f45ef187918d7c956bf619dce90ccf","name":"bobea.info","image":{"@type":"ImageObject","inLanguage":"fr-FR","@id":"https:\/\/bobea.net\/#\/schema\/person\/image\/","url":"https:\/\/secure.gravatar.com\/avatar\/36147980349df887ae30808df3e29474?s=96&d=mm&r=g","contentUrl":"https:\/\/secure.gravatar.com\/avatar\/36147980349df887ae30808df3e29474?s=96&d=mm&r=g","caption":"bobea.info"},"sameAs":["https:\/\/bobea.net"],"url":"https:\/\/bobea.net\/index.php\/author\/bobea-info\/"}]}},"_links":{"self":[{"href":"https:\/\/bobea.net\/index.php\/wp-json\/wp\/v2\/posts\/30919"}],"collection":[{"href":"https:\/\/bobea.net\/index.php\/wp-json\/wp\/v2\/posts"}],"about":[{"href":"https:\/\/bobea.net\/index.php\/wp-json\/wp\/v2\/types\/post"}],"author":[{"embeddable":true,"href":"https:\/\/bobea.net\/index.php\/wp-json\/wp\/v2\/users\/1"}],"replies":[{"embeddable":true,"href":"https:\/\/bobea.net\/index.php\/wp-json\/wp\/v2\/comments?post=30919"}],"version-history":[{"count":1,"href":"https:\/\/bobea.net\/index.php\/wp-json\/wp\/v2\/posts\/30919\/revisions"}],"predecessor-version":[{"id":30922,"href":"https:\/\/bobea.net\/index.php\/wp-json\/wp\/v2\/posts\/30919\/revisions\/30922"}],"wp:featuredmedia":[{"embeddable":true,"href":"https:\/\/bobea.net\/index.php\/wp-json\/wp\/v2\/media\/30920"}],"wp:attachment":[{"href":"https:\/\/bobea.net\/index.php\/wp-json\/wp\/v2\/media?parent=30919"}],"wp:term":[{"taxonomy":"category","embeddable":true,"href":"https:\/\/bobea.net\/index.php\/wp-json\/wp\/v2\/categories?post=30919"},{"taxonomy":"post_tag","embeddable":true,"href":"https:\/\/bobea.net\/index.php\/wp-json\/wp\/v2\/tags?post=30919"}],"curies":[{"name":"wp","href":"https:\/\/api.w.org\/{rel}","templated":true}]}}