{"id":30911,"date":"2026-03-13T22:58:25","date_gmt":"2026-03-13T22:58:25","guid":{"rendered":"https:\/\/bobea.net\/?p=30911"},"modified":"2026-03-13T22:58:27","modified_gmt":"2026-03-13T22:58:27","slug":"saga-chanel-isabelle-la-nouvelle-egerie-qui-reincarne-la-legende","status":"publish","type":"post","link":"https:\/\/bobea.net\/index.php\/2026\/03\/13\/saga-chanel-isabelle-la-nouvelle-egerie-qui-reincarne-la-legende\/","title":{"rendered":"Saga Chanel \u2014 Isabelle, la nouvelle \u00e9g\u00e9rie qui r\u00e9incarne la l\u00e9gende"},"content":{"rendered":"\n<p>Le monde de la mode a retenu son souf\u00adfle ce matin lors de la r\u00e9v\u00e9la\u00adtion offi\u00adcielle : <strong>Isabelle<\/strong> est le nou\u00adveau vis\u00adage de Chanel. Mais qui est cette jeune femme qui sem\u00adble porter sur ses \u00e9paules tout l\u2019h\u00e9ritage de Gabrielle ? Plus qu\u2019un sim\u00adple man\u00adnequin, elle incar\u00adne cette \u201callure\u201d que Coco elle-m\u00eame d\u00e9finis\u00adsait comme l\u2019essence de la lib\u00adert\u00e9 f\u00e9mi\u00adnine.<\/p>\n\n\n\n<p><strong>La ren\u00adcon\u00adtre de deux \u00e9po\u00adques<\/strong><\/p>\n\n\n\n<p>Isabelle ne se con\u00adtente pas de pos\u00ader ; elle habite le v\u00eate\u00adment. Avec son regard franc et sa sil\u00adhou\u00adette qui rap\u00adpelle les pre\u00admi\u00e8res gar\u00e7onnes des ann\u00e9es 20, elle cr\u00e9e un pont entre les archives de la mai\u00adson et les aspi\u00adra\u00adtions de la femme de 2026. Pour ce num\u00e9ro de <strong>BOBEA<\/strong>, nos experts d\u00e9cryptent ce choix strat\u00e9gique : Chanel ne cherche plus la c\u00e9l\u00e9brit\u00e9 \u00e9ph\u00e9m\u00e8re du r\u00e9seau social, mais la pro\u00adfondeur d\u2019une per\u00adson\u00adnal\u00adit\u00e9 capa\u00adble de tra\u00advers\u00ader les d\u00e9cen\u00adnies.<\/p>\n\n\n\n<figure class=\"wp-block-image size-large\"><img loading=\"lazy\" decoding=\"async\" width=\"1024\" height=\"538\" src=\"https:\/\/bobea.net\/wp-content\/uploads\/2026\/03\/photo-1751306937-1024x538.jpg\" alt class=\"wp-image-30913\" srcset=\"https:\/\/bobea.net\/wp-content\/uploads\/2026\/03\/photo-1751306937-1024x538.jpg 1024w, https:\/\/bobea.net\/wp-content\/uploads\/2026\/03\/photo-1751306937-300x158.jpg 300w, https:\/\/bobea.net\/wp-content\/uploads\/2026\/03\/photo-1751306937-768x403.jpg 768w, https:\/\/bobea.net\/wp-content\/uploads\/2026\/03\/photo-1751306937.jpg 1200w\" sizes=\"(max-width: 1024px) 100vw, 1024px\"><\/figure>\n\n\n\n<p><strong>L\u2019in\u00adcar\u00adna\u00adtion du nou\u00adveau \u201cChic Rad\u00adi\u00adcal\u201d<\/strong><\/p>\n\n\n\n<p>Dans la cam\u00adpagne shoot\u00e9e sous la lumi\u00e8re crue du Sud, Isabelle redonne vie au tailleur en tweed.<\/p>\n\n\n\n<ul class=\"wp-block-list\">\n<li><strong>Le d\u00e9tail qui change tout :<\/strong> Le port du cam\u00e9lia, non plus en broche, mais int\u00e9\u00adgr\u00e9 directe\u00adment dans la struc\u00adture des bou\u00adtons en impres\u00adsion 3D bio-sour\u00adc\u00e9e.<\/li>\n\n\n\n<li><strong>L\u2019at\u00adti\u00adtude :<\/strong> Un m\u00e9lange de non\u00adcha\u00adlance aris\u00adto\u00adcra\u00adtique et d\u2019en\u00adgage\u00adment mod\u00aderne. Isabelle est l\u2019\u00e9g\u00e9rie d\u2019une \u00e9poque qui refuse de choisir entre l\u2019\u00e9l\u00e9\u00adgance et l\u2019\u00e9thique. Elle prou\u00adve que le luxe, chez Chanel, reste avant tout une ques\u00adtion de pos\u00adture et de car\u00adac\u00adt\u00e8re.<\/li>\n<\/ul>\n","protected":false},"excerpt":{"rendered":"<p>Le monde de la mode a retenu son souf\u00adfle ce matin lors de la r\u00e9v\u00e9la\u00adtion offi\u00adcielle : Isabelle est le nou\u00adveau vis\u00adage de Chanel. Mais qui est cette jeune femme\u2026 <\/p>\n","protected":false},"author":1,"featured_media":30912,"comment_status":"open","ping_status":"closed","sticky":false,"template":"","format":"standard","meta":{"wp_typography_post_enhancements_disabled":false,"footnotes":""},"categories":[55],"tags":[22572,22568,22571,1045,17628,22569,22570,22573],"class_list":["post-30911","post","type-post","status-publish","format-standard","has-post-thumbnail","hentry","category-culture","tag-adn-chanel","tag-chanel-2026","tag-egerie-mode","tag-haute-couture","tag-heritage-coco-chanel","tag-isabelle-egerie","tag-luxe-intemporel","tag-nouvelle-collection"],"yoast_head":"<!-- This site is optimized with the Yoast SEO plugin v24.7 - https:\/\/yoast.com\/wordpress\/plugins\/seo\/ -->\n<title>Saga Chanel \u2014 Isabelle, la nouvelle \u00e9g\u00e9rie qui r\u00e9incarne la l\u00e9gende - Bobea<\/title>\n<meta name=\"robots\" content=\"index, follow, max-snippet:-1, max-image-preview:large, max-video-preview:-1\" \/>\n<link rel=\"canonical\" href=\"https:\/\/bobea.net\/index.php\/2026\/03\/13\/saga-chanel-isabelle-la-nouvelle-egerie-qui-reincarne-la-legende\/\" \/>\n<meta property=\"og:locale\" content=\"fr_FR\" \/>\n<meta property=\"og:type\" content=\"article\" \/>\n<meta property=\"og:title\" content=\"Saga Chanel \u2014 Isabelle, la nouvelle \u00e9g\u00e9rie qui r\u00e9incarne la l\u00e9gende - Bobea\" \/>\n<meta property=\"og:description\" content=\"Le monde de la mode a retenu son souf\u00adfle ce matin lors de la r\u00e9v\u00e9la\u00adtion offi\u00adcielle : Isabelle est le nou\u00adveau vis\u00adage de Chanel. Mais qui est cette jeune femme&hellip;\" \/>\n<meta property=\"og:url\" content=\"https:\/\/bobea.net\/index.php\/2026\/03\/13\/saga-chanel-isabelle-la-nouvelle-egerie-qui-reincarne-la-legende\/\" \/>\n<meta property=\"og:site_name\" content=\"Bobea\" \/>\n<meta property=\"article:publisher\" content=\"https:\/\/web.facebook.com\/profile.php?id=61559252188416\" \/>\n<meta property=\"article:published_time\" content=\"2026-03-13T22:58:25+00:00\" \/>\n<meta property=\"article:modified_time\" content=\"2026-03-13T22:58:27+00:00\" \/>\n<meta property=\"og:image\" content=\"https:\/\/bobea.net\/wp-content\/uploads\/2026\/03\/Isabelle-Adjani-nommee-nouvelle-egerie-L-Oreal-Paris-4.webp\" \/>\n\t<meta property=\"og:image:width\" content=\"800\" \/>\n\t<meta property=\"og:image:height\" content=\"594\" \/>\n\t<meta property=\"og:image:type\" content=\"image\/webp\" \/>\n<meta name=\"author\" content=\"bobea.info\" \/>\n<meta name=\"twitter:card\" content=\"summary_large_image\" \/>\n<meta name=\"twitter:label1\" content=\"\u00c9crit par\" \/>\n\t<meta name=\"twitter:data1\" content=\"bobea.info\" \/>\n\t<meta name=\"twitter:label2\" content=\"Dur\u00e9e de lecture estim\u00e9e\" \/>\n\t<meta name=\"twitter:data2\" content=\"2 minutes\" \/>\n<script type=\"application\/ld+json\" class=\"yoast-schema-graph\">{\"@context\":\"https:\/\/schema.org\",\"@graph\":[{\"@type\":\"Article\",\"@id\":\"https:\/\/bobea.net\/index.php\/2026\/03\/13\/saga-chanel-isabelle-la-nouvelle-egerie-qui-reincarne-la-legende\/#article\",\"isPartOf\":{\"@id\":\"https:\/\/bobea.net\/index.php\/2026\/03\/13\/saga-chanel-isabelle-la-nouvelle-egerie-qui-reincarne-la-legende\/\"},\"author\":{\"name\":\"bobea.info\",\"@id\":\"https:\/\/bobea.net\/#\/schema\/person\/e7f45ef187918d7c956bf619dce90ccf\"},\"headline\":\"Saga Chanel \u2014 Isabelle, la nouvelle \u00e9g\u00e9rie qui r\u00e9incarne la l\u00e9gende\",\"datePublished\":\"2026-03-13T22:58:25+00:00\",\"dateModified\":\"2026-03-13T22:58:27+00:00\",\"mainEntityOfPage\":{\"@id\":\"https:\/\/bobea.net\/index.php\/2026\/03\/13\/saga-chanel-isabelle-la-nouvelle-egerie-qui-reincarne-la-legende\/\"},\"wordCount\":275,\"commentCount\":0,\"publisher\":{\"@id\":\"https:\/\/bobea.net\/#organization\"},\"image\":{\"@id\":\"https:\/\/bobea.net\/index.php\/2026\/03\/13\/saga-chanel-isabelle-la-nouvelle-egerie-qui-reincarne-la-legende\/#primaryimage\"},\"thumbnailUrl\":\"https:\/\/bobea.net\/wp-content\/uploads\/2026\/03\/Isabelle-Adjani-nommee-nouvelle-egerie-L-Oreal-Paris-4.webp\",\"keywords\":[\"ADN Chanel\",\"Chanel 2026\",\"\u00e9g\u00e9rie mode\",\"haute couture\",\"h\u00e9ritage Coco Chanel\",\"Isabelle \u00e9g\u00e9rie\",\"luxe intemporel\",\"nouvelle collection.\"],\"articleSection\":[\"Culture\"],\"inLanguage\":\"fr-FR\",\"potentialAction\":[{\"@type\":\"CommentAction\",\"name\":\"Comment\",\"target\":[\"https:\/\/bobea.net\/index.php\/2026\/03\/13\/saga-chanel-isabelle-la-nouvelle-egerie-qui-reincarne-la-legende\/#respond\"]}]},{\"@type\":\"WebPage\",\"@id\":\"https:\/\/bobea.net\/index.php\/2026\/03\/13\/saga-chanel-isabelle-la-nouvelle-egerie-qui-reincarne-la-legende\/\",\"url\":\"https:\/\/bobea.net\/index.php\/2026\/03\/13\/saga-chanel-isabelle-la-nouvelle-egerie-qui-reincarne-la-legende\/\",\"name\":\"Saga Chanel \u2014 Isabelle, la nouvelle \u00e9g\u00e9rie qui r\u00e9incarne la l\u00e9gende - Bobea\",\"isPartOf\":{\"@id\":\"https:\/\/bobea.net\/#website\"},\"primaryImageOfPage\":{\"@id\":\"https:\/\/bobea.net\/index.php\/2026\/03\/13\/saga-chanel-isabelle-la-nouvelle-egerie-qui-reincarne-la-legende\/#primaryimage\"},\"image\":{\"@id\":\"https:\/\/bobea.net\/index.php\/2026\/03\/13\/saga-chanel-isabelle-la-nouvelle-egerie-qui-reincarne-la-legende\/#primaryimage\"},\"thumbnailUrl\":\"https:\/\/bobea.net\/wp-content\/uploads\/2026\/03\/Isabelle-Adjani-nommee-nouvelle-egerie-L-Oreal-Paris-4.webp\",\"datePublished\":\"2026-03-13T22:58:25+00:00\",\"dateModified\":\"2026-03-13T22:58:27+00:00\",\"breadcrumb\":{\"@id\":\"https:\/\/bobea.net\/index.php\/2026\/03\/13\/saga-chanel-isabelle-la-nouvelle-egerie-qui-reincarne-la-legende\/#breadcrumb\"},\"inLanguage\":\"fr-FR\",\"potentialAction\":[{\"@type\":\"ReadAction\",\"target\":[\"https:\/\/bobea.net\/index.php\/2026\/03\/13\/saga-chanel-isabelle-la-nouvelle-egerie-qui-reincarne-la-legende\/\"]}]},{\"@type\":\"ImageObject\",\"inLanguage\":\"fr-FR\",\"@id\":\"https:\/\/bobea.net\/index.php\/2026\/03\/13\/saga-chanel-isabelle-la-nouvelle-egerie-qui-reincarne-la-legende\/#primaryimage\",\"url\":\"https:\/\/bobea.net\/wp-content\/uploads\/2026\/03\/Isabelle-Adjani-nommee-nouvelle-egerie-L-Oreal-Paris-4.webp\",\"contentUrl\":\"https:\/\/bobea.net\/wp-content\/uploads\/2026\/03\/Isabelle-Adjani-nommee-nouvelle-egerie-L-Oreal-Paris-4.webp\",\"width\":800,\"height\":594},{\"@type\":\"BreadcrumbList\",\"@id\":\"https:\/\/bobea.net\/index.php\/2026\/03\/13\/saga-chanel-isabelle-la-nouvelle-egerie-qui-reincarne-la-legende\/#breadcrumb\",\"itemListElement\":[{\"@type\":\"ListItem\",\"position\":1,\"name\":\"Accueil\",\"item\":\"https:\/\/bobea.net\/\"},{\"@type\":\"ListItem\",\"position\":2,\"name\":\"Saga Chanel \u2014 Isabelle, la nouvelle \u00e9g\u00e9rie qui r\u00e9incarne la l\u00e9gende\"}]},{\"@type\":\"WebSite\",\"@id\":\"https:\/\/bobea.net\/#website\",\"url\":\"https:\/\/bobea.net\/\",\"name\":\"Bobea\",\"description\":\"Le magazine de la nouvelle \u00c8ve\",\"publisher\":{\"@id\":\"https:\/\/bobea.net\/#organization\"},\"potentialAction\":[{\"@type\":\"SearchAction\",\"target\":{\"@type\":\"EntryPoint\",\"urlTemplate\":\"https:\/\/bobea.net\/?s={search_term_string}\"},\"query-input\":{\"@type\":\"PropertyValueSpecification\",\"valueRequired\":true,\"valueName\":\"search_term_string\"}}],\"inLanguage\":\"fr-FR\"},{\"@type\":\"Organization\",\"@id\":\"https:\/\/bobea.net\/#organization\",\"name\":\"Bobea\",\"url\":\"https:\/\/bobea.net\/\",\"logo\":{\"@type\":\"ImageObject\",\"inLanguage\":\"fr-FR\",\"@id\":\"https:\/\/bobea.net\/#\/schema\/logo\/image\/\",\"url\":\"https:\/\/bobea.net\/wp-content\/uploads\/2024\/06\/bobea.jpg\",\"contentUrl\":\"https:\/\/bobea.net\/wp-content\/uploads\/2024\/06\/bobea.jpg\",\"width\":1080,\"height\":1080,\"caption\":\"Bobea\"},\"image\":{\"@id\":\"https:\/\/bobea.net\/#\/schema\/logo\/image\/\"},\"sameAs\":[\"https:\/\/web.facebook.com\/profile.php?id=61559252188416\"]},{\"@type\":\"Person\",\"@id\":\"https:\/\/bobea.net\/#\/schema\/person\/e7f45ef187918d7c956bf619dce90ccf\",\"name\":\"bobea.info\",\"image\":{\"@type\":\"ImageObject\",\"inLanguage\":\"fr-FR\",\"@id\":\"https:\/\/bobea.net\/#\/schema\/person\/image\/\",\"url\":\"https:\/\/secure.gravatar.com\/avatar\/36147980349df887ae30808df3e29474?s=96&d=mm&r=g\",\"contentUrl\":\"https:\/\/secure.gravatar.com\/avatar\/36147980349df887ae30808df3e29474?s=96&d=mm&r=g\",\"caption\":\"bobea.info\"},\"sameAs\":[\"https:\/\/bobea.net\"],\"url\":\"https:\/\/bobea.net\/index.php\/author\/bobea-info\/\"}]}<\/script>\n<!-- \/ Yoast SEO plugin. -->","yoast_head_json":{"title":"Saga Chanel \u2014 Isabelle, la nouvelle \u00e9g\u00e9rie qui r\u00e9incarne la l\u00e9gende - Bobea","robots":{"index":"index","follow":"follow","max-snippet":"max-snippet:-1","max-image-preview":"max-image-preview:large","max-video-preview":"max-video-preview:-1"},"canonical":"https:\/\/bobea.net\/index.php\/2026\/03\/13\/saga-chanel-isabelle-la-nouvelle-egerie-qui-reincarne-la-legende\/","og_locale":"fr_FR","og_type":"article","og_title":"Saga Chanel \u2014 Isabelle, la nouvelle \u00e9g\u00e9rie qui r\u00e9incarne la l\u00e9gende - Bobea","og_description":"Le monde de la mode a retenu son souf\u00adfle ce matin lors de la r\u00e9v\u00e9la\u00adtion offi\u00adcielle : Isabelle est le nou\u00adveau vis\u00adage de Chanel. Mais qui est cette jeune femme&hellip;","og_url":"https:\/\/bobea.net\/index.php\/2026\/03\/13\/saga-chanel-isabelle-la-nouvelle-egerie-qui-reincarne-la-legende\/","og_site_name":"Bobea","article_publisher":"https:\/\/web.facebook.com\/profile.php?id=61559252188416","article_published_time":"2026-03-13T22:58:25+00:00","article_modified_time":"2026-03-13T22:58:27+00:00","og_image":[{"width":800,"height":594,"url":"https:\/\/bobea.net\/wp-content\/uploads\/2026\/03\/Isabelle-Adjani-nommee-nouvelle-egerie-L-Oreal-Paris-4.webp","type":"image\/webp"}],"author":"bobea.info","twitter_card":"summary_large_image","twitter_misc":{"\u00c9crit par":"bobea.info","Dur\u00e9e de lecture estim\u00e9e":"2 minutes"},"schema":{"@context":"https:\/\/schema.org","@graph":[{"@type":"Article","@id":"https:\/\/bobea.net\/index.php\/2026\/03\/13\/saga-chanel-isabelle-la-nouvelle-egerie-qui-reincarne-la-legende\/#article","isPartOf":{"@id":"https:\/\/bobea.net\/index.php\/2026\/03\/13\/saga-chanel-isabelle-la-nouvelle-egerie-qui-reincarne-la-legende\/"},"author":{"name":"bobea.info","@id":"https:\/\/bobea.net\/#\/schema\/person\/e7f45ef187918d7c956bf619dce90ccf"},"headline":"Saga Chanel \u2014 Isabelle, la nouvelle \u00e9g\u00e9rie qui r\u00e9incarne la l\u00e9gende","datePublished":"2026-03-13T22:58:25+00:00","dateModified":"2026-03-13T22:58:27+00:00","mainEntityOfPage":{"@id":"https:\/\/bobea.net\/index.php\/2026\/03\/13\/saga-chanel-isabelle-la-nouvelle-egerie-qui-reincarne-la-legende\/"},"wordCount":275,"commentCount":0,"publisher":{"@id":"https:\/\/bobea.net\/#organization"},"image":{"@id":"https:\/\/bobea.net\/index.php\/2026\/03\/13\/saga-chanel-isabelle-la-nouvelle-egerie-qui-reincarne-la-legende\/#primaryimage"},"thumbnailUrl":"https:\/\/bobea.net\/wp-content\/uploads\/2026\/03\/Isabelle-Adjani-nommee-nouvelle-egerie-L-Oreal-Paris-4.webp","keywords":["ADN Chanel","Chanel 2026","\u00e9g\u00e9rie mode","haute couture","h\u00e9ritage Coco Chanel","Isabelle \u00e9g\u00e9rie","luxe intemporel","nouvelle collection."],"articleSection":["Culture"],"inLanguage":"fr-FR","potentialAction":[{"@type":"CommentAction","name":"Comment","target":["https:\/\/bobea.net\/index.php\/2026\/03\/13\/saga-chanel-isabelle-la-nouvelle-egerie-qui-reincarne-la-legende\/#respond"]}]},{"@type":"WebPage","@id":"https:\/\/bobea.net\/index.php\/2026\/03\/13\/saga-chanel-isabelle-la-nouvelle-egerie-qui-reincarne-la-legende\/","url":"https:\/\/bobea.net\/index.php\/2026\/03\/13\/saga-chanel-isabelle-la-nouvelle-egerie-qui-reincarne-la-legende\/","name":"Saga Chanel \u2014 Isabelle, la nouvelle \u00e9g\u00e9rie qui r\u00e9incarne la l\u00e9gende - Bobea","isPartOf":{"@id":"https:\/\/bobea.net\/#website"},"primaryImageOfPage":{"@id":"https:\/\/bobea.net\/index.php\/2026\/03\/13\/saga-chanel-isabelle-la-nouvelle-egerie-qui-reincarne-la-legende\/#primaryimage"},"image":{"@id":"https:\/\/bobea.net\/index.php\/2026\/03\/13\/saga-chanel-isabelle-la-nouvelle-egerie-qui-reincarne-la-legende\/#primaryimage"},"thumbnailUrl":"https:\/\/bobea.net\/wp-content\/uploads\/2026\/03\/Isabelle-Adjani-nommee-nouvelle-egerie-L-Oreal-Paris-4.webp","datePublished":"2026-03-13T22:58:25+00:00","dateModified":"2026-03-13T22:58:27+00:00","breadcrumb":{"@id":"https:\/\/bobea.net\/index.php\/2026\/03\/13\/saga-chanel-isabelle-la-nouvelle-egerie-qui-reincarne-la-legende\/#breadcrumb"},"inLanguage":"fr-FR","potentialAction":[{"@type":"ReadAction","target":["https:\/\/bobea.net\/index.php\/2026\/03\/13\/saga-chanel-isabelle-la-nouvelle-egerie-qui-reincarne-la-legende\/"]}]},{"@type":"ImageObject","inLanguage":"fr-FR","@id":"https:\/\/bobea.net\/index.php\/2026\/03\/13\/saga-chanel-isabelle-la-nouvelle-egerie-qui-reincarne-la-legende\/#primaryimage","url":"https:\/\/bobea.net\/wp-content\/uploads\/2026\/03\/Isabelle-Adjani-nommee-nouvelle-egerie-L-Oreal-Paris-4.webp","contentUrl":"https:\/\/bobea.net\/wp-content\/uploads\/2026\/03\/Isabelle-Adjani-nommee-nouvelle-egerie-L-Oreal-Paris-4.webp","width":800,"height":594},{"@type":"BreadcrumbList","@id":"https:\/\/bobea.net\/index.php\/2026\/03\/13\/saga-chanel-isabelle-la-nouvelle-egerie-qui-reincarne-la-legende\/#breadcrumb","itemListElement":[{"@type":"ListItem","position":1,"name":"Accueil","item":"https:\/\/bobea.net\/"},{"@type":"ListItem","position":2,"name":"Saga Chanel \u2014 Isabelle, la nouvelle \u00e9g\u00e9rie qui r\u00e9incarne la l\u00e9gende"}]},{"@type":"WebSite","@id":"https:\/\/bobea.net\/#website","url":"https:\/\/bobea.net\/","name":"Bobea","description":"Le magazine de la nouvelle \u00c8ve","publisher":{"@id":"https:\/\/bobea.net\/#organization"},"potentialAction":[{"@type":"SearchAction","target":{"@type":"EntryPoint","urlTemplate":"https:\/\/bobea.net\/?s={search_term_string}"},"query-input":{"@type":"PropertyValueSpecification","valueRequired":true,"valueName":"search_term_string"}}],"inLanguage":"fr-FR"},{"@type":"Organization","@id":"https:\/\/bobea.net\/#organization","name":"Bobea","url":"https:\/\/bobea.net\/","logo":{"@type":"ImageObject","inLanguage":"fr-FR","@id":"https:\/\/bobea.net\/#\/schema\/logo\/image\/","url":"https:\/\/bobea.net\/wp-content\/uploads\/2024\/06\/bobea.jpg","contentUrl":"https:\/\/bobea.net\/wp-content\/uploads\/2024\/06\/bobea.jpg","width":1080,"height":1080,"caption":"Bobea"},"image":{"@id":"https:\/\/bobea.net\/#\/schema\/logo\/image\/"},"sameAs":["https:\/\/web.facebook.com\/profile.php?id=61559252188416"]},{"@type":"Person","@id":"https:\/\/bobea.net\/#\/schema\/person\/e7f45ef187918d7c956bf619dce90ccf","name":"bobea.info","image":{"@type":"ImageObject","inLanguage":"fr-FR","@id":"https:\/\/bobea.net\/#\/schema\/person\/image\/","url":"https:\/\/secure.gravatar.com\/avatar\/36147980349df887ae30808df3e29474?s=96&d=mm&r=g","contentUrl":"https:\/\/secure.gravatar.com\/avatar\/36147980349df887ae30808df3e29474?s=96&d=mm&r=g","caption":"bobea.info"},"sameAs":["https:\/\/bobea.net"],"url":"https:\/\/bobea.net\/index.php\/author\/bobea-info\/"}]}},"_links":{"self":[{"href":"https:\/\/bobea.net\/index.php\/wp-json\/wp\/v2\/posts\/30911"}],"collection":[{"href":"https:\/\/bobea.net\/index.php\/wp-json\/wp\/v2\/posts"}],"about":[{"href":"https:\/\/bobea.net\/index.php\/wp-json\/wp\/v2\/types\/post"}],"author":[{"embeddable":true,"href":"https:\/\/bobea.net\/index.php\/wp-json\/wp\/v2\/users\/1"}],"replies":[{"embeddable":true,"href":"https:\/\/bobea.net\/index.php\/wp-json\/wp\/v2\/comments?post=30911"}],"version-history":[{"count":1,"href":"https:\/\/bobea.net\/index.php\/wp-json\/wp\/v2\/posts\/30911\/revisions"}],"predecessor-version":[{"id":30914,"href":"https:\/\/bobea.net\/index.php\/wp-json\/wp\/v2\/posts\/30911\/revisions\/30914"}],"wp:featuredmedia":[{"embeddable":true,"href":"https:\/\/bobea.net\/index.php\/wp-json\/wp\/v2\/media\/30912"}],"wp:attachment":[{"href":"https:\/\/bobea.net\/index.php\/wp-json\/wp\/v2\/media?parent=30911"}],"wp:term":[{"taxonomy":"category","embeddable":true,"href":"https:\/\/bobea.net\/index.php\/wp-json\/wp\/v2\/categories?post=30911"},{"taxonomy":"post_tag","embeddable":true,"href":"https:\/\/bobea.net\/index.php\/wp-json\/wp\/v2\/tags?post=30911"}],"curies":[{"name":"wp","href":"https:\/\/api.w.org\/{rel}","templated":true}]}}