{"id":3090,"date":"2024-07-08T18:04:07","date_gmt":"2024-07-08T18:04:07","guid":{"rendered":"https:\/\/bobea.net\/?p=3090"},"modified":"2024-07-08T18:04:08","modified_gmt":"2024-07-08T18:04:08","slug":"blue-ivy-carter-lascension-precoce-de-la-fille-ainee-de-beyonce","status":"publish","type":"post","link":"https:\/\/bobea.net\/index.php\/2024\/07\/08\/blue-ivy-carter-lascension-precoce-de-la-fille-ainee-de-beyonce\/","title":{"rendered":"Blue Ivy Carter : L\u2019ascension pr\u00e9coce de la fille a\u00een\u00e9e de Beyonc\u00e9"},"content":{"rendered":"\n<p>Blue Ivy Carter, n\u00e9e le 7 jan\u00advi\u00ader 2012, est la fille a\u00een\u00e9e de Bey\u00adon\u00adc\u00e9 et Jay\u2011Z. \u00c0 seule\u00adment 12 ans, elle s\u2019est d\u00e9j\u00e0 fait un nom dans l\u2019in\u00addus\u00adtrie du diver\u00adtisse\u00adment, suiv\u00adant les traces de ses c\u00e9l\u00e8bres par\u00adents.<\/p>\n\n\n\n<p>Une car\u00adri\u00e8re pr\u00e9\u00adcoce<\/p>\n\n\n\n<p>Blue Ivy a com\u00admenc\u00e9 sa car\u00adri\u00e8re tr\u00e8s t\u00f4t, faisant sa pre\u00admi\u00e8re appari\u00adtion musi\u00adcale \u00e0 l\u2019\u00e2ge de deux jours dans la chan\u00adson \u201cGlo\u00adry\u201d de son p\u00e8re. Depuis, elle a mul\u00adti\u00adpli\u00e9 les col\u00adlab\u00ado\u00adra\u00adtions et les appari\u00adtions publiques :<\/p>\n\n\n\n<ul class=\"wp-block-list\">\n<li>En 2019, \u00e0 7 ans, elle a int\u00e9\u00adgr\u00e9 le classe\u00adment Bill\u00adboard Hot 100 gr\u00e2ce \u00e0 sa par\u00adtic\u00adi\u00adpa\u00adtion dans \u201cBrown Skin Girl\u201d.<\/li>\n\n\n\n<li>Elle a rem\u00adport\u00e9 un Gram\u00admy Award \u00e0 9 ans pour sa con\u00adtri\u00adbu\u00adtion \u00e0 cette m\u00eame chan\u00adson.<\/li>\n\n\n\n<li>Blue Ivy a par\u00adticip\u00e9 au Renais\u00adsance World Tour de sa m\u00e8re, dansant sur sc\u00e8ne en cos\u00adtume \u00e0 pail\u00adlettes.<\/li>\n<\/ul>\n\n\n\n<p>D\u00e9j\u00e0 une star<\/p>\n\n\n\n<p>Blue Ivy est rapi\u00adde\u00adment dev\u00adenue une c\u00e9l\u00e9brit\u00e9 \u00e0 part enti\u00e8re :<\/p>\n\n\n\n<ul class=\"wp-block-list\">\n<li>Elle a foul\u00e9 le tapis rouge des MTV VMAs en 2016, aux c\u00f4t\u00e9s de sa m\u00e8re.<\/li>\n\n\n\n<li>Sa garde-robe et ses appari\u00adtions publiques font r\u00e9guli\u00e8re\u00adment l\u2019ob\u00adjet d\u2019at\u00adten\u00adtion m\u00e9di\u00ada\u00adtique.<\/li>\n\n\n\n<li>Ses par\u00adents parta\u00adgent occa\u00adsion\u00adnelle\u00adment des pho\u00adtos d\u2019elle sur les r\u00e9seaux soci\u00adaux, la met\u00adtant en sc\u00e8ne dans divers con\u00adtextes.<\/li>\n<\/ul>\n\n\n\n<p>Son avenir et les risques de l\u2019ex\u00adpo\u00adsi\u00adtion pr\u00e9\u00adcoce<\/p>\n\n\n\n<p>Bien que Blue Ivy sem\u00adble promise \u00e0 un bril\u00adlant avenir dans l\u2019in\u00addus\u00adtrie du diver\u00adtisse\u00adment, son expo\u00adsi\u00adtion pr\u00e9\u00adcoce soul\u00e8ve des ques\u00adtions :<\/p>\n\n\n\n<ol class=\"wp-block-list\" start=\"1\">\n<li>Pres\u00adsion m\u00e9di\u00ada\u00adtique : Grandir sous les pro\u00adjecteurs peut \u00eatre stres\u00adsant pour un enfant.<\/li>\n\n\n\n<li>Attentes \u00e9lev\u00e9es : \u00catre la fille de deux ic\u00f4nes de la musique peut cr\u00e9er une pres\u00adsion pour r\u00e9us\u00adsir.<\/li>\n\n\n\n<li>Perte d\u2019anony\u00admat : Blue Ivy n\u2019a pas con\u00adnu une enfance \u201cnor\u00admale\u201d, ce qui pour\u00adrait affecter son d\u00e9veloppe\u00adment social.<\/li>\n\n\n\n<li>Risques pour la san\u00adt\u00e9 men\u00adtale : L\u2019ex\u00adpo\u00adsi\u00adtion con\u00adstante au pub\u00adlic peut avoir des con\u00ads\u00e9quences psy\u00adchologiques \u00e0 long terme.<\/li>\n<\/ol>\n\n\n\n<p>Cepen\u00addant, Bey\u00adon\u00adc\u00e9 et Jay\u2011Z sem\u00adblent con\u00adscients de ces risques. Ils ten\u00adtent de con\u00adtr\u00f4ler l\u2019im\u00adage publique de leur fille en choi\u00adsis\u00adsant soigneuse\u00adment les moments o\u00f9 ils l\u2019ex\u00adposent aux m\u00e9dias.En con\u00adclu\u00adsion, Blue Ivy Carter est ind\u00e9\u00adni\u00adable\u00adment sur la voie du suc\u00adc\u00e8s, mais son par\u00adcours d\u2019en\u00adfant star n\u2019est pas sans risques. L\u2019\u00e9quili\u00adbre entre sa car\u00adri\u00e8re nais\u00adsante et une enfance saine reste un d\u00e9fi que ses par\u00adents devront relever avec pru\u00addence.<\/p>\n","protected":false},"excerpt":{"rendered":"<p>Blue Ivy Carter, n\u00e9e le 7 jan\u00advi\u00ader 2012, est la fille a\u00een\u00e9e de Bey\u00adon\u00adc\u00e9 et Jay\u2011Z. \u00c0 seule\u00adment 12 ans, elle s\u2019est d\u00e9j\u00e0 fait un nom dans l\u2019in\u00addus\u00adtrie du diver\u00adtisse\u00adment,\u2026 <\/p>\n","protected":false},"author":1,"featured_media":3091,"comment_status":"open","ping_status":"open","sticky":false,"template":"","format":"standard","meta":{"wp_typography_post_enhancements_disabled":false,"footnotes":""},"categories":[79],"tags":[2326,2325,2328,2330,2327,2332,2329,1711,2331,2324,1011,962],"class_list":["post-3090","post","type-post","status-publish","format-standard","has-post-thumbnail","hentry","category-a-la-une","tag-beyonce-fille","tag-blue-ivy-carter","tag-carriere-precoce","tag-celebrite-enfant","tag-enfant-star","tag-equilibre-familial","tag-fille-de-beyonce","tag-grammy-award","tag-jay-z","tag-mtv-vmas","tag-pression-mediatique","tag-sante-mentale"],"yoast_head":"<!-- This site is optimized with the Yoast SEO plugin v24.7 - https:\/\/yoast.com\/wordpress\/plugins\/seo\/ -->\n<title>Blue Ivy Carter : L&#039;ascension pr\u00e9coce de la fille a\u00een\u00e9e de Beyonc\u00e9 - Bobea<\/title>\n<meta name=\"description\" content=\"Blue Ivy Carter, n\u00e9e le 7 janvier 2012, est la fille a\u00een\u00e9e de Beyonc\u00e9 et Jay-Z. \u00c0 seulement 12 ans, elle s&#039;est d\u00e9j\u00e0 fait un nom\" \/>\n<meta name=\"robots\" content=\"index, follow, max-snippet:-1, max-image-preview:large, max-video-preview:-1\" \/>\n<link rel=\"canonical\" href=\"https:\/\/bobea.net\/index.php\/2024\/07\/08\/blue-ivy-carter-lascension-precoce-de-la-fille-ainee-de-beyonce\/\" \/>\n<meta property=\"og:locale\" content=\"fr_FR\" \/>\n<meta property=\"og:type\" content=\"article\" \/>\n<meta property=\"og:title\" content=\"Blue Ivy Carter : L&#039;ascension pr\u00e9coce de la fille a\u00een\u00e9e de Beyonc\u00e9 - Bobea\" \/>\n<meta property=\"og:description\" content=\"Blue Ivy Carter, n\u00e9e le 7 janvier 2012, est la fille a\u00een\u00e9e de Beyonc\u00e9 et Jay-Z. \u00c0 seulement 12 ans, elle s&#039;est d\u00e9j\u00e0 fait un nom\" \/>\n<meta property=\"og:url\" content=\"https:\/\/bobea.net\/index.php\/2024\/07\/08\/blue-ivy-carter-lascension-precoce-de-la-fille-ainee-de-beyonce\/\" \/>\n<meta property=\"og:site_name\" content=\"Bobea\" \/>\n<meta property=\"article:publisher\" content=\"https:\/\/web.facebook.com\/profile.php?id=61559252188416\" \/>\n<meta property=\"article:published_time\" content=\"2024-07-08T18:04:07+00:00\" \/>\n<meta property=\"article:modified_time\" content=\"2024-07-08T18:04:08+00:00\" \/>\n<meta property=\"og:image\" content=\"https:\/\/bobea.net\/wp-content\/uploads\/2024\/07\/OIP.jpeg\" \/>\n\t<meta property=\"og:image:width\" content=\"1024\" \/>\n\t<meta property=\"og:image:height\" content=\"683\" \/>\n\t<meta property=\"og:image:type\" content=\"image\/jpeg\" \/>\n<meta name=\"author\" content=\"bobea.info\" \/>\n<meta name=\"twitter:card\" content=\"summary_large_image\" \/>\n<meta name=\"twitter:label1\" content=\"\u00c9crit par\" \/>\n\t<meta name=\"twitter:data1\" content=\"bobea.info\" \/>\n\t<meta name=\"twitter:label2\" content=\"Dur\u00e9e de lecture estim\u00e9e\" \/>\n\t<meta name=\"twitter:data2\" content=\"2 minutes\" \/>\n<script type=\"application\/ld+json\" class=\"yoast-schema-graph\">{\"@context\":\"https:\/\/schema.org\",\"@graph\":[{\"@type\":\"Article\",\"@id\":\"https:\/\/bobea.net\/index.php\/2024\/07\/08\/blue-ivy-carter-lascension-precoce-de-la-fille-ainee-de-beyonce\/#article\",\"isPartOf\":{\"@id\":\"https:\/\/bobea.net\/index.php\/2024\/07\/08\/blue-ivy-carter-lascension-precoce-de-la-fille-ainee-de-beyonce\/\"},\"author\":{\"name\":\"bobea.info\",\"@id\":\"https:\/\/bobea.net\/#\/schema\/person\/e7f45ef187918d7c956bf619dce90ccf\"},\"headline\":\"Blue Ivy Carter : L\u2019ascension pr\u00e9coce de la fille a\u00een\u00e9e de Beyonc\u00e9\",\"datePublished\":\"2024-07-08T18:04:07+00:00\",\"dateModified\":\"2024-07-08T18:04:08+00:00\",\"mainEntityOfPage\":{\"@id\":\"https:\/\/bobea.net\/index.php\/2024\/07\/08\/blue-ivy-carter-lascension-precoce-de-la-fille-ainee-de-beyonce\/\"},\"wordCount\":406,\"commentCount\":0,\"publisher\":{\"@id\":\"https:\/\/bobea.net\/#organization\"},\"image\":{\"@id\":\"https:\/\/bobea.net\/index.php\/2024\/07\/08\/blue-ivy-carter-lascension-precoce-de-la-fille-ainee-de-beyonce\/#primaryimage\"},\"thumbnailUrl\":\"https:\/\/bobea.net\/wp-content\/uploads\/2024\/07\/OIP.jpeg\",\"keywords\":[\"Beyonc\u00e9 fille\",\"Blue Ivy Carter\",\"carri\u00e8re pr\u00e9coce\",\"c\u00e9l\u00e9brit\u00e9 enfant\",\"enfant star\",\"\u00e9quilibre familial\",\"fille de Beyonc\u00e9\",\"Grammy Award\",\"Jay-Z\",\"MTV VMAs\",\"pression m\u00e9diatique\",\"sant\u00e9 mentale\"],\"articleSection\":[\"A la Une\"],\"inLanguage\":\"fr-FR\",\"potentialAction\":[{\"@type\":\"CommentAction\",\"name\":\"Comment\",\"target\":[\"https:\/\/bobea.net\/index.php\/2024\/07\/08\/blue-ivy-carter-lascension-precoce-de-la-fille-ainee-de-beyonce\/#respond\"]}]},{\"@type\":\"WebPage\",\"@id\":\"https:\/\/bobea.net\/index.php\/2024\/07\/08\/blue-ivy-carter-lascension-precoce-de-la-fille-ainee-de-beyonce\/\",\"url\":\"https:\/\/bobea.net\/index.php\/2024\/07\/08\/blue-ivy-carter-lascension-precoce-de-la-fille-ainee-de-beyonce\/\",\"name\":\"Blue Ivy Carter : L'ascension pr\u00e9coce de la fille a\u00een\u00e9e de Beyonc\u00e9 - Bobea\",\"isPartOf\":{\"@id\":\"https:\/\/bobea.net\/#website\"},\"primaryImageOfPage\":{\"@id\":\"https:\/\/bobea.net\/index.php\/2024\/07\/08\/blue-ivy-carter-lascension-precoce-de-la-fille-ainee-de-beyonce\/#primaryimage\"},\"image\":{\"@id\":\"https:\/\/bobea.net\/index.php\/2024\/07\/08\/blue-ivy-carter-lascension-precoce-de-la-fille-ainee-de-beyonce\/#primaryimage\"},\"thumbnailUrl\":\"https:\/\/bobea.net\/wp-content\/uploads\/2024\/07\/OIP.jpeg\",\"datePublished\":\"2024-07-08T18:04:07+00:00\",\"dateModified\":\"2024-07-08T18:04:08+00:00\",\"description\":\"Blue Ivy Carter, n\u00e9e le 7 janvier 2012, est la fille a\u00een\u00e9e de Beyonc\u00e9 et Jay-Z. \u00c0 seulement 12 ans, elle s'est d\u00e9j\u00e0 fait un nom\",\"breadcrumb\":{\"@id\":\"https:\/\/bobea.net\/index.php\/2024\/07\/08\/blue-ivy-carter-lascension-precoce-de-la-fille-ainee-de-beyonce\/#breadcrumb\"},\"inLanguage\":\"fr-FR\",\"potentialAction\":[{\"@type\":\"ReadAction\",\"target\":[\"https:\/\/bobea.net\/index.php\/2024\/07\/08\/blue-ivy-carter-lascension-precoce-de-la-fille-ainee-de-beyonce\/\"]}]},{\"@type\":\"ImageObject\",\"inLanguage\":\"fr-FR\",\"@id\":\"https:\/\/bobea.net\/index.php\/2024\/07\/08\/blue-ivy-carter-lascension-precoce-de-la-fille-ainee-de-beyonce\/#primaryimage\",\"url\":\"https:\/\/bobea.net\/wp-content\/uploads\/2024\/07\/OIP.jpeg\",\"contentUrl\":\"https:\/\/bobea.net\/wp-content\/uploads\/2024\/07\/OIP.jpeg\",\"width\":1024,\"height\":683,\"caption\":\"Blue Ivy Carter : L'ascension pr\u00e9coce de la fille a\u00een\u00e9e de Beyonc\u00e9\"},{\"@type\":\"BreadcrumbList\",\"@id\":\"https:\/\/bobea.net\/index.php\/2024\/07\/08\/blue-ivy-carter-lascension-precoce-de-la-fille-ainee-de-beyonce\/#breadcrumb\",\"itemListElement\":[{\"@type\":\"ListItem\",\"position\":1,\"name\":\"Accueil\",\"item\":\"https:\/\/bobea.net\/\"},{\"@type\":\"ListItem\",\"position\":2,\"name\":\"Blue Ivy Carter : L&rsquo;ascension pr\u00e9coce de la fille a\u00een\u00e9e de Beyonc\u00e9\"}]},{\"@type\":\"WebSite\",\"@id\":\"https:\/\/bobea.net\/#website\",\"url\":\"https:\/\/bobea.net\/\",\"name\":\"Bobea\",\"description\":\"Le magazine de la nouvelle \u00c8ve\",\"publisher\":{\"@id\":\"https:\/\/bobea.net\/#organization\"},\"potentialAction\":[{\"@type\":\"SearchAction\",\"target\":{\"@type\":\"EntryPoint\",\"urlTemplate\":\"https:\/\/bobea.net\/?s={search_term_string}\"},\"query-input\":{\"@type\":\"PropertyValueSpecification\",\"valueRequired\":true,\"valueName\":\"search_term_string\"}}],\"inLanguage\":\"fr-FR\"},{\"@type\":\"Organization\",\"@id\":\"https:\/\/bobea.net\/#organization\",\"name\":\"Bobea\",\"url\":\"https:\/\/bobea.net\/\",\"logo\":{\"@type\":\"ImageObject\",\"inLanguage\":\"fr-FR\",\"@id\":\"https:\/\/bobea.net\/#\/schema\/logo\/image\/\",\"url\":\"https:\/\/bobea.net\/wp-content\/uploads\/2024\/06\/bobea.jpg\",\"contentUrl\":\"https:\/\/bobea.net\/wp-content\/uploads\/2024\/06\/bobea.jpg\",\"width\":1080,\"height\":1080,\"caption\":\"Bobea\"},\"image\":{\"@id\":\"https:\/\/bobea.net\/#\/schema\/logo\/image\/\"},\"sameAs\":[\"https:\/\/web.facebook.com\/profile.php?id=61559252188416\"]},{\"@type\":\"Person\",\"@id\":\"https:\/\/bobea.net\/#\/schema\/person\/e7f45ef187918d7c956bf619dce90ccf\",\"name\":\"bobea.info\",\"image\":{\"@type\":\"ImageObject\",\"inLanguage\":\"fr-FR\",\"@id\":\"https:\/\/bobea.net\/#\/schema\/person\/image\/\",\"url\":\"https:\/\/secure.gravatar.com\/avatar\/36147980349df887ae30808df3e29474?s=96&d=mm&r=g\",\"contentUrl\":\"https:\/\/secure.gravatar.com\/avatar\/36147980349df887ae30808df3e29474?s=96&d=mm&r=g\",\"caption\":\"bobea.info\"},\"sameAs\":[\"https:\/\/bobea.net\"],\"url\":\"https:\/\/bobea.net\/index.php\/author\/bobea-info\/\"}]}<\/script>\n<!-- \/ Yoast SEO plugin. -->","yoast_head_json":{"title":"Blue Ivy Carter : L'ascension pr\u00e9coce de la fille a\u00een\u00e9e de Beyonc\u00e9 - Bobea","description":"Blue Ivy Carter, n\u00e9e le 7 janvier 2012, est la fille a\u00een\u00e9e de Beyonc\u00e9 et Jay-Z. \u00c0 seulement 12 ans, elle s'est d\u00e9j\u00e0 fait un nom","robots":{"index":"index","follow":"follow","max-snippet":"max-snippet:-1","max-image-preview":"max-image-preview:large","max-video-preview":"max-video-preview:-1"},"canonical":"https:\/\/bobea.net\/index.php\/2024\/07\/08\/blue-ivy-carter-lascension-precoce-de-la-fille-ainee-de-beyonce\/","og_locale":"fr_FR","og_type":"article","og_title":"Blue Ivy Carter : L'ascension pr\u00e9coce de la fille a\u00een\u00e9e de Beyonc\u00e9 - Bobea","og_description":"Blue Ivy Carter, n\u00e9e le 7 janvier 2012, est la fille a\u00een\u00e9e de Beyonc\u00e9 et Jay-Z. \u00c0 seulement 12 ans, elle s'est d\u00e9j\u00e0 fait un nom","og_url":"https:\/\/bobea.net\/index.php\/2024\/07\/08\/blue-ivy-carter-lascension-precoce-de-la-fille-ainee-de-beyonce\/","og_site_name":"Bobea","article_publisher":"https:\/\/web.facebook.com\/profile.php?id=61559252188416","article_published_time":"2024-07-08T18:04:07+00:00","article_modified_time":"2024-07-08T18:04:08+00:00","og_image":[{"width":1024,"height":683,"url":"https:\/\/bobea.net\/wp-content\/uploads\/2024\/07\/OIP.jpeg","type":"image\/jpeg"}],"author":"bobea.info","twitter_card":"summary_large_image","twitter_misc":{"\u00c9crit par":"bobea.info","Dur\u00e9e de lecture estim\u00e9e":"2 minutes"},"schema":{"@context":"https:\/\/schema.org","@graph":[{"@type":"Article","@id":"https:\/\/bobea.net\/index.php\/2024\/07\/08\/blue-ivy-carter-lascension-precoce-de-la-fille-ainee-de-beyonce\/#article","isPartOf":{"@id":"https:\/\/bobea.net\/index.php\/2024\/07\/08\/blue-ivy-carter-lascension-precoce-de-la-fille-ainee-de-beyonce\/"},"author":{"name":"bobea.info","@id":"https:\/\/bobea.net\/#\/schema\/person\/e7f45ef187918d7c956bf619dce90ccf"},"headline":"Blue Ivy Carter : L\u2019ascension pr\u00e9coce de la fille a\u00een\u00e9e de Beyonc\u00e9","datePublished":"2024-07-08T18:04:07+00:00","dateModified":"2024-07-08T18:04:08+00:00","mainEntityOfPage":{"@id":"https:\/\/bobea.net\/index.php\/2024\/07\/08\/blue-ivy-carter-lascension-precoce-de-la-fille-ainee-de-beyonce\/"},"wordCount":406,"commentCount":0,"publisher":{"@id":"https:\/\/bobea.net\/#organization"},"image":{"@id":"https:\/\/bobea.net\/index.php\/2024\/07\/08\/blue-ivy-carter-lascension-precoce-de-la-fille-ainee-de-beyonce\/#primaryimage"},"thumbnailUrl":"https:\/\/bobea.net\/wp-content\/uploads\/2024\/07\/OIP.jpeg","keywords":["Beyonc\u00e9 fille","Blue Ivy Carter","carri\u00e8re pr\u00e9coce","c\u00e9l\u00e9brit\u00e9 enfant","enfant star","\u00e9quilibre familial","fille de Beyonc\u00e9","Grammy Award","Jay-Z","MTV VMAs","pression m\u00e9diatique","sant\u00e9 mentale"],"articleSection":["A la Une"],"inLanguage":"fr-FR","potentialAction":[{"@type":"CommentAction","name":"Comment","target":["https:\/\/bobea.net\/index.php\/2024\/07\/08\/blue-ivy-carter-lascension-precoce-de-la-fille-ainee-de-beyonce\/#respond"]}]},{"@type":"WebPage","@id":"https:\/\/bobea.net\/index.php\/2024\/07\/08\/blue-ivy-carter-lascension-precoce-de-la-fille-ainee-de-beyonce\/","url":"https:\/\/bobea.net\/index.php\/2024\/07\/08\/blue-ivy-carter-lascension-precoce-de-la-fille-ainee-de-beyonce\/","name":"Blue Ivy Carter : L'ascension pr\u00e9coce de la fille a\u00een\u00e9e de Beyonc\u00e9 - Bobea","isPartOf":{"@id":"https:\/\/bobea.net\/#website"},"primaryImageOfPage":{"@id":"https:\/\/bobea.net\/index.php\/2024\/07\/08\/blue-ivy-carter-lascension-precoce-de-la-fille-ainee-de-beyonce\/#primaryimage"},"image":{"@id":"https:\/\/bobea.net\/index.php\/2024\/07\/08\/blue-ivy-carter-lascension-precoce-de-la-fille-ainee-de-beyonce\/#primaryimage"},"thumbnailUrl":"https:\/\/bobea.net\/wp-content\/uploads\/2024\/07\/OIP.jpeg","datePublished":"2024-07-08T18:04:07+00:00","dateModified":"2024-07-08T18:04:08+00:00","description":"Blue Ivy Carter, n\u00e9e le 7 janvier 2012, est la fille a\u00een\u00e9e de Beyonc\u00e9 et Jay-Z. \u00c0 seulement 12 ans, elle s'est d\u00e9j\u00e0 fait un nom","breadcrumb":{"@id":"https:\/\/bobea.net\/index.php\/2024\/07\/08\/blue-ivy-carter-lascension-precoce-de-la-fille-ainee-de-beyonce\/#breadcrumb"},"inLanguage":"fr-FR","potentialAction":[{"@type":"ReadAction","target":["https:\/\/bobea.net\/index.php\/2024\/07\/08\/blue-ivy-carter-lascension-precoce-de-la-fille-ainee-de-beyonce\/"]}]},{"@type":"ImageObject","inLanguage":"fr-FR","@id":"https:\/\/bobea.net\/index.php\/2024\/07\/08\/blue-ivy-carter-lascension-precoce-de-la-fille-ainee-de-beyonce\/#primaryimage","url":"https:\/\/bobea.net\/wp-content\/uploads\/2024\/07\/OIP.jpeg","contentUrl":"https:\/\/bobea.net\/wp-content\/uploads\/2024\/07\/OIP.jpeg","width":1024,"height":683,"caption":"Blue Ivy Carter : L'ascension pr\u00e9coce de la fille a\u00een\u00e9e de Beyonc\u00e9"},{"@type":"BreadcrumbList","@id":"https:\/\/bobea.net\/index.php\/2024\/07\/08\/blue-ivy-carter-lascension-precoce-de-la-fille-ainee-de-beyonce\/#breadcrumb","itemListElement":[{"@type":"ListItem","position":1,"name":"Accueil","item":"https:\/\/bobea.net\/"},{"@type":"ListItem","position":2,"name":"Blue Ivy Carter : L&rsquo;ascension pr\u00e9coce de la fille a\u00een\u00e9e de Beyonc\u00e9"}]},{"@type":"WebSite","@id":"https:\/\/bobea.net\/#website","url":"https:\/\/bobea.net\/","name":"Bobea","description":"Le magazine de la nouvelle \u00c8ve","publisher":{"@id":"https:\/\/bobea.net\/#organization"},"potentialAction":[{"@type":"SearchAction","target":{"@type":"EntryPoint","urlTemplate":"https:\/\/bobea.net\/?s={search_term_string}"},"query-input":{"@type":"PropertyValueSpecification","valueRequired":true,"valueName":"search_term_string"}}],"inLanguage":"fr-FR"},{"@type":"Organization","@id":"https:\/\/bobea.net\/#organization","name":"Bobea","url":"https:\/\/bobea.net\/","logo":{"@type":"ImageObject","inLanguage":"fr-FR","@id":"https:\/\/bobea.net\/#\/schema\/logo\/image\/","url":"https:\/\/bobea.net\/wp-content\/uploads\/2024\/06\/bobea.jpg","contentUrl":"https:\/\/bobea.net\/wp-content\/uploads\/2024\/06\/bobea.jpg","width":1080,"height":1080,"caption":"Bobea"},"image":{"@id":"https:\/\/bobea.net\/#\/schema\/logo\/image\/"},"sameAs":["https:\/\/web.facebook.com\/profile.php?id=61559252188416"]},{"@type":"Person","@id":"https:\/\/bobea.net\/#\/schema\/person\/e7f45ef187918d7c956bf619dce90ccf","name":"bobea.info","image":{"@type":"ImageObject","inLanguage":"fr-FR","@id":"https:\/\/bobea.net\/#\/schema\/person\/image\/","url":"https:\/\/secure.gravatar.com\/avatar\/36147980349df887ae30808df3e29474?s=96&d=mm&r=g","contentUrl":"https:\/\/secure.gravatar.com\/avatar\/36147980349df887ae30808df3e29474?s=96&d=mm&r=g","caption":"bobea.info"},"sameAs":["https:\/\/bobea.net"],"url":"https:\/\/bobea.net\/index.php\/author\/bobea-info\/"}]}},"_links":{"self":[{"href":"https:\/\/bobea.net\/index.php\/wp-json\/wp\/v2\/posts\/3090"}],"collection":[{"href":"https:\/\/bobea.net\/index.php\/wp-json\/wp\/v2\/posts"}],"about":[{"href":"https:\/\/bobea.net\/index.php\/wp-json\/wp\/v2\/types\/post"}],"author":[{"embeddable":true,"href":"https:\/\/bobea.net\/index.php\/wp-json\/wp\/v2\/users\/1"}],"replies":[{"embeddable":true,"href":"https:\/\/bobea.net\/index.php\/wp-json\/wp\/v2\/comments?post=3090"}],"version-history":[{"count":0,"href":"https:\/\/bobea.net\/index.php\/wp-json\/wp\/v2\/posts\/3090\/revisions"}],"wp:featuredmedia":[{"embeddable":true,"href":"https:\/\/bobea.net\/index.php\/wp-json\/wp\/v2\/media\/3091"}],"wp:attachment":[{"href":"https:\/\/bobea.net\/index.php\/wp-json\/wp\/v2\/media?parent=3090"}],"wp:term":[{"taxonomy":"category","embeddable":true,"href":"https:\/\/bobea.net\/index.php\/wp-json\/wp\/v2\/categories?post=3090"},{"taxonomy":"post_tag","embeddable":true,"href":"https:\/\/bobea.net\/index.php\/wp-json\/wp\/v2\/tags?post=3090"}],"curies":[{"name":"wp","href":"https:\/\/api.w.org\/{rel}","templated":true}]}}