{"id":2990,"date":"2024-07-03T18:21:54","date_gmt":"2024-07-03T18:21:54","guid":{"rendered":"https:\/\/bobea.net\/?p=2990"},"modified":"2024-07-03T18:27:45","modified_gmt":"2024-07-03T18:27:45","slug":"amina-djebbar-la-mode-comme-passion-et-profession","status":"publish","type":"post","link":"https:\/\/bobea.net\/index.php\/2024\/07\/03\/amina-djebbar-la-mode-comme-passion-et-profession\/","title":{"rendered":"Amina Djebbar : La Mode comme Passion et Profession"},"content":{"rendered":"\n<p>Une entre\u00adpre\u00adneure vision\u00adnaire<\/p>\n\n\n\n<p>Ami\u00adna Djeb\u00adbar, entre\u00adpre\u00adneure alg\u00e9ri\u00adenne dipl\u00f4m\u00e9e en tra\u00adduc\u00adtion arabe-fran\u00e7ais-anglais de l\u2019u\u00adni\u00adver\u00adsit\u00e9 d\u2019Al\u00adger, a trans\u00adfor\u00adm\u00e9 sa pas\u00adsion pour la mode en une car\u00adri\u00e8re inno\u00advante.&nbsp;Sa vision entre\u00adpre\u00adneuri\u00adale l\u2019a con\u00adduite \u00e0 cr\u00e9er Van\u00addista, une plate\u00adforme de vide-dress\u00ading en ligne qui r\u00e9vo\u00adlu\u00adtionne le march\u00e9 de la mode d\u2019oc\u00adca\u00adsion en Alg\u00e9rie.<\/p>\n\n\n\n<p>Van\u00addista : Une solu\u00adtion e\u2011commerce inno\u00advante<\/p>\n\n\n\n<p>Lanc\u00e9e en 2020, Van\u00addista con\u00adnecte acheteurs et vendeurs de v\u00eate\u00adments et acces\u00adsoires de sec\u00adonde main.&nbsp;La plate\u00adforme se dis\u00adtingue par :<\/p>\n\n\n\n<ul class=\"wp-block-list\">\n<li>Une livrai\u00adson rapi\u00adde et s\u00e9curis\u00e9e via des parte\u00adnaires et points relais<\/li>\n\n\n\n<li>Des options de paiement flex\u00adi\u00adbles (carte ban\u00adcaire, \u00e0 la livrai\u00adson, sol\u00adde des ventes)<\/li>\n\n\n\n<li>Une pro\u00adtec\u00adtion du con\u00adsom\u00adma\u00adteur per\u00adme\u00adt\u00adtant les retours en cas de prob\u00adl\u00e8me<\/li>\n\n\n\n<li>Plus de 72 points relais et 15 000 arti\u00adcles disponibles<\/li>\n<\/ul>\n\n\n\n<p>Un par\u00adcours pro\u00adfes\u00adsion\u00adnel riche<\/p>\n\n\n\n<p>Avant Van\u00addista, Ami\u00adna Djeb\u00adbar a acquis une exp\u00e9ri\u00adence diver\u00adsi\u00adfi\u00e9e :<\/p>\n\n\n\n<ul class=\"wp-block-list\">\n<li>2018 : Fon\u00adda\u00adtion d\u2019Evens Fac\u00adto\u00adry Alg\u00e9rie (\u00e9v\u00e9ne\u00admen\u00adtiel pro\u00adfes\u00adsion\u00adnel)<\/li>\n\n\n\n<li>2022 : Cr\u00e9a\u00adtion de Wom\u00aden\u2019s Busi\u00adness Agency (\u00e9v\u00e9ne\u00admen\u00adtiel sp\u00e9\u00adcial\u00adis\u00e9)<\/li>\n\n\n\n<li>2007\u20132009 : Attach\u00e9e com\u00admer\u00adciale chez CFAO Alg\u00e9rie<\/li>\n\n\n\n<li>2009 : Ges\u00adtion\u00adnaire prin\u00adci\u00adpale des comptes cl\u00e9s chez Emploitic.com<\/li>\n<\/ul>\n\n\n\n<p>Recon\u00adnais\u00adsance et suc\u00adc\u00e8s<\/p>\n\n\n\n<p>Le tal\u00adent d\u2019Am\u00adi\u00adna Djeb\u00adbar a \u00e9t\u00e9 r\u00e9com\u00adpen\u00ads\u00e9 par plusieurs dis\u00adtinc\u00adtions&nbsp;:<\/p>\n\n\n\n<ul class=\"wp-block-list\">\n<li>2023 : Prix de la meilleure appli\u00adca\u00adtion mobile au CTO Forum Alge\u00adria<\/li>\n\n\n\n<li>2023 : Prix sp\u00e9\u00adcial Oore\u00addoo au con\u00adcours nation\u00adal MACHROU3I<\/li>\n\n\n\n<li>2024 : Pre\u00admier prix du Chal\u00adlenge annuel de la femme entre\u00adpre\u00adneure par Alge\u00adria Ven\u00adture<\/li>\n<\/ul>\n\n\n\n<p>Impact sur la mode durable en Alg\u00e9rie<\/p>\n\n\n\n<p>Van\u00addista con\u00adtribue \u00e0 pro\u00admou\u00advoir la mode durable en Alg\u00e9rie en facil\u00adi\u00adtant la r\u00e9u\u00adtil\u00adi\u00adsa\u00adtion des v\u00eate\u00adments. Cette approche per\u00admet non seule\u00adment de r\u00e9duire le gaspillage tex\u00adtile, mais aus\u00adsi d\u2019of\u00adfrir aux con\u00adsom\u00adma\u00adteurs alg\u00e9riens un acc\u00e8s \u00e0 des arti\u00adcles de mode \u00e0 des prix abordables.L\u2019histoire d\u2019Am\u00adi\u00adna Djeb\u00adbar illus\u00adtre par\u00adfaite\u00adment com\u00adment la pas\u00adsion, com\u00adbin\u00e9e \u00e0 l\u2019in\u00adno\u00adva\u00adtion tech\u00adnologique, peut cr\u00e9er des solu\u00adtions entre\u00adpre\u00adneuri\u00adales \u00e0 fort impact social et \u00e9conomique. Son par\u00adcours inspire une nou\u00advelle g\u00e9n\u00e9ra\u00adtion d\u2019en\u00adtre\u00adpre\u00adneurs alg\u00e9riens, en par\u00adti\u00adc\u00aduli\u00ader les femmes, \u00e0 pour\u00adsuiv\u00adre leurs ambi\u00adtions dans le domaine de la tech et de la mode durable.<\/p>\n","protected":false},"excerpt":{"rendered":"<p>Une entre\u00adpre\u00adneure vision\u00adnaire Ami\u00adna Djeb\u00adbar, entre\u00adpre\u00adneure alg\u00e9ri\u00adenne dipl\u00f4m\u00e9e en tra\u00adduc\u00adtion arabe-fran\u00e7ais-anglais de l\u2019u\u00adni\u00adver\u00adsit\u00e9 d\u2019Al\u00adger, a trans\u00adfor\u00adm\u00e9 sa pas\u00adsion pour la mode en une car\u00adri\u00e8re inno\u00advante.&nbsp;Sa vision entre\u00adpre\u00adneuri\u00adale l\u2019a con\u00adduite \u00e0\u2026 <\/p>\n","protected":false},"author":1,"featured_media":2994,"comment_status":"open","ping_status":"open","sticky":false,"template":"","format":"standard","meta":{"wp_typography_post_enhancements_disabled":false,"footnotes":""},"categories":[50],"tags":[],"class_list":["post-2990","post","type-post","status-publish","format-standard","has-post-thumbnail","hentry","category-mode"],"yoast_head":"<!-- This site is optimized with the Yoast SEO plugin v24.7 - https:\/\/yoast.com\/wordpress\/plugins\/seo\/ -->\n<title>Amina Djebbar : La Mode comme Passion et Profession - Bobea<\/title>\n<meta name=\"description\" content=\"Amina Djebbar, entrepreneure alg\u00e9rienne dipl\u00f4m\u00e9e en traduction arabe-fran\u00e7ais-anglais de l&#039;universit\u00e9 d&#039;Alger, a transform\u00e9\" \/>\n<meta name=\"robots\" content=\"index, follow, max-snippet:-1, max-image-preview:large, max-video-preview:-1\" \/>\n<link rel=\"canonical\" href=\"https:\/\/bobea.net\/index.php\/2024\/07\/03\/amina-djebbar-la-mode-comme-passion-et-profession\/\" \/>\n<meta property=\"og:locale\" content=\"fr_FR\" \/>\n<meta property=\"og:type\" content=\"article\" \/>\n<meta property=\"og:title\" content=\"Amina Djebbar : La Mode comme Passion et Profession - Bobea\" \/>\n<meta property=\"og:description\" content=\"Amina Djebbar, entrepreneure alg\u00e9rienne dipl\u00f4m\u00e9e en traduction arabe-fran\u00e7ais-anglais de l&#039;universit\u00e9 d&#039;Alger, a transform\u00e9\" \/>\n<meta property=\"og:url\" content=\"https:\/\/bobea.net\/index.php\/2024\/07\/03\/amina-djebbar-la-mode-comme-passion-et-profession\/\" \/>\n<meta property=\"og:site_name\" content=\"Bobea\" \/>\n<meta property=\"article:publisher\" content=\"https:\/\/web.facebook.com\/profile.php?id=61559252188416\" \/>\n<meta property=\"article:published_time\" content=\"2024-07-03T18:21:54+00:00\" \/>\n<meta property=\"article:modified_time\" content=\"2024-07-03T18:27:45+00:00\" \/>\n<meta property=\"og:image\" content=\"https:\/\/bobea.net\/wp-content\/uploads\/2024\/07\/th-1.jpeg\" \/>\n\t<meta property=\"og:image:width\" content=\"474\" \/>\n\t<meta property=\"og:image:height\" content=\"316\" \/>\n\t<meta property=\"og:image:type\" content=\"image\/jpeg\" \/>\n<meta name=\"author\" content=\"bobea.info\" \/>\n<meta name=\"twitter:card\" content=\"summary_large_image\" \/>\n<meta name=\"twitter:label1\" content=\"\u00c9crit par\" \/>\n\t<meta name=\"twitter:data1\" content=\"bobea.info\" \/>\n\t<meta name=\"twitter:label2\" content=\"Dur\u00e9e de lecture estim\u00e9e\" \/>\n\t<meta name=\"twitter:data2\" content=\"2 minutes\" \/>\n<script type=\"application\/ld+json\" class=\"yoast-schema-graph\">{\"@context\":\"https:\/\/schema.org\",\"@graph\":[{\"@type\":\"Article\",\"@id\":\"https:\/\/bobea.net\/index.php\/2024\/07\/03\/amina-djebbar-la-mode-comme-passion-et-profession\/#article\",\"isPartOf\":{\"@id\":\"https:\/\/bobea.net\/index.php\/2024\/07\/03\/amina-djebbar-la-mode-comme-passion-et-profession\/\"},\"author\":{\"name\":\"bobea.info\",\"@id\":\"https:\/\/bobea.net\/#\/schema\/person\/e7f45ef187918d7c956bf619dce90ccf\"},\"headline\":\"Amina Djebbar : La Mode comme Passion et Profession\",\"datePublished\":\"2024-07-03T18:21:54+00:00\",\"dateModified\":\"2024-07-03T18:27:45+00:00\",\"mainEntityOfPage\":{\"@id\":\"https:\/\/bobea.net\/index.php\/2024\/07\/03\/amina-djebbar-la-mode-comme-passion-et-profession\/\"},\"wordCount\":350,\"commentCount\":0,\"publisher\":{\"@id\":\"https:\/\/bobea.net\/#organization\"},\"image\":{\"@id\":\"https:\/\/bobea.net\/index.php\/2024\/07\/03\/amina-djebbar-la-mode-comme-passion-et-profession\/#primaryimage\"},\"thumbnailUrl\":\"https:\/\/bobea.net\/wp-content\/uploads\/2024\/07\/th-1.jpeg\",\"articleSection\":[\"Mode\"],\"inLanguage\":\"fr-FR\",\"potentialAction\":[{\"@type\":\"CommentAction\",\"name\":\"Comment\",\"target\":[\"https:\/\/bobea.net\/index.php\/2024\/07\/03\/amina-djebbar-la-mode-comme-passion-et-profession\/#respond\"]}]},{\"@type\":\"WebPage\",\"@id\":\"https:\/\/bobea.net\/index.php\/2024\/07\/03\/amina-djebbar-la-mode-comme-passion-et-profession\/\",\"url\":\"https:\/\/bobea.net\/index.php\/2024\/07\/03\/amina-djebbar-la-mode-comme-passion-et-profession\/\",\"name\":\"Amina Djebbar : La Mode comme Passion et Profession - Bobea\",\"isPartOf\":{\"@id\":\"https:\/\/bobea.net\/#website\"},\"primaryImageOfPage\":{\"@id\":\"https:\/\/bobea.net\/index.php\/2024\/07\/03\/amina-djebbar-la-mode-comme-passion-et-profession\/#primaryimage\"},\"image\":{\"@id\":\"https:\/\/bobea.net\/index.php\/2024\/07\/03\/amina-djebbar-la-mode-comme-passion-et-profession\/#primaryimage\"},\"thumbnailUrl\":\"https:\/\/bobea.net\/wp-content\/uploads\/2024\/07\/th-1.jpeg\",\"datePublished\":\"2024-07-03T18:21:54+00:00\",\"dateModified\":\"2024-07-03T18:27:45+00:00\",\"description\":\"Amina Djebbar, entrepreneure alg\u00e9rienne dipl\u00f4m\u00e9e en traduction arabe-fran\u00e7ais-anglais de l'universit\u00e9 d'Alger, a transform\u00e9\",\"breadcrumb\":{\"@id\":\"https:\/\/bobea.net\/index.php\/2024\/07\/03\/amina-djebbar-la-mode-comme-passion-et-profession\/#breadcrumb\"},\"inLanguage\":\"fr-FR\",\"potentialAction\":[{\"@type\":\"ReadAction\",\"target\":[\"https:\/\/bobea.net\/index.php\/2024\/07\/03\/amina-djebbar-la-mode-comme-passion-et-profession\/\"]}]},{\"@type\":\"ImageObject\",\"inLanguage\":\"fr-FR\",\"@id\":\"https:\/\/bobea.net\/index.php\/2024\/07\/03\/amina-djebbar-la-mode-comme-passion-et-profession\/#primaryimage\",\"url\":\"https:\/\/bobea.net\/wp-content\/uploads\/2024\/07\/th-1.jpeg\",\"contentUrl\":\"https:\/\/bobea.net\/wp-content\/uploads\/2024\/07\/th-1.jpeg\",\"width\":474,\"height\":316,\"caption\":\"Amina Djebbar : La Mode comme Passion et Profession\"},{\"@type\":\"BreadcrumbList\",\"@id\":\"https:\/\/bobea.net\/index.php\/2024\/07\/03\/amina-djebbar-la-mode-comme-passion-et-profession\/#breadcrumb\",\"itemListElement\":[{\"@type\":\"ListItem\",\"position\":1,\"name\":\"Accueil\",\"item\":\"https:\/\/bobea.net\/\"},{\"@type\":\"ListItem\",\"position\":2,\"name\":\"Amina Djebbar : La Mode comme Passion et Profession\"}]},{\"@type\":\"WebSite\",\"@id\":\"https:\/\/bobea.net\/#website\",\"url\":\"https:\/\/bobea.net\/\",\"name\":\"Bobea\",\"description\":\"Le magazine de la nouvelle \u00c8ve\",\"publisher\":{\"@id\":\"https:\/\/bobea.net\/#organization\"},\"potentialAction\":[{\"@type\":\"SearchAction\",\"target\":{\"@type\":\"EntryPoint\",\"urlTemplate\":\"https:\/\/bobea.net\/?s={search_term_string}\"},\"query-input\":{\"@type\":\"PropertyValueSpecification\",\"valueRequired\":true,\"valueName\":\"search_term_string\"}}],\"inLanguage\":\"fr-FR\"},{\"@type\":\"Organization\",\"@id\":\"https:\/\/bobea.net\/#organization\",\"name\":\"Bobea\",\"url\":\"https:\/\/bobea.net\/\",\"logo\":{\"@type\":\"ImageObject\",\"inLanguage\":\"fr-FR\",\"@id\":\"https:\/\/bobea.net\/#\/schema\/logo\/image\/\",\"url\":\"https:\/\/bobea.net\/wp-content\/uploads\/2024\/06\/bobea.jpg\",\"contentUrl\":\"https:\/\/bobea.net\/wp-content\/uploads\/2024\/06\/bobea.jpg\",\"width\":1080,\"height\":1080,\"caption\":\"Bobea\"},\"image\":{\"@id\":\"https:\/\/bobea.net\/#\/schema\/logo\/image\/\"},\"sameAs\":[\"https:\/\/web.facebook.com\/profile.php?id=61559252188416\"]},{\"@type\":\"Person\",\"@id\":\"https:\/\/bobea.net\/#\/schema\/person\/e7f45ef187918d7c956bf619dce90ccf\",\"name\":\"bobea.info\",\"image\":{\"@type\":\"ImageObject\",\"inLanguage\":\"fr-FR\",\"@id\":\"https:\/\/bobea.net\/#\/schema\/person\/image\/\",\"url\":\"https:\/\/secure.gravatar.com\/avatar\/36147980349df887ae30808df3e29474?s=96&d=mm&r=g\",\"contentUrl\":\"https:\/\/secure.gravatar.com\/avatar\/36147980349df887ae30808df3e29474?s=96&d=mm&r=g\",\"caption\":\"bobea.info\"},\"sameAs\":[\"https:\/\/bobea.net\"],\"url\":\"https:\/\/bobea.net\/index.php\/author\/bobea-info\/\"}]}<\/script>\n<!-- \/ Yoast SEO plugin. -->","yoast_head_json":{"title":"Amina Djebbar : La Mode comme Passion et Profession - Bobea","description":"Amina Djebbar, entrepreneure alg\u00e9rienne dipl\u00f4m\u00e9e en traduction arabe-fran\u00e7ais-anglais de l'universit\u00e9 d'Alger, a transform\u00e9","robots":{"index":"index","follow":"follow","max-snippet":"max-snippet:-1","max-image-preview":"max-image-preview:large","max-video-preview":"max-video-preview:-1"},"canonical":"https:\/\/bobea.net\/index.php\/2024\/07\/03\/amina-djebbar-la-mode-comme-passion-et-profession\/","og_locale":"fr_FR","og_type":"article","og_title":"Amina Djebbar : La Mode comme Passion et Profession - Bobea","og_description":"Amina Djebbar, entrepreneure alg\u00e9rienne dipl\u00f4m\u00e9e en traduction arabe-fran\u00e7ais-anglais de l'universit\u00e9 d'Alger, a transform\u00e9","og_url":"https:\/\/bobea.net\/index.php\/2024\/07\/03\/amina-djebbar-la-mode-comme-passion-et-profession\/","og_site_name":"Bobea","article_publisher":"https:\/\/web.facebook.com\/profile.php?id=61559252188416","article_published_time":"2024-07-03T18:21:54+00:00","article_modified_time":"2024-07-03T18:27:45+00:00","og_image":[{"width":474,"height":316,"url":"https:\/\/bobea.net\/wp-content\/uploads\/2024\/07\/th-1.jpeg","type":"image\/jpeg"}],"author":"bobea.info","twitter_card":"summary_large_image","twitter_misc":{"\u00c9crit par":"bobea.info","Dur\u00e9e de lecture estim\u00e9e":"2 minutes"},"schema":{"@context":"https:\/\/schema.org","@graph":[{"@type":"Article","@id":"https:\/\/bobea.net\/index.php\/2024\/07\/03\/amina-djebbar-la-mode-comme-passion-et-profession\/#article","isPartOf":{"@id":"https:\/\/bobea.net\/index.php\/2024\/07\/03\/amina-djebbar-la-mode-comme-passion-et-profession\/"},"author":{"name":"bobea.info","@id":"https:\/\/bobea.net\/#\/schema\/person\/e7f45ef187918d7c956bf619dce90ccf"},"headline":"Amina Djebbar : La Mode comme Passion et Profession","datePublished":"2024-07-03T18:21:54+00:00","dateModified":"2024-07-03T18:27:45+00:00","mainEntityOfPage":{"@id":"https:\/\/bobea.net\/index.php\/2024\/07\/03\/amina-djebbar-la-mode-comme-passion-et-profession\/"},"wordCount":350,"commentCount":0,"publisher":{"@id":"https:\/\/bobea.net\/#organization"},"image":{"@id":"https:\/\/bobea.net\/index.php\/2024\/07\/03\/amina-djebbar-la-mode-comme-passion-et-profession\/#primaryimage"},"thumbnailUrl":"https:\/\/bobea.net\/wp-content\/uploads\/2024\/07\/th-1.jpeg","articleSection":["Mode"],"inLanguage":"fr-FR","potentialAction":[{"@type":"CommentAction","name":"Comment","target":["https:\/\/bobea.net\/index.php\/2024\/07\/03\/amina-djebbar-la-mode-comme-passion-et-profession\/#respond"]}]},{"@type":"WebPage","@id":"https:\/\/bobea.net\/index.php\/2024\/07\/03\/amina-djebbar-la-mode-comme-passion-et-profession\/","url":"https:\/\/bobea.net\/index.php\/2024\/07\/03\/amina-djebbar-la-mode-comme-passion-et-profession\/","name":"Amina Djebbar : La Mode comme Passion et Profession - Bobea","isPartOf":{"@id":"https:\/\/bobea.net\/#website"},"primaryImageOfPage":{"@id":"https:\/\/bobea.net\/index.php\/2024\/07\/03\/amina-djebbar-la-mode-comme-passion-et-profession\/#primaryimage"},"image":{"@id":"https:\/\/bobea.net\/index.php\/2024\/07\/03\/amina-djebbar-la-mode-comme-passion-et-profession\/#primaryimage"},"thumbnailUrl":"https:\/\/bobea.net\/wp-content\/uploads\/2024\/07\/th-1.jpeg","datePublished":"2024-07-03T18:21:54+00:00","dateModified":"2024-07-03T18:27:45+00:00","description":"Amina Djebbar, entrepreneure alg\u00e9rienne dipl\u00f4m\u00e9e en traduction arabe-fran\u00e7ais-anglais de l'universit\u00e9 d'Alger, a transform\u00e9","breadcrumb":{"@id":"https:\/\/bobea.net\/index.php\/2024\/07\/03\/amina-djebbar-la-mode-comme-passion-et-profession\/#breadcrumb"},"inLanguage":"fr-FR","potentialAction":[{"@type":"ReadAction","target":["https:\/\/bobea.net\/index.php\/2024\/07\/03\/amina-djebbar-la-mode-comme-passion-et-profession\/"]}]},{"@type":"ImageObject","inLanguage":"fr-FR","@id":"https:\/\/bobea.net\/index.php\/2024\/07\/03\/amina-djebbar-la-mode-comme-passion-et-profession\/#primaryimage","url":"https:\/\/bobea.net\/wp-content\/uploads\/2024\/07\/th-1.jpeg","contentUrl":"https:\/\/bobea.net\/wp-content\/uploads\/2024\/07\/th-1.jpeg","width":474,"height":316,"caption":"Amina Djebbar : La Mode comme Passion et Profession"},{"@type":"BreadcrumbList","@id":"https:\/\/bobea.net\/index.php\/2024\/07\/03\/amina-djebbar-la-mode-comme-passion-et-profession\/#breadcrumb","itemListElement":[{"@type":"ListItem","position":1,"name":"Accueil","item":"https:\/\/bobea.net\/"},{"@type":"ListItem","position":2,"name":"Amina Djebbar : La Mode comme Passion et Profession"}]},{"@type":"WebSite","@id":"https:\/\/bobea.net\/#website","url":"https:\/\/bobea.net\/","name":"Bobea","description":"Le magazine de la nouvelle \u00c8ve","publisher":{"@id":"https:\/\/bobea.net\/#organization"},"potentialAction":[{"@type":"SearchAction","target":{"@type":"EntryPoint","urlTemplate":"https:\/\/bobea.net\/?s={search_term_string}"},"query-input":{"@type":"PropertyValueSpecification","valueRequired":true,"valueName":"search_term_string"}}],"inLanguage":"fr-FR"},{"@type":"Organization","@id":"https:\/\/bobea.net\/#organization","name":"Bobea","url":"https:\/\/bobea.net\/","logo":{"@type":"ImageObject","inLanguage":"fr-FR","@id":"https:\/\/bobea.net\/#\/schema\/logo\/image\/","url":"https:\/\/bobea.net\/wp-content\/uploads\/2024\/06\/bobea.jpg","contentUrl":"https:\/\/bobea.net\/wp-content\/uploads\/2024\/06\/bobea.jpg","width":1080,"height":1080,"caption":"Bobea"},"image":{"@id":"https:\/\/bobea.net\/#\/schema\/logo\/image\/"},"sameAs":["https:\/\/web.facebook.com\/profile.php?id=61559252188416"]},{"@type":"Person","@id":"https:\/\/bobea.net\/#\/schema\/person\/e7f45ef187918d7c956bf619dce90ccf","name":"bobea.info","image":{"@type":"ImageObject","inLanguage":"fr-FR","@id":"https:\/\/bobea.net\/#\/schema\/person\/image\/","url":"https:\/\/secure.gravatar.com\/avatar\/36147980349df887ae30808df3e29474?s=96&d=mm&r=g","contentUrl":"https:\/\/secure.gravatar.com\/avatar\/36147980349df887ae30808df3e29474?s=96&d=mm&r=g","caption":"bobea.info"},"sameAs":["https:\/\/bobea.net"],"url":"https:\/\/bobea.net\/index.php\/author\/bobea-info\/"}]}},"_links":{"self":[{"href":"https:\/\/bobea.net\/index.php\/wp-json\/wp\/v2\/posts\/2990"}],"collection":[{"href":"https:\/\/bobea.net\/index.php\/wp-json\/wp\/v2\/posts"}],"about":[{"href":"https:\/\/bobea.net\/index.php\/wp-json\/wp\/v2\/types\/post"}],"author":[{"embeddable":true,"href":"https:\/\/bobea.net\/index.php\/wp-json\/wp\/v2\/users\/1"}],"replies":[{"embeddable":true,"href":"https:\/\/bobea.net\/index.php\/wp-json\/wp\/v2\/comments?post=2990"}],"version-history":[{"count":0,"href":"https:\/\/bobea.net\/index.php\/wp-json\/wp\/v2\/posts\/2990\/revisions"}],"wp:featuredmedia":[{"embeddable":true,"href":"https:\/\/bobea.net\/index.php\/wp-json\/wp\/v2\/media\/2994"}],"wp:attachment":[{"href":"https:\/\/bobea.net\/index.php\/wp-json\/wp\/v2\/media?parent=2990"}],"wp:term":[{"taxonomy":"category","embeddable":true,"href":"https:\/\/bobea.net\/index.php\/wp-json\/wp\/v2\/categories?post=2990"},{"taxonomy":"post_tag","embeddable":true,"href":"https:\/\/bobea.net\/index.php\/wp-json\/wp\/v2\/tags?post=2990"}],"curies":[{"name":"wp","href":"https:\/\/api.w.org\/{rel}","templated":true}]}}