{"id":29876,"date":"2026-01-27T19:22:06","date_gmt":"2026-01-27T19:22:06","guid":{"rendered":"https:\/\/bobea.net\/?p=29876"},"modified":"2026-01-27T19:22:08","modified_gmt":"2026-01-27T19:22:08","slug":"amazonie-le-retour-aux-sources-au-dela-du-temps-et-de-la-technologie","status":"publish","type":"post","link":"https:\/\/bobea.net\/index.php\/2026\/01\/27\/amazonie-le-retour-aux-sources-au-dela-du-temps-et-de-la-technologie\/","title":{"rendered":"Amazonie : Le retour aux sources au-del\u00e0 du temps et de la technologie"},"content":{"rendered":"\n<p><strong>Par la R\u00e9dac\u00adtion de BOBEA<\/strong><\/p>\n\n\n\n<p>En 2026, le voy\u00adage ne se mesure plus en kilo\u00adm\u00e8tres, mais en silence. Pour les lec\u00adtri\u00adces de BOBEA en qu\u00eate de sens, l\u2019A\u00adma\u00adzonie br\u00e9sili\u00adenne n\u2019est plus une des\u00adti\u00adna\u00adtion touris\u00adtique, mais un sanc\u00adtu\u00adaire de survie spir\u00adituelle. S\u2019en\u00adfon\u00adcer dans le \u201cpoumon vert\u201d de la plan\u00e8te, c\u2019est accepter de per\u00addre le sig\u00adnal pour retrou\u00adver son pro\u00adpre nord.<\/p>\n\n\n\n<p><strong>La d\u00e9con\u00adnex\u00adion comme luxe ultime<\/strong><\/p>\n\n\n\n<p>Dans notre monde hyper-con\u00adnec\u00adt\u00e9, l\u2019A\u00adma\u00adzonie offre la seule bar\u00adri\u00e8re infran\u00adchiss\u00adable pour les ondes satel\u00adlites. Par\u00adtir l\u00e0-bas, c\u2019est vivre un \u201cblack\u00adout num\u00e9rique\u201d volon\u00adtaire. L\u2019ar\u00adti\u00adcle d\u00e9crit l\u2019ex\u00adp\u00e9ri\u00adence de ces retraites dirig\u00e9es par des femmes autochtones o\u00f9 l\u2019on r\u00e9ap\u00adprend les cycles de la lumi\u00e8re et de l\u2019eau. \u00ab Ici, le temps n\u2019est plus une ligne droite, c\u2019est un cer\u00adcle \u00bb, explique une guide. On y d\u00e9cou\u00advre que la v\u00e9ri\u00adta\u00adble richesse n\u2019est pas dans l\u2019avoir, mais dans la pr\u00e9sence pure au milieu d\u2019une nature qui ne nous appar\u00adtient pas.<\/p>\n\n\n\n<figure class=\"wp-block-image size-large\"><img loading=\"lazy\" decoding=\"async\" width=\"1024\" height=\"512\" src=\"https:\/\/bobea.net\/wp-content\/uploads\/2026\/01\/image-169-1024x512.png\" alt class=\"wp-image-29878\" srcset=\"https:\/\/bobea.net\/wp-content\/uploads\/2026\/01\/image-169-1024x512.png 1024w, https:\/\/bobea.net\/wp-content\/uploads\/2026\/01\/image-169-300x150.png 300w, https:\/\/bobea.net\/wp-content\/uploads\/2026\/01\/image-169-768x384.png 768w, https:\/\/bobea.net\/wp-content\/uploads\/2026\/01\/image-169.png 1342w\" sizes=\"(max-width: 1024px) 100vw, 1024px\"><\/figure>\n\n\n\n<p><strong>Les gar\u00addi\u00adennes de la for\u00eat : Un engage\u00adment mil\u00adi\u00adtant<\/strong><\/p>\n\n\n\n<p>BOBEA souligne l\u2019im\u00adpor\u00adtance de ce voy\u00adage comme acte poli\u00adtique. Vis\u00aditer l\u2019A\u00adma\u00adzonie en 2026, c\u2019est soutenir directe\u00adment les com\u00admu\u00adnaut\u00e9s de femmes qui lut\u00adtent con\u00adtre l\u2019in\u00addus\u00adtrie mini\u00e8re. Ce retour aux sources est aus\u00adsi une le\u00e7on de r\u00e9sis\u00adtance. Les voyageuses par\u00adticipent \u00e0 des rit\u00aduels ances\u00adtraux, appren\u00adnent la phar\u00adma\u00adcop\u00e9e de la for\u00eat et com\u00adpren\u00adnent que la pr\u00e9ser\u00adva\u00adtion de ce bio\u00adme est la con\u00addi\u00adtion de notre pro\u00adpre survie. C\u2019est une immer\u00adsion qui change une femme \u00e0 jamais, la d\u00e9pouil\u00adlant de ses arti\u00adfices de dirigeante pour ne laiss\u00ader que l\u2019essen\u00adtiel.<\/p>\n","protected":false},"excerpt":{"rendered":"<p>Par la R\u00e9dac\u00adtion de BOBEA En 2026, le voy\u00adage ne se mesure plus en kilo\u00adm\u00e8tres, mais en silence. Pour les lec\u00adtri\u00adces de BOBEA en qu\u00eate de sens, l\u2019A\u00adma\u00adzonie br\u00e9sili\u00adenne n\u2019est\u2026 <\/p>\n","protected":false},"author":1,"featured_media":29877,"comment_status":"open","ping_status":"closed","sticky":false,"template":"","format":"standard","meta":{"wp_typography_post_enhancements_disabled":false,"footnotes":""},"categories":[53],"tags":[22185,22184,22187,22186,22182,22183],"class_list":["post-29876","post","type-post","status-publish","format-standard","has-post-thumbnail","hentry","category-viva","tag-deconnexion-numerique-voyage","tag-ecotourisme-engage","tag-femmes-autochtones-amazonie","tag-retour-aux-sources","tag-retraite-spirituelle-bresil","tag-voyage-amazonie-2026"],"yoast_head":"<!-- This site is optimized with the Yoast SEO plugin v24.7 - https:\/\/yoast.com\/wordpress\/plugins\/seo\/ -->\n<title>Amazonie : Le retour aux sources au-del\u00e0 du temps et de la technologie - Bobea<\/title>\n<meta name=\"robots\" content=\"index, follow, max-snippet:-1, max-image-preview:large, max-video-preview:-1\" \/>\n<link rel=\"canonical\" href=\"https:\/\/bobea.net\/index.php\/2026\/01\/27\/amazonie-le-retour-aux-sources-au-dela-du-temps-et-de-la-technologie\/\" \/>\n<meta property=\"og:locale\" content=\"fr_FR\" \/>\n<meta property=\"og:type\" content=\"article\" \/>\n<meta property=\"og:title\" content=\"Amazonie : Le retour aux sources au-del\u00e0 du temps et de la technologie - Bobea\" \/>\n<meta property=\"og:description\" content=\"Par la R\u00e9dac\u00adtion de BOBEA En 2026, le voy\u00adage ne se mesure plus en kilo\u00adm\u00e8tres, mais en silence. Pour les lec\u00adtri\u00adces de BOBEA en qu\u00eate de sens, l\u2019A\u00adma\u00adzonie br\u00e9sili\u00adenne n\u2019est&hellip;\" \/>\n<meta property=\"og:url\" content=\"https:\/\/bobea.net\/index.php\/2026\/01\/27\/amazonie-le-retour-aux-sources-au-dela-du-temps-et-de-la-technologie\/\" \/>\n<meta property=\"og:site_name\" content=\"Bobea\" \/>\n<meta property=\"article:publisher\" content=\"https:\/\/web.facebook.com\/profile.php?id=61559252188416\" \/>\n<meta property=\"article:published_time\" content=\"2026-01-27T19:22:06+00:00\" \/>\n<meta property=\"article:modified_time\" content=\"2026-01-27T19:22:08+00:00\" \/>\n<meta property=\"og:image\" content=\"https:\/\/bobea.net\/wp-content\/uploads\/2026\/01\/brazil_deforestation_12222015_1.jpg\" \/>\n\t<meta property=\"og:image:width\" content=\"1500\" \/>\n\t<meta property=\"og:image:height\" content=\"1000\" \/>\n\t<meta property=\"og:image:type\" content=\"image\/jpeg\" \/>\n<meta name=\"author\" content=\"bobea.info\" \/>\n<meta name=\"twitter:card\" content=\"summary_large_image\" \/>\n<meta name=\"twitter:label1\" content=\"\u00c9crit par\" \/>\n\t<meta name=\"twitter:data1\" content=\"bobea.info\" \/>\n\t<meta name=\"twitter:label2\" content=\"Dur\u00e9e de lecture estim\u00e9e\" \/>\n\t<meta name=\"twitter:data2\" content=\"2 minutes\" \/>\n<script type=\"application\/ld+json\" class=\"yoast-schema-graph\">{\"@context\":\"https:\/\/schema.org\",\"@graph\":[{\"@type\":\"Article\",\"@id\":\"https:\/\/bobea.net\/index.php\/2026\/01\/27\/amazonie-le-retour-aux-sources-au-dela-du-temps-et-de-la-technologie\/#article\",\"isPartOf\":{\"@id\":\"https:\/\/bobea.net\/index.php\/2026\/01\/27\/amazonie-le-retour-aux-sources-au-dela-du-temps-et-de-la-technologie\/\"},\"author\":{\"name\":\"bobea.info\",\"@id\":\"https:\/\/bobea.net\/#\/schema\/person\/e7f45ef187918d7c956bf619dce90ccf\"},\"headline\":\"Amazonie : Le retour aux sources au-del\u00e0 du temps et de la technologie\",\"datePublished\":\"2026-01-27T19:22:06+00:00\",\"dateModified\":\"2026-01-27T19:22:08+00:00\",\"mainEntityOfPage\":{\"@id\":\"https:\/\/bobea.net\/index.php\/2026\/01\/27\/amazonie-le-retour-aux-sources-au-dela-du-temps-et-de-la-technologie\/\"},\"wordCount\":294,\"commentCount\":0,\"publisher\":{\"@id\":\"https:\/\/bobea.net\/#organization\"},\"image\":{\"@id\":\"https:\/\/bobea.net\/index.php\/2026\/01\/27\/amazonie-le-retour-aux-sources-au-dela-du-temps-et-de-la-technologie\/#primaryimage\"},\"thumbnailUrl\":\"https:\/\/bobea.net\/wp-content\/uploads\/2026\/01\/brazil_deforestation_12222015_1.jpg\",\"keywords\":[\"D\u00e9connexion num\u00e9rique voyage\",\"\u00c9cotourisme engag\u00e9\",\"Femmes autochtones Amazonie\",\"Retour aux sources\",\"Retraite spirituelle Br\u00e9sil\",\"Voyage Amazonie 2026\"],\"articleSection\":[\"Viva\"],\"inLanguage\":\"fr-FR\",\"potentialAction\":[{\"@type\":\"CommentAction\",\"name\":\"Comment\",\"target\":[\"https:\/\/bobea.net\/index.php\/2026\/01\/27\/amazonie-le-retour-aux-sources-au-dela-du-temps-et-de-la-technologie\/#respond\"]}]},{\"@type\":\"WebPage\",\"@id\":\"https:\/\/bobea.net\/index.php\/2026\/01\/27\/amazonie-le-retour-aux-sources-au-dela-du-temps-et-de-la-technologie\/\",\"url\":\"https:\/\/bobea.net\/index.php\/2026\/01\/27\/amazonie-le-retour-aux-sources-au-dela-du-temps-et-de-la-technologie\/\",\"name\":\"Amazonie : Le retour aux sources au-del\u00e0 du temps et de la technologie - Bobea\",\"isPartOf\":{\"@id\":\"https:\/\/bobea.net\/#website\"},\"primaryImageOfPage\":{\"@id\":\"https:\/\/bobea.net\/index.php\/2026\/01\/27\/amazonie-le-retour-aux-sources-au-dela-du-temps-et-de-la-technologie\/#primaryimage\"},\"image\":{\"@id\":\"https:\/\/bobea.net\/index.php\/2026\/01\/27\/amazonie-le-retour-aux-sources-au-dela-du-temps-et-de-la-technologie\/#primaryimage\"},\"thumbnailUrl\":\"https:\/\/bobea.net\/wp-content\/uploads\/2026\/01\/brazil_deforestation_12222015_1.jpg\",\"datePublished\":\"2026-01-27T19:22:06+00:00\",\"dateModified\":\"2026-01-27T19:22:08+00:00\",\"breadcrumb\":{\"@id\":\"https:\/\/bobea.net\/index.php\/2026\/01\/27\/amazonie-le-retour-aux-sources-au-dela-du-temps-et-de-la-technologie\/#breadcrumb\"},\"inLanguage\":\"fr-FR\",\"potentialAction\":[{\"@type\":\"ReadAction\",\"target\":[\"https:\/\/bobea.net\/index.php\/2026\/01\/27\/amazonie-le-retour-aux-sources-au-dela-du-temps-et-de-la-technologie\/\"]}]},{\"@type\":\"ImageObject\",\"inLanguage\":\"fr-FR\",\"@id\":\"https:\/\/bobea.net\/index.php\/2026\/01\/27\/amazonie-le-retour-aux-sources-au-dela-du-temps-et-de-la-technologie\/#primaryimage\",\"url\":\"https:\/\/bobea.net\/wp-content\/uploads\/2026\/01\/brazil_deforestation_12222015_1.jpg\",\"contentUrl\":\"https:\/\/bobea.net\/wp-content\/uploads\/2026\/01\/brazil_deforestation_12222015_1.jpg\",\"width\":1500,\"height\":1000,\"caption\":\"Amazonie : Le retour aux sources au-del\u00e0 du temps et de la technologie\"},{\"@type\":\"BreadcrumbList\",\"@id\":\"https:\/\/bobea.net\/index.php\/2026\/01\/27\/amazonie-le-retour-aux-sources-au-dela-du-temps-et-de-la-technologie\/#breadcrumb\",\"itemListElement\":[{\"@type\":\"ListItem\",\"position\":1,\"name\":\"Accueil\",\"item\":\"https:\/\/bobea.net\/\"},{\"@type\":\"ListItem\",\"position\":2,\"name\":\"Amazonie : Le retour aux sources au-del\u00e0 du temps et de la technologie\"}]},{\"@type\":\"WebSite\",\"@id\":\"https:\/\/bobea.net\/#website\",\"url\":\"https:\/\/bobea.net\/\",\"name\":\"Bobea\",\"description\":\"Le magazine de la nouvelle \u00c8ve\",\"publisher\":{\"@id\":\"https:\/\/bobea.net\/#organization\"},\"potentialAction\":[{\"@type\":\"SearchAction\",\"target\":{\"@type\":\"EntryPoint\",\"urlTemplate\":\"https:\/\/bobea.net\/?s={search_term_string}\"},\"query-input\":{\"@type\":\"PropertyValueSpecification\",\"valueRequired\":true,\"valueName\":\"search_term_string\"}}],\"inLanguage\":\"fr-FR\"},{\"@type\":\"Organization\",\"@id\":\"https:\/\/bobea.net\/#organization\",\"name\":\"Bobea\",\"url\":\"https:\/\/bobea.net\/\",\"logo\":{\"@type\":\"ImageObject\",\"inLanguage\":\"fr-FR\",\"@id\":\"https:\/\/bobea.net\/#\/schema\/logo\/image\/\",\"url\":\"https:\/\/bobea.net\/wp-content\/uploads\/2024\/06\/bobea.jpg\",\"contentUrl\":\"https:\/\/bobea.net\/wp-content\/uploads\/2024\/06\/bobea.jpg\",\"width\":1080,\"height\":1080,\"caption\":\"Bobea\"},\"image\":{\"@id\":\"https:\/\/bobea.net\/#\/schema\/logo\/image\/\"},\"sameAs\":[\"https:\/\/web.facebook.com\/profile.php?id=61559252188416\"]},{\"@type\":\"Person\",\"@id\":\"https:\/\/bobea.net\/#\/schema\/person\/e7f45ef187918d7c956bf619dce90ccf\",\"name\":\"bobea.info\",\"image\":{\"@type\":\"ImageObject\",\"inLanguage\":\"fr-FR\",\"@id\":\"https:\/\/bobea.net\/#\/schema\/person\/image\/\",\"url\":\"https:\/\/secure.gravatar.com\/avatar\/36147980349df887ae30808df3e29474?s=96&d=mm&r=g\",\"contentUrl\":\"https:\/\/secure.gravatar.com\/avatar\/36147980349df887ae30808df3e29474?s=96&d=mm&r=g\",\"caption\":\"bobea.info\"},\"sameAs\":[\"https:\/\/bobea.net\"],\"url\":\"https:\/\/bobea.net\/index.php\/author\/bobea-info\/\"}]}<\/script>\n<!-- \/ Yoast SEO plugin. -->","yoast_head_json":{"title":"Amazonie : Le retour aux sources au-del\u00e0 du temps et de la technologie - Bobea","robots":{"index":"index","follow":"follow","max-snippet":"max-snippet:-1","max-image-preview":"max-image-preview:large","max-video-preview":"max-video-preview:-1"},"canonical":"https:\/\/bobea.net\/index.php\/2026\/01\/27\/amazonie-le-retour-aux-sources-au-dela-du-temps-et-de-la-technologie\/","og_locale":"fr_FR","og_type":"article","og_title":"Amazonie : Le retour aux sources au-del\u00e0 du temps et de la technologie - Bobea","og_description":"Par la R\u00e9dac\u00adtion de BOBEA En 2026, le voy\u00adage ne se mesure plus en kilo\u00adm\u00e8tres, mais en silence. Pour les lec\u00adtri\u00adces de BOBEA en qu\u00eate de sens, l\u2019A\u00adma\u00adzonie br\u00e9sili\u00adenne n\u2019est&hellip;","og_url":"https:\/\/bobea.net\/index.php\/2026\/01\/27\/amazonie-le-retour-aux-sources-au-dela-du-temps-et-de-la-technologie\/","og_site_name":"Bobea","article_publisher":"https:\/\/web.facebook.com\/profile.php?id=61559252188416","article_published_time":"2026-01-27T19:22:06+00:00","article_modified_time":"2026-01-27T19:22:08+00:00","og_image":[{"width":1500,"height":1000,"url":"https:\/\/bobea.net\/wp-content\/uploads\/2026\/01\/brazil_deforestation_12222015_1.jpg","type":"image\/jpeg"}],"author":"bobea.info","twitter_card":"summary_large_image","twitter_misc":{"\u00c9crit par":"bobea.info","Dur\u00e9e de lecture estim\u00e9e":"2 minutes"},"schema":{"@context":"https:\/\/schema.org","@graph":[{"@type":"Article","@id":"https:\/\/bobea.net\/index.php\/2026\/01\/27\/amazonie-le-retour-aux-sources-au-dela-du-temps-et-de-la-technologie\/#article","isPartOf":{"@id":"https:\/\/bobea.net\/index.php\/2026\/01\/27\/amazonie-le-retour-aux-sources-au-dela-du-temps-et-de-la-technologie\/"},"author":{"name":"bobea.info","@id":"https:\/\/bobea.net\/#\/schema\/person\/e7f45ef187918d7c956bf619dce90ccf"},"headline":"Amazonie : Le retour aux sources au-del\u00e0 du temps et de la technologie","datePublished":"2026-01-27T19:22:06+00:00","dateModified":"2026-01-27T19:22:08+00:00","mainEntityOfPage":{"@id":"https:\/\/bobea.net\/index.php\/2026\/01\/27\/amazonie-le-retour-aux-sources-au-dela-du-temps-et-de-la-technologie\/"},"wordCount":294,"commentCount":0,"publisher":{"@id":"https:\/\/bobea.net\/#organization"},"image":{"@id":"https:\/\/bobea.net\/index.php\/2026\/01\/27\/amazonie-le-retour-aux-sources-au-dela-du-temps-et-de-la-technologie\/#primaryimage"},"thumbnailUrl":"https:\/\/bobea.net\/wp-content\/uploads\/2026\/01\/brazil_deforestation_12222015_1.jpg","keywords":["D\u00e9connexion num\u00e9rique voyage","\u00c9cotourisme engag\u00e9","Femmes autochtones Amazonie","Retour aux sources","Retraite spirituelle Br\u00e9sil","Voyage Amazonie 2026"],"articleSection":["Viva"],"inLanguage":"fr-FR","potentialAction":[{"@type":"CommentAction","name":"Comment","target":["https:\/\/bobea.net\/index.php\/2026\/01\/27\/amazonie-le-retour-aux-sources-au-dela-du-temps-et-de-la-technologie\/#respond"]}]},{"@type":"WebPage","@id":"https:\/\/bobea.net\/index.php\/2026\/01\/27\/amazonie-le-retour-aux-sources-au-dela-du-temps-et-de-la-technologie\/","url":"https:\/\/bobea.net\/index.php\/2026\/01\/27\/amazonie-le-retour-aux-sources-au-dela-du-temps-et-de-la-technologie\/","name":"Amazonie : Le retour aux sources au-del\u00e0 du temps et de la technologie - Bobea","isPartOf":{"@id":"https:\/\/bobea.net\/#website"},"primaryImageOfPage":{"@id":"https:\/\/bobea.net\/index.php\/2026\/01\/27\/amazonie-le-retour-aux-sources-au-dela-du-temps-et-de-la-technologie\/#primaryimage"},"image":{"@id":"https:\/\/bobea.net\/index.php\/2026\/01\/27\/amazonie-le-retour-aux-sources-au-dela-du-temps-et-de-la-technologie\/#primaryimage"},"thumbnailUrl":"https:\/\/bobea.net\/wp-content\/uploads\/2026\/01\/brazil_deforestation_12222015_1.jpg","datePublished":"2026-01-27T19:22:06+00:00","dateModified":"2026-01-27T19:22:08+00:00","breadcrumb":{"@id":"https:\/\/bobea.net\/index.php\/2026\/01\/27\/amazonie-le-retour-aux-sources-au-dela-du-temps-et-de-la-technologie\/#breadcrumb"},"inLanguage":"fr-FR","potentialAction":[{"@type":"ReadAction","target":["https:\/\/bobea.net\/index.php\/2026\/01\/27\/amazonie-le-retour-aux-sources-au-dela-du-temps-et-de-la-technologie\/"]}]},{"@type":"ImageObject","inLanguage":"fr-FR","@id":"https:\/\/bobea.net\/index.php\/2026\/01\/27\/amazonie-le-retour-aux-sources-au-dela-du-temps-et-de-la-technologie\/#primaryimage","url":"https:\/\/bobea.net\/wp-content\/uploads\/2026\/01\/brazil_deforestation_12222015_1.jpg","contentUrl":"https:\/\/bobea.net\/wp-content\/uploads\/2026\/01\/brazil_deforestation_12222015_1.jpg","width":1500,"height":1000,"caption":"Amazonie : Le retour aux sources au-del\u00e0 du temps et de la technologie"},{"@type":"BreadcrumbList","@id":"https:\/\/bobea.net\/index.php\/2026\/01\/27\/amazonie-le-retour-aux-sources-au-dela-du-temps-et-de-la-technologie\/#breadcrumb","itemListElement":[{"@type":"ListItem","position":1,"name":"Accueil","item":"https:\/\/bobea.net\/"},{"@type":"ListItem","position":2,"name":"Amazonie : Le retour aux sources au-del\u00e0 du temps et de la technologie"}]},{"@type":"WebSite","@id":"https:\/\/bobea.net\/#website","url":"https:\/\/bobea.net\/","name":"Bobea","description":"Le magazine de la nouvelle \u00c8ve","publisher":{"@id":"https:\/\/bobea.net\/#organization"},"potentialAction":[{"@type":"SearchAction","target":{"@type":"EntryPoint","urlTemplate":"https:\/\/bobea.net\/?s={search_term_string}"},"query-input":{"@type":"PropertyValueSpecification","valueRequired":true,"valueName":"search_term_string"}}],"inLanguage":"fr-FR"},{"@type":"Organization","@id":"https:\/\/bobea.net\/#organization","name":"Bobea","url":"https:\/\/bobea.net\/","logo":{"@type":"ImageObject","inLanguage":"fr-FR","@id":"https:\/\/bobea.net\/#\/schema\/logo\/image\/","url":"https:\/\/bobea.net\/wp-content\/uploads\/2024\/06\/bobea.jpg","contentUrl":"https:\/\/bobea.net\/wp-content\/uploads\/2024\/06\/bobea.jpg","width":1080,"height":1080,"caption":"Bobea"},"image":{"@id":"https:\/\/bobea.net\/#\/schema\/logo\/image\/"},"sameAs":["https:\/\/web.facebook.com\/profile.php?id=61559252188416"]},{"@type":"Person","@id":"https:\/\/bobea.net\/#\/schema\/person\/e7f45ef187918d7c956bf619dce90ccf","name":"bobea.info","image":{"@type":"ImageObject","inLanguage":"fr-FR","@id":"https:\/\/bobea.net\/#\/schema\/person\/image\/","url":"https:\/\/secure.gravatar.com\/avatar\/36147980349df887ae30808df3e29474?s=96&d=mm&r=g","contentUrl":"https:\/\/secure.gravatar.com\/avatar\/36147980349df887ae30808df3e29474?s=96&d=mm&r=g","caption":"bobea.info"},"sameAs":["https:\/\/bobea.net"],"url":"https:\/\/bobea.net\/index.php\/author\/bobea-info\/"}]}},"_links":{"self":[{"href":"https:\/\/bobea.net\/index.php\/wp-json\/wp\/v2\/posts\/29876"}],"collection":[{"href":"https:\/\/bobea.net\/index.php\/wp-json\/wp\/v2\/posts"}],"about":[{"href":"https:\/\/bobea.net\/index.php\/wp-json\/wp\/v2\/types\/post"}],"author":[{"embeddable":true,"href":"https:\/\/bobea.net\/index.php\/wp-json\/wp\/v2\/users\/1"}],"replies":[{"embeddable":true,"href":"https:\/\/bobea.net\/index.php\/wp-json\/wp\/v2\/comments?post=29876"}],"version-history":[{"count":1,"href":"https:\/\/bobea.net\/index.php\/wp-json\/wp\/v2\/posts\/29876\/revisions"}],"predecessor-version":[{"id":29879,"href":"https:\/\/bobea.net\/index.php\/wp-json\/wp\/v2\/posts\/29876\/revisions\/29879"}],"wp:featuredmedia":[{"embeddable":true,"href":"https:\/\/bobea.net\/index.php\/wp-json\/wp\/v2\/media\/29877"}],"wp:attachment":[{"href":"https:\/\/bobea.net\/index.php\/wp-json\/wp\/v2\/media?parent=29876"}],"wp:term":[{"taxonomy":"category","embeddable":true,"href":"https:\/\/bobea.net\/index.php\/wp-json\/wp\/v2\/categories?post=29876"},{"taxonomy":"post_tag","embeddable":true,"href":"https:\/\/bobea.net\/index.php\/wp-json\/wp\/v2\/tags?post=29876"}],"curies":[{"name":"wp","href":"https:\/\/api.w.org\/{rel}","templated":true}]}}