{"id":29850,"date":"2026-01-27T18:14:08","date_gmt":"2026-01-27T18:14:08","guid":{"rendered":"https:\/\/bobea.net\/?p=29850"},"modified":"2026-01-27T18:14:23","modified_gmt":"2026-01-27T18:14:23","slug":"la-guerre-de-leau-les-militantes-ecologistes-en-premiere-ligne-du-conflit-climatique","status":"publish","type":"post","link":"https:\/\/bobea.net\/index.php\/2026\/01\/27\/la-guerre-de-leau-les-militantes-ecologistes-en-premiere-ligne-du-conflit-climatique\/","title":{"rendered":"La guerre de l\u2019eau : Les militantes \u00e9cologistes en premi\u00e8re ligne du conflit climatique"},"content":{"rendered":"\n<p><strong>Par la R\u00e9dac\u00adtion de BOBEA<\/strong><\/p>\n\n\n\n<p>L\u2019eau est dev\u00adenue l\u2019or bleu de 2026. Alors que les p\u00e9nuries se mul\u00adti\u00adplient, ce sont les femmes qui, partout dans le monde, pren\u00adnent la t\u00eate des mou\u00adve\u00adments de r\u00e9sis\u00adtance con\u00adtre la pri\u00advati\u00adsa\u00adtion des ressources hydriques. Un dossier qui lie \u00e9colo\u00adgie rad\u00adi\u00adcale, f\u00e9min\u00adisme et survie de l\u2019hu\u00adman\u00adit\u00e9.<\/p>\n\n\n\n<p><strong>Les femmes, pre\u00admi\u00e8res vic\u00adtimes et pre\u00admi\u00e8res r\u00e9sis\u00adtantes<\/strong><\/p>\n\n\n\n<p>L\u2019ar\u00adti\u00adcle explore la dimen\u00adsion gen\u00adr\u00e9e de la crise de l\u2019eau. Dans de nom\u00adbreuses soci\u00e9t\u00e9s, la ges\u00adtion de l\u2019eau repose sur les femmes, les ren\u00addant plus vul\u00adn\u00e9rables aux s\u00e9cher\u00adess\u00ades. Mais cette vul\u00adn\u00e9ra\u00adbil\u00adit\u00e9 s\u2019est trans\u00adfor\u00adm\u00e9e en exper\u00adtise. BOBEA donne la parole \u00e0 des ing\u00e9nieures et des activistes qui pro\u00adposent des solu\u00adtions de ges\u00adtion com\u00admu\u00adnau\u00adtaire de l\u2019eau, loin des mod\u00ad\u00e8les de sur\u00adex\u00adploita\u00adtion indus\u00adtrielle.<\/p>\n\n\n\n<figure class=\"wp-block-image size-full is-resized\"><img loading=\"lazy\" decoding=\"async\" width=\"550\" height=\"367\" src=\"https:\/\/bobea.net\/wp-content\/uploads\/2026\/01\/vignette-eau.jpg\" alt class=\"wp-image-29852\" style=\"width:840px;height:auto\" srcset=\"https:\/\/bobea.net\/wp-content\/uploads\/2026\/01\/vignette-eau.jpg 550w, https:\/\/bobea.net\/wp-content\/uploads\/2026\/01\/vignette-eau-300x200.jpg 300w\" sizes=\"(max-width: 550px) 100vw, 550px\"><\/figure>\n\n\n\n<p><strong>Diplo\u00admatie de l\u2019eau : Le r\u00f4le des femmes lead\u00aders<\/strong><\/p>\n\n\n\n<p>Au niveau inter\u00adna\u00adtion\u00adal, la \u201cdiplo\u00admatie de l\u2019eau\u201d est d\u00e9sor\u00admais port\u00e9e par des femmes qui cherchent \u00e0 \u00e9viter les con\u00adflits arm\u00e9s li\u00e9s aux fleuves trans\u00adfrontal\u00adiers. Elles pr\u00f4\u00adnent des trait\u00e9s de partage \u00e9quitable et une recon\u00adnais\u00adsance de l\u2019eau comme bien com\u00admun de l\u2019hu\u00adman\u00adit\u00e9. Un arti\u00adcle essen\u00adtiel pour com\u00adpren\u00addre que la paix future se jouera autour d\u2019un verre d\u2019eau.<\/p>\n","protected":false},"excerpt":{"rendered":"<p>Par la R\u00e9dac\u00adtion de BOBEA L\u2019eau est dev\u00adenue l\u2019or bleu de 2026. Alors que les p\u00e9nuries se mul\u00adti\u00adplient, ce sont les femmes qui, partout dans le monde, pren\u00adnent la t\u00eate\u2026 <\/p>\n","protected":false},"author":1,"featured_media":29851,"comment_status":"open","ping_status":"closed","sticky":false,"template":"","format":"standard","meta":{"wp_typography_post_enhancements_disabled":false,"footnotes":""},"categories":[73],"tags":[22156,22155,9879,22159,9230,22157,22158],"class_list":["post-29850","post","type-post","status-publish","format-standard","has-post-thumbnail","hentry","category-on-en-parle","tag-crise-de-leau-2026","tag-ecologie-feministe","tag-gestion-de-leau","tag-guerre-de-leau","tag-justice-climatique","tag-militantisme-ecologique","tag-ressources-hydriques"],"yoast_head":"<!-- This site is optimized with the Yoast SEO plugin v24.7 - https:\/\/yoast.com\/wordpress\/plugins\/seo\/ -->\n<title>La guerre de l&#039;eau : Les militantes \u00e9cologistes en premi\u00e8re ligne du conflit climatique - Bobea<\/title>\n<meta name=\"robots\" content=\"index, follow, max-snippet:-1, max-image-preview:large, max-video-preview:-1\" \/>\n<link rel=\"canonical\" href=\"https:\/\/bobea.net\/index.php\/2026\/01\/27\/la-guerre-de-leau-les-militantes-ecologistes-en-premiere-ligne-du-conflit-climatique\/\" \/>\n<meta property=\"og:locale\" content=\"fr_FR\" \/>\n<meta property=\"og:type\" content=\"article\" \/>\n<meta property=\"og:title\" content=\"La guerre de l&#039;eau : Les militantes \u00e9cologistes en premi\u00e8re ligne du conflit climatique - Bobea\" \/>\n<meta property=\"og:description\" content=\"Par la R\u00e9dac\u00adtion de BOBEA L\u2019eau est dev\u00adenue l\u2019or bleu de 2026. Alors que les p\u00e9nuries se mul\u00adti\u00adplient, ce sont les femmes qui, partout dans le monde, pren\u00adnent la t\u00eate&hellip;\" \/>\n<meta property=\"og:url\" content=\"https:\/\/bobea.net\/index.php\/2026\/01\/27\/la-guerre-de-leau-les-militantes-ecologistes-en-premiere-ligne-du-conflit-climatique\/\" \/>\n<meta property=\"og:site_name\" content=\"Bobea\" \/>\n<meta property=\"article:publisher\" content=\"https:\/\/web.facebook.com\/profile.php?id=61559252188416\" \/>\n<meta property=\"article:published_time\" content=\"2026-01-27T18:14:08+00:00\" \/>\n<meta property=\"article:modified_time\" content=\"2026-01-27T18:14:23+00:00\" \/>\n<meta property=\"og:image\" content=\"https:\/\/bobea.net\/wp-content\/uploads\/2026\/01\/000_323r938_72dpi.jpg\" \/>\n\t<meta property=\"og:image:width\" content=\"664\" \/>\n\t<meta property=\"og:image:height\" content=\"442\" \/>\n\t<meta property=\"og:image:type\" content=\"image\/jpeg\" \/>\n<meta name=\"author\" content=\"bobea.info\" \/>\n<meta name=\"twitter:card\" content=\"summary_large_image\" \/>\n<meta name=\"twitter:label1\" content=\"\u00c9crit par\" \/>\n\t<meta name=\"twitter:data1\" content=\"bobea.info\" \/>\n\t<meta name=\"twitter:label2\" content=\"Dur\u00e9e de lecture estim\u00e9e\" \/>\n\t<meta name=\"twitter:data2\" content=\"2 minutes\" \/>\n<script type=\"application\/ld+json\" class=\"yoast-schema-graph\">{\"@context\":\"https:\/\/schema.org\",\"@graph\":[{\"@type\":\"Article\",\"@id\":\"https:\/\/bobea.net\/index.php\/2026\/01\/27\/la-guerre-de-leau-les-militantes-ecologistes-en-premiere-ligne-du-conflit-climatique\/#article\",\"isPartOf\":{\"@id\":\"https:\/\/bobea.net\/index.php\/2026\/01\/27\/la-guerre-de-leau-les-militantes-ecologistes-en-premiere-ligne-du-conflit-climatique\/\"},\"author\":{\"name\":\"bobea.info\",\"@id\":\"https:\/\/bobea.net\/#\/schema\/person\/e7f45ef187918d7c956bf619dce90ccf\"},\"headline\":\"La guerre de l\u2019eau : Les militantes \u00e9cologistes en premi\u00e8re ligne du conflit climatique\",\"datePublished\":\"2026-01-27T18:14:08+00:00\",\"dateModified\":\"2026-01-27T18:14:23+00:00\",\"mainEntityOfPage\":{\"@id\":\"https:\/\/bobea.net\/index.php\/2026\/01\/27\/la-guerre-de-leau-les-militantes-ecologistes-en-premiere-ligne-du-conflit-climatique\/\"},\"wordCount\":232,\"commentCount\":0,\"publisher\":{\"@id\":\"https:\/\/bobea.net\/#organization\"},\"image\":{\"@id\":\"https:\/\/bobea.net\/index.php\/2026\/01\/27\/la-guerre-de-leau-les-militantes-ecologistes-en-premiere-ligne-du-conflit-climatique\/#primaryimage\"},\"thumbnailUrl\":\"https:\/\/bobea.net\/wp-content\/uploads\/2026\/01\/000_323r938_72dpi.jpg\",\"keywords\":[\"Crise de l'eau 2026\",\"\u00c9cologie f\u00e9ministe\",\"gestion de l'eau\",\"Guerre de l'eau\",\"justice climatique\",\"Militantisme \u00e9cologique\",\"Ressources hydriques\"],\"articleSection\":[\"On en Parle\"],\"inLanguage\":\"fr-FR\",\"potentialAction\":[{\"@type\":\"CommentAction\",\"name\":\"Comment\",\"target\":[\"https:\/\/bobea.net\/index.php\/2026\/01\/27\/la-guerre-de-leau-les-militantes-ecologistes-en-premiere-ligne-du-conflit-climatique\/#respond\"]}]},{\"@type\":\"WebPage\",\"@id\":\"https:\/\/bobea.net\/index.php\/2026\/01\/27\/la-guerre-de-leau-les-militantes-ecologistes-en-premiere-ligne-du-conflit-climatique\/\",\"url\":\"https:\/\/bobea.net\/index.php\/2026\/01\/27\/la-guerre-de-leau-les-militantes-ecologistes-en-premiere-ligne-du-conflit-climatique\/\",\"name\":\"La guerre de l'eau : Les militantes \u00e9cologistes en premi\u00e8re ligne du conflit climatique - Bobea\",\"isPartOf\":{\"@id\":\"https:\/\/bobea.net\/#website\"},\"primaryImageOfPage\":{\"@id\":\"https:\/\/bobea.net\/index.php\/2026\/01\/27\/la-guerre-de-leau-les-militantes-ecologistes-en-premiere-ligne-du-conflit-climatique\/#primaryimage\"},\"image\":{\"@id\":\"https:\/\/bobea.net\/index.php\/2026\/01\/27\/la-guerre-de-leau-les-militantes-ecologistes-en-premiere-ligne-du-conflit-climatique\/#primaryimage\"},\"thumbnailUrl\":\"https:\/\/bobea.net\/wp-content\/uploads\/2026\/01\/000_323r938_72dpi.jpg\",\"datePublished\":\"2026-01-27T18:14:08+00:00\",\"dateModified\":\"2026-01-27T18:14:23+00:00\",\"breadcrumb\":{\"@id\":\"https:\/\/bobea.net\/index.php\/2026\/01\/27\/la-guerre-de-leau-les-militantes-ecologistes-en-premiere-ligne-du-conflit-climatique\/#breadcrumb\"},\"inLanguage\":\"fr-FR\",\"potentialAction\":[{\"@type\":\"ReadAction\",\"target\":[\"https:\/\/bobea.net\/index.php\/2026\/01\/27\/la-guerre-de-leau-les-militantes-ecologistes-en-premiere-ligne-du-conflit-climatique\/\"]}]},{\"@type\":\"ImageObject\",\"inLanguage\":\"fr-FR\",\"@id\":\"https:\/\/bobea.net\/index.php\/2026\/01\/27\/la-guerre-de-leau-les-militantes-ecologistes-en-premiere-ligne-du-conflit-climatique\/#primaryimage\",\"url\":\"https:\/\/bobea.net\/wp-content\/uploads\/2026\/01\/000_323r938_72dpi.jpg\",\"contentUrl\":\"https:\/\/bobea.net\/wp-content\/uploads\/2026\/01\/000_323r938_72dpi.jpg\",\"width\":664,\"height\":442,\"caption\":\"La guerre de l'eau : Les militantes \u00e9cologistes en premi\u00e8re ligne du conflit climatique\"},{\"@type\":\"BreadcrumbList\",\"@id\":\"https:\/\/bobea.net\/index.php\/2026\/01\/27\/la-guerre-de-leau-les-militantes-ecologistes-en-premiere-ligne-du-conflit-climatique\/#breadcrumb\",\"itemListElement\":[{\"@type\":\"ListItem\",\"position\":1,\"name\":\"Accueil\",\"item\":\"https:\/\/bobea.net\/\"},{\"@type\":\"ListItem\",\"position\":2,\"name\":\"La guerre de l&rsquo;eau : Les militantes \u00e9cologistes en premi\u00e8re ligne du conflit climatique\"}]},{\"@type\":\"WebSite\",\"@id\":\"https:\/\/bobea.net\/#website\",\"url\":\"https:\/\/bobea.net\/\",\"name\":\"Bobea\",\"description\":\"Le magazine de la nouvelle \u00c8ve\",\"publisher\":{\"@id\":\"https:\/\/bobea.net\/#organization\"},\"potentialAction\":[{\"@type\":\"SearchAction\",\"target\":{\"@type\":\"EntryPoint\",\"urlTemplate\":\"https:\/\/bobea.net\/?s={search_term_string}\"},\"query-input\":{\"@type\":\"PropertyValueSpecification\",\"valueRequired\":true,\"valueName\":\"search_term_string\"}}],\"inLanguage\":\"fr-FR\"},{\"@type\":\"Organization\",\"@id\":\"https:\/\/bobea.net\/#organization\",\"name\":\"Bobea\",\"url\":\"https:\/\/bobea.net\/\",\"logo\":{\"@type\":\"ImageObject\",\"inLanguage\":\"fr-FR\",\"@id\":\"https:\/\/bobea.net\/#\/schema\/logo\/image\/\",\"url\":\"https:\/\/bobea.net\/wp-content\/uploads\/2024\/06\/bobea.jpg\",\"contentUrl\":\"https:\/\/bobea.net\/wp-content\/uploads\/2024\/06\/bobea.jpg\",\"width\":1080,\"height\":1080,\"caption\":\"Bobea\"},\"image\":{\"@id\":\"https:\/\/bobea.net\/#\/schema\/logo\/image\/\"},\"sameAs\":[\"https:\/\/web.facebook.com\/profile.php?id=61559252188416\"]},{\"@type\":\"Person\",\"@id\":\"https:\/\/bobea.net\/#\/schema\/person\/e7f45ef187918d7c956bf619dce90ccf\",\"name\":\"bobea.info\",\"image\":{\"@type\":\"ImageObject\",\"inLanguage\":\"fr-FR\",\"@id\":\"https:\/\/bobea.net\/#\/schema\/person\/image\/\",\"url\":\"https:\/\/secure.gravatar.com\/avatar\/36147980349df887ae30808df3e29474?s=96&d=mm&r=g\",\"contentUrl\":\"https:\/\/secure.gravatar.com\/avatar\/36147980349df887ae30808df3e29474?s=96&d=mm&r=g\",\"caption\":\"bobea.info\"},\"sameAs\":[\"https:\/\/bobea.net\"],\"url\":\"https:\/\/bobea.net\/index.php\/author\/bobea-info\/\"}]}<\/script>\n<!-- \/ Yoast SEO plugin. -->","yoast_head_json":{"title":"La guerre de l'eau : Les militantes \u00e9cologistes en premi\u00e8re ligne du conflit climatique - Bobea","robots":{"index":"index","follow":"follow","max-snippet":"max-snippet:-1","max-image-preview":"max-image-preview:large","max-video-preview":"max-video-preview:-1"},"canonical":"https:\/\/bobea.net\/index.php\/2026\/01\/27\/la-guerre-de-leau-les-militantes-ecologistes-en-premiere-ligne-du-conflit-climatique\/","og_locale":"fr_FR","og_type":"article","og_title":"La guerre de l'eau : Les militantes \u00e9cologistes en premi\u00e8re ligne du conflit climatique - Bobea","og_description":"Par la R\u00e9dac\u00adtion de BOBEA L\u2019eau est dev\u00adenue l\u2019or bleu de 2026. Alors que les p\u00e9nuries se mul\u00adti\u00adplient, ce sont les femmes qui, partout dans le monde, pren\u00adnent la t\u00eate&hellip;","og_url":"https:\/\/bobea.net\/index.php\/2026\/01\/27\/la-guerre-de-leau-les-militantes-ecologistes-en-premiere-ligne-du-conflit-climatique\/","og_site_name":"Bobea","article_publisher":"https:\/\/web.facebook.com\/profile.php?id=61559252188416","article_published_time":"2026-01-27T18:14:08+00:00","article_modified_time":"2026-01-27T18:14:23+00:00","og_image":[{"width":664,"height":442,"url":"https:\/\/bobea.net\/wp-content\/uploads\/2026\/01\/000_323r938_72dpi.jpg","type":"image\/jpeg"}],"author":"bobea.info","twitter_card":"summary_large_image","twitter_misc":{"\u00c9crit par":"bobea.info","Dur\u00e9e de lecture estim\u00e9e":"2 minutes"},"schema":{"@context":"https:\/\/schema.org","@graph":[{"@type":"Article","@id":"https:\/\/bobea.net\/index.php\/2026\/01\/27\/la-guerre-de-leau-les-militantes-ecologistes-en-premiere-ligne-du-conflit-climatique\/#article","isPartOf":{"@id":"https:\/\/bobea.net\/index.php\/2026\/01\/27\/la-guerre-de-leau-les-militantes-ecologistes-en-premiere-ligne-du-conflit-climatique\/"},"author":{"name":"bobea.info","@id":"https:\/\/bobea.net\/#\/schema\/person\/e7f45ef187918d7c956bf619dce90ccf"},"headline":"La guerre de l\u2019eau : Les militantes \u00e9cologistes en premi\u00e8re ligne du conflit climatique","datePublished":"2026-01-27T18:14:08+00:00","dateModified":"2026-01-27T18:14:23+00:00","mainEntityOfPage":{"@id":"https:\/\/bobea.net\/index.php\/2026\/01\/27\/la-guerre-de-leau-les-militantes-ecologistes-en-premiere-ligne-du-conflit-climatique\/"},"wordCount":232,"commentCount":0,"publisher":{"@id":"https:\/\/bobea.net\/#organization"},"image":{"@id":"https:\/\/bobea.net\/index.php\/2026\/01\/27\/la-guerre-de-leau-les-militantes-ecologistes-en-premiere-ligne-du-conflit-climatique\/#primaryimage"},"thumbnailUrl":"https:\/\/bobea.net\/wp-content\/uploads\/2026\/01\/000_323r938_72dpi.jpg","keywords":["Crise de l'eau 2026","\u00c9cologie f\u00e9ministe","gestion de l'eau","Guerre de l'eau","justice climatique","Militantisme \u00e9cologique","Ressources hydriques"],"articleSection":["On en Parle"],"inLanguage":"fr-FR","potentialAction":[{"@type":"CommentAction","name":"Comment","target":["https:\/\/bobea.net\/index.php\/2026\/01\/27\/la-guerre-de-leau-les-militantes-ecologistes-en-premiere-ligne-du-conflit-climatique\/#respond"]}]},{"@type":"WebPage","@id":"https:\/\/bobea.net\/index.php\/2026\/01\/27\/la-guerre-de-leau-les-militantes-ecologistes-en-premiere-ligne-du-conflit-climatique\/","url":"https:\/\/bobea.net\/index.php\/2026\/01\/27\/la-guerre-de-leau-les-militantes-ecologistes-en-premiere-ligne-du-conflit-climatique\/","name":"La guerre de l'eau : Les militantes \u00e9cologistes en premi\u00e8re ligne du conflit climatique - Bobea","isPartOf":{"@id":"https:\/\/bobea.net\/#website"},"primaryImageOfPage":{"@id":"https:\/\/bobea.net\/index.php\/2026\/01\/27\/la-guerre-de-leau-les-militantes-ecologistes-en-premiere-ligne-du-conflit-climatique\/#primaryimage"},"image":{"@id":"https:\/\/bobea.net\/index.php\/2026\/01\/27\/la-guerre-de-leau-les-militantes-ecologistes-en-premiere-ligne-du-conflit-climatique\/#primaryimage"},"thumbnailUrl":"https:\/\/bobea.net\/wp-content\/uploads\/2026\/01\/000_323r938_72dpi.jpg","datePublished":"2026-01-27T18:14:08+00:00","dateModified":"2026-01-27T18:14:23+00:00","breadcrumb":{"@id":"https:\/\/bobea.net\/index.php\/2026\/01\/27\/la-guerre-de-leau-les-militantes-ecologistes-en-premiere-ligne-du-conflit-climatique\/#breadcrumb"},"inLanguage":"fr-FR","potentialAction":[{"@type":"ReadAction","target":["https:\/\/bobea.net\/index.php\/2026\/01\/27\/la-guerre-de-leau-les-militantes-ecologistes-en-premiere-ligne-du-conflit-climatique\/"]}]},{"@type":"ImageObject","inLanguage":"fr-FR","@id":"https:\/\/bobea.net\/index.php\/2026\/01\/27\/la-guerre-de-leau-les-militantes-ecologistes-en-premiere-ligne-du-conflit-climatique\/#primaryimage","url":"https:\/\/bobea.net\/wp-content\/uploads\/2026\/01\/000_323r938_72dpi.jpg","contentUrl":"https:\/\/bobea.net\/wp-content\/uploads\/2026\/01\/000_323r938_72dpi.jpg","width":664,"height":442,"caption":"La guerre de l'eau : Les militantes \u00e9cologistes en premi\u00e8re ligne du conflit climatique"},{"@type":"BreadcrumbList","@id":"https:\/\/bobea.net\/index.php\/2026\/01\/27\/la-guerre-de-leau-les-militantes-ecologistes-en-premiere-ligne-du-conflit-climatique\/#breadcrumb","itemListElement":[{"@type":"ListItem","position":1,"name":"Accueil","item":"https:\/\/bobea.net\/"},{"@type":"ListItem","position":2,"name":"La guerre de l&rsquo;eau : Les militantes \u00e9cologistes en premi\u00e8re ligne du conflit climatique"}]},{"@type":"WebSite","@id":"https:\/\/bobea.net\/#website","url":"https:\/\/bobea.net\/","name":"Bobea","description":"Le magazine de la nouvelle \u00c8ve","publisher":{"@id":"https:\/\/bobea.net\/#organization"},"potentialAction":[{"@type":"SearchAction","target":{"@type":"EntryPoint","urlTemplate":"https:\/\/bobea.net\/?s={search_term_string}"},"query-input":{"@type":"PropertyValueSpecification","valueRequired":true,"valueName":"search_term_string"}}],"inLanguage":"fr-FR"},{"@type":"Organization","@id":"https:\/\/bobea.net\/#organization","name":"Bobea","url":"https:\/\/bobea.net\/","logo":{"@type":"ImageObject","inLanguage":"fr-FR","@id":"https:\/\/bobea.net\/#\/schema\/logo\/image\/","url":"https:\/\/bobea.net\/wp-content\/uploads\/2024\/06\/bobea.jpg","contentUrl":"https:\/\/bobea.net\/wp-content\/uploads\/2024\/06\/bobea.jpg","width":1080,"height":1080,"caption":"Bobea"},"image":{"@id":"https:\/\/bobea.net\/#\/schema\/logo\/image\/"},"sameAs":["https:\/\/web.facebook.com\/profile.php?id=61559252188416"]},{"@type":"Person","@id":"https:\/\/bobea.net\/#\/schema\/person\/e7f45ef187918d7c956bf619dce90ccf","name":"bobea.info","image":{"@type":"ImageObject","inLanguage":"fr-FR","@id":"https:\/\/bobea.net\/#\/schema\/person\/image\/","url":"https:\/\/secure.gravatar.com\/avatar\/36147980349df887ae30808df3e29474?s=96&d=mm&r=g","contentUrl":"https:\/\/secure.gravatar.com\/avatar\/36147980349df887ae30808df3e29474?s=96&d=mm&r=g","caption":"bobea.info"},"sameAs":["https:\/\/bobea.net"],"url":"https:\/\/bobea.net\/index.php\/author\/bobea-info\/"}]}},"_links":{"self":[{"href":"https:\/\/bobea.net\/index.php\/wp-json\/wp\/v2\/posts\/29850"}],"collection":[{"href":"https:\/\/bobea.net\/index.php\/wp-json\/wp\/v2\/posts"}],"about":[{"href":"https:\/\/bobea.net\/index.php\/wp-json\/wp\/v2\/types\/post"}],"author":[{"embeddable":true,"href":"https:\/\/bobea.net\/index.php\/wp-json\/wp\/v2\/users\/1"}],"replies":[{"embeddable":true,"href":"https:\/\/bobea.net\/index.php\/wp-json\/wp\/v2\/comments?post=29850"}],"version-history":[{"count":1,"href":"https:\/\/bobea.net\/index.php\/wp-json\/wp\/v2\/posts\/29850\/revisions"}],"predecessor-version":[{"id":29853,"href":"https:\/\/bobea.net\/index.php\/wp-json\/wp\/v2\/posts\/29850\/revisions\/29853"}],"wp:featuredmedia":[{"embeddable":true,"href":"https:\/\/bobea.net\/index.php\/wp-json\/wp\/v2\/media\/29851"}],"wp:attachment":[{"href":"https:\/\/bobea.net\/index.php\/wp-json\/wp\/v2\/media?parent=29850"}],"wp:term":[{"taxonomy":"category","embeddable":true,"href":"https:\/\/bobea.net\/index.php\/wp-json\/wp\/v2\/categories?post=29850"},{"taxonomy":"post_tag","embeddable":true,"href":"https:\/\/bobea.net\/index.php\/wp-json\/wp\/v2\/tags?post=29850"}],"curies":[{"name":"wp","href":"https:\/\/api.w.org\/{rel}","templated":true}]}}