{"id":29846,"date":"2026-01-27T18:12:05","date_gmt":"2026-01-27T18:12:05","guid":{"rendered":"https:\/\/bobea.net\/?p=29846"},"modified":"2026-01-27T18:12:06","modified_gmt":"2026-01-27T18:12:06","slug":"droits-des-femmes-2026-entre-percees-historiques-et-zones-dombre-persistantes","status":"publish","type":"post","link":"https:\/\/bobea.net\/index.php\/2026\/01\/27\/droits-des-femmes-2026-entre-percees-historiques-et-zones-dombre-persistantes\/","title":{"rendered":"Droits des femmes 2026 : Entre perc\u00e9es historiques et zones d\u2019ombre persistantes"},"content":{"rendered":"\n<p><strong>Par la R\u00e9dac\u00adtion de BOBEA<\/strong><\/p>\n\n\n\n<p>En ce d\u00e9but d\u2019an\u00adn\u00e9e, BOBEA dresse un \u00e9tat des lieux sans con\u00adces\u00adsion de la con\u00addi\u00adtion f\u00e9mi\u00adnine \u00e0 l\u2019\u00e9chelle plan\u00e9\u00adtaire. Si 2026 mar\u00adque des vic\u00adtoires juridiques sans pr\u00e9c\u00e9\u00addent dans cer\u00adtains pays, d\u2019autres r\u00e9gions du monde voient les acquis fon\u00adda\u00admen\u00adtaux s\u2019\u00e9roder sous la pres\u00adsion de courants con\u00adser\u00adva\u00adteurs.<\/p>\n\n\n\n<p><strong>La vic\u00adtoire du droit \u00e0 l\u2019au\u00adtonomie cor\u00adporelle<\/strong><\/p>\n\n\n\n<p>L\u2019ar\u00adti\u00adcle c\u00e9l\u00e8bre les r\u00e9cents trait\u00e9s inter\u00adna\u00adtionaux qui sacralisent le droit \u00e0 l\u2019a\u00advorte\u00adment et \u00e0 la con\u00adtra\u00adcep\u00adtion comme des droits humains inal\u00adi\u00e9n\u00adables dans plus de 80 pays. C\u2019est le r\u00e9sul\u00adtat d\u2019une d\u00e9cen\u00adnie de lutte acharn\u00e9e men\u00e9e par des col\u00adlec\u00adtifs de juristes et d\u2019in\u00adtel\u00adlectuelles. BOBEA analyse com\u00adment ces avanc\u00e9es l\u00e9g\u00adisla\u00adtives trans\u00adfor\u00adment con\u00adcr\u00e8te\u00adment la vie des femmes, notam\u00adment en mati\u00e8re de san\u00adt\u00e9 et d\u2019\u00e9\u00add\u00adu\u00adca\u00adtion.<\/p>\n\n\n\n<figure class=\"wp-block-image size-large\"><img loading=\"lazy\" decoding=\"async\" width=\"1024\" height=\"683\" src=\"https:\/\/bobea.net\/wp-content\/uploads\/2026\/01\/rassemblement-pour-la-journee-internationale-de-lutte-pour-les-droits-des-femmes-a-lyon-le-cortege-est-parti-de-la-place-bellecour-pour-se-rendre-place-jean-mace-photo-progres-norbert-grisay-1715051076-1024x683.jpg\" alt class=\"wp-image-29848\" srcset=\"https:\/\/bobea.net\/wp-content\/uploads\/2026\/01\/rassemblement-pour-la-journee-internationale-de-lutte-pour-les-droits-des-femmes-a-lyon-le-cortege-est-parti-de-la-place-bellecour-pour-se-rendre-place-jean-mace-photo-progres-norbert-grisay-1715051076-1024x683.jpg 1024w, https:\/\/bobea.net\/wp-content\/uploads\/2026\/01\/rassemblement-pour-la-journee-internationale-de-lutte-pour-les-droits-des-femmes-a-lyon-le-cortege-est-parti-de-la-place-bellecour-pour-se-rendre-place-jean-mace-photo-progres-norbert-grisay-1715051076-300x200.jpg 300w, https:\/\/bobea.net\/wp-content\/uploads\/2026\/01\/rassemblement-pour-la-journee-internationale-de-lutte-pour-les-droits-des-femmes-a-lyon-le-cortege-est-parti-de-la-place-bellecour-pour-se-rendre-place-jean-mace-photo-progres-norbert-grisay-1715051076-768x512.jpg 768w, https:\/\/bobea.net\/wp-content\/uploads\/2026\/01\/rassemblement-pour-la-journee-internationale-de-lutte-pour-les-droits-des-femmes-a-lyon-le-cortege-est-parti-de-la-place-bellecour-pour-se-rendre-place-jean-mace-photo-progres-norbert-grisay-1715051076-1536x1024.jpg 1536w, https:\/\/bobea.net\/wp-content\/uploads\/2026\/01\/rassemblement-pour-la-journee-internationale-de-lutte-pour-les-droits-des-femmes-a-lyon-le-cortege-est-parti-de-la-place-bellecour-pour-se-rendre-place-jean-mace-photo-progres-norbert-grisay-1715051076.jpg 1600w\" sizes=\"(max-width: 1024px) 100vw, 1024px\"><\/figure>\n\n\n\n<p><strong>Les nou\u00adveaux fronts : Cyber-har\u00adc\u00e8le\u00adment et vio\u00adlences \u00e9conomiques<\/strong><\/p>\n\n\n\n<p>Cepen\u00addant, l\u2019om\u00adbre au tableau reste pr\u00e9oc\u00adcu\u00adpante. Les vio\u00adlences num\u00e9riques et le con\u00adtr\u00f4le financier exer\u00adc\u00e9 sur les femmes dans les sph\u00e8res priv\u00e9es atteignent des records en 2026. L\u2019ar\u00adti\u00adcle d\u00e9nonce l\u2019in\u00ader\u00adtie de cer\u00adtaines plate\u00adformes et appelle \u00e0 une l\u00e9g\u00adis\u00adla\u00adtion mon\u00addi\u00adale plus con\u00adtraig\u00adnante. Pour nos lec\u00adtri\u00adces mil\u00adi\u00adtantes, c\u2019est un rap\u00adpel que la vig\u00adi\u00adlance doit \u00eatre con\u00adstante : aucun droit n\u2019est jamais d\u00e9fini\u00adtive\u00adment acquis.<\/p>\n\n\n\n<p><\/p>\n","protected":false},"excerpt":{"rendered":"<p>Par la R\u00e9dac\u00adtion de BOBEA En ce d\u00e9but d\u2019an\u00adn\u00e9e, BOBEA dresse un \u00e9tat des lieux sans con\u00adces\u00adsion de la con\u00addi\u00adtion f\u00e9mi\u00adnine \u00e0 l\u2019\u00e9chelle plan\u00e9\u00adtaire. Si 2026 mar\u00adque des vic\u00adtoires juridiques\u2026 <\/p>\n","protected":false},"author":1,"featured_media":29847,"comment_status":"open","ping_status":"closed","sticky":false,"template":"","format":"standard","meta":{"wp_typography_post_enhancements_disabled":false,"footnotes":""},"categories":[79],"tags":[19556,21052,3081,21049,21339,8466,5484],"class_list":["post-29846","post","type-post","status-publish","format-standard","has-post-thumbnail","hentry","category-a-la-une","tag-droit-a-lavortement","tag-droits-des-femmes-2026","tag-egalite-hommes-femmes","tag-feminisme-mondial","tag-militantisme-feminin","tag-onu-femmes","tag-violences-faites-aux-femmes"],"yoast_head":"<!-- This site is optimized with the Yoast SEO plugin v24.7 - https:\/\/yoast.com\/wordpress\/plugins\/seo\/ -->\n<title>Droits des femmes 2026 : Entre perc\u00e9es historiques et zones d&#039;ombre persistantes - Bobea<\/title>\n<meta name=\"robots\" content=\"index, follow, max-snippet:-1, max-image-preview:large, max-video-preview:-1\" \/>\n<link rel=\"canonical\" href=\"https:\/\/bobea.net\/index.php\/2026\/01\/27\/droits-des-femmes-2026-entre-percees-historiques-et-zones-dombre-persistantes\/\" \/>\n<meta property=\"og:locale\" content=\"fr_FR\" \/>\n<meta property=\"og:type\" content=\"article\" \/>\n<meta property=\"og:title\" content=\"Droits des femmes 2026 : Entre perc\u00e9es historiques et zones d&#039;ombre persistantes - Bobea\" \/>\n<meta property=\"og:description\" content=\"Par la R\u00e9dac\u00adtion de BOBEA En ce d\u00e9but d\u2019an\u00adn\u00e9e, BOBEA dresse un \u00e9tat des lieux sans con\u00adces\u00adsion de la con\u00addi\u00adtion f\u00e9mi\u00adnine \u00e0 l\u2019\u00e9chelle plan\u00e9\u00adtaire. Si 2026 mar\u00adque des vic\u00adtoires juridiques&hellip;\" \/>\n<meta property=\"og:url\" content=\"https:\/\/bobea.net\/index.php\/2026\/01\/27\/droits-des-femmes-2026-entre-percees-historiques-et-zones-dombre-persistantes\/\" \/>\n<meta property=\"og:site_name\" content=\"Bobea\" \/>\n<meta property=\"article:publisher\" content=\"https:\/\/web.facebook.com\/profile.php?id=61559252188416\" \/>\n<meta property=\"article:published_time\" content=\"2026-01-27T18:12:05+00:00\" \/>\n<meta property=\"article:modified_time\" content=\"2026-01-27T18:12:06+00:00\" \/>\n<meta property=\"og:image\" content=\"https:\/\/bobea.net\/wp-content\/uploads\/2026\/01\/202403ame_wrd_argentina_international_womens_day.webp\" \/>\n\t<meta property=\"og:image:width\" content=\"946\" \/>\n\t<meta property=\"og:image:height\" content=\"631\" \/>\n\t<meta property=\"og:image:type\" content=\"image\/webp\" \/>\n<meta name=\"author\" content=\"bobea.info\" \/>\n<meta name=\"twitter:card\" content=\"summary_large_image\" \/>\n<meta name=\"twitter:label1\" content=\"\u00c9crit par\" \/>\n\t<meta name=\"twitter:data1\" content=\"bobea.info\" \/>\n\t<meta name=\"twitter:label2\" content=\"Dur\u00e9e de lecture estim\u00e9e\" \/>\n\t<meta name=\"twitter:data2\" content=\"2 minutes\" \/>\n<script type=\"application\/ld+json\" class=\"yoast-schema-graph\">{\"@context\":\"https:\/\/schema.org\",\"@graph\":[{\"@type\":\"Article\",\"@id\":\"https:\/\/bobea.net\/index.php\/2026\/01\/27\/droits-des-femmes-2026-entre-percees-historiques-et-zones-dombre-persistantes\/#article\",\"isPartOf\":{\"@id\":\"https:\/\/bobea.net\/index.php\/2026\/01\/27\/droits-des-femmes-2026-entre-percees-historiques-et-zones-dombre-persistantes\/\"},\"author\":{\"name\":\"bobea.info\",\"@id\":\"https:\/\/bobea.net\/#\/schema\/person\/e7f45ef187918d7c956bf619dce90ccf\"},\"headline\":\"Droits des femmes 2026 : Entre perc\u00e9es historiques et zones d\u2019ombre persistantes\",\"datePublished\":\"2026-01-27T18:12:05+00:00\",\"dateModified\":\"2026-01-27T18:12:06+00:00\",\"mainEntityOfPage\":{\"@id\":\"https:\/\/bobea.net\/index.php\/2026\/01\/27\/droits-des-femmes-2026-entre-percees-historiques-et-zones-dombre-persistantes\/\"},\"wordCount\":234,\"commentCount\":0,\"publisher\":{\"@id\":\"https:\/\/bobea.net\/#organization\"},\"image\":{\"@id\":\"https:\/\/bobea.net\/index.php\/2026\/01\/27\/droits-des-femmes-2026-entre-percees-historiques-et-zones-dombre-persistantes\/#primaryimage\"},\"thumbnailUrl\":\"https:\/\/bobea.net\/wp-content\/uploads\/2026\/01\/202403ame_wrd_argentina_international_womens_day.webp\",\"keywords\":[\"Droit \u00e0 l'Avortement\",\"droits des femmes 2026\",\"\u00e9galit\u00e9 hommes femmes\",\"f\u00e9minisme mondial\",\"militantisme f\u00e9minin\",\"ONU Femmes\",\"violences faites aux femmes\"],\"articleSection\":[\"A la Une\"],\"inLanguage\":\"fr-FR\",\"potentialAction\":[{\"@type\":\"CommentAction\",\"name\":\"Comment\",\"target\":[\"https:\/\/bobea.net\/index.php\/2026\/01\/27\/droits-des-femmes-2026-entre-percees-historiques-et-zones-dombre-persistantes\/#respond\"]}]},{\"@type\":\"WebPage\",\"@id\":\"https:\/\/bobea.net\/index.php\/2026\/01\/27\/droits-des-femmes-2026-entre-percees-historiques-et-zones-dombre-persistantes\/\",\"url\":\"https:\/\/bobea.net\/index.php\/2026\/01\/27\/droits-des-femmes-2026-entre-percees-historiques-et-zones-dombre-persistantes\/\",\"name\":\"Droits des femmes 2026 : Entre perc\u00e9es historiques et zones d'ombre persistantes - Bobea\",\"isPartOf\":{\"@id\":\"https:\/\/bobea.net\/#website\"},\"primaryImageOfPage\":{\"@id\":\"https:\/\/bobea.net\/index.php\/2026\/01\/27\/droits-des-femmes-2026-entre-percees-historiques-et-zones-dombre-persistantes\/#primaryimage\"},\"image\":{\"@id\":\"https:\/\/bobea.net\/index.php\/2026\/01\/27\/droits-des-femmes-2026-entre-percees-historiques-et-zones-dombre-persistantes\/#primaryimage\"},\"thumbnailUrl\":\"https:\/\/bobea.net\/wp-content\/uploads\/2026\/01\/202403ame_wrd_argentina_international_womens_day.webp\",\"datePublished\":\"2026-01-27T18:12:05+00:00\",\"dateModified\":\"2026-01-27T18:12:06+00:00\",\"breadcrumb\":{\"@id\":\"https:\/\/bobea.net\/index.php\/2026\/01\/27\/droits-des-femmes-2026-entre-percees-historiques-et-zones-dombre-persistantes\/#breadcrumb\"},\"inLanguage\":\"fr-FR\",\"potentialAction\":[{\"@type\":\"ReadAction\",\"target\":[\"https:\/\/bobea.net\/index.php\/2026\/01\/27\/droits-des-femmes-2026-entre-percees-historiques-et-zones-dombre-persistantes\/\"]}]},{\"@type\":\"ImageObject\",\"inLanguage\":\"fr-FR\",\"@id\":\"https:\/\/bobea.net\/index.php\/2026\/01\/27\/droits-des-femmes-2026-entre-percees-historiques-et-zones-dombre-persistantes\/#primaryimage\",\"url\":\"https:\/\/bobea.net\/wp-content\/uploads\/2026\/01\/202403ame_wrd_argentina_international_womens_day.webp\",\"contentUrl\":\"https:\/\/bobea.net\/wp-content\/uploads\/2026\/01\/202403ame_wrd_argentina_international_womens_day.webp\",\"width\":946,\"height\":631},{\"@type\":\"BreadcrumbList\",\"@id\":\"https:\/\/bobea.net\/index.php\/2026\/01\/27\/droits-des-femmes-2026-entre-percees-historiques-et-zones-dombre-persistantes\/#breadcrumb\",\"itemListElement\":[{\"@type\":\"ListItem\",\"position\":1,\"name\":\"Accueil\",\"item\":\"https:\/\/bobea.net\/\"},{\"@type\":\"ListItem\",\"position\":2,\"name\":\"Droits des femmes 2026 : Entre perc\u00e9es historiques et zones d&rsquo;ombre persistantes\"}]},{\"@type\":\"WebSite\",\"@id\":\"https:\/\/bobea.net\/#website\",\"url\":\"https:\/\/bobea.net\/\",\"name\":\"Bobea\",\"description\":\"Le magazine de la nouvelle \u00c8ve\",\"publisher\":{\"@id\":\"https:\/\/bobea.net\/#organization\"},\"potentialAction\":[{\"@type\":\"SearchAction\",\"target\":{\"@type\":\"EntryPoint\",\"urlTemplate\":\"https:\/\/bobea.net\/?s={search_term_string}\"},\"query-input\":{\"@type\":\"PropertyValueSpecification\",\"valueRequired\":true,\"valueName\":\"search_term_string\"}}],\"inLanguage\":\"fr-FR\"},{\"@type\":\"Organization\",\"@id\":\"https:\/\/bobea.net\/#organization\",\"name\":\"Bobea\",\"url\":\"https:\/\/bobea.net\/\",\"logo\":{\"@type\":\"ImageObject\",\"inLanguage\":\"fr-FR\",\"@id\":\"https:\/\/bobea.net\/#\/schema\/logo\/image\/\",\"url\":\"https:\/\/bobea.net\/wp-content\/uploads\/2024\/06\/bobea.jpg\",\"contentUrl\":\"https:\/\/bobea.net\/wp-content\/uploads\/2024\/06\/bobea.jpg\",\"width\":1080,\"height\":1080,\"caption\":\"Bobea\"},\"image\":{\"@id\":\"https:\/\/bobea.net\/#\/schema\/logo\/image\/\"},\"sameAs\":[\"https:\/\/web.facebook.com\/profile.php?id=61559252188416\"]},{\"@type\":\"Person\",\"@id\":\"https:\/\/bobea.net\/#\/schema\/person\/e7f45ef187918d7c956bf619dce90ccf\",\"name\":\"bobea.info\",\"image\":{\"@type\":\"ImageObject\",\"inLanguage\":\"fr-FR\",\"@id\":\"https:\/\/bobea.net\/#\/schema\/person\/image\/\",\"url\":\"https:\/\/secure.gravatar.com\/avatar\/36147980349df887ae30808df3e29474?s=96&d=mm&r=g\",\"contentUrl\":\"https:\/\/secure.gravatar.com\/avatar\/36147980349df887ae30808df3e29474?s=96&d=mm&r=g\",\"caption\":\"bobea.info\"},\"sameAs\":[\"https:\/\/bobea.net\"],\"url\":\"https:\/\/bobea.net\/index.php\/author\/bobea-info\/\"}]}<\/script>\n<!-- \/ Yoast SEO plugin. -->","yoast_head_json":{"title":"Droits des femmes 2026 : Entre perc\u00e9es historiques et zones d'ombre persistantes - Bobea","robots":{"index":"index","follow":"follow","max-snippet":"max-snippet:-1","max-image-preview":"max-image-preview:large","max-video-preview":"max-video-preview:-1"},"canonical":"https:\/\/bobea.net\/index.php\/2026\/01\/27\/droits-des-femmes-2026-entre-percees-historiques-et-zones-dombre-persistantes\/","og_locale":"fr_FR","og_type":"article","og_title":"Droits des femmes 2026 : Entre perc\u00e9es historiques et zones d'ombre persistantes - Bobea","og_description":"Par la R\u00e9dac\u00adtion de BOBEA En ce d\u00e9but d\u2019an\u00adn\u00e9e, BOBEA dresse un \u00e9tat des lieux sans con\u00adces\u00adsion de la con\u00addi\u00adtion f\u00e9mi\u00adnine \u00e0 l\u2019\u00e9chelle plan\u00e9\u00adtaire. Si 2026 mar\u00adque des vic\u00adtoires juridiques&hellip;","og_url":"https:\/\/bobea.net\/index.php\/2026\/01\/27\/droits-des-femmes-2026-entre-percees-historiques-et-zones-dombre-persistantes\/","og_site_name":"Bobea","article_publisher":"https:\/\/web.facebook.com\/profile.php?id=61559252188416","article_published_time":"2026-01-27T18:12:05+00:00","article_modified_time":"2026-01-27T18:12:06+00:00","og_image":[{"width":946,"height":631,"url":"https:\/\/bobea.net\/wp-content\/uploads\/2026\/01\/202403ame_wrd_argentina_international_womens_day.webp","type":"image\/webp"}],"author":"bobea.info","twitter_card":"summary_large_image","twitter_misc":{"\u00c9crit par":"bobea.info","Dur\u00e9e de lecture estim\u00e9e":"2 minutes"},"schema":{"@context":"https:\/\/schema.org","@graph":[{"@type":"Article","@id":"https:\/\/bobea.net\/index.php\/2026\/01\/27\/droits-des-femmes-2026-entre-percees-historiques-et-zones-dombre-persistantes\/#article","isPartOf":{"@id":"https:\/\/bobea.net\/index.php\/2026\/01\/27\/droits-des-femmes-2026-entre-percees-historiques-et-zones-dombre-persistantes\/"},"author":{"name":"bobea.info","@id":"https:\/\/bobea.net\/#\/schema\/person\/e7f45ef187918d7c956bf619dce90ccf"},"headline":"Droits des femmes 2026 : Entre perc\u00e9es historiques et zones d\u2019ombre persistantes","datePublished":"2026-01-27T18:12:05+00:00","dateModified":"2026-01-27T18:12:06+00:00","mainEntityOfPage":{"@id":"https:\/\/bobea.net\/index.php\/2026\/01\/27\/droits-des-femmes-2026-entre-percees-historiques-et-zones-dombre-persistantes\/"},"wordCount":234,"commentCount":0,"publisher":{"@id":"https:\/\/bobea.net\/#organization"},"image":{"@id":"https:\/\/bobea.net\/index.php\/2026\/01\/27\/droits-des-femmes-2026-entre-percees-historiques-et-zones-dombre-persistantes\/#primaryimage"},"thumbnailUrl":"https:\/\/bobea.net\/wp-content\/uploads\/2026\/01\/202403ame_wrd_argentina_international_womens_day.webp","keywords":["Droit \u00e0 l'Avortement","droits des femmes 2026","\u00e9galit\u00e9 hommes femmes","f\u00e9minisme mondial","militantisme f\u00e9minin","ONU Femmes","violences faites aux femmes"],"articleSection":["A la Une"],"inLanguage":"fr-FR","potentialAction":[{"@type":"CommentAction","name":"Comment","target":["https:\/\/bobea.net\/index.php\/2026\/01\/27\/droits-des-femmes-2026-entre-percees-historiques-et-zones-dombre-persistantes\/#respond"]}]},{"@type":"WebPage","@id":"https:\/\/bobea.net\/index.php\/2026\/01\/27\/droits-des-femmes-2026-entre-percees-historiques-et-zones-dombre-persistantes\/","url":"https:\/\/bobea.net\/index.php\/2026\/01\/27\/droits-des-femmes-2026-entre-percees-historiques-et-zones-dombre-persistantes\/","name":"Droits des femmes 2026 : Entre perc\u00e9es historiques et zones d'ombre persistantes - Bobea","isPartOf":{"@id":"https:\/\/bobea.net\/#website"},"primaryImageOfPage":{"@id":"https:\/\/bobea.net\/index.php\/2026\/01\/27\/droits-des-femmes-2026-entre-percees-historiques-et-zones-dombre-persistantes\/#primaryimage"},"image":{"@id":"https:\/\/bobea.net\/index.php\/2026\/01\/27\/droits-des-femmes-2026-entre-percees-historiques-et-zones-dombre-persistantes\/#primaryimage"},"thumbnailUrl":"https:\/\/bobea.net\/wp-content\/uploads\/2026\/01\/202403ame_wrd_argentina_international_womens_day.webp","datePublished":"2026-01-27T18:12:05+00:00","dateModified":"2026-01-27T18:12:06+00:00","breadcrumb":{"@id":"https:\/\/bobea.net\/index.php\/2026\/01\/27\/droits-des-femmes-2026-entre-percees-historiques-et-zones-dombre-persistantes\/#breadcrumb"},"inLanguage":"fr-FR","potentialAction":[{"@type":"ReadAction","target":["https:\/\/bobea.net\/index.php\/2026\/01\/27\/droits-des-femmes-2026-entre-percees-historiques-et-zones-dombre-persistantes\/"]}]},{"@type":"ImageObject","inLanguage":"fr-FR","@id":"https:\/\/bobea.net\/index.php\/2026\/01\/27\/droits-des-femmes-2026-entre-percees-historiques-et-zones-dombre-persistantes\/#primaryimage","url":"https:\/\/bobea.net\/wp-content\/uploads\/2026\/01\/202403ame_wrd_argentina_international_womens_day.webp","contentUrl":"https:\/\/bobea.net\/wp-content\/uploads\/2026\/01\/202403ame_wrd_argentina_international_womens_day.webp","width":946,"height":631},{"@type":"BreadcrumbList","@id":"https:\/\/bobea.net\/index.php\/2026\/01\/27\/droits-des-femmes-2026-entre-percees-historiques-et-zones-dombre-persistantes\/#breadcrumb","itemListElement":[{"@type":"ListItem","position":1,"name":"Accueil","item":"https:\/\/bobea.net\/"},{"@type":"ListItem","position":2,"name":"Droits des femmes 2026 : Entre perc\u00e9es historiques et zones d&rsquo;ombre persistantes"}]},{"@type":"WebSite","@id":"https:\/\/bobea.net\/#website","url":"https:\/\/bobea.net\/","name":"Bobea","description":"Le magazine de la nouvelle \u00c8ve","publisher":{"@id":"https:\/\/bobea.net\/#organization"},"potentialAction":[{"@type":"SearchAction","target":{"@type":"EntryPoint","urlTemplate":"https:\/\/bobea.net\/?s={search_term_string}"},"query-input":{"@type":"PropertyValueSpecification","valueRequired":true,"valueName":"search_term_string"}}],"inLanguage":"fr-FR"},{"@type":"Organization","@id":"https:\/\/bobea.net\/#organization","name":"Bobea","url":"https:\/\/bobea.net\/","logo":{"@type":"ImageObject","inLanguage":"fr-FR","@id":"https:\/\/bobea.net\/#\/schema\/logo\/image\/","url":"https:\/\/bobea.net\/wp-content\/uploads\/2024\/06\/bobea.jpg","contentUrl":"https:\/\/bobea.net\/wp-content\/uploads\/2024\/06\/bobea.jpg","width":1080,"height":1080,"caption":"Bobea"},"image":{"@id":"https:\/\/bobea.net\/#\/schema\/logo\/image\/"},"sameAs":["https:\/\/web.facebook.com\/profile.php?id=61559252188416"]},{"@type":"Person","@id":"https:\/\/bobea.net\/#\/schema\/person\/e7f45ef187918d7c956bf619dce90ccf","name":"bobea.info","image":{"@type":"ImageObject","inLanguage":"fr-FR","@id":"https:\/\/bobea.net\/#\/schema\/person\/image\/","url":"https:\/\/secure.gravatar.com\/avatar\/36147980349df887ae30808df3e29474?s=96&d=mm&r=g","contentUrl":"https:\/\/secure.gravatar.com\/avatar\/36147980349df887ae30808df3e29474?s=96&d=mm&r=g","caption":"bobea.info"},"sameAs":["https:\/\/bobea.net"],"url":"https:\/\/bobea.net\/index.php\/author\/bobea-info\/"}]}},"_links":{"self":[{"href":"https:\/\/bobea.net\/index.php\/wp-json\/wp\/v2\/posts\/29846"}],"collection":[{"href":"https:\/\/bobea.net\/index.php\/wp-json\/wp\/v2\/posts"}],"about":[{"href":"https:\/\/bobea.net\/index.php\/wp-json\/wp\/v2\/types\/post"}],"author":[{"embeddable":true,"href":"https:\/\/bobea.net\/index.php\/wp-json\/wp\/v2\/users\/1"}],"replies":[{"embeddable":true,"href":"https:\/\/bobea.net\/index.php\/wp-json\/wp\/v2\/comments?post=29846"}],"version-history":[{"count":1,"href":"https:\/\/bobea.net\/index.php\/wp-json\/wp\/v2\/posts\/29846\/revisions"}],"predecessor-version":[{"id":29849,"href":"https:\/\/bobea.net\/index.php\/wp-json\/wp\/v2\/posts\/29846\/revisions\/29849"}],"wp:featuredmedia":[{"embeddable":true,"href":"https:\/\/bobea.net\/index.php\/wp-json\/wp\/v2\/media\/29847"}],"wp:attachment":[{"href":"https:\/\/bobea.net\/index.php\/wp-json\/wp\/v2\/media?parent=29846"}],"wp:term":[{"taxonomy":"category","embeddable":true,"href":"https:\/\/bobea.net\/index.php\/wp-json\/wp\/v2\/categories?post=29846"},{"taxonomy":"post_tag","embeddable":true,"href":"https:\/\/bobea.net\/index.php\/wp-json\/wp\/v2\/tags?post=29846"}],"curies":[{"name":"wp","href":"https:\/\/api.w.org\/{rel}","templated":true}]}}