{"id":29830,"date":"2026-01-27T17:58:28","date_gmt":"2026-01-27T17:58:28","guid":{"rendered":"https:\/\/bobea.net\/?p=29830"},"modified":"2026-01-27T17:58:29","modified_gmt":"2026-01-27T17:58:29","slug":"ces-artistes-engagees-qui-bousculent-les-institutions-museales-en-2026","status":"publish","type":"post","link":"https:\/\/bobea.net\/index.php\/2026\/01\/27\/ces-artistes-engagees-qui-bousculent-les-institutions-museales-en-2026\/","title":{"rendered":"Ces artistes engag\u00e9es qui bousculent les institutions mus\u00e9ales en 2026"},"content":{"rendered":"\n<p><strong>Par la R\u00e9dac\u00adtion de BOBEA<\/strong><\/p>\n\n\n\n<p>Les mus\u00e9es ne sont plus des sanc\u00adtu\u00adaires de con\u00adtem\u00adpla\u00adtion pas\u00adsive. En 2026, ils sont devenus des ago\u00adras o\u00f9 se joue le com\u00adbat pour la jus\u00adtice sociale et cli\u00adma\u00adtique. Sous l\u2019im\u00adpul\u00adsion de femmes artistes rad\u00adi\u00adcales, les insti\u00adtu\u00adtions sont som\u00adm\u00e9es de se d\u00e9colonis\u00ader et de se d\u00e9-patri\u00adar\u00adcalis\u00ader. Un dossier br\u00fblant sur la puis\u00adsance de l\u2019im\u00adage comme arme poli\u00adtique.<\/p>\n\n\n\n<p><strong>La fin de l\u2019in\u00advis\u00adi\u00adbil\u00adit\u00e9 f\u00e9mi\u00adnine dans l\u2019art<\/strong><\/p>\n\n\n\n<p>L\u2019ar\u00adti\u00adcle dresse le por\u00adtrait de trois artistes majeures qui domi\u00adnent la sc\u00e8ne mon\u00addi\u00adale cette ann\u00e9e. Leurs \u0153uvres, sou\u00advent immer\u00adsives et util\u00adisant l\u2019IA pour d\u00e9non\u00adcer les biais de genre, oblig\u00adent les con\u00adser\u00adva\u00adteurs \u00e0 r\u00e9\u00e9crire l\u2019his\u00adtoire de l\u2019art. \u201cNous ne deman\u00addons plus une place \u00e0 table, nous changeons la table\u201d, explique l\u2019une d\u2019elles. BOBEA analyse com\u00adment ces cr\u00e9a\u00adtri\u00adces utilisent le choc esth\u00e9\u00adtique pour \u00e9veiller les con\u00adsciences sur des sujets comme le droit \u00e0 l\u2019a\u00advorte\u00adment mon\u00addi\u00adal ou la recon\u00adnais\u00adsance du tra\u00advail domes\u00adtique.<\/p>\n\n\n\n<figure class=\"wp-block-image size-large\"><img loading=\"lazy\" decoding=\"async\" width=\"1024\" height=\"538\" src=\"https:\/\/bobea.net\/wp-content\/uploads\/2026\/01\/01KAXW7JSDTXQ6MN994ZGW3AHV-seo_image-1024x538.webp\" alt class=\"wp-image-29832\" srcset=\"https:\/\/bobea.net\/wp-content\/uploads\/2026\/01\/01KAXW7JSDTXQ6MN994ZGW3AHV-seo_image-1024x538.webp 1024w, https:\/\/bobea.net\/wp-content\/uploads\/2026\/01\/01KAXW7JSDTXQ6MN994ZGW3AHV-seo_image-300x158.webp 300w, https:\/\/bobea.net\/wp-content\/uploads\/2026\/01\/01KAXW7JSDTXQ6MN994ZGW3AHV-seo_image-768x403.webp 768w, https:\/\/bobea.net\/wp-content\/uploads\/2026\/01\/01KAXW7JSDTXQ6MN994ZGW3AHV-seo_image.webp 1200w\" sizes=\"(max-width: 1024px) 100vw, 1024px\"><\/figure>\n\n\n\n<p><strong>L\u2019artivisme : Quand la per\u00adfor\u00admance devient man\u00adi\u00adfes\u00adta\u00adtion<\/strong><\/p>\n\n\n\n<p>Le dossier explore la mon\u00adt\u00e9e en puis\u00adsance de l\u2019artivisme (art + activisme). En 2026, les per\u00adfor\u00admances ne se lim\u00adi\u00adtent plus aux galeries mais s\u2019emparent de l\u2019e\u00adspace pub\u00adlic. L\u2019ar\u00adti\u00adcle d\u00e9taille com\u00adment ces actions artis\u00adtiques influ\u00aden\u00adcent les d\u00e9ci\u00adsions poli\u00adtiques, notam\u00adment en mati\u00e8re d\u2019\u00e9\u00adcolo\u00adgie. Les insti\u00adtu\u00adtions, longtemps frileuses, n\u2019ont d\u2019autre choix que d\u2019in\u00adt\u00e9\u00adgr\u00ader ces voix dis\u00adsi\u00addentes sous peine de devenir obsol\u00e8tes.<\/p>\n\n\n\n<p><strong>Le march\u00e9 de l\u2019art : Vers une valeur \u00e9thique<\/strong><\/p>\n\n\n\n<p>Enfin, l\u2019ar\u00adti\u00adcle s\u2019in\u00adt\u00e9resse \u00e0 l\u2019\u00e9\u00adconomie de l\u2019art. Les col\u00adlec\u00adtion\u00adneuses de 2026, sou\u00advent des femmes d\u2019af\u00adfaires engag\u00e9es, ne cherchent plus seule\u00adment la plus-val\u00adue finan\u00adci\u00e8re, mais la \u201cplus-val\u00adue sociale\u201d. Elles sou\u00adti\u00aden\u00adnent des artistes dont le tra\u00advail a un impact r\u00e9el sur la soci\u00e9t\u00e9. Une trans\u00adfor\u00adma\u00adtion pro\u00adfonde du march\u00e9 qui val\u00adorise d\u00e9sor\u00admais l\u2019en\u00adgage\u00adment autant que la tech\u00adnique.<\/p>\n","protected":false},"excerpt":{"rendered":"<p>Par la R\u00e9dac\u00adtion de BOBEA Les mus\u00e9es ne sont plus des sanc\u00adtu\u00adaires de con\u00adtem\u00adpla\u00adtion pas\u00adsive. En 2026, ils sont devenus des ago\u00adras o\u00f9 se joue le com\u00adbat pour la jus\u00adtice\u2026 <\/p>\n","protected":false},"author":1,"featured_media":29831,"comment_status":"open","ping_status":"closed","sticky":false,"template":"","format":"standard","meta":{"wp_typography_post_enhancements_disabled":false,"footnotes":""},"categories":[53],"tags":[20845,22137,22135,22136,20133,20848,22138],"class_list":["post-29830","post","type-post","status-publish","format-standard","has-post-thumbnail","hentry","category-viva","tag-art-contemporain-2026","tag-artivisme","tag-feminisme-artistique","tag-femmes-artistes-engagees","tag-ia-et-art","tag-marche-de-lart-ethique","tag-musees-et-politique"],"yoast_head":"<!-- This site is optimized with the Yoast SEO plugin v24.7 - https:\/\/yoast.com\/wordpress\/plugins\/seo\/ -->\n<title>Ces artistes engag\u00e9es qui bousculent les institutions mus\u00e9ales en 2026 - Bobea<\/title>\n<meta name=\"description\" content=\"Les mus\u00e9es ne sont plus des sanctuaires de contemplation passive. En 2026, ils sont devenus des agoras o\u00f9 se joue le combat\" \/>\n<meta name=\"robots\" content=\"index, follow, max-snippet:-1, max-image-preview:large, max-video-preview:-1\" \/>\n<link rel=\"canonical\" href=\"https:\/\/bobea.net\/index.php\/2026\/01\/27\/ces-artistes-engagees-qui-bousculent-les-institutions-museales-en-2026\/\" \/>\n<meta property=\"og:locale\" content=\"fr_FR\" \/>\n<meta property=\"og:type\" content=\"article\" \/>\n<meta property=\"og:title\" content=\"Ces artistes engag\u00e9es qui bousculent les institutions mus\u00e9ales en 2026 - Bobea\" \/>\n<meta property=\"og:description\" content=\"Les mus\u00e9es ne sont plus des sanctuaires de contemplation passive. En 2026, ils sont devenus des agoras o\u00f9 se joue le combat\" \/>\n<meta property=\"og:url\" content=\"https:\/\/bobea.net\/index.php\/2026\/01\/27\/ces-artistes-engagees-qui-bousculent-les-institutions-museales-en-2026\/\" \/>\n<meta property=\"og:site_name\" content=\"Bobea\" \/>\n<meta property=\"article:publisher\" content=\"https:\/\/web.facebook.com\/profile.php?id=61559252188416\" \/>\n<meta property=\"article:published_time\" content=\"2026-01-27T17:58:28+00:00\" \/>\n<meta property=\"article:modified_time\" content=\"2026-01-27T17:58:29+00:00\" \/>\n<meta property=\"og:image\" content=\"https:\/\/bobea.net\/wp-content\/uploads\/2026\/01\/1230893-une-double-exposition-mode-a-la-galerie-dior-et-a-la-fondation-azzedine-alaia-cet-automne-a-paris.jpg\" \/>\n\t<meta property=\"og:image:width\" content=\"1800\" \/>\n\t<meta property=\"og:image:height\" content=\"1159\" \/>\n\t<meta property=\"og:image:type\" content=\"image\/jpeg\" \/>\n<meta name=\"author\" content=\"bobea.info\" \/>\n<meta name=\"twitter:card\" content=\"summary_large_image\" \/>\n<meta name=\"twitter:label1\" content=\"\u00c9crit par\" \/>\n\t<meta name=\"twitter:data1\" content=\"bobea.info\" \/>\n\t<meta name=\"twitter:label2\" content=\"Dur\u00e9e de lecture estim\u00e9e\" \/>\n\t<meta name=\"twitter:data2\" content=\"2 minutes\" \/>\n<script type=\"application\/ld+json\" class=\"yoast-schema-graph\">{\"@context\":\"https:\/\/schema.org\",\"@graph\":[{\"@type\":\"Article\",\"@id\":\"https:\/\/bobea.net\/index.php\/2026\/01\/27\/ces-artistes-engagees-qui-bousculent-les-institutions-museales-en-2026\/#article\",\"isPartOf\":{\"@id\":\"https:\/\/bobea.net\/index.php\/2026\/01\/27\/ces-artistes-engagees-qui-bousculent-les-institutions-museales-en-2026\/\"},\"author\":{\"name\":\"bobea.info\",\"@id\":\"https:\/\/bobea.net\/#\/schema\/person\/e7f45ef187918d7c956bf619dce90ccf\"},\"headline\":\"Ces artistes engag\u00e9es qui bousculent les institutions mus\u00e9ales en 2026\",\"datePublished\":\"2026-01-27T17:58:28+00:00\",\"dateModified\":\"2026-01-27T17:58:29+00:00\",\"mainEntityOfPage\":{\"@id\":\"https:\/\/bobea.net\/index.php\/2026\/01\/27\/ces-artistes-engagees-qui-bousculent-les-institutions-museales-en-2026\/\"},\"wordCount\":328,\"commentCount\":3,\"publisher\":{\"@id\":\"https:\/\/bobea.net\/#organization\"},\"image\":{\"@id\":\"https:\/\/bobea.net\/index.php\/2026\/01\/27\/ces-artistes-engagees-qui-bousculent-les-institutions-museales-en-2026\/#primaryimage\"},\"thumbnailUrl\":\"https:\/\/bobea.net\/wp-content\/uploads\/2026\/01\/1230893-une-double-exposition-mode-a-la-galerie-dior-et-a-la-fondation-azzedine-alaia-cet-automne-a-paris.jpg\",\"keywords\":[\"Art contemporain 2026\",\"Artivisme\",\"F\u00e9minisme artistique\",\"Femmes artistes engag\u00e9es\",\"IA et art\",\"march\u00e9 de l'art \u00e9thique\",\"Mus\u00e9es et politique\"],\"articleSection\":[\"Viva\"],\"inLanguage\":\"fr-FR\",\"potentialAction\":[{\"@type\":\"CommentAction\",\"name\":\"Comment\",\"target\":[\"https:\/\/bobea.net\/index.php\/2026\/01\/27\/ces-artistes-engagees-qui-bousculent-les-institutions-museales-en-2026\/#respond\"]}]},{\"@type\":\"WebPage\",\"@id\":\"https:\/\/bobea.net\/index.php\/2026\/01\/27\/ces-artistes-engagees-qui-bousculent-les-institutions-museales-en-2026\/\",\"url\":\"https:\/\/bobea.net\/index.php\/2026\/01\/27\/ces-artistes-engagees-qui-bousculent-les-institutions-museales-en-2026\/\",\"name\":\"Ces artistes engag\u00e9es qui bousculent les institutions mus\u00e9ales en 2026 - Bobea\",\"isPartOf\":{\"@id\":\"https:\/\/bobea.net\/#website\"},\"primaryImageOfPage\":{\"@id\":\"https:\/\/bobea.net\/index.php\/2026\/01\/27\/ces-artistes-engagees-qui-bousculent-les-institutions-museales-en-2026\/#primaryimage\"},\"image\":{\"@id\":\"https:\/\/bobea.net\/index.php\/2026\/01\/27\/ces-artistes-engagees-qui-bousculent-les-institutions-museales-en-2026\/#primaryimage\"},\"thumbnailUrl\":\"https:\/\/bobea.net\/wp-content\/uploads\/2026\/01\/1230893-une-double-exposition-mode-a-la-galerie-dior-et-a-la-fondation-azzedine-alaia-cet-automne-a-paris.jpg\",\"datePublished\":\"2026-01-27T17:58:28+00:00\",\"dateModified\":\"2026-01-27T17:58:29+00:00\",\"description\":\"Les mus\u00e9es ne sont plus des sanctuaires de contemplation passive. En 2026, ils sont devenus des agoras o\u00f9 se joue le combat\",\"breadcrumb\":{\"@id\":\"https:\/\/bobea.net\/index.php\/2026\/01\/27\/ces-artistes-engagees-qui-bousculent-les-institutions-museales-en-2026\/#breadcrumb\"},\"inLanguage\":\"fr-FR\",\"potentialAction\":[{\"@type\":\"ReadAction\",\"target\":[\"https:\/\/bobea.net\/index.php\/2026\/01\/27\/ces-artistes-engagees-qui-bousculent-les-institutions-museales-en-2026\/\"]}]},{\"@type\":\"ImageObject\",\"inLanguage\":\"fr-FR\",\"@id\":\"https:\/\/bobea.net\/index.php\/2026\/01\/27\/ces-artistes-engagees-qui-bousculent-les-institutions-museales-en-2026\/#primaryimage\",\"url\":\"https:\/\/bobea.net\/wp-content\/uploads\/2026\/01\/1230893-une-double-exposition-mode-a-la-galerie-dior-et-a-la-fondation-azzedine-alaia-cet-automne-a-paris.jpg\",\"contentUrl\":\"https:\/\/bobea.net\/wp-content\/uploads\/2026\/01\/1230893-une-double-exposition-mode-a-la-galerie-dior-et-a-la-fondation-azzedine-alaia-cet-automne-a-paris.jpg\",\"width\":1800,\"height\":1159},{\"@type\":\"BreadcrumbList\",\"@id\":\"https:\/\/bobea.net\/index.php\/2026\/01\/27\/ces-artistes-engagees-qui-bousculent-les-institutions-museales-en-2026\/#breadcrumb\",\"itemListElement\":[{\"@type\":\"ListItem\",\"position\":1,\"name\":\"Accueil\",\"item\":\"https:\/\/bobea.net\/\"},{\"@type\":\"ListItem\",\"position\":2,\"name\":\"Ces artistes engag\u00e9es qui bousculent les institutions mus\u00e9ales en 2026\"}]},{\"@type\":\"WebSite\",\"@id\":\"https:\/\/bobea.net\/#website\",\"url\":\"https:\/\/bobea.net\/\",\"name\":\"Bobea\",\"description\":\"Le magazine de la nouvelle \u00c8ve\",\"publisher\":{\"@id\":\"https:\/\/bobea.net\/#organization\"},\"potentialAction\":[{\"@type\":\"SearchAction\",\"target\":{\"@type\":\"EntryPoint\",\"urlTemplate\":\"https:\/\/bobea.net\/?s={search_term_string}\"},\"query-input\":{\"@type\":\"PropertyValueSpecification\",\"valueRequired\":true,\"valueName\":\"search_term_string\"}}],\"inLanguage\":\"fr-FR\"},{\"@type\":\"Organization\",\"@id\":\"https:\/\/bobea.net\/#organization\",\"name\":\"Bobea\",\"url\":\"https:\/\/bobea.net\/\",\"logo\":{\"@type\":\"ImageObject\",\"inLanguage\":\"fr-FR\",\"@id\":\"https:\/\/bobea.net\/#\/schema\/logo\/image\/\",\"url\":\"https:\/\/bobea.net\/wp-content\/uploads\/2024\/06\/bobea.jpg\",\"contentUrl\":\"https:\/\/bobea.net\/wp-content\/uploads\/2024\/06\/bobea.jpg\",\"width\":1080,\"height\":1080,\"caption\":\"Bobea\"},\"image\":{\"@id\":\"https:\/\/bobea.net\/#\/schema\/logo\/image\/\"},\"sameAs\":[\"https:\/\/web.facebook.com\/profile.php?id=61559252188416\"]},{\"@type\":\"Person\",\"@id\":\"https:\/\/bobea.net\/#\/schema\/person\/e7f45ef187918d7c956bf619dce90ccf\",\"name\":\"bobea.info\",\"image\":{\"@type\":\"ImageObject\",\"inLanguage\":\"fr-FR\",\"@id\":\"https:\/\/bobea.net\/#\/schema\/person\/image\/\",\"url\":\"https:\/\/secure.gravatar.com\/avatar\/36147980349df887ae30808df3e29474?s=96&d=mm&r=g\",\"contentUrl\":\"https:\/\/secure.gravatar.com\/avatar\/36147980349df887ae30808df3e29474?s=96&d=mm&r=g\",\"caption\":\"bobea.info\"},\"sameAs\":[\"https:\/\/bobea.net\"],\"url\":\"https:\/\/bobea.net\/index.php\/author\/bobea-info\/\"}]}<\/script>\n<!-- \/ Yoast SEO plugin. -->","yoast_head_json":{"title":"Ces artistes engag\u00e9es qui bousculent les institutions mus\u00e9ales en 2026 - Bobea","description":"Les mus\u00e9es ne sont plus des sanctuaires de contemplation passive. En 2026, ils sont devenus des agoras o\u00f9 se joue le combat","robots":{"index":"index","follow":"follow","max-snippet":"max-snippet:-1","max-image-preview":"max-image-preview:large","max-video-preview":"max-video-preview:-1"},"canonical":"https:\/\/bobea.net\/index.php\/2026\/01\/27\/ces-artistes-engagees-qui-bousculent-les-institutions-museales-en-2026\/","og_locale":"fr_FR","og_type":"article","og_title":"Ces artistes engag\u00e9es qui bousculent les institutions mus\u00e9ales en 2026 - Bobea","og_description":"Les mus\u00e9es ne sont plus des sanctuaires de contemplation passive. En 2026, ils sont devenus des agoras o\u00f9 se joue le combat","og_url":"https:\/\/bobea.net\/index.php\/2026\/01\/27\/ces-artistes-engagees-qui-bousculent-les-institutions-museales-en-2026\/","og_site_name":"Bobea","article_publisher":"https:\/\/web.facebook.com\/profile.php?id=61559252188416","article_published_time":"2026-01-27T17:58:28+00:00","article_modified_time":"2026-01-27T17:58:29+00:00","og_image":[{"width":1800,"height":1159,"url":"https:\/\/bobea.net\/wp-content\/uploads\/2026\/01\/1230893-une-double-exposition-mode-a-la-galerie-dior-et-a-la-fondation-azzedine-alaia-cet-automne-a-paris.jpg","type":"image\/jpeg"}],"author":"bobea.info","twitter_card":"summary_large_image","twitter_misc":{"\u00c9crit par":"bobea.info","Dur\u00e9e de lecture estim\u00e9e":"2 minutes"},"schema":{"@context":"https:\/\/schema.org","@graph":[{"@type":"Article","@id":"https:\/\/bobea.net\/index.php\/2026\/01\/27\/ces-artistes-engagees-qui-bousculent-les-institutions-museales-en-2026\/#article","isPartOf":{"@id":"https:\/\/bobea.net\/index.php\/2026\/01\/27\/ces-artistes-engagees-qui-bousculent-les-institutions-museales-en-2026\/"},"author":{"name":"bobea.info","@id":"https:\/\/bobea.net\/#\/schema\/person\/e7f45ef187918d7c956bf619dce90ccf"},"headline":"Ces artistes engag\u00e9es qui bousculent les institutions mus\u00e9ales en 2026","datePublished":"2026-01-27T17:58:28+00:00","dateModified":"2026-01-27T17:58:29+00:00","mainEntityOfPage":{"@id":"https:\/\/bobea.net\/index.php\/2026\/01\/27\/ces-artistes-engagees-qui-bousculent-les-institutions-museales-en-2026\/"},"wordCount":328,"commentCount":3,"publisher":{"@id":"https:\/\/bobea.net\/#organization"},"image":{"@id":"https:\/\/bobea.net\/index.php\/2026\/01\/27\/ces-artistes-engagees-qui-bousculent-les-institutions-museales-en-2026\/#primaryimage"},"thumbnailUrl":"https:\/\/bobea.net\/wp-content\/uploads\/2026\/01\/1230893-une-double-exposition-mode-a-la-galerie-dior-et-a-la-fondation-azzedine-alaia-cet-automne-a-paris.jpg","keywords":["Art contemporain 2026","Artivisme","F\u00e9minisme artistique","Femmes artistes engag\u00e9es","IA et art","march\u00e9 de l'art \u00e9thique","Mus\u00e9es et politique"],"articleSection":["Viva"],"inLanguage":"fr-FR","potentialAction":[{"@type":"CommentAction","name":"Comment","target":["https:\/\/bobea.net\/index.php\/2026\/01\/27\/ces-artistes-engagees-qui-bousculent-les-institutions-museales-en-2026\/#respond"]}]},{"@type":"WebPage","@id":"https:\/\/bobea.net\/index.php\/2026\/01\/27\/ces-artistes-engagees-qui-bousculent-les-institutions-museales-en-2026\/","url":"https:\/\/bobea.net\/index.php\/2026\/01\/27\/ces-artistes-engagees-qui-bousculent-les-institutions-museales-en-2026\/","name":"Ces artistes engag\u00e9es qui bousculent les institutions mus\u00e9ales en 2026 - Bobea","isPartOf":{"@id":"https:\/\/bobea.net\/#website"},"primaryImageOfPage":{"@id":"https:\/\/bobea.net\/index.php\/2026\/01\/27\/ces-artistes-engagees-qui-bousculent-les-institutions-museales-en-2026\/#primaryimage"},"image":{"@id":"https:\/\/bobea.net\/index.php\/2026\/01\/27\/ces-artistes-engagees-qui-bousculent-les-institutions-museales-en-2026\/#primaryimage"},"thumbnailUrl":"https:\/\/bobea.net\/wp-content\/uploads\/2026\/01\/1230893-une-double-exposition-mode-a-la-galerie-dior-et-a-la-fondation-azzedine-alaia-cet-automne-a-paris.jpg","datePublished":"2026-01-27T17:58:28+00:00","dateModified":"2026-01-27T17:58:29+00:00","description":"Les mus\u00e9es ne sont plus des sanctuaires de contemplation passive. En 2026, ils sont devenus des agoras o\u00f9 se joue le combat","breadcrumb":{"@id":"https:\/\/bobea.net\/index.php\/2026\/01\/27\/ces-artistes-engagees-qui-bousculent-les-institutions-museales-en-2026\/#breadcrumb"},"inLanguage":"fr-FR","potentialAction":[{"@type":"ReadAction","target":["https:\/\/bobea.net\/index.php\/2026\/01\/27\/ces-artistes-engagees-qui-bousculent-les-institutions-museales-en-2026\/"]}]},{"@type":"ImageObject","inLanguage":"fr-FR","@id":"https:\/\/bobea.net\/index.php\/2026\/01\/27\/ces-artistes-engagees-qui-bousculent-les-institutions-museales-en-2026\/#primaryimage","url":"https:\/\/bobea.net\/wp-content\/uploads\/2026\/01\/1230893-une-double-exposition-mode-a-la-galerie-dior-et-a-la-fondation-azzedine-alaia-cet-automne-a-paris.jpg","contentUrl":"https:\/\/bobea.net\/wp-content\/uploads\/2026\/01\/1230893-une-double-exposition-mode-a-la-galerie-dior-et-a-la-fondation-azzedine-alaia-cet-automne-a-paris.jpg","width":1800,"height":1159},{"@type":"BreadcrumbList","@id":"https:\/\/bobea.net\/index.php\/2026\/01\/27\/ces-artistes-engagees-qui-bousculent-les-institutions-museales-en-2026\/#breadcrumb","itemListElement":[{"@type":"ListItem","position":1,"name":"Accueil","item":"https:\/\/bobea.net\/"},{"@type":"ListItem","position":2,"name":"Ces artistes engag\u00e9es qui bousculent les institutions mus\u00e9ales en 2026"}]},{"@type":"WebSite","@id":"https:\/\/bobea.net\/#website","url":"https:\/\/bobea.net\/","name":"Bobea","description":"Le magazine de la nouvelle \u00c8ve","publisher":{"@id":"https:\/\/bobea.net\/#organization"},"potentialAction":[{"@type":"SearchAction","target":{"@type":"EntryPoint","urlTemplate":"https:\/\/bobea.net\/?s={search_term_string}"},"query-input":{"@type":"PropertyValueSpecification","valueRequired":true,"valueName":"search_term_string"}}],"inLanguage":"fr-FR"},{"@type":"Organization","@id":"https:\/\/bobea.net\/#organization","name":"Bobea","url":"https:\/\/bobea.net\/","logo":{"@type":"ImageObject","inLanguage":"fr-FR","@id":"https:\/\/bobea.net\/#\/schema\/logo\/image\/","url":"https:\/\/bobea.net\/wp-content\/uploads\/2024\/06\/bobea.jpg","contentUrl":"https:\/\/bobea.net\/wp-content\/uploads\/2024\/06\/bobea.jpg","width":1080,"height":1080,"caption":"Bobea"},"image":{"@id":"https:\/\/bobea.net\/#\/schema\/logo\/image\/"},"sameAs":["https:\/\/web.facebook.com\/profile.php?id=61559252188416"]},{"@type":"Person","@id":"https:\/\/bobea.net\/#\/schema\/person\/e7f45ef187918d7c956bf619dce90ccf","name":"bobea.info","image":{"@type":"ImageObject","inLanguage":"fr-FR","@id":"https:\/\/bobea.net\/#\/schema\/person\/image\/","url":"https:\/\/secure.gravatar.com\/avatar\/36147980349df887ae30808df3e29474?s=96&d=mm&r=g","contentUrl":"https:\/\/secure.gravatar.com\/avatar\/36147980349df887ae30808df3e29474?s=96&d=mm&r=g","caption":"bobea.info"},"sameAs":["https:\/\/bobea.net"],"url":"https:\/\/bobea.net\/index.php\/author\/bobea-info\/"}]}},"_links":{"self":[{"href":"https:\/\/bobea.net\/index.php\/wp-json\/wp\/v2\/posts\/29830"}],"collection":[{"href":"https:\/\/bobea.net\/index.php\/wp-json\/wp\/v2\/posts"}],"about":[{"href":"https:\/\/bobea.net\/index.php\/wp-json\/wp\/v2\/types\/post"}],"author":[{"embeddable":true,"href":"https:\/\/bobea.net\/index.php\/wp-json\/wp\/v2\/users\/1"}],"replies":[{"embeddable":true,"href":"https:\/\/bobea.net\/index.php\/wp-json\/wp\/v2\/comments?post=29830"}],"version-history":[{"count":1,"href":"https:\/\/bobea.net\/index.php\/wp-json\/wp\/v2\/posts\/29830\/revisions"}],"predecessor-version":[{"id":29833,"href":"https:\/\/bobea.net\/index.php\/wp-json\/wp\/v2\/posts\/29830\/revisions\/29833"}],"wp:featuredmedia":[{"embeddable":true,"href":"https:\/\/bobea.net\/index.php\/wp-json\/wp\/v2\/media\/29831"}],"wp:attachment":[{"href":"https:\/\/bobea.net\/index.php\/wp-json\/wp\/v2\/media?parent=29830"}],"wp:term":[{"taxonomy":"category","embeddable":true,"href":"https:\/\/bobea.net\/index.php\/wp-json\/wp\/v2\/categories?post=29830"},{"taxonomy":"post_tag","embeddable":true,"href":"https:\/\/bobea.net\/index.php\/wp-json\/wp\/v2\/tags?post=29830"}],"curies":[{"name":"wp","href":"https:\/\/api.w.org\/{rel}","templated":true}]}}