{"id":29783,"date":"2026-01-27T16:53:53","date_gmt":"2026-01-27T16:53:53","guid":{"rendered":"https:\/\/bobea.net\/?p=29783"},"modified":"2026-01-27T16:54:08","modified_gmt":"2026-01-27T16:54:08","slug":"caroline-goldman-mon-enfance-dans-lombre-lumineuse-de-jean-jacques","status":"publish","type":"post","link":"https:\/\/bobea.net\/index.php\/2026\/01\/27\/caroline-goldman-mon-enfance-dans-lombre-lumineuse-de-jean-jacques\/","title":{"rendered":"Caroline Goldman : \u201cMon enfance dans l\u2019ombre lumineuse de Jean-Jacques\u201d"},"content":{"rendered":"\n<p><strong>Par la R\u00e9dac\u00adtion de BOBEA<\/strong><\/p>\n\n\n\n<p>Elle est dev\u00adenue l\u2019une des psy\u00adcho\u00adlogues les plus influ\u00adentes de sa g\u00e9n\u00e9ra\u00adtion, bous\u00adcu\u00adlant les dogmes de l\u2019\u00e9\u00add\u00adu\u00adca\u00adtion pos\u00adi\u00adtive avec une fer\u00admet\u00e9 assum\u00e9e. Mais der\u00adri\u00e8re l\u2019in\u00adtel\u00adlectuelle rigoureuse se cache la fille d\u2019une ic\u00f4ne nationale. Pour BOBEA, <strong>Car\u00ado\u00adline Gold\u00adman<\/strong> accepte de lever le voile sur un sujet qu\u2019elle traite d\u2019or\u00addi\u00adnaire avec une pudeur extr\u00eame : son enfance aupr\u00e8s de son p\u00e8re, Jean-Jacques Gold\u00adman.<\/p>\n\n\n\n<p><strong>Une \u00e9du\u00adca\u00adtion entre sim\u00adplic\u00adit\u00e9 et exi\u00adgences<\/strong><\/p>\n\n\n\n<p>Con\u00adtraire\u00adment \u00e0 ce que l\u2019on pour\u00adrait imag\u00adin\u00ader d\u2019une \u201cfille de\u201d, Car\u00ado\u00adline Gold\u00adman d\u00e9crit une enfance mar\u00adqu\u00e9e par une nor\u00admal\u00adit\u00e9 presque rad\u00adi\u00adcale. Jean-Jacques, l\u2019homme aux mil\u00adlions de dis\u00adques ven\u00addus, \u00e9tait avant tout un p\u00e8re pr\u00e9sent, soucieux de trans\u00admet\u00adtre des valeurs de tra\u00advail et de dis\u00adcr\u00e9\u00adtion. \u201cLa c\u00e9l\u00e9brit\u00e9 de mon p\u00e8re \u00e9tait un bruit de fond, jamais le moteur de notre vie domes\u00adtique\u201d, explique-t-elle. Cette \u00e9du\u00adca\u00adtion a forg\u00e9 sa vision de la psy\u00adcholo\u00adgie : l\u2019im\u00adpor\u00adtance des lim\u00adites et le refus de l\u2019en\u00adfant-roi.<\/p>\n\n\n\n<figure class=\"wp-block-image size-large\"><img loading=\"lazy\" decoding=\"async\" width=\"1024\" height=\"538\" src=\"https:\/\/bobea.net\/wp-content\/uploads\/2026\/01\/c-est-mon-pere-donc-la-psychologue-caroline-goldman-devoile-quel-genre-d-education-lui-a-donnee-son-pere-jean-jacques-goldman-1024x538.jpg\" alt class=\"wp-image-29785\" srcset=\"https:\/\/bobea.net\/wp-content\/uploads\/2026\/01\/c-est-mon-pere-donc-la-psychologue-caroline-goldman-devoile-quel-genre-d-education-lui-a-donnee-son-pere-jean-jacques-goldman-1024x538.jpg 1024w, https:\/\/bobea.net\/wp-content\/uploads\/2026\/01\/c-est-mon-pere-donc-la-psychologue-caroline-goldman-devoile-quel-genre-d-education-lui-a-donnee-son-pere-jean-jacques-goldman-300x158.jpg 300w, https:\/\/bobea.net\/wp-content\/uploads\/2026\/01\/c-est-mon-pere-donc-la-psychologue-caroline-goldman-devoile-quel-genre-d-education-lui-a-donnee-son-pere-jean-jacques-goldman-768x403.jpg 768w, https:\/\/bobea.net\/wp-content\/uploads\/2026\/01\/c-est-mon-pere-donc-la-psychologue-caroline-goldman-devoile-quel-genre-d-education-lui-a-donnee-son-pere-jean-jacques-goldman.jpg 1200w\" sizes=\"(max-width: 1024px) 100vw, 1024px\"><\/figure>\n\n\n\n<p><strong>Le poids du nom : un moteur, pas un fardeau<\/strong><\/p>\n\n\n\n<p>Porter le nom de Gold\u00adman n\u2019a jamais \u00e9t\u00e9 une b\u00e9quille pour Car\u00ado\u00adline. Elle a con\u00adstru\u00adit sa l\u00e9gitim\u00adit\u00e9 dans le milieu acad\u00e9mique et clin\u00adique par la force de son tra\u00advail. Ses th\u00e9ories sur le \u201cTime Out\u201d et la n\u00e9ces\u00adsit\u00e9 de l\u2019au\u00adtorit\u00e9 parentale ont sus\u00adcit\u00e9 des d\u00e9bats pas\u00adsion\u00adn\u00e9s. Elle voit dans ses pris\u00ades de posi\u00adtion une forme de courage intel\u00adlectuel qu\u2019elle a sans doute puis\u00e9 dans l\u2019in\u00adt\u00e9grit\u00e9 pater\u00adnelle. \u201cMon p\u00e8re m\u2019a appris qu\u2019avoir rai\u00adson con\u00adtre la majorit\u00e9 n\u2019est pas une faute, si c\u2019est fond\u00e9 sur la v\u00e9rit\u00e9\u201d, con\u00adfie-t-elle avec \u00e9mo\u00adtion.<\/p>\n\n\n\n<p><strong>Car\u00ado\u00adline Gold\u00adman aujour\u00add\u2019hui : l\u2019ac\u00adtivisme par la sci\u00adence<\/strong><\/p>\n\n\n\n<p>Au-del\u00e0 de son h\u00e9ritage, Car\u00ado\u00adline est une mil\u00adi\u00adtante de la san\u00adt\u00e9 psy\u00adchique. Dans ses pod\u00adcasts et ses ouvrages, elle s\u2019adresse aux femmes dirigeantes et aux m\u00e8res actives pour les lib\u00e9r\u00ader de la cul\u00adpa\u00adbil\u00adit\u00e9 tout en les respon\u00ads\u00adabil\u00adisant. Ce por\u00adtrait intime nous r\u00e9v\u00e8le une femme qui, si elle a gran\u00addi dans l\u2019om\u00adbre d\u2019un g\u00e9ant, a su cr\u00e9er sa pro\u00adpre lumi\u00e8re, une lumi\u00e8re froide et pr\u00e9\u00adcise qui \u00e9claire les zones d\u2019om\u00adbre de la parental\u00adit\u00e9 mod\u00aderne.<\/p>\n","protected":false},"excerpt":{"rendered":"<p>Par la R\u00e9dac\u00adtion de BOBEA Elle est dev\u00adenue l\u2019une des psy\u00adcho\u00adlogues les plus influ\u00adentes de sa g\u00e9n\u00e9ra\u00adtion, bous\u00adcu\u00adlant les dogmes de l\u2019\u00e9\u00add\u00adu\u00adca\u00adtion pos\u00adi\u00adtive avec une fer\u00admet\u00e9 assum\u00e9e. Mais der\u00adri\u00e8re l\u2019in\u00adtel\u00adlectuelle\u2026 <\/p>\n","protected":false},"author":1,"featured_media":29784,"comment_status":"open","ping_status":"closed","sticky":false,"template":"","format":"standard","meta":{"wp_typography_post_enhancements_disabled":false,"footnotes":""},"categories":[53],"tags":[22083,22080,22082,21368,22081,22079],"class_list":["post-29783","post","type-post","status-publish","format-standard","has-post-thumbnail","hentry","category-viva","tag-caroline-goldman","tag-education-positive","tag-enfant-roi","tag-jean-jacques-goldman","tag-limites-educatives","tag-psychologie-infantile"],"yoast_head":"<!-- This site is optimized with the Yoast SEO plugin v24.7 - https:\/\/yoast.com\/wordpress\/plugins\/seo\/ -->\n<title>Caroline Goldman : &quot;Mon enfance dans l&#039;ombre lumineuse de Jean-Jacques&quot; - Bobea<\/title>\n<meta name=\"robots\" content=\"index, follow, max-snippet:-1, max-image-preview:large, max-video-preview:-1\" \/>\n<link rel=\"canonical\" href=\"https:\/\/bobea.net\/index.php\/2026\/01\/27\/caroline-goldman-mon-enfance-dans-lombre-lumineuse-de-jean-jacques\/\" \/>\n<meta property=\"og:locale\" content=\"fr_FR\" \/>\n<meta property=\"og:type\" content=\"article\" \/>\n<meta property=\"og:title\" content=\"Caroline Goldman : &quot;Mon enfance dans l&#039;ombre lumineuse de Jean-Jacques&quot; - Bobea\" \/>\n<meta property=\"og:description\" content=\"Par la R\u00e9dac\u00adtion de BOBEA Elle est dev\u00adenue l\u2019une des psy\u00adcho\u00adlogues les plus influ\u00adentes de sa g\u00e9n\u00e9ra\u00adtion, bous\u00adcu\u00adlant les dogmes de l\u2019\u00e9\u00add\u00adu\u00adca\u00adtion pos\u00adi\u00adtive avec une fer\u00admet\u00e9 assum\u00e9e. Mais der\u00adri\u00e8re l\u2019in\u00adtel\u00adlectuelle&hellip;\" \/>\n<meta property=\"og:url\" content=\"https:\/\/bobea.net\/index.php\/2026\/01\/27\/caroline-goldman-mon-enfance-dans-lombre-lumineuse-de-jean-jacques\/\" \/>\n<meta property=\"og:site_name\" content=\"Bobea\" \/>\n<meta property=\"article:publisher\" content=\"https:\/\/web.facebook.com\/profile.php?id=61559252188416\" \/>\n<meta property=\"article:published_time\" content=\"2026-01-27T16:53:53+00:00\" \/>\n<meta property=\"article:modified_time\" content=\"2026-01-27T16:54:08+00:00\" \/>\n<meta property=\"og:image\" content=\"https:\/\/bobea.net\/wp-content\/uploads\/2026\/01\/la-pedopsychiatrie-est-alarmee-par-la-recrudescence-de-troubles-du-comportement-dus-a-un-defaut-de-limites-educatives-s-inquiete-caroline-goldman-photo-ebra-dr-1676137826.jpg\" \/>\n\t<meta property=\"og:image:width\" content=\"1000\" \/>\n\t<meta property=\"og:image:height\" content=\"500\" \/>\n\t<meta property=\"og:image:type\" content=\"image\/jpeg\" \/>\n<meta name=\"author\" content=\"bobea.info\" \/>\n<meta name=\"twitter:card\" content=\"summary_large_image\" \/>\n<meta name=\"twitter:label1\" content=\"\u00c9crit par\" \/>\n\t<meta name=\"twitter:data1\" content=\"bobea.info\" \/>\n\t<meta name=\"twitter:label2\" content=\"Dur\u00e9e de lecture estim\u00e9e\" \/>\n\t<meta name=\"twitter:data2\" content=\"3 minutes\" \/>\n<script type=\"application\/ld+json\" class=\"yoast-schema-graph\">{\"@context\":\"https:\/\/schema.org\",\"@graph\":[{\"@type\":\"Article\",\"@id\":\"https:\/\/bobea.net\/index.php\/2026\/01\/27\/caroline-goldman-mon-enfance-dans-lombre-lumineuse-de-jean-jacques\/#article\",\"isPartOf\":{\"@id\":\"https:\/\/bobea.net\/index.php\/2026\/01\/27\/caroline-goldman-mon-enfance-dans-lombre-lumineuse-de-jean-jacques\/\"},\"author\":{\"name\":\"bobea.info\",\"@id\":\"https:\/\/bobea.net\/#\/schema\/person\/e7f45ef187918d7c956bf619dce90ccf\"},\"headline\":\"Caroline Goldman : \u201cMon enfance dans l\u2019ombre lumineuse de Jean-Jacques\u201d\",\"datePublished\":\"2026-01-27T16:53:53+00:00\",\"dateModified\":\"2026-01-27T16:54:08+00:00\",\"mainEntityOfPage\":{\"@id\":\"https:\/\/bobea.net\/index.php\/2026\/01\/27\/caroline-goldman-mon-enfance-dans-lombre-lumineuse-de-jean-jacques\/\"},\"wordCount\":398,\"commentCount\":3,\"publisher\":{\"@id\":\"https:\/\/bobea.net\/#organization\"},\"image\":{\"@id\":\"https:\/\/bobea.net\/index.php\/2026\/01\/27\/caroline-goldman-mon-enfance-dans-lombre-lumineuse-de-jean-jacques\/#primaryimage\"},\"thumbnailUrl\":\"https:\/\/bobea.net\/wp-content\/uploads\/2026\/01\/la-pedopsychiatrie-est-alarmee-par-la-recrudescence-de-troubles-du-comportement-dus-a-un-defaut-de-limites-educatives-s-inquiete-caroline-goldman-photo-ebra-dr-1676137826.jpg\",\"keywords\":[\"Caroline Goldman\",\"\u00c9ducation positive\",\"Enfant-roi\",\"Jean-Jacques Goldman\",\"Limites \u00e9ducatives\",\"Psychologie infantile\"],\"articleSection\":[\"Viva\"],\"inLanguage\":\"fr-FR\",\"potentialAction\":[{\"@type\":\"CommentAction\",\"name\":\"Comment\",\"target\":[\"https:\/\/bobea.net\/index.php\/2026\/01\/27\/caroline-goldman-mon-enfance-dans-lombre-lumineuse-de-jean-jacques\/#respond\"]}]},{\"@type\":\"WebPage\",\"@id\":\"https:\/\/bobea.net\/index.php\/2026\/01\/27\/caroline-goldman-mon-enfance-dans-lombre-lumineuse-de-jean-jacques\/\",\"url\":\"https:\/\/bobea.net\/index.php\/2026\/01\/27\/caroline-goldman-mon-enfance-dans-lombre-lumineuse-de-jean-jacques\/\",\"name\":\"Caroline Goldman : \\\"Mon enfance dans l'ombre lumineuse de Jean-Jacques\\\" - Bobea\",\"isPartOf\":{\"@id\":\"https:\/\/bobea.net\/#website\"},\"primaryImageOfPage\":{\"@id\":\"https:\/\/bobea.net\/index.php\/2026\/01\/27\/caroline-goldman-mon-enfance-dans-lombre-lumineuse-de-jean-jacques\/#primaryimage\"},\"image\":{\"@id\":\"https:\/\/bobea.net\/index.php\/2026\/01\/27\/caroline-goldman-mon-enfance-dans-lombre-lumineuse-de-jean-jacques\/#primaryimage\"},\"thumbnailUrl\":\"https:\/\/bobea.net\/wp-content\/uploads\/2026\/01\/la-pedopsychiatrie-est-alarmee-par-la-recrudescence-de-troubles-du-comportement-dus-a-un-defaut-de-limites-educatives-s-inquiete-caroline-goldman-photo-ebra-dr-1676137826.jpg\",\"datePublished\":\"2026-01-27T16:53:53+00:00\",\"dateModified\":\"2026-01-27T16:54:08+00:00\",\"breadcrumb\":{\"@id\":\"https:\/\/bobea.net\/index.php\/2026\/01\/27\/caroline-goldman-mon-enfance-dans-lombre-lumineuse-de-jean-jacques\/#breadcrumb\"},\"inLanguage\":\"fr-FR\",\"potentialAction\":[{\"@type\":\"ReadAction\",\"target\":[\"https:\/\/bobea.net\/index.php\/2026\/01\/27\/caroline-goldman-mon-enfance-dans-lombre-lumineuse-de-jean-jacques\/\"]}]},{\"@type\":\"ImageObject\",\"inLanguage\":\"fr-FR\",\"@id\":\"https:\/\/bobea.net\/index.php\/2026\/01\/27\/caroline-goldman-mon-enfance-dans-lombre-lumineuse-de-jean-jacques\/#primaryimage\",\"url\":\"https:\/\/bobea.net\/wp-content\/uploads\/2026\/01\/la-pedopsychiatrie-est-alarmee-par-la-recrudescence-de-troubles-du-comportement-dus-a-un-defaut-de-limites-educatives-s-inquiete-caroline-goldman-photo-ebra-dr-1676137826.jpg\",\"contentUrl\":\"https:\/\/bobea.net\/wp-content\/uploads\/2026\/01\/la-pedopsychiatrie-est-alarmee-par-la-recrudescence-de-troubles-du-comportement-dus-a-un-defaut-de-limites-educatives-s-inquiete-caroline-goldman-photo-ebra-dr-1676137826.jpg\",\"width\":1000,\"height\":500},{\"@type\":\"BreadcrumbList\",\"@id\":\"https:\/\/bobea.net\/index.php\/2026\/01\/27\/caroline-goldman-mon-enfance-dans-lombre-lumineuse-de-jean-jacques\/#breadcrumb\",\"itemListElement\":[{\"@type\":\"ListItem\",\"position\":1,\"name\":\"Accueil\",\"item\":\"https:\/\/bobea.net\/\"},{\"@type\":\"ListItem\",\"position\":2,\"name\":\"Caroline Goldman : \u00ab\u00a0Mon enfance dans l&rsquo;ombre lumineuse de Jean-Jacques\u00a0\u00bb\"}]},{\"@type\":\"WebSite\",\"@id\":\"https:\/\/bobea.net\/#website\",\"url\":\"https:\/\/bobea.net\/\",\"name\":\"Bobea\",\"description\":\"Le magazine de la nouvelle \u00c8ve\",\"publisher\":{\"@id\":\"https:\/\/bobea.net\/#organization\"},\"potentialAction\":[{\"@type\":\"SearchAction\",\"target\":{\"@type\":\"EntryPoint\",\"urlTemplate\":\"https:\/\/bobea.net\/?s={search_term_string}\"},\"query-input\":{\"@type\":\"PropertyValueSpecification\",\"valueRequired\":true,\"valueName\":\"search_term_string\"}}],\"inLanguage\":\"fr-FR\"},{\"@type\":\"Organization\",\"@id\":\"https:\/\/bobea.net\/#organization\",\"name\":\"Bobea\",\"url\":\"https:\/\/bobea.net\/\",\"logo\":{\"@type\":\"ImageObject\",\"inLanguage\":\"fr-FR\",\"@id\":\"https:\/\/bobea.net\/#\/schema\/logo\/image\/\",\"url\":\"https:\/\/bobea.net\/wp-content\/uploads\/2024\/06\/bobea.jpg\",\"contentUrl\":\"https:\/\/bobea.net\/wp-content\/uploads\/2024\/06\/bobea.jpg\",\"width\":1080,\"height\":1080,\"caption\":\"Bobea\"},\"image\":{\"@id\":\"https:\/\/bobea.net\/#\/schema\/logo\/image\/\"},\"sameAs\":[\"https:\/\/web.facebook.com\/profile.php?id=61559252188416\"]},{\"@type\":\"Person\",\"@id\":\"https:\/\/bobea.net\/#\/schema\/person\/e7f45ef187918d7c956bf619dce90ccf\",\"name\":\"bobea.info\",\"image\":{\"@type\":\"ImageObject\",\"inLanguage\":\"fr-FR\",\"@id\":\"https:\/\/bobea.net\/#\/schema\/person\/image\/\",\"url\":\"https:\/\/secure.gravatar.com\/avatar\/36147980349df887ae30808df3e29474?s=96&d=mm&r=g\",\"contentUrl\":\"https:\/\/secure.gravatar.com\/avatar\/36147980349df887ae30808df3e29474?s=96&d=mm&r=g\",\"caption\":\"bobea.info\"},\"sameAs\":[\"https:\/\/bobea.net\"],\"url\":\"https:\/\/bobea.net\/index.php\/author\/bobea-info\/\"}]}<\/script>\n<!-- \/ Yoast SEO plugin. -->","yoast_head_json":{"title":"Caroline Goldman : \"Mon enfance dans l'ombre lumineuse de Jean-Jacques\" - Bobea","robots":{"index":"index","follow":"follow","max-snippet":"max-snippet:-1","max-image-preview":"max-image-preview:large","max-video-preview":"max-video-preview:-1"},"canonical":"https:\/\/bobea.net\/index.php\/2026\/01\/27\/caroline-goldman-mon-enfance-dans-lombre-lumineuse-de-jean-jacques\/","og_locale":"fr_FR","og_type":"article","og_title":"Caroline Goldman : \"Mon enfance dans l'ombre lumineuse de Jean-Jacques\" - Bobea","og_description":"Par la R\u00e9dac\u00adtion de BOBEA Elle est dev\u00adenue l\u2019une des psy\u00adcho\u00adlogues les plus influ\u00adentes de sa g\u00e9n\u00e9ra\u00adtion, bous\u00adcu\u00adlant les dogmes de l\u2019\u00e9\u00add\u00adu\u00adca\u00adtion pos\u00adi\u00adtive avec une fer\u00admet\u00e9 assum\u00e9e. Mais der\u00adri\u00e8re l\u2019in\u00adtel\u00adlectuelle&hellip;","og_url":"https:\/\/bobea.net\/index.php\/2026\/01\/27\/caroline-goldman-mon-enfance-dans-lombre-lumineuse-de-jean-jacques\/","og_site_name":"Bobea","article_publisher":"https:\/\/web.facebook.com\/profile.php?id=61559252188416","article_published_time":"2026-01-27T16:53:53+00:00","article_modified_time":"2026-01-27T16:54:08+00:00","og_image":[{"width":1000,"height":500,"url":"https:\/\/bobea.net\/wp-content\/uploads\/2026\/01\/la-pedopsychiatrie-est-alarmee-par-la-recrudescence-de-troubles-du-comportement-dus-a-un-defaut-de-limites-educatives-s-inquiete-caroline-goldman-photo-ebra-dr-1676137826.jpg","type":"image\/jpeg"}],"author":"bobea.info","twitter_card":"summary_large_image","twitter_misc":{"\u00c9crit par":"bobea.info","Dur\u00e9e de lecture estim\u00e9e":"3 minutes"},"schema":{"@context":"https:\/\/schema.org","@graph":[{"@type":"Article","@id":"https:\/\/bobea.net\/index.php\/2026\/01\/27\/caroline-goldman-mon-enfance-dans-lombre-lumineuse-de-jean-jacques\/#article","isPartOf":{"@id":"https:\/\/bobea.net\/index.php\/2026\/01\/27\/caroline-goldman-mon-enfance-dans-lombre-lumineuse-de-jean-jacques\/"},"author":{"name":"bobea.info","@id":"https:\/\/bobea.net\/#\/schema\/person\/e7f45ef187918d7c956bf619dce90ccf"},"headline":"Caroline Goldman : \u201cMon enfance dans l\u2019ombre lumineuse de Jean-Jacques\u201d","datePublished":"2026-01-27T16:53:53+00:00","dateModified":"2026-01-27T16:54:08+00:00","mainEntityOfPage":{"@id":"https:\/\/bobea.net\/index.php\/2026\/01\/27\/caroline-goldman-mon-enfance-dans-lombre-lumineuse-de-jean-jacques\/"},"wordCount":398,"commentCount":3,"publisher":{"@id":"https:\/\/bobea.net\/#organization"},"image":{"@id":"https:\/\/bobea.net\/index.php\/2026\/01\/27\/caroline-goldman-mon-enfance-dans-lombre-lumineuse-de-jean-jacques\/#primaryimage"},"thumbnailUrl":"https:\/\/bobea.net\/wp-content\/uploads\/2026\/01\/la-pedopsychiatrie-est-alarmee-par-la-recrudescence-de-troubles-du-comportement-dus-a-un-defaut-de-limites-educatives-s-inquiete-caroline-goldman-photo-ebra-dr-1676137826.jpg","keywords":["Caroline Goldman","\u00c9ducation positive","Enfant-roi","Jean-Jacques Goldman","Limites \u00e9ducatives","Psychologie infantile"],"articleSection":["Viva"],"inLanguage":"fr-FR","potentialAction":[{"@type":"CommentAction","name":"Comment","target":["https:\/\/bobea.net\/index.php\/2026\/01\/27\/caroline-goldman-mon-enfance-dans-lombre-lumineuse-de-jean-jacques\/#respond"]}]},{"@type":"WebPage","@id":"https:\/\/bobea.net\/index.php\/2026\/01\/27\/caroline-goldman-mon-enfance-dans-lombre-lumineuse-de-jean-jacques\/","url":"https:\/\/bobea.net\/index.php\/2026\/01\/27\/caroline-goldman-mon-enfance-dans-lombre-lumineuse-de-jean-jacques\/","name":"Caroline Goldman : \"Mon enfance dans l'ombre lumineuse de Jean-Jacques\" - Bobea","isPartOf":{"@id":"https:\/\/bobea.net\/#website"},"primaryImageOfPage":{"@id":"https:\/\/bobea.net\/index.php\/2026\/01\/27\/caroline-goldman-mon-enfance-dans-lombre-lumineuse-de-jean-jacques\/#primaryimage"},"image":{"@id":"https:\/\/bobea.net\/index.php\/2026\/01\/27\/caroline-goldman-mon-enfance-dans-lombre-lumineuse-de-jean-jacques\/#primaryimage"},"thumbnailUrl":"https:\/\/bobea.net\/wp-content\/uploads\/2026\/01\/la-pedopsychiatrie-est-alarmee-par-la-recrudescence-de-troubles-du-comportement-dus-a-un-defaut-de-limites-educatives-s-inquiete-caroline-goldman-photo-ebra-dr-1676137826.jpg","datePublished":"2026-01-27T16:53:53+00:00","dateModified":"2026-01-27T16:54:08+00:00","breadcrumb":{"@id":"https:\/\/bobea.net\/index.php\/2026\/01\/27\/caroline-goldman-mon-enfance-dans-lombre-lumineuse-de-jean-jacques\/#breadcrumb"},"inLanguage":"fr-FR","potentialAction":[{"@type":"ReadAction","target":["https:\/\/bobea.net\/index.php\/2026\/01\/27\/caroline-goldman-mon-enfance-dans-lombre-lumineuse-de-jean-jacques\/"]}]},{"@type":"ImageObject","inLanguage":"fr-FR","@id":"https:\/\/bobea.net\/index.php\/2026\/01\/27\/caroline-goldman-mon-enfance-dans-lombre-lumineuse-de-jean-jacques\/#primaryimage","url":"https:\/\/bobea.net\/wp-content\/uploads\/2026\/01\/la-pedopsychiatrie-est-alarmee-par-la-recrudescence-de-troubles-du-comportement-dus-a-un-defaut-de-limites-educatives-s-inquiete-caroline-goldman-photo-ebra-dr-1676137826.jpg","contentUrl":"https:\/\/bobea.net\/wp-content\/uploads\/2026\/01\/la-pedopsychiatrie-est-alarmee-par-la-recrudescence-de-troubles-du-comportement-dus-a-un-defaut-de-limites-educatives-s-inquiete-caroline-goldman-photo-ebra-dr-1676137826.jpg","width":1000,"height":500},{"@type":"BreadcrumbList","@id":"https:\/\/bobea.net\/index.php\/2026\/01\/27\/caroline-goldman-mon-enfance-dans-lombre-lumineuse-de-jean-jacques\/#breadcrumb","itemListElement":[{"@type":"ListItem","position":1,"name":"Accueil","item":"https:\/\/bobea.net\/"},{"@type":"ListItem","position":2,"name":"Caroline Goldman : \u00ab\u00a0Mon enfance dans l&rsquo;ombre lumineuse de Jean-Jacques\u00a0\u00bb"}]},{"@type":"WebSite","@id":"https:\/\/bobea.net\/#website","url":"https:\/\/bobea.net\/","name":"Bobea","description":"Le magazine de la nouvelle \u00c8ve","publisher":{"@id":"https:\/\/bobea.net\/#organization"},"potentialAction":[{"@type":"SearchAction","target":{"@type":"EntryPoint","urlTemplate":"https:\/\/bobea.net\/?s={search_term_string}"},"query-input":{"@type":"PropertyValueSpecification","valueRequired":true,"valueName":"search_term_string"}}],"inLanguage":"fr-FR"},{"@type":"Organization","@id":"https:\/\/bobea.net\/#organization","name":"Bobea","url":"https:\/\/bobea.net\/","logo":{"@type":"ImageObject","inLanguage":"fr-FR","@id":"https:\/\/bobea.net\/#\/schema\/logo\/image\/","url":"https:\/\/bobea.net\/wp-content\/uploads\/2024\/06\/bobea.jpg","contentUrl":"https:\/\/bobea.net\/wp-content\/uploads\/2024\/06\/bobea.jpg","width":1080,"height":1080,"caption":"Bobea"},"image":{"@id":"https:\/\/bobea.net\/#\/schema\/logo\/image\/"},"sameAs":["https:\/\/web.facebook.com\/profile.php?id=61559252188416"]},{"@type":"Person","@id":"https:\/\/bobea.net\/#\/schema\/person\/e7f45ef187918d7c956bf619dce90ccf","name":"bobea.info","image":{"@type":"ImageObject","inLanguage":"fr-FR","@id":"https:\/\/bobea.net\/#\/schema\/person\/image\/","url":"https:\/\/secure.gravatar.com\/avatar\/36147980349df887ae30808df3e29474?s=96&d=mm&r=g","contentUrl":"https:\/\/secure.gravatar.com\/avatar\/36147980349df887ae30808df3e29474?s=96&d=mm&r=g","caption":"bobea.info"},"sameAs":["https:\/\/bobea.net"],"url":"https:\/\/bobea.net\/index.php\/author\/bobea-info\/"}]}},"_links":{"self":[{"href":"https:\/\/bobea.net\/index.php\/wp-json\/wp\/v2\/posts\/29783"}],"collection":[{"href":"https:\/\/bobea.net\/index.php\/wp-json\/wp\/v2\/posts"}],"about":[{"href":"https:\/\/bobea.net\/index.php\/wp-json\/wp\/v2\/types\/post"}],"author":[{"embeddable":true,"href":"https:\/\/bobea.net\/index.php\/wp-json\/wp\/v2\/users\/1"}],"replies":[{"embeddable":true,"href":"https:\/\/bobea.net\/index.php\/wp-json\/wp\/v2\/comments?post=29783"}],"version-history":[{"count":2,"href":"https:\/\/bobea.net\/index.php\/wp-json\/wp\/v2\/posts\/29783\/revisions"}],"predecessor-version":[{"id":29788,"href":"https:\/\/bobea.net\/index.php\/wp-json\/wp\/v2\/posts\/29783\/revisions\/29788"}],"wp:featuredmedia":[{"embeddable":true,"href":"https:\/\/bobea.net\/index.php\/wp-json\/wp\/v2\/media\/29784"}],"wp:attachment":[{"href":"https:\/\/bobea.net\/index.php\/wp-json\/wp\/v2\/media?parent=29783"}],"wp:term":[{"taxonomy":"category","embeddable":true,"href":"https:\/\/bobea.net\/index.php\/wp-json\/wp\/v2\/categories?post=29783"},{"taxonomy":"post_tag","embeddable":true,"href":"https:\/\/bobea.net\/index.php\/wp-json\/wp\/v2\/tags?post=29783"}],"curies":[{"name":"wp","href":"https:\/\/api.w.org\/{rel}","templated":true}]}}