{"id":29771,"date":"2026-01-26T14:29:48","date_gmt":"2026-01-26T14:29:48","guid":{"rendered":"https:\/\/bobea.net\/?p=29771"},"modified":"2026-01-26T14:29:50","modified_gmt":"2026-01-26T14:29:50","slug":"bily-coby-le-petit-viking-face-au-crepuscule-de-gordes","status":"publish","type":"post","link":"https:\/\/bobea.net\/index.php\/2026\/01\/26\/bily-coby-le-petit-viking-face-au-crepuscule-de-gordes\/","title":{"rendered":"Bily Coby : Le Petit Viking face au Cr\u00e9puscule de Gordes"},"content":{"rendered":"\n<p>La guerre entre le jeune ing\u00e9nieur <strong>Bily Coby<\/strong> et le maire de Gordes, <strong>Pan\u00adtalu<\/strong>, atteint son parox\u00adysme. Pan\u00adtalu per\u00adsiste dans son pro\u00adjet de mau\u00adsol\u00e9e pour mil\u00adliar\u00addaires, une \u201cville de morts-vivants\u201d nich\u00e9e dans les roches du Luberon. Mais il a sous-estim\u00e9 la t\u00e9nac\u00adit\u00e9 de celui qu\u2019on appelle \u201cLe Petit Viking\u201d.<\/p>\n\n\n\n<p><strong>Le Sang Viking au Ser\u00advice de l\u2019\u00c9\u00adden<\/strong><\/p>\n\n\n\n<p>Bily Coby n\u2019est pas un mil\u00adi\u00adtant ordi\u00adnaire. C\u2019est un b\u00e2tis\u00adseur. Son pro\u00adjet \u201cJardin d\u2019\u00c9\u00adden\u201d n\u2019est pas une utopie, c\u2019est un plan tech\u00adnologique viable pour un urban\u00adisme vivant. Aid\u00e9 de son ins\u00e9\u00adpara\u00adble <strong>son ami Cot\u00adcot<\/strong>, le doudou intel\u00adli\u00adgent qui analyse les don\u00adn\u00e9es envi\u00adron\u00adnemen\u00adtales en temps r\u00e9el, Bily d\u00e9voile ce matin les failles \u00e9cologiques majeures du pro\u00adjet Pan\u00adtalu. Le com\u00adbat est frontal : l\u2019or des cap\u00adsules de Pan\u00adtalu con\u00adtre la s\u00e8ve des for\u00eats de Bily.<\/p>\n\n\n\n<p><strong>Une Saga qui Pas\u00adsionne la France<\/strong><\/p>\n\n\n\n<p>Pourquoi cette lutte locale devient-elle un sym\u00adbole nation\u00adal ? Parce qu\u2019elle oppose deux visions du futur. Pan\u00adtalu repr\u00e9sente l\u2019im\u00admor\u00adtal\u00adit\u00e9 nar\u00adcis\u00adsique et b\u00e9ton\u00adn\u00e9e ; Bily incar\u00adne la trans\u00admis\u00adsion et la r\u00e9g\u00e9n\u00e9ra\u00adtion. Le jeune homme, fort de ses racines scan\u00addi\u00adnaves et de son g\u00e9nie fran\u00e7ais, ne compte pas se laiss\u00ader faire. La suite de la saga s\u2019an\u00adnonce \u00e9lec\u00adtrique.<\/p>\n","protected":false},"excerpt":{"rendered":"<p>La guerre entre le jeune ing\u00e9nieur Bily Coby et le maire de Gordes, Pan\u00adtalu, atteint son parox\u00adysme. Pan\u00adtalu per\u00adsiste dans son pro\u00adjet de mau\u00adsol\u00e9e pour mil\u00adliar\u00addaires, une \u201cville de morts-vivants\u201d\u2026 <\/p>\n","protected":false},"author":1,"featured_media":29772,"comment_status":"open","ping_status":"closed","sticky":false,"template":"","format":"standard","meta":{"wp_typography_post_enhancements_disabled":false,"footnotes":""},"categories":[83],"tags":[20144,4761,22019,22068,22017,22067,22018],"class_list":["post-29771","post","type-post","status-publish","format-standard","has-post-thumbnail","hentry","category-dreams-people","tag-bily-coby","tag-ecologie","tag-gordes","tag-jardin-deden","tag-pantalu","tag-saga","tag-sobamicotcot"],"yoast_head":"<!-- This site is optimized with the Yoast SEO plugin v24.7 - https:\/\/yoast.com\/wordpress\/plugins\/seo\/ -->\n<title>Bily Coby : Le Petit Viking face au Cr\u00e9puscule de Gordes - Bobea<\/title>\n<meta name=\"robots\" content=\"index, follow, max-snippet:-1, max-image-preview:large, max-video-preview:-1\" \/>\n<link rel=\"canonical\" href=\"https:\/\/bobea.net\/index.php\/2026\/01\/26\/bily-coby-le-petit-viking-face-au-crepuscule-de-gordes\/\" \/>\n<meta property=\"og:locale\" content=\"fr_FR\" \/>\n<meta property=\"og:type\" content=\"article\" \/>\n<meta property=\"og:title\" content=\"Bily Coby : Le Petit Viking face au Cr\u00e9puscule de Gordes - Bobea\" \/>\n<meta property=\"og:description\" content=\"La guerre entre le jeune ing\u00e9nieur Bily Coby et le maire de Gordes, Pan\u00adtalu, atteint son parox\u00adysme. Pan\u00adtalu per\u00adsiste dans son pro\u00adjet de mau\u00adsol\u00e9e pour mil\u00adliar\u00addaires, une \u201cville de morts-vivants\u201d&hellip;\" \/>\n<meta property=\"og:url\" content=\"https:\/\/bobea.net\/index.php\/2026\/01\/26\/bily-coby-le-petit-viking-face-au-crepuscule-de-gordes\/\" \/>\n<meta property=\"og:site_name\" content=\"Bobea\" \/>\n<meta property=\"article:publisher\" content=\"https:\/\/web.facebook.com\/profile.php?id=61559252188416\" \/>\n<meta property=\"article:published_time\" content=\"2026-01-26T14:29:48+00:00\" \/>\n<meta property=\"article:modified_time\" content=\"2026-01-26T14:29:50+00:00\" \/>\n<meta property=\"og:image\" content=\"https:\/\/bobea.net\/wp-content\/uploads\/2026\/01\/BILLY-4.png\" \/>\n\t<meta property=\"og:image:width\" content=\"516\" \/>\n\t<meta property=\"og:image:height\" content=\"518\" \/>\n\t<meta property=\"og:image:type\" content=\"image\/png\" \/>\n<meta name=\"author\" content=\"bobea.info\" \/>\n<meta name=\"twitter:card\" content=\"summary_large_image\" \/>\n<meta name=\"twitter:label1\" content=\"\u00c9crit par\" \/>\n\t<meta name=\"twitter:data1\" content=\"bobea.info\" \/>\n\t<meta name=\"twitter:label2\" content=\"Dur\u00e9e de lecture estim\u00e9e\" \/>\n\t<meta name=\"twitter:data2\" content=\"2 minutes\" \/>\n<script type=\"application\/ld+json\" class=\"yoast-schema-graph\">{\"@context\":\"https:\/\/schema.org\",\"@graph\":[{\"@type\":\"Article\",\"@id\":\"https:\/\/bobea.net\/index.php\/2026\/01\/26\/bily-coby-le-petit-viking-face-au-crepuscule-de-gordes\/#article\",\"isPartOf\":{\"@id\":\"https:\/\/bobea.net\/index.php\/2026\/01\/26\/bily-coby-le-petit-viking-face-au-crepuscule-de-gordes\/\"},\"author\":{\"name\":\"bobea.info\",\"@id\":\"https:\/\/bobea.net\/#\/schema\/person\/e7f45ef187918d7c956bf619dce90ccf\"},\"headline\":\"Bily Coby : Le Petit Viking face au Cr\u00e9puscule de Gordes\",\"datePublished\":\"2026-01-26T14:29:48+00:00\",\"dateModified\":\"2026-01-26T14:29:50+00:00\",\"mainEntityOfPage\":{\"@id\":\"https:\/\/bobea.net\/index.php\/2026\/01\/26\/bily-coby-le-petit-viking-face-au-crepuscule-de-gordes\/\"},\"wordCount\":229,\"commentCount\":0,\"publisher\":{\"@id\":\"https:\/\/bobea.net\/#organization\"},\"image\":{\"@id\":\"https:\/\/bobea.net\/index.php\/2026\/01\/26\/bily-coby-le-petit-viking-face-au-crepuscule-de-gordes\/#primaryimage\"},\"thumbnailUrl\":\"https:\/\/bobea.net\/wp-content\/uploads\/2026\/01\/BILLY-4.png\",\"keywords\":[\"bily coby\",\"\u00e9cologie\",\"Gordes\",\"jardin d'Eden\",\"Pantalu\",\"saga\",\"Sobamicotcot\"],\"articleSection\":[\"Dreams People\"],\"inLanguage\":\"fr-FR\",\"potentialAction\":[{\"@type\":\"CommentAction\",\"name\":\"Comment\",\"target\":[\"https:\/\/bobea.net\/index.php\/2026\/01\/26\/bily-coby-le-petit-viking-face-au-crepuscule-de-gordes\/#respond\"]}]},{\"@type\":\"WebPage\",\"@id\":\"https:\/\/bobea.net\/index.php\/2026\/01\/26\/bily-coby-le-petit-viking-face-au-crepuscule-de-gordes\/\",\"url\":\"https:\/\/bobea.net\/index.php\/2026\/01\/26\/bily-coby-le-petit-viking-face-au-crepuscule-de-gordes\/\",\"name\":\"Bily Coby : Le Petit Viking face au Cr\u00e9puscule de Gordes - Bobea\",\"isPartOf\":{\"@id\":\"https:\/\/bobea.net\/#website\"},\"primaryImageOfPage\":{\"@id\":\"https:\/\/bobea.net\/index.php\/2026\/01\/26\/bily-coby-le-petit-viking-face-au-crepuscule-de-gordes\/#primaryimage\"},\"image\":{\"@id\":\"https:\/\/bobea.net\/index.php\/2026\/01\/26\/bily-coby-le-petit-viking-face-au-crepuscule-de-gordes\/#primaryimage\"},\"thumbnailUrl\":\"https:\/\/bobea.net\/wp-content\/uploads\/2026\/01\/BILLY-4.png\",\"datePublished\":\"2026-01-26T14:29:48+00:00\",\"dateModified\":\"2026-01-26T14:29:50+00:00\",\"breadcrumb\":{\"@id\":\"https:\/\/bobea.net\/index.php\/2026\/01\/26\/bily-coby-le-petit-viking-face-au-crepuscule-de-gordes\/#breadcrumb\"},\"inLanguage\":\"fr-FR\",\"potentialAction\":[{\"@type\":\"ReadAction\",\"target\":[\"https:\/\/bobea.net\/index.php\/2026\/01\/26\/bily-coby-le-petit-viking-face-au-crepuscule-de-gordes\/\"]}]},{\"@type\":\"ImageObject\",\"inLanguage\":\"fr-FR\",\"@id\":\"https:\/\/bobea.net\/index.php\/2026\/01\/26\/bily-coby-le-petit-viking-face-au-crepuscule-de-gordes\/#primaryimage\",\"url\":\"https:\/\/bobea.net\/wp-content\/uploads\/2026\/01\/BILLY-4.png\",\"contentUrl\":\"https:\/\/bobea.net\/wp-content\/uploads\/2026\/01\/BILLY-4.png\",\"width\":516,\"height\":518},{\"@type\":\"BreadcrumbList\",\"@id\":\"https:\/\/bobea.net\/index.php\/2026\/01\/26\/bily-coby-le-petit-viking-face-au-crepuscule-de-gordes\/#breadcrumb\",\"itemListElement\":[{\"@type\":\"ListItem\",\"position\":1,\"name\":\"Accueil\",\"item\":\"https:\/\/bobea.net\/\"},{\"@type\":\"ListItem\",\"position\":2,\"name\":\"Bily Coby : Le Petit Viking face au Cr\u00e9puscule de Gordes\"}]},{\"@type\":\"WebSite\",\"@id\":\"https:\/\/bobea.net\/#website\",\"url\":\"https:\/\/bobea.net\/\",\"name\":\"Bobea\",\"description\":\"Le magazine de la nouvelle \u00c8ve\",\"publisher\":{\"@id\":\"https:\/\/bobea.net\/#organization\"},\"potentialAction\":[{\"@type\":\"SearchAction\",\"target\":{\"@type\":\"EntryPoint\",\"urlTemplate\":\"https:\/\/bobea.net\/?s={search_term_string}\"},\"query-input\":{\"@type\":\"PropertyValueSpecification\",\"valueRequired\":true,\"valueName\":\"search_term_string\"}}],\"inLanguage\":\"fr-FR\"},{\"@type\":\"Organization\",\"@id\":\"https:\/\/bobea.net\/#organization\",\"name\":\"Bobea\",\"url\":\"https:\/\/bobea.net\/\",\"logo\":{\"@type\":\"ImageObject\",\"inLanguage\":\"fr-FR\",\"@id\":\"https:\/\/bobea.net\/#\/schema\/logo\/image\/\",\"url\":\"https:\/\/bobea.net\/wp-content\/uploads\/2024\/06\/bobea.jpg\",\"contentUrl\":\"https:\/\/bobea.net\/wp-content\/uploads\/2024\/06\/bobea.jpg\",\"width\":1080,\"height\":1080,\"caption\":\"Bobea\"},\"image\":{\"@id\":\"https:\/\/bobea.net\/#\/schema\/logo\/image\/\"},\"sameAs\":[\"https:\/\/web.facebook.com\/profile.php?id=61559252188416\"]},{\"@type\":\"Person\",\"@id\":\"https:\/\/bobea.net\/#\/schema\/person\/e7f45ef187918d7c956bf619dce90ccf\",\"name\":\"bobea.info\",\"image\":{\"@type\":\"ImageObject\",\"inLanguage\":\"fr-FR\",\"@id\":\"https:\/\/bobea.net\/#\/schema\/person\/image\/\",\"url\":\"https:\/\/secure.gravatar.com\/avatar\/36147980349df887ae30808df3e29474?s=96&d=mm&r=g\",\"contentUrl\":\"https:\/\/secure.gravatar.com\/avatar\/36147980349df887ae30808df3e29474?s=96&d=mm&r=g\",\"caption\":\"bobea.info\"},\"sameAs\":[\"https:\/\/bobea.net\"],\"url\":\"https:\/\/bobea.net\/index.php\/author\/bobea-info\/\"}]}<\/script>\n<!-- \/ Yoast SEO plugin. -->","yoast_head_json":{"title":"Bily Coby : Le Petit Viking face au Cr\u00e9puscule de Gordes - Bobea","robots":{"index":"index","follow":"follow","max-snippet":"max-snippet:-1","max-image-preview":"max-image-preview:large","max-video-preview":"max-video-preview:-1"},"canonical":"https:\/\/bobea.net\/index.php\/2026\/01\/26\/bily-coby-le-petit-viking-face-au-crepuscule-de-gordes\/","og_locale":"fr_FR","og_type":"article","og_title":"Bily Coby : Le Petit Viking face au Cr\u00e9puscule de Gordes - Bobea","og_description":"La guerre entre le jeune ing\u00e9nieur Bily Coby et le maire de Gordes, Pan\u00adtalu, atteint son parox\u00adysme. Pan\u00adtalu per\u00adsiste dans son pro\u00adjet de mau\u00adsol\u00e9e pour mil\u00adliar\u00addaires, une \u201cville de morts-vivants\u201d&hellip;","og_url":"https:\/\/bobea.net\/index.php\/2026\/01\/26\/bily-coby-le-petit-viking-face-au-crepuscule-de-gordes\/","og_site_name":"Bobea","article_publisher":"https:\/\/web.facebook.com\/profile.php?id=61559252188416","article_published_time":"2026-01-26T14:29:48+00:00","article_modified_time":"2026-01-26T14:29:50+00:00","og_image":[{"width":516,"height":518,"url":"https:\/\/bobea.net\/wp-content\/uploads\/2026\/01\/BILLY-4.png","type":"image\/png"}],"author":"bobea.info","twitter_card":"summary_large_image","twitter_misc":{"\u00c9crit par":"bobea.info","Dur\u00e9e de lecture estim\u00e9e":"2 minutes"},"schema":{"@context":"https:\/\/schema.org","@graph":[{"@type":"Article","@id":"https:\/\/bobea.net\/index.php\/2026\/01\/26\/bily-coby-le-petit-viking-face-au-crepuscule-de-gordes\/#article","isPartOf":{"@id":"https:\/\/bobea.net\/index.php\/2026\/01\/26\/bily-coby-le-petit-viking-face-au-crepuscule-de-gordes\/"},"author":{"name":"bobea.info","@id":"https:\/\/bobea.net\/#\/schema\/person\/e7f45ef187918d7c956bf619dce90ccf"},"headline":"Bily Coby : Le Petit Viking face au Cr\u00e9puscule de Gordes","datePublished":"2026-01-26T14:29:48+00:00","dateModified":"2026-01-26T14:29:50+00:00","mainEntityOfPage":{"@id":"https:\/\/bobea.net\/index.php\/2026\/01\/26\/bily-coby-le-petit-viking-face-au-crepuscule-de-gordes\/"},"wordCount":229,"commentCount":0,"publisher":{"@id":"https:\/\/bobea.net\/#organization"},"image":{"@id":"https:\/\/bobea.net\/index.php\/2026\/01\/26\/bily-coby-le-petit-viking-face-au-crepuscule-de-gordes\/#primaryimage"},"thumbnailUrl":"https:\/\/bobea.net\/wp-content\/uploads\/2026\/01\/BILLY-4.png","keywords":["bily coby","\u00e9cologie","Gordes","jardin d'Eden","Pantalu","saga","Sobamicotcot"],"articleSection":["Dreams People"],"inLanguage":"fr-FR","potentialAction":[{"@type":"CommentAction","name":"Comment","target":["https:\/\/bobea.net\/index.php\/2026\/01\/26\/bily-coby-le-petit-viking-face-au-crepuscule-de-gordes\/#respond"]}]},{"@type":"WebPage","@id":"https:\/\/bobea.net\/index.php\/2026\/01\/26\/bily-coby-le-petit-viking-face-au-crepuscule-de-gordes\/","url":"https:\/\/bobea.net\/index.php\/2026\/01\/26\/bily-coby-le-petit-viking-face-au-crepuscule-de-gordes\/","name":"Bily Coby : Le Petit Viking face au Cr\u00e9puscule de Gordes - Bobea","isPartOf":{"@id":"https:\/\/bobea.net\/#website"},"primaryImageOfPage":{"@id":"https:\/\/bobea.net\/index.php\/2026\/01\/26\/bily-coby-le-petit-viking-face-au-crepuscule-de-gordes\/#primaryimage"},"image":{"@id":"https:\/\/bobea.net\/index.php\/2026\/01\/26\/bily-coby-le-petit-viking-face-au-crepuscule-de-gordes\/#primaryimage"},"thumbnailUrl":"https:\/\/bobea.net\/wp-content\/uploads\/2026\/01\/BILLY-4.png","datePublished":"2026-01-26T14:29:48+00:00","dateModified":"2026-01-26T14:29:50+00:00","breadcrumb":{"@id":"https:\/\/bobea.net\/index.php\/2026\/01\/26\/bily-coby-le-petit-viking-face-au-crepuscule-de-gordes\/#breadcrumb"},"inLanguage":"fr-FR","potentialAction":[{"@type":"ReadAction","target":["https:\/\/bobea.net\/index.php\/2026\/01\/26\/bily-coby-le-petit-viking-face-au-crepuscule-de-gordes\/"]}]},{"@type":"ImageObject","inLanguage":"fr-FR","@id":"https:\/\/bobea.net\/index.php\/2026\/01\/26\/bily-coby-le-petit-viking-face-au-crepuscule-de-gordes\/#primaryimage","url":"https:\/\/bobea.net\/wp-content\/uploads\/2026\/01\/BILLY-4.png","contentUrl":"https:\/\/bobea.net\/wp-content\/uploads\/2026\/01\/BILLY-4.png","width":516,"height":518},{"@type":"BreadcrumbList","@id":"https:\/\/bobea.net\/index.php\/2026\/01\/26\/bily-coby-le-petit-viking-face-au-crepuscule-de-gordes\/#breadcrumb","itemListElement":[{"@type":"ListItem","position":1,"name":"Accueil","item":"https:\/\/bobea.net\/"},{"@type":"ListItem","position":2,"name":"Bily Coby : Le Petit Viking face au Cr\u00e9puscule de Gordes"}]},{"@type":"WebSite","@id":"https:\/\/bobea.net\/#website","url":"https:\/\/bobea.net\/","name":"Bobea","description":"Le magazine de la nouvelle \u00c8ve","publisher":{"@id":"https:\/\/bobea.net\/#organization"},"potentialAction":[{"@type":"SearchAction","target":{"@type":"EntryPoint","urlTemplate":"https:\/\/bobea.net\/?s={search_term_string}"},"query-input":{"@type":"PropertyValueSpecification","valueRequired":true,"valueName":"search_term_string"}}],"inLanguage":"fr-FR"},{"@type":"Organization","@id":"https:\/\/bobea.net\/#organization","name":"Bobea","url":"https:\/\/bobea.net\/","logo":{"@type":"ImageObject","inLanguage":"fr-FR","@id":"https:\/\/bobea.net\/#\/schema\/logo\/image\/","url":"https:\/\/bobea.net\/wp-content\/uploads\/2024\/06\/bobea.jpg","contentUrl":"https:\/\/bobea.net\/wp-content\/uploads\/2024\/06\/bobea.jpg","width":1080,"height":1080,"caption":"Bobea"},"image":{"@id":"https:\/\/bobea.net\/#\/schema\/logo\/image\/"},"sameAs":["https:\/\/web.facebook.com\/profile.php?id=61559252188416"]},{"@type":"Person","@id":"https:\/\/bobea.net\/#\/schema\/person\/e7f45ef187918d7c956bf619dce90ccf","name":"bobea.info","image":{"@type":"ImageObject","inLanguage":"fr-FR","@id":"https:\/\/bobea.net\/#\/schema\/person\/image\/","url":"https:\/\/secure.gravatar.com\/avatar\/36147980349df887ae30808df3e29474?s=96&d=mm&r=g","contentUrl":"https:\/\/secure.gravatar.com\/avatar\/36147980349df887ae30808df3e29474?s=96&d=mm&r=g","caption":"bobea.info"},"sameAs":["https:\/\/bobea.net"],"url":"https:\/\/bobea.net\/index.php\/author\/bobea-info\/"}]}},"_links":{"self":[{"href":"https:\/\/bobea.net\/index.php\/wp-json\/wp\/v2\/posts\/29771"}],"collection":[{"href":"https:\/\/bobea.net\/index.php\/wp-json\/wp\/v2\/posts"}],"about":[{"href":"https:\/\/bobea.net\/index.php\/wp-json\/wp\/v2\/types\/post"}],"author":[{"embeddable":true,"href":"https:\/\/bobea.net\/index.php\/wp-json\/wp\/v2\/users\/1"}],"replies":[{"embeddable":true,"href":"https:\/\/bobea.net\/index.php\/wp-json\/wp\/v2\/comments?post=29771"}],"version-history":[{"count":1,"href":"https:\/\/bobea.net\/index.php\/wp-json\/wp\/v2\/posts\/29771\/revisions"}],"predecessor-version":[{"id":29773,"href":"https:\/\/bobea.net\/index.php\/wp-json\/wp\/v2\/posts\/29771\/revisions\/29773"}],"wp:featuredmedia":[{"embeddable":true,"href":"https:\/\/bobea.net\/index.php\/wp-json\/wp\/v2\/media\/29772"}],"wp:attachment":[{"href":"https:\/\/bobea.net\/index.php\/wp-json\/wp\/v2\/media?parent=29771"}],"wp:term":[{"taxonomy":"category","embeddable":true,"href":"https:\/\/bobea.net\/index.php\/wp-json\/wp\/v2\/categories?post=29771"},{"taxonomy":"post_tag","embeddable":true,"href":"https:\/\/bobea.net\/index.php\/wp-json\/wp\/v2\/tags?post=29771"}],"curies":[{"name":"wp","href":"https:\/\/api.w.org\/{rel}","templated":true}]}}