{"id":29742,"date":"2026-01-26T13:54:29","date_gmt":"2026-01-26T13:54:29","guid":{"rendered":"https:\/\/bobea.net\/?p=29742"},"modified":"2026-01-26T13:54:32","modified_gmt":"2026-01-26T13:54:32","slug":"architecture-sensorielle-transformer-son-interieur-pour-le-sommeil-profond","status":"publish","type":"post","link":"https:\/\/bobea.net\/index.php\/2026\/01\/26\/architecture-sensorielle-transformer-son-interieur-pour-le-sommeil-profond\/","title":{"rendered":"Architecture Sensorielle : Transformer son Int\u00e9rieur pour le \u201cSommeil Profond\u201d"},"content":{"rendered":"\n<p>Dans une soci\u00e9t\u00e9 2026 qui ne dort jamais, o\u00f9 la lumi\u00e8re bleue et les noti\u00adfi\u00adca\u00adtions per\u00adma\u00adnentes frag\u00admentent notre atten\u00adtion, le luxe supr\u00eame s\u2019est d\u00e9plac\u00e9. Il ne s\u2019ag\u00adit plus d\u2019ex\u00adhiber son int\u00e9rieur, mais de le ren\u00addre \u201ccuratif\u201d. L\u2019ar\u00adchi\u00adtec\u00adture sen\u00adsorielle \u00e9merge comme la dis\u00adci\u00adpline reine du design : com\u00adment am\u00e9\u00adnag\u00ader sa cham\u00adbre pour attein\u00addre, enfin, le Graal du som\u00admeil pro\u00adfond.<\/p>\n\n\n\n<p><strong>La Fin de la Cham\u00adbre \u201cShow\u00adroom\u201d<\/strong><\/p>\n\n\n\n<p>Le con\u00adcept de la cham\u00adbre \u00e0 couch\u00ader comme espace de d\u00e9mon\u00adstra\u00adtion est mort. Aujour\u00add\u2019hui, on par\u00adle de \u201ccocon de r\u00e9g\u00e9n\u00e9ra\u00adtion\u201d. Les archi\u00adtectes d\u2019in\u00adt\u00e9rieur col\u00adla\u00adborent d\u00e9sor\u00admais avec des chrono\u00adbi\u00adol\u00ado\u00adgistes pour con\u00adcevoir des espaces qui respectent le rythme cir\u00adca\u00addi\u00aden. Cela com\u00admence par la sup\u00adpres\u00adsion totale des angles vifs et des sur\u00adfaces r\u00e9fl\u00e9chissantes. On priv\u00adil\u00e9gie les courbes, les mati\u00e8res mates et surtout, une iso\u00adla\u00adtion phonique de grade stu\u00addio d\u2019en\u00adreg\u00adistrement, car le silence est devenu le mat\u00e9ri\u00adau le plus cher au monde.<\/p>\n\n\n\n<figure class=\"wp-block-image size-large\"><img loading=\"lazy\" decoding=\"async\" width=\"1024\" height=\"459\" src=\"https:\/\/bobea.net\/wp-content\/uploads\/2026\/01\/3f4450_24dfff9f8ddf4ba28199a84881f70804_mv2_d_5724_2564_s_4_2-1024x459.jpg\" alt class=\"wp-image-29744\" srcset=\"https:\/\/bobea.net\/wp-content\/uploads\/2026\/01\/3f4450_24dfff9f8ddf4ba28199a84881f70804_mv2_d_5724_2564_s_4_2-1024x459.jpg 1024w, https:\/\/bobea.net\/wp-content\/uploads\/2026\/01\/3f4450_24dfff9f8ddf4ba28199a84881f70804_mv2_d_5724_2564_s_4_2-300x134.jpg 300w, https:\/\/bobea.net\/wp-content\/uploads\/2026\/01\/3f4450_24dfff9f8ddf4ba28199a84881f70804_mv2_d_5724_2564_s_4_2-768x344.jpg 768w, https:\/\/bobea.net\/wp-content\/uploads\/2026\/01\/3f4450_24dfff9f8ddf4ba28199a84881f70804_mv2_d_5724_2564_s_4_2-1536x688.jpg 1536w, https:\/\/bobea.net\/wp-content\/uploads\/2026\/01\/3f4450_24dfff9f8ddf4ba28199a84881f70804_mv2_d_5724_2564_s_4_2.jpg 1565w\" sizes=\"(max-width: 1024px) 100vw, 1024px\"><\/figure>\n\n\n\n<p><strong>Mat\u00e9ri\u00adaux Vivants et Hygi\u00e8ne Lumineuse<\/strong><\/p>\n\n\n\n<p>Pour favoris\u00ader l\u2019en\u00addormisse\u00adment, le choix des mat\u00e9ri\u00adaux est cru\u00adcial. En 2026, on red\u00e9\u00adcou\u00advre les enduits \u00e0 la chaux et \u00e0 l\u2019argile qui r\u00e9gu\u00adlent naturelle\u00adment l\u2019hu\u00admid\u00adit\u00e9 et puri\u00adfient l\u2019air. C\u00f4t\u00e9 lumi\u00e8re, l\u2019\u00e8re des pla\u00adfon\u00adniers est r\u00e9volue. On installe des sys\u00adt\u00e8mes de r\u00e9tro-\u00e9clairage ambr\u00e9, sans aucune com\u00adposante de lumi\u00e8re bleue, qui simu\u00adlent la tomb\u00e9e du jour pour d\u00e9clencher la pro\u00adduc\u00adtion naturelle de m\u00e9la\u00adto\u00adnine. BOBEA con\u00adseille \u00e9gale\u00adment l\u2019in\u00advestisse\u00adment dans des tex\u00adtiles en fibres de chan\u00advre ou de bam\u00adbou, dont la ther\u00admor\u00e9gu\u00adla\u00adtion est large\u00adment sup\u00e9rieure au coton tra\u00addi\u00adtion\u00adnel. Votre cham\u00adbre n\u2019est plus une pi\u00e8ce, c\u2019est une tech\u00adnolo\u00adgie de soin.<\/p>\n","protected":false},"excerpt":{"rendered":"<p>Dans une soci\u00e9t\u00e9 2026 qui ne dort jamais, o\u00f9 la lumi\u00e8re bleue et les noti\u00adfi\u00adca\u00adtions per\u00adma\u00adnentes frag\u00admentent notre atten\u00adtion, le luxe supr\u00eame s\u2019est d\u00e9plac\u00e9. Il ne s\u2019ag\u00adit plus d\u2019ex\u00adhiber son\u2026 <\/p>\n","protected":false},"author":1,"featured_media":29743,"comment_status":"open","ping_status":"closed","sticky":false,"template":"","format":"standard","meta":{"wp_typography_post_enhancements_disabled":false,"footnotes":""},"categories":[73],"tags":[22040,22038,22039,22036,22041,22037],"class_list":["post-29742","post","type-post","status-publish","format-standard","has-post-thumbnail","hentry","category-on-en-parle","tag-architecture-sensorielle","tag-bien-etre-maison-2026","tag-decoration-sanctuaire","tag-design-biophilique","tag-hygiene-lumineuse","tag-sommeil-profond"],"yoast_head":"<!-- This site is optimized with the Yoast SEO plugin v24.7 - https:\/\/yoast.com\/wordpress\/plugins\/seo\/ -->\n<title>Architecture Sensorielle : Transformer son Int\u00e9rieur pour le &quot;Sommeil Profond&quot; - Bobea<\/title>\n<meta name=\"robots\" content=\"index, follow, max-snippet:-1, max-image-preview:large, max-video-preview:-1\" \/>\n<link rel=\"canonical\" href=\"https:\/\/bobea.net\/index.php\/2026\/01\/26\/architecture-sensorielle-transformer-son-interieur-pour-le-sommeil-profond\/\" \/>\n<meta property=\"og:locale\" content=\"fr_FR\" \/>\n<meta property=\"og:type\" content=\"article\" \/>\n<meta property=\"og:title\" content=\"Architecture Sensorielle : Transformer son Int\u00e9rieur pour le &quot;Sommeil Profond&quot; - Bobea\" \/>\n<meta property=\"og:description\" content=\"Dans une soci\u00e9t\u00e9 2026 qui ne dort jamais, o\u00f9 la lumi\u00e8re bleue et les noti\u00adfi\u00adca\u00adtions per\u00adma\u00adnentes frag\u00admentent notre atten\u00adtion, le luxe supr\u00eame s\u2019est d\u00e9plac\u00e9. Il ne s\u2019ag\u00adit plus d\u2019ex\u00adhiber son&hellip;\" \/>\n<meta property=\"og:url\" content=\"https:\/\/bobea.net\/index.php\/2026\/01\/26\/architecture-sensorielle-transformer-son-interieur-pour-le-sommeil-profond\/\" \/>\n<meta property=\"og:site_name\" content=\"Bobea\" \/>\n<meta property=\"article:publisher\" content=\"https:\/\/web.facebook.com\/profile.php?id=61559252188416\" \/>\n<meta property=\"article:published_time\" content=\"2026-01-26T13:54:29+00:00\" \/>\n<meta property=\"article:modified_time\" content=\"2026-01-26T13:54:32+00:00\" \/>\n<meta property=\"og:image\" content=\"https:\/\/bobea.net\/wp-content\/uploads\/2026\/01\/deco_zen.webp\" \/>\n\t<meta property=\"og:image:width\" content=\"1000\" \/>\n\t<meta property=\"og:image:height\" content=\"663\" \/>\n\t<meta property=\"og:image:type\" content=\"image\/webp\" \/>\n<meta name=\"author\" content=\"bobea.info\" \/>\n<meta name=\"twitter:card\" content=\"summary_large_image\" \/>\n<meta name=\"twitter:label1\" content=\"\u00c9crit par\" \/>\n\t<meta name=\"twitter:data1\" content=\"bobea.info\" \/>\n\t<meta name=\"twitter:label2\" content=\"Dur\u00e9e de lecture estim\u00e9e\" \/>\n\t<meta name=\"twitter:data2\" content=\"2 minutes\" \/>\n<script type=\"application\/ld+json\" class=\"yoast-schema-graph\">{\"@context\":\"https:\/\/schema.org\",\"@graph\":[{\"@type\":\"Article\",\"@id\":\"https:\/\/bobea.net\/index.php\/2026\/01\/26\/architecture-sensorielle-transformer-son-interieur-pour-le-sommeil-profond\/#article\",\"isPartOf\":{\"@id\":\"https:\/\/bobea.net\/index.php\/2026\/01\/26\/architecture-sensorielle-transformer-son-interieur-pour-le-sommeil-profond\/\"},\"author\":{\"name\":\"bobea.info\",\"@id\":\"https:\/\/bobea.net\/#\/schema\/person\/e7f45ef187918d7c956bf619dce90ccf\"},\"headline\":\"Architecture Sensorielle : Transformer son Int\u00e9rieur pour le \u201cSommeil Profond\u201d\",\"datePublished\":\"2026-01-26T13:54:29+00:00\",\"dateModified\":\"2026-01-26T13:54:32+00:00\",\"mainEntityOfPage\":{\"@id\":\"https:\/\/bobea.net\/index.php\/2026\/01\/26\/architecture-sensorielle-transformer-son-interieur-pour-le-sommeil-profond\/\"},\"wordCount\":296,\"commentCount\":0,\"publisher\":{\"@id\":\"https:\/\/bobea.net\/#organization\"},\"image\":{\"@id\":\"https:\/\/bobea.net\/index.php\/2026\/01\/26\/architecture-sensorielle-transformer-son-interieur-pour-le-sommeil-profond\/#primaryimage\"},\"thumbnailUrl\":\"https:\/\/bobea.net\/wp-content\/uploads\/2026\/01\/deco_zen.webp\",\"keywords\":[\"Architecture sensorielle\",\"bien-\u00eatre maison 2026\",\"d\u00e9coration sanctuaire\",\"design biophilique\",\"hygi\u00e8ne lumineuse\",\"sommeil profond\"],\"articleSection\":[\"On en Parle\"],\"inLanguage\":\"fr-FR\",\"potentialAction\":[{\"@type\":\"CommentAction\",\"name\":\"Comment\",\"target\":[\"https:\/\/bobea.net\/index.php\/2026\/01\/26\/architecture-sensorielle-transformer-son-interieur-pour-le-sommeil-profond\/#respond\"]}]},{\"@type\":\"WebPage\",\"@id\":\"https:\/\/bobea.net\/index.php\/2026\/01\/26\/architecture-sensorielle-transformer-son-interieur-pour-le-sommeil-profond\/\",\"url\":\"https:\/\/bobea.net\/index.php\/2026\/01\/26\/architecture-sensorielle-transformer-son-interieur-pour-le-sommeil-profond\/\",\"name\":\"Architecture Sensorielle : Transformer son Int\u00e9rieur pour le \\\"Sommeil Profond\\\" - Bobea\",\"isPartOf\":{\"@id\":\"https:\/\/bobea.net\/#website\"},\"primaryImageOfPage\":{\"@id\":\"https:\/\/bobea.net\/index.php\/2026\/01\/26\/architecture-sensorielle-transformer-son-interieur-pour-le-sommeil-profond\/#primaryimage\"},\"image\":{\"@id\":\"https:\/\/bobea.net\/index.php\/2026\/01\/26\/architecture-sensorielle-transformer-son-interieur-pour-le-sommeil-profond\/#primaryimage\"},\"thumbnailUrl\":\"https:\/\/bobea.net\/wp-content\/uploads\/2026\/01\/deco_zen.webp\",\"datePublished\":\"2026-01-26T13:54:29+00:00\",\"dateModified\":\"2026-01-26T13:54:32+00:00\",\"breadcrumb\":{\"@id\":\"https:\/\/bobea.net\/index.php\/2026\/01\/26\/architecture-sensorielle-transformer-son-interieur-pour-le-sommeil-profond\/#breadcrumb\"},\"inLanguage\":\"fr-FR\",\"potentialAction\":[{\"@type\":\"ReadAction\",\"target\":[\"https:\/\/bobea.net\/index.php\/2026\/01\/26\/architecture-sensorielle-transformer-son-interieur-pour-le-sommeil-profond\/\"]}]},{\"@type\":\"ImageObject\",\"inLanguage\":\"fr-FR\",\"@id\":\"https:\/\/bobea.net\/index.php\/2026\/01\/26\/architecture-sensorielle-transformer-son-interieur-pour-le-sommeil-profond\/#primaryimage\",\"url\":\"https:\/\/bobea.net\/wp-content\/uploads\/2026\/01\/deco_zen.webp\",\"contentUrl\":\"https:\/\/bobea.net\/wp-content\/uploads\/2026\/01\/deco_zen.webp\",\"width\":1000,\"height\":663},{\"@type\":\"BreadcrumbList\",\"@id\":\"https:\/\/bobea.net\/index.php\/2026\/01\/26\/architecture-sensorielle-transformer-son-interieur-pour-le-sommeil-profond\/#breadcrumb\",\"itemListElement\":[{\"@type\":\"ListItem\",\"position\":1,\"name\":\"Accueil\",\"item\":\"https:\/\/bobea.net\/\"},{\"@type\":\"ListItem\",\"position\":2,\"name\":\"Architecture Sensorielle : Transformer son Int\u00e9rieur pour le \u00ab\u00a0Sommeil Profond\u00a0\u00bb\"}]},{\"@type\":\"WebSite\",\"@id\":\"https:\/\/bobea.net\/#website\",\"url\":\"https:\/\/bobea.net\/\",\"name\":\"Bobea\",\"description\":\"Le magazine de la nouvelle \u00c8ve\",\"publisher\":{\"@id\":\"https:\/\/bobea.net\/#organization\"},\"potentialAction\":[{\"@type\":\"SearchAction\",\"target\":{\"@type\":\"EntryPoint\",\"urlTemplate\":\"https:\/\/bobea.net\/?s={search_term_string}\"},\"query-input\":{\"@type\":\"PropertyValueSpecification\",\"valueRequired\":true,\"valueName\":\"search_term_string\"}}],\"inLanguage\":\"fr-FR\"},{\"@type\":\"Organization\",\"@id\":\"https:\/\/bobea.net\/#organization\",\"name\":\"Bobea\",\"url\":\"https:\/\/bobea.net\/\",\"logo\":{\"@type\":\"ImageObject\",\"inLanguage\":\"fr-FR\",\"@id\":\"https:\/\/bobea.net\/#\/schema\/logo\/image\/\",\"url\":\"https:\/\/bobea.net\/wp-content\/uploads\/2024\/06\/bobea.jpg\",\"contentUrl\":\"https:\/\/bobea.net\/wp-content\/uploads\/2024\/06\/bobea.jpg\",\"width\":1080,\"height\":1080,\"caption\":\"Bobea\"},\"image\":{\"@id\":\"https:\/\/bobea.net\/#\/schema\/logo\/image\/\"},\"sameAs\":[\"https:\/\/web.facebook.com\/profile.php?id=61559252188416\"]},{\"@type\":\"Person\",\"@id\":\"https:\/\/bobea.net\/#\/schema\/person\/e7f45ef187918d7c956bf619dce90ccf\",\"name\":\"bobea.info\",\"image\":{\"@type\":\"ImageObject\",\"inLanguage\":\"fr-FR\",\"@id\":\"https:\/\/bobea.net\/#\/schema\/person\/image\/\",\"url\":\"https:\/\/secure.gravatar.com\/avatar\/36147980349df887ae30808df3e29474?s=96&d=mm&r=g\",\"contentUrl\":\"https:\/\/secure.gravatar.com\/avatar\/36147980349df887ae30808df3e29474?s=96&d=mm&r=g\",\"caption\":\"bobea.info\"},\"sameAs\":[\"https:\/\/bobea.net\"],\"url\":\"https:\/\/bobea.net\/index.php\/author\/bobea-info\/\"}]}<\/script>\n<!-- \/ Yoast SEO plugin. -->","yoast_head_json":{"title":"Architecture Sensorielle : Transformer son Int\u00e9rieur pour le \"Sommeil Profond\" - Bobea","robots":{"index":"index","follow":"follow","max-snippet":"max-snippet:-1","max-image-preview":"max-image-preview:large","max-video-preview":"max-video-preview:-1"},"canonical":"https:\/\/bobea.net\/index.php\/2026\/01\/26\/architecture-sensorielle-transformer-son-interieur-pour-le-sommeil-profond\/","og_locale":"fr_FR","og_type":"article","og_title":"Architecture Sensorielle : Transformer son Int\u00e9rieur pour le \"Sommeil Profond\" - Bobea","og_description":"Dans une soci\u00e9t\u00e9 2026 qui ne dort jamais, o\u00f9 la lumi\u00e8re bleue et les noti\u00adfi\u00adca\u00adtions per\u00adma\u00adnentes frag\u00admentent notre atten\u00adtion, le luxe supr\u00eame s\u2019est d\u00e9plac\u00e9. Il ne s\u2019ag\u00adit plus d\u2019ex\u00adhiber son&hellip;","og_url":"https:\/\/bobea.net\/index.php\/2026\/01\/26\/architecture-sensorielle-transformer-son-interieur-pour-le-sommeil-profond\/","og_site_name":"Bobea","article_publisher":"https:\/\/web.facebook.com\/profile.php?id=61559252188416","article_published_time":"2026-01-26T13:54:29+00:00","article_modified_time":"2026-01-26T13:54:32+00:00","og_image":[{"width":1000,"height":663,"url":"https:\/\/bobea.net\/wp-content\/uploads\/2026\/01\/deco_zen.webp","type":"image\/webp"}],"author":"bobea.info","twitter_card":"summary_large_image","twitter_misc":{"\u00c9crit par":"bobea.info","Dur\u00e9e de lecture estim\u00e9e":"2 minutes"},"schema":{"@context":"https:\/\/schema.org","@graph":[{"@type":"Article","@id":"https:\/\/bobea.net\/index.php\/2026\/01\/26\/architecture-sensorielle-transformer-son-interieur-pour-le-sommeil-profond\/#article","isPartOf":{"@id":"https:\/\/bobea.net\/index.php\/2026\/01\/26\/architecture-sensorielle-transformer-son-interieur-pour-le-sommeil-profond\/"},"author":{"name":"bobea.info","@id":"https:\/\/bobea.net\/#\/schema\/person\/e7f45ef187918d7c956bf619dce90ccf"},"headline":"Architecture Sensorielle : Transformer son Int\u00e9rieur pour le \u201cSommeil Profond\u201d","datePublished":"2026-01-26T13:54:29+00:00","dateModified":"2026-01-26T13:54:32+00:00","mainEntityOfPage":{"@id":"https:\/\/bobea.net\/index.php\/2026\/01\/26\/architecture-sensorielle-transformer-son-interieur-pour-le-sommeil-profond\/"},"wordCount":296,"commentCount":0,"publisher":{"@id":"https:\/\/bobea.net\/#organization"},"image":{"@id":"https:\/\/bobea.net\/index.php\/2026\/01\/26\/architecture-sensorielle-transformer-son-interieur-pour-le-sommeil-profond\/#primaryimage"},"thumbnailUrl":"https:\/\/bobea.net\/wp-content\/uploads\/2026\/01\/deco_zen.webp","keywords":["Architecture sensorielle","bien-\u00eatre maison 2026","d\u00e9coration sanctuaire","design biophilique","hygi\u00e8ne lumineuse","sommeil profond"],"articleSection":["On en Parle"],"inLanguage":"fr-FR","potentialAction":[{"@type":"CommentAction","name":"Comment","target":["https:\/\/bobea.net\/index.php\/2026\/01\/26\/architecture-sensorielle-transformer-son-interieur-pour-le-sommeil-profond\/#respond"]}]},{"@type":"WebPage","@id":"https:\/\/bobea.net\/index.php\/2026\/01\/26\/architecture-sensorielle-transformer-son-interieur-pour-le-sommeil-profond\/","url":"https:\/\/bobea.net\/index.php\/2026\/01\/26\/architecture-sensorielle-transformer-son-interieur-pour-le-sommeil-profond\/","name":"Architecture Sensorielle : Transformer son Int\u00e9rieur pour le \"Sommeil Profond\" - Bobea","isPartOf":{"@id":"https:\/\/bobea.net\/#website"},"primaryImageOfPage":{"@id":"https:\/\/bobea.net\/index.php\/2026\/01\/26\/architecture-sensorielle-transformer-son-interieur-pour-le-sommeil-profond\/#primaryimage"},"image":{"@id":"https:\/\/bobea.net\/index.php\/2026\/01\/26\/architecture-sensorielle-transformer-son-interieur-pour-le-sommeil-profond\/#primaryimage"},"thumbnailUrl":"https:\/\/bobea.net\/wp-content\/uploads\/2026\/01\/deco_zen.webp","datePublished":"2026-01-26T13:54:29+00:00","dateModified":"2026-01-26T13:54:32+00:00","breadcrumb":{"@id":"https:\/\/bobea.net\/index.php\/2026\/01\/26\/architecture-sensorielle-transformer-son-interieur-pour-le-sommeil-profond\/#breadcrumb"},"inLanguage":"fr-FR","potentialAction":[{"@type":"ReadAction","target":["https:\/\/bobea.net\/index.php\/2026\/01\/26\/architecture-sensorielle-transformer-son-interieur-pour-le-sommeil-profond\/"]}]},{"@type":"ImageObject","inLanguage":"fr-FR","@id":"https:\/\/bobea.net\/index.php\/2026\/01\/26\/architecture-sensorielle-transformer-son-interieur-pour-le-sommeil-profond\/#primaryimage","url":"https:\/\/bobea.net\/wp-content\/uploads\/2026\/01\/deco_zen.webp","contentUrl":"https:\/\/bobea.net\/wp-content\/uploads\/2026\/01\/deco_zen.webp","width":1000,"height":663},{"@type":"BreadcrumbList","@id":"https:\/\/bobea.net\/index.php\/2026\/01\/26\/architecture-sensorielle-transformer-son-interieur-pour-le-sommeil-profond\/#breadcrumb","itemListElement":[{"@type":"ListItem","position":1,"name":"Accueil","item":"https:\/\/bobea.net\/"},{"@type":"ListItem","position":2,"name":"Architecture Sensorielle : Transformer son Int\u00e9rieur pour le \u00ab\u00a0Sommeil Profond\u00a0\u00bb"}]},{"@type":"WebSite","@id":"https:\/\/bobea.net\/#website","url":"https:\/\/bobea.net\/","name":"Bobea","description":"Le magazine de la nouvelle \u00c8ve","publisher":{"@id":"https:\/\/bobea.net\/#organization"},"potentialAction":[{"@type":"SearchAction","target":{"@type":"EntryPoint","urlTemplate":"https:\/\/bobea.net\/?s={search_term_string}"},"query-input":{"@type":"PropertyValueSpecification","valueRequired":true,"valueName":"search_term_string"}}],"inLanguage":"fr-FR"},{"@type":"Organization","@id":"https:\/\/bobea.net\/#organization","name":"Bobea","url":"https:\/\/bobea.net\/","logo":{"@type":"ImageObject","inLanguage":"fr-FR","@id":"https:\/\/bobea.net\/#\/schema\/logo\/image\/","url":"https:\/\/bobea.net\/wp-content\/uploads\/2024\/06\/bobea.jpg","contentUrl":"https:\/\/bobea.net\/wp-content\/uploads\/2024\/06\/bobea.jpg","width":1080,"height":1080,"caption":"Bobea"},"image":{"@id":"https:\/\/bobea.net\/#\/schema\/logo\/image\/"},"sameAs":["https:\/\/web.facebook.com\/profile.php?id=61559252188416"]},{"@type":"Person","@id":"https:\/\/bobea.net\/#\/schema\/person\/e7f45ef187918d7c956bf619dce90ccf","name":"bobea.info","image":{"@type":"ImageObject","inLanguage":"fr-FR","@id":"https:\/\/bobea.net\/#\/schema\/person\/image\/","url":"https:\/\/secure.gravatar.com\/avatar\/36147980349df887ae30808df3e29474?s=96&d=mm&r=g","contentUrl":"https:\/\/secure.gravatar.com\/avatar\/36147980349df887ae30808df3e29474?s=96&d=mm&r=g","caption":"bobea.info"},"sameAs":["https:\/\/bobea.net"],"url":"https:\/\/bobea.net\/index.php\/author\/bobea-info\/"}]}},"_links":{"self":[{"href":"https:\/\/bobea.net\/index.php\/wp-json\/wp\/v2\/posts\/29742"}],"collection":[{"href":"https:\/\/bobea.net\/index.php\/wp-json\/wp\/v2\/posts"}],"about":[{"href":"https:\/\/bobea.net\/index.php\/wp-json\/wp\/v2\/types\/post"}],"author":[{"embeddable":true,"href":"https:\/\/bobea.net\/index.php\/wp-json\/wp\/v2\/users\/1"}],"replies":[{"embeddable":true,"href":"https:\/\/bobea.net\/index.php\/wp-json\/wp\/v2\/comments?post=29742"}],"version-history":[{"count":1,"href":"https:\/\/bobea.net\/index.php\/wp-json\/wp\/v2\/posts\/29742\/revisions"}],"predecessor-version":[{"id":29745,"href":"https:\/\/bobea.net\/index.php\/wp-json\/wp\/v2\/posts\/29742\/revisions\/29745"}],"wp:featuredmedia":[{"embeddable":true,"href":"https:\/\/bobea.net\/index.php\/wp-json\/wp\/v2\/media\/29743"}],"wp:attachment":[{"href":"https:\/\/bobea.net\/index.php\/wp-json\/wp\/v2\/media?parent=29742"}],"wp:term":[{"taxonomy":"category","embeddable":true,"href":"https:\/\/bobea.net\/index.php\/wp-json\/wp\/v2\/categories?post=29742"},{"taxonomy":"post_tag","embeddable":true,"href":"https:\/\/bobea.net\/index.php\/wp-json\/wp\/v2\/tags?post=29742"}],"curies":[{"name":"wp","href":"https:\/\/api.w.org\/{rel}","templated":true}]}}