{"id":29719,"date":"2026-01-26T12:52:48","date_gmt":"2026-01-26T12:52:48","guid":{"rendered":"https:\/\/bobea.net\/?p=29719"},"modified":"2026-01-26T12:52:50","modified_gmt":"2026-01-26T12:52:50","slug":"la-saga-bily-coby-duel-au-sommet-a-gordes-pour-le-jardin-deden","status":"publish","type":"post","link":"https:\/\/bobea.net\/index.php\/2026\/01\/26\/la-saga-bily-coby-duel-au-sommet-a-gordes-pour-le-jardin-deden\/","title":{"rendered":"La Saga Bily Coby : Duel au Sommet \u00e0 Gordes pour le Jardin d\u2019\u00c9den"},"content":{"rendered":"\n<p>Le vil\u00adlage de Gordes, per\u00adle du Luberon, est le th\u00e9\u00e2tre d\u2019un affron\u00adte\u00adment qui sym\u00adbol\u00adise les ten\u00adsions du XXIe si\u00e8\u00adcle. D\u2019un c\u00f4t\u00e9, la vision \u201cmor\u00adtif\u00e8re\u201d de l\u2019an\u00adcien monde ; de l\u2019autre, l\u2019au\u00addace d\u2019une jeunesse qui refuse de voir son pat\u00adri\u00admoine trans\u00adfor\u00adm\u00e9 en mus\u00e9e pour mil\u00adliar\u00addaires. Au cen\u00adtre de cette tem\u00adp\u00eate : le jeune <strong>Bily Coby<\/strong>, ing\u00e9nieur au sang viking, et son adver\u00adsaire acharn\u00e9, le maire <strong>Pan\u00adtalu<\/strong>.<\/p>\n\n\n\n<p><strong>Le Mau\u00adsol\u00e9e de Pan\u00adtalu con\u00adtre le Jardin d\u2019\u00c9\u00adden<\/strong><\/p>\n\n\n\n<p>Le pro\u00adjet de Pan\u00adtalu est clair, mais effrayant : con\u00adstru\u00adire un mau\u00adsol\u00e9e de luxe com\u00adpos\u00e9 de cap\u00adsules dor\u00e9es pour abrit\u00ader les restes de mul\u00adti\u00admil\u00adlion\u00adnaires en qu\u00eate d\u2019im\u00admor\u00adtal\u00adit\u00e9. Pour Bily Coby, c\u2019est une insulte \u00e0 la terre. Son con\u00adtre-pro\u00adjet, bap\u00adtis\u00e9 \u201cLe Jardin d\u2019\u00c9\u00adden\u201d, pro\u00adpose une archi\u00adtec\u00adture organique, vivante, o\u00f9 la tech\u00adnolo\u00adgie sert la bio\u00addi\u00adver\u00adsit\u00e9. Bily ne veut pas une ville de morts-vivants, mais un \u00e9cosys\u00adt\u00e8me o\u00f9 l\u2019homme et la nature cohab\u00aditent en har\u00admonie. Ce com\u00adbat n\u2019est pas seule\u00adment local, il est philosophique : quelle trace voulons-nous laiss\u00ader sur cette plan\u00e8te ?<\/p>\n\n\n\n<p><strong>L\u2019Al\u00adli\u00e9 Inat\u00adten\u00addu : Sobam\u00adi\u00adcot\u00adcot, le Doudou High-Tech<\/strong><\/p>\n\n\n\n<p>Dans cette lutte in\u00e9\u00adgale, Bily pos\u00ads\u00e8de un atout secret : <strong>Sobam\u00adi\u00adcot\u00adcot<\/strong>, son com\u00adpagnon \u00e0 trois yeux. Cet objet, loin d\u2019\u00eatre un sim\u00adple jou\u00adet, est une mer\u00adveille d\u2019ing\u00e9nierie dot\u00e9e d\u2019un \u0153il \u201cdop\u00e9 \u00e0 l\u2019IA\u201d capa\u00adble d\u2019analyser les failles struc\u00adturelles et juridiques des plans de Pan\u00adtalu. Gr\u00e2ce \u00e0 cette tech\u00adnolo\u00adgie de pointe, le \u201cPetit Viking\u201d parvient \u00e0 frein\u00ader les travaux et \u00e0 mobilis\u00ader l\u2019opin\u00adion publique. La saga con\u00adtin\u00adue, et toute la France suit avec pas\u00adsion ce duel entre la van\u00adit\u00e9 du b\u00e9ton et l\u2019e\u00adsp\u00e9rance de la ver\u00addure. Bily Coby incar\u00adne cette nou\u00advelle g\u00e9n\u00e9ra\u00adtion de lead\u00aders qui ne recu\u00adlent devant rien pour pro\u00adt\u00e9ger leur id\u00e9al.<\/p>\n","protected":false},"excerpt":{"rendered":"<p>Le vil\u00adlage de Gordes, per\u00adle du Luberon, est le th\u00e9\u00e2tre d\u2019un affron\u00adte\u00adment qui sym\u00adbol\u00adise les ten\u00adsions du XXIe si\u00e8\u00adcle. D\u2019un c\u00f4t\u00e9, la vision \u201cmor\u00adtif\u00e8re\u201d de l\u2019an\u00adcien monde ; de l\u2019autre,\u2026 <\/p>\n","protected":false},"author":1,"featured_media":29720,"comment_status":"open","ping_status":"closed","sticky":false,"template":"","format":"standard","meta":{"wp_typography_post_enhancements_disabled":false,"footnotes":""},"categories":[73],"tags":[20144,4761,22019,22021,22020,22017,22018,22016],"class_list":["post-29719","post","type-post","status-publish","format-standard","has-post-thumbnail","hentry","category-on-en-parle","tag-bily-coby","tag-ecologie","tag-gordes","tag-luberon","tag-lutte-locale","tag-pantalu","tag-sobamicotcot","tag-urbanisme-futuriste"],"yoast_head":"<!-- This site is optimized with the Yoast SEO plugin v24.7 - https:\/\/yoast.com\/wordpress\/plugins\/seo\/ -->\n<title>La Saga Bily Coby : Duel au Sommet \u00e0 Gordes pour le Jardin d&#039;\u00c9den - Bobea<\/title>\n<meta name=\"robots\" content=\"index, follow, max-snippet:-1, max-image-preview:large, max-video-preview:-1\" \/>\n<link rel=\"canonical\" href=\"https:\/\/bobea.net\/index.php\/2026\/01\/26\/la-saga-bily-coby-duel-au-sommet-a-gordes-pour-le-jardin-deden\/\" \/>\n<meta property=\"og:locale\" content=\"fr_FR\" \/>\n<meta property=\"og:type\" content=\"article\" \/>\n<meta property=\"og:title\" content=\"La Saga Bily Coby : Duel au Sommet \u00e0 Gordes pour le Jardin d&#039;\u00c9den - Bobea\" \/>\n<meta property=\"og:description\" content=\"Le vil\u00adlage de Gordes, per\u00adle du Luberon, est le th\u00e9\u00e2tre d\u2019un affron\u00adte\u00adment qui sym\u00adbol\u00adise les ten\u00adsions du XXIe si\u00e8\u00adcle. D\u2019un c\u00f4t\u00e9, la vision \u201cmor\u00adtif\u00e8re\u201d de l\u2019an\u00adcien monde ; de l\u2019autre,&hellip;\" \/>\n<meta property=\"og:url\" content=\"https:\/\/bobea.net\/index.php\/2026\/01\/26\/la-saga-bily-coby-duel-au-sommet-a-gordes-pour-le-jardin-deden\/\" \/>\n<meta property=\"og:site_name\" content=\"Bobea\" \/>\n<meta property=\"article:publisher\" content=\"https:\/\/web.facebook.com\/profile.php?id=61559252188416\" \/>\n<meta property=\"article:published_time\" content=\"2026-01-26T12:52:48+00:00\" \/>\n<meta property=\"article:modified_time\" content=\"2026-01-26T12:52:50+00:00\" \/>\n<meta property=\"og:image\" content=\"https:\/\/bobea.net\/wp-content\/uploads\/2026\/01\/bILLY3.png\" \/>\n\t<meta property=\"og:image:width\" content=\"506\" \/>\n\t<meta property=\"og:image:height\" content=\"507\" \/>\n\t<meta property=\"og:image:type\" content=\"image\/png\" \/>\n<meta name=\"author\" content=\"bobea.info\" \/>\n<meta name=\"twitter:card\" content=\"summary_large_image\" \/>\n<meta name=\"twitter:label1\" content=\"\u00c9crit par\" \/>\n\t<meta name=\"twitter:data1\" content=\"bobea.info\" \/>\n\t<meta name=\"twitter:label2\" content=\"Dur\u00e9e de lecture estim\u00e9e\" \/>\n\t<meta name=\"twitter:data2\" content=\"2 minutes\" \/>\n<script type=\"application\/ld+json\" class=\"yoast-schema-graph\">{\"@context\":\"https:\/\/schema.org\",\"@graph\":[{\"@type\":\"Article\",\"@id\":\"https:\/\/bobea.net\/index.php\/2026\/01\/26\/la-saga-bily-coby-duel-au-sommet-a-gordes-pour-le-jardin-deden\/#article\",\"isPartOf\":{\"@id\":\"https:\/\/bobea.net\/index.php\/2026\/01\/26\/la-saga-bily-coby-duel-au-sommet-a-gordes-pour-le-jardin-deden\/\"},\"author\":{\"name\":\"bobea.info\",\"@id\":\"https:\/\/bobea.net\/#\/schema\/person\/e7f45ef187918d7c956bf619dce90ccf\"},\"headline\":\"La Saga Bily Coby : Duel au Sommet \u00e0 Gordes pour le Jardin d\u2019\u00c9den\",\"datePublished\":\"2026-01-26T12:52:48+00:00\",\"dateModified\":\"2026-01-26T12:52:50+00:00\",\"mainEntityOfPage\":{\"@id\":\"https:\/\/bobea.net\/index.php\/2026\/01\/26\/la-saga-bily-coby-duel-au-sommet-a-gordes-pour-le-jardin-deden\/\"},\"wordCount\":316,\"commentCount\":0,\"publisher\":{\"@id\":\"https:\/\/bobea.net\/#organization\"},\"image\":{\"@id\":\"https:\/\/bobea.net\/index.php\/2026\/01\/26\/la-saga-bily-coby-duel-au-sommet-a-gordes-pour-le-jardin-deden\/#primaryimage\"},\"thumbnailUrl\":\"https:\/\/bobea.net\/wp-content\/uploads\/2026\/01\/bILLY3.png\",\"keywords\":[\"bily coby\",\"\u00e9cologie\",\"Gordes\",\"Luberon.\",\"lutte locale\",\"Pantalu\",\"Sobamicotcot\",\"urbanisme futuriste\"],\"articleSection\":[\"On en Parle\"],\"inLanguage\":\"fr-FR\",\"potentialAction\":[{\"@type\":\"CommentAction\",\"name\":\"Comment\",\"target\":[\"https:\/\/bobea.net\/index.php\/2026\/01\/26\/la-saga-bily-coby-duel-au-sommet-a-gordes-pour-le-jardin-deden\/#respond\"]}]},{\"@type\":\"WebPage\",\"@id\":\"https:\/\/bobea.net\/index.php\/2026\/01\/26\/la-saga-bily-coby-duel-au-sommet-a-gordes-pour-le-jardin-deden\/\",\"url\":\"https:\/\/bobea.net\/index.php\/2026\/01\/26\/la-saga-bily-coby-duel-au-sommet-a-gordes-pour-le-jardin-deden\/\",\"name\":\"La Saga Bily Coby : Duel au Sommet \u00e0 Gordes pour le Jardin d'\u00c9den - Bobea\",\"isPartOf\":{\"@id\":\"https:\/\/bobea.net\/#website\"},\"primaryImageOfPage\":{\"@id\":\"https:\/\/bobea.net\/index.php\/2026\/01\/26\/la-saga-bily-coby-duel-au-sommet-a-gordes-pour-le-jardin-deden\/#primaryimage\"},\"image\":{\"@id\":\"https:\/\/bobea.net\/index.php\/2026\/01\/26\/la-saga-bily-coby-duel-au-sommet-a-gordes-pour-le-jardin-deden\/#primaryimage\"},\"thumbnailUrl\":\"https:\/\/bobea.net\/wp-content\/uploads\/2026\/01\/bILLY3.png\",\"datePublished\":\"2026-01-26T12:52:48+00:00\",\"dateModified\":\"2026-01-26T12:52:50+00:00\",\"breadcrumb\":{\"@id\":\"https:\/\/bobea.net\/index.php\/2026\/01\/26\/la-saga-bily-coby-duel-au-sommet-a-gordes-pour-le-jardin-deden\/#breadcrumb\"},\"inLanguage\":\"fr-FR\",\"potentialAction\":[{\"@type\":\"ReadAction\",\"target\":[\"https:\/\/bobea.net\/index.php\/2026\/01\/26\/la-saga-bily-coby-duel-au-sommet-a-gordes-pour-le-jardin-deden\/\"]}]},{\"@type\":\"ImageObject\",\"inLanguage\":\"fr-FR\",\"@id\":\"https:\/\/bobea.net\/index.php\/2026\/01\/26\/la-saga-bily-coby-duel-au-sommet-a-gordes-pour-le-jardin-deden\/#primaryimage\",\"url\":\"https:\/\/bobea.net\/wp-content\/uploads\/2026\/01\/bILLY3.png\",\"contentUrl\":\"https:\/\/bobea.net\/wp-content\/uploads\/2026\/01\/bILLY3.png\",\"width\":506,\"height\":507},{\"@type\":\"BreadcrumbList\",\"@id\":\"https:\/\/bobea.net\/index.php\/2026\/01\/26\/la-saga-bily-coby-duel-au-sommet-a-gordes-pour-le-jardin-deden\/#breadcrumb\",\"itemListElement\":[{\"@type\":\"ListItem\",\"position\":1,\"name\":\"Accueil\",\"item\":\"https:\/\/bobea.net\/\"},{\"@type\":\"ListItem\",\"position\":2,\"name\":\"La Saga Bily Coby : Duel au Sommet \u00e0 Gordes pour le Jardin d&rsquo;\u00c9den\"}]},{\"@type\":\"WebSite\",\"@id\":\"https:\/\/bobea.net\/#website\",\"url\":\"https:\/\/bobea.net\/\",\"name\":\"Bobea\",\"description\":\"Le magazine de la nouvelle \u00c8ve\",\"publisher\":{\"@id\":\"https:\/\/bobea.net\/#organization\"},\"potentialAction\":[{\"@type\":\"SearchAction\",\"target\":{\"@type\":\"EntryPoint\",\"urlTemplate\":\"https:\/\/bobea.net\/?s={search_term_string}\"},\"query-input\":{\"@type\":\"PropertyValueSpecification\",\"valueRequired\":true,\"valueName\":\"search_term_string\"}}],\"inLanguage\":\"fr-FR\"},{\"@type\":\"Organization\",\"@id\":\"https:\/\/bobea.net\/#organization\",\"name\":\"Bobea\",\"url\":\"https:\/\/bobea.net\/\",\"logo\":{\"@type\":\"ImageObject\",\"inLanguage\":\"fr-FR\",\"@id\":\"https:\/\/bobea.net\/#\/schema\/logo\/image\/\",\"url\":\"https:\/\/bobea.net\/wp-content\/uploads\/2024\/06\/bobea.jpg\",\"contentUrl\":\"https:\/\/bobea.net\/wp-content\/uploads\/2024\/06\/bobea.jpg\",\"width\":1080,\"height\":1080,\"caption\":\"Bobea\"},\"image\":{\"@id\":\"https:\/\/bobea.net\/#\/schema\/logo\/image\/\"},\"sameAs\":[\"https:\/\/web.facebook.com\/profile.php?id=61559252188416\"]},{\"@type\":\"Person\",\"@id\":\"https:\/\/bobea.net\/#\/schema\/person\/e7f45ef187918d7c956bf619dce90ccf\",\"name\":\"bobea.info\",\"image\":{\"@type\":\"ImageObject\",\"inLanguage\":\"fr-FR\",\"@id\":\"https:\/\/bobea.net\/#\/schema\/person\/image\/\",\"url\":\"https:\/\/secure.gravatar.com\/avatar\/36147980349df887ae30808df3e29474?s=96&d=mm&r=g\",\"contentUrl\":\"https:\/\/secure.gravatar.com\/avatar\/36147980349df887ae30808df3e29474?s=96&d=mm&r=g\",\"caption\":\"bobea.info\"},\"sameAs\":[\"https:\/\/bobea.net\"],\"url\":\"https:\/\/bobea.net\/index.php\/author\/bobea-info\/\"}]}<\/script>\n<!-- \/ Yoast SEO plugin. -->","yoast_head_json":{"title":"La Saga Bily Coby : Duel au Sommet \u00e0 Gordes pour le Jardin d'\u00c9den - Bobea","robots":{"index":"index","follow":"follow","max-snippet":"max-snippet:-1","max-image-preview":"max-image-preview:large","max-video-preview":"max-video-preview:-1"},"canonical":"https:\/\/bobea.net\/index.php\/2026\/01\/26\/la-saga-bily-coby-duel-au-sommet-a-gordes-pour-le-jardin-deden\/","og_locale":"fr_FR","og_type":"article","og_title":"La Saga Bily Coby : Duel au Sommet \u00e0 Gordes pour le Jardin d'\u00c9den - Bobea","og_description":"Le vil\u00adlage de Gordes, per\u00adle du Luberon, est le th\u00e9\u00e2tre d\u2019un affron\u00adte\u00adment qui sym\u00adbol\u00adise les ten\u00adsions du XXIe si\u00e8\u00adcle. D\u2019un c\u00f4t\u00e9, la vision \u201cmor\u00adtif\u00e8re\u201d de l\u2019an\u00adcien monde ; de l\u2019autre,&hellip;","og_url":"https:\/\/bobea.net\/index.php\/2026\/01\/26\/la-saga-bily-coby-duel-au-sommet-a-gordes-pour-le-jardin-deden\/","og_site_name":"Bobea","article_publisher":"https:\/\/web.facebook.com\/profile.php?id=61559252188416","article_published_time":"2026-01-26T12:52:48+00:00","article_modified_time":"2026-01-26T12:52:50+00:00","og_image":[{"width":506,"height":507,"url":"https:\/\/bobea.net\/wp-content\/uploads\/2026\/01\/bILLY3.png","type":"image\/png"}],"author":"bobea.info","twitter_card":"summary_large_image","twitter_misc":{"\u00c9crit par":"bobea.info","Dur\u00e9e de lecture estim\u00e9e":"2 minutes"},"schema":{"@context":"https:\/\/schema.org","@graph":[{"@type":"Article","@id":"https:\/\/bobea.net\/index.php\/2026\/01\/26\/la-saga-bily-coby-duel-au-sommet-a-gordes-pour-le-jardin-deden\/#article","isPartOf":{"@id":"https:\/\/bobea.net\/index.php\/2026\/01\/26\/la-saga-bily-coby-duel-au-sommet-a-gordes-pour-le-jardin-deden\/"},"author":{"name":"bobea.info","@id":"https:\/\/bobea.net\/#\/schema\/person\/e7f45ef187918d7c956bf619dce90ccf"},"headline":"La Saga Bily Coby : Duel au Sommet \u00e0 Gordes pour le Jardin d\u2019\u00c9den","datePublished":"2026-01-26T12:52:48+00:00","dateModified":"2026-01-26T12:52:50+00:00","mainEntityOfPage":{"@id":"https:\/\/bobea.net\/index.php\/2026\/01\/26\/la-saga-bily-coby-duel-au-sommet-a-gordes-pour-le-jardin-deden\/"},"wordCount":316,"commentCount":0,"publisher":{"@id":"https:\/\/bobea.net\/#organization"},"image":{"@id":"https:\/\/bobea.net\/index.php\/2026\/01\/26\/la-saga-bily-coby-duel-au-sommet-a-gordes-pour-le-jardin-deden\/#primaryimage"},"thumbnailUrl":"https:\/\/bobea.net\/wp-content\/uploads\/2026\/01\/bILLY3.png","keywords":["bily coby","\u00e9cologie","Gordes","Luberon.","lutte locale","Pantalu","Sobamicotcot","urbanisme futuriste"],"articleSection":["On en Parle"],"inLanguage":"fr-FR","potentialAction":[{"@type":"CommentAction","name":"Comment","target":["https:\/\/bobea.net\/index.php\/2026\/01\/26\/la-saga-bily-coby-duel-au-sommet-a-gordes-pour-le-jardin-deden\/#respond"]}]},{"@type":"WebPage","@id":"https:\/\/bobea.net\/index.php\/2026\/01\/26\/la-saga-bily-coby-duel-au-sommet-a-gordes-pour-le-jardin-deden\/","url":"https:\/\/bobea.net\/index.php\/2026\/01\/26\/la-saga-bily-coby-duel-au-sommet-a-gordes-pour-le-jardin-deden\/","name":"La Saga Bily Coby : Duel au Sommet \u00e0 Gordes pour le Jardin d'\u00c9den - Bobea","isPartOf":{"@id":"https:\/\/bobea.net\/#website"},"primaryImageOfPage":{"@id":"https:\/\/bobea.net\/index.php\/2026\/01\/26\/la-saga-bily-coby-duel-au-sommet-a-gordes-pour-le-jardin-deden\/#primaryimage"},"image":{"@id":"https:\/\/bobea.net\/index.php\/2026\/01\/26\/la-saga-bily-coby-duel-au-sommet-a-gordes-pour-le-jardin-deden\/#primaryimage"},"thumbnailUrl":"https:\/\/bobea.net\/wp-content\/uploads\/2026\/01\/bILLY3.png","datePublished":"2026-01-26T12:52:48+00:00","dateModified":"2026-01-26T12:52:50+00:00","breadcrumb":{"@id":"https:\/\/bobea.net\/index.php\/2026\/01\/26\/la-saga-bily-coby-duel-au-sommet-a-gordes-pour-le-jardin-deden\/#breadcrumb"},"inLanguage":"fr-FR","potentialAction":[{"@type":"ReadAction","target":["https:\/\/bobea.net\/index.php\/2026\/01\/26\/la-saga-bily-coby-duel-au-sommet-a-gordes-pour-le-jardin-deden\/"]}]},{"@type":"ImageObject","inLanguage":"fr-FR","@id":"https:\/\/bobea.net\/index.php\/2026\/01\/26\/la-saga-bily-coby-duel-au-sommet-a-gordes-pour-le-jardin-deden\/#primaryimage","url":"https:\/\/bobea.net\/wp-content\/uploads\/2026\/01\/bILLY3.png","contentUrl":"https:\/\/bobea.net\/wp-content\/uploads\/2026\/01\/bILLY3.png","width":506,"height":507},{"@type":"BreadcrumbList","@id":"https:\/\/bobea.net\/index.php\/2026\/01\/26\/la-saga-bily-coby-duel-au-sommet-a-gordes-pour-le-jardin-deden\/#breadcrumb","itemListElement":[{"@type":"ListItem","position":1,"name":"Accueil","item":"https:\/\/bobea.net\/"},{"@type":"ListItem","position":2,"name":"La Saga Bily Coby : Duel au Sommet \u00e0 Gordes pour le Jardin d&rsquo;\u00c9den"}]},{"@type":"WebSite","@id":"https:\/\/bobea.net\/#website","url":"https:\/\/bobea.net\/","name":"Bobea","description":"Le magazine de la nouvelle \u00c8ve","publisher":{"@id":"https:\/\/bobea.net\/#organization"},"potentialAction":[{"@type":"SearchAction","target":{"@type":"EntryPoint","urlTemplate":"https:\/\/bobea.net\/?s={search_term_string}"},"query-input":{"@type":"PropertyValueSpecification","valueRequired":true,"valueName":"search_term_string"}}],"inLanguage":"fr-FR"},{"@type":"Organization","@id":"https:\/\/bobea.net\/#organization","name":"Bobea","url":"https:\/\/bobea.net\/","logo":{"@type":"ImageObject","inLanguage":"fr-FR","@id":"https:\/\/bobea.net\/#\/schema\/logo\/image\/","url":"https:\/\/bobea.net\/wp-content\/uploads\/2024\/06\/bobea.jpg","contentUrl":"https:\/\/bobea.net\/wp-content\/uploads\/2024\/06\/bobea.jpg","width":1080,"height":1080,"caption":"Bobea"},"image":{"@id":"https:\/\/bobea.net\/#\/schema\/logo\/image\/"},"sameAs":["https:\/\/web.facebook.com\/profile.php?id=61559252188416"]},{"@type":"Person","@id":"https:\/\/bobea.net\/#\/schema\/person\/e7f45ef187918d7c956bf619dce90ccf","name":"bobea.info","image":{"@type":"ImageObject","inLanguage":"fr-FR","@id":"https:\/\/bobea.net\/#\/schema\/person\/image\/","url":"https:\/\/secure.gravatar.com\/avatar\/36147980349df887ae30808df3e29474?s=96&d=mm&r=g","contentUrl":"https:\/\/secure.gravatar.com\/avatar\/36147980349df887ae30808df3e29474?s=96&d=mm&r=g","caption":"bobea.info"},"sameAs":["https:\/\/bobea.net"],"url":"https:\/\/bobea.net\/index.php\/author\/bobea-info\/"}]}},"_links":{"self":[{"href":"https:\/\/bobea.net\/index.php\/wp-json\/wp\/v2\/posts\/29719"}],"collection":[{"href":"https:\/\/bobea.net\/index.php\/wp-json\/wp\/v2\/posts"}],"about":[{"href":"https:\/\/bobea.net\/index.php\/wp-json\/wp\/v2\/types\/post"}],"author":[{"embeddable":true,"href":"https:\/\/bobea.net\/index.php\/wp-json\/wp\/v2\/users\/1"}],"replies":[{"embeddable":true,"href":"https:\/\/bobea.net\/index.php\/wp-json\/wp\/v2\/comments?post=29719"}],"version-history":[{"count":1,"href":"https:\/\/bobea.net\/index.php\/wp-json\/wp\/v2\/posts\/29719\/revisions"}],"predecessor-version":[{"id":29721,"href":"https:\/\/bobea.net\/index.php\/wp-json\/wp\/v2\/posts\/29719\/revisions\/29721"}],"wp:featuredmedia":[{"embeddable":true,"href":"https:\/\/bobea.net\/index.php\/wp-json\/wp\/v2\/media\/29720"}],"wp:attachment":[{"href":"https:\/\/bobea.net\/index.php\/wp-json\/wp\/v2\/media?parent=29719"}],"wp:term":[{"taxonomy":"category","embeddable":true,"href":"https:\/\/bobea.net\/index.php\/wp-json\/wp\/v2\/categories?post=29719"},{"taxonomy":"post_tag","embeddable":true,"href":"https:\/\/bobea.net\/index.php\/wp-json\/wp\/v2\/tags?post=29719"}],"curies":[{"name":"wp","href":"https:\/\/api.w.org\/{rel}","templated":true}]}}