{"id":29715,"date":"2026-01-26T12:47:40","date_gmt":"2026-01-26T12:47:40","guid":{"rendered":"https:\/\/bobea.net\/?p=29715"},"modified":"2026-01-26T12:47:41","modified_gmt":"2026-01-26T12:47:41","slug":"calvitie-feminine-le-dr-martino-brise-le-tabou-et-livre-ses-signes-dalerte","status":"publish","type":"post","link":"https:\/\/bobea.net\/index.php\/2026\/01\/26\/calvitie-feminine-le-dr-martino-brise-le-tabou-et-livre-ses-signes-dalerte\/","title":{"rendered":"Calvitie F\u00e9minine : Le Dr Martino brise le Tabou et livre ses Signes d\u2019Alerte"},"content":{"rendered":"\n<p>Longtemps rest\u00e9e dans l\u2019om\u00adbre des com\u00adplex\u00ades mas\u00adculins, la calvi\u00adtie chez les femmes \u2014 ou alop\u00e9\u00adcie \u2014 est aujour\u00add\u2019hui une pr\u00e9oc\u00adcu\u00adpa\u00adtion majeure de san\u00adt\u00e9 publique et d\u2019esth\u00e9\u00adtique. Le <strong>Dr Mar\u00adti\u00adno<\/strong>, sp\u00e9\u00adcial\u00adiste recon\u00adnu en der\u00adma\u00adtolo\u00adgie capil\u00adlaire, nous ouvre les portes de son cab\u00adi\u00adnet pour un dossier v\u00e9rit\u00e9. En 2026, per\u00addre ses cheveux n\u2019est plus une fatal\u00adit\u00e9, \u00e0 con\u00addi\u00adtion de savoir lire les sig\u00adnaux envoy\u00e9s par notre corps.<\/p>\n\n\n\n<p><strong>Iden\u00adti\u00adfi\u00ader les Signes d\u2019Alerte : Plus qu\u2019une ques\u00adtion de Brosse<\/strong><\/p>\n\n\n\n<p>Selon le Dr Mar\u00adti\u00adno, la d\u00e9tec\u00adtion pr\u00e9\u00adcoce est la cl\u00e9 du suc\u00adc\u00e8s. \u00ab Il ne faut pas atten\u00addre de voir son cuir chevelu pour s\u2019in\u00adqui\u00e9ter \u00bb, pr\u00e9vient-il. Les pre\u00admiers signes sont sou\u00advent sub\u00adtils : un affine\u00adment de la queue de cheval, une raie qui sem\u00adble s\u2019\u00e9largir l\u00e9g\u00e8re\u00adment, ou une perte de den\u00adsit\u00e9 sur le som\u00admet du cr\u00e2ne. Il pointe \u00e9gale\u00adment du doigt le lien entre stress oxy\u00addatif, d\u00e9s\u00e9quili\u00adbres hor\u00admonaux et pol\u00adlu\u00adtion urbaine. Pour les femmes de 2026, soumis\u00ades \u00e0 des rythmes de vie effr\u00e9n\u00e9s, le cheveu est le pre\u00admier barom\u00e8tre de la san\u00adt\u00e9 int\u00e9rieure.<\/p>\n\n\n\n<figure class=\"wp-block-image size-large\"><img loading=\"lazy\" decoding=\"async\" width=\"1024\" height=\"538\" src=\"https:\/\/bobea.net\/wp-content\/uploads\/2026\/01\/image-163-1024x538.png\" alt class=\"wp-image-29717\" srcset=\"https:\/\/bobea.net\/wp-content\/uploads\/2026\/01\/image-163-1024x538.png 1024w, https:\/\/bobea.net\/wp-content\/uploads\/2026\/01\/image-163-300x158.png 300w, https:\/\/bobea.net\/wp-content\/uploads\/2026\/01\/image-163-768x403.png 768w, https:\/\/bobea.net\/wp-content\/uploads\/2026\/01\/image-163.png 1200w\" sizes=\"(max-width: 1024px) 100vw, 1024px\"><\/figure>\n\n\n\n<p><strong>Les Solu\u00adtions R\u00e9vo\u00adlu\u00adtion\u00adnaires du Dr Mar\u00adti\u00adno<\/strong><\/p>\n\n\n\n<p>Com\u00adment l\u2019\u00e9viter ou la stop\u00adper ? Le Dr Mar\u00adti\u00adno pr\u00f4ne une approche holis\u00adtique. \u00ab Nous util\u00adisons d\u00e9sor\u00admais des th\u00e9rapies par pep\u00adtides bio-act\u00adifs et des casques LED de nou\u00advelle g\u00e9n\u00e9ra\u00adtion qui stim\u00adu\u00adlent le bulbe sans douleur \u00bb, explique-t-il. Mais au-del\u00e0 de la tech\u00adnolo\u00adgie, il insiste sur la nutri\u00adtion : le fer, le zinc et surtout la ges\u00adtion du cor\u00adti\u00adsol (l\u2019hor\u00admone du stress) sont les piliers d\u2019une chevelure saine. Ce dossier com\u00adplet explore les traite\u00adments disponibles en 2026, offrant aux lec\u00adtri\u00adces de BOBEA les out\u00adils pour pro\u00adt\u00e9ger leur cap\u00adi\u00adtal beaut\u00e9 et retrou\u00adver une con\u00adfi\u00adance en soi in\u00e9bran\u00adlable.<\/p>\n","protected":false},"excerpt":{"rendered":"<p>Longtemps rest\u00e9e dans l\u2019om\u00adbre des com\u00adplex\u00ades mas\u00adculins, la calvi\u00adtie chez les femmes \u2014 ou alop\u00e9\u00adcie \u2014 est aujour\u00add\u2019hui une pr\u00e9oc\u00adcu\u00adpa\u00adtion majeure de san\u00adt\u00e9 publique et d\u2019esth\u00e9\u00adtique. Le Dr Mar\u00adti\u00adno, sp\u00e9\u00adcial\u00adiste\u2026 <\/p>\n","protected":false},"author":1,"featured_media":29716,"comment_status":"open","ping_status":"closed","sticky":false,"template":"","format":"standard","meta":{"wp_typography_post_enhancements_disabled":false,"footnotes":""},"categories":[68],"tags":[3139,22015,22013,9644,3143,22014],"class_list":["post-29715","post","type-post","status-publish","format-standard","has-post-thumbnail","hentry","category-soins","tag-alopecie-feminine","tag-bien-etre-feminin-2","tag-calvitie-femme","tag-dr-martino-2","tag-sante-capillaire","tag-traitement-chute-cheveux"],"yoast_head":"<!-- This site is optimized with the Yoast SEO plugin v24.7 - https:\/\/yoast.com\/wordpress\/plugins\/seo\/ -->\n<title>Calvitie F\u00e9minine : Le Dr Martino brise le Tabou et livre ses Signes d&#039;Alerte - Bobea<\/title>\n<meta name=\"robots\" content=\"index, follow, max-snippet:-1, max-image-preview:large, max-video-preview:-1\" \/>\n<link rel=\"canonical\" href=\"https:\/\/bobea.net\/index.php\/2026\/01\/26\/calvitie-feminine-le-dr-martino-brise-le-tabou-et-livre-ses-signes-dalerte\/\" \/>\n<meta property=\"og:locale\" content=\"fr_FR\" \/>\n<meta property=\"og:type\" content=\"article\" \/>\n<meta property=\"og:title\" content=\"Calvitie F\u00e9minine : Le Dr Martino brise le Tabou et livre ses Signes d&#039;Alerte - Bobea\" \/>\n<meta property=\"og:description\" content=\"Longtemps rest\u00e9e dans l\u2019om\u00adbre des com\u00adplex\u00ades mas\u00adculins, la calvi\u00adtie chez les femmes \u2014 ou alop\u00e9\u00adcie \u2014 est aujour\u00add\u2019hui une pr\u00e9oc\u00adcu\u00adpa\u00adtion majeure de san\u00adt\u00e9 publique et d\u2019esth\u00e9\u00adtique. Le Dr Mar\u00adti\u00adno, sp\u00e9\u00adcial\u00adiste&hellip;\" \/>\n<meta property=\"og:url\" content=\"https:\/\/bobea.net\/index.php\/2026\/01\/26\/calvitie-feminine-le-dr-martino-brise-le-tabou-et-livre-ses-signes-dalerte\/\" \/>\n<meta property=\"og:site_name\" content=\"Bobea\" \/>\n<meta property=\"article:publisher\" content=\"https:\/\/web.facebook.com\/profile.php?id=61559252188416\" \/>\n<meta property=\"article:published_time\" content=\"2026-01-26T12:47:40+00:00\" \/>\n<meta property=\"article:modified_time\" content=\"2026-01-26T12:47:41+00:00\" \/>\n<meta property=\"og:image\" content=\"https:\/\/bobea.net\/wp-content\/uploads\/2026\/01\/1.2.1.2-alopecie-androgenetique-femmes-cmcc.png\" \/>\n\t<meta property=\"og:image:width\" content=\"600\" \/>\n\t<meta property=\"og:image:height\" content=\"450\" \/>\n\t<meta property=\"og:image:type\" content=\"image\/png\" \/>\n<meta name=\"author\" content=\"bobea.info\" \/>\n<meta name=\"twitter:card\" content=\"summary_large_image\" \/>\n<meta name=\"twitter:label1\" content=\"\u00c9crit par\" \/>\n\t<meta name=\"twitter:data1\" content=\"bobea.info\" \/>\n\t<meta name=\"twitter:label2\" content=\"Dur\u00e9e de lecture estim\u00e9e\" \/>\n\t<meta name=\"twitter:data2\" content=\"2 minutes\" \/>\n<script type=\"application\/ld+json\" class=\"yoast-schema-graph\">{\"@context\":\"https:\/\/schema.org\",\"@graph\":[{\"@type\":\"Article\",\"@id\":\"https:\/\/bobea.net\/index.php\/2026\/01\/26\/calvitie-feminine-le-dr-martino-brise-le-tabou-et-livre-ses-signes-dalerte\/#article\",\"isPartOf\":{\"@id\":\"https:\/\/bobea.net\/index.php\/2026\/01\/26\/calvitie-feminine-le-dr-martino-brise-le-tabou-et-livre-ses-signes-dalerte\/\"},\"author\":{\"name\":\"bobea.info\",\"@id\":\"https:\/\/bobea.net\/#\/schema\/person\/e7f45ef187918d7c956bf619dce90ccf\"},\"headline\":\"Calvitie F\u00e9minine : Le Dr Martino brise le Tabou et livre ses Signes d\u2019Alerte\",\"datePublished\":\"2026-01-26T12:47:40+00:00\",\"dateModified\":\"2026-01-26T12:47:41+00:00\",\"mainEntityOfPage\":{\"@id\":\"https:\/\/bobea.net\/index.php\/2026\/01\/26\/calvitie-feminine-le-dr-martino-brise-le-tabou-et-livre-ses-signes-dalerte\/\"},\"wordCount\":310,\"commentCount\":0,\"publisher\":{\"@id\":\"https:\/\/bobea.net\/#organization\"},\"image\":{\"@id\":\"https:\/\/bobea.net\/index.php\/2026\/01\/26\/calvitie-feminine-le-dr-martino-brise-le-tabou-et-livre-ses-signes-dalerte\/#primaryimage\"},\"thumbnailUrl\":\"https:\/\/bobea.net\/wp-content\/uploads\/2026\/01\/1.2.1.2-alopecie-androgenetique-femmes-cmcc.png\",\"keywords\":[\"alop\u00e9cie f\u00e9minine\",\"bien-\u00eatre f\u00e9minin.\",\"calvitie femme\",\"Dr Martino\",\"sant\u00e9 capillaire\",\"traitement chute cheveux\"],\"articleSection\":[\"Soins\"],\"inLanguage\":\"fr-FR\",\"potentialAction\":[{\"@type\":\"CommentAction\",\"name\":\"Comment\",\"target\":[\"https:\/\/bobea.net\/index.php\/2026\/01\/26\/calvitie-feminine-le-dr-martino-brise-le-tabou-et-livre-ses-signes-dalerte\/#respond\"]}]},{\"@type\":\"WebPage\",\"@id\":\"https:\/\/bobea.net\/index.php\/2026\/01\/26\/calvitie-feminine-le-dr-martino-brise-le-tabou-et-livre-ses-signes-dalerte\/\",\"url\":\"https:\/\/bobea.net\/index.php\/2026\/01\/26\/calvitie-feminine-le-dr-martino-brise-le-tabou-et-livre-ses-signes-dalerte\/\",\"name\":\"Calvitie F\u00e9minine : Le Dr Martino brise le Tabou et livre ses Signes d'Alerte - Bobea\",\"isPartOf\":{\"@id\":\"https:\/\/bobea.net\/#website\"},\"primaryImageOfPage\":{\"@id\":\"https:\/\/bobea.net\/index.php\/2026\/01\/26\/calvitie-feminine-le-dr-martino-brise-le-tabou-et-livre-ses-signes-dalerte\/#primaryimage\"},\"image\":{\"@id\":\"https:\/\/bobea.net\/index.php\/2026\/01\/26\/calvitie-feminine-le-dr-martino-brise-le-tabou-et-livre-ses-signes-dalerte\/#primaryimage\"},\"thumbnailUrl\":\"https:\/\/bobea.net\/wp-content\/uploads\/2026\/01\/1.2.1.2-alopecie-androgenetique-femmes-cmcc.png\",\"datePublished\":\"2026-01-26T12:47:40+00:00\",\"dateModified\":\"2026-01-26T12:47:41+00:00\",\"breadcrumb\":{\"@id\":\"https:\/\/bobea.net\/index.php\/2026\/01\/26\/calvitie-feminine-le-dr-martino-brise-le-tabou-et-livre-ses-signes-dalerte\/#breadcrumb\"},\"inLanguage\":\"fr-FR\",\"potentialAction\":[{\"@type\":\"ReadAction\",\"target\":[\"https:\/\/bobea.net\/index.php\/2026\/01\/26\/calvitie-feminine-le-dr-martino-brise-le-tabou-et-livre-ses-signes-dalerte\/\"]}]},{\"@type\":\"ImageObject\",\"inLanguage\":\"fr-FR\",\"@id\":\"https:\/\/bobea.net\/index.php\/2026\/01\/26\/calvitie-feminine-le-dr-martino-brise-le-tabou-et-livre-ses-signes-dalerte\/#primaryimage\",\"url\":\"https:\/\/bobea.net\/wp-content\/uploads\/2026\/01\/1.2.1.2-alopecie-androgenetique-femmes-cmcc.png\",\"contentUrl\":\"https:\/\/bobea.net\/wp-content\/uploads\/2026\/01\/1.2.1.2-alopecie-androgenetique-femmes-cmcc.png\",\"width\":600,\"height\":450},{\"@type\":\"BreadcrumbList\",\"@id\":\"https:\/\/bobea.net\/index.php\/2026\/01\/26\/calvitie-feminine-le-dr-martino-brise-le-tabou-et-livre-ses-signes-dalerte\/#breadcrumb\",\"itemListElement\":[{\"@type\":\"ListItem\",\"position\":1,\"name\":\"Accueil\",\"item\":\"https:\/\/bobea.net\/\"},{\"@type\":\"ListItem\",\"position\":2,\"name\":\"Calvitie F\u00e9minine : Le Dr Martino brise le Tabou et livre ses Signes d&rsquo;Alerte\"}]},{\"@type\":\"WebSite\",\"@id\":\"https:\/\/bobea.net\/#website\",\"url\":\"https:\/\/bobea.net\/\",\"name\":\"Bobea\",\"description\":\"Le magazine de la nouvelle \u00c8ve\",\"publisher\":{\"@id\":\"https:\/\/bobea.net\/#organization\"},\"potentialAction\":[{\"@type\":\"SearchAction\",\"target\":{\"@type\":\"EntryPoint\",\"urlTemplate\":\"https:\/\/bobea.net\/?s={search_term_string}\"},\"query-input\":{\"@type\":\"PropertyValueSpecification\",\"valueRequired\":true,\"valueName\":\"search_term_string\"}}],\"inLanguage\":\"fr-FR\"},{\"@type\":\"Organization\",\"@id\":\"https:\/\/bobea.net\/#organization\",\"name\":\"Bobea\",\"url\":\"https:\/\/bobea.net\/\",\"logo\":{\"@type\":\"ImageObject\",\"inLanguage\":\"fr-FR\",\"@id\":\"https:\/\/bobea.net\/#\/schema\/logo\/image\/\",\"url\":\"https:\/\/bobea.net\/wp-content\/uploads\/2024\/06\/bobea.jpg\",\"contentUrl\":\"https:\/\/bobea.net\/wp-content\/uploads\/2024\/06\/bobea.jpg\",\"width\":1080,\"height\":1080,\"caption\":\"Bobea\"},\"image\":{\"@id\":\"https:\/\/bobea.net\/#\/schema\/logo\/image\/\"},\"sameAs\":[\"https:\/\/web.facebook.com\/profile.php?id=61559252188416\"]},{\"@type\":\"Person\",\"@id\":\"https:\/\/bobea.net\/#\/schema\/person\/e7f45ef187918d7c956bf619dce90ccf\",\"name\":\"bobea.info\",\"image\":{\"@type\":\"ImageObject\",\"inLanguage\":\"fr-FR\",\"@id\":\"https:\/\/bobea.net\/#\/schema\/person\/image\/\",\"url\":\"https:\/\/secure.gravatar.com\/avatar\/36147980349df887ae30808df3e29474?s=96&d=mm&r=g\",\"contentUrl\":\"https:\/\/secure.gravatar.com\/avatar\/36147980349df887ae30808df3e29474?s=96&d=mm&r=g\",\"caption\":\"bobea.info\"},\"sameAs\":[\"https:\/\/bobea.net\"],\"url\":\"https:\/\/bobea.net\/index.php\/author\/bobea-info\/\"}]}<\/script>\n<!-- \/ Yoast SEO plugin. -->","yoast_head_json":{"title":"Calvitie F\u00e9minine : Le Dr Martino brise le Tabou et livre ses Signes d'Alerte - Bobea","robots":{"index":"index","follow":"follow","max-snippet":"max-snippet:-1","max-image-preview":"max-image-preview:large","max-video-preview":"max-video-preview:-1"},"canonical":"https:\/\/bobea.net\/index.php\/2026\/01\/26\/calvitie-feminine-le-dr-martino-brise-le-tabou-et-livre-ses-signes-dalerte\/","og_locale":"fr_FR","og_type":"article","og_title":"Calvitie F\u00e9minine : Le Dr Martino brise le Tabou et livre ses Signes d'Alerte - Bobea","og_description":"Longtemps rest\u00e9e dans l\u2019om\u00adbre des com\u00adplex\u00ades mas\u00adculins, la calvi\u00adtie chez les femmes \u2014 ou alop\u00e9\u00adcie \u2014 est aujour\u00add\u2019hui une pr\u00e9oc\u00adcu\u00adpa\u00adtion majeure de san\u00adt\u00e9 publique et d\u2019esth\u00e9\u00adtique. Le Dr Mar\u00adti\u00adno, sp\u00e9\u00adcial\u00adiste&hellip;","og_url":"https:\/\/bobea.net\/index.php\/2026\/01\/26\/calvitie-feminine-le-dr-martino-brise-le-tabou-et-livre-ses-signes-dalerte\/","og_site_name":"Bobea","article_publisher":"https:\/\/web.facebook.com\/profile.php?id=61559252188416","article_published_time":"2026-01-26T12:47:40+00:00","article_modified_time":"2026-01-26T12:47:41+00:00","og_image":[{"width":600,"height":450,"url":"https:\/\/bobea.net\/wp-content\/uploads\/2026\/01\/1.2.1.2-alopecie-androgenetique-femmes-cmcc.png","type":"image\/png"}],"author":"bobea.info","twitter_card":"summary_large_image","twitter_misc":{"\u00c9crit par":"bobea.info","Dur\u00e9e de lecture estim\u00e9e":"2 minutes"},"schema":{"@context":"https:\/\/schema.org","@graph":[{"@type":"Article","@id":"https:\/\/bobea.net\/index.php\/2026\/01\/26\/calvitie-feminine-le-dr-martino-brise-le-tabou-et-livre-ses-signes-dalerte\/#article","isPartOf":{"@id":"https:\/\/bobea.net\/index.php\/2026\/01\/26\/calvitie-feminine-le-dr-martino-brise-le-tabou-et-livre-ses-signes-dalerte\/"},"author":{"name":"bobea.info","@id":"https:\/\/bobea.net\/#\/schema\/person\/e7f45ef187918d7c956bf619dce90ccf"},"headline":"Calvitie F\u00e9minine : Le Dr Martino brise le Tabou et livre ses Signes d\u2019Alerte","datePublished":"2026-01-26T12:47:40+00:00","dateModified":"2026-01-26T12:47:41+00:00","mainEntityOfPage":{"@id":"https:\/\/bobea.net\/index.php\/2026\/01\/26\/calvitie-feminine-le-dr-martino-brise-le-tabou-et-livre-ses-signes-dalerte\/"},"wordCount":310,"commentCount":0,"publisher":{"@id":"https:\/\/bobea.net\/#organization"},"image":{"@id":"https:\/\/bobea.net\/index.php\/2026\/01\/26\/calvitie-feminine-le-dr-martino-brise-le-tabou-et-livre-ses-signes-dalerte\/#primaryimage"},"thumbnailUrl":"https:\/\/bobea.net\/wp-content\/uploads\/2026\/01\/1.2.1.2-alopecie-androgenetique-femmes-cmcc.png","keywords":["alop\u00e9cie f\u00e9minine","bien-\u00eatre f\u00e9minin.","calvitie femme","Dr Martino","sant\u00e9 capillaire","traitement chute cheveux"],"articleSection":["Soins"],"inLanguage":"fr-FR","potentialAction":[{"@type":"CommentAction","name":"Comment","target":["https:\/\/bobea.net\/index.php\/2026\/01\/26\/calvitie-feminine-le-dr-martino-brise-le-tabou-et-livre-ses-signes-dalerte\/#respond"]}]},{"@type":"WebPage","@id":"https:\/\/bobea.net\/index.php\/2026\/01\/26\/calvitie-feminine-le-dr-martino-brise-le-tabou-et-livre-ses-signes-dalerte\/","url":"https:\/\/bobea.net\/index.php\/2026\/01\/26\/calvitie-feminine-le-dr-martino-brise-le-tabou-et-livre-ses-signes-dalerte\/","name":"Calvitie F\u00e9minine : Le Dr Martino brise le Tabou et livre ses Signes d'Alerte - Bobea","isPartOf":{"@id":"https:\/\/bobea.net\/#website"},"primaryImageOfPage":{"@id":"https:\/\/bobea.net\/index.php\/2026\/01\/26\/calvitie-feminine-le-dr-martino-brise-le-tabou-et-livre-ses-signes-dalerte\/#primaryimage"},"image":{"@id":"https:\/\/bobea.net\/index.php\/2026\/01\/26\/calvitie-feminine-le-dr-martino-brise-le-tabou-et-livre-ses-signes-dalerte\/#primaryimage"},"thumbnailUrl":"https:\/\/bobea.net\/wp-content\/uploads\/2026\/01\/1.2.1.2-alopecie-androgenetique-femmes-cmcc.png","datePublished":"2026-01-26T12:47:40+00:00","dateModified":"2026-01-26T12:47:41+00:00","breadcrumb":{"@id":"https:\/\/bobea.net\/index.php\/2026\/01\/26\/calvitie-feminine-le-dr-martino-brise-le-tabou-et-livre-ses-signes-dalerte\/#breadcrumb"},"inLanguage":"fr-FR","potentialAction":[{"@type":"ReadAction","target":["https:\/\/bobea.net\/index.php\/2026\/01\/26\/calvitie-feminine-le-dr-martino-brise-le-tabou-et-livre-ses-signes-dalerte\/"]}]},{"@type":"ImageObject","inLanguage":"fr-FR","@id":"https:\/\/bobea.net\/index.php\/2026\/01\/26\/calvitie-feminine-le-dr-martino-brise-le-tabou-et-livre-ses-signes-dalerte\/#primaryimage","url":"https:\/\/bobea.net\/wp-content\/uploads\/2026\/01\/1.2.1.2-alopecie-androgenetique-femmes-cmcc.png","contentUrl":"https:\/\/bobea.net\/wp-content\/uploads\/2026\/01\/1.2.1.2-alopecie-androgenetique-femmes-cmcc.png","width":600,"height":450},{"@type":"BreadcrumbList","@id":"https:\/\/bobea.net\/index.php\/2026\/01\/26\/calvitie-feminine-le-dr-martino-brise-le-tabou-et-livre-ses-signes-dalerte\/#breadcrumb","itemListElement":[{"@type":"ListItem","position":1,"name":"Accueil","item":"https:\/\/bobea.net\/"},{"@type":"ListItem","position":2,"name":"Calvitie F\u00e9minine : Le Dr Martino brise le Tabou et livre ses Signes d&rsquo;Alerte"}]},{"@type":"WebSite","@id":"https:\/\/bobea.net\/#website","url":"https:\/\/bobea.net\/","name":"Bobea","description":"Le magazine de la nouvelle \u00c8ve","publisher":{"@id":"https:\/\/bobea.net\/#organization"},"potentialAction":[{"@type":"SearchAction","target":{"@type":"EntryPoint","urlTemplate":"https:\/\/bobea.net\/?s={search_term_string}"},"query-input":{"@type":"PropertyValueSpecification","valueRequired":true,"valueName":"search_term_string"}}],"inLanguage":"fr-FR"},{"@type":"Organization","@id":"https:\/\/bobea.net\/#organization","name":"Bobea","url":"https:\/\/bobea.net\/","logo":{"@type":"ImageObject","inLanguage":"fr-FR","@id":"https:\/\/bobea.net\/#\/schema\/logo\/image\/","url":"https:\/\/bobea.net\/wp-content\/uploads\/2024\/06\/bobea.jpg","contentUrl":"https:\/\/bobea.net\/wp-content\/uploads\/2024\/06\/bobea.jpg","width":1080,"height":1080,"caption":"Bobea"},"image":{"@id":"https:\/\/bobea.net\/#\/schema\/logo\/image\/"},"sameAs":["https:\/\/web.facebook.com\/profile.php?id=61559252188416"]},{"@type":"Person","@id":"https:\/\/bobea.net\/#\/schema\/person\/e7f45ef187918d7c956bf619dce90ccf","name":"bobea.info","image":{"@type":"ImageObject","inLanguage":"fr-FR","@id":"https:\/\/bobea.net\/#\/schema\/person\/image\/","url":"https:\/\/secure.gravatar.com\/avatar\/36147980349df887ae30808df3e29474?s=96&d=mm&r=g","contentUrl":"https:\/\/secure.gravatar.com\/avatar\/36147980349df887ae30808df3e29474?s=96&d=mm&r=g","caption":"bobea.info"},"sameAs":["https:\/\/bobea.net"],"url":"https:\/\/bobea.net\/index.php\/author\/bobea-info\/"}]}},"_links":{"self":[{"href":"https:\/\/bobea.net\/index.php\/wp-json\/wp\/v2\/posts\/29715"}],"collection":[{"href":"https:\/\/bobea.net\/index.php\/wp-json\/wp\/v2\/posts"}],"about":[{"href":"https:\/\/bobea.net\/index.php\/wp-json\/wp\/v2\/types\/post"}],"author":[{"embeddable":true,"href":"https:\/\/bobea.net\/index.php\/wp-json\/wp\/v2\/users\/1"}],"replies":[{"embeddable":true,"href":"https:\/\/bobea.net\/index.php\/wp-json\/wp\/v2\/comments?post=29715"}],"version-history":[{"count":1,"href":"https:\/\/bobea.net\/index.php\/wp-json\/wp\/v2\/posts\/29715\/revisions"}],"predecessor-version":[{"id":29718,"href":"https:\/\/bobea.net\/index.php\/wp-json\/wp\/v2\/posts\/29715\/revisions\/29718"}],"wp:featuredmedia":[{"embeddable":true,"href":"https:\/\/bobea.net\/index.php\/wp-json\/wp\/v2\/media\/29716"}],"wp:attachment":[{"href":"https:\/\/bobea.net\/index.php\/wp-json\/wp\/v2\/media?parent=29715"}],"wp:term":[{"taxonomy":"category","embeddable":true,"href":"https:\/\/bobea.net\/index.php\/wp-json\/wp\/v2\/categories?post=29715"},{"taxonomy":"post_tag","embeddable":true,"href":"https:\/\/bobea.net\/index.php\/wp-json\/wp\/v2\/tags?post=29715"}],"curies":[{"name":"wp","href":"https:\/\/api.w.org\/{rel}","templated":true}]}}