{"id":29709,"date":"2026-01-26T10:24:59","date_gmt":"2026-01-26T10:24:59","guid":{"rendered":"https:\/\/bobea.net\/?p=29709"},"modified":"2026-01-26T12:43:10","modified_gmt":"2026-01-26T12:43:10","slug":"la-phobie-administrative-en-2026-pourquoi-la-france-craque-face-au-tout-numerique","status":"publish","type":"post","link":"https:\/\/bobea.net\/index.php\/2026\/01\/26\/la-phobie-administrative-en-2026-pourquoi-la-france-craque-face-au-tout-numerique\/","title":{"rendered":"La Phobie Administrative en 2026 : Pourquoi la France craque face au \u201cTout Num\u00e9rique\u201d"},"content":{"rendered":"\n<p>En ce 26 jan\u00advi\u00ader 2026, la France affiche un vis\u00adage para\u00addox\u00adal : celui d\u2019une nation \u00e0 la pointe de la tech\u00adnolo\u00adgie, mais dont une par\u00adtie crois\u00adsante de la pop\u00adu\u00adla\u00adtion souf\u00adfre d\u2019un mal invis\u00adi\u00adble mais d\u00e9vas\u00adta\u00adteur : la pho\u00adbie admin\u00adis\u00adtra\u00adtive. Ce n\u2019est plus seule\u00adment une affaire de pro\u00adcras\u00adti\u00adna\u00adtion, c\u2019est une v\u00e9ri\u00adta\u00adble patholo\u00adgie sociale n\u00e9e de la d\u00e9mat\u00e9ri\u00adal\u00adi\u00adsa\u00adtion totale des ser\u00advices publics. Pour BOBEA, deux g\u00e9n\u00e9ra\u00adtions t\u00e9moignent de ce mur invis\u00adi\u00adble qui se dresse entre le citoyen et ses droits.<\/p>\n\n\n\n<p><strong>Le Cri du C\u0153ur d\u2019Eve\u00adlyne Mas\u00adson : L\u2019Ex\u00adil \u00e0 72 ans<\/strong><\/p>\n\n\n\n<p>Pour <strong>Eve\u00adlyne Mas\u00adson<\/strong>, retrait\u00e9e active de 72 ans, le monde s\u2019est refer\u00adm\u00e9 le jour o\u00f9 son cen\u00adtre des imp\u00f4ts a sup\u00adprim\u00e9 son accueil physique. \u00ab Avant, j\u2019avais un vis\u00adage en face de moi. Aujour\u00add\u2019hui, je n\u2019ai que des codes d\u2019ac\u00adc\u00e8s, des QR codes et des inter\u00adfaces qui changent tous les six mois \u00bb, explique-t-elle avec \u00e9mo\u00adtion. Pour elle, la \u201csim\u00adpli\u00adfi\u00adca\u00adtion\u201d promise est dev\u00adenue un labyrinthe d\u2019an\u00adgoisse. Elle t\u00e9moigne de cette sen\u00adsa\u00adtion d\u2019ef\u00adface\u00adment : ne plus savoir rem\u00adplir un for\u00admu\u00adlaire en ligne, c\u2019est, en 2026, per\u00addre une part de sa citoyen\u00adnet\u00e9. Son t\u00e9moignage souligne l\u2019ur\u00adgence d\u2019un retour \u00e0 la m\u00e9di\u00ada\u00adtion humaine pour \u00e9viter une frac\u00adture g\u00e9n\u00e9ra\u00adtionnelle irr\u00e9\u00adpara\u00adble.<\/p>\n\n\n\n<figure class=\"wp-block-image size-full\"><img loading=\"lazy\" decoding=\"async\" width=\"864\" height=\"486\" src=\"https:\/\/bobea.net\/wp-content\/uploads\/2026\/01\/image-162.png\" alt class=\"wp-image-29713\" srcset=\"https:\/\/bobea.net\/wp-content\/uploads\/2026\/01\/image-162.png 864w, https:\/\/bobea.net\/wp-content\/uploads\/2026\/01\/image-162-300x169.png 300w, https:\/\/bobea.net\/wp-content\/uploads\/2026\/01\/image-162-768x432.png 768w\" sizes=\"(max-width: 864px) 100vw, 864px\"><\/figure>\n\n\n\n<p><strong>Alex Mor\u00advan, 24 ans : Le Burn-out du \u201cDig\u00adi\u00adtal Native\u201d<\/strong><\/p>\n\n\n\n<p>On pour\u00adrait croire que la jeunesse est \u00e9pargn\u00e9e. Erreur. <strong>Alex Mor\u00advan<\/strong>, jeune entre\u00adpre\u00adneur, fr\u00f4le l\u2019\u00e9puise\u00adment. \u00ab On nous demande d\u2019\u00eatre nos pro\u00adpres secr\u00e9\u00adtaires d\u2019\u00c9\u00adtat. Chaque aide, chaque d\u00e9c\u00adla\u00adra\u00adtion, chaque compte n\u00e9ces\u00adsite une atten\u00adtion con\u00adstante. On vit dans une ville de paperasse num\u00e9rique o\u00f9 la moin\u00addre erreur de clic peut blo\u00adquer votre vie pen\u00addant des mois. \u00bb Pour Alex, le trop-plein d\u2019in\u00adfor\u00adma\u00adtions et la mul\u00adti\u00adpli\u00adca\u00adtion des plate\u00adformes cr\u00e9ent une charge men\u00adtale insup\u00adport\u00adable. Ce dossier met en lumi\u00e8re que la pho\u00adbie admin\u00adis\u00adtra\u00adtive ne choisit pas son \u00e2ge : elle est le pro\u00adduit d\u2019un sys\u00adt\u00e8me qui a oubli\u00e9 la sim\u00adplic\u00adit\u00e9 au prof\u00adit de l\u2019al\u00adgo\u00adrithme. BOBEA appelle \u00e0 une r\u00e9hu\u00adman\u00adi\u00adsa\u00adtion urgente de nos insti\u00adtu\u00adtions.<\/p>\n","protected":false},"excerpt":{"rendered":"<p>En ce 26 jan\u00advi\u00ader 2026, la France affiche un vis\u00adage para\u00addox\u00adal : celui d\u2019une nation \u00e0 la pointe de la tech\u00adnolo\u00adgie, mais dont une par\u00adtie crois\u00adsante de la pop\u00adu\u00adla\u00adtion souf\u00adfre\u2026 <\/p>\n","protected":false},"author":1,"featured_media":29710,"comment_status":"open","ping_status":"closed","sticky":false,"template":"","format":"standard","meta":{"wp_typography_post_enhancements_disabled":false,"footnotes":""},"categories":[73],"tags":[22011,22010,22008,22007,22006,22009,22012],"class_list":["post-29709","post","type-post","status-publish","format-standard","has-post-thumbnail","hentry","category-on-en-parle","tag-alex-morvan","tag-bureaucratie-francaise","tag-dematerialisation","tag-evelyne-masson","tag-exclusion-numerique","tag-phobie-administrative","tag-stress-societal"],"yoast_head":"<!-- This site is optimized with the Yoast SEO plugin v24.7 - https:\/\/yoast.com\/wordpress\/plugins\/seo\/ -->\n<title>La Phobie Administrative en 2026 : Pourquoi la France craque face au &quot;Tout Num\u00e9rique&quot; - Bobea<\/title>\n<meta name=\"robots\" content=\"index, follow, max-snippet:-1, max-image-preview:large, max-video-preview:-1\" \/>\n<link rel=\"canonical\" href=\"https:\/\/bobea.net\/index.php\/2026\/01\/26\/la-phobie-administrative-en-2026-pourquoi-la-france-craque-face-au-tout-numerique\/\" \/>\n<meta property=\"og:locale\" content=\"fr_FR\" \/>\n<meta property=\"og:type\" content=\"article\" \/>\n<meta property=\"og:title\" content=\"La Phobie Administrative en 2026 : Pourquoi la France craque face au &quot;Tout Num\u00e9rique&quot; - Bobea\" \/>\n<meta property=\"og:description\" content=\"En ce 26 jan\u00advi\u00ader 2026, la France affiche un vis\u00adage para\u00addox\u00adal : celui d\u2019une nation \u00e0 la pointe de la tech\u00adnolo\u00adgie, mais dont une par\u00adtie crois\u00adsante de la pop\u00adu\u00adla\u00adtion souf\u00adfre&hellip;\" \/>\n<meta property=\"og:url\" content=\"https:\/\/bobea.net\/index.php\/2026\/01\/26\/la-phobie-administrative-en-2026-pourquoi-la-france-craque-face-au-tout-numerique\/\" \/>\n<meta property=\"og:site_name\" content=\"Bobea\" \/>\n<meta property=\"article:publisher\" content=\"https:\/\/web.facebook.com\/profile.php?id=61559252188416\" \/>\n<meta property=\"article:published_time\" content=\"2026-01-26T10:24:59+00:00\" \/>\n<meta property=\"article:modified_time\" content=\"2026-01-26T12:43:10+00:00\" \/>\n<meta property=\"og:image\" content=\"https:\/\/bobea.net\/wp-content\/uploads\/2026\/01\/scrolling_on_phone.jpg\" \/>\n\t<meta property=\"og:image:width\" content=\"800\" \/>\n\t<meta property=\"og:image:height\" content=\"450\" \/>\n\t<meta property=\"og:image:type\" content=\"image\/jpeg\" \/>\n<meta name=\"author\" content=\"bobea.info\" \/>\n<meta name=\"twitter:card\" content=\"summary_large_image\" \/>\n<meta name=\"twitter:label1\" content=\"\u00c9crit par\" \/>\n\t<meta name=\"twitter:data1\" content=\"bobea.info\" \/>\n\t<meta name=\"twitter:label2\" content=\"Dur\u00e9e de lecture estim\u00e9e\" \/>\n\t<meta name=\"twitter:data2\" content=\"2 minutes\" \/>\n<script type=\"application\/ld+json\" class=\"yoast-schema-graph\">{\"@context\":\"https:\/\/schema.org\",\"@graph\":[{\"@type\":\"Article\",\"@id\":\"https:\/\/bobea.net\/index.php\/2026\/01\/26\/la-phobie-administrative-en-2026-pourquoi-la-france-craque-face-au-tout-numerique\/#article\",\"isPartOf\":{\"@id\":\"https:\/\/bobea.net\/index.php\/2026\/01\/26\/la-phobie-administrative-en-2026-pourquoi-la-france-craque-face-au-tout-numerique\/\"},\"author\":{\"name\":\"bobea.info\",\"@id\":\"https:\/\/bobea.net\/#\/schema\/person\/e7f45ef187918d7c956bf619dce90ccf\"},\"headline\":\"La Phobie Administrative en 2026 : Pourquoi la France craque face au \u201cTout Num\u00e9rique\u201d\",\"datePublished\":\"2026-01-26T10:24:59+00:00\",\"dateModified\":\"2026-01-26T12:43:10+00:00\",\"mainEntityOfPage\":{\"@id\":\"https:\/\/bobea.net\/index.php\/2026\/01\/26\/la-phobie-administrative-en-2026-pourquoi-la-france-craque-face-au-tout-numerique\/\"},\"wordCount\":358,\"commentCount\":0,\"publisher\":{\"@id\":\"https:\/\/bobea.net\/#organization\"},\"image\":{\"@id\":\"https:\/\/bobea.net\/index.php\/2026\/01\/26\/la-phobie-administrative-en-2026-pourquoi-la-france-craque-face-au-tout-numerique\/#primaryimage\"},\"thumbnailUrl\":\"https:\/\/bobea.net\/wp-content\/uploads\/2026\/01\/scrolling_on_phone.jpg\",\"keywords\":[\"Alex Morvan\",\"bureaucratie fran\u00e7aise\",\"d\u00e9mat\u00e9rialisation\",\"Evelyne Masson\",\"exclusion num\u00e9rique\",\"Phobie administrative\",\"stress soci\u00e9tal\"],\"articleSection\":[\"On en Parle\"],\"inLanguage\":\"fr-FR\",\"potentialAction\":[{\"@type\":\"CommentAction\",\"name\":\"Comment\",\"target\":[\"https:\/\/bobea.net\/index.php\/2026\/01\/26\/la-phobie-administrative-en-2026-pourquoi-la-france-craque-face-au-tout-numerique\/#respond\"]}]},{\"@type\":\"WebPage\",\"@id\":\"https:\/\/bobea.net\/index.php\/2026\/01\/26\/la-phobie-administrative-en-2026-pourquoi-la-france-craque-face-au-tout-numerique\/\",\"url\":\"https:\/\/bobea.net\/index.php\/2026\/01\/26\/la-phobie-administrative-en-2026-pourquoi-la-france-craque-face-au-tout-numerique\/\",\"name\":\"La Phobie Administrative en 2026 : Pourquoi la France craque face au \\\"Tout Num\u00e9rique\\\" - Bobea\",\"isPartOf\":{\"@id\":\"https:\/\/bobea.net\/#website\"},\"primaryImageOfPage\":{\"@id\":\"https:\/\/bobea.net\/index.php\/2026\/01\/26\/la-phobie-administrative-en-2026-pourquoi-la-france-craque-face-au-tout-numerique\/#primaryimage\"},\"image\":{\"@id\":\"https:\/\/bobea.net\/index.php\/2026\/01\/26\/la-phobie-administrative-en-2026-pourquoi-la-france-craque-face-au-tout-numerique\/#primaryimage\"},\"thumbnailUrl\":\"https:\/\/bobea.net\/wp-content\/uploads\/2026\/01\/scrolling_on_phone.jpg\",\"datePublished\":\"2026-01-26T10:24:59+00:00\",\"dateModified\":\"2026-01-26T12:43:10+00:00\",\"breadcrumb\":{\"@id\":\"https:\/\/bobea.net\/index.php\/2026\/01\/26\/la-phobie-administrative-en-2026-pourquoi-la-france-craque-face-au-tout-numerique\/#breadcrumb\"},\"inLanguage\":\"fr-FR\",\"potentialAction\":[{\"@type\":\"ReadAction\",\"target\":[\"https:\/\/bobea.net\/index.php\/2026\/01\/26\/la-phobie-administrative-en-2026-pourquoi-la-france-craque-face-au-tout-numerique\/\"]}]},{\"@type\":\"ImageObject\",\"inLanguage\":\"fr-FR\",\"@id\":\"https:\/\/bobea.net\/index.php\/2026\/01\/26\/la-phobie-administrative-en-2026-pourquoi-la-france-craque-face-au-tout-numerique\/#primaryimage\",\"url\":\"https:\/\/bobea.net\/wp-content\/uploads\/2026\/01\/scrolling_on_phone.jpg\",\"contentUrl\":\"https:\/\/bobea.net\/wp-content\/uploads\/2026\/01\/scrolling_on_phone.jpg\",\"width\":800,\"height\":450},{\"@type\":\"BreadcrumbList\",\"@id\":\"https:\/\/bobea.net\/index.php\/2026\/01\/26\/la-phobie-administrative-en-2026-pourquoi-la-france-craque-face-au-tout-numerique\/#breadcrumb\",\"itemListElement\":[{\"@type\":\"ListItem\",\"position\":1,\"name\":\"Accueil\",\"item\":\"https:\/\/bobea.net\/\"},{\"@type\":\"ListItem\",\"position\":2,\"name\":\"La Phobie Administrative en 2026 : Pourquoi la France craque face au \u00ab\u00a0Tout Num\u00e9rique\u00a0\u00bb\"}]},{\"@type\":\"WebSite\",\"@id\":\"https:\/\/bobea.net\/#website\",\"url\":\"https:\/\/bobea.net\/\",\"name\":\"Bobea\",\"description\":\"Le magazine de la nouvelle \u00c8ve\",\"publisher\":{\"@id\":\"https:\/\/bobea.net\/#organization\"},\"potentialAction\":[{\"@type\":\"SearchAction\",\"target\":{\"@type\":\"EntryPoint\",\"urlTemplate\":\"https:\/\/bobea.net\/?s={search_term_string}\"},\"query-input\":{\"@type\":\"PropertyValueSpecification\",\"valueRequired\":true,\"valueName\":\"search_term_string\"}}],\"inLanguage\":\"fr-FR\"},{\"@type\":\"Organization\",\"@id\":\"https:\/\/bobea.net\/#organization\",\"name\":\"Bobea\",\"url\":\"https:\/\/bobea.net\/\",\"logo\":{\"@type\":\"ImageObject\",\"inLanguage\":\"fr-FR\",\"@id\":\"https:\/\/bobea.net\/#\/schema\/logo\/image\/\",\"url\":\"https:\/\/bobea.net\/wp-content\/uploads\/2024\/06\/bobea.jpg\",\"contentUrl\":\"https:\/\/bobea.net\/wp-content\/uploads\/2024\/06\/bobea.jpg\",\"width\":1080,\"height\":1080,\"caption\":\"Bobea\"},\"image\":{\"@id\":\"https:\/\/bobea.net\/#\/schema\/logo\/image\/\"},\"sameAs\":[\"https:\/\/web.facebook.com\/profile.php?id=61559252188416\"]},{\"@type\":\"Person\",\"@id\":\"https:\/\/bobea.net\/#\/schema\/person\/e7f45ef187918d7c956bf619dce90ccf\",\"name\":\"bobea.info\",\"image\":{\"@type\":\"ImageObject\",\"inLanguage\":\"fr-FR\",\"@id\":\"https:\/\/bobea.net\/#\/schema\/person\/image\/\",\"url\":\"https:\/\/secure.gravatar.com\/avatar\/36147980349df887ae30808df3e29474?s=96&d=mm&r=g\",\"contentUrl\":\"https:\/\/secure.gravatar.com\/avatar\/36147980349df887ae30808df3e29474?s=96&d=mm&r=g\",\"caption\":\"bobea.info\"},\"sameAs\":[\"https:\/\/bobea.net\"],\"url\":\"https:\/\/bobea.net\/index.php\/author\/bobea-info\/\"}]}<\/script>\n<!-- \/ Yoast SEO plugin. -->","yoast_head_json":{"title":"La Phobie Administrative en 2026 : Pourquoi la France craque face au \"Tout Num\u00e9rique\" - Bobea","robots":{"index":"index","follow":"follow","max-snippet":"max-snippet:-1","max-image-preview":"max-image-preview:large","max-video-preview":"max-video-preview:-1"},"canonical":"https:\/\/bobea.net\/index.php\/2026\/01\/26\/la-phobie-administrative-en-2026-pourquoi-la-france-craque-face-au-tout-numerique\/","og_locale":"fr_FR","og_type":"article","og_title":"La Phobie Administrative en 2026 : Pourquoi la France craque face au \"Tout Num\u00e9rique\" - Bobea","og_description":"En ce 26 jan\u00advi\u00ader 2026, la France affiche un vis\u00adage para\u00addox\u00adal : celui d\u2019une nation \u00e0 la pointe de la tech\u00adnolo\u00adgie, mais dont une par\u00adtie crois\u00adsante de la pop\u00adu\u00adla\u00adtion souf\u00adfre&hellip;","og_url":"https:\/\/bobea.net\/index.php\/2026\/01\/26\/la-phobie-administrative-en-2026-pourquoi-la-france-craque-face-au-tout-numerique\/","og_site_name":"Bobea","article_publisher":"https:\/\/web.facebook.com\/profile.php?id=61559252188416","article_published_time":"2026-01-26T10:24:59+00:00","article_modified_time":"2026-01-26T12:43:10+00:00","og_image":[{"width":800,"height":450,"url":"https:\/\/bobea.net\/wp-content\/uploads\/2026\/01\/scrolling_on_phone.jpg","type":"image\/jpeg"}],"author":"bobea.info","twitter_card":"summary_large_image","twitter_misc":{"\u00c9crit par":"bobea.info","Dur\u00e9e de lecture estim\u00e9e":"2 minutes"},"schema":{"@context":"https:\/\/schema.org","@graph":[{"@type":"Article","@id":"https:\/\/bobea.net\/index.php\/2026\/01\/26\/la-phobie-administrative-en-2026-pourquoi-la-france-craque-face-au-tout-numerique\/#article","isPartOf":{"@id":"https:\/\/bobea.net\/index.php\/2026\/01\/26\/la-phobie-administrative-en-2026-pourquoi-la-france-craque-face-au-tout-numerique\/"},"author":{"name":"bobea.info","@id":"https:\/\/bobea.net\/#\/schema\/person\/e7f45ef187918d7c956bf619dce90ccf"},"headline":"La Phobie Administrative en 2026 : Pourquoi la France craque face au \u201cTout Num\u00e9rique\u201d","datePublished":"2026-01-26T10:24:59+00:00","dateModified":"2026-01-26T12:43:10+00:00","mainEntityOfPage":{"@id":"https:\/\/bobea.net\/index.php\/2026\/01\/26\/la-phobie-administrative-en-2026-pourquoi-la-france-craque-face-au-tout-numerique\/"},"wordCount":358,"commentCount":0,"publisher":{"@id":"https:\/\/bobea.net\/#organization"},"image":{"@id":"https:\/\/bobea.net\/index.php\/2026\/01\/26\/la-phobie-administrative-en-2026-pourquoi-la-france-craque-face-au-tout-numerique\/#primaryimage"},"thumbnailUrl":"https:\/\/bobea.net\/wp-content\/uploads\/2026\/01\/scrolling_on_phone.jpg","keywords":["Alex Morvan","bureaucratie fran\u00e7aise","d\u00e9mat\u00e9rialisation","Evelyne Masson","exclusion num\u00e9rique","Phobie administrative","stress soci\u00e9tal"],"articleSection":["On en Parle"],"inLanguage":"fr-FR","potentialAction":[{"@type":"CommentAction","name":"Comment","target":["https:\/\/bobea.net\/index.php\/2026\/01\/26\/la-phobie-administrative-en-2026-pourquoi-la-france-craque-face-au-tout-numerique\/#respond"]}]},{"@type":"WebPage","@id":"https:\/\/bobea.net\/index.php\/2026\/01\/26\/la-phobie-administrative-en-2026-pourquoi-la-france-craque-face-au-tout-numerique\/","url":"https:\/\/bobea.net\/index.php\/2026\/01\/26\/la-phobie-administrative-en-2026-pourquoi-la-france-craque-face-au-tout-numerique\/","name":"La Phobie Administrative en 2026 : Pourquoi la France craque face au \"Tout Num\u00e9rique\" - Bobea","isPartOf":{"@id":"https:\/\/bobea.net\/#website"},"primaryImageOfPage":{"@id":"https:\/\/bobea.net\/index.php\/2026\/01\/26\/la-phobie-administrative-en-2026-pourquoi-la-france-craque-face-au-tout-numerique\/#primaryimage"},"image":{"@id":"https:\/\/bobea.net\/index.php\/2026\/01\/26\/la-phobie-administrative-en-2026-pourquoi-la-france-craque-face-au-tout-numerique\/#primaryimage"},"thumbnailUrl":"https:\/\/bobea.net\/wp-content\/uploads\/2026\/01\/scrolling_on_phone.jpg","datePublished":"2026-01-26T10:24:59+00:00","dateModified":"2026-01-26T12:43:10+00:00","breadcrumb":{"@id":"https:\/\/bobea.net\/index.php\/2026\/01\/26\/la-phobie-administrative-en-2026-pourquoi-la-france-craque-face-au-tout-numerique\/#breadcrumb"},"inLanguage":"fr-FR","potentialAction":[{"@type":"ReadAction","target":["https:\/\/bobea.net\/index.php\/2026\/01\/26\/la-phobie-administrative-en-2026-pourquoi-la-france-craque-face-au-tout-numerique\/"]}]},{"@type":"ImageObject","inLanguage":"fr-FR","@id":"https:\/\/bobea.net\/index.php\/2026\/01\/26\/la-phobie-administrative-en-2026-pourquoi-la-france-craque-face-au-tout-numerique\/#primaryimage","url":"https:\/\/bobea.net\/wp-content\/uploads\/2026\/01\/scrolling_on_phone.jpg","contentUrl":"https:\/\/bobea.net\/wp-content\/uploads\/2026\/01\/scrolling_on_phone.jpg","width":800,"height":450},{"@type":"BreadcrumbList","@id":"https:\/\/bobea.net\/index.php\/2026\/01\/26\/la-phobie-administrative-en-2026-pourquoi-la-france-craque-face-au-tout-numerique\/#breadcrumb","itemListElement":[{"@type":"ListItem","position":1,"name":"Accueil","item":"https:\/\/bobea.net\/"},{"@type":"ListItem","position":2,"name":"La Phobie Administrative en 2026 : Pourquoi la France craque face au \u00ab\u00a0Tout Num\u00e9rique\u00a0\u00bb"}]},{"@type":"WebSite","@id":"https:\/\/bobea.net\/#website","url":"https:\/\/bobea.net\/","name":"Bobea","description":"Le magazine de la nouvelle \u00c8ve","publisher":{"@id":"https:\/\/bobea.net\/#organization"},"potentialAction":[{"@type":"SearchAction","target":{"@type":"EntryPoint","urlTemplate":"https:\/\/bobea.net\/?s={search_term_string}"},"query-input":{"@type":"PropertyValueSpecification","valueRequired":true,"valueName":"search_term_string"}}],"inLanguage":"fr-FR"},{"@type":"Organization","@id":"https:\/\/bobea.net\/#organization","name":"Bobea","url":"https:\/\/bobea.net\/","logo":{"@type":"ImageObject","inLanguage":"fr-FR","@id":"https:\/\/bobea.net\/#\/schema\/logo\/image\/","url":"https:\/\/bobea.net\/wp-content\/uploads\/2024\/06\/bobea.jpg","contentUrl":"https:\/\/bobea.net\/wp-content\/uploads\/2024\/06\/bobea.jpg","width":1080,"height":1080,"caption":"Bobea"},"image":{"@id":"https:\/\/bobea.net\/#\/schema\/logo\/image\/"},"sameAs":["https:\/\/web.facebook.com\/profile.php?id=61559252188416"]},{"@type":"Person","@id":"https:\/\/bobea.net\/#\/schema\/person\/e7f45ef187918d7c956bf619dce90ccf","name":"bobea.info","image":{"@type":"ImageObject","inLanguage":"fr-FR","@id":"https:\/\/bobea.net\/#\/schema\/person\/image\/","url":"https:\/\/secure.gravatar.com\/avatar\/36147980349df887ae30808df3e29474?s=96&d=mm&r=g","contentUrl":"https:\/\/secure.gravatar.com\/avatar\/36147980349df887ae30808df3e29474?s=96&d=mm&r=g","caption":"bobea.info"},"sameAs":["https:\/\/bobea.net"],"url":"https:\/\/bobea.net\/index.php\/author\/bobea-info\/"}]}},"_links":{"self":[{"href":"https:\/\/bobea.net\/index.php\/wp-json\/wp\/v2\/posts\/29709"}],"collection":[{"href":"https:\/\/bobea.net\/index.php\/wp-json\/wp\/v2\/posts"}],"about":[{"href":"https:\/\/bobea.net\/index.php\/wp-json\/wp\/v2\/types\/post"}],"author":[{"embeddable":true,"href":"https:\/\/bobea.net\/index.php\/wp-json\/wp\/v2\/users\/1"}],"replies":[{"embeddable":true,"href":"https:\/\/bobea.net\/index.php\/wp-json\/wp\/v2\/comments?post=29709"}],"version-history":[{"count":2,"href":"https:\/\/bobea.net\/index.php\/wp-json\/wp\/v2\/posts\/29709\/revisions"}],"predecessor-version":[{"id":29714,"href":"https:\/\/bobea.net\/index.php\/wp-json\/wp\/v2\/posts\/29709\/revisions\/29714"}],"wp:featuredmedia":[{"embeddable":true,"href":"https:\/\/bobea.net\/index.php\/wp-json\/wp\/v2\/media\/29710"}],"wp:attachment":[{"href":"https:\/\/bobea.net\/index.php\/wp-json\/wp\/v2\/media?parent=29709"}],"wp:term":[{"taxonomy":"category","embeddable":true,"href":"https:\/\/bobea.net\/index.php\/wp-json\/wp\/v2\/categories?post=29709"},{"taxonomy":"post_tag","embeddable":true,"href":"https:\/\/bobea.net\/index.php\/wp-json\/wp\/v2\/tags?post=29709"}],"curies":[{"name":"wp","href":"https:\/\/api.w.org\/{rel}","templated":true}]}}