{"id":29663,"date":"2026-01-25T10:52:59","date_gmt":"2026-01-25T10:52:59","guid":{"rendered":"https:\/\/bobea.net\/?p=29663"},"modified":"2026-01-25T10:53:00","modified_gmt":"2026-01-25T10:53:00","slug":"diplomatie-culturelle-les-icones-francaises-ambassadrices-dun-monde-multipolaire","status":"publish","type":"post","link":"https:\/\/bobea.net\/index.php\/2026\/01\/25\/diplomatie-culturelle-les-icones-francaises-ambassadrices-dun-monde-multipolaire\/","title":{"rendered":"Diplomatie Culturelle : Les Ic\u00f4nes Fran\u00e7aises, Ambassadrices d\u2019un Monde Multipolaire"},"content":{"rendered":"\n<p>En ce 25 jan\u00advi\u00ader 2026, la France ne se con\u00adtente plus de sa puis\u00adsance mil\u00adi\u00adtaire ou \u00e9conomique pour exis\u00adter sur la sc\u00e8ne mon\u00addi\u00adale. Elle d\u00e9ploie sa \u00ab Diplo\u00admatie du Sens \u00bb. Les actri\u00adces, les \u00e9crivaines et les cr\u00e9a\u00adtri\u00adces fran\u00e7ais\u00ades sont dev\u00adenues les fers de lance d\u2019un ray\u00adon\u00adnement qui d\u00e9passe les fron\u00adti\u00e8res tra\u00addi\u00adtion\u00adnelles. Lors du r\u00e9cent som\u00admet cul\u00adturel \u00e0 New Del\u00adhi, la pr\u00e9sence de fig\u00adures comme <strong>Isabelle Hup\u00adpert<\/strong> a pes\u00e9 autant, sinon plus, que celle des min\u00adistres du Com\u00admerce.<\/p>\n\n\n\n<p><strong>La cul\u00adture comme langue uni\u00adverselle de la r\u00e9sis\u00adtance<\/strong> <\/p>\n\n\n\n<figure class=\"wp-block-image size-full\"><img loading=\"lazy\" decoding=\"async\" width=\"960\" height=\"641\" src=\"https:\/\/bobea.net\/wp-content\/uploads\/2026\/01\/image-154.png\" alt class=\"wp-image-29665\" srcset=\"https:\/\/bobea.net\/wp-content\/uploads\/2026\/01\/image-154.png 960w, https:\/\/bobea.net\/wp-content\/uploads\/2026\/01\/image-154-300x200.png 300w, https:\/\/bobea.net\/wp-content\/uploads\/2026\/01\/image-154-768x513.png 768w\" sizes=\"(max-width: 960px) 100vw, 960px\"><\/figure>\n\n\n\n<p>Pourquoi l\u2019in\u00adflu\u00adence fran\u00e7aise car\u00adtonne-t-elle en 2026 ? Parce qu\u2019elle pro\u00adpose une alter\u00adna\u00adtive \u00e0 l\u2019h\u00e9g\u00e9\u00admonie cul\u00adturelle des plate\u00adformes am\u00e9ri\u00adcaines. Les ic\u00f4nes fran\u00e7ais\u00ades incar\u00adnent une lib\u00adert\u00e9 de ton, une pro\u00adfondeur intel\u00adlectuelle et un refus de la sim\u00adpli\u00adfi\u00adca\u00adtion qui s\u00e9duisent les nou\u00advelles \u00e9lites mon\u00addi\u00adales, notam\u00adment en Asie et en Afrique. En 2026, porter la cul\u00adture fran\u00e7aise, c\u2019est affirmer son appar\u00adte\u00adnance \u00e0 un monde com\u00adplexe et nuanc\u00e9. C\u2019est ce que nous appelons chez <strong>BOBEA<\/strong> le \u00ab Soft Pow\u00ader de la Pen\u00ads\u00e9e \u00bb.<\/p>\n","protected":false},"excerpt":{"rendered":"<p>En ce 25 jan\u00advi\u00ader 2026, la France ne se con\u00adtente plus de sa puis\u00adsance mil\u00adi\u00adtaire ou \u00e9conomique pour exis\u00adter sur la sc\u00e8ne mon\u00addi\u00adale. Elle d\u00e9ploie sa \u00ab Diplo\u00admatie du Sens\u2026 <\/p>\n","protected":false},"author":1,"featured_media":29666,"comment_status":"open","ping_status":"closed","sticky":false,"template":"","format":"standard","meta":{"wp_typography_post_enhancements_disabled":false,"footnotes":""},"categories":[73],"tags":[707,693,21959,21961,8527,19533,21960,21924],"class_list":["post-29663","post","type-post","status-publish","format-standard","has-post-thumbnail","hentry","category-on-en-parle","tag-cinema","tag-culture","tag-diplomatie-dinfluence","tag-france-inde-2026","tag-geopolitique","tag-isabelle-huppert","tag-rayonnement-francais","tag-soft-power"],"yoast_head":"<!-- This site is optimized with the Yoast SEO plugin v24.7 - https:\/\/yoast.com\/wordpress\/plugins\/seo\/ -->\n<title>Diplomatie Culturelle : Les Ic\u00f4nes Fran\u00e7aises, Ambassadrices d\u2019un Monde Multipolaire - Bobea<\/title>\n<meta name=\"robots\" content=\"index, follow, max-snippet:-1, max-image-preview:large, max-video-preview:-1\" \/>\n<link rel=\"canonical\" href=\"https:\/\/bobea.net\/index.php\/2026\/01\/25\/diplomatie-culturelle-les-icones-francaises-ambassadrices-dun-monde-multipolaire\/\" \/>\n<meta property=\"og:locale\" content=\"fr_FR\" \/>\n<meta property=\"og:type\" content=\"article\" \/>\n<meta property=\"og:title\" content=\"Diplomatie Culturelle : Les Ic\u00f4nes Fran\u00e7aises, Ambassadrices d\u2019un Monde Multipolaire - Bobea\" \/>\n<meta property=\"og:description\" content=\"En ce 25 jan\u00advi\u00ader 2026, la France ne se con\u00adtente plus de sa puis\u00adsance mil\u00adi\u00adtaire ou \u00e9conomique pour exis\u00adter sur la sc\u00e8ne mon\u00addi\u00adale. Elle d\u00e9ploie sa \u00ab Diplo\u00admatie du Sens&hellip;\" \/>\n<meta property=\"og:url\" content=\"https:\/\/bobea.net\/index.php\/2026\/01\/25\/diplomatie-culturelle-les-icones-francaises-ambassadrices-dun-monde-multipolaire\/\" \/>\n<meta property=\"og:site_name\" content=\"Bobea\" \/>\n<meta property=\"article:publisher\" content=\"https:\/\/web.facebook.com\/profile.php?id=61559252188416\" \/>\n<meta property=\"article:published_time\" content=\"2026-01-25T10:52:59+00:00\" \/>\n<meta property=\"article:modified_time\" content=\"2026-01-25T10:53:00+00:00\" \/>\n<meta property=\"og:image\" content=\"https:\/\/bobea.net\/wp-content\/uploads\/2026\/01\/image.jpeg\" \/>\n\t<meta property=\"og:image:width\" content=\"960\" \/>\n\t<meta property=\"og:image:height\" content=\"641\" \/>\n\t<meta property=\"og:image:type\" content=\"image\/jpeg\" \/>\n<meta name=\"author\" content=\"bobea.info\" \/>\n<meta name=\"twitter:card\" content=\"summary_large_image\" \/>\n<meta name=\"twitter:label1\" content=\"\u00c9crit par\" \/>\n\t<meta name=\"twitter:data1\" content=\"bobea.info\" \/>\n\t<meta name=\"twitter:label2\" content=\"Dur\u00e9e de lecture estim\u00e9e\" \/>\n\t<meta name=\"twitter:data2\" content=\"2 minutes\" \/>\n<script type=\"application\/ld+json\" class=\"yoast-schema-graph\">{\"@context\":\"https:\/\/schema.org\",\"@graph\":[{\"@type\":\"Article\",\"@id\":\"https:\/\/bobea.net\/index.php\/2026\/01\/25\/diplomatie-culturelle-les-icones-francaises-ambassadrices-dun-monde-multipolaire\/#article\",\"isPartOf\":{\"@id\":\"https:\/\/bobea.net\/index.php\/2026\/01\/25\/diplomatie-culturelle-les-icones-francaises-ambassadrices-dun-monde-multipolaire\/\"},\"author\":{\"name\":\"bobea.info\",\"@id\":\"https:\/\/bobea.net\/#\/schema\/person\/e7f45ef187918d7c956bf619dce90ccf\"},\"headline\":\"Diplomatie Culturelle : Les Ic\u00f4nes Fran\u00e7aises, Ambassadrices d\u2019un Monde Multipolaire\",\"datePublished\":\"2026-01-25T10:52:59+00:00\",\"dateModified\":\"2026-01-25T10:53:00+00:00\",\"mainEntityOfPage\":{\"@id\":\"https:\/\/bobea.net\/index.php\/2026\/01\/25\/diplomatie-culturelle-les-icones-francaises-ambassadrices-dun-monde-multipolaire\/\"},\"wordCount\":188,\"commentCount\":0,\"publisher\":{\"@id\":\"https:\/\/bobea.net\/#organization\"},\"image\":{\"@id\":\"https:\/\/bobea.net\/index.php\/2026\/01\/25\/diplomatie-culturelle-les-icones-francaises-ambassadrices-dun-monde-multipolaire\/#primaryimage\"},\"thumbnailUrl\":\"https:\/\/bobea.net\/wp-content\/uploads\/2026\/01\/image.jpeg\",\"keywords\":[\"cin\u00e9ma\",\"culture\",\"Diplomatie d'influence\",\"France-Inde 2026\",\"g\u00e9opolitique\",\"Isabelle Huppert\",\"Rayonnement fran\u00e7ais\",\"Soft Power\"],\"articleSection\":[\"On en Parle\"],\"inLanguage\":\"fr-FR\",\"potentialAction\":[{\"@type\":\"CommentAction\",\"name\":\"Comment\",\"target\":[\"https:\/\/bobea.net\/index.php\/2026\/01\/25\/diplomatie-culturelle-les-icones-francaises-ambassadrices-dun-monde-multipolaire\/#respond\"]}]},{\"@type\":\"WebPage\",\"@id\":\"https:\/\/bobea.net\/index.php\/2026\/01\/25\/diplomatie-culturelle-les-icones-francaises-ambassadrices-dun-monde-multipolaire\/\",\"url\":\"https:\/\/bobea.net\/index.php\/2026\/01\/25\/diplomatie-culturelle-les-icones-francaises-ambassadrices-dun-monde-multipolaire\/\",\"name\":\"Diplomatie Culturelle : Les Ic\u00f4nes Fran\u00e7aises, Ambassadrices d\u2019un Monde Multipolaire - Bobea\",\"isPartOf\":{\"@id\":\"https:\/\/bobea.net\/#website\"},\"primaryImageOfPage\":{\"@id\":\"https:\/\/bobea.net\/index.php\/2026\/01\/25\/diplomatie-culturelle-les-icones-francaises-ambassadrices-dun-monde-multipolaire\/#primaryimage\"},\"image\":{\"@id\":\"https:\/\/bobea.net\/index.php\/2026\/01\/25\/diplomatie-culturelle-les-icones-francaises-ambassadrices-dun-monde-multipolaire\/#primaryimage\"},\"thumbnailUrl\":\"https:\/\/bobea.net\/wp-content\/uploads\/2026\/01\/image.jpeg\",\"datePublished\":\"2026-01-25T10:52:59+00:00\",\"dateModified\":\"2026-01-25T10:53:00+00:00\",\"breadcrumb\":{\"@id\":\"https:\/\/bobea.net\/index.php\/2026\/01\/25\/diplomatie-culturelle-les-icones-francaises-ambassadrices-dun-monde-multipolaire\/#breadcrumb\"},\"inLanguage\":\"fr-FR\",\"potentialAction\":[{\"@type\":\"ReadAction\",\"target\":[\"https:\/\/bobea.net\/index.php\/2026\/01\/25\/diplomatie-culturelle-les-icones-francaises-ambassadrices-dun-monde-multipolaire\/\"]}]},{\"@type\":\"ImageObject\",\"inLanguage\":\"fr-FR\",\"@id\":\"https:\/\/bobea.net\/index.php\/2026\/01\/25\/diplomatie-culturelle-les-icones-francaises-ambassadrices-dun-monde-multipolaire\/#primaryimage\",\"url\":\"https:\/\/bobea.net\/wp-content\/uploads\/2026\/01\/image.jpeg\",\"contentUrl\":\"https:\/\/bobea.net\/wp-content\/uploads\/2026\/01\/image.jpeg\",\"width\":960,\"height\":641},{\"@type\":\"BreadcrumbList\",\"@id\":\"https:\/\/bobea.net\/index.php\/2026\/01\/25\/diplomatie-culturelle-les-icones-francaises-ambassadrices-dun-monde-multipolaire\/#breadcrumb\",\"itemListElement\":[{\"@type\":\"ListItem\",\"position\":1,\"name\":\"Accueil\",\"item\":\"https:\/\/bobea.net\/\"},{\"@type\":\"ListItem\",\"position\":2,\"name\":\"Diplomatie Culturelle : Les Ic\u00f4nes Fran\u00e7aises, Ambassadrices d\u2019un Monde Multipolaire\"}]},{\"@type\":\"WebSite\",\"@id\":\"https:\/\/bobea.net\/#website\",\"url\":\"https:\/\/bobea.net\/\",\"name\":\"Bobea\",\"description\":\"Le magazine de la nouvelle \u00c8ve\",\"publisher\":{\"@id\":\"https:\/\/bobea.net\/#organization\"},\"potentialAction\":[{\"@type\":\"SearchAction\",\"target\":{\"@type\":\"EntryPoint\",\"urlTemplate\":\"https:\/\/bobea.net\/?s={search_term_string}\"},\"query-input\":{\"@type\":\"PropertyValueSpecification\",\"valueRequired\":true,\"valueName\":\"search_term_string\"}}],\"inLanguage\":\"fr-FR\"},{\"@type\":\"Organization\",\"@id\":\"https:\/\/bobea.net\/#organization\",\"name\":\"Bobea\",\"url\":\"https:\/\/bobea.net\/\",\"logo\":{\"@type\":\"ImageObject\",\"inLanguage\":\"fr-FR\",\"@id\":\"https:\/\/bobea.net\/#\/schema\/logo\/image\/\",\"url\":\"https:\/\/bobea.net\/wp-content\/uploads\/2024\/06\/bobea.jpg\",\"contentUrl\":\"https:\/\/bobea.net\/wp-content\/uploads\/2024\/06\/bobea.jpg\",\"width\":1080,\"height\":1080,\"caption\":\"Bobea\"},\"image\":{\"@id\":\"https:\/\/bobea.net\/#\/schema\/logo\/image\/\"},\"sameAs\":[\"https:\/\/web.facebook.com\/profile.php?id=61559252188416\"]},{\"@type\":\"Person\",\"@id\":\"https:\/\/bobea.net\/#\/schema\/person\/e7f45ef187918d7c956bf619dce90ccf\",\"name\":\"bobea.info\",\"image\":{\"@type\":\"ImageObject\",\"inLanguage\":\"fr-FR\",\"@id\":\"https:\/\/bobea.net\/#\/schema\/person\/image\/\",\"url\":\"https:\/\/secure.gravatar.com\/avatar\/36147980349df887ae30808df3e29474?s=96&d=mm&r=g\",\"contentUrl\":\"https:\/\/secure.gravatar.com\/avatar\/36147980349df887ae30808df3e29474?s=96&d=mm&r=g\",\"caption\":\"bobea.info\"},\"sameAs\":[\"https:\/\/bobea.net\"],\"url\":\"https:\/\/bobea.net\/index.php\/author\/bobea-info\/\"}]}<\/script>\n<!-- \/ Yoast SEO plugin. -->","yoast_head_json":{"title":"Diplomatie Culturelle : Les Ic\u00f4nes Fran\u00e7aises, Ambassadrices d\u2019un Monde Multipolaire - Bobea","robots":{"index":"index","follow":"follow","max-snippet":"max-snippet:-1","max-image-preview":"max-image-preview:large","max-video-preview":"max-video-preview:-1"},"canonical":"https:\/\/bobea.net\/index.php\/2026\/01\/25\/diplomatie-culturelle-les-icones-francaises-ambassadrices-dun-monde-multipolaire\/","og_locale":"fr_FR","og_type":"article","og_title":"Diplomatie Culturelle : Les Ic\u00f4nes Fran\u00e7aises, Ambassadrices d\u2019un Monde Multipolaire - Bobea","og_description":"En ce 25 jan\u00advi\u00ader 2026, la France ne se con\u00adtente plus de sa puis\u00adsance mil\u00adi\u00adtaire ou \u00e9conomique pour exis\u00adter sur la sc\u00e8ne mon\u00addi\u00adale. Elle d\u00e9ploie sa \u00ab Diplo\u00admatie du Sens&hellip;","og_url":"https:\/\/bobea.net\/index.php\/2026\/01\/25\/diplomatie-culturelle-les-icones-francaises-ambassadrices-dun-monde-multipolaire\/","og_site_name":"Bobea","article_publisher":"https:\/\/web.facebook.com\/profile.php?id=61559252188416","article_published_time":"2026-01-25T10:52:59+00:00","article_modified_time":"2026-01-25T10:53:00+00:00","og_image":[{"width":960,"height":641,"url":"https:\/\/bobea.net\/wp-content\/uploads\/2026\/01\/image.jpeg","type":"image\/jpeg"}],"author":"bobea.info","twitter_card":"summary_large_image","twitter_misc":{"\u00c9crit par":"bobea.info","Dur\u00e9e de lecture estim\u00e9e":"2 minutes"},"schema":{"@context":"https:\/\/schema.org","@graph":[{"@type":"Article","@id":"https:\/\/bobea.net\/index.php\/2026\/01\/25\/diplomatie-culturelle-les-icones-francaises-ambassadrices-dun-monde-multipolaire\/#article","isPartOf":{"@id":"https:\/\/bobea.net\/index.php\/2026\/01\/25\/diplomatie-culturelle-les-icones-francaises-ambassadrices-dun-monde-multipolaire\/"},"author":{"name":"bobea.info","@id":"https:\/\/bobea.net\/#\/schema\/person\/e7f45ef187918d7c956bf619dce90ccf"},"headline":"Diplomatie Culturelle : Les Ic\u00f4nes Fran\u00e7aises, Ambassadrices d\u2019un Monde Multipolaire","datePublished":"2026-01-25T10:52:59+00:00","dateModified":"2026-01-25T10:53:00+00:00","mainEntityOfPage":{"@id":"https:\/\/bobea.net\/index.php\/2026\/01\/25\/diplomatie-culturelle-les-icones-francaises-ambassadrices-dun-monde-multipolaire\/"},"wordCount":188,"commentCount":0,"publisher":{"@id":"https:\/\/bobea.net\/#organization"},"image":{"@id":"https:\/\/bobea.net\/index.php\/2026\/01\/25\/diplomatie-culturelle-les-icones-francaises-ambassadrices-dun-monde-multipolaire\/#primaryimage"},"thumbnailUrl":"https:\/\/bobea.net\/wp-content\/uploads\/2026\/01\/image.jpeg","keywords":["cin\u00e9ma","culture","Diplomatie d'influence","France-Inde 2026","g\u00e9opolitique","Isabelle Huppert","Rayonnement fran\u00e7ais","Soft Power"],"articleSection":["On en Parle"],"inLanguage":"fr-FR","potentialAction":[{"@type":"CommentAction","name":"Comment","target":["https:\/\/bobea.net\/index.php\/2026\/01\/25\/diplomatie-culturelle-les-icones-francaises-ambassadrices-dun-monde-multipolaire\/#respond"]}]},{"@type":"WebPage","@id":"https:\/\/bobea.net\/index.php\/2026\/01\/25\/diplomatie-culturelle-les-icones-francaises-ambassadrices-dun-monde-multipolaire\/","url":"https:\/\/bobea.net\/index.php\/2026\/01\/25\/diplomatie-culturelle-les-icones-francaises-ambassadrices-dun-monde-multipolaire\/","name":"Diplomatie Culturelle : Les Ic\u00f4nes Fran\u00e7aises, Ambassadrices d\u2019un Monde Multipolaire - Bobea","isPartOf":{"@id":"https:\/\/bobea.net\/#website"},"primaryImageOfPage":{"@id":"https:\/\/bobea.net\/index.php\/2026\/01\/25\/diplomatie-culturelle-les-icones-francaises-ambassadrices-dun-monde-multipolaire\/#primaryimage"},"image":{"@id":"https:\/\/bobea.net\/index.php\/2026\/01\/25\/diplomatie-culturelle-les-icones-francaises-ambassadrices-dun-monde-multipolaire\/#primaryimage"},"thumbnailUrl":"https:\/\/bobea.net\/wp-content\/uploads\/2026\/01\/image.jpeg","datePublished":"2026-01-25T10:52:59+00:00","dateModified":"2026-01-25T10:53:00+00:00","breadcrumb":{"@id":"https:\/\/bobea.net\/index.php\/2026\/01\/25\/diplomatie-culturelle-les-icones-francaises-ambassadrices-dun-monde-multipolaire\/#breadcrumb"},"inLanguage":"fr-FR","potentialAction":[{"@type":"ReadAction","target":["https:\/\/bobea.net\/index.php\/2026\/01\/25\/diplomatie-culturelle-les-icones-francaises-ambassadrices-dun-monde-multipolaire\/"]}]},{"@type":"ImageObject","inLanguage":"fr-FR","@id":"https:\/\/bobea.net\/index.php\/2026\/01\/25\/diplomatie-culturelle-les-icones-francaises-ambassadrices-dun-monde-multipolaire\/#primaryimage","url":"https:\/\/bobea.net\/wp-content\/uploads\/2026\/01\/image.jpeg","contentUrl":"https:\/\/bobea.net\/wp-content\/uploads\/2026\/01\/image.jpeg","width":960,"height":641},{"@type":"BreadcrumbList","@id":"https:\/\/bobea.net\/index.php\/2026\/01\/25\/diplomatie-culturelle-les-icones-francaises-ambassadrices-dun-monde-multipolaire\/#breadcrumb","itemListElement":[{"@type":"ListItem","position":1,"name":"Accueil","item":"https:\/\/bobea.net\/"},{"@type":"ListItem","position":2,"name":"Diplomatie Culturelle : Les Ic\u00f4nes Fran\u00e7aises, Ambassadrices d\u2019un Monde Multipolaire"}]},{"@type":"WebSite","@id":"https:\/\/bobea.net\/#website","url":"https:\/\/bobea.net\/","name":"Bobea","description":"Le magazine de la nouvelle \u00c8ve","publisher":{"@id":"https:\/\/bobea.net\/#organization"},"potentialAction":[{"@type":"SearchAction","target":{"@type":"EntryPoint","urlTemplate":"https:\/\/bobea.net\/?s={search_term_string}"},"query-input":{"@type":"PropertyValueSpecification","valueRequired":true,"valueName":"search_term_string"}}],"inLanguage":"fr-FR"},{"@type":"Organization","@id":"https:\/\/bobea.net\/#organization","name":"Bobea","url":"https:\/\/bobea.net\/","logo":{"@type":"ImageObject","inLanguage":"fr-FR","@id":"https:\/\/bobea.net\/#\/schema\/logo\/image\/","url":"https:\/\/bobea.net\/wp-content\/uploads\/2024\/06\/bobea.jpg","contentUrl":"https:\/\/bobea.net\/wp-content\/uploads\/2024\/06\/bobea.jpg","width":1080,"height":1080,"caption":"Bobea"},"image":{"@id":"https:\/\/bobea.net\/#\/schema\/logo\/image\/"},"sameAs":["https:\/\/web.facebook.com\/profile.php?id=61559252188416"]},{"@type":"Person","@id":"https:\/\/bobea.net\/#\/schema\/person\/e7f45ef187918d7c956bf619dce90ccf","name":"bobea.info","image":{"@type":"ImageObject","inLanguage":"fr-FR","@id":"https:\/\/bobea.net\/#\/schema\/person\/image\/","url":"https:\/\/secure.gravatar.com\/avatar\/36147980349df887ae30808df3e29474?s=96&d=mm&r=g","contentUrl":"https:\/\/secure.gravatar.com\/avatar\/36147980349df887ae30808df3e29474?s=96&d=mm&r=g","caption":"bobea.info"},"sameAs":["https:\/\/bobea.net"],"url":"https:\/\/bobea.net\/index.php\/author\/bobea-info\/"}]}},"_links":{"self":[{"href":"https:\/\/bobea.net\/index.php\/wp-json\/wp\/v2\/posts\/29663"}],"collection":[{"href":"https:\/\/bobea.net\/index.php\/wp-json\/wp\/v2\/posts"}],"about":[{"href":"https:\/\/bobea.net\/index.php\/wp-json\/wp\/v2\/types\/post"}],"author":[{"embeddable":true,"href":"https:\/\/bobea.net\/index.php\/wp-json\/wp\/v2\/users\/1"}],"replies":[{"embeddable":true,"href":"https:\/\/bobea.net\/index.php\/wp-json\/wp\/v2\/comments?post=29663"}],"version-history":[{"count":1,"href":"https:\/\/bobea.net\/index.php\/wp-json\/wp\/v2\/posts\/29663\/revisions"}],"predecessor-version":[{"id":29667,"href":"https:\/\/bobea.net\/index.php\/wp-json\/wp\/v2\/posts\/29663\/revisions\/29667"}],"wp:featuredmedia":[{"embeddable":true,"href":"https:\/\/bobea.net\/index.php\/wp-json\/wp\/v2\/media\/29666"}],"wp:attachment":[{"href":"https:\/\/bobea.net\/index.php\/wp-json\/wp\/v2\/media?parent=29663"}],"wp:term":[{"taxonomy":"category","embeddable":true,"href":"https:\/\/bobea.net\/index.php\/wp-json\/wp\/v2\/categories?post=29663"},{"taxonomy":"post_tag","embeddable":true,"href":"https:\/\/bobea.net\/index.php\/wp-json\/wp\/v2\/tags?post=29663"}],"curies":[{"name":"wp","href":"https:\/\/api.w.org\/{rel}","templated":true}]}}