{"id":29651,"date":"2026-01-25T10:18:37","date_gmt":"2026-01-25T10:18:37","guid":{"rendered":"https:\/\/bobea.net\/?p=29651"},"modified":"2026-01-25T10:18:41","modified_gmt":"2026-01-25T10:18:41","slug":"philanthropie-2-0-les-stars-mondiales-et-lactivisme-intellectuel","status":"publish","type":"post","link":"https:\/\/bobea.net\/index.php\/2026\/01\/25\/philanthropie-2-0-les-stars-mondiales-et-lactivisme-intellectuel\/","title":{"rendered":"Philanthropie 2.0 : Les Stars Mondiales et l\u2019Activisme Intellectuel"},"content":{"rendered":"\n<p>Le con\u00adcept de \u201cchar\u00adit\u00e9\u201d est mort en 2026, rem\u00adplac\u00e9 par celui d\u2019<strong>Impact Invest\u00ading<\/strong> (investisse\u00adment \u00e0 impact). Les stars mon\u00addi\u00adales, men\u00e9es par des fig\u00adures comme <strong>Eva Lon\u00adgo\u00adria<\/strong>, ont trans\u00adfor\u00adm\u00e9 leur image glam\u00adour en un levi\u00ader de change\u00adment sys\u00adt\u00e9mique. Ce n\u2019est plus seule\u00adment don\u00adner de l\u2019ar\u00adgent, c\u2019est utilis\u00ader son cap\u00adi\u00adtal intel\u00adlectuel et son r\u00e9seau pour trans\u00adformer les struc\u00adtures sociales.<\/p>\n\n\n\n<p><strong>Eva Lon\u00adgo\u00adria : La strat\u00e8ge du change\u00adment social<\/strong> <\/p>\n\n\n\n<p>Pr\u00e9sente \u00e0 Cannes et atten\u00addue sur les plateaux de tour\u00adnage au print\u00ademps 2026, Eva Lon\u00adgo\u00adria incar\u00adne cette nou\u00advelle g\u00e9n\u00e9ra\u00adtion de phil\u00adan\u00adthropes qui sont aus\u00adsi des femmes d\u2019af\u00adfaires red\u00adouta\u00adbles. Son action via sa fon\u00adda\u00adtion ne se lim\u00adite plus \u00e0 l\u2019aide ponctuelle ; elle investit dans l\u2019\u00e9\u00add\u00adu\u00adca\u00adtion sup\u00e9rieure des jeunes femmes issues des minorit\u00e9s et dans des start-ups \u00e0 impact social. Pour <strong>BOBEA<\/strong>, elle est le mod\u00ad\u00e8le de la \u201cStar-Strat\u00e8ge\u201d : celle qui com\u00adprend que la vis\u00adi\u00adbil\u00adit\u00e9 m\u00e9di\u00ada\u00adtique est une mon\u00adnaie poli\u00adtique qui doit \u00eatre investie avec rigueur.<\/p>\n\n\n\n<figure class=\"wp-block-image size-full is-resized\"><img loading=\"lazy\" decoding=\"async\" width=\"652\" height=\"438\" src=\"https:\/\/bobea.net\/wp-content\/uploads\/2026\/01\/image-148.png\" alt class=\"wp-image-29653\" style=\"width:840px;height:auto\" srcset=\"https:\/\/bobea.net\/wp-content\/uploads\/2026\/01\/image-148.png 652w, https:\/\/bobea.net\/wp-content\/uploads\/2026\/01\/image-148-300x202.png 300w\" sizes=\"(max-width: 652px) 100vw, 652px\"><\/figure>\n\n\n\n<p><strong>De la c\u00e9l\u00e9brit\u00e9 \u00e0 la l\u00e9gitim\u00adit\u00e9 uni\u00adver\u00adsi\u00adtaire<\/strong> <\/p>\n\n\n\n<p>En 2026, on ne s\u2019\u00e9\u00adtonne plus de voir des actri\u00adces don\u00adner des con\u00adf\u00e9rences \u00e0 Oxford ou \u00e0 la Sor\u00adbonne. Ce mou\u00adve\u00adment de \u201cphil\u00adan\u00adthropie intel\u00adlectuelle\u201d voit les c\u00e9l\u00e9brit\u00e9s s\u2019en\u00adtour\u00ader d\u2019ex\u00adperts et de sci\u00aden\u00adtifiques pour porter des dossiers com\u00adplex\u00ades (cli\u00admat, \u00e9thique de l\u2019IA, droits repro\u00adduc\u00adtifs). Elles ne sont plus des porte-paroles pas\u00adsifs, mais des actri\u00adces du d\u00e9bat d\u2019id\u00e9es. Ce pas\u00adsage de la c\u00e9l\u00e9brit\u00e9 \u00e0 la l\u00e9gitim\u00adit\u00e9 est le grand d\u00e9fi de 2026.<\/p>\n\n\n\n<p><strong>L\u2019influence comme respon\u00ads\u00adabil\u00adit\u00e9 glob\u00adale<\/strong> <\/p>\n\n\n\n<p>Pour notre lec\u00adtorat, cette \u00e9vo\u00adlu\u00adtion est cap\u00adi\u00adtale. Elle mon\u00adtre que l\u2019in\u00adflu\u00adence est une respon\u00ads\u00adabil\u00adit\u00e9. Les stars mon\u00addi\u00adales de 2026 utilisent leur \u201cSoft Pow\u00ader\u201d pour combler les lacunes des \u00c9tats. C\u2019est une vision du monde o\u00f9 le priv\u00e9 et le pub\u00adlic col\u00adla\u00adborent pour r\u00e9soudre des crises glob\u00adales. En ce mois de jan\u00advi\u00ader 2026, l\u2019ac\u00adtivisme des stars n\u2019est plus une option mar\u00adket\u00ading, c\u2019est la con\u00addi\u00adtion sine qua non de leur p\u00e9ren\u00adnit\u00e9 dans le c\u0153ur d\u2019un pub\u00adlic de plus en plus exigeant et \u00e9duqu\u00e9.<\/p>\n","protected":false},"excerpt":{"rendered":"<p>Le con\u00adcept de \u201cchar\u00adit\u00e9\u201d est mort en 2026, rem\u00adplac\u00e9 par celui d\u2019Impact Invest\u00ading (investisse\u00adment \u00e0 impact). Les stars mon\u00addi\u00adales, men\u00e9es par des fig\u00adures comme Eva Lon\u00adgo\u00adria, ont trans\u00adfor\u00adm\u00e9 leur image\u2026 <\/p>\n","protected":false},"author":1,"featured_media":29654,"comment_status":"open","ping_status":"closed","sticky":false,"template":"","format":"standard","meta":{"wp_typography_post_enhancements_disabled":false,"footnotes":""},"categories":[79],"tags":[702,21751,836,12987,11561,21953,21952],"class_list":["post-29651","post","type-post","status-publish","format-standard","has-post-thumbnail","hentry","category-a-la-une","tag-activisme","tag-davos-2026","tag-education","tag-eva-longoria","tag-femmes-dinfluence","tag-impact-investing","tag-philanthropie-2-0"],"yoast_head":"<!-- This site is optimized with the Yoast SEO plugin v24.7 - https:\/\/yoast.com\/wordpress\/plugins\/seo\/ -->\n<title>Philanthropie 2.0 : Les Stars Mondiales et l&#039;Activisme Intellectuel - Bobea<\/title>\n<meta name=\"robots\" content=\"index, follow, max-snippet:-1, max-image-preview:large, max-video-preview:-1\" \/>\n<link rel=\"canonical\" href=\"https:\/\/bobea.net\/index.php\/2026\/01\/25\/philanthropie-2-0-les-stars-mondiales-et-lactivisme-intellectuel\/\" \/>\n<meta property=\"og:locale\" content=\"fr_FR\" \/>\n<meta property=\"og:type\" content=\"article\" \/>\n<meta property=\"og:title\" content=\"Philanthropie 2.0 : Les Stars Mondiales et l&#039;Activisme Intellectuel - Bobea\" \/>\n<meta property=\"og:description\" content=\"Le con\u00adcept de \u201cchar\u00adit\u00e9\u201d est mort en 2026, rem\u00adplac\u00e9 par celui d\u2019Impact Invest\u00ading (investisse\u00adment \u00e0 impact). Les stars mon\u00addi\u00adales, men\u00e9es par des fig\u00adures comme Eva Lon\u00adgo\u00adria, ont trans\u00adfor\u00adm\u00e9 leur image&hellip;\" \/>\n<meta property=\"og:url\" content=\"https:\/\/bobea.net\/index.php\/2026\/01\/25\/philanthropie-2-0-les-stars-mondiales-et-lactivisme-intellectuel\/\" \/>\n<meta property=\"og:site_name\" content=\"Bobea\" \/>\n<meta property=\"article:publisher\" content=\"https:\/\/web.facebook.com\/profile.php?id=61559252188416\" \/>\n<meta property=\"article:published_time\" content=\"2026-01-25T10:18:37+00:00\" \/>\n<meta property=\"article:modified_time\" content=\"2026-01-25T10:18:41+00:00\" \/>\n<meta property=\"og:image\" content=\"https:\/\/bobea.net\/wp-content\/uploads\/2026\/01\/1395858-festival-de-cannes-2019-eva-longoria-salue-la-foule.jpg\" \/>\n\t<meta property=\"og:image:width\" content=\"770\" \/>\n\t<meta property=\"og:image:height\" content=\"513\" \/>\n\t<meta property=\"og:image:type\" content=\"image\/jpeg\" \/>\n<meta name=\"author\" content=\"bobea.info\" \/>\n<meta name=\"twitter:card\" content=\"summary_large_image\" \/>\n<meta name=\"twitter:label1\" content=\"\u00c9crit par\" \/>\n\t<meta name=\"twitter:data1\" content=\"bobea.info\" \/>\n\t<meta name=\"twitter:label2\" content=\"Dur\u00e9e de lecture estim\u00e9e\" \/>\n\t<meta name=\"twitter:data2\" content=\"2 minutes\" \/>\n<script type=\"application\/ld+json\" class=\"yoast-schema-graph\">{\"@context\":\"https:\/\/schema.org\",\"@graph\":[{\"@type\":\"Article\",\"@id\":\"https:\/\/bobea.net\/index.php\/2026\/01\/25\/philanthropie-2-0-les-stars-mondiales-et-lactivisme-intellectuel\/#article\",\"isPartOf\":{\"@id\":\"https:\/\/bobea.net\/index.php\/2026\/01\/25\/philanthropie-2-0-les-stars-mondiales-et-lactivisme-intellectuel\/\"},\"author\":{\"name\":\"bobea.info\",\"@id\":\"https:\/\/bobea.net\/#\/schema\/person\/e7f45ef187918d7c956bf619dce90ccf\"},\"headline\":\"Philanthropie 2.0 : Les Stars Mondiales et l\u2019Activisme Intellectuel\",\"datePublished\":\"2026-01-25T10:18:37+00:00\",\"dateModified\":\"2026-01-25T10:18:41+00:00\",\"mainEntityOfPage\":{\"@id\":\"https:\/\/bobea.net\/index.php\/2026\/01\/25\/philanthropie-2-0-les-stars-mondiales-et-lactivisme-intellectuel\/\"},\"wordCount\":351,\"commentCount\":0,\"publisher\":{\"@id\":\"https:\/\/bobea.net\/#organization\"},\"image\":{\"@id\":\"https:\/\/bobea.net\/index.php\/2026\/01\/25\/philanthropie-2-0-les-stars-mondiales-et-lactivisme-intellectuel\/#primaryimage\"},\"thumbnailUrl\":\"https:\/\/bobea.net\/wp-content\/uploads\/2026\/01\/1395858-festival-de-cannes-2019-eva-longoria-salue-la-foule.jpg\",\"keywords\":[\"activisme\",\"Davos 2026\",\"\u00e9ducation\",\"Eva Longoria\",\"femmes d\u2019influence\",\"Impact Investing\",\"Philanthropie 2.0\"],\"articleSection\":[\"A la Une\"],\"inLanguage\":\"fr-FR\",\"potentialAction\":[{\"@type\":\"CommentAction\",\"name\":\"Comment\",\"target\":[\"https:\/\/bobea.net\/index.php\/2026\/01\/25\/philanthropie-2-0-les-stars-mondiales-et-lactivisme-intellectuel\/#respond\"]}]},{\"@type\":\"WebPage\",\"@id\":\"https:\/\/bobea.net\/index.php\/2026\/01\/25\/philanthropie-2-0-les-stars-mondiales-et-lactivisme-intellectuel\/\",\"url\":\"https:\/\/bobea.net\/index.php\/2026\/01\/25\/philanthropie-2-0-les-stars-mondiales-et-lactivisme-intellectuel\/\",\"name\":\"Philanthropie 2.0 : Les Stars Mondiales et l'Activisme Intellectuel - Bobea\",\"isPartOf\":{\"@id\":\"https:\/\/bobea.net\/#website\"},\"primaryImageOfPage\":{\"@id\":\"https:\/\/bobea.net\/index.php\/2026\/01\/25\/philanthropie-2-0-les-stars-mondiales-et-lactivisme-intellectuel\/#primaryimage\"},\"image\":{\"@id\":\"https:\/\/bobea.net\/index.php\/2026\/01\/25\/philanthropie-2-0-les-stars-mondiales-et-lactivisme-intellectuel\/#primaryimage\"},\"thumbnailUrl\":\"https:\/\/bobea.net\/wp-content\/uploads\/2026\/01\/1395858-festival-de-cannes-2019-eva-longoria-salue-la-foule.jpg\",\"datePublished\":\"2026-01-25T10:18:37+00:00\",\"dateModified\":\"2026-01-25T10:18:41+00:00\",\"breadcrumb\":{\"@id\":\"https:\/\/bobea.net\/index.php\/2026\/01\/25\/philanthropie-2-0-les-stars-mondiales-et-lactivisme-intellectuel\/#breadcrumb\"},\"inLanguage\":\"fr-FR\",\"potentialAction\":[{\"@type\":\"ReadAction\",\"target\":[\"https:\/\/bobea.net\/index.php\/2026\/01\/25\/philanthropie-2-0-les-stars-mondiales-et-lactivisme-intellectuel\/\"]}]},{\"@type\":\"ImageObject\",\"inLanguage\":\"fr-FR\",\"@id\":\"https:\/\/bobea.net\/index.php\/2026\/01\/25\/philanthropie-2-0-les-stars-mondiales-et-lactivisme-intellectuel\/#primaryimage\",\"url\":\"https:\/\/bobea.net\/wp-content\/uploads\/2026\/01\/1395858-festival-de-cannes-2019-eva-longoria-salue-la-foule.jpg\",\"contentUrl\":\"https:\/\/bobea.net\/wp-content\/uploads\/2026\/01\/1395858-festival-de-cannes-2019-eva-longoria-salue-la-foule.jpg\",\"width\":770,\"height\":513},{\"@type\":\"BreadcrumbList\",\"@id\":\"https:\/\/bobea.net\/index.php\/2026\/01\/25\/philanthropie-2-0-les-stars-mondiales-et-lactivisme-intellectuel\/#breadcrumb\",\"itemListElement\":[{\"@type\":\"ListItem\",\"position\":1,\"name\":\"Accueil\",\"item\":\"https:\/\/bobea.net\/\"},{\"@type\":\"ListItem\",\"position\":2,\"name\":\"Philanthropie 2.0 : Les Stars Mondiales et l&rsquo;Activisme Intellectuel\"}]},{\"@type\":\"WebSite\",\"@id\":\"https:\/\/bobea.net\/#website\",\"url\":\"https:\/\/bobea.net\/\",\"name\":\"Bobea\",\"description\":\"Le magazine de la nouvelle \u00c8ve\",\"publisher\":{\"@id\":\"https:\/\/bobea.net\/#organization\"},\"potentialAction\":[{\"@type\":\"SearchAction\",\"target\":{\"@type\":\"EntryPoint\",\"urlTemplate\":\"https:\/\/bobea.net\/?s={search_term_string}\"},\"query-input\":{\"@type\":\"PropertyValueSpecification\",\"valueRequired\":true,\"valueName\":\"search_term_string\"}}],\"inLanguage\":\"fr-FR\"},{\"@type\":\"Organization\",\"@id\":\"https:\/\/bobea.net\/#organization\",\"name\":\"Bobea\",\"url\":\"https:\/\/bobea.net\/\",\"logo\":{\"@type\":\"ImageObject\",\"inLanguage\":\"fr-FR\",\"@id\":\"https:\/\/bobea.net\/#\/schema\/logo\/image\/\",\"url\":\"https:\/\/bobea.net\/wp-content\/uploads\/2024\/06\/bobea.jpg\",\"contentUrl\":\"https:\/\/bobea.net\/wp-content\/uploads\/2024\/06\/bobea.jpg\",\"width\":1080,\"height\":1080,\"caption\":\"Bobea\"},\"image\":{\"@id\":\"https:\/\/bobea.net\/#\/schema\/logo\/image\/\"},\"sameAs\":[\"https:\/\/web.facebook.com\/profile.php?id=61559252188416\"]},{\"@type\":\"Person\",\"@id\":\"https:\/\/bobea.net\/#\/schema\/person\/e7f45ef187918d7c956bf619dce90ccf\",\"name\":\"bobea.info\",\"image\":{\"@type\":\"ImageObject\",\"inLanguage\":\"fr-FR\",\"@id\":\"https:\/\/bobea.net\/#\/schema\/person\/image\/\",\"url\":\"https:\/\/secure.gravatar.com\/avatar\/36147980349df887ae30808df3e29474?s=96&d=mm&r=g\",\"contentUrl\":\"https:\/\/secure.gravatar.com\/avatar\/36147980349df887ae30808df3e29474?s=96&d=mm&r=g\",\"caption\":\"bobea.info\"},\"sameAs\":[\"https:\/\/bobea.net\"],\"url\":\"https:\/\/bobea.net\/index.php\/author\/bobea-info\/\"}]}<\/script>\n<!-- \/ Yoast SEO plugin. -->","yoast_head_json":{"title":"Philanthropie 2.0 : Les Stars Mondiales et l'Activisme Intellectuel - Bobea","robots":{"index":"index","follow":"follow","max-snippet":"max-snippet:-1","max-image-preview":"max-image-preview:large","max-video-preview":"max-video-preview:-1"},"canonical":"https:\/\/bobea.net\/index.php\/2026\/01\/25\/philanthropie-2-0-les-stars-mondiales-et-lactivisme-intellectuel\/","og_locale":"fr_FR","og_type":"article","og_title":"Philanthropie 2.0 : Les Stars Mondiales et l'Activisme Intellectuel - Bobea","og_description":"Le con\u00adcept de \u201cchar\u00adit\u00e9\u201d est mort en 2026, rem\u00adplac\u00e9 par celui d\u2019Impact Invest\u00ading (investisse\u00adment \u00e0 impact). Les stars mon\u00addi\u00adales, men\u00e9es par des fig\u00adures comme Eva Lon\u00adgo\u00adria, ont trans\u00adfor\u00adm\u00e9 leur image&hellip;","og_url":"https:\/\/bobea.net\/index.php\/2026\/01\/25\/philanthropie-2-0-les-stars-mondiales-et-lactivisme-intellectuel\/","og_site_name":"Bobea","article_publisher":"https:\/\/web.facebook.com\/profile.php?id=61559252188416","article_published_time":"2026-01-25T10:18:37+00:00","article_modified_time":"2026-01-25T10:18:41+00:00","og_image":[{"width":770,"height":513,"url":"https:\/\/bobea.net\/wp-content\/uploads\/2026\/01\/1395858-festival-de-cannes-2019-eva-longoria-salue-la-foule.jpg","type":"image\/jpeg"}],"author":"bobea.info","twitter_card":"summary_large_image","twitter_misc":{"\u00c9crit par":"bobea.info","Dur\u00e9e de lecture estim\u00e9e":"2 minutes"},"schema":{"@context":"https:\/\/schema.org","@graph":[{"@type":"Article","@id":"https:\/\/bobea.net\/index.php\/2026\/01\/25\/philanthropie-2-0-les-stars-mondiales-et-lactivisme-intellectuel\/#article","isPartOf":{"@id":"https:\/\/bobea.net\/index.php\/2026\/01\/25\/philanthropie-2-0-les-stars-mondiales-et-lactivisme-intellectuel\/"},"author":{"name":"bobea.info","@id":"https:\/\/bobea.net\/#\/schema\/person\/e7f45ef187918d7c956bf619dce90ccf"},"headline":"Philanthropie 2.0 : Les Stars Mondiales et l\u2019Activisme Intellectuel","datePublished":"2026-01-25T10:18:37+00:00","dateModified":"2026-01-25T10:18:41+00:00","mainEntityOfPage":{"@id":"https:\/\/bobea.net\/index.php\/2026\/01\/25\/philanthropie-2-0-les-stars-mondiales-et-lactivisme-intellectuel\/"},"wordCount":351,"commentCount":0,"publisher":{"@id":"https:\/\/bobea.net\/#organization"},"image":{"@id":"https:\/\/bobea.net\/index.php\/2026\/01\/25\/philanthropie-2-0-les-stars-mondiales-et-lactivisme-intellectuel\/#primaryimage"},"thumbnailUrl":"https:\/\/bobea.net\/wp-content\/uploads\/2026\/01\/1395858-festival-de-cannes-2019-eva-longoria-salue-la-foule.jpg","keywords":["activisme","Davos 2026","\u00e9ducation","Eva Longoria","femmes d\u2019influence","Impact Investing","Philanthropie 2.0"],"articleSection":["A la Une"],"inLanguage":"fr-FR","potentialAction":[{"@type":"CommentAction","name":"Comment","target":["https:\/\/bobea.net\/index.php\/2026\/01\/25\/philanthropie-2-0-les-stars-mondiales-et-lactivisme-intellectuel\/#respond"]}]},{"@type":"WebPage","@id":"https:\/\/bobea.net\/index.php\/2026\/01\/25\/philanthropie-2-0-les-stars-mondiales-et-lactivisme-intellectuel\/","url":"https:\/\/bobea.net\/index.php\/2026\/01\/25\/philanthropie-2-0-les-stars-mondiales-et-lactivisme-intellectuel\/","name":"Philanthropie 2.0 : Les Stars Mondiales et l'Activisme Intellectuel - Bobea","isPartOf":{"@id":"https:\/\/bobea.net\/#website"},"primaryImageOfPage":{"@id":"https:\/\/bobea.net\/index.php\/2026\/01\/25\/philanthropie-2-0-les-stars-mondiales-et-lactivisme-intellectuel\/#primaryimage"},"image":{"@id":"https:\/\/bobea.net\/index.php\/2026\/01\/25\/philanthropie-2-0-les-stars-mondiales-et-lactivisme-intellectuel\/#primaryimage"},"thumbnailUrl":"https:\/\/bobea.net\/wp-content\/uploads\/2026\/01\/1395858-festival-de-cannes-2019-eva-longoria-salue-la-foule.jpg","datePublished":"2026-01-25T10:18:37+00:00","dateModified":"2026-01-25T10:18:41+00:00","breadcrumb":{"@id":"https:\/\/bobea.net\/index.php\/2026\/01\/25\/philanthropie-2-0-les-stars-mondiales-et-lactivisme-intellectuel\/#breadcrumb"},"inLanguage":"fr-FR","potentialAction":[{"@type":"ReadAction","target":["https:\/\/bobea.net\/index.php\/2026\/01\/25\/philanthropie-2-0-les-stars-mondiales-et-lactivisme-intellectuel\/"]}]},{"@type":"ImageObject","inLanguage":"fr-FR","@id":"https:\/\/bobea.net\/index.php\/2026\/01\/25\/philanthropie-2-0-les-stars-mondiales-et-lactivisme-intellectuel\/#primaryimage","url":"https:\/\/bobea.net\/wp-content\/uploads\/2026\/01\/1395858-festival-de-cannes-2019-eva-longoria-salue-la-foule.jpg","contentUrl":"https:\/\/bobea.net\/wp-content\/uploads\/2026\/01\/1395858-festival-de-cannes-2019-eva-longoria-salue-la-foule.jpg","width":770,"height":513},{"@type":"BreadcrumbList","@id":"https:\/\/bobea.net\/index.php\/2026\/01\/25\/philanthropie-2-0-les-stars-mondiales-et-lactivisme-intellectuel\/#breadcrumb","itemListElement":[{"@type":"ListItem","position":1,"name":"Accueil","item":"https:\/\/bobea.net\/"},{"@type":"ListItem","position":2,"name":"Philanthropie 2.0 : Les Stars Mondiales et l&rsquo;Activisme Intellectuel"}]},{"@type":"WebSite","@id":"https:\/\/bobea.net\/#website","url":"https:\/\/bobea.net\/","name":"Bobea","description":"Le magazine de la nouvelle \u00c8ve","publisher":{"@id":"https:\/\/bobea.net\/#organization"},"potentialAction":[{"@type":"SearchAction","target":{"@type":"EntryPoint","urlTemplate":"https:\/\/bobea.net\/?s={search_term_string}"},"query-input":{"@type":"PropertyValueSpecification","valueRequired":true,"valueName":"search_term_string"}}],"inLanguage":"fr-FR"},{"@type":"Organization","@id":"https:\/\/bobea.net\/#organization","name":"Bobea","url":"https:\/\/bobea.net\/","logo":{"@type":"ImageObject","inLanguage":"fr-FR","@id":"https:\/\/bobea.net\/#\/schema\/logo\/image\/","url":"https:\/\/bobea.net\/wp-content\/uploads\/2024\/06\/bobea.jpg","contentUrl":"https:\/\/bobea.net\/wp-content\/uploads\/2024\/06\/bobea.jpg","width":1080,"height":1080,"caption":"Bobea"},"image":{"@id":"https:\/\/bobea.net\/#\/schema\/logo\/image\/"},"sameAs":["https:\/\/web.facebook.com\/profile.php?id=61559252188416"]},{"@type":"Person","@id":"https:\/\/bobea.net\/#\/schema\/person\/e7f45ef187918d7c956bf619dce90ccf","name":"bobea.info","image":{"@type":"ImageObject","inLanguage":"fr-FR","@id":"https:\/\/bobea.net\/#\/schema\/person\/image\/","url":"https:\/\/secure.gravatar.com\/avatar\/36147980349df887ae30808df3e29474?s=96&d=mm&r=g","contentUrl":"https:\/\/secure.gravatar.com\/avatar\/36147980349df887ae30808df3e29474?s=96&d=mm&r=g","caption":"bobea.info"},"sameAs":["https:\/\/bobea.net"],"url":"https:\/\/bobea.net\/index.php\/author\/bobea-info\/"}]}},"_links":{"self":[{"href":"https:\/\/bobea.net\/index.php\/wp-json\/wp\/v2\/posts\/29651"}],"collection":[{"href":"https:\/\/bobea.net\/index.php\/wp-json\/wp\/v2\/posts"}],"about":[{"href":"https:\/\/bobea.net\/index.php\/wp-json\/wp\/v2\/types\/post"}],"author":[{"embeddable":true,"href":"https:\/\/bobea.net\/index.php\/wp-json\/wp\/v2\/users\/1"}],"replies":[{"embeddable":true,"href":"https:\/\/bobea.net\/index.php\/wp-json\/wp\/v2\/comments?post=29651"}],"version-history":[{"count":1,"href":"https:\/\/bobea.net\/index.php\/wp-json\/wp\/v2\/posts\/29651\/revisions"}],"predecessor-version":[{"id":29655,"href":"https:\/\/bobea.net\/index.php\/wp-json\/wp\/v2\/posts\/29651\/revisions\/29655"}],"wp:featuredmedia":[{"embeddable":true,"href":"https:\/\/bobea.net\/index.php\/wp-json\/wp\/v2\/media\/29654"}],"wp:attachment":[{"href":"https:\/\/bobea.net\/index.php\/wp-json\/wp\/v2\/media?parent=29651"}],"wp:term":[{"taxonomy":"category","embeddable":true,"href":"https:\/\/bobea.net\/index.php\/wp-json\/wp\/v2\/categories?post=29651"},{"taxonomy":"post_tag","embeddable":true,"href":"https:\/\/bobea.net\/index.php\/wp-json\/wp\/v2\/tags?post=29651"}],"curies":[{"name":"wp","href":"https:\/\/api.w.org\/{rel}","templated":true}]}}