{"id":29643,"date":"2026-01-25T10:08:15","date_gmt":"2026-01-25T10:08:15","guid":{"rendered":"https:\/\/bobea.net\/?p=29643"},"modified":"2026-01-25T10:08:17","modified_gmt":"2026-01-25T10:08:17","slug":"la-rentree-culturelle-des-stars-francaises-le-theatre-comme-refuge-politique","status":"publish","type":"post","link":"https:\/\/bobea.net\/index.php\/2026\/01\/25\/la-rentree-culturelle-des-stars-francaises-le-theatre-comme-refuge-politique\/","title":{"rendered":"La Rentr\u00e9e Culturelle des Stars Fran\u00e7aises : Le Th\u00e9\u00e2tre comme Refuge Politique"},"content":{"rendered":"\n<p>En ce dimanche 25 jan\u00advi\u00ader 2026, Paris ne dort pas ; elle r\u00e9fl\u00e9\u00adchit. La sc\u00e8ne th\u00e9\u00e2\u00adtrale parisi\u00adenne con\u00adna\u00eet un \u00e2ge d\u2019or sans pr\u00e9c\u00e9\u00addent, port\u00e9 par des stars de cin\u00e9\u00adma qui d\u00e9lais\u00adsent les plateaux de tour\u00adnage pour la con\u00adfronta\u00adtion directe avec le pub\u00adlic. Le clou de cette sai\u00adson est sans con\u00adteste la pi\u00e8ce <strong>\u201cLa Fin du courage\u201d<\/strong>, adap\u00adt\u00e9e de l\u2019\u0153u\u00advre de Cyn\u00adthia Fleury, r\u00e9u\u00adnis\u00adsant sur la sc\u00e8ne de l\u2019Ate\u00adlier deux mon\u00adstres sacr\u00e9s : <strong>Isabelle Adjani<\/strong> et <strong>Lau\u00adre Calamy<\/strong>.<\/p>\n\n\n\n<p><strong>Le retour de l\u2019ic\u00f4ne : Isabelle Adjani et la m\u00e9ta\u00adphysique de la sc\u00e8ne<\/strong> Adjani en 2026 n\u2019est plus seule\u00adment l\u2019ac\u00adtrice aux cinq C\u00e9sars ; elle est dev\u00adenue une fig\u00adure tut\u00e9laire de la pen\u00ads\u00e9e trag\u00adique mod\u00aderne. Son choix de mon\u00adter sur les planch\u00ades pour incar\u00adn\u00ader la r\u00e9flex\u00adion sur le courage poli\u00adtique et indi\u00advidu\u00adel r\u00e9sonne avec l\u2019\u00e9poque. Pour les lec\u00adtri\u00adces de <strong>BOBEA<\/strong>, la pr\u00e9sence d\u2019Ad\u00adjani est un rap\u00adpel que l\u2019art doit \u00eatre un acte de r\u00e9sis\u00adtance. Sa voix, son mys\u00adt\u00e8re et son exi\u00adgence font du Th\u00e9\u00e2tre de l\u2019Ate\u00adlier le cen\u00adtre n\u00e9vral\u00adgique de l\u2019in\u00adtel\u00adli\u00adgence parisi\u00adenne ce mois-ci.<\/p>\n\n\n\n<p><strong>Lau\u00adre Calamy : La force tel\u00adlurique du jeu<\/strong> Face \u00e0 elle, Lau\u00adre Calamy apporte une \u00e9nergie brute, une human\u00adit\u00e9 vibrante qui con\u00adtre\u00adbal\u00adance l\u2019\u00e9th\u00e9r\u00e9 d\u2019Ad\u00adjani. Ce duo sym\u00adbol\u00adise la r\u00e9c\u00adon\u00adcil\u00adi\u00ada\u00adtion entre la haute cul\u00adture et la r\u00e9al\u00adit\u00e9 sociale. En 2026, le pub\u00adlic ne veut plus seule\u00adment \u00eatre diver\u00adti ; il veut \u00eatre bous\u00adcul\u00e9. Les suc\u00adc\u00e8s de pi\u00e8ces comme celles pr\u00e9sen\u00adt\u00e9es au fes\u00adti\u00adval <strong>\u201cParis des Femmes\u201d<\/strong> mon\u00adtrent que le r\u00e9c\u00adit f\u00e9minin est d\u00e9sor\u00admais le moteur prin\u00adci\u00adpal de l\u2019in\u00adno\u00adva\u00adtion dra\u00adma\u00adtique.<\/p>\n\n\n\n<figure class=\"wp-block-image size-large\"><img loading=\"lazy\" decoding=\"async\" width=\"1024\" height=\"683\" src=\"https:\/\/bobea.net\/wp-content\/uploads\/2026\/01\/https___www.myra_.fr_wp-content_uploads_2024_08_240906_RdL_0038-scaled-1-1024x683.jpg\" alt class=\"wp-image-29645\" srcset=\"https:\/\/bobea.net\/wp-content\/uploads\/2026\/01\/https___www.myra_.fr_wp-content_uploads_2024_08_240906_RdL_0038-scaled-1-1024x683.jpg 1024w, https:\/\/bobea.net\/wp-content\/uploads\/2026\/01\/https___www.myra_.fr_wp-content_uploads_2024_08_240906_RdL_0038-scaled-1-300x200.jpg 300w, https:\/\/bobea.net\/wp-content\/uploads\/2026\/01\/https___www.myra_.fr_wp-content_uploads_2024_08_240906_RdL_0038-scaled-1-768x512.jpg 768w, https:\/\/bobea.net\/wp-content\/uploads\/2026\/01\/https___www.myra_.fr_wp-content_uploads_2024_08_240906_RdL_0038-scaled-1-1536x1025.jpg 1536w, https:\/\/bobea.net\/wp-content\/uploads\/2026\/01\/https___www.myra_.fr_wp-content_uploads_2024_08_240906_RdL_0038-scaled-1-2048x1366.jpg 2048w\" sizes=\"(max-width: 1024px) 100vw, 1024px\"><\/figure>\n\n\n\n<p><strong>Le cin\u00e9\u00adma fran\u00e7ais en 2026 : Entre audace et intro\u00adspec\u00adtion<\/strong> Pen\u00addant ce temps, le cin\u00e9\u00adma pr\u00e9\u00adpare sa mue pour les C\u00e9sars. Les rumeurs de pro\u00adjets ambitieux (biopics sur des philosophes, thrillers \u00e9cologiques) cir\u00adcu\u00adlent dans les d\u00een\u00aders en marge de la Fash\u00adion Week. Les stars fran\u00e7ais\u00ades ont com\u00adpris que leur cap\u00adi\u00adtal d\u2019in\u00adflu\u00adence doit \u00eatre mis au ser\u00advice de r\u00e9c\u00adits por\u00adteurs de sens. En 2026, \u00eatre une star en France, c\u2019est \u00eatre une intel\u00adlectuelle en action, capa\u00adble de pass\u00ader d\u2019un tapis rouge \u00e0 une con\u00adf\u00e9rence uni\u00adver\u00adsi\u00adtaire avec la m\u00eame per\u00adti\u00adnence.<\/p>\n","protected":false},"excerpt":{"rendered":"<p>En ce dimanche 25 jan\u00advi\u00ader 2026, Paris ne dort pas ; elle r\u00e9fl\u00e9\u00adchit. La sc\u00e8ne th\u00e9\u00e2\u00adtrale parisi\u00adenne con\u00adna\u00eet un \u00e2ge d\u2019or sans pr\u00e9c\u00e9\u00addent, port\u00e9 par des stars de cin\u00e9\u00adma qui\u2026 <\/p>\n","protected":false},"author":1,"featured_media":29644,"comment_status":"open","ping_status":"closed","sticky":false,"template":"","format":"standard","meta":{"wp_typography_post_enhancements_disabled":false,"footnotes":""},"categories":[55],"tags":[21947,693,779,875,21946,21945,21948,21944],"class_list":["post-29643","post","type-post","status-publish","format-standard","has-post-thumbnail","hentry","category-culture","tag-cinema-francais-2026","tag-culture","tag-engagement","tag-isabelle-adjani","tag-la-fin-du-courage","tag-laure-calamy","tag-paris-des-femmes","tag-theatre-de-latelier"],"yoast_head":"<!-- This site is optimized with the Yoast SEO plugin v24.7 - https:\/\/yoast.com\/wordpress\/plugins\/seo\/ -->\n<title>La Rentr\u00e9e Culturelle des Stars Fran\u00e7aises : Le Th\u00e9\u00e2tre comme Refuge Politique - Bobea<\/title>\n<meta name=\"description\" content=\"En ce dimanche 25 janvier 2026, Paris ne dort pas ; elle r\u00e9fl\u00e9chit. La sc\u00e8ne th\u00e9\u00e2trale parisienne conna\u00eet un \u00e2ge d&#039;or sans pr\u00e9c\u00e9dent\" \/>\n<meta name=\"robots\" content=\"index, follow, max-snippet:-1, max-image-preview:large, max-video-preview:-1\" \/>\n<link rel=\"canonical\" href=\"https:\/\/bobea.net\/index.php\/2026\/01\/25\/la-rentree-culturelle-des-stars-francaises-le-theatre-comme-refuge-politique\/\" \/>\n<meta property=\"og:locale\" content=\"fr_FR\" \/>\n<meta property=\"og:type\" content=\"article\" \/>\n<meta property=\"og:title\" content=\"La Rentr\u00e9e Culturelle des Stars Fran\u00e7aises : Le Th\u00e9\u00e2tre comme Refuge Politique - Bobea\" \/>\n<meta property=\"og:description\" content=\"En ce dimanche 25 janvier 2026, Paris ne dort pas ; elle r\u00e9fl\u00e9chit. La sc\u00e8ne th\u00e9\u00e2trale parisienne conna\u00eet un \u00e2ge d&#039;or sans pr\u00e9c\u00e9dent\" \/>\n<meta property=\"og:url\" content=\"https:\/\/bobea.net\/index.php\/2026\/01\/25\/la-rentree-culturelle-des-stars-francaises-le-theatre-comme-refuge-politique\/\" \/>\n<meta property=\"og:site_name\" content=\"Bobea\" \/>\n<meta property=\"article:publisher\" content=\"https:\/\/web.facebook.com\/profile.php?id=61559252188416\" \/>\n<meta property=\"article:published_time\" content=\"2026-01-25T10:08:15+00:00\" \/>\n<meta property=\"article:modified_time\" content=\"2026-01-25T10:08:17+00:00\" \/>\n<meta property=\"og:image\" content=\"https:\/\/bobea.net\/wp-content\/uploads\/2026\/01\/4DTHZ55F4JA2XHZGKOZQUU3RYQ.jpg\" \/>\n\t<meta property=\"og:image:width\" content=\"932\" \/>\n\t<meta property=\"og:image:height\" content=\"582\" \/>\n\t<meta property=\"og:image:type\" content=\"image\/jpeg\" \/>\n<meta name=\"author\" content=\"bobea.info\" \/>\n<meta name=\"twitter:card\" content=\"summary_large_image\" \/>\n<meta name=\"twitter:label1\" content=\"\u00c9crit par\" \/>\n\t<meta name=\"twitter:data1\" content=\"bobea.info\" \/>\n\t<meta name=\"twitter:label2\" content=\"Dur\u00e9e de lecture estim\u00e9e\" \/>\n\t<meta name=\"twitter:data2\" content=\"3 minutes\" \/>\n<script type=\"application\/ld+json\" class=\"yoast-schema-graph\">{\"@context\":\"https:\/\/schema.org\",\"@graph\":[{\"@type\":\"Article\",\"@id\":\"https:\/\/bobea.net\/index.php\/2026\/01\/25\/la-rentree-culturelle-des-stars-francaises-le-theatre-comme-refuge-politique\/#article\",\"isPartOf\":{\"@id\":\"https:\/\/bobea.net\/index.php\/2026\/01\/25\/la-rentree-culturelle-des-stars-francaises-le-theatre-comme-refuge-politique\/\"},\"author\":{\"name\":\"bobea.info\",\"@id\":\"https:\/\/bobea.net\/#\/schema\/person\/e7f45ef187918d7c956bf619dce90ccf\"},\"headline\":\"La Rentr\u00e9e Culturelle des Stars Fran\u00e7aises : Le Th\u00e9\u00e2tre comme Refuge Politique\",\"datePublished\":\"2026-01-25T10:08:15+00:00\",\"dateModified\":\"2026-01-25T10:08:17+00:00\",\"mainEntityOfPage\":{\"@id\":\"https:\/\/bobea.net\/index.php\/2026\/01\/25\/la-rentree-culturelle-des-stars-francaises-le-theatre-comme-refuge-politique\/\"},\"wordCount\":399,\"commentCount\":0,\"publisher\":{\"@id\":\"https:\/\/bobea.net\/#organization\"},\"image\":{\"@id\":\"https:\/\/bobea.net\/index.php\/2026\/01\/25\/la-rentree-culturelle-des-stars-francaises-le-theatre-comme-refuge-politique\/#primaryimage\"},\"thumbnailUrl\":\"https:\/\/bobea.net\/wp-content\/uploads\/2026\/01\/4DTHZ55F4JA2XHZGKOZQUU3RYQ.jpg\",\"keywords\":[\"Cin\u00e9ma Fran\u00e7ais 2026\",\"culture\",\"engagement.\",\"Isabelle Adjani\",\"La Fin du courage\",\"Laure Calamy\",\"Paris des Femmes\",\"Th\u00e9\u00e2tre de l'Atelier\"],\"articleSection\":[\"Culture\"],\"inLanguage\":\"fr-FR\",\"potentialAction\":[{\"@type\":\"CommentAction\",\"name\":\"Comment\",\"target\":[\"https:\/\/bobea.net\/index.php\/2026\/01\/25\/la-rentree-culturelle-des-stars-francaises-le-theatre-comme-refuge-politique\/#respond\"]}]},{\"@type\":\"WebPage\",\"@id\":\"https:\/\/bobea.net\/index.php\/2026\/01\/25\/la-rentree-culturelle-des-stars-francaises-le-theatre-comme-refuge-politique\/\",\"url\":\"https:\/\/bobea.net\/index.php\/2026\/01\/25\/la-rentree-culturelle-des-stars-francaises-le-theatre-comme-refuge-politique\/\",\"name\":\"La Rentr\u00e9e Culturelle des Stars Fran\u00e7aises : Le Th\u00e9\u00e2tre comme Refuge Politique - Bobea\",\"isPartOf\":{\"@id\":\"https:\/\/bobea.net\/#website\"},\"primaryImageOfPage\":{\"@id\":\"https:\/\/bobea.net\/index.php\/2026\/01\/25\/la-rentree-culturelle-des-stars-francaises-le-theatre-comme-refuge-politique\/#primaryimage\"},\"image\":{\"@id\":\"https:\/\/bobea.net\/index.php\/2026\/01\/25\/la-rentree-culturelle-des-stars-francaises-le-theatre-comme-refuge-politique\/#primaryimage\"},\"thumbnailUrl\":\"https:\/\/bobea.net\/wp-content\/uploads\/2026\/01\/4DTHZ55F4JA2XHZGKOZQUU3RYQ.jpg\",\"datePublished\":\"2026-01-25T10:08:15+00:00\",\"dateModified\":\"2026-01-25T10:08:17+00:00\",\"description\":\"En ce dimanche 25 janvier 2026, Paris ne dort pas ; elle r\u00e9fl\u00e9chit. La sc\u00e8ne th\u00e9\u00e2trale parisienne conna\u00eet un \u00e2ge d'or sans pr\u00e9c\u00e9dent\",\"breadcrumb\":{\"@id\":\"https:\/\/bobea.net\/index.php\/2026\/01\/25\/la-rentree-culturelle-des-stars-francaises-le-theatre-comme-refuge-politique\/#breadcrumb\"},\"inLanguage\":\"fr-FR\",\"potentialAction\":[{\"@type\":\"ReadAction\",\"target\":[\"https:\/\/bobea.net\/index.php\/2026\/01\/25\/la-rentree-culturelle-des-stars-francaises-le-theatre-comme-refuge-politique\/\"]}]},{\"@type\":\"ImageObject\",\"inLanguage\":\"fr-FR\",\"@id\":\"https:\/\/bobea.net\/index.php\/2026\/01\/25\/la-rentree-culturelle-des-stars-francaises-le-theatre-comme-refuge-politique\/#primaryimage\",\"url\":\"https:\/\/bobea.net\/wp-content\/uploads\/2026\/01\/4DTHZ55F4JA2XHZGKOZQUU3RYQ.jpg\",\"contentUrl\":\"https:\/\/bobea.net\/wp-content\/uploads\/2026\/01\/4DTHZ55F4JA2XHZGKOZQUU3RYQ.jpg\",\"width\":932,\"height\":582,\"caption\":\"O U I est une r\u00e9sidence de la danseuse et chor\u00e9graphe R\u00e9gine Chopinot sur trois saisons \u00e0 l\u0092Acad\u00e9mie de l\u0092Op\u00e9ra national de Paris. Tout au long de la saison, des ateliers de pratique chor\u00e9graphique accueillent des personnes en situation d\u0092exil, en apprentissage de la langue fran\u00e7aise ou en situation de pr\u00e9carit\u00e9. Via la danse, alliant le geste \u00e0 la parole, ce projet a pour objet de transmettre des outils d\u0092\u00e9panouissement personnel, humain et soci\u00e9tal. Op\u00e9ra Bastille, Pl. de la Bastille, 75012 Paris Le 08\/03\/2022 Photo : Delphine Goldsztejn\"},{\"@type\":\"BreadcrumbList\",\"@id\":\"https:\/\/bobea.net\/index.php\/2026\/01\/25\/la-rentree-culturelle-des-stars-francaises-le-theatre-comme-refuge-politique\/#breadcrumb\",\"itemListElement\":[{\"@type\":\"ListItem\",\"position\":1,\"name\":\"Accueil\",\"item\":\"https:\/\/bobea.net\/\"},{\"@type\":\"ListItem\",\"position\":2,\"name\":\"La Rentr\u00e9e Culturelle des Stars Fran\u00e7aises : Le Th\u00e9\u00e2tre comme Refuge Politique\"}]},{\"@type\":\"WebSite\",\"@id\":\"https:\/\/bobea.net\/#website\",\"url\":\"https:\/\/bobea.net\/\",\"name\":\"Bobea\",\"description\":\"Le magazine de la nouvelle \u00c8ve\",\"publisher\":{\"@id\":\"https:\/\/bobea.net\/#organization\"},\"potentialAction\":[{\"@type\":\"SearchAction\",\"target\":{\"@type\":\"EntryPoint\",\"urlTemplate\":\"https:\/\/bobea.net\/?s={search_term_string}\"},\"query-input\":{\"@type\":\"PropertyValueSpecification\",\"valueRequired\":true,\"valueName\":\"search_term_string\"}}],\"inLanguage\":\"fr-FR\"},{\"@type\":\"Organization\",\"@id\":\"https:\/\/bobea.net\/#organization\",\"name\":\"Bobea\",\"url\":\"https:\/\/bobea.net\/\",\"logo\":{\"@type\":\"ImageObject\",\"inLanguage\":\"fr-FR\",\"@id\":\"https:\/\/bobea.net\/#\/schema\/logo\/image\/\",\"url\":\"https:\/\/bobea.net\/wp-content\/uploads\/2024\/06\/bobea.jpg\",\"contentUrl\":\"https:\/\/bobea.net\/wp-content\/uploads\/2024\/06\/bobea.jpg\",\"width\":1080,\"height\":1080,\"caption\":\"Bobea\"},\"image\":{\"@id\":\"https:\/\/bobea.net\/#\/schema\/logo\/image\/\"},\"sameAs\":[\"https:\/\/web.facebook.com\/profile.php?id=61559252188416\"]},{\"@type\":\"Person\",\"@id\":\"https:\/\/bobea.net\/#\/schema\/person\/e7f45ef187918d7c956bf619dce90ccf\",\"name\":\"bobea.info\",\"image\":{\"@type\":\"ImageObject\",\"inLanguage\":\"fr-FR\",\"@id\":\"https:\/\/bobea.net\/#\/schema\/person\/image\/\",\"url\":\"https:\/\/secure.gravatar.com\/avatar\/36147980349df887ae30808df3e29474?s=96&d=mm&r=g\",\"contentUrl\":\"https:\/\/secure.gravatar.com\/avatar\/36147980349df887ae30808df3e29474?s=96&d=mm&r=g\",\"caption\":\"bobea.info\"},\"sameAs\":[\"https:\/\/bobea.net\"],\"url\":\"https:\/\/bobea.net\/index.php\/author\/bobea-info\/\"}]}<\/script>\n<!-- \/ Yoast SEO plugin. -->","yoast_head_json":{"title":"La Rentr\u00e9e Culturelle des Stars Fran\u00e7aises : Le Th\u00e9\u00e2tre comme Refuge Politique - Bobea","description":"En ce dimanche 25 janvier 2026, Paris ne dort pas ; elle r\u00e9fl\u00e9chit. La sc\u00e8ne th\u00e9\u00e2trale parisienne conna\u00eet un \u00e2ge d'or sans pr\u00e9c\u00e9dent","robots":{"index":"index","follow":"follow","max-snippet":"max-snippet:-1","max-image-preview":"max-image-preview:large","max-video-preview":"max-video-preview:-1"},"canonical":"https:\/\/bobea.net\/index.php\/2026\/01\/25\/la-rentree-culturelle-des-stars-francaises-le-theatre-comme-refuge-politique\/","og_locale":"fr_FR","og_type":"article","og_title":"La Rentr\u00e9e Culturelle des Stars Fran\u00e7aises : Le Th\u00e9\u00e2tre comme Refuge Politique - Bobea","og_description":"En ce dimanche 25 janvier 2026, Paris ne dort pas ; elle r\u00e9fl\u00e9chit. La sc\u00e8ne th\u00e9\u00e2trale parisienne conna\u00eet un \u00e2ge d'or sans pr\u00e9c\u00e9dent","og_url":"https:\/\/bobea.net\/index.php\/2026\/01\/25\/la-rentree-culturelle-des-stars-francaises-le-theatre-comme-refuge-politique\/","og_site_name":"Bobea","article_publisher":"https:\/\/web.facebook.com\/profile.php?id=61559252188416","article_published_time":"2026-01-25T10:08:15+00:00","article_modified_time":"2026-01-25T10:08:17+00:00","og_image":[{"width":932,"height":582,"url":"https:\/\/bobea.net\/wp-content\/uploads\/2026\/01\/4DTHZ55F4JA2XHZGKOZQUU3RYQ.jpg","type":"image\/jpeg"}],"author":"bobea.info","twitter_card":"summary_large_image","twitter_misc":{"\u00c9crit par":"bobea.info","Dur\u00e9e de lecture estim\u00e9e":"3 minutes"},"schema":{"@context":"https:\/\/schema.org","@graph":[{"@type":"Article","@id":"https:\/\/bobea.net\/index.php\/2026\/01\/25\/la-rentree-culturelle-des-stars-francaises-le-theatre-comme-refuge-politique\/#article","isPartOf":{"@id":"https:\/\/bobea.net\/index.php\/2026\/01\/25\/la-rentree-culturelle-des-stars-francaises-le-theatre-comme-refuge-politique\/"},"author":{"name":"bobea.info","@id":"https:\/\/bobea.net\/#\/schema\/person\/e7f45ef187918d7c956bf619dce90ccf"},"headline":"La Rentr\u00e9e Culturelle des Stars Fran\u00e7aises : Le Th\u00e9\u00e2tre comme Refuge Politique","datePublished":"2026-01-25T10:08:15+00:00","dateModified":"2026-01-25T10:08:17+00:00","mainEntityOfPage":{"@id":"https:\/\/bobea.net\/index.php\/2026\/01\/25\/la-rentree-culturelle-des-stars-francaises-le-theatre-comme-refuge-politique\/"},"wordCount":399,"commentCount":0,"publisher":{"@id":"https:\/\/bobea.net\/#organization"},"image":{"@id":"https:\/\/bobea.net\/index.php\/2026\/01\/25\/la-rentree-culturelle-des-stars-francaises-le-theatre-comme-refuge-politique\/#primaryimage"},"thumbnailUrl":"https:\/\/bobea.net\/wp-content\/uploads\/2026\/01\/4DTHZ55F4JA2XHZGKOZQUU3RYQ.jpg","keywords":["Cin\u00e9ma Fran\u00e7ais 2026","culture","engagement.","Isabelle Adjani","La Fin du courage","Laure Calamy","Paris des Femmes","Th\u00e9\u00e2tre de l'Atelier"],"articleSection":["Culture"],"inLanguage":"fr-FR","potentialAction":[{"@type":"CommentAction","name":"Comment","target":["https:\/\/bobea.net\/index.php\/2026\/01\/25\/la-rentree-culturelle-des-stars-francaises-le-theatre-comme-refuge-politique\/#respond"]}]},{"@type":"WebPage","@id":"https:\/\/bobea.net\/index.php\/2026\/01\/25\/la-rentree-culturelle-des-stars-francaises-le-theatre-comme-refuge-politique\/","url":"https:\/\/bobea.net\/index.php\/2026\/01\/25\/la-rentree-culturelle-des-stars-francaises-le-theatre-comme-refuge-politique\/","name":"La Rentr\u00e9e Culturelle des Stars Fran\u00e7aises : Le Th\u00e9\u00e2tre comme Refuge Politique - Bobea","isPartOf":{"@id":"https:\/\/bobea.net\/#website"},"primaryImageOfPage":{"@id":"https:\/\/bobea.net\/index.php\/2026\/01\/25\/la-rentree-culturelle-des-stars-francaises-le-theatre-comme-refuge-politique\/#primaryimage"},"image":{"@id":"https:\/\/bobea.net\/index.php\/2026\/01\/25\/la-rentree-culturelle-des-stars-francaises-le-theatre-comme-refuge-politique\/#primaryimage"},"thumbnailUrl":"https:\/\/bobea.net\/wp-content\/uploads\/2026\/01\/4DTHZ55F4JA2XHZGKOZQUU3RYQ.jpg","datePublished":"2026-01-25T10:08:15+00:00","dateModified":"2026-01-25T10:08:17+00:00","description":"En ce dimanche 25 janvier 2026, Paris ne dort pas ; elle r\u00e9fl\u00e9chit. La sc\u00e8ne th\u00e9\u00e2trale parisienne conna\u00eet un \u00e2ge d'or sans pr\u00e9c\u00e9dent","breadcrumb":{"@id":"https:\/\/bobea.net\/index.php\/2026\/01\/25\/la-rentree-culturelle-des-stars-francaises-le-theatre-comme-refuge-politique\/#breadcrumb"},"inLanguage":"fr-FR","potentialAction":[{"@type":"ReadAction","target":["https:\/\/bobea.net\/index.php\/2026\/01\/25\/la-rentree-culturelle-des-stars-francaises-le-theatre-comme-refuge-politique\/"]}]},{"@type":"ImageObject","inLanguage":"fr-FR","@id":"https:\/\/bobea.net\/index.php\/2026\/01\/25\/la-rentree-culturelle-des-stars-francaises-le-theatre-comme-refuge-politique\/#primaryimage","url":"https:\/\/bobea.net\/wp-content\/uploads\/2026\/01\/4DTHZ55F4JA2XHZGKOZQUU3RYQ.jpg","contentUrl":"https:\/\/bobea.net\/wp-content\/uploads\/2026\/01\/4DTHZ55F4JA2XHZGKOZQUU3RYQ.jpg","width":932,"height":582,"caption":"O U I est une r\u00e9sidence de la danseuse et chor\u00e9graphe R\u00e9gine Chopinot sur trois saisons \u00e0 l\u0092Acad\u00e9mie de l\u0092Op\u00e9ra national de Paris. Tout au long de la saison, des ateliers de pratique chor\u00e9graphique accueillent des personnes en situation d\u0092exil, en apprentissage de la langue fran\u00e7aise ou en situation de pr\u00e9carit\u00e9. Via la danse, alliant le geste \u00e0 la parole, ce projet a pour objet de transmettre des outils d\u0092\u00e9panouissement personnel, humain et soci\u00e9tal. Op\u00e9ra Bastille, Pl. de la Bastille, 75012 Paris Le 08\/03\/2022 Photo : Delphine Goldsztejn"},{"@type":"BreadcrumbList","@id":"https:\/\/bobea.net\/index.php\/2026\/01\/25\/la-rentree-culturelle-des-stars-francaises-le-theatre-comme-refuge-politique\/#breadcrumb","itemListElement":[{"@type":"ListItem","position":1,"name":"Accueil","item":"https:\/\/bobea.net\/"},{"@type":"ListItem","position":2,"name":"La Rentr\u00e9e Culturelle des Stars Fran\u00e7aises : Le Th\u00e9\u00e2tre comme Refuge Politique"}]},{"@type":"WebSite","@id":"https:\/\/bobea.net\/#website","url":"https:\/\/bobea.net\/","name":"Bobea","description":"Le magazine de la nouvelle \u00c8ve","publisher":{"@id":"https:\/\/bobea.net\/#organization"},"potentialAction":[{"@type":"SearchAction","target":{"@type":"EntryPoint","urlTemplate":"https:\/\/bobea.net\/?s={search_term_string}"},"query-input":{"@type":"PropertyValueSpecification","valueRequired":true,"valueName":"search_term_string"}}],"inLanguage":"fr-FR"},{"@type":"Organization","@id":"https:\/\/bobea.net\/#organization","name":"Bobea","url":"https:\/\/bobea.net\/","logo":{"@type":"ImageObject","inLanguage":"fr-FR","@id":"https:\/\/bobea.net\/#\/schema\/logo\/image\/","url":"https:\/\/bobea.net\/wp-content\/uploads\/2024\/06\/bobea.jpg","contentUrl":"https:\/\/bobea.net\/wp-content\/uploads\/2024\/06\/bobea.jpg","width":1080,"height":1080,"caption":"Bobea"},"image":{"@id":"https:\/\/bobea.net\/#\/schema\/logo\/image\/"},"sameAs":["https:\/\/web.facebook.com\/profile.php?id=61559252188416"]},{"@type":"Person","@id":"https:\/\/bobea.net\/#\/schema\/person\/e7f45ef187918d7c956bf619dce90ccf","name":"bobea.info","image":{"@type":"ImageObject","inLanguage":"fr-FR","@id":"https:\/\/bobea.net\/#\/schema\/person\/image\/","url":"https:\/\/secure.gravatar.com\/avatar\/36147980349df887ae30808df3e29474?s=96&d=mm&r=g","contentUrl":"https:\/\/secure.gravatar.com\/avatar\/36147980349df887ae30808df3e29474?s=96&d=mm&r=g","caption":"bobea.info"},"sameAs":["https:\/\/bobea.net"],"url":"https:\/\/bobea.net\/index.php\/author\/bobea-info\/"}]}},"_links":{"self":[{"href":"https:\/\/bobea.net\/index.php\/wp-json\/wp\/v2\/posts\/29643"}],"collection":[{"href":"https:\/\/bobea.net\/index.php\/wp-json\/wp\/v2\/posts"}],"about":[{"href":"https:\/\/bobea.net\/index.php\/wp-json\/wp\/v2\/types\/post"}],"author":[{"embeddable":true,"href":"https:\/\/bobea.net\/index.php\/wp-json\/wp\/v2\/users\/1"}],"replies":[{"embeddable":true,"href":"https:\/\/bobea.net\/index.php\/wp-json\/wp\/v2\/comments?post=29643"}],"version-history":[{"count":1,"href":"https:\/\/bobea.net\/index.php\/wp-json\/wp\/v2\/posts\/29643\/revisions"}],"predecessor-version":[{"id":29646,"href":"https:\/\/bobea.net\/index.php\/wp-json\/wp\/v2\/posts\/29643\/revisions\/29646"}],"wp:featuredmedia":[{"embeddable":true,"href":"https:\/\/bobea.net\/index.php\/wp-json\/wp\/v2\/media\/29644"}],"wp:attachment":[{"href":"https:\/\/bobea.net\/index.php\/wp-json\/wp\/v2\/media?parent=29643"}],"wp:term":[{"taxonomy":"category","embeddable":true,"href":"https:\/\/bobea.net\/index.php\/wp-json\/wp\/v2\/categories?post=29643"},{"taxonomy":"post_tag","embeddable":true,"href":"https:\/\/bobea.net\/index.php\/wp-json\/wp\/v2\/tags?post=29643"}],"curies":[{"name":"wp","href":"https:\/\/api.w.org\/{rel}","templated":true}]}}