{"id":29632,"date":"2026-01-25T09:31:41","date_gmt":"2026-01-25T09:31:41","guid":{"rendered":"https:\/\/bobea.net\/?p=29632"},"modified":"2026-01-25T09:31:43","modified_gmt":"2026-01-25T09:31:43","slug":"le-clan-gainsbourg-doillon-anatomie-dune-dynastie-culturelle-en-2026","status":"publish","type":"post","link":"https:\/\/bobea.net\/index.php\/2026\/01\/25\/le-clan-gainsbourg-doillon-anatomie-dune-dynastie-culturelle-en-2026\/","title":{"rendered":"Le Clan Gainsbourg-Doillon : Anatomie d\u2019une Dynastie Culturelle en 2026"},"content":{"rendered":"\n<p>En ce mois de jan\u00advi\u00ader 2026, alors que la fa\u00e7ade de la rue de Verneuil est dev\u00adenue le cen\u00adtre de grav\u00adit\u00e9 d\u2019un p\u00e8leri\u00adnage mon\u00addi\u00adal, le clan Gains\u00adbourg-Doil\u00adlon s\u2019im\u00adpose comme la derni\u00e8re v\u00e9ri\u00adta\u00adble aris\u00adto\u00adcratie cul\u00adturelle fran\u00e7aise. Pour les lec\u00adtri\u00adces de <strong>BOBEA<\/strong>, ce clan ne repr\u00e9sente pas seule\u00adment une lign\u00e9e de c\u00e9l\u00e9brit\u00e9s ; il incar\u00adne une m\u00e9th\u00adode de trans\u00admis\u00adsion du savoir et de l\u2019al\u00adlure qui refuse les codes liss\u00ades de la moder\u00adnit\u00e9 num\u00e9rique.<\/p>\n\n\n\n<p><strong>La Mai\u00adson Gains\u00adbourg : Le sanc\u00adtu\u00adaire de la m\u00e9moire vive<\/strong> <\/p>\n\n\n\n<p>Deux ans apr\u00e8s la dis\u00adpari\u00adtion de Jane Birkin, ses filles, Char\u00adlotte et Lou, ont r\u00e9us\u00adsi l\u2019impossible : trans\u00adformer le deuil en un pro\u00adjet de p\u00e9ren\u00adnit\u00e9 intel\u00adlectuelle. La Mai\u00adson Gains\u00adbourg n\u2019est pas un mus\u00e9e fig\u00e9 ; c\u2019est un lab\u00ado\u00adra\u00adtoire de l\u2019esth\u00e9\u00adtique \u201cGains\u00adbouri\u00adenne\u201d o\u00f9 l\u2019im\u00adper\u00adfec\u00adtion est \u00e9rig\u00e9e au rang de noblesse. Char\u00adlotte, par sa dis\u00adcr\u00e9\u00adtion rad\u00adi\u00adcale, et Lou, par son bouil\u00adlon\u00adnement artis\u00adtique (musique, dessin, \u00e9cri\u00adt\u00adure), dessi\u00adnent les con\u00adtours d\u2019une f\u00e9minit\u00e9 qui n\u2019a pas peur de ses f\u00ealures. En 2026, la trans\u00admis\u00adsion n\u2019est plus une ques\u00adtion de pat\u00adri\u00admoine financier, mais de pat\u00adri\u00admoine \u00e9mo\u00adtion\u00adnel et cr\u00e9atif.<\/p>\n\n\n\n<figure class=\"wp-block-image size-full is-resized\"><img loading=\"lazy\" decoding=\"async\" width=\"677\" height=\"439\" src=\"https:\/\/bobea.net\/wp-content\/uploads\/2026\/01\/image-144.png\" alt class=\"wp-image-29634\" style=\"width:840px;height:auto\" srcset=\"https:\/\/bobea.net\/wp-content\/uploads\/2026\/01\/image-144.png 677w, https:\/\/bobea.net\/wp-content\/uploads\/2026\/01\/image-144-300x195.png 300w\" sizes=\"(max-width: 677px) 100vw, 677px\"><\/figure>\n\n\n\n<p><strong>L\u2019esth\u00e9tique de l\u2019\u00e9pure : Char\u00adlotte Gains\u00adbourg ou le refus de l\u2019artifice<\/strong> <\/p>\n\n\n\n<p>Pour les femmes de pou\u00advoir qui nous lisent, Char\u00adlotte Gains\u00adbourg reste l\u2019ic\u00f4ne absolue. En 2026, alors que l\u2019im\u00adage est partout sat\u00adur\u00e9e de fil\u00adtres, elle impose le \u201cz\u00e9ro fil\u00adtre\u201d. Son allure \u2014 jean vin\u00adtage, veste d\u2019homme, regard direct \u2014 est un acte mil\u00adi\u00adtant. Elle prou\u00adve que l\u2019au\u00adtorit\u00e9 n\u2019a pas besoin de l\u2019ap\u00adpa\u00adrat. Ce \u201cQui\u00adet Lux\u00adu\u00adry\u201d avant l\u2019heure, qu\u2019elle pra\u00adtique depuis trente ans, est devenu le stan\u00addard de l\u2019\u00e9l\u00e9\u00adgance intel\u00adlectuelle. Elle incar\u00adne cette France qui pr\u00e9f\u00e8re le texte \u00e0 l\u2019im\u00adage, et le silence au vacarme m\u00e9di\u00ada\u00adtique.<\/p>\n\n\n\n<p><strong>Lou Doil\u00adlon : La po\u00e9tesse du quo\u00adti\u00addi\u00aden<\/strong> <\/p>\n\n\n\n<p>De son c\u00f4t\u00e9, Lou Doil\u00adlon con\u00adtin\u00adue d\u2019ex\u00adplor\u00ader les marges de la cul\u00adture avec une \u00e9ru\u00addi\u00adtion qui force le respect. Ses car\u00adnets, ses lec\u00adtures publiques et sa musique font d\u2019elle la repr\u00e9sen\u00adtante d\u2019une boh\u00e8me \u00e9duqu\u00e9e qui ne tran\u00adsige pas avec la qual\u00adit\u00e9. Le clan Gains\u00adbourg-Doil\u00adlon est une le\u00e7on de survie sym\u00adbol\u00adique : com\u00adment rester soi-m\u00eame quand on est l\u2019h\u00e9ri\u00adti\u00e8re d\u2019un mythe ? La r\u00e9ponse, en 2026, est claire : en cr\u00e9ant sans rel\u00e2che, et en faisant de sa vie une \u0153uvre d\u2019art exigeante.<\/p>\n","protected":false},"excerpt":{"rendered":"<p>En ce mois de jan\u00advi\u00ader 2026, alors que la fa\u00e7ade de la rue de Verneuil est dev\u00adenue le cen\u00adtre de grav\u00adit\u00e9 d\u2019un p\u00e8leri\u00adnage mon\u00addi\u00adal, le clan Gain\u00ads\u00adbourg-Doil\u00adlon s\u2019im\u00adpose comme la\u2026 <\/p>\n","protected":false},"author":1,"featured_media":29633,"comment_status":"open","ping_status":"closed","sticky":false,"template":"","format":"standard","meta":{"wp_typography_post_enhancements_disabled":false,"footnotes":""},"categories":[53],"tags":[1764,4913,21937,4515,21936,21934,21935,11803],"class_list":["post-29632","post","type-post","status-publish","format-standard","has-post-thumbnail","hentry","category-viva","tag-charlotte-gainsbourg","tag-heritage-culturel","tag-intellectuel-chic","tag-jane-birkin","tag-lou-doillon","tag-maison-gainsbourg","tag-style-francais","tag-transmission"],"yoast_head":"<!-- This site is optimized with the Yoast SEO plugin v24.7 - https:\/\/yoast.com\/wordpress\/plugins\/seo\/ -->\n<title>Le Clan Gainsbourg-Doillon : Anatomie d\u2019une Dynastie Culturelle en 2026 - Bobea<\/title>\n<meta name=\"description\" content=\"En ce mois de janvier 2026, alors que la fa\u00e7ade de la rue de Verneuil est devenue le centre de gravit\u00e9 d&#039;un p\u00e8lerinage mondial\" \/>\n<meta name=\"robots\" content=\"index, follow, max-snippet:-1, max-image-preview:large, max-video-preview:-1\" \/>\n<link rel=\"canonical\" href=\"https:\/\/bobea.net\/index.php\/2026\/01\/25\/le-clan-gainsbourg-doillon-anatomie-dune-dynastie-culturelle-en-2026\/\" \/>\n<meta property=\"og:locale\" content=\"fr_FR\" \/>\n<meta property=\"og:type\" content=\"article\" \/>\n<meta property=\"og:title\" content=\"Le Clan Gainsbourg-Doillon : Anatomie d\u2019une Dynastie Culturelle en 2026 - Bobea\" \/>\n<meta property=\"og:description\" content=\"En ce mois de janvier 2026, alors que la fa\u00e7ade de la rue de Verneuil est devenue le centre de gravit\u00e9 d&#039;un p\u00e8lerinage mondial\" \/>\n<meta property=\"og:url\" content=\"https:\/\/bobea.net\/index.php\/2026\/01\/25\/le-clan-gainsbourg-doillon-anatomie-dune-dynastie-culturelle-en-2026\/\" \/>\n<meta property=\"og:site_name\" content=\"Bobea\" \/>\n<meta property=\"article:publisher\" content=\"https:\/\/web.facebook.com\/profile.php?id=61559252188416\" \/>\n<meta property=\"article:published_time\" content=\"2026-01-25T09:31:41+00:00\" \/>\n<meta property=\"article:modified_time\" content=\"2026-01-25T09:31:43+00:00\" \/>\n<meta property=\"og:image\" content=\"https:\/\/bobea.net\/wp-content\/uploads\/2026\/01\/ABACA_978851_011-scaled-e1765711529493-1024x529-1.jpg\" \/>\n\t<meta property=\"og:image:width\" content=\"1024\" \/>\n\t<meta property=\"og:image:height\" content=\"529\" \/>\n\t<meta property=\"og:image:type\" content=\"image\/jpeg\" \/>\n<meta name=\"author\" content=\"bobea.info\" \/>\n<meta name=\"twitter:card\" content=\"summary_large_image\" \/>\n<meta name=\"twitter:label1\" content=\"\u00c9crit par\" \/>\n\t<meta name=\"twitter:data1\" content=\"bobea.info\" \/>\n\t<meta name=\"twitter:label2\" content=\"Dur\u00e9e de lecture estim\u00e9e\" \/>\n\t<meta name=\"twitter:data2\" content=\"3 minutes\" \/>\n<script type=\"application\/ld+json\" class=\"yoast-schema-graph\">{\"@context\":\"https:\/\/schema.org\",\"@graph\":[{\"@type\":\"Article\",\"@id\":\"https:\/\/bobea.net\/index.php\/2026\/01\/25\/le-clan-gainsbourg-doillon-anatomie-dune-dynastie-culturelle-en-2026\/#article\",\"isPartOf\":{\"@id\":\"https:\/\/bobea.net\/index.php\/2026\/01\/25\/le-clan-gainsbourg-doillon-anatomie-dune-dynastie-culturelle-en-2026\/\"},\"author\":{\"name\":\"bobea.info\",\"@id\":\"https:\/\/bobea.net\/#\/schema\/person\/e7f45ef187918d7c956bf619dce90ccf\"},\"headline\":\"Le Clan Gainsbourg-Doillon : Anatomie d\u2019une Dynastie Culturelle en 2026\",\"datePublished\":\"2026-01-25T09:31:41+00:00\",\"dateModified\":\"2026-01-25T09:31:43+00:00\",\"mainEntityOfPage\":{\"@id\":\"https:\/\/bobea.net\/index.php\/2026\/01\/25\/le-clan-gainsbourg-doillon-anatomie-dune-dynastie-culturelle-en-2026\/\"},\"wordCount\":423,\"commentCount\":0,\"publisher\":{\"@id\":\"https:\/\/bobea.net\/#organization\"},\"image\":{\"@id\":\"https:\/\/bobea.net\/index.php\/2026\/01\/25\/le-clan-gainsbourg-doillon-anatomie-dune-dynastie-culturelle-en-2026\/#primaryimage\"},\"thumbnailUrl\":\"https:\/\/bobea.net\/wp-content\/uploads\/2026\/01\/ABACA_978851_011-scaled-e1765711529493-1024x529-1.jpg\",\"keywords\":[\"Charlotte Gainsbourg\",\"h\u00e9ritage culturel\",\"Intellectuel Chic\",\"Jane Birkin\",\"Lou Doillon\",\"Maison Gainsbourg\",\"Style fran\u00e7ais\",\"transmission\"],\"articleSection\":[\"Viva\"],\"inLanguage\":\"fr-FR\",\"potentialAction\":[{\"@type\":\"CommentAction\",\"name\":\"Comment\",\"target\":[\"https:\/\/bobea.net\/index.php\/2026\/01\/25\/le-clan-gainsbourg-doillon-anatomie-dune-dynastie-culturelle-en-2026\/#respond\"]}]},{\"@type\":\"WebPage\",\"@id\":\"https:\/\/bobea.net\/index.php\/2026\/01\/25\/le-clan-gainsbourg-doillon-anatomie-dune-dynastie-culturelle-en-2026\/\",\"url\":\"https:\/\/bobea.net\/index.php\/2026\/01\/25\/le-clan-gainsbourg-doillon-anatomie-dune-dynastie-culturelle-en-2026\/\",\"name\":\"Le Clan Gainsbourg-Doillon : Anatomie d\u2019une Dynastie Culturelle en 2026 - Bobea\",\"isPartOf\":{\"@id\":\"https:\/\/bobea.net\/#website\"},\"primaryImageOfPage\":{\"@id\":\"https:\/\/bobea.net\/index.php\/2026\/01\/25\/le-clan-gainsbourg-doillon-anatomie-dune-dynastie-culturelle-en-2026\/#primaryimage\"},\"image\":{\"@id\":\"https:\/\/bobea.net\/index.php\/2026\/01\/25\/le-clan-gainsbourg-doillon-anatomie-dune-dynastie-culturelle-en-2026\/#primaryimage\"},\"thumbnailUrl\":\"https:\/\/bobea.net\/wp-content\/uploads\/2026\/01\/ABACA_978851_011-scaled-e1765711529493-1024x529-1.jpg\",\"datePublished\":\"2026-01-25T09:31:41+00:00\",\"dateModified\":\"2026-01-25T09:31:43+00:00\",\"description\":\"En ce mois de janvier 2026, alors que la fa\u00e7ade de la rue de Verneuil est devenue le centre de gravit\u00e9 d'un p\u00e8lerinage mondial\",\"breadcrumb\":{\"@id\":\"https:\/\/bobea.net\/index.php\/2026\/01\/25\/le-clan-gainsbourg-doillon-anatomie-dune-dynastie-culturelle-en-2026\/#breadcrumb\"},\"inLanguage\":\"fr-FR\",\"potentialAction\":[{\"@type\":\"ReadAction\",\"target\":[\"https:\/\/bobea.net\/index.php\/2026\/01\/25\/le-clan-gainsbourg-doillon-anatomie-dune-dynastie-culturelle-en-2026\/\"]}]},{\"@type\":\"ImageObject\",\"inLanguage\":\"fr-FR\",\"@id\":\"https:\/\/bobea.net\/index.php\/2026\/01\/25\/le-clan-gainsbourg-doillon-anatomie-dune-dynastie-culturelle-en-2026\/#primaryimage\",\"url\":\"https:\/\/bobea.net\/wp-content\/uploads\/2026\/01\/ABACA_978851_011-scaled-e1765711529493-1024x529-1.jpg\",\"contentUrl\":\"https:\/\/bobea.net\/wp-content\/uploads\/2026\/01\/ABACA_978851_011-scaled-e1765711529493-1024x529-1.jpg\",\"width\":1024,\"height\":529,\"caption\":\"Le Clan Gainsbourg-Doillon : Anatomie d\u2019une Dynastie Culturelle en 2026\"},{\"@type\":\"BreadcrumbList\",\"@id\":\"https:\/\/bobea.net\/index.php\/2026\/01\/25\/le-clan-gainsbourg-doillon-anatomie-dune-dynastie-culturelle-en-2026\/#breadcrumb\",\"itemListElement\":[{\"@type\":\"ListItem\",\"position\":1,\"name\":\"Accueil\",\"item\":\"https:\/\/bobea.net\/\"},{\"@type\":\"ListItem\",\"position\":2,\"name\":\"Le Clan Gainsbourg-Doillon : Anatomie d\u2019une Dynastie Culturelle en 2026\"}]},{\"@type\":\"WebSite\",\"@id\":\"https:\/\/bobea.net\/#website\",\"url\":\"https:\/\/bobea.net\/\",\"name\":\"Bobea\",\"description\":\"Le magazine de la nouvelle \u00c8ve\",\"publisher\":{\"@id\":\"https:\/\/bobea.net\/#organization\"},\"potentialAction\":[{\"@type\":\"SearchAction\",\"target\":{\"@type\":\"EntryPoint\",\"urlTemplate\":\"https:\/\/bobea.net\/?s={search_term_string}\"},\"query-input\":{\"@type\":\"PropertyValueSpecification\",\"valueRequired\":true,\"valueName\":\"search_term_string\"}}],\"inLanguage\":\"fr-FR\"},{\"@type\":\"Organization\",\"@id\":\"https:\/\/bobea.net\/#organization\",\"name\":\"Bobea\",\"url\":\"https:\/\/bobea.net\/\",\"logo\":{\"@type\":\"ImageObject\",\"inLanguage\":\"fr-FR\",\"@id\":\"https:\/\/bobea.net\/#\/schema\/logo\/image\/\",\"url\":\"https:\/\/bobea.net\/wp-content\/uploads\/2024\/06\/bobea.jpg\",\"contentUrl\":\"https:\/\/bobea.net\/wp-content\/uploads\/2024\/06\/bobea.jpg\",\"width\":1080,\"height\":1080,\"caption\":\"Bobea\"},\"image\":{\"@id\":\"https:\/\/bobea.net\/#\/schema\/logo\/image\/\"},\"sameAs\":[\"https:\/\/web.facebook.com\/profile.php?id=61559252188416\"]},{\"@type\":\"Person\",\"@id\":\"https:\/\/bobea.net\/#\/schema\/person\/e7f45ef187918d7c956bf619dce90ccf\",\"name\":\"bobea.info\",\"image\":{\"@type\":\"ImageObject\",\"inLanguage\":\"fr-FR\",\"@id\":\"https:\/\/bobea.net\/#\/schema\/person\/image\/\",\"url\":\"https:\/\/secure.gravatar.com\/avatar\/36147980349df887ae30808df3e29474?s=96&d=mm&r=g\",\"contentUrl\":\"https:\/\/secure.gravatar.com\/avatar\/36147980349df887ae30808df3e29474?s=96&d=mm&r=g\",\"caption\":\"bobea.info\"},\"sameAs\":[\"https:\/\/bobea.net\"],\"url\":\"https:\/\/bobea.net\/index.php\/author\/bobea-info\/\"}]}<\/script>\n<!-- \/ Yoast SEO plugin. -->","yoast_head_json":{"title":"Le Clan Gainsbourg-Doillon : Anatomie d\u2019une Dynastie Culturelle en 2026 - Bobea","description":"En ce mois de janvier 2026, alors que la fa\u00e7ade de la rue de Verneuil est devenue le centre de gravit\u00e9 d'un p\u00e8lerinage mondial","robots":{"index":"index","follow":"follow","max-snippet":"max-snippet:-1","max-image-preview":"max-image-preview:large","max-video-preview":"max-video-preview:-1"},"canonical":"https:\/\/bobea.net\/index.php\/2026\/01\/25\/le-clan-gainsbourg-doillon-anatomie-dune-dynastie-culturelle-en-2026\/","og_locale":"fr_FR","og_type":"article","og_title":"Le Clan Gainsbourg-Doillon : Anatomie d\u2019une Dynastie Culturelle en 2026 - Bobea","og_description":"En ce mois de janvier 2026, alors que la fa\u00e7ade de la rue de Verneuil est devenue le centre de gravit\u00e9 d'un p\u00e8lerinage mondial","og_url":"https:\/\/bobea.net\/index.php\/2026\/01\/25\/le-clan-gainsbourg-doillon-anatomie-dune-dynastie-culturelle-en-2026\/","og_site_name":"Bobea","article_publisher":"https:\/\/web.facebook.com\/profile.php?id=61559252188416","article_published_time":"2026-01-25T09:31:41+00:00","article_modified_time":"2026-01-25T09:31:43+00:00","og_image":[{"width":1024,"height":529,"url":"https:\/\/bobea.net\/wp-content\/uploads\/2026\/01\/ABACA_978851_011-scaled-e1765711529493-1024x529-1.jpg","type":"image\/jpeg"}],"author":"bobea.info","twitter_card":"summary_large_image","twitter_misc":{"\u00c9crit par":"bobea.info","Dur\u00e9e de lecture estim\u00e9e":"3 minutes"},"schema":{"@context":"https:\/\/schema.org","@graph":[{"@type":"Article","@id":"https:\/\/bobea.net\/index.php\/2026\/01\/25\/le-clan-gainsbourg-doillon-anatomie-dune-dynastie-culturelle-en-2026\/#article","isPartOf":{"@id":"https:\/\/bobea.net\/index.php\/2026\/01\/25\/le-clan-gainsbourg-doillon-anatomie-dune-dynastie-culturelle-en-2026\/"},"author":{"name":"bobea.info","@id":"https:\/\/bobea.net\/#\/schema\/person\/e7f45ef187918d7c956bf619dce90ccf"},"headline":"Le Clan Gainsbourg-Doillon : Anatomie d\u2019une Dynastie Culturelle en 2026","datePublished":"2026-01-25T09:31:41+00:00","dateModified":"2026-01-25T09:31:43+00:00","mainEntityOfPage":{"@id":"https:\/\/bobea.net\/index.php\/2026\/01\/25\/le-clan-gainsbourg-doillon-anatomie-dune-dynastie-culturelle-en-2026\/"},"wordCount":423,"commentCount":0,"publisher":{"@id":"https:\/\/bobea.net\/#organization"},"image":{"@id":"https:\/\/bobea.net\/index.php\/2026\/01\/25\/le-clan-gainsbourg-doillon-anatomie-dune-dynastie-culturelle-en-2026\/#primaryimage"},"thumbnailUrl":"https:\/\/bobea.net\/wp-content\/uploads\/2026\/01\/ABACA_978851_011-scaled-e1765711529493-1024x529-1.jpg","keywords":["Charlotte Gainsbourg","h\u00e9ritage culturel","Intellectuel Chic","Jane Birkin","Lou Doillon","Maison Gainsbourg","Style fran\u00e7ais","transmission"],"articleSection":["Viva"],"inLanguage":"fr-FR","potentialAction":[{"@type":"CommentAction","name":"Comment","target":["https:\/\/bobea.net\/index.php\/2026\/01\/25\/le-clan-gainsbourg-doillon-anatomie-dune-dynastie-culturelle-en-2026\/#respond"]}]},{"@type":"WebPage","@id":"https:\/\/bobea.net\/index.php\/2026\/01\/25\/le-clan-gainsbourg-doillon-anatomie-dune-dynastie-culturelle-en-2026\/","url":"https:\/\/bobea.net\/index.php\/2026\/01\/25\/le-clan-gainsbourg-doillon-anatomie-dune-dynastie-culturelle-en-2026\/","name":"Le Clan Gainsbourg-Doillon : Anatomie d\u2019une Dynastie Culturelle en 2026 - Bobea","isPartOf":{"@id":"https:\/\/bobea.net\/#website"},"primaryImageOfPage":{"@id":"https:\/\/bobea.net\/index.php\/2026\/01\/25\/le-clan-gainsbourg-doillon-anatomie-dune-dynastie-culturelle-en-2026\/#primaryimage"},"image":{"@id":"https:\/\/bobea.net\/index.php\/2026\/01\/25\/le-clan-gainsbourg-doillon-anatomie-dune-dynastie-culturelle-en-2026\/#primaryimage"},"thumbnailUrl":"https:\/\/bobea.net\/wp-content\/uploads\/2026\/01\/ABACA_978851_011-scaled-e1765711529493-1024x529-1.jpg","datePublished":"2026-01-25T09:31:41+00:00","dateModified":"2026-01-25T09:31:43+00:00","description":"En ce mois de janvier 2026, alors que la fa\u00e7ade de la rue de Verneuil est devenue le centre de gravit\u00e9 d'un p\u00e8lerinage mondial","breadcrumb":{"@id":"https:\/\/bobea.net\/index.php\/2026\/01\/25\/le-clan-gainsbourg-doillon-anatomie-dune-dynastie-culturelle-en-2026\/#breadcrumb"},"inLanguage":"fr-FR","potentialAction":[{"@type":"ReadAction","target":["https:\/\/bobea.net\/index.php\/2026\/01\/25\/le-clan-gainsbourg-doillon-anatomie-dune-dynastie-culturelle-en-2026\/"]}]},{"@type":"ImageObject","inLanguage":"fr-FR","@id":"https:\/\/bobea.net\/index.php\/2026\/01\/25\/le-clan-gainsbourg-doillon-anatomie-dune-dynastie-culturelle-en-2026\/#primaryimage","url":"https:\/\/bobea.net\/wp-content\/uploads\/2026\/01\/ABACA_978851_011-scaled-e1765711529493-1024x529-1.jpg","contentUrl":"https:\/\/bobea.net\/wp-content\/uploads\/2026\/01\/ABACA_978851_011-scaled-e1765711529493-1024x529-1.jpg","width":1024,"height":529,"caption":"Le Clan Gainsbourg-Doillon : Anatomie d\u2019une Dynastie Culturelle en 2026"},{"@type":"BreadcrumbList","@id":"https:\/\/bobea.net\/index.php\/2026\/01\/25\/le-clan-gainsbourg-doillon-anatomie-dune-dynastie-culturelle-en-2026\/#breadcrumb","itemListElement":[{"@type":"ListItem","position":1,"name":"Accueil","item":"https:\/\/bobea.net\/"},{"@type":"ListItem","position":2,"name":"Le Clan Gainsbourg-Doillon : Anatomie d\u2019une Dynastie Culturelle en 2026"}]},{"@type":"WebSite","@id":"https:\/\/bobea.net\/#website","url":"https:\/\/bobea.net\/","name":"Bobea","description":"Le magazine de la nouvelle \u00c8ve","publisher":{"@id":"https:\/\/bobea.net\/#organization"},"potentialAction":[{"@type":"SearchAction","target":{"@type":"EntryPoint","urlTemplate":"https:\/\/bobea.net\/?s={search_term_string}"},"query-input":{"@type":"PropertyValueSpecification","valueRequired":true,"valueName":"search_term_string"}}],"inLanguage":"fr-FR"},{"@type":"Organization","@id":"https:\/\/bobea.net\/#organization","name":"Bobea","url":"https:\/\/bobea.net\/","logo":{"@type":"ImageObject","inLanguage":"fr-FR","@id":"https:\/\/bobea.net\/#\/schema\/logo\/image\/","url":"https:\/\/bobea.net\/wp-content\/uploads\/2024\/06\/bobea.jpg","contentUrl":"https:\/\/bobea.net\/wp-content\/uploads\/2024\/06\/bobea.jpg","width":1080,"height":1080,"caption":"Bobea"},"image":{"@id":"https:\/\/bobea.net\/#\/schema\/logo\/image\/"},"sameAs":["https:\/\/web.facebook.com\/profile.php?id=61559252188416"]},{"@type":"Person","@id":"https:\/\/bobea.net\/#\/schema\/person\/e7f45ef187918d7c956bf619dce90ccf","name":"bobea.info","image":{"@type":"ImageObject","inLanguage":"fr-FR","@id":"https:\/\/bobea.net\/#\/schema\/person\/image\/","url":"https:\/\/secure.gravatar.com\/avatar\/36147980349df887ae30808df3e29474?s=96&d=mm&r=g","contentUrl":"https:\/\/secure.gravatar.com\/avatar\/36147980349df887ae30808df3e29474?s=96&d=mm&r=g","caption":"bobea.info"},"sameAs":["https:\/\/bobea.net"],"url":"https:\/\/bobea.net\/index.php\/author\/bobea-info\/"}]}},"_links":{"self":[{"href":"https:\/\/bobea.net\/index.php\/wp-json\/wp\/v2\/posts\/29632"}],"collection":[{"href":"https:\/\/bobea.net\/index.php\/wp-json\/wp\/v2\/posts"}],"about":[{"href":"https:\/\/bobea.net\/index.php\/wp-json\/wp\/v2\/types\/post"}],"author":[{"embeddable":true,"href":"https:\/\/bobea.net\/index.php\/wp-json\/wp\/v2\/users\/1"}],"replies":[{"embeddable":true,"href":"https:\/\/bobea.net\/index.php\/wp-json\/wp\/v2\/comments?post=29632"}],"version-history":[{"count":1,"href":"https:\/\/bobea.net\/index.php\/wp-json\/wp\/v2\/posts\/29632\/revisions"}],"predecessor-version":[{"id":29635,"href":"https:\/\/bobea.net\/index.php\/wp-json\/wp\/v2\/posts\/29632\/revisions\/29635"}],"wp:featuredmedia":[{"embeddable":true,"href":"https:\/\/bobea.net\/index.php\/wp-json\/wp\/v2\/media\/29633"}],"wp:attachment":[{"href":"https:\/\/bobea.net\/index.php\/wp-json\/wp\/v2\/media?parent=29632"}],"wp:term":[{"taxonomy":"category","embeddable":true,"href":"https:\/\/bobea.net\/index.php\/wp-json\/wp\/v2\/categories?post=29632"},{"taxonomy":"post_tag","embeddable":true,"href":"https:\/\/bobea.net\/index.php\/wp-json\/wp\/v2\/tags?post=29632"}],"curies":[{"name":"wp","href":"https:\/\/api.w.org\/{rel}","templated":true}]}}