{"id":29608,"date":"2026-01-25T08:22:58","date_gmt":"2026-01-25T08:22:58","guid":{"rendered":"https:\/\/bobea.net\/?p=29608"},"modified":"2026-01-25T08:23:03","modified_gmt":"2026-01-25T08:23:03","slug":"matignon-2026-vers-un-leadership-feminin-structurel-et-lemergence-de-la-premiere-ministre-academique","status":"publish","type":"post","link":"https:\/\/bobea.net\/index.php\/2026\/01\/25\/matignon-2026-vers-un-leadership-feminin-structurel-et-lemergence-de-la-premiere-ministre-academique\/","title":{"rendered":"Matignon 2026 : Vers un leadership f\u00e9minin structurel et l\u2019\u00e9mergence de la \u201cPremi\u00e8re Ministre Acad\u00e9mique\u201d"},"content":{"rendered":"\n<p>Alors que le mois de jan\u00advi\u00ader 2026 touche \u00e0 sa fin, l\u2019agitation gagne les cer\u00adcles du pou\u00advoir \u00e0 Paris. Les rumeurs de remaniement ne sont plus de sim\u00adples bruits de couloir, mais une strat\u00e9gie de survie pour un ex\u00e9\u00adcu\u00adtif en qu\u00eate de sec\u00adond souf\u00adfle. Selon nos sources \u00e0 l\u2019\u00c9lys\u00e9e, Emmanuel Macron s\u2019appr\u00eate \u00e0 op\u00e9r\u00ader une bas\u00adcule his\u00adtorique en nom\u00admant une fig\u00adure issue de la soci\u00e9t\u00e9 civile et du monde acad\u00e9mique \u00e0 Matignon. Ce choix mar\u00adquerait l\u2019av\u00e8ne\u00adment d\u2019un lead\u00ader\u00adship f\u00e9minin non plus de crise, mais de struc\u00adture.<\/p>\n\n\n\n<p><strong>Pourquoi l\u2019universit\u00e9 s\u2019invite-t-elle \u00e0 Matignon ?<\/strong> En 2026, la ges\u00adtion de la cit\u00e9 ne peut plus se con\u00adtenter de tac\u00adtiques \u00e9lec\u00adtorales \u00e0 court terme. Les crises suc\u00adces\u00adsives \u2014 qu\u2019elles soient cli\u00adma\u00adtiques, tech\u00adnologiques ou \u00e9duca\u00adtives \u2014 exi\u00adgent une exper\u00adtise de fond. Le pro\u00adfil recher\u00adch\u00e9 n\u2019est plus celui d\u2019une politi\u00adci\u00adenne de car\u00adri\u00e8re, mais celui d\u2019une femme capa\u00adble de syn\u00adth\u00e9\u00adtis\u00ader des savoirs com\u00adplex\u00ades. On par\u00adle d\u2019une \u00ab Pre\u00admi\u00e8re Min\u00adistre Acad\u00e9mique \u00bb, capa\u00adble de dia\u00adloguer avec les cen\u00adtres de recherche, les syn\u00addi\u00adcats et les entre\u00adpris\u00ades avec une l\u00e9gitim\u00adit\u00e9 intel\u00adlectuelle incon\u00adtestable.<\/p>\n\n\n\n<figure class=\"wp-block-image size-large\"><img loading=\"lazy\" decoding=\"async\" width=\"1024\" height=\"576\" src=\"https:\/\/bobea.net\/wp-content\/uploads\/2026\/01\/0703537686956-web-tete-1024x576.jpg\" alt class=\"wp-image-29610\" srcset=\"https:\/\/bobea.net\/wp-content\/uploads\/2026\/01\/0703537686956-web-tete-1024x576.jpg 1024w, https:\/\/bobea.net\/wp-content\/uploads\/2026\/01\/0703537686956-web-tete-300x169.jpg 300w, https:\/\/bobea.net\/wp-content\/uploads\/2026\/01\/0703537686956-web-tete-768x432.jpg 768w, https:\/\/bobea.net\/wp-content\/uploads\/2026\/01\/0703537686956-web-tete.jpg 1280w\" sizes=\"(max-width: 1024px) 100vw, 1024px\"><\/figure>\n\n\n\n<p><strong>Le lead\u00ader\u00adship struc\u00adturel : D\u00e9pass\u00ader le pla\u00adfond de verre sym\u00adbol\u00adique<\/strong> Pour les lec\u00adtri\u00adces de <em>BOBEA<\/em>, la ques\u00adtion n\u2019est plus de savoir s\u2019il y aura une femme \u00e0 Matignon, mais quelle vision elle portera. Le lead\u00ader\u00adship struc\u00adturel con\u00adsiste \u00e0 r\u00e9former les insti\u00adtu\u00adtions de l\u2019in\u00adt\u00e9rieur pour les ren\u00addre plus agiles et plus par\u00adi\u00adtaires. En 2026, la France a besoin d\u2019une gou\u00adver\u00adnance qui ressem\u00adble \u00e0 sa soci\u00e9t\u00e9 : \u00e9duqu\u00e9e, exigeante et con\u00adsciente de sa diver\u00adsit\u00e9. Les noms qui cir\u00adcu\u00adlent, sou\u00advent issus de l\u2019UNESCO ou de grandes direc\u00adtions europ\u00e9ennes, mon\u00adtrent que l\u2019\u00c9lys\u00e9e cherche \u00e0 \u201cpro\u00adfes\u00adsion\u00adnalis\u00ader\u201d la poli\u00adtique par l\u2019ex\u00adcel\u00adlence uni\u00adver\u00adsi\u00adtaire.<\/p>\n\n\n\n<p><strong>Un enjeu de r\u00e9c\u00adon\u00adcil\u00adi\u00ada\u00adtion nationale<\/strong> Le d\u00e9fi pour cette future cheffe du gou\u00adverne\u00adment sera de r\u00e9c\u00adon\u00adcili\u00ader une France frag\u00admen\u00adt\u00e9e. \u00c0 l\u2019ap\u00adproche des prochaines \u00e9ch\u00e9ances majeures, le pou\u00advoir a com\u00adpris que seule une fig\u00adure per\u00e7ue comme \u201cau-dessus de la m\u00eal\u00e9e\u201d par\u00adti\u00adsane pour\u00adrait apais\u00ader les ten\u00adsions. Ce lead\u00ader\u00adship f\u00e9minin struc\u00adturel est l\u2019e\u00adspoir d\u2019une poli\u00adtique qui ne se con\u00adtente plus de r\u00e9a\u00adgir, mais qui anticipe les muta\u00adtions du si\u00e8\u00adcle. Pour la femme intel\u00adlectuelle de 2026, c\u2019est le signe que le savoir est enfin rede\u00advenu un levi\u00ader de com\u00admande.<\/p>\n","protected":false},"excerpt":{"rendered":"<p>Alors que le mois de jan\u00advi\u00ader 2026 touche \u00e0 sa fin, l\u2019agitation gagne les cer\u00adcles du pou\u00advoir \u00e0 Paris. Les rumeurs de remaniement ne sont plus de sim\u00adples bruits de\u2026 <\/p>\n","protected":false},"author":1,"featured_media":29609,"comment_status":"open","ping_status":"closed","sticky":false,"template":"","format":"standard","meta":{"wp_typography_post_enhancements_disabled":false,"footnotes":""},"categories":[71],"tags":[21917,1449,5592,21918,21775,1530,21916,332],"class_list":["post-29608","post","type-post","status-publish","format-standard","has-post-thumbnail","hentry","category-leaders","tag-education-2","tag-emmanuel-macron","tag-gouvernance","tag-leadership-structurel","tag-matignon","tag-politique-francaise","tag-remaniement-ministeriel-2026","tag-societe-civile"],"yoast_head":"<!-- This site is optimized with the Yoast SEO plugin v24.7 - https:\/\/yoast.com\/wordpress\/plugins\/seo\/ -->\n<title>Matignon 2026 : Vers un leadership f\u00e9minin structurel et l&#039;\u00e9mergence de la &quot;Premi\u00e8re Ministre Acad\u00e9mique&quot; - Bobea<\/title>\n<meta name=\"robots\" content=\"index, follow, max-snippet:-1, max-image-preview:large, max-video-preview:-1\" \/>\n<link rel=\"canonical\" href=\"https:\/\/bobea.net\/index.php\/2026\/01\/25\/matignon-2026-vers-un-leadership-feminin-structurel-et-lemergence-de-la-premiere-ministre-academique\/\" \/>\n<meta property=\"og:locale\" content=\"fr_FR\" \/>\n<meta property=\"og:type\" content=\"article\" \/>\n<meta property=\"og:title\" content=\"Matignon 2026 : Vers un leadership f\u00e9minin structurel et l&#039;\u00e9mergence de la &quot;Premi\u00e8re Ministre Acad\u00e9mique&quot; - Bobea\" \/>\n<meta property=\"og:description\" content=\"Alors que le mois de jan\u00advi\u00ader 2026 touche \u00e0 sa fin, l\u2019agitation gagne les cer\u00adcles du pou\u00advoir \u00e0 Paris. Les rumeurs de remaniement ne sont plus de sim\u00adples bruits de&hellip;\" \/>\n<meta property=\"og:url\" content=\"https:\/\/bobea.net\/index.php\/2026\/01\/25\/matignon-2026-vers-un-leadership-feminin-structurel-et-lemergence-de-la-premiere-ministre-academique\/\" \/>\n<meta property=\"og:site_name\" content=\"Bobea\" \/>\n<meta property=\"article:publisher\" content=\"https:\/\/web.facebook.com\/profile.php?id=61559252188416\" \/>\n<meta property=\"article:published_time\" content=\"2026-01-25T08:22:58+00:00\" \/>\n<meta property=\"article:modified_time\" content=\"2026-01-25T08:23:03+00:00\" \/>\n<meta property=\"og:image\" content=\"https:\/\/bobea.net\/wp-content\/uploads\/2026\/01\/cb5f7a5c3086495ad812ba7d6a1890cb03815714.jpeg\" \/>\n\t<meta property=\"og:image:width\" content=\"1440\" \/>\n\t<meta property=\"og:image:height\" content=\"808\" \/>\n\t<meta property=\"og:image:type\" content=\"image\/jpeg\" \/>\n<meta name=\"author\" content=\"bobea.info\" \/>\n<meta name=\"twitter:card\" content=\"summary_large_image\" \/>\n<meta name=\"twitter:label1\" content=\"\u00c9crit par\" \/>\n\t<meta name=\"twitter:data1\" content=\"bobea.info\" \/>\n\t<meta name=\"twitter:label2\" content=\"Dur\u00e9e de lecture estim\u00e9e\" \/>\n\t<meta name=\"twitter:data2\" content=\"3 minutes\" \/>\n<script type=\"application\/ld+json\" class=\"yoast-schema-graph\">{\"@context\":\"https:\/\/schema.org\",\"@graph\":[{\"@type\":\"Article\",\"@id\":\"https:\/\/bobea.net\/index.php\/2026\/01\/25\/matignon-2026-vers-un-leadership-feminin-structurel-et-lemergence-de-la-premiere-ministre-academique\/#article\",\"isPartOf\":{\"@id\":\"https:\/\/bobea.net\/index.php\/2026\/01\/25\/matignon-2026-vers-un-leadership-feminin-structurel-et-lemergence-de-la-premiere-ministre-academique\/\"},\"author\":{\"name\":\"bobea.info\",\"@id\":\"https:\/\/bobea.net\/#\/schema\/person\/e7f45ef187918d7c956bf619dce90ccf\"},\"headline\":\"Matignon 2026 : Vers un leadership f\u00e9minin structurel et l\u2019\u00e9mergence de la \u201cPremi\u00e8re Ministre Acad\u00e9mique\u201d\",\"datePublished\":\"2026-01-25T08:22:58+00:00\",\"dateModified\":\"2026-01-25T08:23:03+00:00\",\"mainEntityOfPage\":{\"@id\":\"https:\/\/bobea.net\/index.php\/2026\/01\/25\/matignon-2026-vers-un-leadership-feminin-structurel-et-lemergence-de-la-premiere-ministre-academique\/\"},\"wordCount\":403,\"commentCount\":0,\"publisher\":{\"@id\":\"https:\/\/bobea.net\/#organization\"},\"image\":{\"@id\":\"https:\/\/bobea.net\/index.php\/2026\/01\/25\/matignon-2026-vers-un-leadership-feminin-structurel-et-lemergence-de-la-premiere-ministre-academique\/#primaryimage\"},\"thumbnailUrl\":\"https:\/\/bobea.net\/wp-content\/uploads\/2026\/01\/cb5f7a5c3086495ad812ba7d6a1890cb03815714.jpeg\",\"keywords\":[\"\u00c9ducation\",\"Emmanuel Macron\",\"gouvernance\",\"Leadership structurel\",\"Matignon\",\"politique fran\u00e7aise\",\"Remaniement minist\u00e9riel 2026\",\"soci\u00e9t\u00e9 civile\"],\"articleSection\":[\"Leaders\"],\"inLanguage\":\"fr-FR\",\"potentialAction\":[{\"@type\":\"CommentAction\",\"name\":\"Comment\",\"target\":[\"https:\/\/bobea.net\/index.php\/2026\/01\/25\/matignon-2026-vers-un-leadership-feminin-structurel-et-lemergence-de-la-premiere-ministre-academique\/#respond\"]}]},{\"@type\":\"WebPage\",\"@id\":\"https:\/\/bobea.net\/index.php\/2026\/01\/25\/matignon-2026-vers-un-leadership-feminin-structurel-et-lemergence-de-la-premiere-ministre-academique\/\",\"url\":\"https:\/\/bobea.net\/index.php\/2026\/01\/25\/matignon-2026-vers-un-leadership-feminin-structurel-et-lemergence-de-la-premiere-ministre-academique\/\",\"name\":\"Matignon 2026 : Vers un leadership f\u00e9minin structurel et l'\u00e9mergence de la \\\"Premi\u00e8re Ministre Acad\u00e9mique\\\" - Bobea\",\"isPartOf\":{\"@id\":\"https:\/\/bobea.net\/#website\"},\"primaryImageOfPage\":{\"@id\":\"https:\/\/bobea.net\/index.php\/2026\/01\/25\/matignon-2026-vers-un-leadership-feminin-structurel-et-lemergence-de-la-premiere-ministre-academique\/#primaryimage\"},\"image\":{\"@id\":\"https:\/\/bobea.net\/index.php\/2026\/01\/25\/matignon-2026-vers-un-leadership-feminin-structurel-et-lemergence-de-la-premiere-ministre-academique\/#primaryimage\"},\"thumbnailUrl\":\"https:\/\/bobea.net\/wp-content\/uploads\/2026\/01\/cb5f7a5c3086495ad812ba7d6a1890cb03815714.jpeg\",\"datePublished\":\"2026-01-25T08:22:58+00:00\",\"dateModified\":\"2026-01-25T08:23:03+00:00\",\"breadcrumb\":{\"@id\":\"https:\/\/bobea.net\/index.php\/2026\/01\/25\/matignon-2026-vers-un-leadership-feminin-structurel-et-lemergence-de-la-premiere-ministre-academique\/#breadcrumb\"},\"inLanguage\":\"fr-FR\",\"potentialAction\":[{\"@type\":\"ReadAction\",\"target\":[\"https:\/\/bobea.net\/index.php\/2026\/01\/25\/matignon-2026-vers-un-leadership-feminin-structurel-et-lemergence-de-la-premiere-ministre-academique\/\"]}]},{\"@type\":\"ImageObject\",\"inLanguage\":\"fr-FR\",\"@id\":\"https:\/\/bobea.net\/index.php\/2026\/01\/25\/matignon-2026-vers-un-leadership-feminin-structurel-et-lemergence-de-la-premiere-ministre-academique\/#primaryimage\",\"url\":\"https:\/\/bobea.net\/wp-content\/uploads\/2026\/01\/cb5f7a5c3086495ad812ba7d6a1890cb03815714.jpeg\",\"contentUrl\":\"https:\/\/bobea.net\/wp-content\/uploads\/2026\/01\/cb5f7a5c3086495ad812ba7d6a1890cb03815714.jpeg\",\"width\":1440,\"height\":808},{\"@type\":\"BreadcrumbList\",\"@id\":\"https:\/\/bobea.net\/index.php\/2026\/01\/25\/matignon-2026-vers-un-leadership-feminin-structurel-et-lemergence-de-la-premiere-ministre-academique\/#breadcrumb\",\"itemListElement\":[{\"@type\":\"ListItem\",\"position\":1,\"name\":\"Accueil\",\"item\":\"https:\/\/bobea.net\/\"},{\"@type\":\"ListItem\",\"position\":2,\"name\":\"Matignon 2026 : Vers un leadership f\u00e9minin structurel et l&rsquo;\u00e9mergence de la \u00ab\u00a0Premi\u00e8re Ministre Acad\u00e9mique\u00a0\u00bb\"}]},{\"@type\":\"WebSite\",\"@id\":\"https:\/\/bobea.net\/#website\",\"url\":\"https:\/\/bobea.net\/\",\"name\":\"Bobea\",\"description\":\"Le magazine de la nouvelle \u00c8ve\",\"publisher\":{\"@id\":\"https:\/\/bobea.net\/#organization\"},\"potentialAction\":[{\"@type\":\"SearchAction\",\"target\":{\"@type\":\"EntryPoint\",\"urlTemplate\":\"https:\/\/bobea.net\/?s={search_term_string}\"},\"query-input\":{\"@type\":\"PropertyValueSpecification\",\"valueRequired\":true,\"valueName\":\"search_term_string\"}}],\"inLanguage\":\"fr-FR\"},{\"@type\":\"Organization\",\"@id\":\"https:\/\/bobea.net\/#organization\",\"name\":\"Bobea\",\"url\":\"https:\/\/bobea.net\/\",\"logo\":{\"@type\":\"ImageObject\",\"inLanguage\":\"fr-FR\",\"@id\":\"https:\/\/bobea.net\/#\/schema\/logo\/image\/\",\"url\":\"https:\/\/bobea.net\/wp-content\/uploads\/2024\/06\/bobea.jpg\",\"contentUrl\":\"https:\/\/bobea.net\/wp-content\/uploads\/2024\/06\/bobea.jpg\",\"width\":1080,\"height\":1080,\"caption\":\"Bobea\"},\"image\":{\"@id\":\"https:\/\/bobea.net\/#\/schema\/logo\/image\/\"},\"sameAs\":[\"https:\/\/web.facebook.com\/profile.php?id=61559252188416\"]},{\"@type\":\"Person\",\"@id\":\"https:\/\/bobea.net\/#\/schema\/person\/e7f45ef187918d7c956bf619dce90ccf\",\"name\":\"bobea.info\",\"image\":{\"@type\":\"ImageObject\",\"inLanguage\":\"fr-FR\",\"@id\":\"https:\/\/bobea.net\/#\/schema\/person\/image\/\",\"url\":\"https:\/\/secure.gravatar.com\/avatar\/36147980349df887ae30808df3e29474?s=96&d=mm&r=g\",\"contentUrl\":\"https:\/\/secure.gravatar.com\/avatar\/36147980349df887ae30808df3e29474?s=96&d=mm&r=g\",\"caption\":\"bobea.info\"},\"sameAs\":[\"https:\/\/bobea.net\"],\"url\":\"https:\/\/bobea.net\/index.php\/author\/bobea-info\/\"}]}<\/script>\n<!-- \/ Yoast SEO plugin. -->","yoast_head_json":{"title":"Matignon 2026 : Vers un leadership f\u00e9minin structurel et l'\u00e9mergence de la \"Premi\u00e8re Ministre Acad\u00e9mique\" - Bobea","robots":{"index":"index","follow":"follow","max-snippet":"max-snippet:-1","max-image-preview":"max-image-preview:large","max-video-preview":"max-video-preview:-1"},"canonical":"https:\/\/bobea.net\/index.php\/2026\/01\/25\/matignon-2026-vers-un-leadership-feminin-structurel-et-lemergence-de-la-premiere-ministre-academique\/","og_locale":"fr_FR","og_type":"article","og_title":"Matignon 2026 : Vers un leadership f\u00e9minin structurel et l'\u00e9mergence de la \"Premi\u00e8re Ministre Acad\u00e9mique\" - Bobea","og_description":"Alors que le mois de jan\u00advi\u00ader 2026 touche \u00e0 sa fin, l\u2019agitation gagne les cer\u00adcles du pou\u00advoir \u00e0 Paris. Les rumeurs de remaniement ne sont plus de sim\u00adples bruits de&hellip;","og_url":"https:\/\/bobea.net\/index.php\/2026\/01\/25\/matignon-2026-vers-un-leadership-feminin-structurel-et-lemergence-de-la-premiere-ministre-academique\/","og_site_name":"Bobea","article_publisher":"https:\/\/web.facebook.com\/profile.php?id=61559252188416","article_published_time":"2026-01-25T08:22:58+00:00","article_modified_time":"2026-01-25T08:23:03+00:00","og_image":[{"width":1440,"height":808,"url":"https:\/\/bobea.net\/wp-content\/uploads\/2026\/01\/cb5f7a5c3086495ad812ba7d6a1890cb03815714.jpeg","type":"image\/jpeg"}],"author":"bobea.info","twitter_card":"summary_large_image","twitter_misc":{"\u00c9crit par":"bobea.info","Dur\u00e9e de lecture estim\u00e9e":"3 minutes"},"schema":{"@context":"https:\/\/schema.org","@graph":[{"@type":"Article","@id":"https:\/\/bobea.net\/index.php\/2026\/01\/25\/matignon-2026-vers-un-leadership-feminin-structurel-et-lemergence-de-la-premiere-ministre-academique\/#article","isPartOf":{"@id":"https:\/\/bobea.net\/index.php\/2026\/01\/25\/matignon-2026-vers-un-leadership-feminin-structurel-et-lemergence-de-la-premiere-ministre-academique\/"},"author":{"name":"bobea.info","@id":"https:\/\/bobea.net\/#\/schema\/person\/e7f45ef187918d7c956bf619dce90ccf"},"headline":"Matignon 2026 : Vers un leadership f\u00e9minin structurel et l\u2019\u00e9mergence de la \u201cPremi\u00e8re Ministre Acad\u00e9mique\u201d","datePublished":"2026-01-25T08:22:58+00:00","dateModified":"2026-01-25T08:23:03+00:00","mainEntityOfPage":{"@id":"https:\/\/bobea.net\/index.php\/2026\/01\/25\/matignon-2026-vers-un-leadership-feminin-structurel-et-lemergence-de-la-premiere-ministre-academique\/"},"wordCount":403,"commentCount":0,"publisher":{"@id":"https:\/\/bobea.net\/#organization"},"image":{"@id":"https:\/\/bobea.net\/index.php\/2026\/01\/25\/matignon-2026-vers-un-leadership-feminin-structurel-et-lemergence-de-la-premiere-ministre-academique\/#primaryimage"},"thumbnailUrl":"https:\/\/bobea.net\/wp-content\/uploads\/2026\/01\/cb5f7a5c3086495ad812ba7d6a1890cb03815714.jpeg","keywords":["\u00c9ducation","Emmanuel Macron","gouvernance","Leadership structurel","Matignon","politique fran\u00e7aise","Remaniement minist\u00e9riel 2026","soci\u00e9t\u00e9 civile"],"articleSection":["Leaders"],"inLanguage":"fr-FR","potentialAction":[{"@type":"CommentAction","name":"Comment","target":["https:\/\/bobea.net\/index.php\/2026\/01\/25\/matignon-2026-vers-un-leadership-feminin-structurel-et-lemergence-de-la-premiere-ministre-academique\/#respond"]}]},{"@type":"WebPage","@id":"https:\/\/bobea.net\/index.php\/2026\/01\/25\/matignon-2026-vers-un-leadership-feminin-structurel-et-lemergence-de-la-premiere-ministre-academique\/","url":"https:\/\/bobea.net\/index.php\/2026\/01\/25\/matignon-2026-vers-un-leadership-feminin-structurel-et-lemergence-de-la-premiere-ministre-academique\/","name":"Matignon 2026 : Vers un leadership f\u00e9minin structurel et l'\u00e9mergence de la \"Premi\u00e8re Ministre Acad\u00e9mique\" - Bobea","isPartOf":{"@id":"https:\/\/bobea.net\/#website"},"primaryImageOfPage":{"@id":"https:\/\/bobea.net\/index.php\/2026\/01\/25\/matignon-2026-vers-un-leadership-feminin-structurel-et-lemergence-de-la-premiere-ministre-academique\/#primaryimage"},"image":{"@id":"https:\/\/bobea.net\/index.php\/2026\/01\/25\/matignon-2026-vers-un-leadership-feminin-structurel-et-lemergence-de-la-premiere-ministre-academique\/#primaryimage"},"thumbnailUrl":"https:\/\/bobea.net\/wp-content\/uploads\/2026\/01\/cb5f7a5c3086495ad812ba7d6a1890cb03815714.jpeg","datePublished":"2026-01-25T08:22:58+00:00","dateModified":"2026-01-25T08:23:03+00:00","breadcrumb":{"@id":"https:\/\/bobea.net\/index.php\/2026\/01\/25\/matignon-2026-vers-un-leadership-feminin-structurel-et-lemergence-de-la-premiere-ministre-academique\/#breadcrumb"},"inLanguage":"fr-FR","potentialAction":[{"@type":"ReadAction","target":["https:\/\/bobea.net\/index.php\/2026\/01\/25\/matignon-2026-vers-un-leadership-feminin-structurel-et-lemergence-de-la-premiere-ministre-academique\/"]}]},{"@type":"ImageObject","inLanguage":"fr-FR","@id":"https:\/\/bobea.net\/index.php\/2026\/01\/25\/matignon-2026-vers-un-leadership-feminin-structurel-et-lemergence-de-la-premiere-ministre-academique\/#primaryimage","url":"https:\/\/bobea.net\/wp-content\/uploads\/2026\/01\/cb5f7a5c3086495ad812ba7d6a1890cb03815714.jpeg","contentUrl":"https:\/\/bobea.net\/wp-content\/uploads\/2026\/01\/cb5f7a5c3086495ad812ba7d6a1890cb03815714.jpeg","width":1440,"height":808},{"@type":"BreadcrumbList","@id":"https:\/\/bobea.net\/index.php\/2026\/01\/25\/matignon-2026-vers-un-leadership-feminin-structurel-et-lemergence-de-la-premiere-ministre-academique\/#breadcrumb","itemListElement":[{"@type":"ListItem","position":1,"name":"Accueil","item":"https:\/\/bobea.net\/"},{"@type":"ListItem","position":2,"name":"Matignon 2026 : Vers un leadership f\u00e9minin structurel et l&rsquo;\u00e9mergence de la \u00ab\u00a0Premi\u00e8re Ministre Acad\u00e9mique\u00a0\u00bb"}]},{"@type":"WebSite","@id":"https:\/\/bobea.net\/#website","url":"https:\/\/bobea.net\/","name":"Bobea","description":"Le magazine de la nouvelle \u00c8ve","publisher":{"@id":"https:\/\/bobea.net\/#organization"},"potentialAction":[{"@type":"SearchAction","target":{"@type":"EntryPoint","urlTemplate":"https:\/\/bobea.net\/?s={search_term_string}"},"query-input":{"@type":"PropertyValueSpecification","valueRequired":true,"valueName":"search_term_string"}}],"inLanguage":"fr-FR"},{"@type":"Organization","@id":"https:\/\/bobea.net\/#organization","name":"Bobea","url":"https:\/\/bobea.net\/","logo":{"@type":"ImageObject","inLanguage":"fr-FR","@id":"https:\/\/bobea.net\/#\/schema\/logo\/image\/","url":"https:\/\/bobea.net\/wp-content\/uploads\/2024\/06\/bobea.jpg","contentUrl":"https:\/\/bobea.net\/wp-content\/uploads\/2024\/06\/bobea.jpg","width":1080,"height":1080,"caption":"Bobea"},"image":{"@id":"https:\/\/bobea.net\/#\/schema\/logo\/image\/"},"sameAs":["https:\/\/web.facebook.com\/profile.php?id=61559252188416"]},{"@type":"Person","@id":"https:\/\/bobea.net\/#\/schema\/person\/e7f45ef187918d7c956bf619dce90ccf","name":"bobea.info","image":{"@type":"ImageObject","inLanguage":"fr-FR","@id":"https:\/\/bobea.net\/#\/schema\/person\/image\/","url":"https:\/\/secure.gravatar.com\/avatar\/36147980349df887ae30808df3e29474?s=96&d=mm&r=g","contentUrl":"https:\/\/secure.gravatar.com\/avatar\/36147980349df887ae30808df3e29474?s=96&d=mm&r=g","caption":"bobea.info"},"sameAs":["https:\/\/bobea.net"],"url":"https:\/\/bobea.net\/index.php\/author\/bobea-info\/"}]}},"_links":{"self":[{"href":"https:\/\/bobea.net\/index.php\/wp-json\/wp\/v2\/posts\/29608"}],"collection":[{"href":"https:\/\/bobea.net\/index.php\/wp-json\/wp\/v2\/posts"}],"about":[{"href":"https:\/\/bobea.net\/index.php\/wp-json\/wp\/v2\/types\/post"}],"author":[{"embeddable":true,"href":"https:\/\/bobea.net\/index.php\/wp-json\/wp\/v2\/users\/1"}],"replies":[{"embeddable":true,"href":"https:\/\/bobea.net\/index.php\/wp-json\/wp\/v2\/comments?post=29608"}],"version-history":[{"count":1,"href":"https:\/\/bobea.net\/index.php\/wp-json\/wp\/v2\/posts\/29608\/revisions"}],"predecessor-version":[{"id":29611,"href":"https:\/\/bobea.net\/index.php\/wp-json\/wp\/v2\/posts\/29608\/revisions\/29611"}],"wp:featuredmedia":[{"embeddable":true,"href":"https:\/\/bobea.net\/index.php\/wp-json\/wp\/v2\/media\/29609"}],"wp:attachment":[{"href":"https:\/\/bobea.net\/index.php\/wp-json\/wp\/v2\/media?parent=29608"}],"wp:term":[{"taxonomy":"category","embeddable":true,"href":"https:\/\/bobea.net\/index.php\/wp-json\/wp\/v2\/categories?post=29608"},{"taxonomy":"post_tag","embeddable":true,"href":"https:\/\/bobea.net\/index.php\/wp-json\/wp\/v2\/tags?post=29608"}],"curies":[{"name":"wp","href":"https:\/\/api.w.org\/{rel}","templated":true}]}}