{"id":2949,"date":"2024-07-02T12:18:14","date_gmt":"2024-07-02T12:18:14","guid":{"rendered":"https:\/\/bobea.net\/?p=2949"},"modified":"2024-07-02T12:18:17","modified_gmt":"2024-07-02T12:18:17","slug":"les-femmes-afro-peruviennes-un-heritage-de-lesclavage-en-quete-de-reconnaissance","status":"publish","type":"post","link":"https:\/\/bobea.net\/index.php\/2024\/07\/02\/les-femmes-afro-peruviennes-un-heritage-de-lesclavage-en-quete-de-reconnaissance\/","title":{"rendered":"Les femmes afro-p\u00e9ruviennes : Un h\u00e9ritage de l\u2019esclavage en qu\u00eate de reconnaissance"},"content":{"rendered":"\n<p>L\u2019his\u00adtoire des femmes noires au P\u00e9rou remonte \u00e0 l\u2019\u00e9poque colo\u00adniale espag\u00adnole, lorsque des mil\u00adliers d\u2019Africains furent amen\u00e9s de force en Am\u00e9rique latine dans le cadre de la traite n\u00e9gri\u00e8re. D\u00e8s le XVIe si\u00e8\u00adcle, des esclaves africains arriv\u00e8rent sur les c\u00f4tes p\u00e9ru\u00advi\u00adennes pour tra\u00advailler dans les plan\u00adta\u00adtions, les mines et comme domes\u00adtiques dans les villes colo\u00adniales. Mal\u00adgr\u00e9 l\u2019abo\u00adli\u00adtion de l\u2019esclavage au P\u00e9rou en 1854, les descen\u00addants de ces esclaves ont con\u00adtin\u00adu\u00e9 \u00e0 faire face \u00e0 de nom\u00adbreux d\u00e9fis soci\u00adaux et \u00e9conomiques. Aujour\u00add\u2019hui, les femmes afro-p\u00e9ru\u00advi\u00adennes, h\u00e9ri\u00adti\u00e8res de cette his\u00adtoire com\u00adplexe, lut\u00adtent pour leur recon\u00adnais\u00adsance et leur place dans la soci\u00e9t\u00e9 p\u00e9ru\u00advi\u00adenne mod\u00aderne<\/p>\n\n\n\n<p>Les femmes afro-p\u00e9ru\u00advi\u00adennes : Entre renais\u00adsance cul\u00adturelle et lutte pour la recon\u00adnais\u00adsance<\/p>\n\n\n\n<p>Les femmes noires du P\u00e9rou con\u00adnais\u00adsent une p\u00e9ri\u00adode de renais\u00adsance cul\u00adturelle et de reven\u00addi\u00adca\u00adtion iden\u00adti\u00adtaire, mal\u00adgr\u00e9 les d\u00e9fis per\u00adsis\u00adtants aux\u00adquels elles font face dans la soci\u00e9t\u00e9 p\u00e9ru\u00advi\u00adenne.<\/p>\n\n\n\n<p>Une minorit\u00e9 en qu\u00eate de vis\u00adi\u00adbil\u00adit\u00e9<\/p>\n\n\n\n<p>Repr\u00e9sen\u00adtant env\u00adi\u00adron 3% de la pop\u00adu\u00adla\u00adtion p\u00e9ru\u00advi\u00adenne, les Afro-P\u00e9ru\u00adviens restent une minorit\u00e9 sou\u00advent mar\u00adgin\u00adal\u00adis\u00e9e :<\/p>\n\n\n\n<ol class=\"wp-block-list\" start=\"1\">\n<li>Sous-repr\u00e9sen\u00adta\u00adtion dans les m\u00e9dias et la poli\u00adtique<\/li>\n\n\n\n<li>Manque de recon\u00adnais\u00adsance offi\u00adcielle de leur h\u00e9ritage cul\u00adturel<\/li>\n\n\n\n<li>Efforts crois\u00adsants pour faire enten\u00addre leur voix dans le d\u00e9bat pub\u00adlic<\/li>\n<\/ol>\n\n\n\n<p>La lutte con\u00adtre les dis\u00adcrim\u00adi\u00adna\u00adtions<\/p>\n\n\n\n<p>Les femmes noires au P\u00e9rou font face \u00e0 de mul\u00adti\u00adples formes de dis\u00adcrim\u00adi\u00adna\u00adtion :<\/p>\n\n\n\n<ol class=\"wp-block-list\" start=\"1\">\n<li>Racisme struc\u00adturel dans l\u2019\u00e9\u00add\u00adu\u00adca\u00adtion et l\u2019emploi<\/li>\n\n\n\n<li>St\u00e9r\u00e9o\u00adtypes n\u00e9gat\u00adifs per\u00adsis\u00adtants dans la soci\u00e9t\u00e9<\/li>\n\n\n\n<li>In\u00e9\u00adgal\u00adit\u00e9s \u00e9conomiques mar\u00adqu\u00e9es par rap\u00adport \u00e0 la pop\u00adu\u00adla\u00adtion g\u00e9n\u00e9rale<\/li>\n<\/ol>\n\n\n\n<p>Des femmes actives et entre\u00adprenantes<\/p>\n\n\n\n<p>Mal\u00adgr\u00e9 ces obsta\u00adcles, les Afro-P\u00e9ru\u00advi\u00adennes s\u2019af\u00adfir\u00adment de plus en plus dans le monde du tra\u00advail :<\/p>\n\n\n\n<ol class=\"wp-block-list\" start=\"1\">\n<li>Pr\u00e9sence crois\u00adsante dans les secteurs pro\u00adfes\u00adsion\u00adnels var\u00adi\u00e9s<\/li>\n\n\n\n<li>D\u00e9veloppe\u00adment de l\u2019en\u00adtre\u00adpre\u00adneuri\u00adat f\u00e9minin afro-p\u00e9ru\u00advien<\/li>\n\n\n\n<li>Impli\u00adca\u00adtion dans les mou\u00adve\u00adments soci\u00adaux et les ONG<\/li>\n<\/ol>\n\n\n\n<p>Fiert\u00e9 et val\u00adori\u00adsa\u00adtion de l\u2019h\u00e9ritage cul\u00adturel<\/p>\n\n\n\n<p>Les femmes noires du P\u00e9rou red\u00e9\u00adcou\u00advrent et c\u00e9l\u00e8brent leur pat\u00adri\u00admoine :<\/p>\n\n\n\n<ol class=\"wp-block-list\" start=\"1\">\n<li>Renou\u00adveau des tra\u00addi\u00adtions musi\u00adcales et dans\u00ades afro-p\u00e9ru\u00advi\u00adennes<\/li>\n\n\n\n<li>Pro\u00admo\u00adtion de la gas\u00adtronomie afro-p\u00e9ru\u00advi\u00adenne<\/li>\n\n\n\n<li>Trans\u00admis\u00adsion interg\u00e9n\u00e9ra\u00adtionnelle des savoirs et pra\u00adtiques cul\u00adturelles<\/li>\n<\/ol>\n\n\n\n<p>En con\u00adclu\u00adsion, les femmes afro-p\u00e9ru\u00advi\u00adennes sont aujour\u00add\u2019hui actri\u00adces d\u2019un mou\u00adve\u00adment de renais\u00adsance cul\u00adturelle et de lutte pour l\u2019\u00e9\u00adgal\u00adit\u00e9. Bien que con\u00adfron\u00adt\u00e9es \u00e0 des d\u00e9fis per\u00adsis\u00adtants, elles con\u00adtribuent active\u00adment \u00e0 fa\u00e7on\u00adner un P\u00e9rou plus inclusif et diver\u00adsi\u00adfi\u00e9, fi\u00e8res de leur h\u00e9ritage et d\u00e9ter\u00admin\u00e9es \u00e0 con\u00adstru\u00adire un avenir meilleur pour les g\u00e9n\u00e9ra\u00adtions futures.<\/p>\n","protected":false},"excerpt":{"rendered":"<p>L\u2019his\u00adtoire des femmes noires au P\u00e9rou remonte \u00e0 l\u2019\u00e9poque colo\u00adniale espag\u00adnole, lorsque des mil\u00adliers d\u2019Africains furent amen\u00e9s de force en Am\u00e9rique latine dans le cadre de la traite n\u00e9gri\u00e8re. D\u00e8s\u2026 <\/p>\n","protected":false},"author":1,"featured_media":2950,"comment_status":"open","ping_status":"open","sticky":false,"template":"","format":"standard","meta":{"wp_typography_post_enhancements_disabled":false,"footnotes":""},"categories":[79,55],"tags":[1726,1737,197,1722,370,248,1733,1742,1725,1735,1744,1728,1740,1743,1731,1727,1730,1729,1734,1736,1738,1741,1739,1724,1732,1723],"class_list":["post-2949","post","type-post","status-publish","format-standard","has-post-thumbnail","hentry","category-a-la-une","category-culture","tag-afro-descendants","tag-discrimination-au-perou","tag-droits-des-femmes","tag-egalite-des-femmes","tag-empowerment-feminin","tag-entrepreneuriat-feminin","tag-esclavage-au-perou","tag-femmes-afro-peruviennes","tag-gastronomie-afro-peruvienne","tag-heritage-de-lesclavage","tag-histoire-des-femmes-noires","tag-inclusion-et-diversite","tag-inegalites-economiques","tag-lutte-pour-la-reconnaissance","tag-minorite-afro-peruvienne","tag-mouvements-sociaux","tag-patrimoine-culturel","tag-perou-moderne","tag-racisme-structurel","tag-reconnaissance-sociale","tag-renaissance-culturelle","tag-sous-representation","tag-stereotypes-negatifs","tag-traditions-afro-peruviennes","tag-traite-negriere","tag-visibilite-des-minorites"],"yoast_head":"<!-- This site is optimized with the Yoast SEO plugin v24.7 - https:\/\/yoast.com\/wordpress\/plugins\/seo\/ -->\n<title>Les femmes afro-p\u00e9ruviennes : Un h\u00e9ritage de l&#039;esclavage en qu\u00eate de reconnaissance - Bobea<\/title>\n<meta name=\"description\" content=\"L&#039;histoire des femmes noires au P\u00e9rou remonte \u00e0 l&#039;\u00e9poque coloniale espagnole, lorsque des milliers d&#039;Africains furent amen\u00e9s de force\" \/>\n<meta name=\"robots\" content=\"index, follow, max-snippet:-1, max-image-preview:large, max-video-preview:-1\" \/>\n<link rel=\"canonical\" href=\"https:\/\/bobea.net\/index.php\/2024\/07\/02\/les-femmes-afro-peruviennes-un-heritage-de-lesclavage-en-quete-de-reconnaissance\/\" \/>\n<meta property=\"og:locale\" content=\"fr_FR\" \/>\n<meta property=\"og:type\" content=\"article\" \/>\n<meta property=\"og:title\" content=\"Les femmes afro-p\u00e9ruviennes : Un h\u00e9ritage de l&#039;esclavage en qu\u00eate de reconnaissance - Bobea\" \/>\n<meta property=\"og:description\" content=\"L&#039;histoire des femmes noires au P\u00e9rou remonte \u00e0 l&#039;\u00e9poque coloniale espagnole, lorsque des milliers d&#039;Africains furent amen\u00e9s de force\" \/>\n<meta property=\"og:url\" content=\"https:\/\/bobea.net\/index.php\/2024\/07\/02\/les-femmes-afro-peruviennes-un-heritage-de-lesclavage-en-quete-de-reconnaissance\/\" \/>\n<meta property=\"og:site_name\" content=\"Bobea\" \/>\n<meta property=\"article:publisher\" content=\"https:\/\/web.facebook.com\/profile.php?id=61559252188416\" \/>\n<meta property=\"article:published_time\" content=\"2024-07-02T12:18:14+00:00\" \/>\n<meta property=\"article:modified_time\" content=\"2024-07-02T12:18:17+00:00\" \/>\n<meta property=\"og:image\" content=\"https:\/\/bobea.net\/wp-content\/uploads\/2024\/07\/R-19.jpeg\" \/>\n\t<meta property=\"og:image:width\" content=\"1200\" \/>\n\t<meta property=\"og:image:height\" content=\"800\" \/>\n\t<meta property=\"og:image:type\" content=\"image\/jpeg\" \/>\n<meta name=\"author\" content=\"bobea.info\" \/>\n<meta name=\"twitter:card\" content=\"summary_large_image\" \/>\n<meta name=\"twitter:label1\" content=\"\u00c9crit par\" \/>\n\t<meta name=\"twitter:data1\" content=\"bobea.info\" \/>\n\t<meta name=\"twitter:label2\" content=\"Dur\u00e9e de lecture estim\u00e9e\" \/>\n\t<meta name=\"twitter:data2\" content=\"2 minutes\" \/>\n<script type=\"application\/ld+json\" class=\"yoast-schema-graph\">{\"@context\":\"https:\/\/schema.org\",\"@graph\":[{\"@type\":\"Article\",\"@id\":\"https:\/\/bobea.net\/index.php\/2024\/07\/02\/les-femmes-afro-peruviennes-un-heritage-de-lesclavage-en-quete-de-reconnaissance\/#article\",\"isPartOf\":{\"@id\":\"https:\/\/bobea.net\/index.php\/2024\/07\/02\/les-femmes-afro-peruviennes-un-heritage-de-lesclavage-en-quete-de-reconnaissance\/\"},\"author\":{\"name\":\"bobea.info\",\"@id\":\"https:\/\/bobea.net\/#\/schema\/person\/e7f45ef187918d7c956bf619dce90ccf\"},\"headline\":\"Les femmes afro-p\u00e9ruviennes : Un h\u00e9ritage de l\u2019esclavage en qu\u00eate de reconnaissance\",\"datePublished\":\"2024-07-02T12:18:14+00:00\",\"dateModified\":\"2024-07-02T12:18:17+00:00\",\"mainEntityOfPage\":{\"@id\":\"https:\/\/bobea.net\/index.php\/2024\/07\/02\/les-femmes-afro-peruviennes-un-heritage-de-lesclavage-en-quete-de-reconnaissance\/\"},\"wordCount\":437,\"commentCount\":0,\"publisher\":{\"@id\":\"https:\/\/bobea.net\/#organization\"},\"image\":{\"@id\":\"https:\/\/bobea.net\/index.php\/2024\/07\/02\/les-femmes-afro-peruviennes-un-heritage-de-lesclavage-en-quete-de-reconnaissance\/#primaryimage\"},\"thumbnailUrl\":\"https:\/\/bobea.net\/wp-content\/uploads\/2024\/07\/R-19.jpeg\",\"keywords\":[\"afro-descendants\",\"discrimination au P\u00e9rou\",\"droits des femmes\",\"\u00e9galit\u00e9 des femmes\",\"empowerment f\u00e9minin\",\"entrepreneuriat f\u00e9minin\",\"esclavage au P\u00e9rou\",\"femmes afro-p\u00e9ruviennes\",\"gastronomie afro-p\u00e9ruvienne\",\"h\u00e9ritage de l'esclavage\",\"histoire des femmes noires\",\"inclusion et diversit\u00e9\",\"in\u00e9galit\u00e9s \u00e9conomiques\",\"lutte pour la reconnaissance\",\"minorit\u00e9 afro-p\u00e9ruvienne\",\"mouvements sociaux\",\"patrimoine culturel\",\"P\u00e9rou moderne\",\"racisme structurel\",\"reconnaissance sociale\",\"renaissance culturelle\",\"sous-repr\u00e9sentation\",\"st\u00e9r\u00e9otypes n\u00e9gatifs\",\"traditions afro-p\u00e9ruviennes\",\"traite n\u00e9gri\u00e8re\",\"visibilit\u00e9 des minorit\u00e9s\"],\"articleSection\":[\"A la Une\",\"Culture\"],\"inLanguage\":\"fr-FR\",\"potentialAction\":[{\"@type\":\"CommentAction\",\"name\":\"Comment\",\"target\":[\"https:\/\/bobea.net\/index.php\/2024\/07\/02\/les-femmes-afro-peruviennes-un-heritage-de-lesclavage-en-quete-de-reconnaissance\/#respond\"]}]},{\"@type\":\"WebPage\",\"@id\":\"https:\/\/bobea.net\/index.php\/2024\/07\/02\/les-femmes-afro-peruviennes-un-heritage-de-lesclavage-en-quete-de-reconnaissance\/\",\"url\":\"https:\/\/bobea.net\/index.php\/2024\/07\/02\/les-femmes-afro-peruviennes-un-heritage-de-lesclavage-en-quete-de-reconnaissance\/\",\"name\":\"Les femmes afro-p\u00e9ruviennes : Un h\u00e9ritage de l'esclavage en qu\u00eate de reconnaissance - Bobea\",\"isPartOf\":{\"@id\":\"https:\/\/bobea.net\/#website\"},\"primaryImageOfPage\":{\"@id\":\"https:\/\/bobea.net\/index.php\/2024\/07\/02\/les-femmes-afro-peruviennes-un-heritage-de-lesclavage-en-quete-de-reconnaissance\/#primaryimage\"},\"image\":{\"@id\":\"https:\/\/bobea.net\/index.php\/2024\/07\/02\/les-femmes-afro-peruviennes-un-heritage-de-lesclavage-en-quete-de-reconnaissance\/#primaryimage\"},\"thumbnailUrl\":\"https:\/\/bobea.net\/wp-content\/uploads\/2024\/07\/R-19.jpeg\",\"datePublished\":\"2024-07-02T12:18:14+00:00\",\"dateModified\":\"2024-07-02T12:18:17+00:00\",\"description\":\"L'histoire des femmes noires au P\u00e9rou remonte \u00e0 l'\u00e9poque coloniale espagnole, lorsque des milliers d'Africains furent amen\u00e9s de force\",\"breadcrumb\":{\"@id\":\"https:\/\/bobea.net\/index.php\/2024\/07\/02\/les-femmes-afro-peruviennes-un-heritage-de-lesclavage-en-quete-de-reconnaissance\/#breadcrumb\"},\"inLanguage\":\"fr-FR\",\"potentialAction\":[{\"@type\":\"ReadAction\",\"target\":[\"https:\/\/bobea.net\/index.php\/2024\/07\/02\/les-femmes-afro-peruviennes-un-heritage-de-lesclavage-en-quete-de-reconnaissance\/\"]}]},{\"@type\":\"ImageObject\",\"inLanguage\":\"fr-FR\",\"@id\":\"https:\/\/bobea.net\/index.php\/2024\/07\/02\/les-femmes-afro-peruviennes-un-heritage-de-lesclavage-en-quete-de-reconnaissance\/#primaryimage\",\"url\":\"https:\/\/bobea.net\/wp-content\/uploads\/2024\/07\/R-19.jpeg\",\"contentUrl\":\"https:\/\/bobea.net\/wp-content\/uploads\/2024\/07\/R-19.jpeg\",\"width\":1200,\"height\":800,\"caption\":\"femmes noires au P\u00e9rou\"},{\"@type\":\"BreadcrumbList\",\"@id\":\"https:\/\/bobea.net\/index.php\/2024\/07\/02\/les-femmes-afro-peruviennes-un-heritage-de-lesclavage-en-quete-de-reconnaissance\/#breadcrumb\",\"itemListElement\":[{\"@type\":\"ListItem\",\"position\":1,\"name\":\"Accueil\",\"item\":\"https:\/\/bobea.net\/\"},{\"@type\":\"ListItem\",\"position\":2,\"name\":\"Les femmes afro-p\u00e9ruviennes : Un h\u00e9ritage de l&rsquo;esclavage en qu\u00eate de reconnaissance\"}]},{\"@type\":\"WebSite\",\"@id\":\"https:\/\/bobea.net\/#website\",\"url\":\"https:\/\/bobea.net\/\",\"name\":\"Bobea\",\"description\":\"Le magazine de la nouvelle \u00c8ve\",\"publisher\":{\"@id\":\"https:\/\/bobea.net\/#organization\"},\"potentialAction\":[{\"@type\":\"SearchAction\",\"target\":{\"@type\":\"EntryPoint\",\"urlTemplate\":\"https:\/\/bobea.net\/?s={search_term_string}\"},\"query-input\":{\"@type\":\"PropertyValueSpecification\",\"valueRequired\":true,\"valueName\":\"search_term_string\"}}],\"inLanguage\":\"fr-FR\"},{\"@type\":\"Organization\",\"@id\":\"https:\/\/bobea.net\/#organization\",\"name\":\"Bobea\",\"url\":\"https:\/\/bobea.net\/\",\"logo\":{\"@type\":\"ImageObject\",\"inLanguage\":\"fr-FR\",\"@id\":\"https:\/\/bobea.net\/#\/schema\/logo\/image\/\",\"url\":\"https:\/\/bobea.net\/wp-content\/uploads\/2024\/06\/bobea.jpg\",\"contentUrl\":\"https:\/\/bobea.net\/wp-content\/uploads\/2024\/06\/bobea.jpg\",\"width\":1080,\"height\":1080,\"caption\":\"Bobea\"},\"image\":{\"@id\":\"https:\/\/bobea.net\/#\/schema\/logo\/image\/\"},\"sameAs\":[\"https:\/\/web.facebook.com\/profile.php?id=61559252188416\"]},{\"@type\":\"Person\",\"@id\":\"https:\/\/bobea.net\/#\/schema\/person\/e7f45ef187918d7c956bf619dce90ccf\",\"name\":\"bobea.info\",\"image\":{\"@type\":\"ImageObject\",\"inLanguage\":\"fr-FR\",\"@id\":\"https:\/\/bobea.net\/#\/schema\/person\/image\/\",\"url\":\"https:\/\/secure.gravatar.com\/avatar\/36147980349df887ae30808df3e29474?s=96&d=mm&r=g\",\"contentUrl\":\"https:\/\/secure.gravatar.com\/avatar\/36147980349df887ae30808df3e29474?s=96&d=mm&r=g\",\"caption\":\"bobea.info\"},\"sameAs\":[\"https:\/\/bobea.net\"],\"url\":\"https:\/\/bobea.net\/index.php\/author\/bobea-info\/\"}]}<\/script>\n<!-- \/ Yoast SEO plugin. -->","yoast_head_json":{"title":"Les femmes afro-p\u00e9ruviennes : Un h\u00e9ritage de l'esclavage en qu\u00eate de reconnaissance - Bobea","description":"L'histoire des femmes noires au P\u00e9rou remonte \u00e0 l'\u00e9poque coloniale espagnole, lorsque des milliers d'Africains furent amen\u00e9s de force","robots":{"index":"index","follow":"follow","max-snippet":"max-snippet:-1","max-image-preview":"max-image-preview:large","max-video-preview":"max-video-preview:-1"},"canonical":"https:\/\/bobea.net\/index.php\/2024\/07\/02\/les-femmes-afro-peruviennes-un-heritage-de-lesclavage-en-quete-de-reconnaissance\/","og_locale":"fr_FR","og_type":"article","og_title":"Les femmes afro-p\u00e9ruviennes : Un h\u00e9ritage de l'esclavage en qu\u00eate de reconnaissance - Bobea","og_description":"L'histoire des femmes noires au P\u00e9rou remonte \u00e0 l'\u00e9poque coloniale espagnole, lorsque des milliers d'Africains furent amen\u00e9s de force","og_url":"https:\/\/bobea.net\/index.php\/2024\/07\/02\/les-femmes-afro-peruviennes-un-heritage-de-lesclavage-en-quete-de-reconnaissance\/","og_site_name":"Bobea","article_publisher":"https:\/\/web.facebook.com\/profile.php?id=61559252188416","article_published_time":"2024-07-02T12:18:14+00:00","article_modified_time":"2024-07-02T12:18:17+00:00","og_image":[{"width":1200,"height":800,"url":"https:\/\/bobea.net\/wp-content\/uploads\/2024\/07\/R-19.jpeg","type":"image\/jpeg"}],"author":"bobea.info","twitter_card":"summary_large_image","twitter_misc":{"\u00c9crit par":"bobea.info","Dur\u00e9e de lecture estim\u00e9e":"2 minutes"},"schema":{"@context":"https:\/\/schema.org","@graph":[{"@type":"Article","@id":"https:\/\/bobea.net\/index.php\/2024\/07\/02\/les-femmes-afro-peruviennes-un-heritage-de-lesclavage-en-quete-de-reconnaissance\/#article","isPartOf":{"@id":"https:\/\/bobea.net\/index.php\/2024\/07\/02\/les-femmes-afro-peruviennes-un-heritage-de-lesclavage-en-quete-de-reconnaissance\/"},"author":{"name":"bobea.info","@id":"https:\/\/bobea.net\/#\/schema\/person\/e7f45ef187918d7c956bf619dce90ccf"},"headline":"Les femmes afro-p\u00e9ruviennes : Un h\u00e9ritage de l\u2019esclavage en qu\u00eate de reconnaissance","datePublished":"2024-07-02T12:18:14+00:00","dateModified":"2024-07-02T12:18:17+00:00","mainEntityOfPage":{"@id":"https:\/\/bobea.net\/index.php\/2024\/07\/02\/les-femmes-afro-peruviennes-un-heritage-de-lesclavage-en-quete-de-reconnaissance\/"},"wordCount":437,"commentCount":0,"publisher":{"@id":"https:\/\/bobea.net\/#organization"},"image":{"@id":"https:\/\/bobea.net\/index.php\/2024\/07\/02\/les-femmes-afro-peruviennes-un-heritage-de-lesclavage-en-quete-de-reconnaissance\/#primaryimage"},"thumbnailUrl":"https:\/\/bobea.net\/wp-content\/uploads\/2024\/07\/R-19.jpeg","keywords":["afro-descendants","discrimination au P\u00e9rou","droits des femmes","\u00e9galit\u00e9 des femmes","empowerment f\u00e9minin","entrepreneuriat f\u00e9minin","esclavage au P\u00e9rou","femmes afro-p\u00e9ruviennes","gastronomie afro-p\u00e9ruvienne","h\u00e9ritage de l'esclavage","histoire des femmes noires","inclusion et diversit\u00e9","in\u00e9galit\u00e9s \u00e9conomiques","lutte pour la reconnaissance","minorit\u00e9 afro-p\u00e9ruvienne","mouvements sociaux","patrimoine culturel","P\u00e9rou moderne","racisme structurel","reconnaissance sociale","renaissance culturelle","sous-repr\u00e9sentation","st\u00e9r\u00e9otypes n\u00e9gatifs","traditions afro-p\u00e9ruviennes","traite n\u00e9gri\u00e8re","visibilit\u00e9 des minorit\u00e9s"],"articleSection":["A la Une","Culture"],"inLanguage":"fr-FR","potentialAction":[{"@type":"CommentAction","name":"Comment","target":["https:\/\/bobea.net\/index.php\/2024\/07\/02\/les-femmes-afro-peruviennes-un-heritage-de-lesclavage-en-quete-de-reconnaissance\/#respond"]}]},{"@type":"WebPage","@id":"https:\/\/bobea.net\/index.php\/2024\/07\/02\/les-femmes-afro-peruviennes-un-heritage-de-lesclavage-en-quete-de-reconnaissance\/","url":"https:\/\/bobea.net\/index.php\/2024\/07\/02\/les-femmes-afro-peruviennes-un-heritage-de-lesclavage-en-quete-de-reconnaissance\/","name":"Les femmes afro-p\u00e9ruviennes : Un h\u00e9ritage de l'esclavage en qu\u00eate de reconnaissance - Bobea","isPartOf":{"@id":"https:\/\/bobea.net\/#website"},"primaryImageOfPage":{"@id":"https:\/\/bobea.net\/index.php\/2024\/07\/02\/les-femmes-afro-peruviennes-un-heritage-de-lesclavage-en-quete-de-reconnaissance\/#primaryimage"},"image":{"@id":"https:\/\/bobea.net\/index.php\/2024\/07\/02\/les-femmes-afro-peruviennes-un-heritage-de-lesclavage-en-quete-de-reconnaissance\/#primaryimage"},"thumbnailUrl":"https:\/\/bobea.net\/wp-content\/uploads\/2024\/07\/R-19.jpeg","datePublished":"2024-07-02T12:18:14+00:00","dateModified":"2024-07-02T12:18:17+00:00","description":"L'histoire des femmes noires au P\u00e9rou remonte \u00e0 l'\u00e9poque coloniale espagnole, lorsque des milliers d'Africains furent amen\u00e9s de force","breadcrumb":{"@id":"https:\/\/bobea.net\/index.php\/2024\/07\/02\/les-femmes-afro-peruviennes-un-heritage-de-lesclavage-en-quete-de-reconnaissance\/#breadcrumb"},"inLanguage":"fr-FR","potentialAction":[{"@type":"ReadAction","target":["https:\/\/bobea.net\/index.php\/2024\/07\/02\/les-femmes-afro-peruviennes-un-heritage-de-lesclavage-en-quete-de-reconnaissance\/"]}]},{"@type":"ImageObject","inLanguage":"fr-FR","@id":"https:\/\/bobea.net\/index.php\/2024\/07\/02\/les-femmes-afro-peruviennes-un-heritage-de-lesclavage-en-quete-de-reconnaissance\/#primaryimage","url":"https:\/\/bobea.net\/wp-content\/uploads\/2024\/07\/R-19.jpeg","contentUrl":"https:\/\/bobea.net\/wp-content\/uploads\/2024\/07\/R-19.jpeg","width":1200,"height":800,"caption":"femmes noires au P\u00e9rou"},{"@type":"BreadcrumbList","@id":"https:\/\/bobea.net\/index.php\/2024\/07\/02\/les-femmes-afro-peruviennes-un-heritage-de-lesclavage-en-quete-de-reconnaissance\/#breadcrumb","itemListElement":[{"@type":"ListItem","position":1,"name":"Accueil","item":"https:\/\/bobea.net\/"},{"@type":"ListItem","position":2,"name":"Les femmes afro-p\u00e9ruviennes : Un h\u00e9ritage de l&rsquo;esclavage en qu\u00eate de reconnaissance"}]},{"@type":"WebSite","@id":"https:\/\/bobea.net\/#website","url":"https:\/\/bobea.net\/","name":"Bobea","description":"Le magazine de la nouvelle \u00c8ve","publisher":{"@id":"https:\/\/bobea.net\/#organization"},"potentialAction":[{"@type":"SearchAction","target":{"@type":"EntryPoint","urlTemplate":"https:\/\/bobea.net\/?s={search_term_string}"},"query-input":{"@type":"PropertyValueSpecification","valueRequired":true,"valueName":"search_term_string"}}],"inLanguage":"fr-FR"},{"@type":"Organization","@id":"https:\/\/bobea.net\/#organization","name":"Bobea","url":"https:\/\/bobea.net\/","logo":{"@type":"ImageObject","inLanguage":"fr-FR","@id":"https:\/\/bobea.net\/#\/schema\/logo\/image\/","url":"https:\/\/bobea.net\/wp-content\/uploads\/2024\/06\/bobea.jpg","contentUrl":"https:\/\/bobea.net\/wp-content\/uploads\/2024\/06\/bobea.jpg","width":1080,"height":1080,"caption":"Bobea"},"image":{"@id":"https:\/\/bobea.net\/#\/schema\/logo\/image\/"},"sameAs":["https:\/\/web.facebook.com\/profile.php?id=61559252188416"]},{"@type":"Person","@id":"https:\/\/bobea.net\/#\/schema\/person\/e7f45ef187918d7c956bf619dce90ccf","name":"bobea.info","image":{"@type":"ImageObject","inLanguage":"fr-FR","@id":"https:\/\/bobea.net\/#\/schema\/person\/image\/","url":"https:\/\/secure.gravatar.com\/avatar\/36147980349df887ae30808df3e29474?s=96&d=mm&r=g","contentUrl":"https:\/\/secure.gravatar.com\/avatar\/36147980349df887ae30808df3e29474?s=96&d=mm&r=g","caption":"bobea.info"},"sameAs":["https:\/\/bobea.net"],"url":"https:\/\/bobea.net\/index.php\/author\/bobea-info\/"}]}},"_links":{"self":[{"href":"https:\/\/bobea.net\/index.php\/wp-json\/wp\/v2\/posts\/2949"}],"collection":[{"href":"https:\/\/bobea.net\/index.php\/wp-json\/wp\/v2\/posts"}],"about":[{"href":"https:\/\/bobea.net\/index.php\/wp-json\/wp\/v2\/types\/post"}],"author":[{"embeddable":true,"href":"https:\/\/bobea.net\/index.php\/wp-json\/wp\/v2\/users\/1"}],"replies":[{"embeddable":true,"href":"https:\/\/bobea.net\/index.php\/wp-json\/wp\/v2\/comments?post=2949"}],"version-history":[{"count":0,"href":"https:\/\/bobea.net\/index.php\/wp-json\/wp\/v2\/posts\/2949\/revisions"}],"wp:featuredmedia":[{"embeddable":true,"href":"https:\/\/bobea.net\/index.php\/wp-json\/wp\/v2\/media\/2950"}],"wp:attachment":[{"href":"https:\/\/bobea.net\/index.php\/wp-json\/wp\/v2\/media?parent=2949"}],"wp:term":[{"taxonomy":"category","embeddable":true,"href":"https:\/\/bobea.net\/index.php\/wp-json\/wp\/v2\/categories?post=2949"},{"taxonomy":"post_tag","embeddable":true,"href":"https:\/\/bobea.net\/index.php\/wp-json\/wp\/v2\/tags?post=2949"}],"curies":[{"name":"wp","href":"https:\/\/api.w.org\/{rel}","templated":true}]}}