{"id":2946,"date":"2024-07-02T12:07:18","date_gmt":"2024-07-02T12:07:18","guid":{"rendered":"https:\/\/bobea.net\/?p=2946"},"modified":"2024-07-02T12:07:22","modified_gmt":"2024-07-02T12:07:22","slug":"miriam-makeba-la-voix-de-lafrique-contre-lapartheid","status":"publish","type":"post","link":"https:\/\/bobea.net\/index.php\/2024\/07\/02\/miriam-makeba-la-voix-de-lafrique-contre-lapartheid\/","title":{"rendered":"Miriam Makeba : La voix de l\u2019Afrique contre l\u2019apartheid"},"content":{"rendered":"\n<p>Miri\u00adam Make\u00adba, surnom\u00adm\u00e9e \u201cMama Africa\u201d, incar\u00adne la lutte pour la lib\u00adert\u00e9 et la dig\u00adnit\u00e9 du peu\u00adple africain. Sa vie extra\u00ador\u00addi\u00adnaire m\u00eale musique, activisme et r\u00e9silience, faisant d\u2019elle une ic\u00f4ne mon\u00addi\u00adale.<\/p>\n\n\n\n<p>La chanteuse qui a fait r\u00e9son\u00adner la fiert\u00e9 africaine<\/p>\n\n\n\n<p>N\u00e9e en 1932 \u00e0 Johan\u00adnes\u00adburg, Miri\u00adam Make\u00adba a util\u00adis\u00e9 sa voix puis\u00adsante pour c\u00e9l\u00e9br\u00ader la richesse cul\u00adturelle de l\u2019Afrique :<\/p>\n\n\n\n<ol class=\"wp-block-list\" start=\"1\">\n<li>Ses chan\u00adsons en xhosa, zoulou et autres langues africaines ont fait d\u00e9cou\u00advrir la diver\u00adsit\u00e9 lin\u00adguis\u00adtique du con\u00adti\u00adnent<\/li>\n\n\n\n<li>Elle a pop\u00adu\u00adlar\u00adis\u00e9 des styles musi\u00adcaux tra\u00addi\u00adtion\u00adnels comme le mbaqan\u00adga \u00e0 l\u2019in\u00adter\u00adna\u00adtion\u00adal<\/li>\n\n\n\n<li>Ses tenues et coif\u00adfures africaines ont affir\u00adm\u00e9 la beaut\u00e9 de l\u2019i\u00adden\u00adtit\u00e9 noire sur la sc\u00e8ne mon\u00addi\u00adale<\/li>\n<\/ol>\n\n\n\n<p>Une ascen\u00adsion ful\u00adgu\u00adrante vers la c\u00e9l\u00e9brit\u00e9<\/p>\n\n\n\n<p>Le tal\u00adent excep\u00adtion\u00adnel de Make\u00adba l\u2019a propul\u00ads\u00e9e au som\u00admet de la sc\u00e8ne musi\u00adcale inter\u00adna\u00adtionale :<\/p>\n\n\n\n<ol class=\"wp-block-list\" start=\"1\">\n<li>Suc\u00adc\u00e8s avec le groupe The Man\u00adhat\u00adtan Broth\u00aders dans les ann\u00e9es 1950<\/li>\n\n\n\n<li>R\u00f4le remar\u00adqu\u00e9 dans le doc\u00adu\u00admen\u00adtaire \u201cCome Back, Africa\u201d (1959)<\/li>\n\n\n\n<li>Exil aux \u00c9tats-Unis et col\u00adlab\u00ado\u00adra\u00adtion avec des artistes comme Har\u00adry Bela\u00adfonte<\/li>\n\n\n\n<li>Gram\u00admy Award en 1966 pour son album avec Bela\u00adfonte, \u201cAn Evening with Belafonte\/Makeba\u201d<\/li>\n<\/ol>\n\n\n\n<p>Le sym\u00adbole de la lutte con\u00adtre l\u2019a\u00adpartheid<\/p>\n\n\n\n<p>Au-del\u00e0 de sa car\u00adri\u00e8re musi\u00adcale, Make\u00adba est dev\u00adenue une fig\u00adure incon\u00adtourn\u00adable du com\u00adbat pour les droits civiques :<\/p>\n\n\n\n<ol class=\"wp-block-list\" start=\"1\">\n<li>T\u00e9moignage poignant devant l\u2019ONU con\u00adtre l\u2019a\u00adpartheid en 1963<\/li>\n\n\n\n<li>R\u00e9vo\u00adca\u00adtion de son passe\u00adport sud-africain et 30 ans d\u2019ex\u00adil<\/li>\n\n\n\n<li>Mariage avec le mil\u00adi\u00adtant Stoke\u00adly Carmichael et engage\u00adment dans le mou\u00adve\u00adment des Black Pan\u00adthers<\/li>\n\n\n\n<li>Retour tri\u00adom\u00adphal en Afrique du Sud en 1990 \u00e0 l\u2019in\u00advi\u00adta\u00adtion de Nel\u00adson Man\u00addela<\/li>\n<\/ol>\n\n\n\n<p>Un h\u00e9ritage qui tran\u00adscende les g\u00e9n\u00e9ra\u00adtions<\/p>\n\n\n\n<p>L\u2019im\u00adpact de Miri\u00adam Make\u00adba per\u00addure bien au-del\u00e0 de sa dis\u00adpari\u00adtion en 2008 :<\/p>\n\n\n\n<ol class=\"wp-block-list\" start=\"1\">\n<li>Inspi\u00adra\u00adtion pour de nom\u00adbreux artistes africains con\u00adtem\u00adpo\u00adrains<\/li>\n\n\n\n<li>Cr\u00e9a\u00adtion de la Fon\u00adda\u00adtion Miri\u00adam Make\u00adba pour soutenir de jeunes artistes<\/li>\n\n\n\n<li>Recon\u00adnais\u00adsance inter\u00adna\u00adtionale de son r\u00f4le dans la lutte con\u00adtre l\u2019a\u00adpartheid<\/li>\n\n\n\n<li>Sym\u00adbole de r\u00e9silience et de dig\u00adnit\u00e9 pour les femmes africaines<\/li>\n<\/ol>\n\n\n\n<p>Miri\u00adam Make\u00adba reste une fig\u00adure embl\u00e9\u00adma\u00adtique de la force des femmes africaines. Sa vie illus\u00adtre com\u00adment l\u2019art peut devenir un puis\u00adsant out\u00adil de change\u00adment social et poli\u00adtique. \u201cMama Africa\u201d con\u00adtin\u00adue d\u2019in\u00adspir\u00ader des g\u00e9n\u00e9ra\u00adtions de femmes \u00e0 tra\u00advers le monde \u00e0 \u00e9lever leur voix pour la jus\u00adtice et la lib\u00adert\u00e9.<\/p>\n","protected":false},"excerpt":{"rendered":"<p>Miri\u00adam Make\u00adba, surnom\u00adm\u00e9e \u201cMama Africa\u201d, incar\u00adne la lutte pour la lib\u00adert\u00e9 et la dig\u00adnit\u00e9 du peu\u00adple africain. Sa vie extra\u00ador\u00addi\u00adnaire m\u00eale musique, activisme et r\u00e9silience, faisant d\u2019elle une ic\u00f4ne mon\u00addi\u00adale.\u2026 <\/p>\n","protected":false},"author":1,"featured_media":2947,"comment_status":"open","ping_status":"open","sticky":false,"template":"","format":"standard","meta":{"wp_typography_post_enhancements_disabled":false,"footnotes":""},"categories":[79,55],"tags":[702,1720,285,549,1713,1702,284,1715,1706,1716,1711,1717,1703,165,286,1718,1707,282,1708,1712,1710,687,1719,1714,1705,1704],"class_list":["post-2946","post","type-post","status-publish","format-standard","has-post-thumbnail","hentry","category-a-la-une","category-culture","tag-activisme","tag-apartheid","tag-artistes-africains","tag-black-panthers","tag-come-back-africa","tag-dignite-africaine","tag-droits-civiques","tag-exil-aux-etats-unis","tag-fierte-africaine","tag-fondation-miriam-makeba","tag-grammy-award","tag-harry-belafonte","tag-langues-africaines","tag-liberte","tag-lutte-contre-lapartheid","tag-mama-africa","tag-mbaqanga","tag-miriam-makeba","tag-musique-africaine","tag-nelson-mandela","tag-onu","tag-resilience","tag-retour-en-afrique-du-sud","tag-stokely-carmichael","tag-tenues-africaines","tag-the-manhattan-brothers"],"yoast_head":"<!-- This site is optimized with the Yoast SEO plugin v24.7 - https:\/\/yoast.com\/wordpress\/plugins\/seo\/ -->\n<title>Miriam Makeba : La voix de l&#039;Afrique contre l&#039;apartheid - Bobea<\/title>\n<meta name=\"description\" content=\"Miriam Makeba, surnomm\u00e9e &quot;Mama Africa&quot;, incarne la lutte pour la libert\u00e9 et la dignit\u00e9 du peuple africain.\" \/>\n<meta name=\"robots\" content=\"index, follow, max-snippet:-1, max-image-preview:large, max-video-preview:-1\" \/>\n<link rel=\"canonical\" href=\"https:\/\/bobea.net\/index.php\/2024\/07\/02\/miriam-makeba-la-voix-de-lafrique-contre-lapartheid\/\" \/>\n<meta property=\"og:locale\" content=\"fr_FR\" \/>\n<meta property=\"og:type\" content=\"article\" \/>\n<meta property=\"og:title\" content=\"Miriam Makeba : La voix de l&#039;Afrique contre l&#039;apartheid - Bobea\" \/>\n<meta property=\"og:description\" content=\"Miriam Makeba, surnomm\u00e9e &quot;Mama Africa&quot;, incarne la lutte pour la libert\u00e9 et la dignit\u00e9 du peuple africain.\" \/>\n<meta property=\"og:url\" content=\"https:\/\/bobea.net\/index.php\/2024\/07\/02\/miriam-makeba-la-voix-de-lafrique-contre-lapartheid\/\" \/>\n<meta property=\"og:site_name\" content=\"Bobea\" \/>\n<meta property=\"article:publisher\" content=\"https:\/\/web.facebook.com\/profile.php?id=61559252188416\" \/>\n<meta property=\"article:published_time\" content=\"2024-07-02T12:07:18+00:00\" \/>\n<meta property=\"article:modified_time\" content=\"2024-07-02T12:07:22+00:00\" \/>\n<meta property=\"og:image\" content=\"https:\/\/bobea.net\/wp-content\/uploads\/2024\/07\/OIP-16.jpeg\" \/>\n\t<meta property=\"og:image:width\" content=\"474\" \/>\n\t<meta property=\"og:image:height\" content=\"268\" \/>\n\t<meta property=\"og:image:type\" content=\"image\/jpeg\" \/>\n<meta name=\"author\" content=\"bobea.info\" \/>\n<meta name=\"twitter:card\" content=\"summary_large_image\" \/>\n<meta name=\"twitter:label1\" content=\"\u00c9crit par\" \/>\n\t<meta name=\"twitter:data1\" content=\"bobea.info\" \/>\n\t<meta name=\"twitter:label2\" content=\"Dur\u00e9e de lecture estim\u00e9e\" \/>\n\t<meta name=\"twitter:data2\" content=\"2 minutes\" \/>\n<script type=\"application\/ld+json\" class=\"yoast-schema-graph\">{\"@context\":\"https:\/\/schema.org\",\"@graph\":[{\"@type\":\"Article\",\"@id\":\"https:\/\/bobea.net\/index.php\/2024\/07\/02\/miriam-makeba-la-voix-de-lafrique-contre-lapartheid\/#article\",\"isPartOf\":{\"@id\":\"https:\/\/bobea.net\/index.php\/2024\/07\/02\/miriam-makeba-la-voix-de-lafrique-contre-lapartheid\/\"},\"author\":{\"name\":\"bobea.info\",\"@id\":\"https:\/\/bobea.net\/#\/schema\/person\/e7f45ef187918d7c956bf619dce90ccf\"},\"headline\":\"Miriam Makeba : La voix de l\u2019Afrique contre l\u2019apartheid\",\"datePublished\":\"2024-07-02T12:07:18+00:00\",\"dateModified\":\"2024-07-02T12:07:22+00:00\",\"mainEntityOfPage\":{\"@id\":\"https:\/\/bobea.net\/index.php\/2024\/07\/02\/miriam-makeba-la-voix-de-lafrique-contre-lapartheid\/\"},\"wordCount\":381,\"commentCount\":0,\"publisher\":{\"@id\":\"https:\/\/bobea.net\/#organization\"},\"image\":{\"@id\":\"https:\/\/bobea.net\/index.php\/2024\/07\/02\/miriam-makeba-la-voix-de-lafrique-contre-lapartheid\/#primaryimage\"},\"thumbnailUrl\":\"https:\/\/bobea.net\/wp-content\/uploads\/2024\/07\/OIP-16.jpeg\",\"keywords\":[\"activisme\",\"apartheid\",\"artistes africains\",\"Black Panthers\",\"Come Back Africa\",\"dignit\u00e9 africaine\",\"droits civiques\",\"exil aux \u00c9tats-Unis\",\"fiert\u00e9 africaine\",\"Fondation Miriam Makeba\",\"Grammy Award\",\"Harry Belafonte\",\"langues africaines\",\"libert\u00e9\",\"lutte contre l'apartheid\",\"Mama Africa\",\"mbaqanga\",\"Miriam Makeba\",\"musique africaine\",\"Nelson Mandela\",\"ONU\",\"r\u00e9silience\",\"retour en Afrique du Sud\",\"Stokely Carmichael\",\"tenues africaines\",\"The Manhattan Brothers\"],\"articleSection\":[\"A la Une\",\"Culture\"],\"inLanguage\":\"fr-FR\",\"potentialAction\":[{\"@type\":\"CommentAction\",\"name\":\"Comment\",\"target\":[\"https:\/\/bobea.net\/index.php\/2024\/07\/02\/miriam-makeba-la-voix-de-lafrique-contre-lapartheid\/#respond\"]}]},{\"@type\":\"WebPage\",\"@id\":\"https:\/\/bobea.net\/index.php\/2024\/07\/02\/miriam-makeba-la-voix-de-lafrique-contre-lapartheid\/\",\"url\":\"https:\/\/bobea.net\/index.php\/2024\/07\/02\/miriam-makeba-la-voix-de-lafrique-contre-lapartheid\/\",\"name\":\"Miriam Makeba : La voix de l'Afrique contre l'apartheid - Bobea\",\"isPartOf\":{\"@id\":\"https:\/\/bobea.net\/#website\"},\"primaryImageOfPage\":{\"@id\":\"https:\/\/bobea.net\/index.php\/2024\/07\/02\/miriam-makeba-la-voix-de-lafrique-contre-lapartheid\/#primaryimage\"},\"image\":{\"@id\":\"https:\/\/bobea.net\/index.php\/2024\/07\/02\/miriam-makeba-la-voix-de-lafrique-contre-lapartheid\/#primaryimage\"},\"thumbnailUrl\":\"https:\/\/bobea.net\/wp-content\/uploads\/2024\/07\/OIP-16.jpeg\",\"datePublished\":\"2024-07-02T12:07:18+00:00\",\"dateModified\":\"2024-07-02T12:07:22+00:00\",\"description\":\"Miriam Makeba, surnomm\u00e9e \\\"Mama Africa\\\", incarne la lutte pour la libert\u00e9 et la dignit\u00e9 du peuple africain.\",\"breadcrumb\":{\"@id\":\"https:\/\/bobea.net\/index.php\/2024\/07\/02\/miriam-makeba-la-voix-de-lafrique-contre-lapartheid\/#breadcrumb\"},\"inLanguage\":\"fr-FR\",\"potentialAction\":[{\"@type\":\"ReadAction\",\"target\":[\"https:\/\/bobea.net\/index.php\/2024\/07\/02\/miriam-makeba-la-voix-de-lafrique-contre-lapartheid\/\"]}]},{\"@type\":\"ImageObject\",\"inLanguage\":\"fr-FR\",\"@id\":\"https:\/\/bobea.net\/index.php\/2024\/07\/02\/miriam-makeba-la-voix-de-lafrique-contre-lapartheid\/#primaryimage\",\"url\":\"https:\/\/bobea.net\/wp-content\/uploads\/2024\/07\/OIP-16.jpeg\",\"contentUrl\":\"https:\/\/bobea.net\/wp-content\/uploads\/2024\/07\/OIP-16.jpeg\",\"width\":474,\"height\":268,\"caption\":\"Miriam Makeba, surnomm\u00e9e \\\"Mama Africa\\\", incarne la lutte pour la libert\u00e9 et la dignit\u00e9 du peuple africain.\"},{\"@type\":\"BreadcrumbList\",\"@id\":\"https:\/\/bobea.net\/index.php\/2024\/07\/02\/miriam-makeba-la-voix-de-lafrique-contre-lapartheid\/#breadcrumb\",\"itemListElement\":[{\"@type\":\"ListItem\",\"position\":1,\"name\":\"Accueil\",\"item\":\"https:\/\/bobea.net\/\"},{\"@type\":\"ListItem\",\"position\":2,\"name\":\"Miriam Makeba : La voix de l&rsquo;Afrique contre l&rsquo;apartheid\"}]},{\"@type\":\"WebSite\",\"@id\":\"https:\/\/bobea.net\/#website\",\"url\":\"https:\/\/bobea.net\/\",\"name\":\"Bobea\",\"description\":\"Le magazine de la nouvelle \u00c8ve\",\"publisher\":{\"@id\":\"https:\/\/bobea.net\/#organization\"},\"potentialAction\":[{\"@type\":\"SearchAction\",\"target\":{\"@type\":\"EntryPoint\",\"urlTemplate\":\"https:\/\/bobea.net\/?s={search_term_string}\"},\"query-input\":{\"@type\":\"PropertyValueSpecification\",\"valueRequired\":true,\"valueName\":\"search_term_string\"}}],\"inLanguage\":\"fr-FR\"},{\"@type\":\"Organization\",\"@id\":\"https:\/\/bobea.net\/#organization\",\"name\":\"Bobea\",\"url\":\"https:\/\/bobea.net\/\",\"logo\":{\"@type\":\"ImageObject\",\"inLanguage\":\"fr-FR\",\"@id\":\"https:\/\/bobea.net\/#\/schema\/logo\/image\/\",\"url\":\"https:\/\/bobea.net\/wp-content\/uploads\/2024\/06\/bobea.jpg\",\"contentUrl\":\"https:\/\/bobea.net\/wp-content\/uploads\/2024\/06\/bobea.jpg\",\"width\":1080,\"height\":1080,\"caption\":\"Bobea\"},\"image\":{\"@id\":\"https:\/\/bobea.net\/#\/schema\/logo\/image\/\"},\"sameAs\":[\"https:\/\/web.facebook.com\/profile.php?id=61559252188416\"]},{\"@type\":\"Person\",\"@id\":\"https:\/\/bobea.net\/#\/schema\/person\/e7f45ef187918d7c956bf619dce90ccf\",\"name\":\"bobea.info\",\"image\":{\"@type\":\"ImageObject\",\"inLanguage\":\"fr-FR\",\"@id\":\"https:\/\/bobea.net\/#\/schema\/person\/image\/\",\"url\":\"https:\/\/secure.gravatar.com\/avatar\/36147980349df887ae30808df3e29474?s=96&d=mm&r=g\",\"contentUrl\":\"https:\/\/secure.gravatar.com\/avatar\/36147980349df887ae30808df3e29474?s=96&d=mm&r=g\",\"caption\":\"bobea.info\"},\"sameAs\":[\"https:\/\/bobea.net\"],\"url\":\"https:\/\/bobea.net\/index.php\/author\/bobea-info\/\"}]}<\/script>\n<!-- \/ Yoast SEO plugin. -->","yoast_head_json":{"title":"Miriam Makeba : La voix de l'Afrique contre l'apartheid - Bobea","description":"Miriam Makeba, surnomm\u00e9e \"Mama Africa\", incarne la lutte pour la libert\u00e9 et la dignit\u00e9 du peuple africain.","robots":{"index":"index","follow":"follow","max-snippet":"max-snippet:-1","max-image-preview":"max-image-preview:large","max-video-preview":"max-video-preview:-1"},"canonical":"https:\/\/bobea.net\/index.php\/2024\/07\/02\/miriam-makeba-la-voix-de-lafrique-contre-lapartheid\/","og_locale":"fr_FR","og_type":"article","og_title":"Miriam Makeba : La voix de l'Afrique contre l'apartheid - Bobea","og_description":"Miriam Makeba, surnomm\u00e9e \"Mama Africa\", incarne la lutte pour la libert\u00e9 et la dignit\u00e9 du peuple africain.","og_url":"https:\/\/bobea.net\/index.php\/2024\/07\/02\/miriam-makeba-la-voix-de-lafrique-contre-lapartheid\/","og_site_name":"Bobea","article_publisher":"https:\/\/web.facebook.com\/profile.php?id=61559252188416","article_published_time":"2024-07-02T12:07:18+00:00","article_modified_time":"2024-07-02T12:07:22+00:00","og_image":[{"width":474,"height":268,"url":"https:\/\/bobea.net\/wp-content\/uploads\/2024\/07\/OIP-16.jpeg","type":"image\/jpeg"}],"author":"bobea.info","twitter_card":"summary_large_image","twitter_misc":{"\u00c9crit par":"bobea.info","Dur\u00e9e de lecture estim\u00e9e":"2 minutes"},"schema":{"@context":"https:\/\/schema.org","@graph":[{"@type":"Article","@id":"https:\/\/bobea.net\/index.php\/2024\/07\/02\/miriam-makeba-la-voix-de-lafrique-contre-lapartheid\/#article","isPartOf":{"@id":"https:\/\/bobea.net\/index.php\/2024\/07\/02\/miriam-makeba-la-voix-de-lafrique-contre-lapartheid\/"},"author":{"name":"bobea.info","@id":"https:\/\/bobea.net\/#\/schema\/person\/e7f45ef187918d7c956bf619dce90ccf"},"headline":"Miriam Makeba : La voix de l\u2019Afrique contre l\u2019apartheid","datePublished":"2024-07-02T12:07:18+00:00","dateModified":"2024-07-02T12:07:22+00:00","mainEntityOfPage":{"@id":"https:\/\/bobea.net\/index.php\/2024\/07\/02\/miriam-makeba-la-voix-de-lafrique-contre-lapartheid\/"},"wordCount":381,"commentCount":0,"publisher":{"@id":"https:\/\/bobea.net\/#organization"},"image":{"@id":"https:\/\/bobea.net\/index.php\/2024\/07\/02\/miriam-makeba-la-voix-de-lafrique-contre-lapartheid\/#primaryimage"},"thumbnailUrl":"https:\/\/bobea.net\/wp-content\/uploads\/2024\/07\/OIP-16.jpeg","keywords":["activisme","apartheid","artistes africains","Black Panthers","Come Back Africa","dignit\u00e9 africaine","droits civiques","exil aux \u00c9tats-Unis","fiert\u00e9 africaine","Fondation Miriam Makeba","Grammy Award","Harry Belafonte","langues africaines","libert\u00e9","lutte contre l'apartheid","Mama Africa","mbaqanga","Miriam Makeba","musique africaine","Nelson Mandela","ONU","r\u00e9silience","retour en Afrique du Sud","Stokely Carmichael","tenues africaines","The Manhattan Brothers"],"articleSection":["A la Une","Culture"],"inLanguage":"fr-FR","potentialAction":[{"@type":"CommentAction","name":"Comment","target":["https:\/\/bobea.net\/index.php\/2024\/07\/02\/miriam-makeba-la-voix-de-lafrique-contre-lapartheid\/#respond"]}]},{"@type":"WebPage","@id":"https:\/\/bobea.net\/index.php\/2024\/07\/02\/miriam-makeba-la-voix-de-lafrique-contre-lapartheid\/","url":"https:\/\/bobea.net\/index.php\/2024\/07\/02\/miriam-makeba-la-voix-de-lafrique-contre-lapartheid\/","name":"Miriam Makeba : La voix de l'Afrique contre l'apartheid - Bobea","isPartOf":{"@id":"https:\/\/bobea.net\/#website"},"primaryImageOfPage":{"@id":"https:\/\/bobea.net\/index.php\/2024\/07\/02\/miriam-makeba-la-voix-de-lafrique-contre-lapartheid\/#primaryimage"},"image":{"@id":"https:\/\/bobea.net\/index.php\/2024\/07\/02\/miriam-makeba-la-voix-de-lafrique-contre-lapartheid\/#primaryimage"},"thumbnailUrl":"https:\/\/bobea.net\/wp-content\/uploads\/2024\/07\/OIP-16.jpeg","datePublished":"2024-07-02T12:07:18+00:00","dateModified":"2024-07-02T12:07:22+00:00","description":"Miriam Makeba, surnomm\u00e9e \"Mama Africa\", incarne la lutte pour la libert\u00e9 et la dignit\u00e9 du peuple africain.","breadcrumb":{"@id":"https:\/\/bobea.net\/index.php\/2024\/07\/02\/miriam-makeba-la-voix-de-lafrique-contre-lapartheid\/#breadcrumb"},"inLanguage":"fr-FR","potentialAction":[{"@type":"ReadAction","target":["https:\/\/bobea.net\/index.php\/2024\/07\/02\/miriam-makeba-la-voix-de-lafrique-contre-lapartheid\/"]}]},{"@type":"ImageObject","inLanguage":"fr-FR","@id":"https:\/\/bobea.net\/index.php\/2024\/07\/02\/miriam-makeba-la-voix-de-lafrique-contre-lapartheid\/#primaryimage","url":"https:\/\/bobea.net\/wp-content\/uploads\/2024\/07\/OIP-16.jpeg","contentUrl":"https:\/\/bobea.net\/wp-content\/uploads\/2024\/07\/OIP-16.jpeg","width":474,"height":268,"caption":"Miriam Makeba, surnomm\u00e9e \"Mama Africa\", incarne la lutte pour la libert\u00e9 et la dignit\u00e9 du peuple africain."},{"@type":"BreadcrumbList","@id":"https:\/\/bobea.net\/index.php\/2024\/07\/02\/miriam-makeba-la-voix-de-lafrique-contre-lapartheid\/#breadcrumb","itemListElement":[{"@type":"ListItem","position":1,"name":"Accueil","item":"https:\/\/bobea.net\/"},{"@type":"ListItem","position":2,"name":"Miriam Makeba : La voix de l&rsquo;Afrique contre l&rsquo;apartheid"}]},{"@type":"WebSite","@id":"https:\/\/bobea.net\/#website","url":"https:\/\/bobea.net\/","name":"Bobea","description":"Le magazine de la nouvelle \u00c8ve","publisher":{"@id":"https:\/\/bobea.net\/#organization"},"potentialAction":[{"@type":"SearchAction","target":{"@type":"EntryPoint","urlTemplate":"https:\/\/bobea.net\/?s={search_term_string}"},"query-input":{"@type":"PropertyValueSpecification","valueRequired":true,"valueName":"search_term_string"}}],"inLanguage":"fr-FR"},{"@type":"Organization","@id":"https:\/\/bobea.net\/#organization","name":"Bobea","url":"https:\/\/bobea.net\/","logo":{"@type":"ImageObject","inLanguage":"fr-FR","@id":"https:\/\/bobea.net\/#\/schema\/logo\/image\/","url":"https:\/\/bobea.net\/wp-content\/uploads\/2024\/06\/bobea.jpg","contentUrl":"https:\/\/bobea.net\/wp-content\/uploads\/2024\/06\/bobea.jpg","width":1080,"height":1080,"caption":"Bobea"},"image":{"@id":"https:\/\/bobea.net\/#\/schema\/logo\/image\/"},"sameAs":["https:\/\/web.facebook.com\/profile.php?id=61559252188416"]},{"@type":"Person","@id":"https:\/\/bobea.net\/#\/schema\/person\/e7f45ef187918d7c956bf619dce90ccf","name":"bobea.info","image":{"@type":"ImageObject","inLanguage":"fr-FR","@id":"https:\/\/bobea.net\/#\/schema\/person\/image\/","url":"https:\/\/secure.gravatar.com\/avatar\/36147980349df887ae30808df3e29474?s=96&d=mm&r=g","contentUrl":"https:\/\/secure.gravatar.com\/avatar\/36147980349df887ae30808df3e29474?s=96&d=mm&r=g","caption":"bobea.info"},"sameAs":["https:\/\/bobea.net"],"url":"https:\/\/bobea.net\/index.php\/author\/bobea-info\/"}]}},"_links":{"self":[{"href":"https:\/\/bobea.net\/index.php\/wp-json\/wp\/v2\/posts\/2946"}],"collection":[{"href":"https:\/\/bobea.net\/index.php\/wp-json\/wp\/v2\/posts"}],"about":[{"href":"https:\/\/bobea.net\/index.php\/wp-json\/wp\/v2\/types\/post"}],"author":[{"embeddable":true,"href":"https:\/\/bobea.net\/index.php\/wp-json\/wp\/v2\/users\/1"}],"replies":[{"embeddable":true,"href":"https:\/\/bobea.net\/index.php\/wp-json\/wp\/v2\/comments?post=2946"}],"version-history":[{"count":0,"href":"https:\/\/bobea.net\/index.php\/wp-json\/wp\/v2\/posts\/2946\/revisions"}],"wp:featuredmedia":[{"embeddable":true,"href":"https:\/\/bobea.net\/index.php\/wp-json\/wp\/v2\/media\/2947"}],"wp:attachment":[{"href":"https:\/\/bobea.net\/index.php\/wp-json\/wp\/v2\/media?parent=2946"}],"wp:term":[{"taxonomy":"category","embeddable":true,"href":"https:\/\/bobea.net\/index.php\/wp-json\/wp\/v2\/categories?post=2946"},{"taxonomy":"post_tag","embeddable":true,"href":"https:\/\/bobea.net\/index.php\/wp-json\/wp\/v2\/tags?post=2946"}],"curies":[{"name":"wp","href":"https:\/\/api.w.org\/{rel}","templated":true}]}}