{"id":29405,"date":"2026-01-21T13:33:13","date_gmt":"2026-01-21T13:33:13","guid":{"rendered":"https:\/\/bobea.net\/?p=29405"},"modified":"2026-01-21T13:33:15","modified_gmt":"2026-01-21T13:33:15","slug":"greta-gerwig-a-cannes-2026-le-sacre-dune-culture-intellectuelle-feminine-mondiale","status":"publish","type":"post","link":"https:\/\/bobea.net\/index.php\/2026\/01\/21\/greta-gerwig-a-cannes-2026-le-sacre-dune-culture-intellectuelle-feminine-mondiale\/","title":{"rendered":"Greta Gerwig \u00e0 Cannes 2026 : Le sacre d\u2019une culture intellectuelle f\u00e9minine mondiale"},"content":{"rendered":"\n<p><\/p>\n\n\n\n<p>L\u2019annonce est tomb\u00e9e comme une \u00e9vi\u00addence, mais elle n\u2019en reste pas moins un s\u00e9isme insti\u00adtu\u00adtion\u00adnel : Gre\u00adta Ger\u00adwig pr\u00e9sidera le jury de la 79e \u00e9di\u00adtion du Fes\u00adti\u00adval de Cannes. En 2026, ce choix ne rel\u00e8ve plus de la sim\u00adple pro\u00admo\u00adtion d\u2019une r\u00e9al\u00adisatrice \u00e0 suc\u00adc\u00e8s, mais d\u2019une recon\u00adnais\u00adsance offi\u00adcielle d\u2019un nou\u00adveau par\u00ada\u00addigme cin\u00e9\u00admatographique. Pour les intel\u00adlectuelles qui lisent <em>BOBEA<\/em>, Ger\u00adwig est bien plus que la femme der\u00adri\u00e8re le ph\u00e9nom\u00e8ne <em>Bar\u00adbie<\/em> ; elle est l\u2019architecte d\u2019une r\u00e9c\u00adon\u00adcil\u00adi\u00ada\u00adtion entre le grand spec\u00adta\u00adcle et la pro\u00adfondeur soci\u00adologique.<\/p>\n\n\n\n<p><strong>L\u2019esth\u00e9tique du sens au som\u00admet de la Croisette<\/strong> Pourquoi Ger\u00adwig en 2026 ? Parce qu\u2019elle a r\u00e9us\u00adsi l\u00e0 o\u00f9 beau\u00adcoup ont \u00e9chou\u00e9 : impos\u00ader un regard f\u00e9minin (le \u00ab female gaze \u00bb) capa\u00adble de g\u00e9n\u00e9r\u00ader des mil\u00adliards de dol\u00adlars tout en dis\u00ads\u00e9quant les struc\u00adtures de pou\u00advoir patri\u00adar\u00adcales. Sa pr\u00e9si\u00addence \u00e0 Cannes sym\u00adbol\u00adise la fin de l\u2019\u00e8re o\u00f9 le cin\u00e9\u00adma d\u2019au\u00adteur devait \u00eatre n\u00e9ces\u00adsaire\u00adment aust\u00e8re pour \u00eatre respec\u00adt\u00e9. Ger\u00adwig apporte avec elle une exi\u00adgence de nar\u00adra\u00adtion com\u00adplexe. \u00c0 Cannes, elle ne vient pas juger des films ; elle vient d\u00e9finir ce que doit \u00eatre le r\u00e9c\u00adit mon\u00addi\u00adal de la prochaine d\u00e9cen\u00adnie. Son influ\u00adence sur le jury promet de met\u00adtre en lumi\u00e8re des \u0153uvres qui trait\u00adent de l\u2019i\u00adden\u00adtit\u00e9, de l\u2019am\u00adbi\u00adtion f\u00e9mi\u00adnine et de la d\u00e9con\u00adstruc\u00adtion des mythes mod\u00adernes avec une intel\u00adli\u00adgence rare.<\/p>\n\n\n\n<figure class=\"wp-block-image size-full is-resized\"><img loading=\"lazy\" decoding=\"async\" width=\"432\" height=\"243\" src=\"https:\/\/bobea.net\/wp-content\/uploads\/2026\/01\/432x243_cmsv2_2697902a-07df-5806-b7c4-f683304afc9c-8108986.webp\" alt class=\"wp-image-29407\" style=\"width:840px;height:auto\" srcset=\"https:\/\/bobea.net\/wp-content\/uploads\/2026\/01\/432x243_cmsv2_2697902a-07df-5806-b7c4-f683304afc9c-8108986.webp 432w, https:\/\/bobea.net\/wp-content\/uploads\/2026\/01\/432x243_cmsv2_2697902a-07df-5806-b7c4-f683304afc9c-8108986-300x169.webp 300w\" sizes=\"(max-width: 432px) 100vw, 432px\"><\/figure>\n\n\n\n<p><strong>Une influ\u00adence \u00e9conomique et mil\u00adi\u00adtante<\/strong> Au-del\u00e0 de l\u2019art, la nom\u00adi\u00adna\u00adtion de Ger\u00adwig est un sig\u00adnal fort envoy\u00e9 aux stu\u00addios. Dans une indus\u00adtrie encore mar\u00adqu\u00e9e par des dis\u00adpar\u00adit\u00e9s de salaires et de bud\u00adgets, voir une femme de 42 ans diriger le plus pres\u00adtigieux jury du monde valide une exper\u00adtise \u00e9conomique. Elle incar\u00adne cette dirigeante de la cul\u00adture qui sait nav\u00adiguer entre les exi\u00adgences des plate\u00adformes de stream\u00ading et la sacral\u00adit\u00e9 des salles de cin\u00e9\u00adma. Pour notre lec\u00adtorat de dirigeantes, Gre\u00adta Ger\u00adwig est le mod\u00ad\u00e8le absolu de la \u00ab Soft Pow\u00ader \u00bb : une force qui ne s\u2019im\u00adpose pas par le cri, mais par la clart\u00e9 de sa vision et l\u2019ef\u00adfi\u00adcac\u00adit\u00e9 de son ex\u00e9\u00adcu\u00adtion.<\/p>\n","protected":false},"excerpt":{"rendered":"<p>L\u2019annonce est tomb\u00e9e comme une \u00e9vi\u00addence, mais elle n\u2019en reste pas moins un s\u00e9isme insti\u00adtu\u00adtion\u00adnel : Gre\u00adta Ger\u00adwig pr\u00e9sidera le jury de la 79e \u00e9di\u00adtion du Fes\u00adti\u00adval de Cannes. En\u2026 <\/p>\n","protected":false},"author":1,"featured_media":29406,"comment_status":"open","ping_status":"closed","sticky":false,"template":"","format":"standard","meta":{"wp_typography_post_enhancements_disabled":false,"footnotes":""},"categories":[73],"tags":[9734,21812,7882,21811,21813,6154,2642],"class_list":["post-29405","post","type-post","status-publish","format-standard","has-post-thumbnail","hentry","category-on-en-parle","tag-cinema-feministe","tag-festival-de-cannes-2026","tag-greta-gerwig","tag-industrie-du-film","tag-leadership-culturel","tag-palme-dor","tag-realisation"],"yoast_head":"<!-- This site is optimized with the Yoast SEO plugin v24.7 - https:\/\/yoast.com\/wordpress\/plugins\/seo\/ -->\n<title>Greta Gerwig \u00e0 Cannes 2026 : Le sacre d\u2019une culture intellectuelle f\u00e9minine mondiale - Bobea<\/title>\n<meta name=\"description\" content=\"L\u2019annonce est tomb\u00e9e comme une \u00e9vidence, mais elle n\u2019en reste pas moins un s\u00e9isme institutionnel : Greta Gerwig pr\u00e9sidera le jury de la 79e\" \/>\n<meta name=\"robots\" content=\"index, follow, max-snippet:-1, max-image-preview:large, max-video-preview:-1\" \/>\n<link rel=\"canonical\" href=\"https:\/\/bobea.net\/index.php\/2026\/01\/21\/greta-gerwig-a-cannes-2026-le-sacre-dune-culture-intellectuelle-feminine-mondiale\/\" \/>\n<meta property=\"og:locale\" content=\"fr_FR\" \/>\n<meta property=\"og:type\" content=\"article\" \/>\n<meta property=\"og:title\" content=\"Greta Gerwig \u00e0 Cannes 2026 : Le sacre d\u2019une culture intellectuelle f\u00e9minine mondiale - Bobea\" \/>\n<meta property=\"og:description\" content=\"L\u2019annonce est tomb\u00e9e comme une \u00e9vidence, mais elle n\u2019en reste pas moins un s\u00e9isme institutionnel : Greta Gerwig pr\u00e9sidera le jury de la 79e\" \/>\n<meta property=\"og:url\" content=\"https:\/\/bobea.net\/index.php\/2026\/01\/21\/greta-gerwig-a-cannes-2026-le-sacre-dune-culture-intellectuelle-feminine-mondiale\/\" \/>\n<meta property=\"og:site_name\" content=\"Bobea\" \/>\n<meta property=\"article:publisher\" content=\"https:\/\/web.facebook.com\/profile.php?id=61559252188416\" \/>\n<meta property=\"article:published_time\" content=\"2026-01-21T13:33:13+00:00\" \/>\n<meta property=\"article:modified_time\" content=\"2026-01-21T13:33:15+00:00\" \/>\n<meta property=\"og:image\" content=\"https:\/\/bobea.net\/wp-content\/uploads\/2026\/01\/greta_gerwig_66437cd0bee98_0.jpg\" \/>\n\t<meta property=\"og:image:width\" content=\"960\" \/>\n\t<meta property=\"og:image:height\" content=\"540\" \/>\n\t<meta property=\"og:image:type\" content=\"image\/jpeg\" \/>\n<meta name=\"author\" content=\"bobea.info\" \/>\n<meta name=\"twitter:card\" content=\"summary_large_image\" \/>\n<meta name=\"twitter:label1\" content=\"\u00c9crit par\" \/>\n\t<meta name=\"twitter:data1\" content=\"bobea.info\" \/>\n\t<meta name=\"twitter:label2\" content=\"Dur\u00e9e de lecture estim\u00e9e\" \/>\n\t<meta name=\"twitter:data2\" content=\"3 minutes\" \/>\n<script type=\"application\/ld+json\" class=\"yoast-schema-graph\">{\"@context\":\"https:\/\/schema.org\",\"@graph\":[{\"@type\":\"Article\",\"@id\":\"https:\/\/bobea.net\/index.php\/2026\/01\/21\/greta-gerwig-a-cannes-2026-le-sacre-dune-culture-intellectuelle-feminine-mondiale\/#article\",\"isPartOf\":{\"@id\":\"https:\/\/bobea.net\/index.php\/2026\/01\/21\/greta-gerwig-a-cannes-2026-le-sacre-dune-culture-intellectuelle-feminine-mondiale\/\"},\"author\":{\"name\":\"bobea.info\",\"@id\":\"https:\/\/bobea.net\/#\/schema\/person\/e7f45ef187918d7c956bf619dce90ccf\"},\"headline\":\"Greta Gerwig \u00e0 Cannes 2026 : Le sacre d\u2019une culture intellectuelle f\u00e9minine mondiale\",\"datePublished\":\"2026-01-21T13:33:13+00:00\",\"dateModified\":\"2026-01-21T13:33:15+00:00\",\"mainEntityOfPage\":{\"@id\":\"https:\/\/bobea.net\/index.php\/2026\/01\/21\/greta-gerwig-a-cannes-2026-le-sacre-dune-culture-intellectuelle-feminine-mondiale\/\"},\"wordCount\":369,\"commentCount\":0,\"publisher\":{\"@id\":\"https:\/\/bobea.net\/#organization\"},\"image\":{\"@id\":\"https:\/\/bobea.net\/index.php\/2026\/01\/21\/greta-gerwig-a-cannes-2026-le-sacre-dune-culture-intellectuelle-feminine-mondiale\/#primaryimage\"},\"thumbnailUrl\":\"https:\/\/bobea.net\/wp-content\/uploads\/2026\/01\/greta_gerwig_66437cd0bee98_0.jpg\",\"keywords\":[\"cin\u00e9ma f\u00e9ministe\",\"Festival de Cannes 2026\",\"Greta Gerwig\",\"Industrie du Film\",\"Leadership Culturel\",\"Palme d'or\",\"r\u00e9alisation\"],\"articleSection\":[\"On en Parle\"],\"inLanguage\":\"fr-FR\",\"potentialAction\":[{\"@type\":\"CommentAction\",\"name\":\"Comment\",\"target\":[\"https:\/\/bobea.net\/index.php\/2026\/01\/21\/greta-gerwig-a-cannes-2026-le-sacre-dune-culture-intellectuelle-feminine-mondiale\/#respond\"]}]},{\"@type\":\"WebPage\",\"@id\":\"https:\/\/bobea.net\/index.php\/2026\/01\/21\/greta-gerwig-a-cannes-2026-le-sacre-dune-culture-intellectuelle-feminine-mondiale\/\",\"url\":\"https:\/\/bobea.net\/index.php\/2026\/01\/21\/greta-gerwig-a-cannes-2026-le-sacre-dune-culture-intellectuelle-feminine-mondiale\/\",\"name\":\"Greta Gerwig \u00e0 Cannes 2026 : Le sacre d\u2019une culture intellectuelle f\u00e9minine mondiale - Bobea\",\"isPartOf\":{\"@id\":\"https:\/\/bobea.net\/#website\"},\"primaryImageOfPage\":{\"@id\":\"https:\/\/bobea.net\/index.php\/2026\/01\/21\/greta-gerwig-a-cannes-2026-le-sacre-dune-culture-intellectuelle-feminine-mondiale\/#primaryimage\"},\"image\":{\"@id\":\"https:\/\/bobea.net\/index.php\/2026\/01\/21\/greta-gerwig-a-cannes-2026-le-sacre-dune-culture-intellectuelle-feminine-mondiale\/#primaryimage\"},\"thumbnailUrl\":\"https:\/\/bobea.net\/wp-content\/uploads\/2026\/01\/greta_gerwig_66437cd0bee98_0.jpg\",\"datePublished\":\"2026-01-21T13:33:13+00:00\",\"dateModified\":\"2026-01-21T13:33:15+00:00\",\"description\":\"L\u2019annonce est tomb\u00e9e comme une \u00e9vidence, mais elle n\u2019en reste pas moins un s\u00e9isme institutionnel : Greta Gerwig pr\u00e9sidera le jury de la 79e\",\"breadcrumb\":{\"@id\":\"https:\/\/bobea.net\/index.php\/2026\/01\/21\/greta-gerwig-a-cannes-2026-le-sacre-dune-culture-intellectuelle-feminine-mondiale\/#breadcrumb\"},\"inLanguage\":\"fr-FR\",\"potentialAction\":[{\"@type\":\"ReadAction\",\"target\":[\"https:\/\/bobea.net\/index.php\/2026\/01\/21\/greta-gerwig-a-cannes-2026-le-sacre-dune-culture-intellectuelle-feminine-mondiale\/\"]}]},{\"@type\":\"ImageObject\",\"inLanguage\":\"fr-FR\",\"@id\":\"https:\/\/bobea.net\/index.php\/2026\/01\/21\/greta-gerwig-a-cannes-2026-le-sacre-dune-culture-intellectuelle-feminine-mondiale\/#primaryimage\",\"url\":\"https:\/\/bobea.net\/wp-content\/uploads\/2026\/01\/greta_gerwig_66437cd0bee98_0.jpg\",\"contentUrl\":\"https:\/\/bobea.net\/wp-content\/uploads\/2026\/01\/greta_gerwig_66437cd0bee98_0.jpg\",\"width\":960,\"height\":540},{\"@type\":\"BreadcrumbList\",\"@id\":\"https:\/\/bobea.net\/index.php\/2026\/01\/21\/greta-gerwig-a-cannes-2026-le-sacre-dune-culture-intellectuelle-feminine-mondiale\/#breadcrumb\",\"itemListElement\":[{\"@type\":\"ListItem\",\"position\":1,\"name\":\"Accueil\",\"item\":\"https:\/\/bobea.net\/\"},{\"@type\":\"ListItem\",\"position\":2,\"name\":\"Greta Gerwig \u00e0 Cannes 2026 : Le sacre d\u2019une culture intellectuelle f\u00e9minine mondiale\"}]},{\"@type\":\"WebSite\",\"@id\":\"https:\/\/bobea.net\/#website\",\"url\":\"https:\/\/bobea.net\/\",\"name\":\"Bobea\",\"description\":\"Le magazine de la nouvelle \u00c8ve\",\"publisher\":{\"@id\":\"https:\/\/bobea.net\/#organization\"},\"potentialAction\":[{\"@type\":\"SearchAction\",\"target\":{\"@type\":\"EntryPoint\",\"urlTemplate\":\"https:\/\/bobea.net\/?s={search_term_string}\"},\"query-input\":{\"@type\":\"PropertyValueSpecification\",\"valueRequired\":true,\"valueName\":\"search_term_string\"}}],\"inLanguage\":\"fr-FR\"},{\"@type\":\"Organization\",\"@id\":\"https:\/\/bobea.net\/#organization\",\"name\":\"Bobea\",\"url\":\"https:\/\/bobea.net\/\",\"logo\":{\"@type\":\"ImageObject\",\"inLanguage\":\"fr-FR\",\"@id\":\"https:\/\/bobea.net\/#\/schema\/logo\/image\/\",\"url\":\"https:\/\/bobea.net\/wp-content\/uploads\/2024\/06\/bobea.jpg\",\"contentUrl\":\"https:\/\/bobea.net\/wp-content\/uploads\/2024\/06\/bobea.jpg\",\"width\":1080,\"height\":1080,\"caption\":\"Bobea\"},\"image\":{\"@id\":\"https:\/\/bobea.net\/#\/schema\/logo\/image\/\"},\"sameAs\":[\"https:\/\/web.facebook.com\/profile.php?id=61559252188416\"]},{\"@type\":\"Person\",\"@id\":\"https:\/\/bobea.net\/#\/schema\/person\/e7f45ef187918d7c956bf619dce90ccf\",\"name\":\"bobea.info\",\"image\":{\"@type\":\"ImageObject\",\"inLanguage\":\"fr-FR\",\"@id\":\"https:\/\/bobea.net\/#\/schema\/person\/image\/\",\"url\":\"https:\/\/secure.gravatar.com\/avatar\/36147980349df887ae30808df3e29474?s=96&d=mm&r=g\",\"contentUrl\":\"https:\/\/secure.gravatar.com\/avatar\/36147980349df887ae30808df3e29474?s=96&d=mm&r=g\",\"caption\":\"bobea.info\"},\"sameAs\":[\"https:\/\/bobea.net\"],\"url\":\"https:\/\/bobea.net\/index.php\/author\/bobea-info\/\"}]}<\/script>\n<!-- \/ Yoast SEO plugin. -->","yoast_head_json":{"title":"Greta Gerwig \u00e0 Cannes 2026 : Le sacre d\u2019une culture intellectuelle f\u00e9minine mondiale - Bobea","description":"L\u2019annonce est tomb\u00e9e comme une \u00e9vidence, mais elle n\u2019en reste pas moins un s\u00e9isme institutionnel : Greta Gerwig pr\u00e9sidera le jury de la 79e","robots":{"index":"index","follow":"follow","max-snippet":"max-snippet:-1","max-image-preview":"max-image-preview:large","max-video-preview":"max-video-preview:-1"},"canonical":"https:\/\/bobea.net\/index.php\/2026\/01\/21\/greta-gerwig-a-cannes-2026-le-sacre-dune-culture-intellectuelle-feminine-mondiale\/","og_locale":"fr_FR","og_type":"article","og_title":"Greta Gerwig \u00e0 Cannes 2026 : Le sacre d\u2019une culture intellectuelle f\u00e9minine mondiale - Bobea","og_description":"L\u2019annonce est tomb\u00e9e comme une \u00e9vidence, mais elle n\u2019en reste pas moins un s\u00e9isme institutionnel : Greta Gerwig pr\u00e9sidera le jury de la 79e","og_url":"https:\/\/bobea.net\/index.php\/2026\/01\/21\/greta-gerwig-a-cannes-2026-le-sacre-dune-culture-intellectuelle-feminine-mondiale\/","og_site_name":"Bobea","article_publisher":"https:\/\/web.facebook.com\/profile.php?id=61559252188416","article_published_time":"2026-01-21T13:33:13+00:00","article_modified_time":"2026-01-21T13:33:15+00:00","og_image":[{"width":960,"height":540,"url":"https:\/\/bobea.net\/wp-content\/uploads\/2026\/01\/greta_gerwig_66437cd0bee98_0.jpg","type":"image\/jpeg"}],"author":"bobea.info","twitter_card":"summary_large_image","twitter_misc":{"\u00c9crit par":"bobea.info","Dur\u00e9e de lecture estim\u00e9e":"3 minutes"},"schema":{"@context":"https:\/\/schema.org","@graph":[{"@type":"Article","@id":"https:\/\/bobea.net\/index.php\/2026\/01\/21\/greta-gerwig-a-cannes-2026-le-sacre-dune-culture-intellectuelle-feminine-mondiale\/#article","isPartOf":{"@id":"https:\/\/bobea.net\/index.php\/2026\/01\/21\/greta-gerwig-a-cannes-2026-le-sacre-dune-culture-intellectuelle-feminine-mondiale\/"},"author":{"name":"bobea.info","@id":"https:\/\/bobea.net\/#\/schema\/person\/e7f45ef187918d7c956bf619dce90ccf"},"headline":"Greta Gerwig \u00e0 Cannes 2026 : Le sacre d\u2019une culture intellectuelle f\u00e9minine mondiale","datePublished":"2026-01-21T13:33:13+00:00","dateModified":"2026-01-21T13:33:15+00:00","mainEntityOfPage":{"@id":"https:\/\/bobea.net\/index.php\/2026\/01\/21\/greta-gerwig-a-cannes-2026-le-sacre-dune-culture-intellectuelle-feminine-mondiale\/"},"wordCount":369,"commentCount":0,"publisher":{"@id":"https:\/\/bobea.net\/#organization"},"image":{"@id":"https:\/\/bobea.net\/index.php\/2026\/01\/21\/greta-gerwig-a-cannes-2026-le-sacre-dune-culture-intellectuelle-feminine-mondiale\/#primaryimage"},"thumbnailUrl":"https:\/\/bobea.net\/wp-content\/uploads\/2026\/01\/greta_gerwig_66437cd0bee98_0.jpg","keywords":["cin\u00e9ma f\u00e9ministe","Festival de Cannes 2026","Greta Gerwig","Industrie du Film","Leadership Culturel","Palme d'or","r\u00e9alisation"],"articleSection":["On en Parle"],"inLanguage":"fr-FR","potentialAction":[{"@type":"CommentAction","name":"Comment","target":["https:\/\/bobea.net\/index.php\/2026\/01\/21\/greta-gerwig-a-cannes-2026-le-sacre-dune-culture-intellectuelle-feminine-mondiale\/#respond"]}]},{"@type":"WebPage","@id":"https:\/\/bobea.net\/index.php\/2026\/01\/21\/greta-gerwig-a-cannes-2026-le-sacre-dune-culture-intellectuelle-feminine-mondiale\/","url":"https:\/\/bobea.net\/index.php\/2026\/01\/21\/greta-gerwig-a-cannes-2026-le-sacre-dune-culture-intellectuelle-feminine-mondiale\/","name":"Greta Gerwig \u00e0 Cannes 2026 : Le sacre d\u2019une culture intellectuelle f\u00e9minine mondiale - Bobea","isPartOf":{"@id":"https:\/\/bobea.net\/#website"},"primaryImageOfPage":{"@id":"https:\/\/bobea.net\/index.php\/2026\/01\/21\/greta-gerwig-a-cannes-2026-le-sacre-dune-culture-intellectuelle-feminine-mondiale\/#primaryimage"},"image":{"@id":"https:\/\/bobea.net\/index.php\/2026\/01\/21\/greta-gerwig-a-cannes-2026-le-sacre-dune-culture-intellectuelle-feminine-mondiale\/#primaryimage"},"thumbnailUrl":"https:\/\/bobea.net\/wp-content\/uploads\/2026\/01\/greta_gerwig_66437cd0bee98_0.jpg","datePublished":"2026-01-21T13:33:13+00:00","dateModified":"2026-01-21T13:33:15+00:00","description":"L\u2019annonce est tomb\u00e9e comme une \u00e9vidence, mais elle n\u2019en reste pas moins un s\u00e9isme institutionnel : Greta Gerwig pr\u00e9sidera le jury de la 79e","breadcrumb":{"@id":"https:\/\/bobea.net\/index.php\/2026\/01\/21\/greta-gerwig-a-cannes-2026-le-sacre-dune-culture-intellectuelle-feminine-mondiale\/#breadcrumb"},"inLanguage":"fr-FR","potentialAction":[{"@type":"ReadAction","target":["https:\/\/bobea.net\/index.php\/2026\/01\/21\/greta-gerwig-a-cannes-2026-le-sacre-dune-culture-intellectuelle-feminine-mondiale\/"]}]},{"@type":"ImageObject","inLanguage":"fr-FR","@id":"https:\/\/bobea.net\/index.php\/2026\/01\/21\/greta-gerwig-a-cannes-2026-le-sacre-dune-culture-intellectuelle-feminine-mondiale\/#primaryimage","url":"https:\/\/bobea.net\/wp-content\/uploads\/2026\/01\/greta_gerwig_66437cd0bee98_0.jpg","contentUrl":"https:\/\/bobea.net\/wp-content\/uploads\/2026\/01\/greta_gerwig_66437cd0bee98_0.jpg","width":960,"height":540},{"@type":"BreadcrumbList","@id":"https:\/\/bobea.net\/index.php\/2026\/01\/21\/greta-gerwig-a-cannes-2026-le-sacre-dune-culture-intellectuelle-feminine-mondiale\/#breadcrumb","itemListElement":[{"@type":"ListItem","position":1,"name":"Accueil","item":"https:\/\/bobea.net\/"},{"@type":"ListItem","position":2,"name":"Greta Gerwig \u00e0 Cannes 2026 : Le sacre d\u2019une culture intellectuelle f\u00e9minine mondiale"}]},{"@type":"WebSite","@id":"https:\/\/bobea.net\/#website","url":"https:\/\/bobea.net\/","name":"Bobea","description":"Le magazine de la nouvelle \u00c8ve","publisher":{"@id":"https:\/\/bobea.net\/#organization"},"potentialAction":[{"@type":"SearchAction","target":{"@type":"EntryPoint","urlTemplate":"https:\/\/bobea.net\/?s={search_term_string}"},"query-input":{"@type":"PropertyValueSpecification","valueRequired":true,"valueName":"search_term_string"}}],"inLanguage":"fr-FR"},{"@type":"Organization","@id":"https:\/\/bobea.net\/#organization","name":"Bobea","url":"https:\/\/bobea.net\/","logo":{"@type":"ImageObject","inLanguage":"fr-FR","@id":"https:\/\/bobea.net\/#\/schema\/logo\/image\/","url":"https:\/\/bobea.net\/wp-content\/uploads\/2024\/06\/bobea.jpg","contentUrl":"https:\/\/bobea.net\/wp-content\/uploads\/2024\/06\/bobea.jpg","width":1080,"height":1080,"caption":"Bobea"},"image":{"@id":"https:\/\/bobea.net\/#\/schema\/logo\/image\/"},"sameAs":["https:\/\/web.facebook.com\/profile.php?id=61559252188416"]},{"@type":"Person","@id":"https:\/\/bobea.net\/#\/schema\/person\/e7f45ef187918d7c956bf619dce90ccf","name":"bobea.info","image":{"@type":"ImageObject","inLanguage":"fr-FR","@id":"https:\/\/bobea.net\/#\/schema\/person\/image\/","url":"https:\/\/secure.gravatar.com\/avatar\/36147980349df887ae30808df3e29474?s=96&d=mm&r=g","contentUrl":"https:\/\/secure.gravatar.com\/avatar\/36147980349df887ae30808df3e29474?s=96&d=mm&r=g","caption":"bobea.info"},"sameAs":["https:\/\/bobea.net"],"url":"https:\/\/bobea.net\/index.php\/author\/bobea-info\/"}]}},"_links":{"self":[{"href":"https:\/\/bobea.net\/index.php\/wp-json\/wp\/v2\/posts\/29405"}],"collection":[{"href":"https:\/\/bobea.net\/index.php\/wp-json\/wp\/v2\/posts"}],"about":[{"href":"https:\/\/bobea.net\/index.php\/wp-json\/wp\/v2\/types\/post"}],"author":[{"embeddable":true,"href":"https:\/\/bobea.net\/index.php\/wp-json\/wp\/v2\/users\/1"}],"replies":[{"embeddable":true,"href":"https:\/\/bobea.net\/index.php\/wp-json\/wp\/v2\/comments?post=29405"}],"version-history":[{"count":1,"href":"https:\/\/bobea.net\/index.php\/wp-json\/wp\/v2\/posts\/29405\/revisions"}],"predecessor-version":[{"id":29408,"href":"https:\/\/bobea.net\/index.php\/wp-json\/wp\/v2\/posts\/29405\/revisions\/29408"}],"wp:featuredmedia":[{"embeddable":true,"href":"https:\/\/bobea.net\/index.php\/wp-json\/wp\/v2\/media\/29406"}],"wp:attachment":[{"href":"https:\/\/bobea.net\/index.php\/wp-json\/wp\/v2\/media?parent=29405"}],"wp:term":[{"taxonomy":"category","embeddable":true,"href":"https:\/\/bobea.net\/index.php\/wp-json\/wp\/v2\/categories?post=29405"},{"taxonomy":"post_tag","embeddable":true,"href":"https:\/\/bobea.net\/index.php\/wp-json\/wp\/v2\/tags?post=29405"}],"curies":[{"name":"wp","href":"https:\/\/api.w.org\/{rel}","templated":true}]}}