{"id":29172,"date":"2026-01-19T10:13:29","date_gmt":"2026-01-19T10:13:29","guid":{"rendered":"https:\/\/bobea.net\/?p=29172"},"modified":"2026-01-19T10:13:30","modified_gmt":"2026-01-19T10:13:30","slug":"deva-cassel-le-sacre-de-la-neo-icone-sur-les-podiums-parisiens","status":"publish","type":"post","link":"https:\/\/bobea.net\/index.php\/2026\/01\/19\/deva-cassel-le-sacre-de-la-neo-icone-sur-les-podiums-parisiens\/","title":{"rendered":"Deva Cassel : Le Sacre de la \u201cN\u00e9o-Ic\u00f4ne\u201d sur les Podiums Parisiens"},"content":{"rendered":"\n<p><strong>La fille de Mon\u00adi\u00adca Bel\u00adluc\u00adci et Vin\u00adcent Cas\u00adsel devient le vis\u00adage incon\u00adtest\u00e9 de la g\u00e9n\u00e9ra\u00adtion Z d\u2019\u00e9lite.<\/strong><\/p>\n\n\n\n<p>Il est rare de voir une \u201cfille de\u201d s\u2019im\u00adpos\u00ader avec autant de force et de l\u00e9gitim\u00adit\u00e9. En ce d\u00e9but d\u2019an\u00adn\u00e9e 2026, <strong>Deva Cas\u00adsel<\/strong> ne se con\u00adtente plus de marcher dans les pas de ses illus\u00adtres par\u00adents ; elle sur\u00adv\u00adole l\u2019in\u00addus\u00adtrie. Lors de l\u2019ou\u00adver\u00adture de la semaine de la mode, elle a ouvert trois d\u00e9fil\u00e9s majeurs, con\u00adfir\u00admant son statut de muse uni\u00adverselle. Son allure, m\u00e9lange par\u00adfait du chic parisien et de la sen\u00adsu\u00adal\u00adit\u00e9 ital\u00adi\u00adenne, fascine les pho\u00adtographes et les directeurs de cast\u00ading du monde entier.<\/p>\n\n\n\n<p><strong>L\u2019h\u00e9ritage d\u2019une dynas\u00adtie, le tal\u00adent en plus<\/strong><\/p>\n\n\n\n<p>Pour BOBEA, le suc\u00adc\u00e8s de Deva Cas\u00adsel n\u2019est pas qu\u2019une ques\u00adtion de g\u00e9n\u00e9\u00adtique. \u00c0 21 ans, elle g\u00e8re sa car\u00adri\u00e8re avec une matu\u00adrit\u00e9 d\u00e9con\u00adcer\u00adtante, refu\u00adsant les con\u00adtrats trop com\u00admer\u00adci\u00adaux pour priv\u00adil\u00e9gi\u00ader des col\u00adlab\u00ado\u00adra\u00adtions artis\u00adtiques pointues. Elle incar\u00adne la \u201cN\u00e9o-Ic\u00f4ne\u201d : une star qui com\u00admu\u00adnique peu, pr\u00e9serve son mys\u00adt\u00e8re, mais dont chaque appari\u00adtion d\u00e9clenche des mil\u00adlions de partages sur les r\u00e9seaux soci\u00adaux. Elle est le vis\u00adage de cette jeunesse dor\u00e9e qui a com\u00adpris que la dis\u00adcr\u00e9\u00adtion est la forme ultime de la dis\u00adtinc\u00adtion en 2026.<\/p>\n\n\n\n<figure class=\"wp-block-image size-large\"><img loading=\"lazy\" decoding=\"async\" width=\"1024\" height=\"666\" src=\"https:\/\/bobea.net\/wp-content\/uploads\/2026\/01\/Deva-Cassel-elle-embrase-le-podium-en-defilant-pour-Dolce-Gabbana-1024x666.jpg\" alt class=\"wp-image-29174\" srcset=\"https:\/\/bobea.net\/wp-content\/uploads\/2026\/01\/Deva-Cassel-elle-embrase-le-podium-en-defilant-pour-Dolce-Gabbana-1024x666.jpg 1024w, https:\/\/bobea.net\/wp-content\/uploads\/2026\/01\/Deva-Cassel-elle-embrase-le-podium-en-defilant-pour-Dolce-Gabbana-300x195.jpg 300w, https:\/\/bobea.net\/wp-content\/uploads\/2026\/01\/Deva-Cassel-elle-embrase-le-podium-en-defilant-pour-Dolce-Gabbana-768x500.jpg 768w, https:\/\/bobea.net\/wp-content\/uploads\/2026\/01\/Deva-Cassel-elle-embrase-le-podium-en-defilant-pour-Dolce-Gabbana-1536x1000.jpg 1536w, https:\/\/bobea.net\/wp-content\/uploads\/2026\/01\/Deva-Cassel-elle-embrase-le-podium-en-defilant-pour-Dolce-Gabbana.jpg 1982w\" sizes=\"(max-width: 1024px) 100vw, 1024px\"><\/figure>\n\n\n\n<p><strong>Une influ\u00adence mon\u00addi\u00adale qui affole les mar\u00adques<\/strong><\/p>\n\n\n\n<p>Les experts en mar\u00adket\u00ading notent que l\u2019 \u201ceffet Deva\u201d booste les ventes de 40% d\u00e8s qu\u2019elle porte une pi\u00e8ce. Elle est dev\u00adenue l\u2019ar\u00adbi\u00adtre du bon go\u00fbt pour une g\u00e9n\u00e9ra\u00adtion en qu\u00eate de mod\u00ad\u00e8les authen\u00adtiques. Que ce soit en cou\u00adver\u00adture de Vogue ou lors d\u2019une balade d\u00e9con\u00adtrac\u00adt\u00e9e dans Saint-Ger\u00admain-des-Pr\u00e9s, elle impose un style \u201cEffort\u00adless\u201d que toutes les jeunes femmes ten\u00adtent d\u2019imiter. Deva Cas\u00adsel n\u2019est plus seule\u00adment un nom ; c\u2019est une mar\u00adque de pres\u00adtige qui d\u00e9finit l\u2019esth\u00e9\u00adtique des ann\u00e9es 20.<\/p>\n","protected":false},"excerpt":{"rendered":"<p>La fille de Mon\u00adi\u00adca Bel\u00adluc\u00adci et Vin\u00adcent Cas\u00adsel devient le vis\u00adage incon\u00adtest\u00e9 de la g\u00e9n\u00e9ra\u00adtion Z d\u2019\u00e9lite. Il est rare de voir une \u201cfille de\u201d s\u2019im\u00adpos\u00ader avec autant de force\u2026 <\/p>\n","protected":false},"author":1,"featured_media":29173,"comment_status":"open","ping_status":"closed","sticky":false,"template":"","format":"standard","meta":{"wp_typography_post_enhancements_disabled":false,"footnotes":""},"categories":[83],"tags":[21607,21612,21611,21610,21608,21609,21606],"class_list":["post-29172","post","type-post","status-publish","format-standard","has-post-thumbnail","hentry","category-dreams-people","tag-deva-cassel-mannequin","tag-icone-gen-z","tag-jeunesse-doree-parisienne","tag-mode-paris-2026","tag-monica-bellucci-fille","tag-muse-dior","tag-vincent-cassel"],"yoast_head":"<!-- This site is optimized with the Yoast SEO plugin v24.7 - https:\/\/yoast.com\/wordpress\/plugins\/seo\/ -->\n<title>Deva Cassel : Le Sacre de la &quot;N\u00e9o-Ic\u00f4ne&quot; sur les Podiums Parisiens - Bobea<\/title>\n<meta name=\"description\" content=\"Il est rare de voir une &quot;fille de&quot; s&#039;imposer avec autant de force et de l\u00e9gitimit\u00e9. En ce d\u00e9but d&#039;ann\u00e9e 2026, Deva Cassel\" \/>\n<meta name=\"robots\" content=\"index, follow, max-snippet:-1, max-image-preview:large, max-video-preview:-1\" \/>\n<link rel=\"canonical\" href=\"https:\/\/bobea.net\/index.php\/2026\/01\/19\/deva-cassel-le-sacre-de-la-neo-icone-sur-les-podiums-parisiens\/\" \/>\n<meta property=\"og:locale\" content=\"fr_FR\" \/>\n<meta property=\"og:type\" content=\"article\" \/>\n<meta property=\"og:title\" content=\"Deva Cassel : Le Sacre de la &quot;N\u00e9o-Ic\u00f4ne&quot; sur les Podiums Parisiens - Bobea\" \/>\n<meta property=\"og:description\" content=\"Il est rare de voir une &quot;fille de&quot; s&#039;imposer avec autant de force et de l\u00e9gitimit\u00e9. En ce d\u00e9but d&#039;ann\u00e9e 2026, Deva Cassel\" \/>\n<meta property=\"og:url\" content=\"https:\/\/bobea.net\/index.php\/2026\/01\/19\/deva-cassel-le-sacre-de-la-neo-icone-sur-les-podiums-parisiens\/\" \/>\n<meta property=\"og:site_name\" content=\"Bobea\" \/>\n<meta property=\"article:publisher\" content=\"https:\/\/web.facebook.com\/profile.php?id=61559252188416\" \/>\n<meta property=\"article:published_time\" content=\"2026-01-19T10:13:29+00:00\" \/>\n<meta property=\"article:modified_time\" content=\"2026-01-19T10:13:30+00:00\" \/>\n<meta property=\"og:image\" content=\"https:\/\/bobea.net\/wp-content\/uploads\/2026\/01\/20250107_NETFLIX_02_412.webp\" \/>\n\t<meta property=\"og:image:width\" content=\"1280\" \/>\n\t<meta property=\"og:image:height\" content=\"720\" \/>\n\t<meta property=\"og:image:type\" content=\"image\/webp\" \/>\n<meta name=\"author\" content=\"bobea.info\" \/>\n<meta name=\"twitter:card\" content=\"summary_large_image\" \/>\n<meta name=\"twitter:label1\" content=\"\u00c9crit par\" \/>\n\t<meta name=\"twitter:data1\" content=\"bobea.info\" \/>\n\t<meta name=\"twitter:label2\" content=\"Dur\u00e9e de lecture estim\u00e9e\" \/>\n\t<meta name=\"twitter:data2\" content=\"2 minutes\" \/>\n<script type=\"application\/ld+json\" class=\"yoast-schema-graph\">{\"@context\":\"https:\/\/schema.org\",\"@graph\":[{\"@type\":\"Article\",\"@id\":\"https:\/\/bobea.net\/index.php\/2026\/01\/19\/deva-cassel-le-sacre-de-la-neo-icone-sur-les-podiums-parisiens\/#article\",\"isPartOf\":{\"@id\":\"https:\/\/bobea.net\/index.php\/2026\/01\/19\/deva-cassel-le-sacre-de-la-neo-icone-sur-les-podiums-parisiens\/\"},\"author\":{\"name\":\"bobea.info\",\"@id\":\"https:\/\/bobea.net\/#\/schema\/person\/e7f45ef187918d7c956bf619dce90ccf\"},\"headline\":\"Deva Cassel : Le Sacre de la \u201cN\u00e9o-Ic\u00f4ne\u201d sur les Podiums Parisiens\",\"datePublished\":\"2026-01-19T10:13:29+00:00\",\"dateModified\":\"2026-01-19T10:13:30+00:00\",\"mainEntityOfPage\":{\"@id\":\"https:\/\/bobea.net\/index.php\/2026\/01\/19\/deva-cassel-le-sacre-de-la-neo-icone-sur-les-podiums-parisiens\/\"},\"wordCount\":335,\"commentCount\":0,\"publisher\":{\"@id\":\"https:\/\/bobea.net\/#organization\"},\"image\":{\"@id\":\"https:\/\/bobea.net\/index.php\/2026\/01\/19\/deva-cassel-le-sacre-de-la-neo-icone-sur-les-podiums-parisiens\/#primaryimage\"},\"thumbnailUrl\":\"https:\/\/bobea.net\/wp-content\/uploads\/2026\/01\/20250107_NETFLIX_02_412.webp\",\"keywords\":[\"Deva Cassel mannequin\",\"Ic\u00f4ne Gen Z\",\"Jeunesse dor\u00e9e parisienne\",\"Mode Paris 2026\",\"Monica Bellucci fille\",\"Muse Dior\",\"Vincent Cassel\"],\"articleSection\":[\"Dreams People\"],\"inLanguage\":\"fr-FR\",\"potentialAction\":[{\"@type\":\"CommentAction\",\"name\":\"Comment\",\"target\":[\"https:\/\/bobea.net\/index.php\/2026\/01\/19\/deva-cassel-le-sacre-de-la-neo-icone-sur-les-podiums-parisiens\/#respond\"]}]},{\"@type\":\"WebPage\",\"@id\":\"https:\/\/bobea.net\/index.php\/2026\/01\/19\/deva-cassel-le-sacre-de-la-neo-icone-sur-les-podiums-parisiens\/\",\"url\":\"https:\/\/bobea.net\/index.php\/2026\/01\/19\/deva-cassel-le-sacre-de-la-neo-icone-sur-les-podiums-parisiens\/\",\"name\":\"Deva Cassel : Le Sacre de la \\\"N\u00e9o-Ic\u00f4ne\\\" sur les Podiums Parisiens - Bobea\",\"isPartOf\":{\"@id\":\"https:\/\/bobea.net\/#website\"},\"primaryImageOfPage\":{\"@id\":\"https:\/\/bobea.net\/index.php\/2026\/01\/19\/deva-cassel-le-sacre-de-la-neo-icone-sur-les-podiums-parisiens\/#primaryimage\"},\"image\":{\"@id\":\"https:\/\/bobea.net\/index.php\/2026\/01\/19\/deva-cassel-le-sacre-de-la-neo-icone-sur-les-podiums-parisiens\/#primaryimage\"},\"thumbnailUrl\":\"https:\/\/bobea.net\/wp-content\/uploads\/2026\/01\/20250107_NETFLIX_02_412.webp\",\"datePublished\":\"2026-01-19T10:13:29+00:00\",\"dateModified\":\"2026-01-19T10:13:30+00:00\",\"description\":\"Il est rare de voir une \\\"fille de\\\" s'imposer avec autant de force et de l\u00e9gitimit\u00e9. En ce d\u00e9but d'ann\u00e9e 2026, Deva Cassel\",\"breadcrumb\":{\"@id\":\"https:\/\/bobea.net\/index.php\/2026\/01\/19\/deva-cassel-le-sacre-de-la-neo-icone-sur-les-podiums-parisiens\/#breadcrumb\"},\"inLanguage\":\"fr-FR\",\"potentialAction\":[{\"@type\":\"ReadAction\",\"target\":[\"https:\/\/bobea.net\/index.php\/2026\/01\/19\/deva-cassel-le-sacre-de-la-neo-icone-sur-les-podiums-parisiens\/\"]}]},{\"@type\":\"ImageObject\",\"inLanguage\":\"fr-FR\",\"@id\":\"https:\/\/bobea.net\/index.php\/2026\/01\/19\/deva-cassel-le-sacre-de-la-neo-icone-sur-les-podiums-parisiens\/#primaryimage\",\"url\":\"https:\/\/bobea.net\/wp-content\/uploads\/2026\/01\/20250107_NETFLIX_02_412.webp\",\"contentUrl\":\"https:\/\/bobea.net\/wp-content\/uploads\/2026\/01\/20250107_NETFLIX_02_412.webp\",\"width\":1280,\"height\":720},{\"@type\":\"BreadcrumbList\",\"@id\":\"https:\/\/bobea.net\/index.php\/2026\/01\/19\/deva-cassel-le-sacre-de-la-neo-icone-sur-les-podiums-parisiens\/#breadcrumb\",\"itemListElement\":[{\"@type\":\"ListItem\",\"position\":1,\"name\":\"Accueil\",\"item\":\"https:\/\/bobea.net\/\"},{\"@type\":\"ListItem\",\"position\":2,\"name\":\"Deva Cassel : Le Sacre de la \u00ab\u00a0N\u00e9o-Ic\u00f4ne\u00a0\u00bb sur les Podiums Parisiens\"}]},{\"@type\":\"WebSite\",\"@id\":\"https:\/\/bobea.net\/#website\",\"url\":\"https:\/\/bobea.net\/\",\"name\":\"Bobea\",\"description\":\"Le magazine de la nouvelle \u00c8ve\",\"publisher\":{\"@id\":\"https:\/\/bobea.net\/#organization\"},\"potentialAction\":[{\"@type\":\"SearchAction\",\"target\":{\"@type\":\"EntryPoint\",\"urlTemplate\":\"https:\/\/bobea.net\/?s={search_term_string}\"},\"query-input\":{\"@type\":\"PropertyValueSpecification\",\"valueRequired\":true,\"valueName\":\"search_term_string\"}}],\"inLanguage\":\"fr-FR\"},{\"@type\":\"Organization\",\"@id\":\"https:\/\/bobea.net\/#organization\",\"name\":\"Bobea\",\"url\":\"https:\/\/bobea.net\/\",\"logo\":{\"@type\":\"ImageObject\",\"inLanguage\":\"fr-FR\",\"@id\":\"https:\/\/bobea.net\/#\/schema\/logo\/image\/\",\"url\":\"https:\/\/bobea.net\/wp-content\/uploads\/2024\/06\/bobea.jpg\",\"contentUrl\":\"https:\/\/bobea.net\/wp-content\/uploads\/2024\/06\/bobea.jpg\",\"width\":1080,\"height\":1080,\"caption\":\"Bobea\"},\"image\":{\"@id\":\"https:\/\/bobea.net\/#\/schema\/logo\/image\/\"},\"sameAs\":[\"https:\/\/web.facebook.com\/profile.php?id=61559252188416\"]},{\"@type\":\"Person\",\"@id\":\"https:\/\/bobea.net\/#\/schema\/person\/e7f45ef187918d7c956bf619dce90ccf\",\"name\":\"bobea.info\",\"image\":{\"@type\":\"ImageObject\",\"inLanguage\":\"fr-FR\",\"@id\":\"https:\/\/bobea.net\/#\/schema\/person\/image\/\",\"url\":\"https:\/\/secure.gravatar.com\/avatar\/36147980349df887ae30808df3e29474?s=96&d=mm&r=g\",\"contentUrl\":\"https:\/\/secure.gravatar.com\/avatar\/36147980349df887ae30808df3e29474?s=96&d=mm&r=g\",\"caption\":\"bobea.info\"},\"sameAs\":[\"https:\/\/bobea.net\"],\"url\":\"https:\/\/bobea.net\/index.php\/author\/bobea-info\/\"}]}<\/script>\n<!-- \/ Yoast SEO plugin. -->","yoast_head_json":{"title":"Deva Cassel : Le Sacre de la \"N\u00e9o-Ic\u00f4ne\" sur les Podiums Parisiens - Bobea","description":"Il est rare de voir une \"fille de\" s'imposer avec autant de force et de l\u00e9gitimit\u00e9. En ce d\u00e9but d'ann\u00e9e 2026, Deva Cassel","robots":{"index":"index","follow":"follow","max-snippet":"max-snippet:-1","max-image-preview":"max-image-preview:large","max-video-preview":"max-video-preview:-1"},"canonical":"https:\/\/bobea.net\/index.php\/2026\/01\/19\/deva-cassel-le-sacre-de-la-neo-icone-sur-les-podiums-parisiens\/","og_locale":"fr_FR","og_type":"article","og_title":"Deva Cassel : Le Sacre de la \"N\u00e9o-Ic\u00f4ne\" sur les Podiums Parisiens - Bobea","og_description":"Il est rare de voir une \"fille de\" s'imposer avec autant de force et de l\u00e9gitimit\u00e9. En ce d\u00e9but d'ann\u00e9e 2026, Deva Cassel","og_url":"https:\/\/bobea.net\/index.php\/2026\/01\/19\/deva-cassel-le-sacre-de-la-neo-icone-sur-les-podiums-parisiens\/","og_site_name":"Bobea","article_publisher":"https:\/\/web.facebook.com\/profile.php?id=61559252188416","article_published_time":"2026-01-19T10:13:29+00:00","article_modified_time":"2026-01-19T10:13:30+00:00","og_image":[{"width":1280,"height":720,"url":"https:\/\/bobea.net\/wp-content\/uploads\/2026\/01\/20250107_NETFLIX_02_412.webp","type":"image\/webp"}],"author":"bobea.info","twitter_card":"summary_large_image","twitter_misc":{"\u00c9crit par":"bobea.info","Dur\u00e9e de lecture estim\u00e9e":"2 minutes"},"schema":{"@context":"https:\/\/schema.org","@graph":[{"@type":"Article","@id":"https:\/\/bobea.net\/index.php\/2026\/01\/19\/deva-cassel-le-sacre-de-la-neo-icone-sur-les-podiums-parisiens\/#article","isPartOf":{"@id":"https:\/\/bobea.net\/index.php\/2026\/01\/19\/deva-cassel-le-sacre-de-la-neo-icone-sur-les-podiums-parisiens\/"},"author":{"name":"bobea.info","@id":"https:\/\/bobea.net\/#\/schema\/person\/e7f45ef187918d7c956bf619dce90ccf"},"headline":"Deva Cassel : Le Sacre de la \u201cN\u00e9o-Ic\u00f4ne\u201d sur les Podiums Parisiens","datePublished":"2026-01-19T10:13:29+00:00","dateModified":"2026-01-19T10:13:30+00:00","mainEntityOfPage":{"@id":"https:\/\/bobea.net\/index.php\/2026\/01\/19\/deva-cassel-le-sacre-de-la-neo-icone-sur-les-podiums-parisiens\/"},"wordCount":335,"commentCount":0,"publisher":{"@id":"https:\/\/bobea.net\/#organization"},"image":{"@id":"https:\/\/bobea.net\/index.php\/2026\/01\/19\/deva-cassel-le-sacre-de-la-neo-icone-sur-les-podiums-parisiens\/#primaryimage"},"thumbnailUrl":"https:\/\/bobea.net\/wp-content\/uploads\/2026\/01\/20250107_NETFLIX_02_412.webp","keywords":["Deva Cassel mannequin","Ic\u00f4ne Gen Z","Jeunesse dor\u00e9e parisienne","Mode Paris 2026","Monica Bellucci fille","Muse Dior","Vincent Cassel"],"articleSection":["Dreams People"],"inLanguage":"fr-FR","potentialAction":[{"@type":"CommentAction","name":"Comment","target":["https:\/\/bobea.net\/index.php\/2026\/01\/19\/deva-cassel-le-sacre-de-la-neo-icone-sur-les-podiums-parisiens\/#respond"]}]},{"@type":"WebPage","@id":"https:\/\/bobea.net\/index.php\/2026\/01\/19\/deva-cassel-le-sacre-de-la-neo-icone-sur-les-podiums-parisiens\/","url":"https:\/\/bobea.net\/index.php\/2026\/01\/19\/deva-cassel-le-sacre-de-la-neo-icone-sur-les-podiums-parisiens\/","name":"Deva Cassel : Le Sacre de la \"N\u00e9o-Ic\u00f4ne\" sur les Podiums Parisiens - Bobea","isPartOf":{"@id":"https:\/\/bobea.net\/#website"},"primaryImageOfPage":{"@id":"https:\/\/bobea.net\/index.php\/2026\/01\/19\/deva-cassel-le-sacre-de-la-neo-icone-sur-les-podiums-parisiens\/#primaryimage"},"image":{"@id":"https:\/\/bobea.net\/index.php\/2026\/01\/19\/deva-cassel-le-sacre-de-la-neo-icone-sur-les-podiums-parisiens\/#primaryimage"},"thumbnailUrl":"https:\/\/bobea.net\/wp-content\/uploads\/2026\/01\/20250107_NETFLIX_02_412.webp","datePublished":"2026-01-19T10:13:29+00:00","dateModified":"2026-01-19T10:13:30+00:00","description":"Il est rare de voir une \"fille de\" s'imposer avec autant de force et de l\u00e9gitimit\u00e9. En ce d\u00e9but d'ann\u00e9e 2026, Deva Cassel","breadcrumb":{"@id":"https:\/\/bobea.net\/index.php\/2026\/01\/19\/deva-cassel-le-sacre-de-la-neo-icone-sur-les-podiums-parisiens\/#breadcrumb"},"inLanguage":"fr-FR","potentialAction":[{"@type":"ReadAction","target":["https:\/\/bobea.net\/index.php\/2026\/01\/19\/deva-cassel-le-sacre-de-la-neo-icone-sur-les-podiums-parisiens\/"]}]},{"@type":"ImageObject","inLanguage":"fr-FR","@id":"https:\/\/bobea.net\/index.php\/2026\/01\/19\/deva-cassel-le-sacre-de-la-neo-icone-sur-les-podiums-parisiens\/#primaryimage","url":"https:\/\/bobea.net\/wp-content\/uploads\/2026\/01\/20250107_NETFLIX_02_412.webp","contentUrl":"https:\/\/bobea.net\/wp-content\/uploads\/2026\/01\/20250107_NETFLIX_02_412.webp","width":1280,"height":720},{"@type":"BreadcrumbList","@id":"https:\/\/bobea.net\/index.php\/2026\/01\/19\/deva-cassel-le-sacre-de-la-neo-icone-sur-les-podiums-parisiens\/#breadcrumb","itemListElement":[{"@type":"ListItem","position":1,"name":"Accueil","item":"https:\/\/bobea.net\/"},{"@type":"ListItem","position":2,"name":"Deva Cassel : Le Sacre de la \u00ab\u00a0N\u00e9o-Ic\u00f4ne\u00a0\u00bb sur les Podiums Parisiens"}]},{"@type":"WebSite","@id":"https:\/\/bobea.net\/#website","url":"https:\/\/bobea.net\/","name":"Bobea","description":"Le magazine de la nouvelle \u00c8ve","publisher":{"@id":"https:\/\/bobea.net\/#organization"},"potentialAction":[{"@type":"SearchAction","target":{"@type":"EntryPoint","urlTemplate":"https:\/\/bobea.net\/?s={search_term_string}"},"query-input":{"@type":"PropertyValueSpecification","valueRequired":true,"valueName":"search_term_string"}}],"inLanguage":"fr-FR"},{"@type":"Organization","@id":"https:\/\/bobea.net\/#organization","name":"Bobea","url":"https:\/\/bobea.net\/","logo":{"@type":"ImageObject","inLanguage":"fr-FR","@id":"https:\/\/bobea.net\/#\/schema\/logo\/image\/","url":"https:\/\/bobea.net\/wp-content\/uploads\/2024\/06\/bobea.jpg","contentUrl":"https:\/\/bobea.net\/wp-content\/uploads\/2024\/06\/bobea.jpg","width":1080,"height":1080,"caption":"Bobea"},"image":{"@id":"https:\/\/bobea.net\/#\/schema\/logo\/image\/"},"sameAs":["https:\/\/web.facebook.com\/profile.php?id=61559252188416"]},{"@type":"Person","@id":"https:\/\/bobea.net\/#\/schema\/person\/e7f45ef187918d7c956bf619dce90ccf","name":"bobea.info","image":{"@type":"ImageObject","inLanguage":"fr-FR","@id":"https:\/\/bobea.net\/#\/schema\/person\/image\/","url":"https:\/\/secure.gravatar.com\/avatar\/36147980349df887ae30808df3e29474?s=96&d=mm&r=g","contentUrl":"https:\/\/secure.gravatar.com\/avatar\/36147980349df887ae30808df3e29474?s=96&d=mm&r=g","caption":"bobea.info"},"sameAs":["https:\/\/bobea.net"],"url":"https:\/\/bobea.net\/index.php\/author\/bobea-info\/"}]}},"_links":{"self":[{"href":"https:\/\/bobea.net\/index.php\/wp-json\/wp\/v2\/posts\/29172"}],"collection":[{"href":"https:\/\/bobea.net\/index.php\/wp-json\/wp\/v2\/posts"}],"about":[{"href":"https:\/\/bobea.net\/index.php\/wp-json\/wp\/v2\/types\/post"}],"author":[{"embeddable":true,"href":"https:\/\/bobea.net\/index.php\/wp-json\/wp\/v2\/users\/1"}],"replies":[{"embeddable":true,"href":"https:\/\/bobea.net\/index.php\/wp-json\/wp\/v2\/comments?post=29172"}],"version-history":[{"count":1,"href":"https:\/\/bobea.net\/index.php\/wp-json\/wp\/v2\/posts\/29172\/revisions"}],"predecessor-version":[{"id":29175,"href":"https:\/\/bobea.net\/index.php\/wp-json\/wp\/v2\/posts\/29172\/revisions\/29175"}],"wp:featuredmedia":[{"embeddable":true,"href":"https:\/\/bobea.net\/index.php\/wp-json\/wp\/v2\/media\/29173"}],"wp:attachment":[{"href":"https:\/\/bobea.net\/index.php\/wp-json\/wp\/v2\/media?parent=29172"}],"wp:term":[{"taxonomy":"category","embeddable":true,"href":"https:\/\/bobea.net\/index.php\/wp-json\/wp\/v2\/categories?post=29172"},{"taxonomy":"post_tag","embeddable":true,"href":"https:\/\/bobea.net\/index.php\/wp-json\/wp\/v2\/tags?post=29172"}],"curies":[{"name":"wp","href":"https:\/\/api.w.org\/{rel}","templated":true}]}}