{"id":29159,"date":"2026-01-19T09:37:42","date_gmt":"2026-01-19T09:37:42","guid":{"rendered":"https:\/\/bobea.net\/?p=29159"},"modified":"2026-01-19T09:37:43","modified_gmt":"2026-01-19T09:37:43","slug":"brad-pitt-a-paris-licone-eternelle-choisit-la-france-pour-sa-retraite-active","status":"publish","type":"post","link":"https:\/\/bobea.net\/index.php\/2026\/01\/19\/brad-pitt-a-paris-licone-eternelle-choisit-la-france-pour-sa-retraite-active\/","title":{"rendered":"Brad Pitt \u00e0 Paris : L\u2019Ic\u00f4ne \u00c9ternelle choisit la France pour sa \u201cRetraite Active\u201d"},"content":{"rendered":"\n<p><strong>Pourquoi l\u2019ac\u00adteur le plus charis\u00adma\u00adtique au monde a d\u00e9cid\u00e9 de pos\u00ader ses valis\u00ades dans le Marais.<\/strong><\/p>\n\n\n\n<p>\u00c0 62 ans, <strong>Brad Pitt<\/strong> n\u2019a jamais sem\u00adbl\u00e9 aus\u00adsi apais\u00e9. Aper\u00e7u ce matin \u00e0 la ter\u00adrasse d\u2019un caf\u00e9 dis\u00adcret de la place des Vos\u00adges, l\u2019ac\u00adteur a con\u00adfir\u00adm\u00e9 son amour pour la cap\u00adi\u00adtale fran\u00e7aise. Mais au-del\u00e0 de la vil\u00adl\u00e9\u00adgia\u00adture, Brad est \u00e0 Paris pour super\u00advis\u00ader le lance\u00adment de sa nou\u00advelle ligne de soins pour hommes \u201cLe Domaine\u201d et pour pr\u00e9\u00adpar\u00ader son prochain film avec un r\u00e9al\u00adisa\u00adteur de la Nou\u00advelle Vague.<\/p>\n\n\n\n<figure class=\"wp-block-image size-large\"><img loading=\"lazy\" decoding=\"async\" width=\"1024\" height=\"576\" src=\"https:\/\/bobea.net\/wp-content\/uploads\/2026\/01\/image-87-1024x576.png\" alt class=\"wp-image-29161\" srcset=\"https:\/\/bobea.net\/wp-content\/uploads\/2026\/01\/image-87-1024x576.png 1024w, https:\/\/bobea.net\/wp-content\/uploads\/2026\/01\/image-87-300x169.png 300w, https:\/\/bobea.net\/wp-content\/uploads\/2026\/01\/image-87-768x432.png 768w, https:\/\/bobea.net\/wp-content\/uploads\/2026\/01\/image-87.png 1080w\" sizes=\"(max-width: 1024px) 100vw, 1024px\"><\/figure>\n\n\n\n<p><strong>Le style \u201cParisian Chic\u201d ver\u00adsion Pitt<\/strong><\/p>\n\n\n\n<p>Fini les looks hol\u00adly\u00adwoo\u00add\u00adi\u00adens clin\u00adquants. Brad Pitt adopte le \u201cQui\u00adet Lux\u00adu\u00adry\u201d : lin beige, lunettes vin\u00adtage et allure d\u00e9con\u00adtrac\u00adt\u00e9e. Les sources proches de l\u2019ac\u00adteur con\u00adfient \u00e0 BOBEA qu\u2019il cherche \u00e0 s\u2019\u00e9loign\u00ader du tumulte de Los Ange\u00adles pour se con\u00adsacr\u00ader \u00e0 la sculp\u00adture et au vin, tout en restant l\u2019am\u00adbas\u00adsadeur mon\u00addi\u00adal de l\u2019\u00e9l\u00e9\u00adgance mas\u00adcu\u00adline. Paris lui va comme un gant.<\/p>\n\n\n\n<p><\/p>\n","protected":false},"excerpt":{"rendered":"<p>Pourquoi l\u2019ac\u00adteur le plus charis\u00adma\u00adtique au monde a d\u00e9cid\u00e9 de pos\u00ader ses valis\u00ades dans le Marais. \u00c0 62 ans, Brad Pitt n\u2019a jamais sem\u00adbl\u00e9 aus\u00adsi apais\u00e9. Aper\u00e7u ce matin \u00e0\u2026 <\/p>\n","protected":false},"author":1,"featured_media":29160,"comment_status":"open","ping_status":"closed","sticky":false,"template":"","format":"standard","meta":{"wp_typography_post_enhancements_disabled":false,"footnotes":""},"categories":[83],"tags":[21592,21596,21594,21593,21595,21591],"class_list":["post-29159","post","type-post","status-publish","format-standard","has-post-thumbnail","hentry","category-dreams-people","tag-brad-pitt-paris-2026","tag-elegance-masculine-2","tag-look-brad-pitt","tag-quiet-luxury-homme","tag-soins-le-domaine","tag-stars-a-paris"],"yoast_head":"<!-- This site is optimized with the Yoast SEO plugin v24.7 - https:\/\/yoast.com\/wordpress\/plugins\/seo\/ -->\n<title>Brad Pitt \u00e0 Paris : L\u2019Ic\u00f4ne \u00c9ternelle choisit la France pour sa &quot;Retraite Active&quot; - Bobea<\/title>\n<meta name=\"robots\" content=\"index, follow, max-snippet:-1, max-image-preview:large, max-video-preview:-1\" \/>\n<link rel=\"canonical\" href=\"https:\/\/bobea.net\/index.php\/2026\/01\/19\/brad-pitt-a-paris-licone-eternelle-choisit-la-france-pour-sa-retraite-active\/\" \/>\n<meta property=\"og:locale\" content=\"fr_FR\" \/>\n<meta property=\"og:type\" content=\"article\" \/>\n<meta property=\"og:title\" content=\"Brad Pitt \u00e0 Paris : L\u2019Ic\u00f4ne \u00c9ternelle choisit la France pour sa &quot;Retraite Active&quot; - Bobea\" \/>\n<meta property=\"og:description\" content=\"Pourquoi l\u2019ac\u00adteur le plus charis\u00adma\u00adtique au monde a d\u00e9cid\u00e9 de pos\u00ader ses valis\u00ades dans le Marais. \u00c0 62 ans, Brad Pitt n\u2019a jamais sem\u00adbl\u00e9 aus\u00adsi apais\u00e9. Aper\u00e7u ce matin \u00e0&hellip;\" \/>\n<meta property=\"og:url\" content=\"https:\/\/bobea.net\/index.php\/2026\/01\/19\/brad-pitt-a-paris-licone-eternelle-choisit-la-france-pour-sa-retraite-active\/\" \/>\n<meta property=\"og:site_name\" content=\"Bobea\" \/>\n<meta property=\"article:publisher\" content=\"https:\/\/web.facebook.com\/profile.php?id=61559252188416\" \/>\n<meta property=\"article:published_time\" content=\"2026-01-19T09:37:42+00:00\" \/>\n<meta property=\"article:modified_time\" content=\"2026-01-19T09:37:43+00:00\" \/>\n<meta property=\"og:image\" content=\"https:\/\/bobea.net\/wp-content\/uploads\/2026\/01\/1444x920_acteur-brad-pitt.webp\" \/>\n\t<meta property=\"og:image:width\" content=\"1024\" \/>\n\t<meta property=\"og:image:height\" content=\"652\" \/>\n\t<meta property=\"og:image:type\" content=\"image\/webp\" \/>\n<meta name=\"author\" content=\"bobea.info\" \/>\n<meta name=\"twitter:card\" content=\"summary_large_image\" \/>\n<meta name=\"twitter:label1\" content=\"\u00c9crit par\" \/>\n\t<meta name=\"twitter:data1\" content=\"bobea.info\" \/>\n\t<meta name=\"twitter:label2\" content=\"Dur\u00e9e de lecture estim\u00e9e\" \/>\n\t<meta name=\"twitter:data2\" content=\"2 minutes\" \/>\n<script type=\"application\/ld+json\" class=\"yoast-schema-graph\">{\"@context\":\"https:\/\/schema.org\",\"@graph\":[{\"@type\":\"Article\",\"@id\":\"https:\/\/bobea.net\/index.php\/2026\/01\/19\/brad-pitt-a-paris-licone-eternelle-choisit-la-france-pour-sa-retraite-active\/#article\",\"isPartOf\":{\"@id\":\"https:\/\/bobea.net\/index.php\/2026\/01\/19\/brad-pitt-a-paris-licone-eternelle-choisit-la-france-pour-sa-retraite-active\/\"},\"author\":{\"name\":\"bobea.info\",\"@id\":\"https:\/\/bobea.net\/#\/schema\/person\/e7f45ef187918d7c956bf619dce90ccf\"},\"headline\":\"Brad Pitt \u00e0 Paris : L\u2019Ic\u00f4ne \u00c9ternelle choisit la France pour sa \u201cRetraite Active\u201d\",\"datePublished\":\"2026-01-19T09:37:42+00:00\",\"dateModified\":\"2026-01-19T09:37:43+00:00\",\"mainEntityOfPage\":{\"@id\":\"https:\/\/bobea.net\/index.php\/2026\/01\/19\/brad-pitt-a-paris-licone-eternelle-choisit-la-france-pour-sa-retraite-active\/\"},\"wordCount\":174,\"commentCount\":0,\"publisher\":{\"@id\":\"https:\/\/bobea.net\/#organization\"},\"image\":{\"@id\":\"https:\/\/bobea.net\/index.php\/2026\/01\/19\/brad-pitt-a-paris-licone-eternelle-choisit-la-france-pour-sa-retraite-active\/#primaryimage\"},\"thumbnailUrl\":\"https:\/\/bobea.net\/wp-content\/uploads\/2026\/01\/1444x920_acteur-brad-pitt.webp\",\"keywords\":[\"Brad Pitt Paris 2026\",\"\u00c9l\u00e9gance masculine.\",\"Look Brad Pitt\",\"Quiet Luxury homme\",\"Soins Le Domaine\",\"Stars \u00e0 Paris\"],\"articleSection\":[\"Dreams People\"],\"inLanguage\":\"fr-FR\",\"potentialAction\":[{\"@type\":\"CommentAction\",\"name\":\"Comment\",\"target\":[\"https:\/\/bobea.net\/index.php\/2026\/01\/19\/brad-pitt-a-paris-licone-eternelle-choisit-la-france-pour-sa-retraite-active\/#respond\"]}]},{\"@type\":\"WebPage\",\"@id\":\"https:\/\/bobea.net\/index.php\/2026\/01\/19\/brad-pitt-a-paris-licone-eternelle-choisit-la-france-pour-sa-retraite-active\/\",\"url\":\"https:\/\/bobea.net\/index.php\/2026\/01\/19\/brad-pitt-a-paris-licone-eternelle-choisit-la-france-pour-sa-retraite-active\/\",\"name\":\"Brad Pitt \u00e0 Paris : L\u2019Ic\u00f4ne \u00c9ternelle choisit la France pour sa \\\"Retraite Active\\\" - Bobea\",\"isPartOf\":{\"@id\":\"https:\/\/bobea.net\/#website\"},\"primaryImageOfPage\":{\"@id\":\"https:\/\/bobea.net\/index.php\/2026\/01\/19\/brad-pitt-a-paris-licone-eternelle-choisit-la-france-pour-sa-retraite-active\/#primaryimage\"},\"image\":{\"@id\":\"https:\/\/bobea.net\/index.php\/2026\/01\/19\/brad-pitt-a-paris-licone-eternelle-choisit-la-france-pour-sa-retraite-active\/#primaryimage\"},\"thumbnailUrl\":\"https:\/\/bobea.net\/wp-content\/uploads\/2026\/01\/1444x920_acteur-brad-pitt.webp\",\"datePublished\":\"2026-01-19T09:37:42+00:00\",\"dateModified\":\"2026-01-19T09:37:43+00:00\",\"breadcrumb\":{\"@id\":\"https:\/\/bobea.net\/index.php\/2026\/01\/19\/brad-pitt-a-paris-licone-eternelle-choisit-la-france-pour-sa-retraite-active\/#breadcrumb\"},\"inLanguage\":\"fr-FR\",\"potentialAction\":[{\"@type\":\"ReadAction\",\"target\":[\"https:\/\/bobea.net\/index.php\/2026\/01\/19\/brad-pitt-a-paris-licone-eternelle-choisit-la-france-pour-sa-retraite-active\/\"]}]},{\"@type\":\"ImageObject\",\"inLanguage\":\"fr-FR\",\"@id\":\"https:\/\/bobea.net\/index.php\/2026\/01\/19\/brad-pitt-a-paris-licone-eternelle-choisit-la-france-pour-sa-retraite-active\/#primaryimage\",\"url\":\"https:\/\/bobea.net\/wp-content\/uploads\/2026\/01\/1444x920_acteur-brad-pitt.webp\",\"contentUrl\":\"https:\/\/bobea.net\/wp-content\/uploads\/2026\/01\/1444x920_acteur-brad-pitt.webp\",\"width\":1024,\"height\":652},{\"@type\":\"BreadcrumbList\",\"@id\":\"https:\/\/bobea.net\/index.php\/2026\/01\/19\/brad-pitt-a-paris-licone-eternelle-choisit-la-france-pour-sa-retraite-active\/#breadcrumb\",\"itemListElement\":[{\"@type\":\"ListItem\",\"position\":1,\"name\":\"Accueil\",\"item\":\"https:\/\/bobea.net\/\"},{\"@type\":\"ListItem\",\"position\":2,\"name\":\"Brad Pitt \u00e0 Paris : L\u2019Ic\u00f4ne \u00c9ternelle choisit la France pour sa \u00ab\u00a0Retraite Active\u00a0\u00bb\"}]},{\"@type\":\"WebSite\",\"@id\":\"https:\/\/bobea.net\/#website\",\"url\":\"https:\/\/bobea.net\/\",\"name\":\"Bobea\",\"description\":\"Le magazine de la nouvelle \u00c8ve\",\"publisher\":{\"@id\":\"https:\/\/bobea.net\/#organization\"},\"potentialAction\":[{\"@type\":\"SearchAction\",\"target\":{\"@type\":\"EntryPoint\",\"urlTemplate\":\"https:\/\/bobea.net\/?s={search_term_string}\"},\"query-input\":{\"@type\":\"PropertyValueSpecification\",\"valueRequired\":true,\"valueName\":\"search_term_string\"}}],\"inLanguage\":\"fr-FR\"},{\"@type\":\"Organization\",\"@id\":\"https:\/\/bobea.net\/#organization\",\"name\":\"Bobea\",\"url\":\"https:\/\/bobea.net\/\",\"logo\":{\"@type\":\"ImageObject\",\"inLanguage\":\"fr-FR\",\"@id\":\"https:\/\/bobea.net\/#\/schema\/logo\/image\/\",\"url\":\"https:\/\/bobea.net\/wp-content\/uploads\/2024\/06\/bobea.jpg\",\"contentUrl\":\"https:\/\/bobea.net\/wp-content\/uploads\/2024\/06\/bobea.jpg\",\"width\":1080,\"height\":1080,\"caption\":\"Bobea\"},\"image\":{\"@id\":\"https:\/\/bobea.net\/#\/schema\/logo\/image\/\"},\"sameAs\":[\"https:\/\/web.facebook.com\/profile.php?id=61559252188416\"]},{\"@type\":\"Person\",\"@id\":\"https:\/\/bobea.net\/#\/schema\/person\/e7f45ef187918d7c956bf619dce90ccf\",\"name\":\"bobea.info\",\"image\":{\"@type\":\"ImageObject\",\"inLanguage\":\"fr-FR\",\"@id\":\"https:\/\/bobea.net\/#\/schema\/person\/image\/\",\"url\":\"https:\/\/secure.gravatar.com\/avatar\/36147980349df887ae30808df3e29474?s=96&d=mm&r=g\",\"contentUrl\":\"https:\/\/secure.gravatar.com\/avatar\/36147980349df887ae30808df3e29474?s=96&d=mm&r=g\",\"caption\":\"bobea.info\"},\"sameAs\":[\"https:\/\/bobea.net\"],\"url\":\"https:\/\/bobea.net\/index.php\/author\/bobea-info\/\"}]}<\/script>\n<!-- \/ Yoast SEO plugin. -->","yoast_head_json":{"title":"Brad Pitt \u00e0 Paris : L\u2019Ic\u00f4ne \u00c9ternelle choisit la France pour sa \"Retraite Active\" - Bobea","robots":{"index":"index","follow":"follow","max-snippet":"max-snippet:-1","max-image-preview":"max-image-preview:large","max-video-preview":"max-video-preview:-1"},"canonical":"https:\/\/bobea.net\/index.php\/2026\/01\/19\/brad-pitt-a-paris-licone-eternelle-choisit-la-france-pour-sa-retraite-active\/","og_locale":"fr_FR","og_type":"article","og_title":"Brad Pitt \u00e0 Paris : L\u2019Ic\u00f4ne \u00c9ternelle choisit la France pour sa \"Retraite Active\" - Bobea","og_description":"Pourquoi l\u2019ac\u00adteur le plus charis\u00adma\u00adtique au monde a d\u00e9cid\u00e9 de pos\u00ader ses valis\u00ades dans le Marais. \u00c0 62 ans, Brad Pitt n\u2019a jamais sem\u00adbl\u00e9 aus\u00adsi apais\u00e9. Aper\u00e7u ce matin \u00e0&hellip;","og_url":"https:\/\/bobea.net\/index.php\/2026\/01\/19\/brad-pitt-a-paris-licone-eternelle-choisit-la-france-pour-sa-retraite-active\/","og_site_name":"Bobea","article_publisher":"https:\/\/web.facebook.com\/profile.php?id=61559252188416","article_published_time":"2026-01-19T09:37:42+00:00","article_modified_time":"2026-01-19T09:37:43+00:00","og_image":[{"width":1024,"height":652,"url":"https:\/\/bobea.net\/wp-content\/uploads\/2026\/01\/1444x920_acteur-brad-pitt.webp","type":"image\/webp"}],"author":"bobea.info","twitter_card":"summary_large_image","twitter_misc":{"\u00c9crit par":"bobea.info","Dur\u00e9e de lecture estim\u00e9e":"2 minutes"},"schema":{"@context":"https:\/\/schema.org","@graph":[{"@type":"Article","@id":"https:\/\/bobea.net\/index.php\/2026\/01\/19\/brad-pitt-a-paris-licone-eternelle-choisit-la-france-pour-sa-retraite-active\/#article","isPartOf":{"@id":"https:\/\/bobea.net\/index.php\/2026\/01\/19\/brad-pitt-a-paris-licone-eternelle-choisit-la-france-pour-sa-retraite-active\/"},"author":{"name":"bobea.info","@id":"https:\/\/bobea.net\/#\/schema\/person\/e7f45ef187918d7c956bf619dce90ccf"},"headline":"Brad Pitt \u00e0 Paris : L\u2019Ic\u00f4ne \u00c9ternelle choisit la France pour sa \u201cRetraite Active\u201d","datePublished":"2026-01-19T09:37:42+00:00","dateModified":"2026-01-19T09:37:43+00:00","mainEntityOfPage":{"@id":"https:\/\/bobea.net\/index.php\/2026\/01\/19\/brad-pitt-a-paris-licone-eternelle-choisit-la-france-pour-sa-retraite-active\/"},"wordCount":174,"commentCount":0,"publisher":{"@id":"https:\/\/bobea.net\/#organization"},"image":{"@id":"https:\/\/bobea.net\/index.php\/2026\/01\/19\/brad-pitt-a-paris-licone-eternelle-choisit-la-france-pour-sa-retraite-active\/#primaryimage"},"thumbnailUrl":"https:\/\/bobea.net\/wp-content\/uploads\/2026\/01\/1444x920_acteur-brad-pitt.webp","keywords":["Brad Pitt Paris 2026","\u00c9l\u00e9gance masculine.","Look Brad Pitt","Quiet Luxury homme","Soins Le Domaine","Stars \u00e0 Paris"],"articleSection":["Dreams People"],"inLanguage":"fr-FR","potentialAction":[{"@type":"CommentAction","name":"Comment","target":["https:\/\/bobea.net\/index.php\/2026\/01\/19\/brad-pitt-a-paris-licone-eternelle-choisit-la-france-pour-sa-retraite-active\/#respond"]}]},{"@type":"WebPage","@id":"https:\/\/bobea.net\/index.php\/2026\/01\/19\/brad-pitt-a-paris-licone-eternelle-choisit-la-france-pour-sa-retraite-active\/","url":"https:\/\/bobea.net\/index.php\/2026\/01\/19\/brad-pitt-a-paris-licone-eternelle-choisit-la-france-pour-sa-retraite-active\/","name":"Brad Pitt \u00e0 Paris : L\u2019Ic\u00f4ne \u00c9ternelle choisit la France pour sa \"Retraite Active\" - Bobea","isPartOf":{"@id":"https:\/\/bobea.net\/#website"},"primaryImageOfPage":{"@id":"https:\/\/bobea.net\/index.php\/2026\/01\/19\/brad-pitt-a-paris-licone-eternelle-choisit-la-france-pour-sa-retraite-active\/#primaryimage"},"image":{"@id":"https:\/\/bobea.net\/index.php\/2026\/01\/19\/brad-pitt-a-paris-licone-eternelle-choisit-la-france-pour-sa-retraite-active\/#primaryimage"},"thumbnailUrl":"https:\/\/bobea.net\/wp-content\/uploads\/2026\/01\/1444x920_acteur-brad-pitt.webp","datePublished":"2026-01-19T09:37:42+00:00","dateModified":"2026-01-19T09:37:43+00:00","breadcrumb":{"@id":"https:\/\/bobea.net\/index.php\/2026\/01\/19\/brad-pitt-a-paris-licone-eternelle-choisit-la-france-pour-sa-retraite-active\/#breadcrumb"},"inLanguage":"fr-FR","potentialAction":[{"@type":"ReadAction","target":["https:\/\/bobea.net\/index.php\/2026\/01\/19\/brad-pitt-a-paris-licone-eternelle-choisit-la-france-pour-sa-retraite-active\/"]}]},{"@type":"ImageObject","inLanguage":"fr-FR","@id":"https:\/\/bobea.net\/index.php\/2026\/01\/19\/brad-pitt-a-paris-licone-eternelle-choisit-la-france-pour-sa-retraite-active\/#primaryimage","url":"https:\/\/bobea.net\/wp-content\/uploads\/2026\/01\/1444x920_acteur-brad-pitt.webp","contentUrl":"https:\/\/bobea.net\/wp-content\/uploads\/2026\/01\/1444x920_acteur-brad-pitt.webp","width":1024,"height":652},{"@type":"BreadcrumbList","@id":"https:\/\/bobea.net\/index.php\/2026\/01\/19\/brad-pitt-a-paris-licone-eternelle-choisit-la-france-pour-sa-retraite-active\/#breadcrumb","itemListElement":[{"@type":"ListItem","position":1,"name":"Accueil","item":"https:\/\/bobea.net\/"},{"@type":"ListItem","position":2,"name":"Brad Pitt \u00e0 Paris : L\u2019Ic\u00f4ne \u00c9ternelle choisit la France pour sa \u00ab\u00a0Retraite Active\u00a0\u00bb"}]},{"@type":"WebSite","@id":"https:\/\/bobea.net\/#website","url":"https:\/\/bobea.net\/","name":"Bobea","description":"Le magazine de la nouvelle \u00c8ve","publisher":{"@id":"https:\/\/bobea.net\/#organization"},"potentialAction":[{"@type":"SearchAction","target":{"@type":"EntryPoint","urlTemplate":"https:\/\/bobea.net\/?s={search_term_string}"},"query-input":{"@type":"PropertyValueSpecification","valueRequired":true,"valueName":"search_term_string"}}],"inLanguage":"fr-FR"},{"@type":"Organization","@id":"https:\/\/bobea.net\/#organization","name":"Bobea","url":"https:\/\/bobea.net\/","logo":{"@type":"ImageObject","inLanguage":"fr-FR","@id":"https:\/\/bobea.net\/#\/schema\/logo\/image\/","url":"https:\/\/bobea.net\/wp-content\/uploads\/2024\/06\/bobea.jpg","contentUrl":"https:\/\/bobea.net\/wp-content\/uploads\/2024\/06\/bobea.jpg","width":1080,"height":1080,"caption":"Bobea"},"image":{"@id":"https:\/\/bobea.net\/#\/schema\/logo\/image\/"},"sameAs":["https:\/\/web.facebook.com\/profile.php?id=61559252188416"]},{"@type":"Person","@id":"https:\/\/bobea.net\/#\/schema\/person\/e7f45ef187918d7c956bf619dce90ccf","name":"bobea.info","image":{"@type":"ImageObject","inLanguage":"fr-FR","@id":"https:\/\/bobea.net\/#\/schema\/person\/image\/","url":"https:\/\/secure.gravatar.com\/avatar\/36147980349df887ae30808df3e29474?s=96&d=mm&r=g","contentUrl":"https:\/\/secure.gravatar.com\/avatar\/36147980349df887ae30808df3e29474?s=96&d=mm&r=g","caption":"bobea.info"},"sameAs":["https:\/\/bobea.net"],"url":"https:\/\/bobea.net\/index.php\/author\/bobea-info\/"}]}},"_links":{"self":[{"href":"https:\/\/bobea.net\/index.php\/wp-json\/wp\/v2\/posts\/29159"}],"collection":[{"href":"https:\/\/bobea.net\/index.php\/wp-json\/wp\/v2\/posts"}],"about":[{"href":"https:\/\/bobea.net\/index.php\/wp-json\/wp\/v2\/types\/post"}],"author":[{"embeddable":true,"href":"https:\/\/bobea.net\/index.php\/wp-json\/wp\/v2\/users\/1"}],"replies":[{"embeddable":true,"href":"https:\/\/bobea.net\/index.php\/wp-json\/wp\/v2\/comments?post=29159"}],"version-history":[{"count":1,"href":"https:\/\/bobea.net\/index.php\/wp-json\/wp\/v2\/posts\/29159\/revisions"}],"predecessor-version":[{"id":29162,"href":"https:\/\/bobea.net\/index.php\/wp-json\/wp\/v2\/posts\/29159\/revisions\/29162"}],"wp:featuredmedia":[{"embeddable":true,"href":"https:\/\/bobea.net\/index.php\/wp-json\/wp\/v2\/media\/29160"}],"wp:attachment":[{"href":"https:\/\/bobea.net\/index.php\/wp-json\/wp\/v2\/media?parent=29159"}],"wp:term":[{"taxonomy":"category","embeddable":true,"href":"https:\/\/bobea.net\/index.php\/wp-json\/wp\/v2\/categories?post=29159"},{"taxonomy":"post_tag","embeddable":true,"href":"https:\/\/bobea.net\/index.php\/wp-json\/wp\/v2\/tags?post=29159"}],"curies":[{"name":"wp","href":"https:\/\/api.w.org\/{rel}","templated":true}]}}