{"id":29115,"date":"2026-01-17T14:59:14","date_gmt":"2026-01-17T14:59:14","guid":{"rendered":"https:\/\/bobea.net\/?p=29115"},"modified":"2026-01-17T14:59:17","modified_gmt":"2026-01-17T14:59:17","slug":"grand-dossier-partir-au-soleil-pour-ne-plus-revenir-la-migration-doree-des-seniors-en-2026","status":"publish","type":"post","link":"https:\/\/bobea.net\/index.php\/2026\/01\/17\/grand-dossier-partir-au-soleil-pour-ne-plus-revenir-la-migration-doree-des-seniors-en-2026\/","title":{"rendered":"GRAND DOSSIER : Partir au soleil pour ne plus revenir \u2013 La migration dor\u00e9e des seniors en 2026"},"content":{"rendered":"\n<p><strong>L\u2019heure du grand d\u00e9part : Pourquoi les seniors quit\u00adtent l\u2019Eu\u00adrope<\/strong> En ce same\u00addi 17 jan\u00advi\u00ader 2026, le ph\u00e9nom\u00e8ne de la \u201cSil\u00adver Migra\u00adtion\u201d n\u2019est plus une sim\u00adple sta\u00adtis\u00adtique, c\u2019est une lame de fond soci\u00e9\u00adtale. De plus en plus de jeunes retrait\u00e9s, que l\u2019on nomme d\u00e9sor\u00admais les \u201cSoli-Seniors\u201d, choi\u00adsis\u00adsent de ven\u00addre leurs biens en Europe pour s\u2019of\u00adfrir une sec\u00adonde vie sous des lat\u00adi\u00adtudes o\u00f9 le soleil brille plus de 300 jours par an. Ce mou\u00adve\u00adment est port\u00e9 par une qu\u00eate de sens, mais aus\u00adsi par une r\u00e9al\u00adit\u00e9 \u00e9conomique : en 2026, le pou\u00advoir d\u2019achat est devenu le moteur prin\u00adci\u00adpal de l\u2019ex\u00adpa\u00adtri\u00ada\u00adtion.<\/p>\n\n\n\n<p><strong>Le Por\u00adtu\u00adgal et le Maroc : Les valeurs refuges ind\u00e9tr\u00f4n\u00adables<\/strong> Le <strong>Por\u00adtu\u00adgal<\/strong> reste, cette ann\u00e9e encore, la des\u00adti\u00adna\u00adtion favorite. Avec ses infra\u00adstruc\u00adtures de san\u00adt\u00e9 de pre\u00admier plan et ses avan\u00adtages fis\u00adcaux pour les r\u00e9si\u00addents non habituels, il offre une s\u00e9cu\u00adrit\u00e9 ras\u00adsur\u00adante. Des r\u00e9gions comme l\u2019A\u00adlen\u00adte\u00adjo ou l\u2019Al\u00adgarve voient fleurir des com\u00admu\u00adnaut\u00e9s de seniors act\u00adifs qui priv\u00adil\u00e9gient le \u201cslow liv\u00ading\u201d. Le <strong>Maroc<\/strong>, de son c\u00f4t\u00e9, s\u00e9duit par sa prox\u00adim\u00adit\u00e9 g\u00e9o\u00adgraphique et cul\u00adturelle. \u00c0 Mar\u00adrakech ou Essaouira, vivre sa retraite sig\u00adni\u00adfie s\u2019of\u00adfrir un riad avec per\u00adson\u00adnel, une gas\u00adtronomie riche et un cli\u00admat qui soulage les douleurs chroniques. C\u2019est l\u2019ex\u00adpa\u00adtri\u00ada\u00adtion du raf\u00adfine\u00adment et de l\u2019hos\u00adpi\u00adtal\u00adit\u00e9.<\/p>\n\n\n\n<figure class=\"wp-block-image size-full\"><img loading=\"lazy\" decoding=\"async\" width=\"1000\" height=\"667\" src=\"https:\/\/bobea.net\/wp-content\/uploads\/2026\/01\/image-72.png\" alt class=\"wp-image-29117\" srcset=\"https:\/\/bobea.net\/wp-content\/uploads\/2026\/01\/image-72.png 1000w, https:\/\/bobea.net\/wp-content\/uploads\/2026\/01\/image-72-300x200.png 300w, https:\/\/bobea.net\/wp-content\/uploads\/2026\/01\/image-72-768x512.png 768w\" sizes=\"(max-width: 1000px) 100vw, 1000px\"><\/figure>\n\n\n\n<p><strong>Les nou\u00advelles fron\u00adti\u00e8res : S\u00e9n\u00e9\u00adgal, Nami\u00adbie et Argen\u00adtine<\/strong> La grande nou\u00adveaut\u00e9 de 2026 r\u00e9side dans l\u2019at\u00adtrait pour l\u2019Afrique sub\u00adsa\u00adhari\u00adenne et l\u2019Am\u00e9rique Latine. Le <strong>S\u00e9n\u00e9\u00adgal<\/strong>, avec sa l\u00e9gendaire \u201cTeran\u00adga\u201d, attire une pop\u00adu\u00adla\u00adtion en qu\u00eate d\u2019au\u00adthen\u00adtic\u00adit\u00e9 et de chaleur humaine. S\u2019in\u00adstaller \u00e0 Saly ou en Casamance per\u00admet une immer\u00adsion cul\u00adturelle totale. La <strong>Nami\u00adbie<\/strong>, plus sauvage, attire les ama\u00adteurs de grands espaces et de s\u00e9cu\u00adrit\u00e9, tan\u00addis que l\u2019<strong>Argen\u00adtine<\/strong> s\u00e9duit les intel\u00adlectuels et artistes retrait\u00e9s qui veu\u00adlent vibr\u00ader au rythme de Buenos Aires tout en b\u00e9n\u00e9\u00adfi\u00adciant d\u2019un co\u00fbt de la vie extr\u00eame\u00adment avan\u00adtageux.<\/p>\n\n\n\n<p><strong>R\u00e9us\u00adsir son expa\u00adtri\u00ada\u00adtion : Les con\u00adseils de Bobea<\/strong> Par\u00adtir pour ne plus revenir demande une pr\u00e9\u00adpa\u00adra\u00adtion rigoureuse. Il ne suf\u00adfit pas de vis\u00ader une des\u00adti\u00adna\u00adtion par\u00ada\u00addisi\u00adaque ; il faut anticiper la cou\u00adver\u00adture san\u00adt\u00e9, la ges\u00adtion du pat\u00adri\u00admoine et surtout l\u2019in\u00adt\u00e9\u00adgra\u00adtion sociale. Les seniors qui r\u00e9us\u00adsis\u00adsent leur muta\u00adtion sont ceux qui s\u2019in\u00advestis\u00adsent locale\u00adment, appren\u00adnent la langue et cr\u00e9ent des ponts entre leur cul\u00adture d\u2019o\u00adrig\u00adine et leur terre d\u2019ac\u00adcueil. En 2026, la retraite n\u2019est plus une fin, mais le pro\u00adlogue d\u2019une \u00e9pop\u00e9e solaire.<\/p>\n","protected":false},"excerpt":{"rendered":"<p>L\u2019heure du grand d\u00e9part : Pourquoi les seniors quit\u00adtent l\u2019Eu\u00adrope En ce same\u00addi 17 jan\u00advi\u00ader 2026, le ph\u00e9nom\u00e8ne de la \u201cSil\u00adver Migra\u00adtion\u201d n\u2019est plus une sim\u00adple sta\u00adtis\u00adtique, c\u2019est une lame\u2026 <\/p>\n","protected":false},"author":1,"featured_media":29116,"comment_status":"open","ping_status":"closed","sticky":false,"template":"","format":"standard","meta":{"wp_typography_post_enhancements_disabled":false,"footnotes":""},"categories":[73],"tags":[21557,21554,21556,21553,21552,21551,21555],"class_list":["post-29115","post","type-post","status-publish","format-standard","has-post-thumbnail","hentry","category-on-en-parle","tag-budget-expatriation","tag-expatriation-seniors","tag-qualite-de-vie-retraite","tag-retraite-au-senegal","tag-retraite-au-soleil-2026","tag-sinstaller-au-maroc","tag-vivre-au-portugal"],"yoast_head":"<!-- This site is optimized with the Yoast SEO plugin v24.7 - https:\/\/yoast.com\/wordpress\/plugins\/seo\/ -->\n<title>GRAND DOSSIER : Partir au soleil pour ne plus revenir \u2013 La migration dor\u00e9e des seniors en 2026 - Bobea<\/title>\n<meta name=\"description\" content=\"L&#039;heure du grand d\u00e9part : Pourquoi les seniors quittent l&#039;Europe En ce samedi 17 janvier 2026, le ph\u00e9nom\u00e8ne de la &quot;Silver Migration&quot;\" \/>\n<meta name=\"robots\" content=\"index, follow, max-snippet:-1, max-image-preview:large, max-video-preview:-1\" \/>\n<link rel=\"canonical\" href=\"https:\/\/bobea.net\/index.php\/2026\/01\/17\/grand-dossier-partir-au-soleil-pour-ne-plus-revenir-la-migration-doree-des-seniors-en-2026\/\" \/>\n<meta property=\"og:locale\" content=\"fr_FR\" \/>\n<meta property=\"og:type\" content=\"article\" \/>\n<meta property=\"og:title\" content=\"GRAND DOSSIER : Partir au soleil pour ne plus revenir \u2013 La migration dor\u00e9e des seniors en 2026 - Bobea\" \/>\n<meta property=\"og:description\" content=\"L&#039;heure du grand d\u00e9part : Pourquoi les seniors quittent l&#039;Europe En ce samedi 17 janvier 2026, le ph\u00e9nom\u00e8ne de la &quot;Silver Migration&quot;\" \/>\n<meta property=\"og:url\" content=\"https:\/\/bobea.net\/index.php\/2026\/01\/17\/grand-dossier-partir-au-soleil-pour-ne-plus-revenir-la-migration-doree-des-seniors-en-2026\/\" \/>\n<meta property=\"og:site_name\" content=\"Bobea\" \/>\n<meta property=\"article:publisher\" content=\"https:\/\/web.facebook.com\/profile.php?id=61559252188416\" \/>\n<meta property=\"article:published_time\" content=\"2026-01-17T14:59:14+00:00\" \/>\n<meta property=\"article:modified_time\" content=\"2026-01-17T14:59:17+00:00\" \/>\n<meta property=\"og:image\" content=\"https:\/\/bobea.net\/wp-content\/uploads\/2026\/01\/senior-retraites-plage-ocean-marche-soleil.webp\" \/>\n\t<meta property=\"og:image:width\" content=\"1177\" \/>\n\t<meta property=\"og:image:height\" content=\"642\" \/>\n\t<meta property=\"og:image:type\" content=\"image\/webp\" \/>\n<meta name=\"author\" content=\"bobea.info\" \/>\n<meta name=\"twitter:card\" content=\"summary_large_image\" \/>\n<meta name=\"twitter:label1\" content=\"\u00c9crit par\" \/>\n\t<meta name=\"twitter:data1\" content=\"bobea.info\" \/>\n\t<meta name=\"twitter:label2\" content=\"Dur\u00e9e de lecture estim\u00e9e\" \/>\n\t<meta name=\"twitter:data2\" content=\"3 minutes\" \/>\n<script type=\"application\/ld+json\" class=\"yoast-schema-graph\">{\"@context\":\"https:\/\/schema.org\",\"@graph\":[{\"@type\":\"Article\",\"@id\":\"https:\/\/bobea.net\/index.php\/2026\/01\/17\/grand-dossier-partir-au-soleil-pour-ne-plus-revenir-la-migration-doree-des-seniors-en-2026\/#article\",\"isPartOf\":{\"@id\":\"https:\/\/bobea.net\/index.php\/2026\/01\/17\/grand-dossier-partir-au-soleil-pour-ne-plus-revenir-la-migration-doree-des-seniors-en-2026\/\"},\"author\":{\"name\":\"bobea.info\",\"@id\":\"https:\/\/bobea.net\/#\/schema\/person\/e7f45ef187918d7c956bf619dce90ccf\"},\"headline\":\"GRAND DOSSIER : Partir au soleil pour ne plus revenir \u2013 La migration dor\u00e9e des seniors en 2026\",\"datePublished\":\"2026-01-17T14:59:14+00:00\",\"dateModified\":\"2026-01-17T14:59:17+00:00\",\"mainEntityOfPage\":{\"@id\":\"https:\/\/bobea.net\/index.php\/2026\/01\/17\/grand-dossier-partir-au-soleil-pour-ne-plus-revenir-la-migration-doree-des-seniors-en-2026\/\"},\"wordCount\":441,\"commentCount\":0,\"publisher\":{\"@id\":\"https:\/\/bobea.net\/#organization\"},\"image\":{\"@id\":\"https:\/\/bobea.net\/index.php\/2026\/01\/17\/grand-dossier-partir-au-soleil-pour-ne-plus-revenir-la-migration-doree-des-seniors-en-2026\/#primaryimage\"},\"thumbnailUrl\":\"https:\/\/bobea.net\/wp-content\/uploads\/2026\/01\/senior-retraites-plage-ocean-marche-soleil.webp\",\"keywords\":[\"budget expatriation\",\"expatriation seniors\",\"qualit\u00e9 de vie retraite\",\"retraite au S\u00e9n\u00e9gal\",\"Retraite au soleil 2026\",\"s'installer au Maroc\",\"vivre au Portugal\"],\"articleSection\":[\"On en Parle\"],\"inLanguage\":\"fr-FR\",\"potentialAction\":[{\"@type\":\"CommentAction\",\"name\":\"Comment\",\"target\":[\"https:\/\/bobea.net\/index.php\/2026\/01\/17\/grand-dossier-partir-au-soleil-pour-ne-plus-revenir-la-migration-doree-des-seniors-en-2026\/#respond\"]}]},{\"@type\":\"WebPage\",\"@id\":\"https:\/\/bobea.net\/index.php\/2026\/01\/17\/grand-dossier-partir-au-soleil-pour-ne-plus-revenir-la-migration-doree-des-seniors-en-2026\/\",\"url\":\"https:\/\/bobea.net\/index.php\/2026\/01\/17\/grand-dossier-partir-au-soleil-pour-ne-plus-revenir-la-migration-doree-des-seniors-en-2026\/\",\"name\":\"GRAND DOSSIER : Partir au soleil pour ne plus revenir \u2013 La migration dor\u00e9e des seniors en 2026 - Bobea\",\"isPartOf\":{\"@id\":\"https:\/\/bobea.net\/#website\"},\"primaryImageOfPage\":{\"@id\":\"https:\/\/bobea.net\/index.php\/2026\/01\/17\/grand-dossier-partir-au-soleil-pour-ne-plus-revenir-la-migration-doree-des-seniors-en-2026\/#primaryimage\"},\"image\":{\"@id\":\"https:\/\/bobea.net\/index.php\/2026\/01\/17\/grand-dossier-partir-au-soleil-pour-ne-plus-revenir-la-migration-doree-des-seniors-en-2026\/#primaryimage\"},\"thumbnailUrl\":\"https:\/\/bobea.net\/wp-content\/uploads\/2026\/01\/senior-retraites-plage-ocean-marche-soleil.webp\",\"datePublished\":\"2026-01-17T14:59:14+00:00\",\"dateModified\":\"2026-01-17T14:59:17+00:00\",\"description\":\"L'heure du grand d\u00e9part : Pourquoi les seniors quittent l'Europe En ce samedi 17 janvier 2026, le ph\u00e9nom\u00e8ne de la \\\"Silver Migration\\\"\",\"breadcrumb\":{\"@id\":\"https:\/\/bobea.net\/index.php\/2026\/01\/17\/grand-dossier-partir-au-soleil-pour-ne-plus-revenir-la-migration-doree-des-seniors-en-2026\/#breadcrumb\"},\"inLanguage\":\"fr-FR\",\"potentialAction\":[{\"@type\":\"ReadAction\",\"target\":[\"https:\/\/bobea.net\/index.php\/2026\/01\/17\/grand-dossier-partir-au-soleil-pour-ne-plus-revenir-la-migration-doree-des-seniors-en-2026\/\"]}]},{\"@type\":\"ImageObject\",\"inLanguage\":\"fr-FR\",\"@id\":\"https:\/\/bobea.net\/index.php\/2026\/01\/17\/grand-dossier-partir-au-soleil-pour-ne-plus-revenir-la-migration-doree-des-seniors-en-2026\/#primaryimage\",\"url\":\"https:\/\/bobea.net\/wp-content\/uploads\/2026\/01\/senior-retraites-plage-ocean-marche-soleil.webp\",\"contentUrl\":\"https:\/\/bobea.net\/wp-content\/uploads\/2026\/01\/senior-retraites-plage-ocean-marche-soleil.webp\",\"width\":1177,\"height\":642},{\"@type\":\"BreadcrumbList\",\"@id\":\"https:\/\/bobea.net\/index.php\/2026\/01\/17\/grand-dossier-partir-au-soleil-pour-ne-plus-revenir-la-migration-doree-des-seniors-en-2026\/#breadcrumb\",\"itemListElement\":[{\"@type\":\"ListItem\",\"position\":1,\"name\":\"Accueil\",\"item\":\"https:\/\/bobea.net\/\"},{\"@type\":\"ListItem\",\"position\":2,\"name\":\"GRAND DOSSIER : Partir au soleil pour ne plus revenir \u2013 La migration dor\u00e9e des seniors en 2026\"}]},{\"@type\":\"WebSite\",\"@id\":\"https:\/\/bobea.net\/#website\",\"url\":\"https:\/\/bobea.net\/\",\"name\":\"Bobea\",\"description\":\"Le magazine de la nouvelle \u00c8ve\",\"publisher\":{\"@id\":\"https:\/\/bobea.net\/#organization\"},\"potentialAction\":[{\"@type\":\"SearchAction\",\"target\":{\"@type\":\"EntryPoint\",\"urlTemplate\":\"https:\/\/bobea.net\/?s={search_term_string}\"},\"query-input\":{\"@type\":\"PropertyValueSpecification\",\"valueRequired\":true,\"valueName\":\"search_term_string\"}}],\"inLanguage\":\"fr-FR\"},{\"@type\":\"Organization\",\"@id\":\"https:\/\/bobea.net\/#organization\",\"name\":\"Bobea\",\"url\":\"https:\/\/bobea.net\/\",\"logo\":{\"@type\":\"ImageObject\",\"inLanguage\":\"fr-FR\",\"@id\":\"https:\/\/bobea.net\/#\/schema\/logo\/image\/\",\"url\":\"https:\/\/bobea.net\/wp-content\/uploads\/2024\/06\/bobea.jpg\",\"contentUrl\":\"https:\/\/bobea.net\/wp-content\/uploads\/2024\/06\/bobea.jpg\",\"width\":1080,\"height\":1080,\"caption\":\"Bobea\"},\"image\":{\"@id\":\"https:\/\/bobea.net\/#\/schema\/logo\/image\/\"},\"sameAs\":[\"https:\/\/web.facebook.com\/profile.php?id=61559252188416\"]},{\"@type\":\"Person\",\"@id\":\"https:\/\/bobea.net\/#\/schema\/person\/e7f45ef187918d7c956bf619dce90ccf\",\"name\":\"bobea.info\",\"image\":{\"@type\":\"ImageObject\",\"inLanguage\":\"fr-FR\",\"@id\":\"https:\/\/bobea.net\/#\/schema\/person\/image\/\",\"url\":\"https:\/\/secure.gravatar.com\/avatar\/36147980349df887ae30808df3e29474?s=96&d=mm&r=g\",\"contentUrl\":\"https:\/\/secure.gravatar.com\/avatar\/36147980349df887ae30808df3e29474?s=96&d=mm&r=g\",\"caption\":\"bobea.info\"},\"sameAs\":[\"https:\/\/bobea.net\"],\"url\":\"https:\/\/bobea.net\/index.php\/author\/bobea-info\/\"}]}<\/script>\n<!-- \/ Yoast SEO plugin. -->","yoast_head_json":{"title":"GRAND DOSSIER : Partir au soleil pour ne plus revenir \u2013 La migration dor\u00e9e des seniors en 2026 - Bobea","description":"L'heure du grand d\u00e9part : Pourquoi les seniors quittent l'Europe En ce samedi 17 janvier 2026, le ph\u00e9nom\u00e8ne de la \"Silver Migration\"","robots":{"index":"index","follow":"follow","max-snippet":"max-snippet:-1","max-image-preview":"max-image-preview:large","max-video-preview":"max-video-preview:-1"},"canonical":"https:\/\/bobea.net\/index.php\/2026\/01\/17\/grand-dossier-partir-au-soleil-pour-ne-plus-revenir-la-migration-doree-des-seniors-en-2026\/","og_locale":"fr_FR","og_type":"article","og_title":"GRAND DOSSIER : Partir au soleil pour ne plus revenir \u2013 La migration dor\u00e9e des seniors en 2026 - Bobea","og_description":"L'heure du grand d\u00e9part : Pourquoi les seniors quittent l'Europe En ce samedi 17 janvier 2026, le ph\u00e9nom\u00e8ne de la \"Silver Migration\"","og_url":"https:\/\/bobea.net\/index.php\/2026\/01\/17\/grand-dossier-partir-au-soleil-pour-ne-plus-revenir-la-migration-doree-des-seniors-en-2026\/","og_site_name":"Bobea","article_publisher":"https:\/\/web.facebook.com\/profile.php?id=61559252188416","article_published_time":"2026-01-17T14:59:14+00:00","article_modified_time":"2026-01-17T14:59:17+00:00","og_image":[{"width":1177,"height":642,"url":"https:\/\/bobea.net\/wp-content\/uploads\/2026\/01\/senior-retraites-plage-ocean-marche-soleil.webp","type":"image\/webp"}],"author":"bobea.info","twitter_card":"summary_large_image","twitter_misc":{"\u00c9crit par":"bobea.info","Dur\u00e9e de lecture estim\u00e9e":"3 minutes"},"schema":{"@context":"https:\/\/schema.org","@graph":[{"@type":"Article","@id":"https:\/\/bobea.net\/index.php\/2026\/01\/17\/grand-dossier-partir-au-soleil-pour-ne-plus-revenir-la-migration-doree-des-seniors-en-2026\/#article","isPartOf":{"@id":"https:\/\/bobea.net\/index.php\/2026\/01\/17\/grand-dossier-partir-au-soleil-pour-ne-plus-revenir-la-migration-doree-des-seniors-en-2026\/"},"author":{"name":"bobea.info","@id":"https:\/\/bobea.net\/#\/schema\/person\/e7f45ef187918d7c956bf619dce90ccf"},"headline":"GRAND DOSSIER : Partir au soleil pour ne plus revenir \u2013 La migration dor\u00e9e des seniors en 2026","datePublished":"2026-01-17T14:59:14+00:00","dateModified":"2026-01-17T14:59:17+00:00","mainEntityOfPage":{"@id":"https:\/\/bobea.net\/index.php\/2026\/01\/17\/grand-dossier-partir-au-soleil-pour-ne-plus-revenir-la-migration-doree-des-seniors-en-2026\/"},"wordCount":441,"commentCount":0,"publisher":{"@id":"https:\/\/bobea.net\/#organization"},"image":{"@id":"https:\/\/bobea.net\/index.php\/2026\/01\/17\/grand-dossier-partir-au-soleil-pour-ne-plus-revenir-la-migration-doree-des-seniors-en-2026\/#primaryimage"},"thumbnailUrl":"https:\/\/bobea.net\/wp-content\/uploads\/2026\/01\/senior-retraites-plage-ocean-marche-soleil.webp","keywords":["budget expatriation","expatriation seniors","qualit\u00e9 de vie retraite","retraite au S\u00e9n\u00e9gal","Retraite au soleil 2026","s'installer au Maroc","vivre au Portugal"],"articleSection":["On en Parle"],"inLanguage":"fr-FR","potentialAction":[{"@type":"CommentAction","name":"Comment","target":["https:\/\/bobea.net\/index.php\/2026\/01\/17\/grand-dossier-partir-au-soleil-pour-ne-plus-revenir-la-migration-doree-des-seniors-en-2026\/#respond"]}]},{"@type":"WebPage","@id":"https:\/\/bobea.net\/index.php\/2026\/01\/17\/grand-dossier-partir-au-soleil-pour-ne-plus-revenir-la-migration-doree-des-seniors-en-2026\/","url":"https:\/\/bobea.net\/index.php\/2026\/01\/17\/grand-dossier-partir-au-soleil-pour-ne-plus-revenir-la-migration-doree-des-seniors-en-2026\/","name":"GRAND DOSSIER : Partir au soleil pour ne plus revenir \u2013 La migration dor\u00e9e des seniors en 2026 - Bobea","isPartOf":{"@id":"https:\/\/bobea.net\/#website"},"primaryImageOfPage":{"@id":"https:\/\/bobea.net\/index.php\/2026\/01\/17\/grand-dossier-partir-au-soleil-pour-ne-plus-revenir-la-migration-doree-des-seniors-en-2026\/#primaryimage"},"image":{"@id":"https:\/\/bobea.net\/index.php\/2026\/01\/17\/grand-dossier-partir-au-soleil-pour-ne-plus-revenir-la-migration-doree-des-seniors-en-2026\/#primaryimage"},"thumbnailUrl":"https:\/\/bobea.net\/wp-content\/uploads\/2026\/01\/senior-retraites-plage-ocean-marche-soleil.webp","datePublished":"2026-01-17T14:59:14+00:00","dateModified":"2026-01-17T14:59:17+00:00","description":"L'heure du grand d\u00e9part : Pourquoi les seniors quittent l'Europe En ce samedi 17 janvier 2026, le ph\u00e9nom\u00e8ne de la \"Silver Migration\"","breadcrumb":{"@id":"https:\/\/bobea.net\/index.php\/2026\/01\/17\/grand-dossier-partir-au-soleil-pour-ne-plus-revenir-la-migration-doree-des-seniors-en-2026\/#breadcrumb"},"inLanguage":"fr-FR","potentialAction":[{"@type":"ReadAction","target":["https:\/\/bobea.net\/index.php\/2026\/01\/17\/grand-dossier-partir-au-soleil-pour-ne-plus-revenir-la-migration-doree-des-seniors-en-2026\/"]}]},{"@type":"ImageObject","inLanguage":"fr-FR","@id":"https:\/\/bobea.net\/index.php\/2026\/01\/17\/grand-dossier-partir-au-soleil-pour-ne-plus-revenir-la-migration-doree-des-seniors-en-2026\/#primaryimage","url":"https:\/\/bobea.net\/wp-content\/uploads\/2026\/01\/senior-retraites-plage-ocean-marche-soleil.webp","contentUrl":"https:\/\/bobea.net\/wp-content\/uploads\/2026\/01\/senior-retraites-plage-ocean-marche-soleil.webp","width":1177,"height":642},{"@type":"BreadcrumbList","@id":"https:\/\/bobea.net\/index.php\/2026\/01\/17\/grand-dossier-partir-au-soleil-pour-ne-plus-revenir-la-migration-doree-des-seniors-en-2026\/#breadcrumb","itemListElement":[{"@type":"ListItem","position":1,"name":"Accueil","item":"https:\/\/bobea.net\/"},{"@type":"ListItem","position":2,"name":"GRAND DOSSIER : Partir au soleil pour ne plus revenir \u2013 La migration dor\u00e9e des seniors en 2026"}]},{"@type":"WebSite","@id":"https:\/\/bobea.net\/#website","url":"https:\/\/bobea.net\/","name":"Bobea","description":"Le magazine de la nouvelle \u00c8ve","publisher":{"@id":"https:\/\/bobea.net\/#organization"},"potentialAction":[{"@type":"SearchAction","target":{"@type":"EntryPoint","urlTemplate":"https:\/\/bobea.net\/?s={search_term_string}"},"query-input":{"@type":"PropertyValueSpecification","valueRequired":true,"valueName":"search_term_string"}}],"inLanguage":"fr-FR"},{"@type":"Organization","@id":"https:\/\/bobea.net\/#organization","name":"Bobea","url":"https:\/\/bobea.net\/","logo":{"@type":"ImageObject","inLanguage":"fr-FR","@id":"https:\/\/bobea.net\/#\/schema\/logo\/image\/","url":"https:\/\/bobea.net\/wp-content\/uploads\/2024\/06\/bobea.jpg","contentUrl":"https:\/\/bobea.net\/wp-content\/uploads\/2024\/06\/bobea.jpg","width":1080,"height":1080,"caption":"Bobea"},"image":{"@id":"https:\/\/bobea.net\/#\/schema\/logo\/image\/"},"sameAs":["https:\/\/web.facebook.com\/profile.php?id=61559252188416"]},{"@type":"Person","@id":"https:\/\/bobea.net\/#\/schema\/person\/e7f45ef187918d7c956bf619dce90ccf","name":"bobea.info","image":{"@type":"ImageObject","inLanguage":"fr-FR","@id":"https:\/\/bobea.net\/#\/schema\/person\/image\/","url":"https:\/\/secure.gravatar.com\/avatar\/36147980349df887ae30808df3e29474?s=96&d=mm&r=g","contentUrl":"https:\/\/secure.gravatar.com\/avatar\/36147980349df887ae30808df3e29474?s=96&d=mm&r=g","caption":"bobea.info"},"sameAs":["https:\/\/bobea.net"],"url":"https:\/\/bobea.net\/index.php\/author\/bobea-info\/"}]}},"_links":{"self":[{"href":"https:\/\/bobea.net\/index.php\/wp-json\/wp\/v2\/posts\/29115"}],"collection":[{"href":"https:\/\/bobea.net\/index.php\/wp-json\/wp\/v2\/posts"}],"about":[{"href":"https:\/\/bobea.net\/index.php\/wp-json\/wp\/v2\/types\/post"}],"author":[{"embeddable":true,"href":"https:\/\/bobea.net\/index.php\/wp-json\/wp\/v2\/users\/1"}],"replies":[{"embeddable":true,"href":"https:\/\/bobea.net\/index.php\/wp-json\/wp\/v2\/comments?post=29115"}],"version-history":[{"count":1,"href":"https:\/\/bobea.net\/index.php\/wp-json\/wp\/v2\/posts\/29115\/revisions"}],"predecessor-version":[{"id":29118,"href":"https:\/\/bobea.net\/index.php\/wp-json\/wp\/v2\/posts\/29115\/revisions\/29118"}],"wp:featuredmedia":[{"embeddable":true,"href":"https:\/\/bobea.net\/index.php\/wp-json\/wp\/v2\/media\/29116"}],"wp:attachment":[{"href":"https:\/\/bobea.net\/index.php\/wp-json\/wp\/v2\/media?parent=29115"}],"wp:term":[{"taxonomy":"category","embeddable":true,"href":"https:\/\/bobea.net\/index.php\/wp-json\/wp\/v2\/categories?post=29115"},{"taxonomy":"post_tag","embeddable":true,"href":"https:\/\/bobea.net\/index.php\/wp-json\/wp\/v2\/tags?post=29115"}],"curies":[{"name":"wp","href":"https:\/\/api.w.org\/{rel}","templated":true}]}}