{"id":2906,"date":"2024-07-02T10:02:07","date_gmt":"2024-07-02T10:02:07","guid":{"rendered":"https:\/\/bobea.net\/?p=2906"},"modified":"2024-07-02T10:02:08","modified_gmt":"2024-07-02T10:02:08","slug":"caroline-garcia-entre-tennis-et-vie-privee-le-defi-de-lequilibre","status":"publish","type":"post","link":"https:\/\/bobea.net\/index.php\/2024\/07\/02\/caroline-garcia-entre-tennis-et-vie-privee-le-defi-de-lequilibre\/","title":{"rendered":"Caroline Garcia : Entre tennis et vie priv\u00e9e, le d\u00e9fi de l\u2019\u00e9quilibre"},"content":{"rendered":"\n<p>Car\u00ado\u00adline Gar\u00adcia, l\u2019une des meilleures joueuses de ten\u00adnis fran\u00e7ais\u00ades, fascine autant par ses per\u00adfor\u00admances sur le court que par sa dis\u00adcr\u00e9\u00adtion hors des ter\u00adrains. Alors que sa car\u00adri\u00e8re sportive est sous les pro\u00adjecteurs, sa vie sen\u00adti\u00admen\u00adtale reste un mys\u00adt\u00e8re pour beau\u00adcoup.<\/p>\n\n\n\n<p>Une cham\u00adpi\u00adonne dis\u00adcr\u00e8te sur sa vie priv\u00e9e<\/p>\n\n\n\n<p>Car\u00ado\u00adline Gar\u00adcia a tou\u00adjours \u00e9t\u00e9 tr\u00e8s r\u00e9serv\u00e9e con\u00adcer\u00adnant sa vie per\u00adson\u00adnelle. Con\u00adtraire\u00adment \u00e0 cer\u00adtaines de ses col\u00adl\u00e8gues du cir\u00adcuit, elle pr\u00e9f\u00e8re garder le silence sur ses rela\u00adtions amoureuses. Cette dis\u00adcr\u00e9\u00adtion ali\u00admente naturelle\u00adment les sp\u00e9cu\u00adla\u00adtions et la curiosit\u00e9 des fans et des m\u00e9dias.<\/p>\n\n\n\n<p>Le ten\u00adnis, une his\u00adtoire de c\u0153ur<\/p>\n\n\n\n<p>Pour Car\u00ado\u00adline, le ten\u00adnis a tou\u00adjours \u00e9t\u00e9 sa pre\u00admi\u00e8re pas\u00adsion. Sa d\u00e9ter\u00admi\u00adna\u00adtion et son d\u00e9voue\u00adment au sport ont sou\u00advent \u00e9t\u00e9 cit\u00e9s comme des fac\u00adteurs poten\u00adtiels influ\u00aden\u00e7ant sa vie per\u00adson\u00adnelle. Comme beau\u00adcoup d\u2019ath\u00adl\u00e8tes de haut niveau, trou\u00adver l\u2019\u00e9quili\u00adbre entre une car\u00adri\u00e8re exigeante et une vie sen\u00adti\u00admen\u00adtale \u00e9panouie peut repr\u00e9sen\u00adter un d\u00e9fi.<\/p>\n\n\n\n<p>Les d\u00e9fis d\u2019une vie de sportive de haut niveau<\/p>\n\n\n\n<p>La vie d\u2019une joueuse de ten\u00adnis pro\u00adfes\u00adsion\u00adnelle implique :<\/p>\n\n\n\n<ol class=\"wp-block-list\" start=\"1\">\n<li>De nom\u00adbreux voy\u00adages \u00e0 tra\u00advers le monde<\/li>\n\n\n\n<li>Un emploi du temps charg\u00e9 et impr\u00e9vis\u00adi\u00adble<\/li>\n\n\n\n<li>Une pres\u00adsion con\u00adstante pour per\u00adformer<\/li>\n<\/ol>\n\n\n\n<p>Ces fac\u00adteurs peu\u00advent com\u00adpli\u00adquer le main\u00adtien d\u2019une rela\u00adtion sta\u00adble, ce qui pour\u00adrait expli\u00adquer en par\u00adtie la dis\u00adcr\u00e9\u00adtion de Car\u00ado\u00adline sur ce sujet.<\/p>\n\n\n\n<p>L\u2019im\u00adpor\u00adtance du sou\u00adtien famil\u00adial<\/p>\n\n\n\n<p>Si Car\u00ado\u00adline reste dis\u00adcr\u00e8te sur sa vie amoureuse, elle a sou\u00advent \u00e9vo\u00adqu\u00e9 l\u2019im\u00adpor\u00adtance du sou\u00adtien de sa famille dans sa car\u00adri\u00e8re. Son p\u00e8re, Louis-Paul Gar\u00adcia, a longtemps \u00e9t\u00e9 son entra\u00eeneur et reste une fig\u00adure impor\u00adtante dans sa vie.<\/p>\n\n\n\n<p>Une ath\u00adl\u00e8te appr\u00e9\u00adci\u00e9e du pub\u00adlic fran\u00e7ais<\/p>\n\n\n\n<p>Mal\u00adgr\u00e9 (ou peut-\u00eatre gr\u00e2ce \u00e0) sa dis\u00adcr\u00e9\u00adtion, Car\u00ado\u00adline Gar\u00adcia est tr\u00e8s appr\u00e9\u00adci\u00e9e du pub\u00adlic fran\u00e7ais. Son tal\u00adent, sa com\u00adbat\u00adiv\u00adit\u00e9 sur le court et son humil\u00adit\u00e9 en dehors en font une fig\u00adure respec\u00adt\u00e9e du sport fran\u00e7ais.<\/p>\n\n\n\n<p>Con\u00adclu\u00adsion : Respect de la vie priv\u00e9e<\/p>\n\n\n\n<p>Alors que les fans aimeraient en savoir plus sur la vie per\u00adson\u00adnelle de Car\u00ado\u00adline Gar\u00adcia, il est impor\u00adtant de respecter son choix de garder cette par\u00adtie de sa vie priv\u00e9e. Son focus sur le ten\u00adnis et ses per\u00adfor\u00admances remar\u00adquables sont ce qui compte le plus pour cette ath\u00adl\u00e8te d\u00e9termin\u00e9e.Caroline Gar\u00adcia con\u00adtin\u00adue d\u2019in\u00adspir\u00ader par son jeu et son pro\u00adfes\u00adsion\u00adnal\u00adisme, rap\u00adpelant que le suc\u00adc\u00e8s dans le sport de haut niveau n\u00e9ces\u00adsite sou\u00advent des sac\u00adri\u00adfices per\u00adson\u00adnels. Qu\u2019elle soit ou non en cou\u00adple, l\u2019essen\u00adtiel est qu\u2019elle trou\u00adve l\u2019\u00e9quili\u00adbre qui lui con\u00advient pour con\u00adtin\u00aduer \u00e0 briller sur les courts du monde entier.<\/p>\n","protected":false},"excerpt":{"rendered":"<p>Car\u00ado\u00adline Gar\u00adcia, l\u2019une des meilleures joueuses de ten\u00adnis fran\u00e7ais\u00ades, fascine autant par ses per\u00adfor\u00admances sur le court que par sa dis\u00adcr\u00e9\u00adtion hors des ter\u00adrains. Alors que sa car\u00adri\u00e8re sportive est\u2026 <\/p>\n","protected":false},"author":1,"featured_media":2907,"comment_status":"open","ping_status":"open","sticky":false,"template":"","format":"standard","meta":{"wp_typography_post_enhancements_disabled":false,"footnotes":""},"categories":[61],"tags":[1548,1543,733,1549,1252,1550,1552,1546,1544,125,1504,1545,1551,1542,1250,1547],"class_list":["post-2906","post","type-post","status-publish","format-standard","has-post-thumbnail","hentry","category-day","tag-athlete-francaise","tag-caroline-garcia","tag-carriere-sportive","tag-combativite","tag-discretion","tag-equilibre-vie-professionnelle-et-personnelle","tag-humilite","tag-louis-paul-garcia","tag-pression-du-sport","tag-relations-amoureuses","tag-sacrifices-personnels","tag-soutien-familial","tag-succes-sportif","tag-tennis-francaise","tag-vie-privee","tag-voyages-professionnels"],"yoast_head":"<!-- This site is optimized with the Yoast SEO plugin v24.7 - https:\/\/yoast.com\/wordpress\/plugins\/seo\/ -->\n<title>Caroline Garcia : Entre tennis et vie priv\u00e9e, le d\u00e9fi de l&#039;\u00e9quilibre - Bobea<\/title>\n<meta name=\"description\" content=\"Caroline Garcia, l&#039;une des meilleures joueuses de tennis fran\u00e7aises, fascine autant par ses performances sur le court que par sa discr\u00e9tion\" \/>\n<meta name=\"robots\" content=\"index, follow, max-snippet:-1, max-image-preview:large, max-video-preview:-1\" \/>\n<link rel=\"canonical\" href=\"https:\/\/bobea.net\/index.php\/2024\/07\/02\/caroline-garcia-entre-tennis-et-vie-privee-le-defi-de-lequilibre\/\" \/>\n<meta property=\"og:locale\" content=\"fr_FR\" \/>\n<meta property=\"og:type\" content=\"article\" \/>\n<meta property=\"og:title\" content=\"Caroline Garcia : Entre tennis et vie priv\u00e9e, le d\u00e9fi de l&#039;\u00e9quilibre - Bobea\" \/>\n<meta property=\"og:description\" content=\"Caroline Garcia, l&#039;une des meilleures joueuses de tennis fran\u00e7aises, fascine autant par ses performances sur le court que par sa discr\u00e9tion\" \/>\n<meta property=\"og:url\" content=\"https:\/\/bobea.net\/index.php\/2024\/07\/02\/caroline-garcia-entre-tennis-et-vie-privee-le-defi-de-lequilibre\/\" \/>\n<meta property=\"og:site_name\" content=\"Bobea\" \/>\n<meta property=\"article:publisher\" content=\"https:\/\/web.facebook.com\/profile.php?id=61559252188416\" \/>\n<meta property=\"article:published_time\" content=\"2024-07-02T10:02:07+00:00\" \/>\n<meta property=\"article:modified_time\" content=\"2024-07-02T10:02:08+00:00\" \/>\n<meta property=\"og:image\" content=\"https:\/\/bobea.net\/wp-content\/uploads\/2024\/07\/R-13.jpeg\" \/>\n\t<meta property=\"og:image:width\" content=\"1600\" \/>\n\t<meta property=\"og:image:height\" content=\"1068\" \/>\n\t<meta property=\"og:image:type\" content=\"image\/jpeg\" \/>\n<meta name=\"author\" content=\"bobea.info\" \/>\n<meta name=\"twitter:card\" content=\"summary_large_image\" \/>\n<meta name=\"twitter:label1\" content=\"\u00c9crit par\" \/>\n\t<meta name=\"twitter:data1\" content=\"bobea.info\" \/>\n\t<meta name=\"twitter:label2\" content=\"Dur\u00e9e de lecture estim\u00e9e\" \/>\n\t<meta name=\"twitter:data2\" content=\"3 minutes\" \/>\n<script type=\"application\/ld+json\" class=\"yoast-schema-graph\">{\"@context\":\"https:\/\/schema.org\",\"@graph\":[{\"@type\":\"Article\",\"@id\":\"https:\/\/bobea.net\/index.php\/2024\/07\/02\/caroline-garcia-entre-tennis-et-vie-privee-le-defi-de-lequilibre\/#article\",\"isPartOf\":{\"@id\":\"https:\/\/bobea.net\/index.php\/2024\/07\/02\/caroline-garcia-entre-tennis-et-vie-privee-le-defi-de-lequilibre\/\"},\"author\":{\"name\":\"bobea.info\",\"@id\":\"https:\/\/bobea.net\/#\/schema\/person\/e7f45ef187918d7c956bf619dce90ccf\"},\"headline\":\"Caroline Garcia : Entre tennis et vie priv\u00e9e, le d\u00e9fi de l\u2019\u00e9quilibre\",\"datePublished\":\"2024-07-02T10:02:07+00:00\",\"dateModified\":\"2024-07-02T10:02:08+00:00\",\"mainEntityOfPage\":{\"@id\":\"https:\/\/bobea.net\/index.php\/2024\/07\/02\/caroline-garcia-entre-tennis-et-vie-privee-le-defi-de-lequilibre\/\"},\"wordCount\":466,\"commentCount\":0,\"publisher\":{\"@id\":\"https:\/\/bobea.net\/#organization\"},\"image\":{\"@id\":\"https:\/\/bobea.net\/index.php\/2024\/07\/02\/caroline-garcia-entre-tennis-et-vie-privee-le-defi-de-lequilibre\/#primaryimage\"},\"thumbnailUrl\":\"https:\/\/bobea.net\/wp-content\/uploads\/2024\/07\/R-13.jpeg\",\"keywords\":[\"athl\u00e8te fran\u00e7aise\",\"Caroline Garcia\",\"carri\u00e8re sportive\",\"combativit\u00e9\",\"discr\u00e9tion\",\"\u00e9quilibre vie professionnelle et personnelle\",\"humilit\u00e9\",\"Louis-Paul Garcia\",\"pression du sport\",\"relations amoureuses\",\"sacrifices personnels\",\"soutien familial\",\"succ\u00e8s sportif\",\"tennis fran\u00e7aise\",\"vie priv\u00e9e\",\"voyages professionnels\"],\"articleSection\":[\"Day\"],\"inLanguage\":\"fr-FR\",\"potentialAction\":[{\"@type\":\"CommentAction\",\"name\":\"Comment\",\"target\":[\"https:\/\/bobea.net\/index.php\/2024\/07\/02\/caroline-garcia-entre-tennis-et-vie-privee-le-defi-de-lequilibre\/#respond\"]}]},{\"@type\":\"WebPage\",\"@id\":\"https:\/\/bobea.net\/index.php\/2024\/07\/02\/caroline-garcia-entre-tennis-et-vie-privee-le-defi-de-lequilibre\/\",\"url\":\"https:\/\/bobea.net\/index.php\/2024\/07\/02\/caroline-garcia-entre-tennis-et-vie-privee-le-defi-de-lequilibre\/\",\"name\":\"Caroline Garcia : Entre tennis et vie priv\u00e9e, le d\u00e9fi de l'\u00e9quilibre - Bobea\",\"isPartOf\":{\"@id\":\"https:\/\/bobea.net\/#website\"},\"primaryImageOfPage\":{\"@id\":\"https:\/\/bobea.net\/index.php\/2024\/07\/02\/caroline-garcia-entre-tennis-et-vie-privee-le-defi-de-lequilibre\/#primaryimage\"},\"image\":{\"@id\":\"https:\/\/bobea.net\/index.php\/2024\/07\/02\/caroline-garcia-entre-tennis-et-vie-privee-le-defi-de-lequilibre\/#primaryimage\"},\"thumbnailUrl\":\"https:\/\/bobea.net\/wp-content\/uploads\/2024\/07\/R-13.jpeg\",\"datePublished\":\"2024-07-02T10:02:07+00:00\",\"dateModified\":\"2024-07-02T10:02:08+00:00\",\"description\":\"Caroline Garcia, l'une des meilleures joueuses de tennis fran\u00e7aises, fascine autant par ses performances sur le court que par sa discr\u00e9tion\",\"breadcrumb\":{\"@id\":\"https:\/\/bobea.net\/index.php\/2024\/07\/02\/caroline-garcia-entre-tennis-et-vie-privee-le-defi-de-lequilibre\/#breadcrumb\"},\"inLanguage\":\"fr-FR\",\"potentialAction\":[{\"@type\":\"ReadAction\",\"target\":[\"https:\/\/bobea.net\/index.php\/2024\/07\/02\/caroline-garcia-entre-tennis-et-vie-privee-le-defi-de-lequilibre\/\"]}]},{\"@type\":\"ImageObject\",\"inLanguage\":\"fr-FR\",\"@id\":\"https:\/\/bobea.net\/index.php\/2024\/07\/02\/caroline-garcia-entre-tennis-et-vie-privee-le-defi-de-lequilibre\/#primaryimage\",\"url\":\"https:\/\/bobea.net\/wp-content\/uploads\/2024\/07\/R-13.jpeg\",\"contentUrl\":\"https:\/\/bobea.net\/wp-content\/uploads\/2024\/07\/R-13.jpeg\",\"width\":1600,\"height\":1068,\"caption\":\"Caroline Garcia : Entre tennis et vie priv\u00e9e, le d\u00e9fi de l'\u00e9quilibre\"},{\"@type\":\"BreadcrumbList\",\"@id\":\"https:\/\/bobea.net\/index.php\/2024\/07\/02\/caroline-garcia-entre-tennis-et-vie-privee-le-defi-de-lequilibre\/#breadcrumb\",\"itemListElement\":[{\"@type\":\"ListItem\",\"position\":1,\"name\":\"Accueil\",\"item\":\"https:\/\/bobea.net\/\"},{\"@type\":\"ListItem\",\"position\":2,\"name\":\"Caroline Garcia : Entre tennis et vie priv\u00e9e, le d\u00e9fi de l&rsquo;\u00e9quilibre\"}]},{\"@type\":\"WebSite\",\"@id\":\"https:\/\/bobea.net\/#website\",\"url\":\"https:\/\/bobea.net\/\",\"name\":\"Bobea\",\"description\":\"Le magazine de la nouvelle \u00c8ve\",\"publisher\":{\"@id\":\"https:\/\/bobea.net\/#organization\"},\"potentialAction\":[{\"@type\":\"SearchAction\",\"target\":{\"@type\":\"EntryPoint\",\"urlTemplate\":\"https:\/\/bobea.net\/?s={search_term_string}\"},\"query-input\":{\"@type\":\"PropertyValueSpecification\",\"valueRequired\":true,\"valueName\":\"search_term_string\"}}],\"inLanguage\":\"fr-FR\"},{\"@type\":\"Organization\",\"@id\":\"https:\/\/bobea.net\/#organization\",\"name\":\"Bobea\",\"url\":\"https:\/\/bobea.net\/\",\"logo\":{\"@type\":\"ImageObject\",\"inLanguage\":\"fr-FR\",\"@id\":\"https:\/\/bobea.net\/#\/schema\/logo\/image\/\",\"url\":\"https:\/\/bobea.net\/wp-content\/uploads\/2024\/06\/bobea.jpg\",\"contentUrl\":\"https:\/\/bobea.net\/wp-content\/uploads\/2024\/06\/bobea.jpg\",\"width\":1080,\"height\":1080,\"caption\":\"Bobea\"},\"image\":{\"@id\":\"https:\/\/bobea.net\/#\/schema\/logo\/image\/\"},\"sameAs\":[\"https:\/\/web.facebook.com\/profile.php?id=61559252188416\"]},{\"@type\":\"Person\",\"@id\":\"https:\/\/bobea.net\/#\/schema\/person\/e7f45ef187918d7c956bf619dce90ccf\",\"name\":\"bobea.info\",\"image\":{\"@type\":\"ImageObject\",\"inLanguage\":\"fr-FR\",\"@id\":\"https:\/\/bobea.net\/#\/schema\/person\/image\/\",\"url\":\"https:\/\/secure.gravatar.com\/avatar\/36147980349df887ae30808df3e29474?s=96&d=mm&r=g\",\"contentUrl\":\"https:\/\/secure.gravatar.com\/avatar\/36147980349df887ae30808df3e29474?s=96&d=mm&r=g\",\"caption\":\"bobea.info\"},\"sameAs\":[\"https:\/\/bobea.net\"],\"url\":\"https:\/\/bobea.net\/index.php\/author\/bobea-info\/\"}]}<\/script>\n<!-- \/ Yoast SEO plugin. -->","yoast_head_json":{"title":"Caroline Garcia : Entre tennis et vie priv\u00e9e, le d\u00e9fi de l'\u00e9quilibre - Bobea","description":"Caroline Garcia, l'une des meilleures joueuses de tennis fran\u00e7aises, fascine autant par ses performances sur le court que par sa discr\u00e9tion","robots":{"index":"index","follow":"follow","max-snippet":"max-snippet:-1","max-image-preview":"max-image-preview:large","max-video-preview":"max-video-preview:-1"},"canonical":"https:\/\/bobea.net\/index.php\/2024\/07\/02\/caroline-garcia-entre-tennis-et-vie-privee-le-defi-de-lequilibre\/","og_locale":"fr_FR","og_type":"article","og_title":"Caroline Garcia : Entre tennis et vie priv\u00e9e, le d\u00e9fi de l'\u00e9quilibre - Bobea","og_description":"Caroline Garcia, l'une des meilleures joueuses de tennis fran\u00e7aises, fascine autant par ses performances sur le court que par sa discr\u00e9tion","og_url":"https:\/\/bobea.net\/index.php\/2024\/07\/02\/caroline-garcia-entre-tennis-et-vie-privee-le-defi-de-lequilibre\/","og_site_name":"Bobea","article_publisher":"https:\/\/web.facebook.com\/profile.php?id=61559252188416","article_published_time":"2024-07-02T10:02:07+00:00","article_modified_time":"2024-07-02T10:02:08+00:00","og_image":[{"width":1600,"height":1068,"url":"https:\/\/bobea.net\/wp-content\/uploads\/2024\/07\/R-13.jpeg","type":"image\/jpeg"}],"author":"bobea.info","twitter_card":"summary_large_image","twitter_misc":{"\u00c9crit par":"bobea.info","Dur\u00e9e de lecture estim\u00e9e":"3 minutes"},"schema":{"@context":"https:\/\/schema.org","@graph":[{"@type":"Article","@id":"https:\/\/bobea.net\/index.php\/2024\/07\/02\/caroline-garcia-entre-tennis-et-vie-privee-le-defi-de-lequilibre\/#article","isPartOf":{"@id":"https:\/\/bobea.net\/index.php\/2024\/07\/02\/caroline-garcia-entre-tennis-et-vie-privee-le-defi-de-lequilibre\/"},"author":{"name":"bobea.info","@id":"https:\/\/bobea.net\/#\/schema\/person\/e7f45ef187918d7c956bf619dce90ccf"},"headline":"Caroline Garcia : Entre tennis et vie priv\u00e9e, le d\u00e9fi de l\u2019\u00e9quilibre","datePublished":"2024-07-02T10:02:07+00:00","dateModified":"2024-07-02T10:02:08+00:00","mainEntityOfPage":{"@id":"https:\/\/bobea.net\/index.php\/2024\/07\/02\/caroline-garcia-entre-tennis-et-vie-privee-le-defi-de-lequilibre\/"},"wordCount":466,"commentCount":0,"publisher":{"@id":"https:\/\/bobea.net\/#organization"},"image":{"@id":"https:\/\/bobea.net\/index.php\/2024\/07\/02\/caroline-garcia-entre-tennis-et-vie-privee-le-defi-de-lequilibre\/#primaryimage"},"thumbnailUrl":"https:\/\/bobea.net\/wp-content\/uploads\/2024\/07\/R-13.jpeg","keywords":["athl\u00e8te fran\u00e7aise","Caroline Garcia","carri\u00e8re sportive","combativit\u00e9","discr\u00e9tion","\u00e9quilibre vie professionnelle et personnelle","humilit\u00e9","Louis-Paul Garcia","pression du sport","relations amoureuses","sacrifices personnels","soutien familial","succ\u00e8s sportif","tennis fran\u00e7aise","vie priv\u00e9e","voyages professionnels"],"articleSection":["Day"],"inLanguage":"fr-FR","potentialAction":[{"@type":"CommentAction","name":"Comment","target":["https:\/\/bobea.net\/index.php\/2024\/07\/02\/caroline-garcia-entre-tennis-et-vie-privee-le-defi-de-lequilibre\/#respond"]}]},{"@type":"WebPage","@id":"https:\/\/bobea.net\/index.php\/2024\/07\/02\/caroline-garcia-entre-tennis-et-vie-privee-le-defi-de-lequilibre\/","url":"https:\/\/bobea.net\/index.php\/2024\/07\/02\/caroline-garcia-entre-tennis-et-vie-privee-le-defi-de-lequilibre\/","name":"Caroline Garcia : Entre tennis et vie priv\u00e9e, le d\u00e9fi de l'\u00e9quilibre - Bobea","isPartOf":{"@id":"https:\/\/bobea.net\/#website"},"primaryImageOfPage":{"@id":"https:\/\/bobea.net\/index.php\/2024\/07\/02\/caroline-garcia-entre-tennis-et-vie-privee-le-defi-de-lequilibre\/#primaryimage"},"image":{"@id":"https:\/\/bobea.net\/index.php\/2024\/07\/02\/caroline-garcia-entre-tennis-et-vie-privee-le-defi-de-lequilibre\/#primaryimage"},"thumbnailUrl":"https:\/\/bobea.net\/wp-content\/uploads\/2024\/07\/R-13.jpeg","datePublished":"2024-07-02T10:02:07+00:00","dateModified":"2024-07-02T10:02:08+00:00","description":"Caroline Garcia, l'une des meilleures joueuses de tennis fran\u00e7aises, fascine autant par ses performances sur le court que par sa discr\u00e9tion","breadcrumb":{"@id":"https:\/\/bobea.net\/index.php\/2024\/07\/02\/caroline-garcia-entre-tennis-et-vie-privee-le-defi-de-lequilibre\/#breadcrumb"},"inLanguage":"fr-FR","potentialAction":[{"@type":"ReadAction","target":["https:\/\/bobea.net\/index.php\/2024\/07\/02\/caroline-garcia-entre-tennis-et-vie-privee-le-defi-de-lequilibre\/"]}]},{"@type":"ImageObject","inLanguage":"fr-FR","@id":"https:\/\/bobea.net\/index.php\/2024\/07\/02\/caroline-garcia-entre-tennis-et-vie-privee-le-defi-de-lequilibre\/#primaryimage","url":"https:\/\/bobea.net\/wp-content\/uploads\/2024\/07\/R-13.jpeg","contentUrl":"https:\/\/bobea.net\/wp-content\/uploads\/2024\/07\/R-13.jpeg","width":1600,"height":1068,"caption":"Caroline Garcia : Entre tennis et vie priv\u00e9e, le d\u00e9fi de l'\u00e9quilibre"},{"@type":"BreadcrumbList","@id":"https:\/\/bobea.net\/index.php\/2024\/07\/02\/caroline-garcia-entre-tennis-et-vie-privee-le-defi-de-lequilibre\/#breadcrumb","itemListElement":[{"@type":"ListItem","position":1,"name":"Accueil","item":"https:\/\/bobea.net\/"},{"@type":"ListItem","position":2,"name":"Caroline Garcia : Entre tennis et vie priv\u00e9e, le d\u00e9fi de l&rsquo;\u00e9quilibre"}]},{"@type":"WebSite","@id":"https:\/\/bobea.net\/#website","url":"https:\/\/bobea.net\/","name":"Bobea","description":"Le magazine de la nouvelle \u00c8ve","publisher":{"@id":"https:\/\/bobea.net\/#organization"},"potentialAction":[{"@type":"SearchAction","target":{"@type":"EntryPoint","urlTemplate":"https:\/\/bobea.net\/?s={search_term_string}"},"query-input":{"@type":"PropertyValueSpecification","valueRequired":true,"valueName":"search_term_string"}}],"inLanguage":"fr-FR"},{"@type":"Organization","@id":"https:\/\/bobea.net\/#organization","name":"Bobea","url":"https:\/\/bobea.net\/","logo":{"@type":"ImageObject","inLanguage":"fr-FR","@id":"https:\/\/bobea.net\/#\/schema\/logo\/image\/","url":"https:\/\/bobea.net\/wp-content\/uploads\/2024\/06\/bobea.jpg","contentUrl":"https:\/\/bobea.net\/wp-content\/uploads\/2024\/06\/bobea.jpg","width":1080,"height":1080,"caption":"Bobea"},"image":{"@id":"https:\/\/bobea.net\/#\/schema\/logo\/image\/"},"sameAs":["https:\/\/web.facebook.com\/profile.php?id=61559252188416"]},{"@type":"Person","@id":"https:\/\/bobea.net\/#\/schema\/person\/e7f45ef187918d7c956bf619dce90ccf","name":"bobea.info","image":{"@type":"ImageObject","inLanguage":"fr-FR","@id":"https:\/\/bobea.net\/#\/schema\/person\/image\/","url":"https:\/\/secure.gravatar.com\/avatar\/36147980349df887ae30808df3e29474?s=96&d=mm&r=g","contentUrl":"https:\/\/secure.gravatar.com\/avatar\/36147980349df887ae30808df3e29474?s=96&d=mm&r=g","caption":"bobea.info"},"sameAs":["https:\/\/bobea.net"],"url":"https:\/\/bobea.net\/index.php\/author\/bobea-info\/"}]}},"_links":{"self":[{"href":"https:\/\/bobea.net\/index.php\/wp-json\/wp\/v2\/posts\/2906"}],"collection":[{"href":"https:\/\/bobea.net\/index.php\/wp-json\/wp\/v2\/posts"}],"about":[{"href":"https:\/\/bobea.net\/index.php\/wp-json\/wp\/v2\/types\/post"}],"author":[{"embeddable":true,"href":"https:\/\/bobea.net\/index.php\/wp-json\/wp\/v2\/users\/1"}],"replies":[{"embeddable":true,"href":"https:\/\/bobea.net\/index.php\/wp-json\/wp\/v2\/comments?post=2906"}],"version-history":[{"count":0,"href":"https:\/\/bobea.net\/index.php\/wp-json\/wp\/v2\/posts\/2906\/revisions"}],"wp:featuredmedia":[{"embeddable":true,"href":"https:\/\/bobea.net\/index.php\/wp-json\/wp\/v2\/media\/2907"}],"wp:attachment":[{"href":"https:\/\/bobea.net\/index.php\/wp-json\/wp\/v2\/media?parent=2906"}],"wp:term":[{"taxonomy":"category","embeddable":true,"href":"https:\/\/bobea.net\/index.php\/wp-json\/wp\/v2\/categories?post=2906"},{"taxonomy":"post_tag","embeddable":true,"href":"https:\/\/bobea.net\/index.php\/wp-json\/wp\/v2\/tags?post=2906"}],"curies":[{"name":"wp","href":"https:\/\/api.w.org\/{rel}","templated":true}]}}