{"id":28973,"date":"2026-01-16T09:04:32","date_gmt":"2026-01-16T09:04:32","guid":{"rendered":"https:\/\/bobea.net\/?p=28973"},"modified":"2026-01-16T09:04:34","modified_gmt":"2026-01-16T09:04:34","slug":"paul-watson-le-dernier-combat-du-vieux-lion-des-oceans","status":"publish","type":"post","link":"https:\/\/bobea.net\/index.php\/2026\/01\/16\/paul-watson-le-dernier-combat-du-vieux-lion-des-oceans\/","title":{"rendered":"Paul Watson : Le dernier combat du vieux lion des oc\u00e9ans"},"content":{"rendered":"\n<p>\u00c0 75 ans, le cap\u00adi\u00adtaine Paul Wat\u00adson n\u2019a rien per\u00addu de sa fougue ni de sa d\u00e9ter\u00admi\u00adna\u00adtion. En ce d\u00e9but d\u2019ann\u00e9e 2026, celui que ses d\u00e9tracteurs appel\u00adlent le \u00ab pirate \u00bb et ses admi\u00adra\u00adteurs le \u00ab pro\u00adtecteur \u00bb est \u00e0 la une pour son engage\u00adment ind\u00e9\u00adfectible envers la bio\u00addi\u00adver\u00adsit\u00e9 marine. Alors que les ten\u00adsions sur les quo\u00adtas de p\u00eache et la pro\u00adtec\u00adtion des sanc\u00adtu\u00adaires baleiniers font rage en Antarc\u00adtique, Wat\u00adson con\u00adtin\u00adue d\u2019in\u00adcar\u00adn\u00ader une \u00e9colo\u00adgie rad\u00adi\u00adcale et n\u00e9ces\u00adsaire.<\/p>\n\n\n\n<p><strong>Une vie au ser\u00advice de la \u201cNation Bleue\u201d<\/strong><\/p>\n\n\n\n<p>Le com\u00adbat de Paul Wat\u00adson ne date pas d\u2019hier, mais en 2026, il prend une dimen\u00adsion nou\u00advelle. Face \u00e0 l\u2019urgence cli\u00adma\u00adtique et \u00e0 l\u2019effondrement des pop\u00adu\u00adla\u00adtions marines, ses m\u00e9th\u00adodes d\u2019action directe sont r\u00e9\u00e9\u00adval\u00adu\u00e9es par une nou\u00advelle g\u00e9n\u00e9ra\u00adtion de mil\u00adi\u00adtants. \u201cOn ne peut pas n\u00e9goci\u00ader avec l\u2019ex\u00adtinc\u00adtion\u201d, mart\u00e8le-t-il depuis son navire ami\u00adral. Pour les lec\u00adtri\u00adces de <em>Bobea<\/em>, Wat\u00adson repr\u00e9sente cette fig\u00adure de l\u2019homme engag\u00e9 qui a sac\u00adri\u00adfi\u00e9 son con\u00adfort et sa s\u00e9cu\u00adrit\u00e9 pour une cause plus grande que lui. Son com\u00adbat n\u2019est pas seule\u00adment poli\u00adtique, il est moral : com\u00adment pou\u00advons-nous regarder nos enfants dans les yeux si nous lais\u00adsons mourir les oc\u00e9ans ?<\/p>\n\n\n\n<figure class=\"wp-block-image size-large\"><img loading=\"lazy\" decoding=\"async\" width=\"1024\" height=\"682\" src=\"https:\/\/bobea.net\/wp-content\/uploads\/2026\/01\/6LFCgOvfKxE9lsweMuMn7U-1024x682.webp\" alt class=\"wp-image-28975\" srcset=\"https:\/\/bobea.net\/wp-content\/uploads\/2026\/01\/6LFCgOvfKxE9lsweMuMn7U-1024x682.webp 1024w, https:\/\/bobea.net\/wp-content\/uploads\/2026\/01\/6LFCgOvfKxE9lsweMuMn7U-300x200.webp 300w, https:\/\/bobea.net\/wp-content\/uploads\/2026\/01\/6LFCgOvfKxE9lsweMuMn7U-768x511.webp 768w, https:\/\/bobea.net\/wp-content\/uploads\/2026\/01\/6LFCgOvfKxE9lsweMuMn7U.webp 1200w\" sizes=\"(max-width: 1024px) 100vw, 1024px\"><\/figure>\n\n\n\n<p><strong>L\u2019h\u00e9ritage d\u2019un insoumis<\/strong><\/p>\n\n\n\n<p>Mal\u00adgr\u00e9 les pres\u00adsions diplo\u00adma\u00adtiques et les men\u00adaces judi\u00adci\u00adaires qui p\u00e8sent sur lui depuis des d\u00e9cen\u00adnies, Wat\u00adson a r\u00e9us\u00adsi \u00e0 cr\u00e9er un mou\u00adve\u00adment mon\u00addi\u00adal. En 2026, Sea Shep\u00adherd et ses branch\u00ades d\u00e9riv\u00e9es dis\u00adposent d\u2019une flotte plus tech\u00adnologique que jamais, util\u00adisant des drones sous-marins pour sur\u00adveiller les bra\u00adcon\u00adniers. Mais au-del\u00e0 de la tech\u00adnolo\u00adgie, c\u2019est le courage physique de cet homme qui fascine. Sa r\u00e9silience face \u00e0 l\u2019ad\u00adver\u00adsit\u00e9 est une source d\u2019in\u00adspi\u00adra\u00adtion pour toutes les femmes qui m\u00e8nent des com\u00adbats pour la jus\u00adtice et la nature. Ce 16 jan\u00advi\u00ader, nous salu\u00adons l\u2019homme qui refuse de baiss\u00ader les bras, rap\u00adpelant que la pas\u00adsion est le moteur le plus puis\u00adsant de l\u2019his\u00adtoire.<\/p>\n","protected":false},"excerpt":{"rendered":"<p>\u00c0 75 ans, le cap\u00adi\u00adtaine Paul Wat\u00adson n\u2019a rien per\u00addu de sa fougue ni de sa d\u00e9ter\u00admi\u00adna\u00adtion. En ce d\u00e9but d\u2019ann\u00e9e 2026, celui que ses d\u00e9tracteurs appel\u00adlent le \u00ab pirate\u2026 <\/p>\n","protected":false},"author":1,"featured_media":28974,"comment_status":"open","ping_status":"closed","sticky":false,"template":"","format":"standard","meta":{"wp_typography_post_enhancements_disabled":false,"footnotes":""},"categories":[53],"tags":[10306,21413,21411,21409,21412,21410],"class_list":["post-28973","post","type-post","status-publish","format-standard","has-post-thumbnail","hentry","category-viva","tag-activisme-environnemental","tag-capitaine-watson","tag-ecologie-marine","tag-paul-watson-2026","tag-protection-des-baleines","tag-sea-shepherd"],"yoast_head":"<!-- This site is optimized with the Yoast SEO plugin v24.7 - https:\/\/yoast.com\/wordpress\/plugins\/seo\/ -->\n<title>Paul Watson : Le dernier combat du vieux lion des oc\u00e9ans - Bobea<\/title>\n<meta name=\"robots\" content=\"index, follow, max-snippet:-1, max-image-preview:large, max-video-preview:-1\" \/>\n<link rel=\"canonical\" href=\"https:\/\/bobea.net\/index.php\/2026\/01\/16\/paul-watson-le-dernier-combat-du-vieux-lion-des-oceans\/\" \/>\n<meta property=\"og:locale\" content=\"fr_FR\" \/>\n<meta property=\"og:type\" content=\"article\" \/>\n<meta property=\"og:title\" content=\"Paul Watson : Le dernier combat du vieux lion des oc\u00e9ans - Bobea\" \/>\n<meta property=\"og:description\" content=\"\u00c0 75 ans, le cap\u00adi\u00adtaine Paul Wat\u00adson n\u2019a rien per\u00addu de sa fougue ni de sa d\u00e9ter\u00admi\u00adna\u00adtion. En ce d\u00e9but d\u2019ann\u00e9e 2026, celui que ses d\u00e9tracteurs appel\u00adlent le \u00ab pirate&hellip;\" \/>\n<meta property=\"og:url\" content=\"https:\/\/bobea.net\/index.php\/2026\/01\/16\/paul-watson-le-dernier-combat-du-vieux-lion-des-oceans\/\" \/>\n<meta property=\"og:site_name\" content=\"Bobea\" \/>\n<meta property=\"article:publisher\" content=\"https:\/\/web.facebook.com\/profile.php?id=61559252188416\" \/>\n<meta property=\"article:published_time\" content=\"2026-01-16T09:04:32+00:00\" \/>\n<meta property=\"article:modified_time\" content=\"2026-01-16T09:04:34+00:00\" \/>\n<meta property=\"og:image\" content=\"https:\/\/bobea.net\/wp-content\/uploads\/2026\/01\/1695079-paul-watson-defenseur-des-baleines-est-emprisonne-au-groenland-depuis-juillet-2024.jpg\" \/>\n\t<meta property=\"og:image:width\" content=\"1200\" \/>\n\t<meta property=\"og:image:height\" content=\"800\" \/>\n\t<meta property=\"og:image:type\" content=\"image\/jpeg\" \/>\n<meta name=\"author\" content=\"bobea.info\" \/>\n<meta name=\"twitter:card\" content=\"summary_large_image\" \/>\n<meta name=\"twitter:label1\" content=\"\u00c9crit par\" \/>\n\t<meta name=\"twitter:data1\" content=\"bobea.info\" \/>\n\t<meta name=\"twitter:label2\" content=\"Dur\u00e9e de lecture estim\u00e9e\" \/>\n\t<meta name=\"twitter:data2\" content=\"2 minutes\" \/>\n<script type=\"application\/ld+json\" class=\"yoast-schema-graph\">{\"@context\":\"https:\/\/schema.org\",\"@graph\":[{\"@type\":\"Article\",\"@id\":\"https:\/\/bobea.net\/index.php\/2026\/01\/16\/paul-watson-le-dernier-combat-du-vieux-lion-des-oceans\/#article\",\"isPartOf\":{\"@id\":\"https:\/\/bobea.net\/index.php\/2026\/01\/16\/paul-watson-le-dernier-combat-du-vieux-lion-des-oceans\/\"},\"author\":{\"name\":\"bobea.info\",\"@id\":\"https:\/\/bobea.net\/#\/schema\/person\/e7f45ef187918d7c956bf619dce90ccf\"},\"headline\":\"Paul Watson : Le dernier combat du vieux lion des oc\u00e9ans\",\"datePublished\":\"2026-01-16T09:04:32+00:00\",\"dateModified\":\"2026-01-16T09:04:34+00:00\",\"mainEntityOfPage\":{\"@id\":\"https:\/\/bobea.net\/index.php\/2026\/01\/16\/paul-watson-le-dernier-combat-du-vieux-lion-des-oceans\/\"},\"wordCount\":336,\"commentCount\":0,\"publisher\":{\"@id\":\"https:\/\/bobea.net\/#organization\"},\"image\":{\"@id\":\"https:\/\/bobea.net\/index.php\/2026\/01\/16\/paul-watson-le-dernier-combat-du-vieux-lion-des-oceans\/#primaryimage\"},\"thumbnailUrl\":\"https:\/\/bobea.net\/wp-content\/uploads\/2026\/01\/1695079-paul-watson-defenseur-des-baleines-est-emprisonne-au-groenland-depuis-juillet-2024.jpg\",\"keywords\":[\"activisme environnemental\",\"capitaine Watson.\",\"\u00e9cologie marine\",\"Paul Watson 2026\",\"protection des baleines\",\"Sea Shepherd\"],\"articleSection\":[\"Viva\"],\"inLanguage\":\"fr-FR\",\"potentialAction\":[{\"@type\":\"CommentAction\",\"name\":\"Comment\",\"target\":[\"https:\/\/bobea.net\/index.php\/2026\/01\/16\/paul-watson-le-dernier-combat-du-vieux-lion-des-oceans\/#respond\"]}]},{\"@type\":\"WebPage\",\"@id\":\"https:\/\/bobea.net\/index.php\/2026\/01\/16\/paul-watson-le-dernier-combat-du-vieux-lion-des-oceans\/\",\"url\":\"https:\/\/bobea.net\/index.php\/2026\/01\/16\/paul-watson-le-dernier-combat-du-vieux-lion-des-oceans\/\",\"name\":\"Paul Watson : Le dernier combat du vieux lion des oc\u00e9ans - Bobea\",\"isPartOf\":{\"@id\":\"https:\/\/bobea.net\/#website\"},\"primaryImageOfPage\":{\"@id\":\"https:\/\/bobea.net\/index.php\/2026\/01\/16\/paul-watson-le-dernier-combat-du-vieux-lion-des-oceans\/#primaryimage\"},\"image\":{\"@id\":\"https:\/\/bobea.net\/index.php\/2026\/01\/16\/paul-watson-le-dernier-combat-du-vieux-lion-des-oceans\/#primaryimage\"},\"thumbnailUrl\":\"https:\/\/bobea.net\/wp-content\/uploads\/2026\/01\/1695079-paul-watson-defenseur-des-baleines-est-emprisonne-au-groenland-depuis-juillet-2024.jpg\",\"datePublished\":\"2026-01-16T09:04:32+00:00\",\"dateModified\":\"2026-01-16T09:04:34+00:00\",\"breadcrumb\":{\"@id\":\"https:\/\/bobea.net\/index.php\/2026\/01\/16\/paul-watson-le-dernier-combat-du-vieux-lion-des-oceans\/#breadcrumb\"},\"inLanguage\":\"fr-FR\",\"potentialAction\":[{\"@type\":\"ReadAction\",\"target\":[\"https:\/\/bobea.net\/index.php\/2026\/01\/16\/paul-watson-le-dernier-combat-du-vieux-lion-des-oceans\/\"]}]},{\"@type\":\"ImageObject\",\"inLanguage\":\"fr-FR\",\"@id\":\"https:\/\/bobea.net\/index.php\/2026\/01\/16\/paul-watson-le-dernier-combat-du-vieux-lion-des-oceans\/#primaryimage\",\"url\":\"https:\/\/bobea.net\/wp-content\/uploads\/2026\/01\/1695079-paul-watson-defenseur-des-baleines-est-emprisonne-au-groenland-depuis-juillet-2024.jpg\",\"contentUrl\":\"https:\/\/bobea.net\/wp-content\/uploads\/2026\/01\/1695079-paul-watson-defenseur-des-baleines-est-emprisonne-au-groenland-depuis-juillet-2024.jpg\",\"width\":1200,\"height\":800},{\"@type\":\"BreadcrumbList\",\"@id\":\"https:\/\/bobea.net\/index.php\/2026\/01\/16\/paul-watson-le-dernier-combat-du-vieux-lion-des-oceans\/#breadcrumb\",\"itemListElement\":[{\"@type\":\"ListItem\",\"position\":1,\"name\":\"Accueil\",\"item\":\"https:\/\/bobea.net\/\"},{\"@type\":\"ListItem\",\"position\":2,\"name\":\"Paul Watson : Le dernier combat du vieux lion des oc\u00e9ans\"}]},{\"@type\":\"WebSite\",\"@id\":\"https:\/\/bobea.net\/#website\",\"url\":\"https:\/\/bobea.net\/\",\"name\":\"Bobea\",\"description\":\"Le magazine de la nouvelle \u00c8ve\",\"publisher\":{\"@id\":\"https:\/\/bobea.net\/#organization\"},\"potentialAction\":[{\"@type\":\"SearchAction\",\"target\":{\"@type\":\"EntryPoint\",\"urlTemplate\":\"https:\/\/bobea.net\/?s={search_term_string}\"},\"query-input\":{\"@type\":\"PropertyValueSpecification\",\"valueRequired\":true,\"valueName\":\"search_term_string\"}}],\"inLanguage\":\"fr-FR\"},{\"@type\":\"Organization\",\"@id\":\"https:\/\/bobea.net\/#organization\",\"name\":\"Bobea\",\"url\":\"https:\/\/bobea.net\/\",\"logo\":{\"@type\":\"ImageObject\",\"inLanguage\":\"fr-FR\",\"@id\":\"https:\/\/bobea.net\/#\/schema\/logo\/image\/\",\"url\":\"https:\/\/bobea.net\/wp-content\/uploads\/2024\/06\/bobea.jpg\",\"contentUrl\":\"https:\/\/bobea.net\/wp-content\/uploads\/2024\/06\/bobea.jpg\",\"width\":1080,\"height\":1080,\"caption\":\"Bobea\"},\"image\":{\"@id\":\"https:\/\/bobea.net\/#\/schema\/logo\/image\/\"},\"sameAs\":[\"https:\/\/web.facebook.com\/profile.php?id=61559252188416\"]},{\"@type\":\"Person\",\"@id\":\"https:\/\/bobea.net\/#\/schema\/person\/e7f45ef187918d7c956bf619dce90ccf\",\"name\":\"bobea.info\",\"image\":{\"@type\":\"ImageObject\",\"inLanguage\":\"fr-FR\",\"@id\":\"https:\/\/bobea.net\/#\/schema\/person\/image\/\",\"url\":\"https:\/\/secure.gravatar.com\/avatar\/36147980349df887ae30808df3e29474?s=96&d=mm&r=g\",\"contentUrl\":\"https:\/\/secure.gravatar.com\/avatar\/36147980349df887ae30808df3e29474?s=96&d=mm&r=g\",\"caption\":\"bobea.info\"},\"sameAs\":[\"https:\/\/bobea.net\"],\"url\":\"https:\/\/bobea.net\/index.php\/author\/bobea-info\/\"}]}<\/script>\n<!-- \/ Yoast SEO plugin. -->","yoast_head_json":{"title":"Paul Watson : Le dernier combat du vieux lion des oc\u00e9ans - Bobea","robots":{"index":"index","follow":"follow","max-snippet":"max-snippet:-1","max-image-preview":"max-image-preview:large","max-video-preview":"max-video-preview:-1"},"canonical":"https:\/\/bobea.net\/index.php\/2026\/01\/16\/paul-watson-le-dernier-combat-du-vieux-lion-des-oceans\/","og_locale":"fr_FR","og_type":"article","og_title":"Paul Watson : Le dernier combat du vieux lion des oc\u00e9ans - Bobea","og_description":"\u00c0 75 ans, le cap\u00adi\u00adtaine Paul Wat\u00adson n\u2019a rien per\u00addu de sa fougue ni de sa d\u00e9ter\u00admi\u00adna\u00adtion. En ce d\u00e9but d\u2019ann\u00e9e 2026, celui que ses d\u00e9tracteurs appel\u00adlent le \u00ab pirate&hellip;","og_url":"https:\/\/bobea.net\/index.php\/2026\/01\/16\/paul-watson-le-dernier-combat-du-vieux-lion-des-oceans\/","og_site_name":"Bobea","article_publisher":"https:\/\/web.facebook.com\/profile.php?id=61559252188416","article_published_time":"2026-01-16T09:04:32+00:00","article_modified_time":"2026-01-16T09:04:34+00:00","og_image":[{"width":1200,"height":800,"url":"https:\/\/bobea.net\/wp-content\/uploads\/2026\/01\/1695079-paul-watson-defenseur-des-baleines-est-emprisonne-au-groenland-depuis-juillet-2024.jpg","type":"image\/jpeg"}],"author":"bobea.info","twitter_card":"summary_large_image","twitter_misc":{"\u00c9crit par":"bobea.info","Dur\u00e9e de lecture estim\u00e9e":"2 minutes"},"schema":{"@context":"https:\/\/schema.org","@graph":[{"@type":"Article","@id":"https:\/\/bobea.net\/index.php\/2026\/01\/16\/paul-watson-le-dernier-combat-du-vieux-lion-des-oceans\/#article","isPartOf":{"@id":"https:\/\/bobea.net\/index.php\/2026\/01\/16\/paul-watson-le-dernier-combat-du-vieux-lion-des-oceans\/"},"author":{"name":"bobea.info","@id":"https:\/\/bobea.net\/#\/schema\/person\/e7f45ef187918d7c956bf619dce90ccf"},"headline":"Paul Watson : Le dernier combat du vieux lion des oc\u00e9ans","datePublished":"2026-01-16T09:04:32+00:00","dateModified":"2026-01-16T09:04:34+00:00","mainEntityOfPage":{"@id":"https:\/\/bobea.net\/index.php\/2026\/01\/16\/paul-watson-le-dernier-combat-du-vieux-lion-des-oceans\/"},"wordCount":336,"commentCount":0,"publisher":{"@id":"https:\/\/bobea.net\/#organization"},"image":{"@id":"https:\/\/bobea.net\/index.php\/2026\/01\/16\/paul-watson-le-dernier-combat-du-vieux-lion-des-oceans\/#primaryimage"},"thumbnailUrl":"https:\/\/bobea.net\/wp-content\/uploads\/2026\/01\/1695079-paul-watson-defenseur-des-baleines-est-emprisonne-au-groenland-depuis-juillet-2024.jpg","keywords":["activisme environnemental","capitaine Watson.","\u00e9cologie marine","Paul Watson 2026","protection des baleines","Sea Shepherd"],"articleSection":["Viva"],"inLanguage":"fr-FR","potentialAction":[{"@type":"CommentAction","name":"Comment","target":["https:\/\/bobea.net\/index.php\/2026\/01\/16\/paul-watson-le-dernier-combat-du-vieux-lion-des-oceans\/#respond"]}]},{"@type":"WebPage","@id":"https:\/\/bobea.net\/index.php\/2026\/01\/16\/paul-watson-le-dernier-combat-du-vieux-lion-des-oceans\/","url":"https:\/\/bobea.net\/index.php\/2026\/01\/16\/paul-watson-le-dernier-combat-du-vieux-lion-des-oceans\/","name":"Paul Watson : Le dernier combat du vieux lion des oc\u00e9ans - Bobea","isPartOf":{"@id":"https:\/\/bobea.net\/#website"},"primaryImageOfPage":{"@id":"https:\/\/bobea.net\/index.php\/2026\/01\/16\/paul-watson-le-dernier-combat-du-vieux-lion-des-oceans\/#primaryimage"},"image":{"@id":"https:\/\/bobea.net\/index.php\/2026\/01\/16\/paul-watson-le-dernier-combat-du-vieux-lion-des-oceans\/#primaryimage"},"thumbnailUrl":"https:\/\/bobea.net\/wp-content\/uploads\/2026\/01\/1695079-paul-watson-defenseur-des-baleines-est-emprisonne-au-groenland-depuis-juillet-2024.jpg","datePublished":"2026-01-16T09:04:32+00:00","dateModified":"2026-01-16T09:04:34+00:00","breadcrumb":{"@id":"https:\/\/bobea.net\/index.php\/2026\/01\/16\/paul-watson-le-dernier-combat-du-vieux-lion-des-oceans\/#breadcrumb"},"inLanguage":"fr-FR","potentialAction":[{"@type":"ReadAction","target":["https:\/\/bobea.net\/index.php\/2026\/01\/16\/paul-watson-le-dernier-combat-du-vieux-lion-des-oceans\/"]}]},{"@type":"ImageObject","inLanguage":"fr-FR","@id":"https:\/\/bobea.net\/index.php\/2026\/01\/16\/paul-watson-le-dernier-combat-du-vieux-lion-des-oceans\/#primaryimage","url":"https:\/\/bobea.net\/wp-content\/uploads\/2026\/01\/1695079-paul-watson-defenseur-des-baleines-est-emprisonne-au-groenland-depuis-juillet-2024.jpg","contentUrl":"https:\/\/bobea.net\/wp-content\/uploads\/2026\/01\/1695079-paul-watson-defenseur-des-baleines-est-emprisonne-au-groenland-depuis-juillet-2024.jpg","width":1200,"height":800},{"@type":"BreadcrumbList","@id":"https:\/\/bobea.net\/index.php\/2026\/01\/16\/paul-watson-le-dernier-combat-du-vieux-lion-des-oceans\/#breadcrumb","itemListElement":[{"@type":"ListItem","position":1,"name":"Accueil","item":"https:\/\/bobea.net\/"},{"@type":"ListItem","position":2,"name":"Paul Watson : Le dernier combat du vieux lion des oc\u00e9ans"}]},{"@type":"WebSite","@id":"https:\/\/bobea.net\/#website","url":"https:\/\/bobea.net\/","name":"Bobea","description":"Le magazine de la nouvelle \u00c8ve","publisher":{"@id":"https:\/\/bobea.net\/#organization"},"potentialAction":[{"@type":"SearchAction","target":{"@type":"EntryPoint","urlTemplate":"https:\/\/bobea.net\/?s={search_term_string}"},"query-input":{"@type":"PropertyValueSpecification","valueRequired":true,"valueName":"search_term_string"}}],"inLanguage":"fr-FR"},{"@type":"Organization","@id":"https:\/\/bobea.net\/#organization","name":"Bobea","url":"https:\/\/bobea.net\/","logo":{"@type":"ImageObject","inLanguage":"fr-FR","@id":"https:\/\/bobea.net\/#\/schema\/logo\/image\/","url":"https:\/\/bobea.net\/wp-content\/uploads\/2024\/06\/bobea.jpg","contentUrl":"https:\/\/bobea.net\/wp-content\/uploads\/2024\/06\/bobea.jpg","width":1080,"height":1080,"caption":"Bobea"},"image":{"@id":"https:\/\/bobea.net\/#\/schema\/logo\/image\/"},"sameAs":["https:\/\/web.facebook.com\/profile.php?id=61559252188416"]},{"@type":"Person","@id":"https:\/\/bobea.net\/#\/schema\/person\/e7f45ef187918d7c956bf619dce90ccf","name":"bobea.info","image":{"@type":"ImageObject","inLanguage":"fr-FR","@id":"https:\/\/bobea.net\/#\/schema\/person\/image\/","url":"https:\/\/secure.gravatar.com\/avatar\/36147980349df887ae30808df3e29474?s=96&d=mm&r=g","contentUrl":"https:\/\/secure.gravatar.com\/avatar\/36147980349df887ae30808df3e29474?s=96&d=mm&r=g","caption":"bobea.info"},"sameAs":["https:\/\/bobea.net"],"url":"https:\/\/bobea.net\/index.php\/author\/bobea-info\/"}]}},"_links":{"self":[{"href":"https:\/\/bobea.net\/index.php\/wp-json\/wp\/v2\/posts\/28973"}],"collection":[{"href":"https:\/\/bobea.net\/index.php\/wp-json\/wp\/v2\/posts"}],"about":[{"href":"https:\/\/bobea.net\/index.php\/wp-json\/wp\/v2\/types\/post"}],"author":[{"embeddable":true,"href":"https:\/\/bobea.net\/index.php\/wp-json\/wp\/v2\/users\/1"}],"replies":[{"embeddable":true,"href":"https:\/\/bobea.net\/index.php\/wp-json\/wp\/v2\/comments?post=28973"}],"version-history":[{"count":1,"href":"https:\/\/bobea.net\/index.php\/wp-json\/wp\/v2\/posts\/28973\/revisions"}],"predecessor-version":[{"id":28976,"href":"https:\/\/bobea.net\/index.php\/wp-json\/wp\/v2\/posts\/28973\/revisions\/28976"}],"wp:featuredmedia":[{"embeddable":true,"href":"https:\/\/bobea.net\/index.php\/wp-json\/wp\/v2\/media\/28974"}],"wp:attachment":[{"href":"https:\/\/bobea.net\/index.php\/wp-json\/wp\/v2\/media?parent=28973"}],"wp:term":[{"taxonomy":"category","embeddable":true,"href":"https:\/\/bobea.net\/index.php\/wp-json\/wp\/v2\/categories?post=28973"},{"taxonomy":"post_tag","embeddable":true,"href":"https:\/\/bobea.net\/index.php\/wp-json\/wp\/v2\/tags?post=28973"}],"curies":[{"name":"wp","href":"https:\/\/api.w.org\/{rel}","templated":true}]}}