{"id":28875,"date":"2026-01-15T08:59:26","date_gmt":"2026-01-15T08:59:26","guid":{"rendered":"https:\/\/bobea.net\/?p=28875"},"modified":"2026-01-15T08:59:27","modified_gmt":"2026-01-15T08:59:27","slug":"sommet-mondial-du-climat-a-paris-le-decryptage-des-48h-qui-ont-tout-change","status":"publish","type":"post","link":"https:\/\/bobea.net\/index.php\/2026\/01\/15\/sommet-mondial-du-climat-a-paris-le-decryptage-des-48h-qui-ont-tout-change\/","title":{"rendered":"Sommet Mondial du Climat \u00e0 Paris \u2013 Le d\u00e9cryptage des 48h qui ont tout chang\u00e9"},"content":{"rendered":"\n<p><strong>Par la r\u00e9dac\u00adtion de BOBEA<\/strong><\/p>\n\n\n\n<p>Le rideau est tomb\u00e9 hier soir, le 14 jan\u00advi\u00ader 2026, sur le Palais de l\u2019\u00c9lys\u00e9e apr\u00e8s deux jours de n\u00e9go\u00adci\u00ada\u00adtions d\u2019une inten\u00adsit\u00e9 rare. Ce som\u00admet, con\u00advo\u00adqu\u00e9 en urgence face aux anom\u00adalies cli\u00adma\u00adtiques de l\u2019hiv\u00ader 2025, n\u2019\u00e9\u00adtait pas une sim\u00adple r\u00e9u\u00adnion de plus. C\u2019\u00e9\u00adtait le \u201cSom\u00admet de la derni\u00e8re chance\u201d pour la con\u00adsom\u00adma\u00adtion durable.<\/p>\n\n\n\n<p><strong>Un accord his\u00adtorique pour le panier des Fran\u00e7ais\u00ades<\/strong><\/p>\n\n\n\n<p>Le point d\u2019orgue de ce som\u00admet est sans con\u00adteste l\u2019adop\u00adtion de la \u201cNorme Paris 2026\u201d. D\u00e8s le 1er mars prochain, l\u2019\u00e9\u00adti\u00adque\u00adtage car\u00adbone devien\u00addra oblig\u00ada\u00adtoire sur tous les pro\u00adduits de grande con\u00adsom\u00adma\u00adtion. Mais la v\u00e9ri\u00adta\u00adble r\u00e9vo\u00adlu\u00adtion est sociale : pour la pre\u00admi\u00e8re fois, une taxe sur les super\u00adprof\u00adits indus\u00adtriels sera directe\u00adment r\u00e9in\u00adjec\u00adt\u00e9e dans un \u201cCh\u00e8que Con\u00adsom\u00adma\u00adtion Bio\u201d pour les foy\u00aders les plus mod\u00adestes.<\/p>\n\n\n\n<figure class=\"wp-block-image size-large\"><img loading=\"lazy\" decoding=\"async\" width=\"1024\" height=\"575\" src=\"https:\/\/bobea.net\/wp-content\/uploads\/2026\/01\/image-41-1024x575.png\" alt class=\"wp-image-28877\" srcset=\"https:\/\/bobea.net\/wp-content\/uploads\/2026\/01\/image-41-1024x575.png 1024w, https:\/\/bobea.net\/wp-content\/uploads\/2026\/01\/image-41-300x169.png 300w, https:\/\/bobea.net\/wp-content\/uploads\/2026\/01\/image-41-768x432.png 768w, https:\/\/bobea.net\/wp-content\/uploads\/2026\/01\/image-41.png 1260w\" sizes=\"(max-width: 1024px) 100vw, 1024px\"><\/figure>\n\n\n\n<p>La Min\u00adistre de la Tran\u00adsi\u00adtion \u00c9cologique, lors de son allo\u00adcu\u00adtion de cl\u00f4\u00adture \u00e0 22h00, a \u00e9t\u00e9 claire : \u00ab Nous ne pou\u00advons plus deman\u00adder aux femmes, qui g\u00e8rent 80% des achats domes\u00adtiques, de porter seules le poids financier de l\u2019\u00e9\u00adcolo\u00adgie. \u00bb Cette d\u00e9c\u00adla\u00adra\u00adtion mar\u00adque un tour\u00adnant. Le som\u00admet a act\u00e9 la fin des embal\u00adlages plas\u00adtiques pour l\u2019ensem\u00adble de la fil\u00adi\u00e8re cos\u00adm\u00e9\u00adtique d\u2019i\u00adci la fin de l\u2019an\u00adn\u00e9e 2026, un s\u00e9isme pour l\u2019in\u00addus\u00adtrie du luxe.<\/p>\n\n\n\n<p><strong>Pourquoi ce som\u00admet est dif\u00adf\u00e9rent ?<\/strong><\/p>\n\n\n\n<p>Con\u00adtraire\u00adment aux COP pr\u00e9c\u00e9\u00addentes, ce som\u00admet a r\u00e9u\u00adni non seule\u00adment des chefs d\u2019\u00c9\u00adtat, mais aus\u00adsi les 50 plus grands PDG de la dis\u00adtri\u00adb\u00adu\u00adtion mon\u00addi\u00adale. Les engage\u00adments pris sont con\u00adtraig\u00adnants, avec des sanc\u00adtions finan\u00adci\u00e8res automa\u00adtiques en cas de non-respect des tra\u00adjec\u00adtoires de d\u00e9car\u00adbon\u00ada\u00adtion. Pour les lec\u00adtri\u00adces de BOBEA, cela sig\u00adni\u00adfie une trans\u00adfor\u00adma\u00adtion rad\u00adi\u00adcale des rayons de nos super\u00admarch\u00e9s. L\u2019ob\u00adso\u00adles\u00adcence pro\u00adgram\u00adm\u00e9e des appareils \u00e9lec\u00adtrom\u00e9\u00adnagers a \u00e9gale\u00adment \u00e9t\u00e9 frap\u00adp\u00e9e d\u2019une inter\u00addic\u00adtion stricte, avec une exten\u00adsion de garantie l\u00e9gale port\u00e9e \u00e0 5 ans pour tout appareil r\u00e9para\u00adble.<\/p>\n","protected":false},"excerpt":{"rendered":"<p>Par la r\u00e9dac\u00adtion de BOBEA Le rideau est tomb\u00e9 hier soir, le 14 jan\u00advi\u00ader 2026, sur le Palais de l\u2019\u00c9lys\u00e9e apr\u00e8s deux jours de n\u00e9go\u00adci\u00ada\u00adtions d\u2019une inten\u00adsit\u00e9 rare. Ce som\u00admet,\u2026 <\/p>\n","protected":false},"author":1,"featured_media":28876,"comment_status":"open","ping_status":"closed","sticky":false,"template":"","format":"standard","meta":{"wp_typography_post_enhancements_disabled":false,"footnotes":""},"categories":[73],"tags":[2577,21322,4609,21323,10266],"class_list":["post-28875","post","type-post","status-publish","format-standard","has-post-thumbnail","hentry","category-on-en-parle","tag-consommation-responsable","tag-ecologie-sociale","tag-pouvoir-dachat","tag-sommet-climat-paris-2026","tag-taxe-carbone"],"yoast_head":"<!-- This site is optimized with the Yoast SEO plugin v24.7 - https:\/\/yoast.com\/wordpress\/plugins\/seo\/ -->\n<title>Sommet Mondial du Climat \u00e0 Paris \u2013 Le d\u00e9cryptage des 48h qui ont tout chang\u00e9 - Bobea<\/title>\n<meta name=\"description\" content=\"Le rideau est tomb\u00e9 hier soir, le 14 janvier 2026, sur le Palais de l&#039;\u00c9lys\u00e9e apr\u00e8s deux jours de n\u00e9gociations d&#039;une intensit\u00e9 rare.\" \/>\n<meta name=\"robots\" content=\"index, follow, max-snippet:-1, max-image-preview:large, max-video-preview:-1\" \/>\n<link rel=\"canonical\" href=\"https:\/\/bobea.net\/index.php\/2026\/01\/15\/sommet-mondial-du-climat-a-paris-le-decryptage-des-48h-qui-ont-tout-change\/\" \/>\n<meta property=\"og:locale\" content=\"fr_FR\" \/>\n<meta property=\"og:type\" content=\"article\" \/>\n<meta property=\"og:title\" content=\"Sommet Mondial du Climat \u00e0 Paris \u2013 Le d\u00e9cryptage des 48h qui ont tout chang\u00e9 - Bobea\" \/>\n<meta property=\"og:description\" content=\"Le rideau est tomb\u00e9 hier soir, le 14 janvier 2026, sur le Palais de l&#039;\u00c9lys\u00e9e apr\u00e8s deux jours de n\u00e9gociations d&#039;une intensit\u00e9 rare.\" \/>\n<meta property=\"og:url\" content=\"https:\/\/bobea.net\/index.php\/2026\/01\/15\/sommet-mondial-du-climat-a-paris-le-decryptage-des-48h-qui-ont-tout-change\/\" \/>\n<meta property=\"og:site_name\" content=\"Bobea\" \/>\n<meta property=\"article:publisher\" content=\"https:\/\/web.facebook.com\/profile.php?id=61559252188416\" \/>\n<meta property=\"article:published_time\" content=\"2026-01-15T08:59:26+00:00\" \/>\n<meta property=\"article:modified_time\" content=\"2026-01-15T08:59:27+00:00\" \/>\n<meta property=\"og:image\" content=\"https:\/\/bobea.net\/wp-content\/uploads\/2026\/01\/arton976.jpg\" \/>\n\t<meta property=\"og:image:width\" content=\"800\" \/>\n\t<meta property=\"og:image:height\" content=\"450\" \/>\n\t<meta property=\"og:image:type\" content=\"image\/jpeg\" \/>\n<meta name=\"author\" content=\"bobea.info\" \/>\n<meta name=\"twitter:card\" content=\"summary_large_image\" \/>\n<meta name=\"twitter:label1\" content=\"\u00c9crit par\" \/>\n\t<meta name=\"twitter:data1\" content=\"bobea.info\" \/>\n\t<meta name=\"twitter:label2\" content=\"Dur\u00e9e de lecture estim\u00e9e\" \/>\n\t<meta name=\"twitter:data2\" content=\"2 minutes\" \/>\n<script type=\"application\/ld+json\" class=\"yoast-schema-graph\">{\"@context\":\"https:\/\/schema.org\",\"@graph\":[{\"@type\":\"Article\",\"@id\":\"https:\/\/bobea.net\/index.php\/2026\/01\/15\/sommet-mondial-du-climat-a-paris-le-decryptage-des-48h-qui-ont-tout-change\/#article\",\"isPartOf\":{\"@id\":\"https:\/\/bobea.net\/index.php\/2026\/01\/15\/sommet-mondial-du-climat-a-paris-le-decryptage-des-48h-qui-ont-tout-change\/\"},\"author\":{\"name\":\"bobea.info\",\"@id\":\"https:\/\/bobea.net\/#\/schema\/person\/e7f45ef187918d7c956bf619dce90ccf\"},\"headline\":\"Sommet Mondial du Climat \u00e0 Paris \u2013 Le d\u00e9cryptage des 48h qui ont tout chang\u00e9\",\"datePublished\":\"2026-01-15T08:59:26+00:00\",\"dateModified\":\"2026-01-15T08:59:27+00:00\",\"mainEntityOfPage\":{\"@id\":\"https:\/\/bobea.net\/index.php\/2026\/01\/15\/sommet-mondial-du-climat-a-paris-le-decryptage-des-48h-qui-ont-tout-change\/\"},\"wordCount\":339,\"commentCount\":0,\"publisher\":{\"@id\":\"https:\/\/bobea.net\/#organization\"},\"image\":{\"@id\":\"https:\/\/bobea.net\/index.php\/2026\/01\/15\/sommet-mondial-du-climat-a-paris-le-decryptage-des-48h-qui-ont-tout-change\/#primaryimage\"},\"thumbnailUrl\":\"https:\/\/bobea.net\/wp-content\/uploads\/2026\/01\/arton976.jpg\",\"keywords\":[\"consommation responsable\",\"\u00e9cologie sociale\",\"pouvoir d'achat\",\"Sommet Climat Paris 2026\",\"taxe carbone\"],\"articleSection\":[\"On en Parle\"],\"inLanguage\":\"fr-FR\",\"potentialAction\":[{\"@type\":\"CommentAction\",\"name\":\"Comment\",\"target\":[\"https:\/\/bobea.net\/index.php\/2026\/01\/15\/sommet-mondial-du-climat-a-paris-le-decryptage-des-48h-qui-ont-tout-change\/#respond\"]}]},{\"@type\":\"WebPage\",\"@id\":\"https:\/\/bobea.net\/index.php\/2026\/01\/15\/sommet-mondial-du-climat-a-paris-le-decryptage-des-48h-qui-ont-tout-change\/\",\"url\":\"https:\/\/bobea.net\/index.php\/2026\/01\/15\/sommet-mondial-du-climat-a-paris-le-decryptage-des-48h-qui-ont-tout-change\/\",\"name\":\"Sommet Mondial du Climat \u00e0 Paris \u2013 Le d\u00e9cryptage des 48h qui ont tout chang\u00e9 - Bobea\",\"isPartOf\":{\"@id\":\"https:\/\/bobea.net\/#website\"},\"primaryImageOfPage\":{\"@id\":\"https:\/\/bobea.net\/index.php\/2026\/01\/15\/sommet-mondial-du-climat-a-paris-le-decryptage-des-48h-qui-ont-tout-change\/#primaryimage\"},\"image\":{\"@id\":\"https:\/\/bobea.net\/index.php\/2026\/01\/15\/sommet-mondial-du-climat-a-paris-le-decryptage-des-48h-qui-ont-tout-change\/#primaryimage\"},\"thumbnailUrl\":\"https:\/\/bobea.net\/wp-content\/uploads\/2026\/01\/arton976.jpg\",\"datePublished\":\"2026-01-15T08:59:26+00:00\",\"dateModified\":\"2026-01-15T08:59:27+00:00\",\"description\":\"Le rideau est tomb\u00e9 hier soir, le 14 janvier 2026, sur le Palais de l'\u00c9lys\u00e9e apr\u00e8s deux jours de n\u00e9gociations d'une intensit\u00e9 rare.\",\"breadcrumb\":{\"@id\":\"https:\/\/bobea.net\/index.php\/2026\/01\/15\/sommet-mondial-du-climat-a-paris-le-decryptage-des-48h-qui-ont-tout-change\/#breadcrumb\"},\"inLanguage\":\"fr-FR\",\"potentialAction\":[{\"@type\":\"ReadAction\",\"target\":[\"https:\/\/bobea.net\/index.php\/2026\/01\/15\/sommet-mondial-du-climat-a-paris-le-decryptage-des-48h-qui-ont-tout-change\/\"]}]},{\"@type\":\"ImageObject\",\"inLanguage\":\"fr-FR\",\"@id\":\"https:\/\/bobea.net\/index.php\/2026\/01\/15\/sommet-mondial-du-climat-a-paris-le-decryptage-des-48h-qui-ont-tout-change\/#primaryimage\",\"url\":\"https:\/\/bobea.net\/wp-content\/uploads\/2026\/01\/arton976.jpg\",\"contentUrl\":\"https:\/\/bobea.net\/wp-content\/uploads\/2026\/01\/arton976.jpg\",\"width\":800,\"height\":450},{\"@type\":\"BreadcrumbList\",\"@id\":\"https:\/\/bobea.net\/index.php\/2026\/01\/15\/sommet-mondial-du-climat-a-paris-le-decryptage-des-48h-qui-ont-tout-change\/#breadcrumb\",\"itemListElement\":[{\"@type\":\"ListItem\",\"position\":1,\"name\":\"Accueil\",\"item\":\"https:\/\/bobea.net\/\"},{\"@type\":\"ListItem\",\"position\":2,\"name\":\"Sommet Mondial du Climat \u00e0 Paris \u2013 Le d\u00e9cryptage des 48h qui ont tout chang\u00e9\"}]},{\"@type\":\"WebSite\",\"@id\":\"https:\/\/bobea.net\/#website\",\"url\":\"https:\/\/bobea.net\/\",\"name\":\"Bobea\",\"description\":\"Le magazine de la nouvelle \u00c8ve\",\"publisher\":{\"@id\":\"https:\/\/bobea.net\/#organization\"},\"potentialAction\":[{\"@type\":\"SearchAction\",\"target\":{\"@type\":\"EntryPoint\",\"urlTemplate\":\"https:\/\/bobea.net\/?s={search_term_string}\"},\"query-input\":{\"@type\":\"PropertyValueSpecification\",\"valueRequired\":true,\"valueName\":\"search_term_string\"}}],\"inLanguage\":\"fr-FR\"},{\"@type\":\"Organization\",\"@id\":\"https:\/\/bobea.net\/#organization\",\"name\":\"Bobea\",\"url\":\"https:\/\/bobea.net\/\",\"logo\":{\"@type\":\"ImageObject\",\"inLanguage\":\"fr-FR\",\"@id\":\"https:\/\/bobea.net\/#\/schema\/logo\/image\/\",\"url\":\"https:\/\/bobea.net\/wp-content\/uploads\/2024\/06\/bobea.jpg\",\"contentUrl\":\"https:\/\/bobea.net\/wp-content\/uploads\/2024\/06\/bobea.jpg\",\"width\":1080,\"height\":1080,\"caption\":\"Bobea\"},\"image\":{\"@id\":\"https:\/\/bobea.net\/#\/schema\/logo\/image\/\"},\"sameAs\":[\"https:\/\/web.facebook.com\/profile.php?id=61559252188416\"]},{\"@type\":\"Person\",\"@id\":\"https:\/\/bobea.net\/#\/schema\/person\/e7f45ef187918d7c956bf619dce90ccf\",\"name\":\"bobea.info\",\"image\":{\"@type\":\"ImageObject\",\"inLanguage\":\"fr-FR\",\"@id\":\"https:\/\/bobea.net\/#\/schema\/person\/image\/\",\"url\":\"https:\/\/secure.gravatar.com\/avatar\/36147980349df887ae30808df3e29474?s=96&d=mm&r=g\",\"contentUrl\":\"https:\/\/secure.gravatar.com\/avatar\/36147980349df887ae30808df3e29474?s=96&d=mm&r=g\",\"caption\":\"bobea.info\"},\"sameAs\":[\"https:\/\/bobea.net\"],\"url\":\"https:\/\/bobea.net\/index.php\/author\/bobea-info\/\"}]}<\/script>\n<!-- \/ Yoast SEO plugin. -->","yoast_head_json":{"title":"Sommet Mondial du Climat \u00e0 Paris \u2013 Le d\u00e9cryptage des 48h qui ont tout chang\u00e9 - Bobea","description":"Le rideau est tomb\u00e9 hier soir, le 14 janvier 2026, sur le Palais de l'\u00c9lys\u00e9e apr\u00e8s deux jours de n\u00e9gociations d'une intensit\u00e9 rare.","robots":{"index":"index","follow":"follow","max-snippet":"max-snippet:-1","max-image-preview":"max-image-preview:large","max-video-preview":"max-video-preview:-1"},"canonical":"https:\/\/bobea.net\/index.php\/2026\/01\/15\/sommet-mondial-du-climat-a-paris-le-decryptage-des-48h-qui-ont-tout-change\/","og_locale":"fr_FR","og_type":"article","og_title":"Sommet Mondial du Climat \u00e0 Paris \u2013 Le d\u00e9cryptage des 48h qui ont tout chang\u00e9 - Bobea","og_description":"Le rideau est tomb\u00e9 hier soir, le 14 janvier 2026, sur le Palais de l'\u00c9lys\u00e9e apr\u00e8s deux jours de n\u00e9gociations d'une intensit\u00e9 rare.","og_url":"https:\/\/bobea.net\/index.php\/2026\/01\/15\/sommet-mondial-du-climat-a-paris-le-decryptage-des-48h-qui-ont-tout-change\/","og_site_name":"Bobea","article_publisher":"https:\/\/web.facebook.com\/profile.php?id=61559252188416","article_published_time":"2026-01-15T08:59:26+00:00","article_modified_time":"2026-01-15T08:59:27+00:00","og_image":[{"width":800,"height":450,"url":"https:\/\/bobea.net\/wp-content\/uploads\/2026\/01\/arton976.jpg","type":"image\/jpeg"}],"author":"bobea.info","twitter_card":"summary_large_image","twitter_misc":{"\u00c9crit par":"bobea.info","Dur\u00e9e de lecture estim\u00e9e":"2 minutes"},"schema":{"@context":"https:\/\/schema.org","@graph":[{"@type":"Article","@id":"https:\/\/bobea.net\/index.php\/2026\/01\/15\/sommet-mondial-du-climat-a-paris-le-decryptage-des-48h-qui-ont-tout-change\/#article","isPartOf":{"@id":"https:\/\/bobea.net\/index.php\/2026\/01\/15\/sommet-mondial-du-climat-a-paris-le-decryptage-des-48h-qui-ont-tout-change\/"},"author":{"name":"bobea.info","@id":"https:\/\/bobea.net\/#\/schema\/person\/e7f45ef187918d7c956bf619dce90ccf"},"headline":"Sommet Mondial du Climat \u00e0 Paris \u2013 Le d\u00e9cryptage des 48h qui ont tout chang\u00e9","datePublished":"2026-01-15T08:59:26+00:00","dateModified":"2026-01-15T08:59:27+00:00","mainEntityOfPage":{"@id":"https:\/\/bobea.net\/index.php\/2026\/01\/15\/sommet-mondial-du-climat-a-paris-le-decryptage-des-48h-qui-ont-tout-change\/"},"wordCount":339,"commentCount":0,"publisher":{"@id":"https:\/\/bobea.net\/#organization"},"image":{"@id":"https:\/\/bobea.net\/index.php\/2026\/01\/15\/sommet-mondial-du-climat-a-paris-le-decryptage-des-48h-qui-ont-tout-change\/#primaryimage"},"thumbnailUrl":"https:\/\/bobea.net\/wp-content\/uploads\/2026\/01\/arton976.jpg","keywords":["consommation responsable","\u00e9cologie sociale","pouvoir d'achat","Sommet Climat Paris 2026","taxe carbone"],"articleSection":["On en Parle"],"inLanguage":"fr-FR","potentialAction":[{"@type":"CommentAction","name":"Comment","target":["https:\/\/bobea.net\/index.php\/2026\/01\/15\/sommet-mondial-du-climat-a-paris-le-decryptage-des-48h-qui-ont-tout-change\/#respond"]}]},{"@type":"WebPage","@id":"https:\/\/bobea.net\/index.php\/2026\/01\/15\/sommet-mondial-du-climat-a-paris-le-decryptage-des-48h-qui-ont-tout-change\/","url":"https:\/\/bobea.net\/index.php\/2026\/01\/15\/sommet-mondial-du-climat-a-paris-le-decryptage-des-48h-qui-ont-tout-change\/","name":"Sommet Mondial du Climat \u00e0 Paris \u2013 Le d\u00e9cryptage des 48h qui ont tout chang\u00e9 - Bobea","isPartOf":{"@id":"https:\/\/bobea.net\/#website"},"primaryImageOfPage":{"@id":"https:\/\/bobea.net\/index.php\/2026\/01\/15\/sommet-mondial-du-climat-a-paris-le-decryptage-des-48h-qui-ont-tout-change\/#primaryimage"},"image":{"@id":"https:\/\/bobea.net\/index.php\/2026\/01\/15\/sommet-mondial-du-climat-a-paris-le-decryptage-des-48h-qui-ont-tout-change\/#primaryimage"},"thumbnailUrl":"https:\/\/bobea.net\/wp-content\/uploads\/2026\/01\/arton976.jpg","datePublished":"2026-01-15T08:59:26+00:00","dateModified":"2026-01-15T08:59:27+00:00","description":"Le rideau est tomb\u00e9 hier soir, le 14 janvier 2026, sur le Palais de l'\u00c9lys\u00e9e apr\u00e8s deux jours de n\u00e9gociations d'une intensit\u00e9 rare.","breadcrumb":{"@id":"https:\/\/bobea.net\/index.php\/2026\/01\/15\/sommet-mondial-du-climat-a-paris-le-decryptage-des-48h-qui-ont-tout-change\/#breadcrumb"},"inLanguage":"fr-FR","potentialAction":[{"@type":"ReadAction","target":["https:\/\/bobea.net\/index.php\/2026\/01\/15\/sommet-mondial-du-climat-a-paris-le-decryptage-des-48h-qui-ont-tout-change\/"]}]},{"@type":"ImageObject","inLanguage":"fr-FR","@id":"https:\/\/bobea.net\/index.php\/2026\/01\/15\/sommet-mondial-du-climat-a-paris-le-decryptage-des-48h-qui-ont-tout-change\/#primaryimage","url":"https:\/\/bobea.net\/wp-content\/uploads\/2026\/01\/arton976.jpg","contentUrl":"https:\/\/bobea.net\/wp-content\/uploads\/2026\/01\/arton976.jpg","width":800,"height":450},{"@type":"BreadcrumbList","@id":"https:\/\/bobea.net\/index.php\/2026\/01\/15\/sommet-mondial-du-climat-a-paris-le-decryptage-des-48h-qui-ont-tout-change\/#breadcrumb","itemListElement":[{"@type":"ListItem","position":1,"name":"Accueil","item":"https:\/\/bobea.net\/"},{"@type":"ListItem","position":2,"name":"Sommet Mondial du Climat \u00e0 Paris \u2013 Le d\u00e9cryptage des 48h qui ont tout chang\u00e9"}]},{"@type":"WebSite","@id":"https:\/\/bobea.net\/#website","url":"https:\/\/bobea.net\/","name":"Bobea","description":"Le magazine de la nouvelle \u00c8ve","publisher":{"@id":"https:\/\/bobea.net\/#organization"},"potentialAction":[{"@type":"SearchAction","target":{"@type":"EntryPoint","urlTemplate":"https:\/\/bobea.net\/?s={search_term_string}"},"query-input":{"@type":"PropertyValueSpecification","valueRequired":true,"valueName":"search_term_string"}}],"inLanguage":"fr-FR"},{"@type":"Organization","@id":"https:\/\/bobea.net\/#organization","name":"Bobea","url":"https:\/\/bobea.net\/","logo":{"@type":"ImageObject","inLanguage":"fr-FR","@id":"https:\/\/bobea.net\/#\/schema\/logo\/image\/","url":"https:\/\/bobea.net\/wp-content\/uploads\/2024\/06\/bobea.jpg","contentUrl":"https:\/\/bobea.net\/wp-content\/uploads\/2024\/06\/bobea.jpg","width":1080,"height":1080,"caption":"Bobea"},"image":{"@id":"https:\/\/bobea.net\/#\/schema\/logo\/image\/"},"sameAs":["https:\/\/web.facebook.com\/profile.php?id=61559252188416"]},{"@type":"Person","@id":"https:\/\/bobea.net\/#\/schema\/person\/e7f45ef187918d7c956bf619dce90ccf","name":"bobea.info","image":{"@type":"ImageObject","inLanguage":"fr-FR","@id":"https:\/\/bobea.net\/#\/schema\/person\/image\/","url":"https:\/\/secure.gravatar.com\/avatar\/36147980349df887ae30808df3e29474?s=96&d=mm&r=g","contentUrl":"https:\/\/secure.gravatar.com\/avatar\/36147980349df887ae30808df3e29474?s=96&d=mm&r=g","caption":"bobea.info"},"sameAs":["https:\/\/bobea.net"],"url":"https:\/\/bobea.net\/index.php\/author\/bobea-info\/"}]}},"_links":{"self":[{"href":"https:\/\/bobea.net\/index.php\/wp-json\/wp\/v2\/posts\/28875"}],"collection":[{"href":"https:\/\/bobea.net\/index.php\/wp-json\/wp\/v2\/posts"}],"about":[{"href":"https:\/\/bobea.net\/index.php\/wp-json\/wp\/v2\/types\/post"}],"author":[{"embeddable":true,"href":"https:\/\/bobea.net\/index.php\/wp-json\/wp\/v2\/users\/1"}],"replies":[{"embeddable":true,"href":"https:\/\/bobea.net\/index.php\/wp-json\/wp\/v2\/comments?post=28875"}],"version-history":[{"count":1,"href":"https:\/\/bobea.net\/index.php\/wp-json\/wp\/v2\/posts\/28875\/revisions"}],"predecessor-version":[{"id":28878,"href":"https:\/\/bobea.net\/index.php\/wp-json\/wp\/v2\/posts\/28875\/revisions\/28878"}],"wp:featuredmedia":[{"embeddable":true,"href":"https:\/\/bobea.net\/index.php\/wp-json\/wp\/v2\/media\/28876"}],"wp:attachment":[{"href":"https:\/\/bobea.net\/index.php\/wp-json\/wp\/v2\/media?parent=28875"}],"wp:term":[{"taxonomy":"category","embeddable":true,"href":"https:\/\/bobea.net\/index.php\/wp-json\/wp\/v2\/categories?post=28875"},{"taxonomy":"post_tag","embeddable":true,"href":"https:\/\/bobea.net\/index.php\/wp-json\/wp\/v2\/tags?post=28875"}],"curies":[{"name":"wp","href":"https:\/\/api.w.org\/{rel}","templated":true}]}}