{"id":28479,"date":"2026-01-04T09:16:19","date_gmt":"2026-01-04T09:16:19","guid":{"rendered":"https:\/\/bobea.net\/?p=28479"},"modified":"2026-01-04T09:16:21","modified_gmt":"2026-01-04T09:16:21","slug":"tragedie-en-suisse-le-bilan-salourdit-apres-la-catastrophe-dune-boite-de-nuit-a-geneve","status":"publish","type":"post","link":"https:\/\/bobea.net\/index.php\/2026\/01\/04\/tragedie-en-suisse-le-bilan-salourdit-apres-la-catastrophe-dune-boite-de-nuit-a-geneve\/","title":{"rendered":"Trag\u00e9die en Suisse : Le bilan s\u2019alourdit apr\u00e8s la catastrophe d\u2019une bo\u00eete de nuit \u00e0 Gen\u00e8ve"},"content":{"rendered":"\n<p><strong>Le monde de la nuit est en deuil. Une cat\u00ada\u00adstro\u00adphe d\u2019une ampleur in\u00e9dite a frap\u00adp\u00e9 une dis\u00adcoth\u00e8que genevoise ce week-end, faisant de nom\u00adbreuses vic\u00adtimes et lais\u00adsant une ville sous le choc. L\u2019enqu\u00eate s\u2019oriente vers un d\u00e9faut struc\u00adturel majeur.<\/strong><\/p>\n\n\n\n<p><strong>Une soir\u00e9e fes\u00adtive qui bas\u00adcule dans l\u2019hor\u00adreur<\/strong><\/p>\n\n\n\n<p>Le drame s\u2019est pro\u00adduit aux alen\u00adtours de deux heures du matin, alors que l\u2019\u00e9tab\u00adlisse\u00adment affichait com\u00adplet. En quelques sec\u00adon\u00addes, une par\u00adtie du pla\u00adfond de cette bo\u00eete de nuit r\u00e9put\u00e9e s\u2019est effon\u00addr\u00e9e sur la foule. Les sec\u00adours, arriv\u00e9s mas\u00adsive\u00adment sur les lieux, ont tra\u00advail\u00adl\u00e9 toute la nuit dans des con\u00addi\u00adtions extr\u00eame\u00adment dif\u00adfi\u00adciles pour extraire les bless\u00e9s des d\u00e9com\u00adbres.<\/p>\n\n\n\n<figure class=\"wp-block-image size-large\"><img loading=\"lazy\" decoding=\"async\" width=\"1024\" height=\"576\" src=\"https:\/\/bobea.net\/wp-content\/uploads\/2026\/01\/image-4-1024x576.png\" alt class=\"wp-image-28481\" srcset=\"https:\/\/bobea.net\/wp-content\/uploads\/2026\/01\/image-4-1024x576.png 1024w, https:\/\/bobea.net\/wp-content\/uploads\/2026\/01\/image-4-300x169.png 300w, https:\/\/bobea.net\/wp-content\/uploads\/2026\/01\/image-4-768x432.png 768w, https:\/\/bobea.net\/wp-content\/uploads\/2026\/01\/image-4.png 1280w\" sizes=\"(max-width: 1024px) 100vw, 1024px\"><\/figure>\n\n\n\n<p>Ce lun\u00addi, Gen\u00e8ve se r\u00e9veille avec un sen\u00adti\u00adment d\u2019in\u00adcr\u00e9\u00addulit\u00e9. Les autorit\u00e9s suiss\u00ades ont imm\u00e9\u00addi\u00adate\u00adment ordon\u00adn\u00e9 la fer\u00adme\u00adture de tous les \u00e9tab\u00adlisse\u00adments sim\u00adi\u00adlaires pour des v\u00e9ri\u00adfi\u00adca\u00adtions de s\u00e9cu\u00adrit\u00e9 d\u2019ur\u00adgence. La ques\u00adtion de l\u2019en\u00adtre\u00adtien des b\u00e2ti\u00adments anciens trans\u00adfor\u00adm\u00e9s en lieux de f\u00eate est d\u00e9sor\u00admais au c\u0153ur du d\u00e9bat pub\u00adlic.<\/p>\n\n\n\n<p><strong>Un \u00e9lan de sol\u00adi\u00addar\u00adit\u00e9 nationale<\/strong><\/p>\n\n\n\n<p>Face \u00e0 l\u2019am\u00adpleur de la trag\u00e9die, un cen\u00adtre de sou\u00adtien psy\u00adchologique a \u00e9t\u00e9 ouvert. Les mes\u00adsages de con\u00addol\u00e9ances afflu\u00adent de toute l\u2019Eu\u00adrope. Ce drame rap\u00adpelle la fragilit\u00e9 des normes de s\u00e9cu\u00adrit\u00e9 dans les lieux de haute fr\u00e9quen\u00adta\u00adtion et pose la ques\u00adtion de la respon\u00ads\u00adabil\u00adit\u00e9 des exploitants et des ser\u00advices de con\u00adtr\u00f4le tech\u00adnique en 2026.<\/p>\n","protected":false},"excerpt":{"rendered":"<p>Le monde de la nuit est en deuil. Une cat\u00ada\u00adstro\u00adphe d\u2019une ampleur in\u00e9dite a frap\u00adp\u00e9 une dis\u00adcoth\u00e8que genevoise ce week-end, faisant de nom\u00adbreuses vic\u00adtimes et lais\u00adsant une ville sous le\u2026 <\/p>\n","protected":false},"author":1,"featured_media":28480,"comment_status":"open","ping_status":"closed","sticky":false,"template":"","format":"standard","meta":{"wp_typography_post_enhancements_disabled":false,"footnotes":""},"categories":[73],"tags":[21025,21026,21027,21029,21030,21028],"class_list":["post-28479","post","type-post","status-publish","format-standard","has-post-thumbnail","hentry","category-on-en-parle","tag-actualite-suisse-2026","tag-catastrophe-suisse","tag-drame-boite-de-nuit-geneve","tag-effondrement-discotheque","tag-faits-divers-geneve","tag-securite-etablissements-publics"],"yoast_head":"<!-- This site is optimized with the Yoast SEO plugin v24.7 - https:\/\/yoast.com\/wordpress\/plugins\/seo\/ -->\n<title>Trag\u00e9die en Suisse : Le bilan s&#039;alourdit apr\u00e8s la catastrophe d&#039;une bo\u00eete de nuit \u00e0 Gen\u00e8ve - Bobea<\/title>\n<meta name=\"description\" content=\"Le monde de la nuit est en deuil. Une catastrophe d&#039;une ampleur in\u00e9dite a frapp\u00e9 une discoth\u00e8que genevoise ce week-end\" \/>\n<meta name=\"robots\" content=\"index, follow, max-snippet:-1, max-image-preview:large, max-video-preview:-1\" \/>\n<link rel=\"canonical\" href=\"https:\/\/bobea.net\/index.php\/2026\/01\/04\/tragedie-en-suisse-le-bilan-salourdit-apres-la-catastrophe-dune-boite-de-nuit-a-geneve\/\" \/>\n<meta property=\"og:locale\" content=\"fr_FR\" \/>\n<meta property=\"og:type\" content=\"article\" \/>\n<meta property=\"og:title\" content=\"Trag\u00e9die en Suisse : Le bilan s&#039;alourdit apr\u00e8s la catastrophe d&#039;une bo\u00eete de nuit \u00e0 Gen\u00e8ve - Bobea\" \/>\n<meta property=\"og:description\" content=\"Le monde de la nuit est en deuil. Une catastrophe d&#039;une ampleur in\u00e9dite a frapp\u00e9 une discoth\u00e8que genevoise ce week-end\" \/>\n<meta property=\"og:url\" content=\"https:\/\/bobea.net\/index.php\/2026\/01\/04\/tragedie-en-suisse-le-bilan-salourdit-apres-la-catastrophe-dune-boite-de-nuit-a-geneve\/\" \/>\n<meta property=\"og:site_name\" content=\"Bobea\" \/>\n<meta property=\"article:publisher\" content=\"https:\/\/web.facebook.com\/profile.php?id=61559252188416\" \/>\n<meta property=\"article:published_time\" content=\"2026-01-04T09:16:19+00:00\" \/>\n<meta property=\"article:modified_time\" content=\"2026-01-04T09:16:21+00:00\" \/>\n<meta property=\"og:image\" content=\"https:\/\/bobea.net\/wp-content\/uploads\/2026\/01\/Des-personnes-en-deuil-se-rassemblent-devant-des-fleurs-et-des-bougies-deposees-pres-du-lieu-ou-un-incendie-a-ravage-un-bar-bonde-lors-des-celebrations-du-Nouvel-An-a-Crans-Montana-station-de-ski-alpine-.jpg\" \/>\n\t<meta property=\"og:image:width\" content=\"2032\" \/>\n\t<meta property=\"og:image:height\" content=\"1143\" \/>\n\t<meta property=\"og:image:type\" content=\"image\/jpeg\" \/>\n<meta name=\"author\" content=\"bobea.info\" \/>\n<meta name=\"twitter:card\" content=\"summary_large_image\" \/>\n<meta name=\"twitter:label1\" content=\"\u00c9crit par\" \/>\n\t<meta name=\"twitter:data1\" content=\"bobea.info\" \/>\n\t<meta name=\"twitter:label2\" content=\"Dur\u00e9e de lecture estim\u00e9e\" \/>\n\t<meta name=\"twitter:data2\" content=\"2 minutes\" \/>\n<script type=\"application\/ld+json\" class=\"yoast-schema-graph\">{\"@context\":\"https:\/\/schema.org\",\"@graph\":[{\"@type\":\"Article\",\"@id\":\"https:\/\/bobea.net\/index.php\/2026\/01\/04\/tragedie-en-suisse-le-bilan-salourdit-apres-la-catastrophe-dune-boite-de-nuit-a-geneve\/#article\",\"isPartOf\":{\"@id\":\"https:\/\/bobea.net\/index.php\/2026\/01\/04\/tragedie-en-suisse-le-bilan-salourdit-apres-la-catastrophe-dune-boite-de-nuit-a-geneve\/\"},\"author\":{\"name\":\"bobea.info\",\"@id\":\"https:\/\/bobea.net\/#\/schema\/person\/e7f45ef187918d7c956bf619dce90ccf\"},\"headline\":\"Trag\u00e9die en Suisse : Le bilan s\u2019alourdit apr\u00e8s la catastrophe d\u2019une bo\u00eete de nuit \u00e0 Gen\u00e8ve\",\"datePublished\":\"2026-01-04T09:16:19+00:00\",\"dateModified\":\"2026-01-04T09:16:21+00:00\",\"mainEntityOfPage\":{\"@id\":\"https:\/\/bobea.net\/index.php\/2026\/01\/04\/tragedie-en-suisse-le-bilan-salourdit-apres-la-catastrophe-dune-boite-de-nuit-a-geneve\/\"},\"wordCount\":269,\"commentCount\":0,\"publisher\":{\"@id\":\"https:\/\/bobea.net\/#organization\"},\"image\":{\"@id\":\"https:\/\/bobea.net\/index.php\/2026\/01\/04\/tragedie-en-suisse-le-bilan-salourdit-apres-la-catastrophe-dune-boite-de-nuit-a-geneve\/#primaryimage\"},\"thumbnailUrl\":\"https:\/\/bobea.net\/wp-content\/uploads\/2026\/01\/Des-personnes-en-deuil-se-rassemblent-devant-des-fleurs-et-des-bougies-deposees-pres-du-lieu-ou-un-incendie-a-ravage-un-bar-bonde-lors-des-celebrations-du-Nouvel-An-a-Crans-Montana-station-de-ski-alpine-.jpg\",\"keywords\":[\"actualit\u00e9 Suisse 2026\",\"Catastrophe Suisse\",\"drame bo\u00eete de nuit Gen\u00e8ve\",\"effondrement discoth\u00e8que\",\"faits divers Gen\u00e8ve.\",\"s\u00e9curit\u00e9 \u00e9tablissements publics\"],\"articleSection\":[\"On en Parle\"],\"inLanguage\":\"fr-FR\",\"potentialAction\":[{\"@type\":\"CommentAction\",\"name\":\"Comment\",\"target\":[\"https:\/\/bobea.net\/index.php\/2026\/01\/04\/tragedie-en-suisse-le-bilan-salourdit-apres-la-catastrophe-dune-boite-de-nuit-a-geneve\/#respond\"]}]},{\"@type\":\"WebPage\",\"@id\":\"https:\/\/bobea.net\/index.php\/2026\/01\/04\/tragedie-en-suisse-le-bilan-salourdit-apres-la-catastrophe-dune-boite-de-nuit-a-geneve\/\",\"url\":\"https:\/\/bobea.net\/index.php\/2026\/01\/04\/tragedie-en-suisse-le-bilan-salourdit-apres-la-catastrophe-dune-boite-de-nuit-a-geneve\/\",\"name\":\"Trag\u00e9die en Suisse : Le bilan s'alourdit apr\u00e8s la catastrophe d'une bo\u00eete de nuit \u00e0 Gen\u00e8ve - Bobea\",\"isPartOf\":{\"@id\":\"https:\/\/bobea.net\/#website\"},\"primaryImageOfPage\":{\"@id\":\"https:\/\/bobea.net\/index.php\/2026\/01\/04\/tragedie-en-suisse-le-bilan-salourdit-apres-la-catastrophe-dune-boite-de-nuit-a-geneve\/#primaryimage\"},\"image\":{\"@id\":\"https:\/\/bobea.net\/index.php\/2026\/01\/04\/tragedie-en-suisse-le-bilan-salourdit-apres-la-catastrophe-dune-boite-de-nuit-a-geneve\/#primaryimage\"},\"thumbnailUrl\":\"https:\/\/bobea.net\/wp-content\/uploads\/2026\/01\/Des-personnes-en-deuil-se-rassemblent-devant-des-fleurs-et-des-bougies-deposees-pres-du-lieu-ou-un-incendie-a-ravage-un-bar-bonde-lors-des-celebrations-du-Nouvel-An-a-Crans-Montana-station-de-ski-alpine-.jpg\",\"datePublished\":\"2026-01-04T09:16:19+00:00\",\"dateModified\":\"2026-01-04T09:16:21+00:00\",\"description\":\"Le monde de la nuit est en deuil. Une catastrophe d'une ampleur in\u00e9dite a frapp\u00e9 une discoth\u00e8que genevoise ce week-end\",\"breadcrumb\":{\"@id\":\"https:\/\/bobea.net\/index.php\/2026\/01\/04\/tragedie-en-suisse-le-bilan-salourdit-apres-la-catastrophe-dune-boite-de-nuit-a-geneve\/#breadcrumb\"},\"inLanguage\":\"fr-FR\",\"potentialAction\":[{\"@type\":\"ReadAction\",\"target\":[\"https:\/\/bobea.net\/index.php\/2026\/01\/04\/tragedie-en-suisse-le-bilan-salourdit-apres-la-catastrophe-dune-boite-de-nuit-a-geneve\/\"]}]},{\"@type\":\"ImageObject\",\"inLanguage\":\"fr-FR\",\"@id\":\"https:\/\/bobea.net\/index.php\/2026\/01\/04\/tragedie-en-suisse-le-bilan-salourdit-apres-la-catastrophe-dune-boite-de-nuit-a-geneve\/#primaryimage\",\"url\":\"https:\/\/bobea.net\/wp-content\/uploads\/2026\/01\/Des-personnes-en-deuil-se-rassemblent-devant-des-fleurs-et-des-bougies-deposees-pres-du-lieu-ou-un-incendie-a-ravage-un-bar-bonde-lors-des-celebrations-du-Nouvel-An-a-Crans-Montana-station-de-ski-alpine-.jpg\",\"contentUrl\":\"https:\/\/bobea.net\/wp-content\/uploads\/2026\/01\/Des-personnes-en-deuil-se-rassemblent-devant-des-fleurs-et-des-bougies-deposees-pres-du-lieu-ou-un-incendie-a-ravage-un-bar-bonde-lors-des-celebrations-du-Nouvel-An-a-Crans-Montana-station-de-ski-alpine-.jpg\",\"width\":2032,\"height\":1143},{\"@type\":\"BreadcrumbList\",\"@id\":\"https:\/\/bobea.net\/index.php\/2026\/01\/04\/tragedie-en-suisse-le-bilan-salourdit-apres-la-catastrophe-dune-boite-de-nuit-a-geneve\/#breadcrumb\",\"itemListElement\":[{\"@type\":\"ListItem\",\"position\":1,\"name\":\"Accueil\",\"item\":\"https:\/\/bobea.net\/\"},{\"@type\":\"ListItem\",\"position\":2,\"name\":\"Trag\u00e9die en Suisse : Le bilan s&rsquo;alourdit apr\u00e8s la catastrophe d&rsquo;une bo\u00eete de nuit \u00e0 Gen\u00e8ve\"}]},{\"@type\":\"WebSite\",\"@id\":\"https:\/\/bobea.net\/#website\",\"url\":\"https:\/\/bobea.net\/\",\"name\":\"Bobea\",\"description\":\"Le magazine de la nouvelle \u00c8ve\",\"publisher\":{\"@id\":\"https:\/\/bobea.net\/#organization\"},\"potentialAction\":[{\"@type\":\"SearchAction\",\"target\":{\"@type\":\"EntryPoint\",\"urlTemplate\":\"https:\/\/bobea.net\/?s={search_term_string}\"},\"query-input\":{\"@type\":\"PropertyValueSpecification\",\"valueRequired\":true,\"valueName\":\"search_term_string\"}}],\"inLanguage\":\"fr-FR\"},{\"@type\":\"Organization\",\"@id\":\"https:\/\/bobea.net\/#organization\",\"name\":\"Bobea\",\"url\":\"https:\/\/bobea.net\/\",\"logo\":{\"@type\":\"ImageObject\",\"inLanguage\":\"fr-FR\",\"@id\":\"https:\/\/bobea.net\/#\/schema\/logo\/image\/\",\"url\":\"https:\/\/bobea.net\/wp-content\/uploads\/2024\/06\/bobea.jpg\",\"contentUrl\":\"https:\/\/bobea.net\/wp-content\/uploads\/2024\/06\/bobea.jpg\",\"width\":1080,\"height\":1080,\"caption\":\"Bobea\"},\"image\":{\"@id\":\"https:\/\/bobea.net\/#\/schema\/logo\/image\/\"},\"sameAs\":[\"https:\/\/web.facebook.com\/profile.php?id=61559252188416\"]},{\"@type\":\"Person\",\"@id\":\"https:\/\/bobea.net\/#\/schema\/person\/e7f45ef187918d7c956bf619dce90ccf\",\"name\":\"bobea.info\",\"image\":{\"@type\":\"ImageObject\",\"inLanguage\":\"fr-FR\",\"@id\":\"https:\/\/bobea.net\/#\/schema\/person\/image\/\",\"url\":\"https:\/\/secure.gravatar.com\/avatar\/36147980349df887ae30808df3e29474?s=96&d=mm&r=g\",\"contentUrl\":\"https:\/\/secure.gravatar.com\/avatar\/36147980349df887ae30808df3e29474?s=96&d=mm&r=g\",\"caption\":\"bobea.info\"},\"sameAs\":[\"https:\/\/bobea.net\"],\"url\":\"https:\/\/bobea.net\/index.php\/author\/bobea-info\/\"}]}<\/script>\n<!-- \/ Yoast SEO plugin. -->","yoast_head_json":{"title":"Trag\u00e9die en Suisse : Le bilan s'alourdit apr\u00e8s la catastrophe d'une bo\u00eete de nuit \u00e0 Gen\u00e8ve - Bobea","description":"Le monde de la nuit est en deuil. Une catastrophe d'une ampleur in\u00e9dite a frapp\u00e9 une discoth\u00e8que genevoise ce week-end","robots":{"index":"index","follow":"follow","max-snippet":"max-snippet:-1","max-image-preview":"max-image-preview:large","max-video-preview":"max-video-preview:-1"},"canonical":"https:\/\/bobea.net\/index.php\/2026\/01\/04\/tragedie-en-suisse-le-bilan-salourdit-apres-la-catastrophe-dune-boite-de-nuit-a-geneve\/","og_locale":"fr_FR","og_type":"article","og_title":"Trag\u00e9die en Suisse : Le bilan s'alourdit apr\u00e8s la catastrophe d'une bo\u00eete de nuit \u00e0 Gen\u00e8ve - Bobea","og_description":"Le monde de la nuit est en deuil. Une catastrophe d'une ampleur in\u00e9dite a frapp\u00e9 une discoth\u00e8que genevoise ce week-end","og_url":"https:\/\/bobea.net\/index.php\/2026\/01\/04\/tragedie-en-suisse-le-bilan-salourdit-apres-la-catastrophe-dune-boite-de-nuit-a-geneve\/","og_site_name":"Bobea","article_publisher":"https:\/\/web.facebook.com\/profile.php?id=61559252188416","article_published_time":"2026-01-04T09:16:19+00:00","article_modified_time":"2026-01-04T09:16:21+00:00","og_image":[{"width":2032,"height":1143,"url":"https:\/\/bobea.net\/wp-content\/uploads\/2026\/01\/Des-personnes-en-deuil-se-rassemblent-devant-des-fleurs-et-des-bougies-deposees-pres-du-lieu-ou-un-incendie-a-ravage-un-bar-bonde-lors-des-celebrations-du-Nouvel-An-a-Crans-Montana-station-de-ski-alpine-.jpg","type":"image\/jpeg"}],"author":"bobea.info","twitter_card":"summary_large_image","twitter_misc":{"\u00c9crit par":"bobea.info","Dur\u00e9e de lecture estim\u00e9e":"2 minutes"},"schema":{"@context":"https:\/\/schema.org","@graph":[{"@type":"Article","@id":"https:\/\/bobea.net\/index.php\/2026\/01\/04\/tragedie-en-suisse-le-bilan-salourdit-apres-la-catastrophe-dune-boite-de-nuit-a-geneve\/#article","isPartOf":{"@id":"https:\/\/bobea.net\/index.php\/2026\/01\/04\/tragedie-en-suisse-le-bilan-salourdit-apres-la-catastrophe-dune-boite-de-nuit-a-geneve\/"},"author":{"name":"bobea.info","@id":"https:\/\/bobea.net\/#\/schema\/person\/e7f45ef187918d7c956bf619dce90ccf"},"headline":"Trag\u00e9die en Suisse : Le bilan s\u2019alourdit apr\u00e8s la catastrophe d\u2019une bo\u00eete de nuit \u00e0 Gen\u00e8ve","datePublished":"2026-01-04T09:16:19+00:00","dateModified":"2026-01-04T09:16:21+00:00","mainEntityOfPage":{"@id":"https:\/\/bobea.net\/index.php\/2026\/01\/04\/tragedie-en-suisse-le-bilan-salourdit-apres-la-catastrophe-dune-boite-de-nuit-a-geneve\/"},"wordCount":269,"commentCount":0,"publisher":{"@id":"https:\/\/bobea.net\/#organization"},"image":{"@id":"https:\/\/bobea.net\/index.php\/2026\/01\/04\/tragedie-en-suisse-le-bilan-salourdit-apres-la-catastrophe-dune-boite-de-nuit-a-geneve\/#primaryimage"},"thumbnailUrl":"https:\/\/bobea.net\/wp-content\/uploads\/2026\/01\/Des-personnes-en-deuil-se-rassemblent-devant-des-fleurs-et-des-bougies-deposees-pres-du-lieu-ou-un-incendie-a-ravage-un-bar-bonde-lors-des-celebrations-du-Nouvel-An-a-Crans-Montana-station-de-ski-alpine-.jpg","keywords":["actualit\u00e9 Suisse 2026","Catastrophe Suisse","drame bo\u00eete de nuit Gen\u00e8ve","effondrement discoth\u00e8que","faits divers Gen\u00e8ve.","s\u00e9curit\u00e9 \u00e9tablissements publics"],"articleSection":["On en Parle"],"inLanguage":"fr-FR","potentialAction":[{"@type":"CommentAction","name":"Comment","target":["https:\/\/bobea.net\/index.php\/2026\/01\/04\/tragedie-en-suisse-le-bilan-salourdit-apres-la-catastrophe-dune-boite-de-nuit-a-geneve\/#respond"]}]},{"@type":"WebPage","@id":"https:\/\/bobea.net\/index.php\/2026\/01\/04\/tragedie-en-suisse-le-bilan-salourdit-apres-la-catastrophe-dune-boite-de-nuit-a-geneve\/","url":"https:\/\/bobea.net\/index.php\/2026\/01\/04\/tragedie-en-suisse-le-bilan-salourdit-apres-la-catastrophe-dune-boite-de-nuit-a-geneve\/","name":"Trag\u00e9die en Suisse : Le bilan s'alourdit apr\u00e8s la catastrophe d'une bo\u00eete de nuit \u00e0 Gen\u00e8ve - Bobea","isPartOf":{"@id":"https:\/\/bobea.net\/#website"},"primaryImageOfPage":{"@id":"https:\/\/bobea.net\/index.php\/2026\/01\/04\/tragedie-en-suisse-le-bilan-salourdit-apres-la-catastrophe-dune-boite-de-nuit-a-geneve\/#primaryimage"},"image":{"@id":"https:\/\/bobea.net\/index.php\/2026\/01\/04\/tragedie-en-suisse-le-bilan-salourdit-apres-la-catastrophe-dune-boite-de-nuit-a-geneve\/#primaryimage"},"thumbnailUrl":"https:\/\/bobea.net\/wp-content\/uploads\/2026\/01\/Des-personnes-en-deuil-se-rassemblent-devant-des-fleurs-et-des-bougies-deposees-pres-du-lieu-ou-un-incendie-a-ravage-un-bar-bonde-lors-des-celebrations-du-Nouvel-An-a-Crans-Montana-station-de-ski-alpine-.jpg","datePublished":"2026-01-04T09:16:19+00:00","dateModified":"2026-01-04T09:16:21+00:00","description":"Le monde de la nuit est en deuil. Une catastrophe d'une ampleur in\u00e9dite a frapp\u00e9 une discoth\u00e8que genevoise ce week-end","breadcrumb":{"@id":"https:\/\/bobea.net\/index.php\/2026\/01\/04\/tragedie-en-suisse-le-bilan-salourdit-apres-la-catastrophe-dune-boite-de-nuit-a-geneve\/#breadcrumb"},"inLanguage":"fr-FR","potentialAction":[{"@type":"ReadAction","target":["https:\/\/bobea.net\/index.php\/2026\/01\/04\/tragedie-en-suisse-le-bilan-salourdit-apres-la-catastrophe-dune-boite-de-nuit-a-geneve\/"]}]},{"@type":"ImageObject","inLanguage":"fr-FR","@id":"https:\/\/bobea.net\/index.php\/2026\/01\/04\/tragedie-en-suisse-le-bilan-salourdit-apres-la-catastrophe-dune-boite-de-nuit-a-geneve\/#primaryimage","url":"https:\/\/bobea.net\/wp-content\/uploads\/2026\/01\/Des-personnes-en-deuil-se-rassemblent-devant-des-fleurs-et-des-bougies-deposees-pres-du-lieu-ou-un-incendie-a-ravage-un-bar-bonde-lors-des-celebrations-du-Nouvel-An-a-Crans-Montana-station-de-ski-alpine-.jpg","contentUrl":"https:\/\/bobea.net\/wp-content\/uploads\/2026\/01\/Des-personnes-en-deuil-se-rassemblent-devant-des-fleurs-et-des-bougies-deposees-pres-du-lieu-ou-un-incendie-a-ravage-un-bar-bonde-lors-des-celebrations-du-Nouvel-An-a-Crans-Montana-station-de-ski-alpine-.jpg","width":2032,"height":1143},{"@type":"BreadcrumbList","@id":"https:\/\/bobea.net\/index.php\/2026\/01\/04\/tragedie-en-suisse-le-bilan-salourdit-apres-la-catastrophe-dune-boite-de-nuit-a-geneve\/#breadcrumb","itemListElement":[{"@type":"ListItem","position":1,"name":"Accueil","item":"https:\/\/bobea.net\/"},{"@type":"ListItem","position":2,"name":"Trag\u00e9die en Suisse : Le bilan s&rsquo;alourdit apr\u00e8s la catastrophe d&rsquo;une bo\u00eete de nuit \u00e0 Gen\u00e8ve"}]},{"@type":"WebSite","@id":"https:\/\/bobea.net\/#website","url":"https:\/\/bobea.net\/","name":"Bobea","description":"Le magazine de la nouvelle \u00c8ve","publisher":{"@id":"https:\/\/bobea.net\/#organization"},"potentialAction":[{"@type":"SearchAction","target":{"@type":"EntryPoint","urlTemplate":"https:\/\/bobea.net\/?s={search_term_string}"},"query-input":{"@type":"PropertyValueSpecification","valueRequired":true,"valueName":"search_term_string"}}],"inLanguage":"fr-FR"},{"@type":"Organization","@id":"https:\/\/bobea.net\/#organization","name":"Bobea","url":"https:\/\/bobea.net\/","logo":{"@type":"ImageObject","inLanguage":"fr-FR","@id":"https:\/\/bobea.net\/#\/schema\/logo\/image\/","url":"https:\/\/bobea.net\/wp-content\/uploads\/2024\/06\/bobea.jpg","contentUrl":"https:\/\/bobea.net\/wp-content\/uploads\/2024\/06\/bobea.jpg","width":1080,"height":1080,"caption":"Bobea"},"image":{"@id":"https:\/\/bobea.net\/#\/schema\/logo\/image\/"},"sameAs":["https:\/\/web.facebook.com\/profile.php?id=61559252188416"]},{"@type":"Person","@id":"https:\/\/bobea.net\/#\/schema\/person\/e7f45ef187918d7c956bf619dce90ccf","name":"bobea.info","image":{"@type":"ImageObject","inLanguage":"fr-FR","@id":"https:\/\/bobea.net\/#\/schema\/person\/image\/","url":"https:\/\/secure.gravatar.com\/avatar\/36147980349df887ae30808df3e29474?s=96&d=mm&r=g","contentUrl":"https:\/\/secure.gravatar.com\/avatar\/36147980349df887ae30808df3e29474?s=96&d=mm&r=g","caption":"bobea.info"},"sameAs":["https:\/\/bobea.net"],"url":"https:\/\/bobea.net\/index.php\/author\/bobea-info\/"}]}},"_links":{"self":[{"href":"https:\/\/bobea.net\/index.php\/wp-json\/wp\/v2\/posts\/28479"}],"collection":[{"href":"https:\/\/bobea.net\/index.php\/wp-json\/wp\/v2\/posts"}],"about":[{"href":"https:\/\/bobea.net\/index.php\/wp-json\/wp\/v2\/types\/post"}],"author":[{"embeddable":true,"href":"https:\/\/bobea.net\/index.php\/wp-json\/wp\/v2\/users\/1"}],"replies":[{"embeddable":true,"href":"https:\/\/bobea.net\/index.php\/wp-json\/wp\/v2\/comments?post=28479"}],"version-history":[{"count":1,"href":"https:\/\/bobea.net\/index.php\/wp-json\/wp\/v2\/posts\/28479\/revisions"}],"predecessor-version":[{"id":28482,"href":"https:\/\/bobea.net\/index.php\/wp-json\/wp\/v2\/posts\/28479\/revisions\/28482"}],"wp:featuredmedia":[{"embeddable":true,"href":"https:\/\/bobea.net\/index.php\/wp-json\/wp\/v2\/media\/28480"}],"wp:attachment":[{"href":"https:\/\/bobea.net\/index.php\/wp-json\/wp\/v2\/media?parent=28479"}],"wp:term":[{"taxonomy":"category","embeddable":true,"href":"https:\/\/bobea.net\/index.php\/wp-json\/wp\/v2\/categories?post=28479"},{"taxonomy":"post_tag","embeddable":true,"href":"https:\/\/bobea.net\/index.php\/wp-json\/wp\/v2\/tags?post=28479"}],"curies":[{"name":"wp","href":"https:\/\/api.w.org\/{rel}","templated":true}]}}