{"id":28475,"date":"2026-01-04T09:09:55","date_gmt":"2026-01-04T09:09:55","guid":{"rendered":"https:\/\/bobea.net\/?p=28475"},"modified":"2026-01-04T09:09:57","modified_gmt":"2026-01-04T09:09:57","slug":"donald-trump-au-venezuela-le-retour-du-sherif-de-lamerique-latine-en-2026","status":"publish","type":"post","link":"https:\/\/bobea.net\/index.php\/2026\/01\/04\/donald-trump-au-venezuela-le-retour-du-sherif-de-lamerique-latine-en-2026\/","title":{"rendered":"Donald Trump au Venezuela : Le retour du \u00ab Sh\u00e9rif \u00bb de l\u2019Am\u00e9rique latine en 2026"},"content":{"rendered":"\n<p><strong>Depuis sa r\u00e9\u00e9lec\u00adtion, Don\u00adald Trump a fait du dossier v\u00e9n\u00e9zu\u00e9lien une pri\u00ador\u00adit\u00e9 absolue de sa poli\u00adtique \u00e9trang\u00e8re. En adop\u00adtant une pos\u00adture de \u00ab Sh\u00e9rif \u00bb con\u00adti\u00adnen\u00adtal, le pr\u00e9si\u00addent am\u00e9ri\u00adcain mus\u00adcle son dis\u00adcours et ses actions, provo\u00adquant une onde de choc diplo\u00adma\u00adtique dans toute l\u2019Am\u00e9rique latine.<\/strong><\/p>\n\n\n\n<p><strong>Une strat\u00e9gie de pres\u00adsion max\u00adi\u00admale<\/strong><\/p>\n\n\n\n<p>Don\u00adald Trump n\u2019a jamais cach\u00e9 son inten\u00adtion de remod\u00adel\u00ader l\u2019influence am\u00e9ri\u00adcaine dans son \u00ab arri\u00e8re-cour \u00bb. En ce d\u00e9but d\u2019an\u00adn\u00e9e 2026, Wash\u00ading\u00adton a inten\u00adsi\u00adfi\u00e9 les sanc\u00adtions \u00e9conomiques con\u00adtre Cara\u00adcas, tout en ren\u00adfor\u00e7ant la pr\u00e9sence navale am\u00e9ri\u00adcaine dans les eaux inter\u00adna\u00adtionales lim\u00aditro\u00adphes. Cette pos\u00adture, qual\u00adi\u00adfi\u00e9e de \u00ab diplo\u00admatie du Sh\u00e9rif \u00bb, vise \u00e0 isol\u00ader davan\u00adtage le r\u00e9gime en place et \u00e0 exiger des r\u00e9formes imm\u00e9\u00addi\u00adates.<\/p>\n\n\n\n<figure class=\"wp-block-image size-full is-resized\"><img loading=\"lazy\" decoding=\"async\" width=\"836\" height=\"557\" src=\"https:\/\/bobea.net\/wp-content\/uploads\/2026\/01\/2299265.webp\" alt class=\"wp-image-28477\" style=\"width:840px;height:auto\" srcset=\"https:\/\/bobea.net\/wp-content\/uploads\/2026\/01\/2299265.webp 836w, https:\/\/bobea.net\/wp-content\/uploads\/2026\/01\/2299265-300x200.webp 300w, https:\/\/bobea.net\/wp-content\/uploads\/2026\/01\/2299265-768x512.webp 768w\" sizes=\"(max-width: 836px) 100vw, 836px\"><\/figure>\n\n\n\n<p>Le dis\u00adcours est clair : les \u00c9tats-Unis se posent en garants de l\u2019or\u00addre et de la s\u00e9cu\u00adrit\u00e9 \u00e9nerg\u00e9\u00adtique dans la r\u00e9gion. Pour Trump, le Venezuela n\u2019est pas seule\u00adment un enjeu poli\u00adtique, c\u2019est une pi\u00e8ce ma\u00eetresse de sa strat\u00e9gie de dom\u00adi\u00adna\u00adtion \u00e9conomique mon\u00addi\u00adale. Cette fer\u00admet\u00e9 s\u00e9duit une par\u00adtie de son \u00e9lec\u00adtorat, mais inqui\u00e8te les chan\u00adcel\u00adleries europ\u00e9ennes qui red\u00adoutent une d\u00e9sta\u00adbil\u00adi\u00adsa\u00adtion durable de la zone.<\/p>\n\n\n\n<p><strong>Les con\u00ads\u00e9quences sur les pop\u00adu\u00adla\u00adtions civiles<\/strong><\/p>\n\n\n\n<p>Der\u00adri\u00e8re les d\u00e9c\u00adla\u00adra\u00adtions mar\u00adtiales, la r\u00e9al\u00adit\u00e9 human\u00adi\u00adtaire au Venezuela reste pr\u00e9oc\u00adcu\u00adpante. Les obser\u00adva\u00adteurs inter\u00adna\u00adtionaux craig\u00adnent que ce bras de fer n\u2019ag\u00adgrave la crise migra\u00adtoire. Cepen\u00addant, l\u2019ad\u00admin\u00adis\u00adtra\u00adtion Trump affirme que ces mesures sont n\u00e9ces\u00adsaires pour provo\u00adquer un change\u00adment rad\u00adi\u00adcal. Le monde entier observe si cette poli\u00adtique de la force portera ses fruits ou si elle m\u00e8n\u00adera \u00e0 une impasse diplo\u00adma\u00adtique majeure en 2026.<\/p>\n","protected":false},"excerpt":{"rendered":"<p>Depuis sa r\u00e9\u00e9lec\u00adtion, Don\u00adald Trump a fait du dossier v\u00e9n\u00e9zu\u00e9lien une pri\u00ador\u00adit\u00e9 absolue de sa poli\u00adtique \u00e9trang\u00e8re. En adop\u00adtant une pos\u00adture de \u00ab Sh\u00e9rif \u00bb con\u00adti\u00adnen\u00adtal, le pr\u00e9si\u00addent am\u00e9ri\u00adcain mus\u00adcle\u2026 <\/p>\n","protected":false},"author":1,"featured_media":28476,"comment_status":"open","ping_status":"closed","sticky":false,"template":"","format":"standard","meta":{"wp_typography_post_enhancements_disabled":false,"footnotes":""},"categories":[73],"tags":[21024,21022,21020,21021,9411,21023],"class_list":["post-28475","post","type-post","status-publish","format-standard","has-post-thumbnail","hentry","category-on-en-parle","tag-diplomatie-trump","tag-donald-trump-2026","tag-geopolitique-amerique-latine","tag-politique-etrangere-usa","tag-sanctions-economiques","tag-venezuela-actualite"],"yoast_head":"<!-- This site is optimized with the Yoast SEO plugin v24.7 - https:\/\/yoast.com\/wordpress\/plugins\/seo\/ -->\n<title>Donald Trump au Venezuela : Le retour du \u00ab Sh\u00e9rif \u00bb de l\u2019Am\u00e9rique latine en 2026 - Bobea<\/title>\n<meta name=\"description\" content=\"Depuis sa r\u00e9\u00e9lection, Donald Trump a fait du dossier v\u00e9n\u00e9zu\u00e9lien une priorit\u00e9 absolue de sa politique \u00e9trang\u00e8re.\" \/>\n<meta name=\"robots\" content=\"index, follow, max-snippet:-1, max-image-preview:large, max-video-preview:-1\" \/>\n<link rel=\"canonical\" href=\"https:\/\/bobea.net\/index.php\/2026\/01\/04\/donald-trump-au-venezuela-le-retour-du-sherif-de-lamerique-latine-en-2026\/\" \/>\n<meta property=\"og:locale\" content=\"fr_FR\" \/>\n<meta property=\"og:type\" content=\"article\" \/>\n<meta property=\"og:title\" content=\"Donald Trump au Venezuela : Le retour du \u00ab Sh\u00e9rif \u00bb de l\u2019Am\u00e9rique latine en 2026 - Bobea\" \/>\n<meta property=\"og:description\" content=\"Depuis sa r\u00e9\u00e9lection, Donald Trump a fait du dossier v\u00e9n\u00e9zu\u00e9lien une priorit\u00e9 absolue de sa politique \u00e9trang\u00e8re.\" \/>\n<meta property=\"og:url\" content=\"https:\/\/bobea.net\/index.php\/2026\/01\/04\/donald-trump-au-venezuela-le-retour-du-sherif-de-lamerique-latine-en-2026\/\" \/>\n<meta property=\"og:site_name\" content=\"Bobea\" \/>\n<meta property=\"article:publisher\" content=\"https:\/\/web.facebook.com\/profile.php?id=61559252188416\" \/>\n<meta property=\"article:published_time\" content=\"2026-01-04T09:09:55+00:00\" \/>\n<meta property=\"article:modified_time\" content=\"2026-01-04T09:09:57+00:00\" \/>\n<meta property=\"og:image\" content=\"https:\/\/bobea.net\/wp-content\/uploads\/2026\/01\/2299233.webp\" \/>\n\t<meta property=\"og:image:width\" content=\"836\" \/>\n\t<meta property=\"og:image:height\" content=\"627\" \/>\n\t<meta property=\"og:image:type\" content=\"image\/webp\" \/>\n<meta name=\"author\" content=\"bobea.info\" \/>\n<meta name=\"twitter:card\" content=\"summary_large_image\" \/>\n<meta name=\"twitter:label1\" content=\"\u00c9crit par\" \/>\n\t<meta name=\"twitter:data1\" content=\"bobea.info\" \/>\n\t<meta name=\"twitter:label2\" content=\"Dur\u00e9e de lecture estim\u00e9e\" \/>\n\t<meta name=\"twitter:data2\" content=\"2 minutes\" \/>\n<script type=\"application\/ld+json\" class=\"yoast-schema-graph\">{\"@context\":\"https:\/\/schema.org\",\"@graph\":[{\"@type\":\"Article\",\"@id\":\"https:\/\/bobea.net\/index.php\/2026\/01\/04\/donald-trump-au-venezuela-le-retour-du-sherif-de-lamerique-latine-en-2026\/#article\",\"isPartOf\":{\"@id\":\"https:\/\/bobea.net\/index.php\/2026\/01\/04\/donald-trump-au-venezuela-le-retour-du-sherif-de-lamerique-latine-en-2026\/\"},\"author\":{\"name\":\"bobea.info\",\"@id\":\"https:\/\/bobea.net\/#\/schema\/person\/e7f45ef187918d7c956bf619dce90ccf\"},\"headline\":\"Donald Trump au Venezuela : Le retour du \u00ab Sh\u00e9rif \u00bb de l\u2019Am\u00e9rique latine en 2026\",\"datePublished\":\"2026-01-04T09:09:55+00:00\",\"dateModified\":\"2026-01-04T09:09:57+00:00\",\"mainEntityOfPage\":{\"@id\":\"https:\/\/bobea.net\/index.php\/2026\/01\/04\/donald-trump-au-venezuela-le-retour-du-sherif-de-lamerique-latine-en-2026\/\"},\"wordCount\":296,\"commentCount\":0,\"publisher\":{\"@id\":\"https:\/\/bobea.net\/#organization\"},\"image\":{\"@id\":\"https:\/\/bobea.net\/index.php\/2026\/01\/04\/donald-trump-au-venezuela-le-retour-du-sherif-de-lamerique-latine-en-2026\/#primaryimage\"},\"thumbnailUrl\":\"https:\/\/bobea.net\/wp-content\/uploads\/2026\/01\/2299233.webp\",\"keywords\":[\"diplomatie Trump\",\"Donald Trump 2026\",\"g\u00e9opolitique Am\u00e9rique latine\",\"politique \u00e9trang\u00e8re USA\",\"sanctions \u00e9conomiques\",\"Venezuela actualit\u00e9\"],\"articleSection\":[\"On en Parle\"],\"inLanguage\":\"fr-FR\",\"potentialAction\":[{\"@type\":\"CommentAction\",\"name\":\"Comment\",\"target\":[\"https:\/\/bobea.net\/index.php\/2026\/01\/04\/donald-trump-au-venezuela-le-retour-du-sherif-de-lamerique-latine-en-2026\/#respond\"]}]},{\"@type\":\"WebPage\",\"@id\":\"https:\/\/bobea.net\/index.php\/2026\/01\/04\/donald-trump-au-venezuela-le-retour-du-sherif-de-lamerique-latine-en-2026\/\",\"url\":\"https:\/\/bobea.net\/index.php\/2026\/01\/04\/donald-trump-au-venezuela-le-retour-du-sherif-de-lamerique-latine-en-2026\/\",\"name\":\"Donald Trump au Venezuela : Le retour du \u00ab Sh\u00e9rif \u00bb de l\u2019Am\u00e9rique latine en 2026 - Bobea\",\"isPartOf\":{\"@id\":\"https:\/\/bobea.net\/#website\"},\"primaryImageOfPage\":{\"@id\":\"https:\/\/bobea.net\/index.php\/2026\/01\/04\/donald-trump-au-venezuela-le-retour-du-sherif-de-lamerique-latine-en-2026\/#primaryimage\"},\"image\":{\"@id\":\"https:\/\/bobea.net\/index.php\/2026\/01\/04\/donald-trump-au-venezuela-le-retour-du-sherif-de-lamerique-latine-en-2026\/#primaryimage\"},\"thumbnailUrl\":\"https:\/\/bobea.net\/wp-content\/uploads\/2026\/01\/2299233.webp\",\"datePublished\":\"2026-01-04T09:09:55+00:00\",\"dateModified\":\"2026-01-04T09:09:57+00:00\",\"description\":\"Depuis sa r\u00e9\u00e9lection, Donald Trump a fait du dossier v\u00e9n\u00e9zu\u00e9lien une priorit\u00e9 absolue de sa politique \u00e9trang\u00e8re.\",\"breadcrumb\":{\"@id\":\"https:\/\/bobea.net\/index.php\/2026\/01\/04\/donald-trump-au-venezuela-le-retour-du-sherif-de-lamerique-latine-en-2026\/#breadcrumb\"},\"inLanguage\":\"fr-FR\",\"potentialAction\":[{\"@type\":\"ReadAction\",\"target\":[\"https:\/\/bobea.net\/index.php\/2026\/01\/04\/donald-trump-au-venezuela-le-retour-du-sherif-de-lamerique-latine-en-2026\/\"]}]},{\"@type\":\"ImageObject\",\"inLanguage\":\"fr-FR\",\"@id\":\"https:\/\/bobea.net\/index.php\/2026\/01\/04\/donald-trump-au-venezuela-le-retour-du-sherif-de-lamerique-latine-en-2026\/#primaryimage\",\"url\":\"https:\/\/bobea.net\/wp-content\/uploads\/2026\/01\/2299233.webp\",\"contentUrl\":\"https:\/\/bobea.net\/wp-content\/uploads\/2026\/01\/2299233.webp\",\"width\":836,\"height\":627},{\"@type\":\"BreadcrumbList\",\"@id\":\"https:\/\/bobea.net\/index.php\/2026\/01\/04\/donald-trump-au-venezuela-le-retour-du-sherif-de-lamerique-latine-en-2026\/#breadcrumb\",\"itemListElement\":[{\"@type\":\"ListItem\",\"position\":1,\"name\":\"Accueil\",\"item\":\"https:\/\/bobea.net\/\"},{\"@type\":\"ListItem\",\"position\":2,\"name\":\"Donald Trump au Venezuela : Le retour du \u00ab Sh\u00e9rif \u00bb de l\u2019Am\u00e9rique latine en 2026\"}]},{\"@type\":\"WebSite\",\"@id\":\"https:\/\/bobea.net\/#website\",\"url\":\"https:\/\/bobea.net\/\",\"name\":\"Bobea\",\"description\":\"Le magazine de la nouvelle \u00c8ve\",\"publisher\":{\"@id\":\"https:\/\/bobea.net\/#organization\"},\"potentialAction\":[{\"@type\":\"SearchAction\",\"target\":{\"@type\":\"EntryPoint\",\"urlTemplate\":\"https:\/\/bobea.net\/?s={search_term_string}\"},\"query-input\":{\"@type\":\"PropertyValueSpecification\",\"valueRequired\":true,\"valueName\":\"search_term_string\"}}],\"inLanguage\":\"fr-FR\"},{\"@type\":\"Organization\",\"@id\":\"https:\/\/bobea.net\/#organization\",\"name\":\"Bobea\",\"url\":\"https:\/\/bobea.net\/\",\"logo\":{\"@type\":\"ImageObject\",\"inLanguage\":\"fr-FR\",\"@id\":\"https:\/\/bobea.net\/#\/schema\/logo\/image\/\",\"url\":\"https:\/\/bobea.net\/wp-content\/uploads\/2024\/06\/bobea.jpg\",\"contentUrl\":\"https:\/\/bobea.net\/wp-content\/uploads\/2024\/06\/bobea.jpg\",\"width\":1080,\"height\":1080,\"caption\":\"Bobea\"},\"image\":{\"@id\":\"https:\/\/bobea.net\/#\/schema\/logo\/image\/\"},\"sameAs\":[\"https:\/\/web.facebook.com\/profile.php?id=61559252188416\"]},{\"@type\":\"Person\",\"@id\":\"https:\/\/bobea.net\/#\/schema\/person\/e7f45ef187918d7c956bf619dce90ccf\",\"name\":\"bobea.info\",\"image\":{\"@type\":\"ImageObject\",\"inLanguage\":\"fr-FR\",\"@id\":\"https:\/\/bobea.net\/#\/schema\/person\/image\/\",\"url\":\"https:\/\/secure.gravatar.com\/avatar\/36147980349df887ae30808df3e29474?s=96&d=mm&r=g\",\"contentUrl\":\"https:\/\/secure.gravatar.com\/avatar\/36147980349df887ae30808df3e29474?s=96&d=mm&r=g\",\"caption\":\"bobea.info\"},\"sameAs\":[\"https:\/\/bobea.net\"],\"url\":\"https:\/\/bobea.net\/index.php\/author\/bobea-info\/\"}]}<\/script>\n<!-- \/ Yoast SEO plugin. -->","yoast_head_json":{"title":"Donald Trump au Venezuela : Le retour du \u00ab Sh\u00e9rif \u00bb de l\u2019Am\u00e9rique latine en 2026 - Bobea","description":"Depuis sa r\u00e9\u00e9lection, Donald Trump a fait du dossier v\u00e9n\u00e9zu\u00e9lien une priorit\u00e9 absolue de sa politique \u00e9trang\u00e8re.","robots":{"index":"index","follow":"follow","max-snippet":"max-snippet:-1","max-image-preview":"max-image-preview:large","max-video-preview":"max-video-preview:-1"},"canonical":"https:\/\/bobea.net\/index.php\/2026\/01\/04\/donald-trump-au-venezuela-le-retour-du-sherif-de-lamerique-latine-en-2026\/","og_locale":"fr_FR","og_type":"article","og_title":"Donald Trump au Venezuela : Le retour du \u00ab Sh\u00e9rif \u00bb de l\u2019Am\u00e9rique latine en 2026 - Bobea","og_description":"Depuis sa r\u00e9\u00e9lection, Donald Trump a fait du dossier v\u00e9n\u00e9zu\u00e9lien une priorit\u00e9 absolue de sa politique \u00e9trang\u00e8re.","og_url":"https:\/\/bobea.net\/index.php\/2026\/01\/04\/donald-trump-au-venezuela-le-retour-du-sherif-de-lamerique-latine-en-2026\/","og_site_name":"Bobea","article_publisher":"https:\/\/web.facebook.com\/profile.php?id=61559252188416","article_published_time":"2026-01-04T09:09:55+00:00","article_modified_time":"2026-01-04T09:09:57+00:00","og_image":[{"width":836,"height":627,"url":"https:\/\/bobea.net\/wp-content\/uploads\/2026\/01\/2299233.webp","type":"image\/webp"}],"author":"bobea.info","twitter_card":"summary_large_image","twitter_misc":{"\u00c9crit par":"bobea.info","Dur\u00e9e de lecture estim\u00e9e":"2 minutes"},"schema":{"@context":"https:\/\/schema.org","@graph":[{"@type":"Article","@id":"https:\/\/bobea.net\/index.php\/2026\/01\/04\/donald-trump-au-venezuela-le-retour-du-sherif-de-lamerique-latine-en-2026\/#article","isPartOf":{"@id":"https:\/\/bobea.net\/index.php\/2026\/01\/04\/donald-trump-au-venezuela-le-retour-du-sherif-de-lamerique-latine-en-2026\/"},"author":{"name":"bobea.info","@id":"https:\/\/bobea.net\/#\/schema\/person\/e7f45ef187918d7c956bf619dce90ccf"},"headline":"Donald Trump au Venezuela : Le retour du \u00ab Sh\u00e9rif \u00bb de l\u2019Am\u00e9rique latine en 2026","datePublished":"2026-01-04T09:09:55+00:00","dateModified":"2026-01-04T09:09:57+00:00","mainEntityOfPage":{"@id":"https:\/\/bobea.net\/index.php\/2026\/01\/04\/donald-trump-au-venezuela-le-retour-du-sherif-de-lamerique-latine-en-2026\/"},"wordCount":296,"commentCount":0,"publisher":{"@id":"https:\/\/bobea.net\/#organization"},"image":{"@id":"https:\/\/bobea.net\/index.php\/2026\/01\/04\/donald-trump-au-venezuela-le-retour-du-sherif-de-lamerique-latine-en-2026\/#primaryimage"},"thumbnailUrl":"https:\/\/bobea.net\/wp-content\/uploads\/2026\/01\/2299233.webp","keywords":["diplomatie Trump","Donald Trump 2026","g\u00e9opolitique Am\u00e9rique latine","politique \u00e9trang\u00e8re USA","sanctions \u00e9conomiques","Venezuela actualit\u00e9"],"articleSection":["On en Parle"],"inLanguage":"fr-FR","potentialAction":[{"@type":"CommentAction","name":"Comment","target":["https:\/\/bobea.net\/index.php\/2026\/01\/04\/donald-trump-au-venezuela-le-retour-du-sherif-de-lamerique-latine-en-2026\/#respond"]}]},{"@type":"WebPage","@id":"https:\/\/bobea.net\/index.php\/2026\/01\/04\/donald-trump-au-venezuela-le-retour-du-sherif-de-lamerique-latine-en-2026\/","url":"https:\/\/bobea.net\/index.php\/2026\/01\/04\/donald-trump-au-venezuela-le-retour-du-sherif-de-lamerique-latine-en-2026\/","name":"Donald Trump au Venezuela : Le retour du \u00ab Sh\u00e9rif \u00bb de l\u2019Am\u00e9rique latine en 2026 - Bobea","isPartOf":{"@id":"https:\/\/bobea.net\/#website"},"primaryImageOfPage":{"@id":"https:\/\/bobea.net\/index.php\/2026\/01\/04\/donald-trump-au-venezuela-le-retour-du-sherif-de-lamerique-latine-en-2026\/#primaryimage"},"image":{"@id":"https:\/\/bobea.net\/index.php\/2026\/01\/04\/donald-trump-au-venezuela-le-retour-du-sherif-de-lamerique-latine-en-2026\/#primaryimage"},"thumbnailUrl":"https:\/\/bobea.net\/wp-content\/uploads\/2026\/01\/2299233.webp","datePublished":"2026-01-04T09:09:55+00:00","dateModified":"2026-01-04T09:09:57+00:00","description":"Depuis sa r\u00e9\u00e9lection, Donald Trump a fait du dossier v\u00e9n\u00e9zu\u00e9lien une priorit\u00e9 absolue de sa politique \u00e9trang\u00e8re.","breadcrumb":{"@id":"https:\/\/bobea.net\/index.php\/2026\/01\/04\/donald-trump-au-venezuela-le-retour-du-sherif-de-lamerique-latine-en-2026\/#breadcrumb"},"inLanguage":"fr-FR","potentialAction":[{"@type":"ReadAction","target":["https:\/\/bobea.net\/index.php\/2026\/01\/04\/donald-trump-au-venezuela-le-retour-du-sherif-de-lamerique-latine-en-2026\/"]}]},{"@type":"ImageObject","inLanguage":"fr-FR","@id":"https:\/\/bobea.net\/index.php\/2026\/01\/04\/donald-trump-au-venezuela-le-retour-du-sherif-de-lamerique-latine-en-2026\/#primaryimage","url":"https:\/\/bobea.net\/wp-content\/uploads\/2026\/01\/2299233.webp","contentUrl":"https:\/\/bobea.net\/wp-content\/uploads\/2026\/01\/2299233.webp","width":836,"height":627},{"@type":"BreadcrumbList","@id":"https:\/\/bobea.net\/index.php\/2026\/01\/04\/donald-trump-au-venezuela-le-retour-du-sherif-de-lamerique-latine-en-2026\/#breadcrumb","itemListElement":[{"@type":"ListItem","position":1,"name":"Accueil","item":"https:\/\/bobea.net\/"},{"@type":"ListItem","position":2,"name":"Donald Trump au Venezuela : Le retour du \u00ab Sh\u00e9rif \u00bb de l\u2019Am\u00e9rique latine en 2026"}]},{"@type":"WebSite","@id":"https:\/\/bobea.net\/#website","url":"https:\/\/bobea.net\/","name":"Bobea","description":"Le magazine de la nouvelle \u00c8ve","publisher":{"@id":"https:\/\/bobea.net\/#organization"},"potentialAction":[{"@type":"SearchAction","target":{"@type":"EntryPoint","urlTemplate":"https:\/\/bobea.net\/?s={search_term_string}"},"query-input":{"@type":"PropertyValueSpecification","valueRequired":true,"valueName":"search_term_string"}}],"inLanguage":"fr-FR"},{"@type":"Organization","@id":"https:\/\/bobea.net\/#organization","name":"Bobea","url":"https:\/\/bobea.net\/","logo":{"@type":"ImageObject","inLanguage":"fr-FR","@id":"https:\/\/bobea.net\/#\/schema\/logo\/image\/","url":"https:\/\/bobea.net\/wp-content\/uploads\/2024\/06\/bobea.jpg","contentUrl":"https:\/\/bobea.net\/wp-content\/uploads\/2024\/06\/bobea.jpg","width":1080,"height":1080,"caption":"Bobea"},"image":{"@id":"https:\/\/bobea.net\/#\/schema\/logo\/image\/"},"sameAs":["https:\/\/web.facebook.com\/profile.php?id=61559252188416"]},{"@type":"Person","@id":"https:\/\/bobea.net\/#\/schema\/person\/e7f45ef187918d7c956bf619dce90ccf","name":"bobea.info","image":{"@type":"ImageObject","inLanguage":"fr-FR","@id":"https:\/\/bobea.net\/#\/schema\/person\/image\/","url":"https:\/\/secure.gravatar.com\/avatar\/36147980349df887ae30808df3e29474?s=96&d=mm&r=g","contentUrl":"https:\/\/secure.gravatar.com\/avatar\/36147980349df887ae30808df3e29474?s=96&d=mm&r=g","caption":"bobea.info"},"sameAs":["https:\/\/bobea.net"],"url":"https:\/\/bobea.net\/index.php\/author\/bobea-info\/"}]}},"_links":{"self":[{"href":"https:\/\/bobea.net\/index.php\/wp-json\/wp\/v2\/posts\/28475"}],"collection":[{"href":"https:\/\/bobea.net\/index.php\/wp-json\/wp\/v2\/posts"}],"about":[{"href":"https:\/\/bobea.net\/index.php\/wp-json\/wp\/v2\/types\/post"}],"author":[{"embeddable":true,"href":"https:\/\/bobea.net\/index.php\/wp-json\/wp\/v2\/users\/1"}],"replies":[{"embeddable":true,"href":"https:\/\/bobea.net\/index.php\/wp-json\/wp\/v2\/comments?post=28475"}],"version-history":[{"count":1,"href":"https:\/\/bobea.net\/index.php\/wp-json\/wp\/v2\/posts\/28475\/revisions"}],"predecessor-version":[{"id":28478,"href":"https:\/\/bobea.net\/index.php\/wp-json\/wp\/v2\/posts\/28475\/revisions\/28478"}],"wp:featuredmedia":[{"embeddable":true,"href":"https:\/\/bobea.net\/index.php\/wp-json\/wp\/v2\/media\/28476"}],"wp:attachment":[{"href":"https:\/\/bobea.net\/index.php\/wp-json\/wp\/v2\/media?parent=28475"}],"wp:term":[{"taxonomy":"category","embeddable":true,"href":"https:\/\/bobea.net\/index.php\/wp-json\/wp\/v2\/categories?post=28475"},{"taxonomy":"post_tag","embeddable":true,"href":"https:\/\/bobea.net\/index.php\/wp-json\/wp\/v2\/tags?post=28475"}],"curies":[{"name":"wp","href":"https:\/\/api.w.org\/{rel}","templated":true}]}}