{"id":28461,"date":"2026-01-04T08:54:31","date_gmt":"2026-01-04T08:54:31","guid":{"rendered":"https:\/\/bobea.net\/?p=28461"},"modified":"2026-01-04T08:54:33","modified_gmt":"2026-01-04T08:54:33","slug":"justin-timberlake-fete-ses-45-ans-le-retour-dun-prince-de-la-pop-assagi-mais-ambitieux","status":"publish","type":"post","link":"https:\/\/bobea.net\/index.php\/2026\/01\/04\/justin-timberlake-fete-ses-45-ans-le-retour-dun-prince-de-la-pop-assagi-mais-ambitieux\/","title":{"rendered":"Justin Timberlake f\u00eate ses 45 ans : Le retour d\u2019un \u201cPrince de la Pop\u201d assagi mais ambitieux"},"content":{"rendered":"\n<p><strong>Le 31 jan\u00advi\u00ader 2026, Justin Tim\u00adber\u00adlake franchi\u00adra le cap des 45 ans. L\u2019artiste, qui a tra\u00adver\u00ads\u00e9 trois d\u00e9cen\u00adnies de suc\u00adc\u00e8s et quelques tem\u00adp\u00eates m\u00e9di\u00ada\u00adtiques, revient sur le devant de la sc\u00e8ne avec une s\u00e9rie de con\u00adcerts intimistes et une nou\u00advelle philoso\u00adphie de vie.<\/strong><\/p>\n\n\n\n<p><strong>45 ans : L\u2019heure du bilan et de la r\u00e9in\u00adven\u00adtion<\/strong><\/p>\n\n\n\n<p>Pour c\u00e9l\u00e9br\u00ader cet anniver\u00adsaire sym\u00adbol\u00adique, <strong>Justin Tim\u00adber\u00adlake<\/strong> a choisi la sobri\u00e9t\u00e9. Loin des stades gigan\u00adtesques, il a annon\u00adc\u00e9 une r\u00e9si\u00addence exclu\u00adsive de dix soir\u00e9es dans un th\u00e9\u00e2tre his\u00adtorique de Mem\u00adphis, sa ville natale. Ces con\u00adcerts, inti\u00adt\u00adul\u00e9s <em>The 45 Ses\u00adsion<\/em>, se veu\u00adlent une r\u00e9tro\u00adspec\u00adtive acous\u00adtique et soul de sa car\u00adri\u00e8re, de l\u2019\u00e9poque NSYNC \u00e0 ses derniers albums solos.<\/p>\n\n\n\n<p>Tim\u00adber\u00adlake sem\u00adble vouloir red\u00e9finir son lien avec son pub\u00adlic. En 2026, il ne cherche plus la per\u00adfor\u00admance physique pure, mais priv\u00adil\u00e9gie l\u2019\u00e9\u00admo\u00adtion et la qual\u00adit\u00e9 musi\u00adcale. \u201c\u00c0 45 ans, j\u2019ai envie que les gens enten\u00addent ma musique dif\u00adf\u00e9rem\u00adment, de mani\u00e8re plus brute\u201d, a\u2011t-il con\u00adfi\u00e9 \u00e0 la presse sp\u00e9\u00adcial\u00adis\u00e9e. Ce virage est salu\u00e9 par la cri\u00adtique, qui voit en lui un artiste capa\u00adble de vieil\u00adlir avec \u00e9l\u00e9\u00adgance dans un milieu sou\u00advent obs\u00e9d\u00e9 par la jeunesse.<\/p>\n\n\n\n<figure class=\"wp-block-image size-large\"><img loading=\"lazy\" decoding=\"async\" width=\"1024\" height=\"683\" src=\"https:\/\/bobea.net\/wp-content\/uploads\/2026\/01\/justin-timberlake-sells-catalog-1024x683.jpg\" alt class=\"wp-image-28463\" srcset=\"https:\/\/bobea.net\/wp-content\/uploads\/2026\/01\/justin-timberlake-sells-catalog-1024x683.jpg 1024w, https:\/\/bobea.net\/wp-content\/uploads\/2026\/01\/justin-timberlake-sells-catalog-300x200.jpg 300w, https:\/\/bobea.net\/wp-content\/uploads\/2026\/01\/justin-timberlake-sells-catalog-768x512.jpg 768w, https:\/\/bobea.net\/wp-content\/uploads\/2026\/01\/justin-timberlake-sells-catalog.jpg 1200w\" sizes=\"(max-width: 1024px) 100vw, 1024px\"><\/figure>\n\n\n\n<p><strong>Un \u00e9quili\u00adbre famil\u00adial retrou\u00adv\u00e9<\/strong><\/p>\n\n\n\n<p>L\u2019ac\u00adtu\u00adal\u00adit\u00e9 de Justin Tim\u00adber\u00adlake en 2026 est aus\u00adsi mar\u00adqu\u00e9e par sa sta\u00adbil\u00adit\u00e9 per\u00adson\u00adnelle. Aux c\u00f4t\u00e9s de son \u00e9pouse Jes\u00adsi\u00adca Biel, l\u2019ac\u00adteur et chanteur sem\u00adble avoir trou\u00adv\u00e9 un \u00e9quili\u00adbre loin du tumulte hol\u00adly\u00adwoo\u00add\u00adi\u00aden. Le cou\u00adple, tr\u00e8s pr\u00e9sent pour leurs deux fils, pr\u00f4ne d\u00e9sor\u00admais un mode de vie plus dis\u00adcret, ax\u00e9 sur la nature et les pro\u00adjets durables.<\/p>\n\n\n\n<p>Cette s\u00e9r\u00e9nit\u00e9 se ressent dans ses r\u00e9centes com\u00adpo\u00adsi\u00adtions. Les textes sont plus pro\u00adfonds, abor\u00addant la pater\u00adnit\u00e9, le temps qui passe et la r\u00e9demp\u00adtion. Justin n\u2019est plus seule\u00adment le \u201cshow\u00adman\u201d des ann\u00e9es 2000 ; il est devenu un auteur-com\u00adpos\u00adi\u00adteur respec\u00adt\u00e9 qui assume son par\u00adcours, avec ses hauts et ses bas.<\/p>\n\n\n\n<p><strong>Pro\u00adjets cin\u00e9\u00admatographiques et engage\u00adments<\/strong><\/p>\n\n\n\n<p>Out\u00adre la musique, 2026 ver\u00adra Tim\u00adber\u00adlake revenir au cin\u00e9\u00adma dans un r\u00f4le dra\u00adma\u00adtique intense. Il incar\u00adn\u00adera un ancien musi\u00adcien de jazz dans un biopic tr\u00e8s atten\u00addu. Ce choix con\u00adfirme son envie de s\u2019im\u00adpos\u00ader comme un acteur de pre\u00admier plan, capa\u00adble de porter des pro\u00adjets exigeants. En par\u00adal\u00adl\u00e8le, il con\u00adtin\u00adue de s\u2019in\u00adve\u00adstir dans des caus\u00ades \u00e9cologiques, finan\u00e7ant des pro\u00adjets de refor\u00adesta\u00adtion dans le Ten\u00adnessee.<\/p>\n","protected":false},"excerpt":{"rendered":"<p>Le 31 jan\u00advi\u00ader 2026, Justin Tim\u00adber\u00adlake franchi\u00adra le cap des 45 ans. L\u2019artiste, qui a tra\u00adver\u00ads\u00e9 trois d\u00e9cen\u00adnies de suc\u00adc\u00e8s et quelques tem\u00adp\u00eates m\u00e9di\u00ada\u00adtiques, revient sur le devant de la\u2026 <\/p>\n","protected":false},"author":1,"featured_media":28462,"comment_status":"open","ping_status":"closed","sticky":false,"template":"","format":"standard","meta":{"wp_typography_post_enhancements_disabled":false,"footnotes":""},"categories":[55],"tags":[21006,21003,21007,21004,21002,21005,5324],"class_list":["post-28461","post","type-post","status-publish","format-standard","has-post-thumbnail","hentry","category-culture","tag-actualite-justin-timberlake","tag-anniversaire-justin-timberlake","tag-carriere-timberlake","tag-concert-memphis-2026","tag-jessica-biel-et-justin-timberlake","tag-justin-timberlake-2026","tag-musique-soul"],"yoast_head":"<!-- This site is optimized with the Yoast SEO plugin v24.7 - https:\/\/yoast.com\/wordpress\/plugins\/seo\/ -->\n<title>Justin Timberlake f\u00eate ses 45 ans : Le retour d&#039;un &quot;Prince de la Pop&quot; assagi mais ambitieux - Bobea<\/title>\n<meta name=\"robots\" content=\"index, follow, max-snippet:-1, max-image-preview:large, max-video-preview:-1\" \/>\n<link rel=\"canonical\" href=\"https:\/\/bobea.net\/index.php\/2026\/01\/04\/justin-timberlake-fete-ses-45-ans-le-retour-dun-prince-de-la-pop-assagi-mais-ambitieux\/\" \/>\n<meta property=\"og:locale\" content=\"fr_FR\" \/>\n<meta property=\"og:type\" content=\"article\" \/>\n<meta property=\"og:title\" content=\"Justin Timberlake f\u00eate ses 45 ans : Le retour d&#039;un &quot;Prince de la Pop&quot; assagi mais ambitieux - Bobea\" \/>\n<meta property=\"og:description\" content=\"Le 31 jan\u00advi\u00ader 2026, Justin Tim\u00adber\u00adlake franchi\u00adra le cap des 45 ans. L\u2019artiste, qui a tra\u00adver\u00ads\u00e9 trois d\u00e9cen\u00adnies de suc\u00adc\u00e8s et quelques tem\u00adp\u00eates m\u00e9di\u00ada\u00adtiques, revient sur le devant de la&hellip;\" \/>\n<meta property=\"og:url\" content=\"https:\/\/bobea.net\/index.php\/2026\/01\/04\/justin-timberlake-fete-ses-45-ans-le-retour-dun-prince-de-la-pop-assagi-mais-ambitieux\/\" \/>\n<meta property=\"og:site_name\" content=\"Bobea\" \/>\n<meta property=\"article:publisher\" content=\"https:\/\/web.facebook.com\/profile.php?id=61559252188416\" \/>\n<meta property=\"article:published_time\" content=\"2026-01-04T08:54:31+00:00\" \/>\n<meta property=\"article:modified_time\" content=\"2026-01-04T08:54:33+00:00\" \/>\n<meta property=\"og:image\" content=\"https:\/\/bobea.net\/wp-content\/uploads\/2026\/01\/P2KF3OBLSBHLDI2WPB5RDUNVT4.jpg\" \/>\n\t<meta property=\"og:image:width\" content=\"1620\" \/>\n\t<meta property=\"og:image:height\" content=\"1215\" \/>\n\t<meta property=\"og:image:type\" content=\"image\/jpeg\" \/>\n<meta name=\"author\" content=\"bobea.info\" \/>\n<meta name=\"twitter:card\" content=\"summary_large_image\" \/>\n<meta name=\"twitter:label1\" content=\"\u00c9crit par\" \/>\n\t<meta name=\"twitter:data1\" content=\"bobea.info\" \/>\n\t<meta name=\"twitter:label2\" content=\"Dur\u00e9e de lecture estim\u00e9e\" \/>\n\t<meta name=\"twitter:data2\" content=\"3 minutes\" \/>\n<script type=\"application\/ld+json\" class=\"yoast-schema-graph\">{\"@context\":\"https:\/\/schema.org\",\"@graph\":[{\"@type\":\"Article\",\"@id\":\"https:\/\/bobea.net\/index.php\/2026\/01\/04\/justin-timberlake-fete-ses-45-ans-le-retour-dun-prince-de-la-pop-assagi-mais-ambitieux\/#article\",\"isPartOf\":{\"@id\":\"https:\/\/bobea.net\/index.php\/2026\/01\/04\/justin-timberlake-fete-ses-45-ans-le-retour-dun-prince-de-la-pop-assagi-mais-ambitieux\/\"},\"author\":{\"name\":\"bobea.info\",\"@id\":\"https:\/\/bobea.net\/#\/schema\/person\/e7f45ef187918d7c956bf619dce90ccf\"},\"headline\":\"Justin Timberlake f\u00eate ses 45 ans : Le retour d\u2019un \u201cPrince de la Pop\u201d assagi mais ambitieux\",\"datePublished\":\"2026-01-04T08:54:31+00:00\",\"dateModified\":\"2026-01-04T08:54:33+00:00\",\"mainEntityOfPage\":{\"@id\":\"https:\/\/bobea.net\/index.php\/2026\/01\/04\/justin-timberlake-fete-ses-45-ans-le-retour-dun-prince-de-la-pop-assagi-mais-ambitieux\/\"},\"wordCount\":414,\"commentCount\":0,\"publisher\":{\"@id\":\"https:\/\/bobea.net\/#organization\"},\"image\":{\"@id\":\"https:\/\/bobea.net\/index.php\/2026\/01\/04\/justin-timberlake-fete-ses-45-ans-le-retour-dun-prince-de-la-pop-assagi-mais-ambitieux\/#primaryimage\"},\"thumbnailUrl\":\"https:\/\/bobea.net\/wp-content\/uploads\/2026\/01\/P2KF3OBLSBHLDI2WPB5RDUNVT4.jpg\",\"keywords\":[\"actualit\u00e9 Justin Timberlake\",\"anniversaire Justin Timberlake\",\"carri\u00e8re Timberlake\",\"concert Memphis 2026\",\"Jessica Biel et Justin Timberlake\",\"Justin Timberlake 2026\",\"musique soul\"],\"articleSection\":[\"Culture\"],\"inLanguage\":\"fr-FR\",\"potentialAction\":[{\"@type\":\"CommentAction\",\"name\":\"Comment\",\"target\":[\"https:\/\/bobea.net\/index.php\/2026\/01\/04\/justin-timberlake-fete-ses-45-ans-le-retour-dun-prince-de-la-pop-assagi-mais-ambitieux\/#respond\"]}]},{\"@type\":\"WebPage\",\"@id\":\"https:\/\/bobea.net\/index.php\/2026\/01\/04\/justin-timberlake-fete-ses-45-ans-le-retour-dun-prince-de-la-pop-assagi-mais-ambitieux\/\",\"url\":\"https:\/\/bobea.net\/index.php\/2026\/01\/04\/justin-timberlake-fete-ses-45-ans-le-retour-dun-prince-de-la-pop-assagi-mais-ambitieux\/\",\"name\":\"Justin Timberlake f\u00eate ses 45 ans : Le retour d'un \\\"Prince de la Pop\\\" assagi mais ambitieux - Bobea\",\"isPartOf\":{\"@id\":\"https:\/\/bobea.net\/#website\"},\"primaryImageOfPage\":{\"@id\":\"https:\/\/bobea.net\/index.php\/2026\/01\/04\/justin-timberlake-fete-ses-45-ans-le-retour-dun-prince-de-la-pop-assagi-mais-ambitieux\/#primaryimage\"},\"image\":{\"@id\":\"https:\/\/bobea.net\/index.php\/2026\/01\/04\/justin-timberlake-fete-ses-45-ans-le-retour-dun-prince-de-la-pop-assagi-mais-ambitieux\/#primaryimage\"},\"thumbnailUrl\":\"https:\/\/bobea.net\/wp-content\/uploads\/2026\/01\/P2KF3OBLSBHLDI2WPB5RDUNVT4.jpg\",\"datePublished\":\"2026-01-04T08:54:31+00:00\",\"dateModified\":\"2026-01-04T08:54:33+00:00\",\"breadcrumb\":{\"@id\":\"https:\/\/bobea.net\/index.php\/2026\/01\/04\/justin-timberlake-fete-ses-45-ans-le-retour-dun-prince-de-la-pop-assagi-mais-ambitieux\/#breadcrumb\"},\"inLanguage\":\"fr-FR\",\"potentialAction\":[{\"@type\":\"ReadAction\",\"target\":[\"https:\/\/bobea.net\/index.php\/2026\/01\/04\/justin-timberlake-fete-ses-45-ans-le-retour-dun-prince-de-la-pop-assagi-mais-ambitieux\/\"]}]},{\"@type\":\"ImageObject\",\"inLanguage\":\"fr-FR\",\"@id\":\"https:\/\/bobea.net\/index.php\/2026\/01\/04\/justin-timberlake-fete-ses-45-ans-le-retour-dun-prince-de-la-pop-assagi-mais-ambitieux\/#primaryimage\",\"url\":\"https:\/\/bobea.net\/wp-content\/uploads\/2026\/01\/P2KF3OBLSBHLDI2WPB5RDUNVT4.jpg\",\"contentUrl\":\"https:\/\/bobea.net\/wp-content\/uploads\/2026\/01\/P2KF3OBLSBHLDI2WPB5RDUNVT4.jpg\",\"width\":1620,\"height\":1215},{\"@type\":\"BreadcrumbList\",\"@id\":\"https:\/\/bobea.net\/index.php\/2026\/01\/04\/justin-timberlake-fete-ses-45-ans-le-retour-dun-prince-de-la-pop-assagi-mais-ambitieux\/#breadcrumb\",\"itemListElement\":[{\"@type\":\"ListItem\",\"position\":1,\"name\":\"Accueil\",\"item\":\"https:\/\/bobea.net\/\"},{\"@type\":\"ListItem\",\"position\":2,\"name\":\"Justin Timberlake f\u00eate ses 45 ans : Le retour d&rsquo;un \u00ab\u00a0Prince de la Pop\u00a0\u00bb assagi mais ambitieux\"}]},{\"@type\":\"WebSite\",\"@id\":\"https:\/\/bobea.net\/#website\",\"url\":\"https:\/\/bobea.net\/\",\"name\":\"Bobea\",\"description\":\"Le magazine de la nouvelle \u00c8ve\",\"publisher\":{\"@id\":\"https:\/\/bobea.net\/#organization\"},\"potentialAction\":[{\"@type\":\"SearchAction\",\"target\":{\"@type\":\"EntryPoint\",\"urlTemplate\":\"https:\/\/bobea.net\/?s={search_term_string}\"},\"query-input\":{\"@type\":\"PropertyValueSpecification\",\"valueRequired\":true,\"valueName\":\"search_term_string\"}}],\"inLanguage\":\"fr-FR\"},{\"@type\":\"Organization\",\"@id\":\"https:\/\/bobea.net\/#organization\",\"name\":\"Bobea\",\"url\":\"https:\/\/bobea.net\/\",\"logo\":{\"@type\":\"ImageObject\",\"inLanguage\":\"fr-FR\",\"@id\":\"https:\/\/bobea.net\/#\/schema\/logo\/image\/\",\"url\":\"https:\/\/bobea.net\/wp-content\/uploads\/2024\/06\/bobea.jpg\",\"contentUrl\":\"https:\/\/bobea.net\/wp-content\/uploads\/2024\/06\/bobea.jpg\",\"width\":1080,\"height\":1080,\"caption\":\"Bobea\"},\"image\":{\"@id\":\"https:\/\/bobea.net\/#\/schema\/logo\/image\/\"},\"sameAs\":[\"https:\/\/web.facebook.com\/profile.php?id=61559252188416\"]},{\"@type\":\"Person\",\"@id\":\"https:\/\/bobea.net\/#\/schema\/person\/e7f45ef187918d7c956bf619dce90ccf\",\"name\":\"bobea.info\",\"image\":{\"@type\":\"ImageObject\",\"inLanguage\":\"fr-FR\",\"@id\":\"https:\/\/bobea.net\/#\/schema\/person\/image\/\",\"url\":\"https:\/\/secure.gravatar.com\/avatar\/36147980349df887ae30808df3e29474?s=96&d=mm&r=g\",\"contentUrl\":\"https:\/\/secure.gravatar.com\/avatar\/36147980349df887ae30808df3e29474?s=96&d=mm&r=g\",\"caption\":\"bobea.info\"},\"sameAs\":[\"https:\/\/bobea.net\"],\"url\":\"https:\/\/bobea.net\/index.php\/author\/bobea-info\/\"}]}<\/script>\n<!-- \/ Yoast SEO plugin. -->","yoast_head_json":{"title":"Justin Timberlake f\u00eate ses 45 ans : Le retour d'un \"Prince de la Pop\" assagi mais ambitieux - Bobea","robots":{"index":"index","follow":"follow","max-snippet":"max-snippet:-1","max-image-preview":"max-image-preview:large","max-video-preview":"max-video-preview:-1"},"canonical":"https:\/\/bobea.net\/index.php\/2026\/01\/04\/justin-timberlake-fete-ses-45-ans-le-retour-dun-prince-de-la-pop-assagi-mais-ambitieux\/","og_locale":"fr_FR","og_type":"article","og_title":"Justin Timberlake f\u00eate ses 45 ans : Le retour d'un \"Prince de la Pop\" assagi mais ambitieux - Bobea","og_description":"Le 31 jan\u00advi\u00ader 2026, Justin Tim\u00adber\u00adlake franchi\u00adra le cap des 45 ans. L\u2019artiste, qui a tra\u00adver\u00ads\u00e9 trois d\u00e9cen\u00adnies de suc\u00adc\u00e8s et quelques tem\u00adp\u00eates m\u00e9di\u00ada\u00adtiques, revient sur le devant de la&hellip;","og_url":"https:\/\/bobea.net\/index.php\/2026\/01\/04\/justin-timberlake-fete-ses-45-ans-le-retour-dun-prince-de-la-pop-assagi-mais-ambitieux\/","og_site_name":"Bobea","article_publisher":"https:\/\/web.facebook.com\/profile.php?id=61559252188416","article_published_time":"2026-01-04T08:54:31+00:00","article_modified_time":"2026-01-04T08:54:33+00:00","og_image":[{"width":1620,"height":1215,"url":"https:\/\/bobea.net\/wp-content\/uploads\/2026\/01\/P2KF3OBLSBHLDI2WPB5RDUNVT4.jpg","type":"image\/jpeg"}],"author":"bobea.info","twitter_card":"summary_large_image","twitter_misc":{"\u00c9crit par":"bobea.info","Dur\u00e9e de lecture estim\u00e9e":"3 minutes"},"schema":{"@context":"https:\/\/schema.org","@graph":[{"@type":"Article","@id":"https:\/\/bobea.net\/index.php\/2026\/01\/04\/justin-timberlake-fete-ses-45-ans-le-retour-dun-prince-de-la-pop-assagi-mais-ambitieux\/#article","isPartOf":{"@id":"https:\/\/bobea.net\/index.php\/2026\/01\/04\/justin-timberlake-fete-ses-45-ans-le-retour-dun-prince-de-la-pop-assagi-mais-ambitieux\/"},"author":{"name":"bobea.info","@id":"https:\/\/bobea.net\/#\/schema\/person\/e7f45ef187918d7c956bf619dce90ccf"},"headline":"Justin Timberlake f\u00eate ses 45 ans : Le retour d\u2019un \u201cPrince de la Pop\u201d assagi mais ambitieux","datePublished":"2026-01-04T08:54:31+00:00","dateModified":"2026-01-04T08:54:33+00:00","mainEntityOfPage":{"@id":"https:\/\/bobea.net\/index.php\/2026\/01\/04\/justin-timberlake-fete-ses-45-ans-le-retour-dun-prince-de-la-pop-assagi-mais-ambitieux\/"},"wordCount":414,"commentCount":0,"publisher":{"@id":"https:\/\/bobea.net\/#organization"},"image":{"@id":"https:\/\/bobea.net\/index.php\/2026\/01\/04\/justin-timberlake-fete-ses-45-ans-le-retour-dun-prince-de-la-pop-assagi-mais-ambitieux\/#primaryimage"},"thumbnailUrl":"https:\/\/bobea.net\/wp-content\/uploads\/2026\/01\/P2KF3OBLSBHLDI2WPB5RDUNVT4.jpg","keywords":["actualit\u00e9 Justin Timberlake","anniversaire Justin Timberlake","carri\u00e8re Timberlake","concert Memphis 2026","Jessica Biel et Justin Timberlake","Justin Timberlake 2026","musique soul"],"articleSection":["Culture"],"inLanguage":"fr-FR","potentialAction":[{"@type":"CommentAction","name":"Comment","target":["https:\/\/bobea.net\/index.php\/2026\/01\/04\/justin-timberlake-fete-ses-45-ans-le-retour-dun-prince-de-la-pop-assagi-mais-ambitieux\/#respond"]}]},{"@type":"WebPage","@id":"https:\/\/bobea.net\/index.php\/2026\/01\/04\/justin-timberlake-fete-ses-45-ans-le-retour-dun-prince-de-la-pop-assagi-mais-ambitieux\/","url":"https:\/\/bobea.net\/index.php\/2026\/01\/04\/justin-timberlake-fete-ses-45-ans-le-retour-dun-prince-de-la-pop-assagi-mais-ambitieux\/","name":"Justin Timberlake f\u00eate ses 45 ans : Le retour d'un \"Prince de la Pop\" assagi mais ambitieux - Bobea","isPartOf":{"@id":"https:\/\/bobea.net\/#website"},"primaryImageOfPage":{"@id":"https:\/\/bobea.net\/index.php\/2026\/01\/04\/justin-timberlake-fete-ses-45-ans-le-retour-dun-prince-de-la-pop-assagi-mais-ambitieux\/#primaryimage"},"image":{"@id":"https:\/\/bobea.net\/index.php\/2026\/01\/04\/justin-timberlake-fete-ses-45-ans-le-retour-dun-prince-de-la-pop-assagi-mais-ambitieux\/#primaryimage"},"thumbnailUrl":"https:\/\/bobea.net\/wp-content\/uploads\/2026\/01\/P2KF3OBLSBHLDI2WPB5RDUNVT4.jpg","datePublished":"2026-01-04T08:54:31+00:00","dateModified":"2026-01-04T08:54:33+00:00","breadcrumb":{"@id":"https:\/\/bobea.net\/index.php\/2026\/01\/04\/justin-timberlake-fete-ses-45-ans-le-retour-dun-prince-de-la-pop-assagi-mais-ambitieux\/#breadcrumb"},"inLanguage":"fr-FR","potentialAction":[{"@type":"ReadAction","target":["https:\/\/bobea.net\/index.php\/2026\/01\/04\/justin-timberlake-fete-ses-45-ans-le-retour-dun-prince-de-la-pop-assagi-mais-ambitieux\/"]}]},{"@type":"ImageObject","inLanguage":"fr-FR","@id":"https:\/\/bobea.net\/index.php\/2026\/01\/04\/justin-timberlake-fete-ses-45-ans-le-retour-dun-prince-de-la-pop-assagi-mais-ambitieux\/#primaryimage","url":"https:\/\/bobea.net\/wp-content\/uploads\/2026\/01\/P2KF3OBLSBHLDI2WPB5RDUNVT4.jpg","contentUrl":"https:\/\/bobea.net\/wp-content\/uploads\/2026\/01\/P2KF3OBLSBHLDI2WPB5RDUNVT4.jpg","width":1620,"height":1215},{"@type":"BreadcrumbList","@id":"https:\/\/bobea.net\/index.php\/2026\/01\/04\/justin-timberlake-fete-ses-45-ans-le-retour-dun-prince-de-la-pop-assagi-mais-ambitieux\/#breadcrumb","itemListElement":[{"@type":"ListItem","position":1,"name":"Accueil","item":"https:\/\/bobea.net\/"},{"@type":"ListItem","position":2,"name":"Justin Timberlake f\u00eate ses 45 ans : Le retour d&rsquo;un \u00ab\u00a0Prince de la Pop\u00a0\u00bb assagi mais ambitieux"}]},{"@type":"WebSite","@id":"https:\/\/bobea.net\/#website","url":"https:\/\/bobea.net\/","name":"Bobea","description":"Le magazine de la nouvelle \u00c8ve","publisher":{"@id":"https:\/\/bobea.net\/#organization"},"potentialAction":[{"@type":"SearchAction","target":{"@type":"EntryPoint","urlTemplate":"https:\/\/bobea.net\/?s={search_term_string}"},"query-input":{"@type":"PropertyValueSpecification","valueRequired":true,"valueName":"search_term_string"}}],"inLanguage":"fr-FR"},{"@type":"Organization","@id":"https:\/\/bobea.net\/#organization","name":"Bobea","url":"https:\/\/bobea.net\/","logo":{"@type":"ImageObject","inLanguage":"fr-FR","@id":"https:\/\/bobea.net\/#\/schema\/logo\/image\/","url":"https:\/\/bobea.net\/wp-content\/uploads\/2024\/06\/bobea.jpg","contentUrl":"https:\/\/bobea.net\/wp-content\/uploads\/2024\/06\/bobea.jpg","width":1080,"height":1080,"caption":"Bobea"},"image":{"@id":"https:\/\/bobea.net\/#\/schema\/logo\/image\/"},"sameAs":["https:\/\/web.facebook.com\/profile.php?id=61559252188416"]},{"@type":"Person","@id":"https:\/\/bobea.net\/#\/schema\/person\/e7f45ef187918d7c956bf619dce90ccf","name":"bobea.info","image":{"@type":"ImageObject","inLanguage":"fr-FR","@id":"https:\/\/bobea.net\/#\/schema\/person\/image\/","url":"https:\/\/secure.gravatar.com\/avatar\/36147980349df887ae30808df3e29474?s=96&d=mm&r=g","contentUrl":"https:\/\/secure.gravatar.com\/avatar\/36147980349df887ae30808df3e29474?s=96&d=mm&r=g","caption":"bobea.info"},"sameAs":["https:\/\/bobea.net"],"url":"https:\/\/bobea.net\/index.php\/author\/bobea-info\/"}]}},"_links":{"self":[{"href":"https:\/\/bobea.net\/index.php\/wp-json\/wp\/v2\/posts\/28461"}],"collection":[{"href":"https:\/\/bobea.net\/index.php\/wp-json\/wp\/v2\/posts"}],"about":[{"href":"https:\/\/bobea.net\/index.php\/wp-json\/wp\/v2\/types\/post"}],"author":[{"embeddable":true,"href":"https:\/\/bobea.net\/index.php\/wp-json\/wp\/v2\/users\/1"}],"replies":[{"embeddable":true,"href":"https:\/\/bobea.net\/index.php\/wp-json\/wp\/v2\/comments?post=28461"}],"version-history":[{"count":1,"href":"https:\/\/bobea.net\/index.php\/wp-json\/wp\/v2\/posts\/28461\/revisions"}],"predecessor-version":[{"id":28464,"href":"https:\/\/bobea.net\/index.php\/wp-json\/wp\/v2\/posts\/28461\/revisions\/28464"}],"wp:featuredmedia":[{"embeddable":true,"href":"https:\/\/bobea.net\/index.php\/wp-json\/wp\/v2\/media\/28462"}],"wp:attachment":[{"href":"https:\/\/bobea.net\/index.php\/wp-json\/wp\/v2\/media?parent=28461"}],"wp:term":[{"taxonomy":"category","embeddable":true,"href":"https:\/\/bobea.net\/index.php\/wp-json\/wp\/v2\/categories?post=28461"},{"taxonomy":"post_tag","embeddable":true,"href":"https:\/\/bobea.net\/index.php\/wp-json\/wp\/v2\/tags?post=28461"}],"curies":[{"name":"wp","href":"https:\/\/api.w.org\/{rel}","templated":true}]}}