{"id":28453,"date":"2026-01-04T08:38:22","date_gmt":"2026-01-04T08:38:22","guid":{"rendered":"https:\/\/bobea.net\/?p=28453"},"modified":"2026-01-04T08:38:23","modified_gmt":"2026-01-04T08:38:23","slug":"taylor-swift-et-travis-kelce-les-details-exclusifs-du-mariage-royal-de-la-pop-en-juin-2026","status":"publish","type":"post","link":"https:\/\/bobea.net\/index.php\/2026\/01\/04\/taylor-swift-et-travis-kelce-les-details-exclusifs-du-mariage-royal-de-la-pop-en-juin-2026\/","title":{"rendered":"Taylor Swift et Travis Kelce : Les d\u00e9tails exclusifs du mariage royal de la pop en juin 2026"},"content":{"rendered":"\n<p><strong>Le monde de la musique et celui du sport s\u2019appr\u00eatent \u00e0 fusion\u00adner lors de l\u2019\u00e9v\u00e9nement le plus atten\u00addu de la d\u00e9cen\u00adnie. Tay\u00adlor Swift et Travis Kelce auraient enfin con\u00adfir\u00adm\u00e9 la date de leur union. Entre rumeurs de lieux pres\u00adtigieux et liste d\u2019invit\u00e9s tri\u00e9s sur le volet, plong\u00e9e dans les pr\u00e9\u00adparat\u00adifs d\u2019un mariage plan\u00e9\u00adtaire.<\/strong><\/p>\n\n\n\n<p><strong>Une date sym\u00adbol\u00adique : Le 13 juin 2026<\/strong><\/p>\n\n\n\n<p>Pour les fans de la pre\u00admi\u00e8re heure, le chiffre 13 n\u2019est pas un hasard. <strong>Tay\u00adlor Swift<\/strong>, con\u00adnue pour ses mes\u00adsages cach\u00e9s, aurait choisi le same\u00addi 13 juin 2026 pour dire \u201coui\u201d \u00e0 la star de la NFL, <strong>Travis Kelce<\/strong>. Apr\u00e8s plus de deux ans d\u2019une idylle ultra-m\u00e9di\u00adatis\u00e9e qui a boost\u00e9 les audi\u00adences du foot\u00adball am\u00e9ri\u00adcain et les ventes de dis\u00adques, le cou\u00adple s\u2019ap\u00adpr\u00eate \u00e0 franchir l\u2019ul\u00adtime \u00e9tape.<\/p>\n\n\n\n<p>Les sources proches du cou\u00adple \u00e9vo\u00adquent une c\u00e9r\u00e9\u00admonie qui se d\u00e9roulerait dans une pro\u00adpri\u00e9t\u00e9 priv\u00e9e de Rhode Island, loin des regards indis\u00adcrets, bien que des rumeurs men\u00adtion\u00adnent \u00e9gale\u00adment un ch\u00e2teau en Europe pour une r\u00e9cep\u00adtion sec\u00adondaire. Ce mariage ne sera pas seule\u00adment une affaire de famille, mais un v\u00e9ri\u00adta\u00adble s\u00e9isme m\u00e9di\u00ada\u00adtique capa\u00adble de sat\u00adur\u00ader les r\u00e9seaux soci\u00adaux pen\u00addant plusieurs jours.<\/p>\n\n\n\n<figure class=\"wp-block-image size-full is-resized\"><img loading=\"lazy\" decoding=\"async\" width=\"820\" height=\"430\" src=\"https:\/\/bobea.net\/wp-content\/uploads\/2026\/01\/image-2.png\" alt class=\"wp-image-28455\" style=\"width:836px;height:auto\" srcset=\"https:\/\/bobea.net\/wp-content\/uploads\/2026\/01\/image-2.png 820w, https:\/\/bobea.net\/wp-content\/uploads\/2026\/01\/image-2-300x157.png 300w, https:\/\/bobea.net\/wp-content\/uploads\/2026\/01\/image-2-768x403.png 768w\" sizes=\"(max-width: 820px) 100vw, 820px\"><\/figure>\n\n\n\n<p><strong>Une liste d\u2019in\u00advit\u00e9s digne des Gram\u00admy Awards<\/strong><\/p>\n\n\n\n<p>Si la dis\u00adcr\u00e9\u00adtion est de mise, les noms qui cir\u00adcu\u00adlent pour la liste des invit\u00e9s don\u00adnent le tour\u00adnis. On y attend bien s\u00fbr Sele\u00adna Gomez, Blake Live\u00adly et Ryan Reynolds, mais aus\u00adsi des fig\u00adures majeures de l\u2019in\u00addus\u00adtrie musi\u00adcale et des co\u00e9quip\u00adiers pres\u00adtigieux des Kansas City Chiefs.<\/p>\n\n\n\n<p>C\u00f4t\u00e9 mode, l\u2019at\u00adtente est insouten\u00adable : quelle mai\u00adson de cou\u00adture aura l\u2019hon\u00adneur de dessin\u00ader la robe de Tay\u00adlor ? Les experts pari\u00adent sur une cr\u00e9a\u00adtion sur mesure alliant l\u2019\u00e9l\u00e9\u00adgance clas\u00adsique \u00e0 des d\u00e9tails mod\u00adernes, refl\u00e9\u00adtant l\u2019\u00e9vo\u00adlu\u00adtion styl\u00adis\u00adtique de l\u2019artiste ces derni\u00e8res ann\u00e9es. Travis Kelce, de son c\u00f4t\u00e9, devrait rester fid\u00e8le \u00e0 son style auda\u00adcieux, promet\u00adtant un look de mar\u00adi\u00e9 qui fera date.<\/p>\n\n\n\n<p><strong>L\u2019im\u00adpact \u00e9conomique du \u201cSwift-Kelce Wed\u00adding\u201d<\/strong><\/p>\n\n\n\n<p>Au-del\u00e0 de l\u2019aspect roman\u00adtique, ce mariage est une affaire de gros sous. Les ana\u00adlystes pr\u00e9voient un pic de con\u00adsom\u00adma\u00adtion pour tous les pro\u00adduits d\u00e9riv\u00e9s et une aug\u00admen\u00adta\u00adtion mas\u00adsive du traf\u00adic pour les plate\u00adformes de stream\u00ading dif\u00adfu\u00adsant les playlists du cou\u00adple. C\u2019est l\u2019u\u00adnion de deux empires financiers qui se con\u00adsolide, faisant de Tay\u00adlor et Travis le \u201cPow\u00ader Cou\u00adple\u201d ultime de 2026.<\/p>\n","protected":false},"excerpt":{"rendered":"<p>Le monde de la musique et celui du sport s\u2019appr\u00eatent \u00e0 fusion\u00adner lors de l\u2019\u00e9v\u00e9nement le plus atten\u00addu de la d\u00e9cen\u00adnie. Tay\u00adlor Swift et Travis Kelce auraient enfin con\u00adfir\u00adm\u00e9 la\u2026 <\/p>\n","protected":false},"author":1,"featured_media":28454,"comment_status":"open","ping_status":"closed","sticky":false,"template":"","format":"standard","meta":{"wp_typography_post_enhancements_disabled":false,"footnotes":""},"categories":[53],"tags":[20991,20993,20989,20988,20994,20992,20990],"class_list":["post-28453","post","type-post","status-publish","format-standard","has-post-thumbnail","hentry","category-viva","tag-actualite-taylor-swift","tag-couple-taylor-et-travis","tag-date-mariage-taylor-swift","tag-mariage-taylor-swift-2026","tag-news-people-2026","tag-robe-de-mariee-taylor-swift","tag-travis-kelce-mariage"],"yoast_head":"<!-- This site is optimized with the Yoast SEO plugin v24.7 - https:\/\/yoast.com\/wordpress\/plugins\/seo\/ -->\n<title>Taylor Swift et Travis Kelce : Les d\u00e9tails exclusifs du mariage royal de la pop en juin 2026 - Bobea<\/title>\n<meta name=\"description\" content=\"Le monde de la musique et celui du sport s\u2019appr\u00eatent \u00e0 fusionner lors de l\u2019\u00e9v\u00e9nement le plus attendu de la d\u00e9cennie.\" \/>\n<meta name=\"robots\" content=\"index, follow, max-snippet:-1, max-image-preview:large, max-video-preview:-1\" \/>\n<link rel=\"canonical\" href=\"https:\/\/bobea.net\/index.php\/2026\/01\/04\/taylor-swift-et-travis-kelce-les-details-exclusifs-du-mariage-royal-de-la-pop-en-juin-2026\/\" \/>\n<meta property=\"og:locale\" content=\"fr_FR\" \/>\n<meta property=\"og:type\" content=\"article\" \/>\n<meta property=\"og:title\" content=\"Taylor Swift et Travis Kelce : Les d\u00e9tails exclusifs du mariage royal de la pop en juin 2026 - Bobea\" \/>\n<meta property=\"og:description\" content=\"Le monde de la musique et celui du sport s\u2019appr\u00eatent \u00e0 fusionner lors de l\u2019\u00e9v\u00e9nement le plus attendu de la d\u00e9cennie.\" \/>\n<meta property=\"og:url\" content=\"https:\/\/bobea.net\/index.php\/2026\/01\/04\/taylor-swift-et-travis-kelce-les-details-exclusifs-du-mariage-royal-de-la-pop-en-juin-2026\/\" \/>\n<meta property=\"og:site_name\" content=\"Bobea\" \/>\n<meta property=\"article:publisher\" content=\"https:\/\/web.facebook.com\/profile.php?id=61559252188416\" \/>\n<meta property=\"article:published_time\" content=\"2026-01-04T08:38:22+00:00\" \/>\n<meta property=\"article:modified_time\" content=\"2026-01-04T08:38:23+00:00\" \/>\n<meta property=\"og:image\" content=\"https:\/\/bobea.net\/wp-content\/uploads\/2026\/01\/c60387f_ftp-import-images-1-ccoadsg5ny7r-afp-72j24kf.jpg\" \/>\n\t<meta property=\"og:image:width\" content=\"2000\" \/>\n\t<meta property=\"og:image:height\" content=\"1125\" \/>\n\t<meta property=\"og:image:type\" content=\"image\/jpeg\" \/>\n<meta name=\"author\" content=\"bobea.info\" \/>\n<meta name=\"twitter:card\" content=\"summary_large_image\" \/>\n<meta name=\"twitter:label1\" content=\"\u00c9crit par\" \/>\n\t<meta name=\"twitter:data1\" content=\"bobea.info\" \/>\n\t<meta name=\"twitter:label2\" content=\"Dur\u00e9e de lecture estim\u00e9e\" \/>\n\t<meta name=\"twitter:data2\" content=\"3 minutes\" \/>\n<script type=\"application\/ld+json\" class=\"yoast-schema-graph\">{\"@context\":\"https:\/\/schema.org\",\"@graph\":[{\"@type\":\"Article\",\"@id\":\"https:\/\/bobea.net\/index.php\/2026\/01\/04\/taylor-swift-et-travis-kelce-les-details-exclusifs-du-mariage-royal-de-la-pop-en-juin-2026\/#article\",\"isPartOf\":{\"@id\":\"https:\/\/bobea.net\/index.php\/2026\/01\/04\/taylor-swift-et-travis-kelce-les-details-exclusifs-du-mariage-royal-de-la-pop-en-juin-2026\/\"},\"author\":{\"name\":\"bobea.info\",\"@id\":\"https:\/\/bobea.net\/#\/schema\/person\/e7f45ef187918d7c956bf619dce90ccf\"},\"headline\":\"Taylor Swift et Travis Kelce : Les d\u00e9tails exclusifs du mariage royal de la pop en juin 2026\",\"datePublished\":\"2026-01-04T08:38:22+00:00\",\"dateModified\":\"2026-01-04T08:38:23+00:00\",\"mainEntityOfPage\":{\"@id\":\"https:\/\/bobea.net\/index.php\/2026\/01\/04\/taylor-swift-et-travis-kelce-les-details-exclusifs-du-mariage-royal-de-la-pop-en-juin-2026\/\"},\"wordCount\":433,\"commentCount\":0,\"publisher\":{\"@id\":\"https:\/\/bobea.net\/#organization\"},\"image\":{\"@id\":\"https:\/\/bobea.net\/index.php\/2026\/01\/04\/taylor-swift-et-travis-kelce-les-details-exclusifs-du-mariage-royal-de-la-pop-en-juin-2026\/#primaryimage\"},\"thumbnailUrl\":\"https:\/\/bobea.net\/wp-content\/uploads\/2026\/01\/c60387f_ftp-import-images-1-ccoadsg5ny7r-afp-72j24kf.jpg\",\"keywords\":[\"actualit\u00e9 Taylor Swift\",\"couple Taylor et Travis\",\"date mariage Taylor Swift\",\"Mariage Taylor Swift 2026\",\"news people 2026.\",\"robe de mari\u00e9e Taylor Swift\",\"Travis Kelce mariage\"],\"articleSection\":[\"Viva\"],\"inLanguage\":\"fr-FR\",\"potentialAction\":[{\"@type\":\"CommentAction\",\"name\":\"Comment\",\"target\":[\"https:\/\/bobea.net\/index.php\/2026\/01\/04\/taylor-swift-et-travis-kelce-les-details-exclusifs-du-mariage-royal-de-la-pop-en-juin-2026\/#respond\"]}]},{\"@type\":\"WebPage\",\"@id\":\"https:\/\/bobea.net\/index.php\/2026\/01\/04\/taylor-swift-et-travis-kelce-les-details-exclusifs-du-mariage-royal-de-la-pop-en-juin-2026\/\",\"url\":\"https:\/\/bobea.net\/index.php\/2026\/01\/04\/taylor-swift-et-travis-kelce-les-details-exclusifs-du-mariage-royal-de-la-pop-en-juin-2026\/\",\"name\":\"Taylor Swift et Travis Kelce : Les d\u00e9tails exclusifs du mariage royal de la pop en juin 2026 - Bobea\",\"isPartOf\":{\"@id\":\"https:\/\/bobea.net\/#website\"},\"primaryImageOfPage\":{\"@id\":\"https:\/\/bobea.net\/index.php\/2026\/01\/04\/taylor-swift-et-travis-kelce-les-details-exclusifs-du-mariage-royal-de-la-pop-en-juin-2026\/#primaryimage\"},\"image\":{\"@id\":\"https:\/\/bobea.net\/index.php\/2026\/01\/04\/taylor-swift-et-travis-kelce-les-details-exclusifs-du-mariage-royal-de-la-pop-en-juin-2026\/#primaryimage\"},\"thumbnailUrl\":\"https:\/\/bobea.net\/wp-content\/uploads\/2026\/01\/c60387f_ftp-import-images-1-ccoadsg5ny7r-afp-72j24kf.jpg\",\"datePublished\":\"2026-01-04T08:38:22+00:00\",\"dateModified\":\"2026-01-04T08:38:23+00:00\",\"description\":\"Le monde de la musique et celui du sport s\u2019appr\u00eatent \u00e0 fusionner lors de l\u2019\u00e9v\u00e9nement le plus attendu de la d\u00e9cennie.\",\"breadcrumb\":{\"@id\":\"https:\/\/bobea.net\/index.php\/2026\/01\/04\/taylor-swift-et-travis-kelce-les-details-exclusifs-du-mariage-royal-de-la-pop-en-juin-2026\/#breadcrumb\"},\"inLanguage\":\"fr-FR\",\"potentialAction\":[{\"@type\":\"ReadAction\",\"target\":[\"https:\/\/bobea.net\/index.php\/2026\/01\/04\/taylor-swift-et-travis-kelce-les-details-exclusifs-du-mariage-royal-de-la-pop-en-juin-2026\/\"]}]},{\"@type\":\"ImageObject\",\"inLanguage\":\"fr-FR\",\"@id\":\"https:\/\/bobea.net\/index.php\/2026\/01\/04\/taylor-swift-et-travis-kelce-les-details-exclusifs-du-mariage-royal-de-la-pop-en-juin-2026\/#primaryimage\",\"url\":\"https:\/\/bobea.net\/wp-content\/uploads\/2026\/01\/c60387f_ftp-import-images-1-ccoadsg5ny7r-afp-72j24kf.jpg\",\"contentUrl\":\"https:\/\/bobea.net\/wp-content\/uploads\/2026\/01\/c60387f_ftp-import-images-1-ccoadsg5ny7r-afp-72j24kf.jpg\",\"width\":2000,\"height\":1125},{\"@type\":\"BreadcrumbList\",\"@id\":\"https:\/\/bobea.net\/index.php\/2026\/01\/04\/taylor-swift-et-travis-kelce-les-details-exclusifs-du-mariage-royal-de-la-pop-en-juin-2026\/#breadcrumb\",\"itemListElement\":[{\"@type\":\"ListItem\",\"position\":1,\"name\":\"Accueil\",\"item\":\"https:\/\/bobea.net\/\"},{\"@type\":\"ListItem\",\"position\":2,\"name\":\"Taylor Swift et Travis Kelce : Les d\u00e9tails exclusifs du mariage royal de la pop en juin 2026\"}]},{\"@type\":\"WebSite\",\"@id\":\"https:\/\/bobea.net\/#website\",\"url\":\"https:\/\/bobea.net\/\",\"name\":\"Bobea\",\"description\":\"Le magazine de la nouvelle \u00c8ve\",\"publisher\":{\"@id\":\"https:\/\/bobea.net\/#organization\"},\"potentialAction\":[{\"@type\":\"SearchAction\",\"target\":{\"@type\":\"EntryPoint\",\"urlTemplate\":\"https:\/\/bobea.net\/?s={search_term_string}\"},\"query-input\":{\"@type\":\"PropertyValueSpecification\",\"valueRequired\":true,\"valueName\":\"search_term_string\"}}],\"inLanguage\":\"fr-FR\"},{\"@type\":\"Organization\",\"@id\":\"https:\/\/bobea.net\/#organization\",\"name\":\"Bobea\",\"url\":\"https:\/\/bobea.net\/\",\"logo\":{\"@type\":\"ImageObject\",\"inLanguage\":\"fr-FR\",\"@id\":\"https:\/\/bobea.net\/#\/schema\/logo\/image\/\",\"url\":\"https:\/\/bobea.net\/wp-content\/uploads\/2024\/06\/bobea.jpg\",\"contentUrl\":\"https:\/\/bobea.net\/wp-content\/uploads\/2024\/06\/bobea.jpg\",\"width\":1080,\"height\":1080,\"caption\":\"Bobea\"},\"image\":{\"@id\":\"https:\/\/bobea.net\/#\/schema\/logo\/image\/\"},\"sameAs\":[\"https:\/\/web.facebook.com\/profile.php?id=61559252188416\"]},{\"@type\":\"Person\",\"@id\":\"https:\/\/bobea.net\/#\/schema\/person\/e7f45ef187918d7c956bf619dce90ccf\",\"name\":\"bobea.info\",\"image\":{\"@type\":\"ImageObject\",\"inLanguage\":\"fr-FR\",\"@id\":\"https:\/\/bobea.net\/#\/schema\/person\/image\/\",\"url\":\"https:\/\/secure.gravatar.com\/avatar\/36147980349df887ae30808df3e29474?s=96&d=mm&r=g\",\"contentUrl\":\"https:\/\/secure.gravatar.com\/avatar\/36147980349df887ae30808df3e29474?s=96&d=mm&r=g\",\"caption\":\"bobea.info\"},\"sameAs\":[\"https:\/\/bobea.net\"],\"url\":\"https:\/\/bobea.net\/index.php\/author\/bobea-info\/\"}]}<\/script>\n<!-- \/ Yoast SEO plugin. -->","yoast_head_json":{"title":"Taylor Swift et Travis Kelce : Les d\u00e9tails exclusifs du mariage royal de la pop en juin 2026 - Bobea","description":"Le monde de la musique et celui du sport s\u2019appr\u00eatent \u00e0 fusionner lors de l\u2019\u00e9v\u00e9nement le plus attendu de la d\u00e9cennie.","robots":{"index":"index","follow":"follow","max-snippet":"max-snippet:-1","max-image-preview":"max-image-preview:large","max-video-preview":"max-video-preview:-1"},"canonical":"https:\/\/bobea.net\/index.php\/2026\/01\/04\/taylor-swift-et-travis-kelce-les-details-exclusifs-du-mariage-royal-de-la-pop-en-juin-2026\/","og_locale":"fr_FR","og_type":"article","og_title":"Taylor Swift et Travis Kelce : Les d\u00e9tails exclusifs du mariage royal de la pop en juin 2026 - Bobea","og_description":"Le monde de la musique et celui du sport s\u2019appr\u00eatent \u00e0 fusionner lors de l\u2019\u00e9v\u00e9nement le plus attendu de la d\u00e9cennie.","og_url":"https:\/\/bobea.net\/index.php\/2026\/01\/04\/taylor-swift-et-travis-kelce-les-details-exclusifs-du-mariage-royal-de-la-pop-en-juin-2026\/","og_site_name":"Bobea","article_publisher":"https:\/\/web.facebook.com\/profile.php?id=61559252188416","article_published_time":"2026-01-04T08:38:22+00:00","article_modified_time":"2026-01-04T08:38:23+00:00","og_image":[{"width":2000,"height":1125,"url":"https:\/\/bobea.net\/wp-content\/uploads\/2026\/01\/c60387f_ftp-import-images-1-ccoadsg5ny7r-afp-72j24kf.jpg","type":"image\/jpeg"}],"author":"bobea.info","twitter_card":"summary_large_image","twitter_misc":{"\u00c9crit par":"bobea.info","Dur\u00e9e de lecture estim\u00e9e":"3 minutes"},"schema":{"@context":"https:\/\/schema.org","@graph":[{"@type":"Article","@id":"https:\/\/bobea.net\/index.php\/2026\/01\/04\/taylor-swift-et-travis-kelce-les-details-exclusifs-du-mariage-royal-de-la-pop-en-juin-2026\/#article","isPartOf":{"@id":"https:\/\/bobea.net\/index.php\/2026\/01\/04\/taylor-swift-et-travis-kelce-les-details-exclusifs-du-mariage-royal-de-la-pop-en-juin-2026\/"},"author":{"name":"bobea.info","@id":"https:\/\/bobea.net\/#\/schema\/person\/e7f45ef187918d7c956bf619dce90ccf"},"headline":"Taylor Swift et Travis Kelce : Les d\u00e9tails exclusifs du mariage royal de la pop en juin 2026","datePublished":"2026-01-04T08:38:22+00:00","dateModified":"2026-01-04T08:38:23+00:00","mainEntityOfPage":{"@id":"https:\/\/bobea.net\/index.php\/2026\/01\/04\/taylor-swift-et-travis-kelce-les-details-exclusifs-du-mariage-royal-de-la-pop-en-juin-2026\/"},"wordCount":433,"commentCount":0,"publisher":{"@id":"https:\/\/bobea.net\/#organization"},"image":{"@id":"https:\/\/bobea.net\/index.php\/2026\/01\/04\/taylor-swift-et-travis-kelce-les-details-exclusifs-du-mariage-royal-de-la-pop-en-juin-2026\/#primaryimage"},"thumbnailUrl":"https:\/\/bobea.net\/wp-content\/uploads\/2026\/01\/c60387f_ftp-import-images-1-ccoadsg5ny7r-afp-72j24kf.jpg","keywords":["actualit\u00e9 Taylor Swift","couple Taylor et Travis","date mariage Taylor Swift","Mariage Taylor Swift 2026","news people 2026.","robe de mari\u00e9e Taylor Swift","Travis Kelce mariage"],"articleSection":["Viva"],"inLanguage":"fr-FR","potentialAction":[{"@type":"CommentAction","name":"Comment","target":["https:\/\/bobea.net\/index.php\/2026\/01\/04\/taylor-swift-et-travis-kelce-les-details-exclusifs-du-mariage-royal-de-la-pop-en-juin-2026\/#respond"]}]},{"@type":"WebPage","@id":"https:\/\/bobea.net\/index.php\/2026\/01\/04\/taylor-swift-et-travis-kelce-les-details-exclusifs-du-mariage-royal-de-la-pop-en-juin-2026\/","url":"https:\/\/bobea.net\/index.php\/2026\/01\/04\/taylor-swift-et-travis-kelce-les-details-exclusifs-du-mariage-royal-de-la-pop-en-juin-2026\/","name":"Taylor Swift et Travis Kelce : Les d\u00e9tails exclusifs du mariage royal de la pop en juin 2026 - Bobea","isPartOf":{"@id":"https:\/\/bobea.net\/#website"},"primaryImageOfPage":{"@id":"https:\/\/bobea.net\/index.php\/2026\/01\/04\/taylor-swift-et-travis-kelce-les-details-exclusifs-du-mariage-royal-de-la-pop-en-juin-2026\/#primaryimage"},"image":{"@id":"https:\/\/bobea.net\/index.php\/2026\/01\/04\/taylor-swift-et-travis-kelce-les-details-exclusifs-du-mariage-royal-de-la-pop-en-juin-2026\/#primaryimage"},"thumbnailUrl":"https:\/\/bobea.net\/wp-content\/uploads\/2026\/01\/c60387f_ftp-import-images-1-ccoadsg5ny7r-afp-72j24kf.jpg","datePublished":"2026-01-04T08:38:22+00:00","dateModified":"2026-01-04T08:38:23+00:00","description":"Le monde de la musique et celui du sport s\u2019appr\u00eatent \u00e0 fusionner lors de l\u2019\u00e9v\u00e9nement le plus attendu de la d\u00e9cennie.","breadcrumb":{"@id":"https:\/\/bobea.net\/index.php\/2026\/01\/04\/taylor-swift-et-travis-kelce-les-details-exclusifs-du-mariage-royal-de-la-pop-en-juin-2026\/#breadcrumb"},"inLanguage":"fr-FR","potentialAction":[{"@type":"ReadAction","target":["https:\/\/bobea.net\/index.php\/2026\/01\/04\/taylor-swift-et-travis-kelce-les-details-exclusifs-du-mariage-royal-de-la-pop-en-juin-2026\/"]}]},{"@type":"ImageObject","inLanguage":"fr-FR","@id":"https:\/\/bobea.net\/index.php\/2026\/01\/04\/taylor-swift-et-travis-kelce-les-details-exclusifs-du-mariage-royal-de-la-pop-en-juin-2026\/#primaryimage","url":"https:\/\/bobea.net\/wp-content\/uploads\/2026\/01\/c60387f_ftp-import-images-1-ccoadsg5ny7r-afp-72j24kf.jpg","contentUrl":"https:\/\/bobea.net\/wp-content\/uploads\/2026\/01\/c60387f_ftp-import-images-1-ccoadsg5ny7r-afp-72j24kf.jpg","width":2000,"height":1125},{"@type":"BreadcrumbList","@id":"https:\/\/bobea.net\/index.php\/2026\/01\/04\/taylor-swift-et-travis-kelce-les-details-exclusifs-du-mariage-royal-de-la-pop-en-juin-2026\/#breadcrumb","itemListElement":[{"@type":"ListItem","position":1,"name":"Accueil","item":"https:\/\/bobea.net\/"},{"@type":"ListItem","position":2,"name":"Taylor Swift et Travis Kelce : Les d\u00e9tails exclusifs du mariage royal de la pop en juin 2026"}]},{"@type":"WebSite","@id":"https:\/\/bobea.net\/#website","url":"https:\/\/bobea.net\/","name":"Bobea","description":"Le magazine de la nouvelle \u00c8ve","publisher":{"@id":"https:\/\/bobea.net\/#organization"},"potentialAction":[{"@type":"SearchAction","target":{"@type":"EntryPoint","urlTemplate":"https:\/\/bobea.net\/?s={search_term_string}"},"query-input":{"@type":"PropertyValueSpecification","valueRequired":true,"valueName":"search_term_string"}}],"inLanguage":"fr-FR"},{"@type":"Organization","@id":"https:\/\/bobea.net\/#organization","name":"Bobea","url":"https:\/\/bobea.net\/","logo":{"@type":"ImageObject","inLanguage":"fr-FR","@id":"https:\/\/bobea.net\/#\/schema\/logo\/image\/","url":"https:\/\/bobea.net\/wp-content\/uploads\/2024\/06\/bobea.jpg","contentUrl":"https:\/\/bobea.net\/wp-content\/uploads\/2024\/06\/bobea.jpg","width":1080,"height":1080,"caption":"Bobea"},"image":{"@id":"https:\/\/bobea.net\/#\/schema\/logo\/image\/"},"sameAs":["https:\/\/web.facebook.com\/profile.php?id=61559252188416"]},{"@type":"Person","@id":"https:\/\/bobea.net\/#\/schema\/person\/e7f45ef187918d7c956bf619dce90ccf","name":"bobea.info","image":{"@type":"ImageObject","inLanguage":"fr-FR","@id":"https:\/\/bobea.net\/#\/schema\/person\/image\/","url":"https:\/\/secure.gravatar.com\/avatar\/36147980349df887ae30808df3e29474?s=96&d=mm&r=g","contentUrl":"https:\/\/secure.gravatar.com\/avatar\/36147980349df887ae30808df3e29474?s=96&d=mm&r=g","caption":"bobea.info"},"sameAs":["https:\/\/bobea.net"],"url":"https:\/\/bobea.net\/index.php\/author\/bobea-info\/"}]}},"_links":{"self":[{"href":"https:\/\/bobea.net\/index.php\/wp-json\/wp\/v2\/posts\/28453"}],"collection":[{"href":"https:\/\/bobea.net\/index.php\/wp-json\/wp\/v2\/posts"}],"about":[{"href":"https:\/\/bobea.net\/index.php\/wp-json\/wp\/v2\/types\/post"}],"author":[{"embeddable":true,"href":"https:\/\/bobea.net\/index.php\/wp-json\/wp\/v2\/users\/1"}],"replies":[{"embeddable":true,"href":"https:\/\/bobea.net\/index.php\/wp-json\/wp\/v2\/comments?post=28453"}],"version-history":[{"count":1,"href":"https:\/\/bobea.net\/index.php\/wp-json\/wp\/v2\/posts\/28453\/revisions"}],"predecessor-version":[{"id":28456,"href":"https:\/\/bobea.net\/index.php\/wp-json\/wp\/v2\/posts\/28453\/revisions\/28456"}],"wp:featuredmedia":[{"embeddable":true,"href":"https:\/\/bobea.net\/index.php\/wp-json\/wp\/v2\/media\/28454"}],"wp:attachment":[{"href":"https:\/\/bobea.net\/index.php\/wp-json\/wp\/v2\/media?parent=28453"}],"wp:term":[{"taxonomy":"category","embeddable":true,"href":"https:\/\/bobea.net\/index.php\/wp-json\/wp\/v2\/categories?post=28453"},{"taxonomy":"post_tag","embeddable":true,"href":"https:\/\/bobea.net\/index.php\/wp-json\/wp\/v2\/tags?post=28453"}],"curies":[{"name":"wp","href":"https:\/\/api.w.org\/{rel}","templated":true}]}}