{"id":28073,"date":"2025-12-24T13:47:57","date_gmt":"2025-12-24T13:47:57","guid":{"rendered":"https:\/\/bobea.net\/?p=28073"},"modified":"2025-12-24T13:48:03","modified_gmt":"2025-12-24T13:48:03","slug":"art-et-resilience-la-creation-comme-rempart-face-aux-crises","status":"publish","type":"post","link":"https:\/\/bobea.net\/index.php\/2025\/12\/24\/art-et-resilience-la-creation-comme-rempart-face-aux-crises\/","title":{"rendered":"Art et R\u00e9silience \u2013 La Cr\u00e9ation comme Rempart face aux Crises"},"content":{"rendered":"\n<p><strong>I. L\u2019Art comme Fonc\u00adtion Vitale<\/strong><\/p>\n\n\n\n<p>Dans un con\u00adtexte mon\u00addi\u00adal de poly\u00adcrise, l\u2019art n\u2019est plus un super\u00adflu, c\u2019est une struc\u00adture de sou\u00adtien psy\u00adchologique. En 2025, nous avons vu \u00e9merg\u00ader un mou\u00adve\u00adment d\u2019<strong>Art R\u00e9silient<\/strong>, o\u00f9 les artistes utilisent des mat\u00e9ri\u00adaux de r\u00e9cup\u00e9ra\u00adtion ou des proces\u00adsus de cr\u00e9a\u00adtion lents pour traiter les trau\u00adma\u00adtismes col\u00adlec\u00adtifs.<\/p>\n\n\n\n<figure class=\"wp-block-image size-large\"><img loading=\"lazy\" decoding=\"async\" width=\"1024\" height=\"768\" src=\"https:\/\/bobea.net\/wp-content\/uploads\/2025\/12\/image-177-1024x768.png\" alt class=\"wp-image-28076\" srcset=\"https:\/\/bobea.net\/wp-content\/uploads\/2025\/12\/image-177-1024x768.png 1024w, https:\/\/bobea.net\/wp-content\/uploads\/2025\/12\/image-177-300x225.png 300w, https:\/\/bobea.net\/wp-content\/uploads\/2025\/12\/image-177-768x576.png 768w, https:\/\/bobea.net\/wp-content\/uploads\/2025\/12\/image-177.png 1400w\" sizes=\"(max-width: 1024px) 100vw, 1024px\"><\/figure>\n\n\n\n<p><strong>II. Le March\u00e9 de l\u2019Art en 2026 : Entre Sens et Valeur<\/strong><\/p>\n\n\n\n<p>Le col\u00adlec\u00adtion\u00adneur de 2026 ne cherche plus seule\u00adment la sp\u00e9cu\u00adla\u00adtion, mais l\u2019im\u00adpact.<\/p>\n\n\n\n<ul class=\"wp-block-list\">\n<li><strong>L\u2019Art-Impact :<\/strong> Les \u0153uvres qui finan\u00adcent des caus\u00ades sociales (comme la Ligue des Gar\u00addi\u00adennes) voient leur cote s\u2019en\u00adv\u00adol\u00ader.<\/li>\n\n\n\n<li><strong>La Cryp\u00adto-Authen\u00adtic\u00adit\u00e9 :<\/strong> La blockchain est d\u00e9sor\u00admais la norme pour garan\u00adtir la tra\u00e7a\u00adbil\u00adit\u00e9 d\u2019une \u0153uvre, pro\u00adt\u00e9geant les artistes des spo\u00adli\u00ada\u00adtions num\u00e9riques.<\/li>\n\n\n\n<li><strong>L\u2019Im\u00admer\u00adsif Cog\u00adni\u00adtif :<\/strong> Des galeries pro\u00adposent des exp\u00e9ri\u00adences o\u00f9 l\u2019\u0153u\u00advre inter\u00adag\u00adit avec les ondes c\u00e9r\u00e9brales du vis\u00adi\u00adteur pour induire un \u00e9tat de m\u00e9di\u00adta\u00adtion pro\u00adfonde.<\/li>\n<\/ul>\n","protected":false},"excerpt":{"rendered":"<p>I. L\u2019Art comme Fonc\u00adtion Vitale Dans un con\u00adtexte mon\u00addi\u00adal de poly\u00adcrise, l\u2019art n\u2019est plus un super\u00adflu, c\u2019est une struc\u00adture de sou\u00adtien psy\u00adchologique. En 2025, nous avons vu \u00e9merg\u00ader un mou\u00adve\u00adment\u2026 <\/p>\n","protected":false},"author":1,"featured_media":28074,"comment_status":"open","ping_status":"closed","sticky":false,"template":"","format":"standard","meta":{"wp_typography_post_enhancements_disabled":false,"footnotes":""},"categories":[80],"tags":[20845,20850,20849,20851,20847,20848,20846],"class_list":["post-28073","post","type-post","status-publish","format-standard","has-post-thumbnail","hentry","category-arts","tag-art-contemporain-2026","tag-art-et-ia","tag-art-therapie-de-luxe","tag-expression-emotionnelle","tag-investissement-artistique","tag-marche-de-lart-ethique","tag-resilience-creative"],"yoast_head":"<!-- This site is optimized with the Yoast SEO plugin v24.7 - https:\/\/yoast.com\/wordpress\/plugins\/seo\/ -->\n<title>Art et R\u00e9silience \u2013 La Cr\u00e9ation comme Rempart face aux Crises - Bobea<\/title>\n<meta name=\"robots\" content=\"index, follow, max-snippet:-1, max-image-preview:large, max-video-preview:-1\" \/>\n<link rel=\"canonical\" href=\"https:\/\/bobea.net\/index.php\/2025\/12\/24\/art-et-resilience-la-creation-comme-rempart-face-aux-crises\/\" \/>\n<meta property=\"og:locale\" content=\"fr_FR\" \/>\n<meta property=\"og:type\" content=\"article\" \/>\n<meta property=\"og:title\" content=\"Art et R\u00e9silience \u2013 La Cr\u00e9ation comme Rempart face aux Crises - Bobea\" \/>\n<meta property=\"og:description\" content=\"I. L\u2019Art comme Fonc\u00adtion Vitale Dans un con\u00adtexte mon\u00addi\u00adal de poly\u00adcrise, l\u2019art n\u2019est plus un super\u00adflu, c\u2019est une struc\u00adture de sou\u00adtien psy\u00adchologique. En 2025, nous avons vu \u00e9merg\u00ader un mou\u00adve\u00adment&hellip;\" \/>\n<meta property=\"og:url\" content=\"https:\/\/bobea.net\/index.php\/2025\/12\/24\/art-et-resilience-la-creation-comme-rempart-face-aux-crises\/\" \/>\n<meta property=\"og:site_name\" content=\"Bobea\" \/>\n<meta property=\"article:publisher\" content=\"https:\/\/web.facebook.com\/profile.php?id=61559252188416\" \/>\n<meta property=\"article:published_time\" content=\"2025-12-24T13:47:57+00:00\" \/>\n<meta property=\"article:modified_time\" content=\"2025-12-24T13:48:03+00:00\" \/>\n<meta property=\"og:image\" content=\"https:\/\/bobea.net\/wp-content\/uploads\/2025\/12\/f5f09c03b422d2010a590136a65d6953.webp\" \/>\n\t<meta property=\"og:image:width\" content=\"780\" \/>\n\t<meta property=\"og:image:height\" content=\"468\" \/>\n\t<meta property=\"og:image:type\" content=\"image\/webp\" \/>\n<meta name=\"author\" content=\"bobea.info\" \/>\n<meta name=\"twitter:card\" content=\"summary_large_image\" \/>\n<meta name=\"twitter:label1\" content=\"\u00c9crit par\" \/>\n\t<meta name=\"twitter:data1\" content=\"bobea.info\" \/>\n\t<meta name=\"twitter:label2\" content=\"Dur\u00e9e de lecture estim\u00e9e\" \/>\n\t<meta name=\"twitter:data2\" content=\"2 minutes\" \/>\n<script type=\"application\/ld+json\" class=\"yoast-schema-graph\">{\"@context\":\"https:\/\/schema.org\",\"@graph\":[{\"@type\":\"Article\",\"@id\":\"https:\/\/bobea.net\/index.php\/2025\/12\/24\/art-et-resilience-la-creation-comme-rempart-face-aux-crises\/#article\",\"isPartOf\":{\"@id\":\"https:\/\/bobea.net\/index.php\/2025\/12\/24\/art-et-resilience-la-creation-comme-rempart-face-aux-crises\/\"},\"author\":{\"name\":\"bobea.info\",\"@id\":\"https:\/\/bobea.net\/#\/schema\/person\/e7f45ef187918d7c956bf619dce90ccf\"},\"headline\":\"Art et R\u00e9silience \u2013 La Cr\u00e9ation comme Rempart face aux Crises\",\"datePublished\":\"2025-12-24T13:47:57+00:00\",\"dateModified\":\"2025-12-24T13:48:03+00:00\",\"mainEntityOfPage\":{\"@id\":\"https:\/\/bobea.net\/index.php\/2025\/12\/24\/art-et-resilience-la-creation-comme-rempart-face-aux-crises\/\"},\"wordCount\":169,\"commentCount\":0,\"publisher\":{\"@id\":\"https:\/\/bobea.net\/#organization\"},\"image\":{\"@id\":\"https:\/\/bobea.net\/index.php\/2025\/12\/24\/art-et-resilience-la-creation-comme-rempart-face-aux-crises\/#primaryimage\"},\"thumbnailUrl\":\"https:\/\/bobea.net\/wp-content\/uploads\/2025\/12\/f5f09c03b422d2010a590136a65d6953.webp\",\"keywords\":[\"Art contemporain 2026\",\"art et IA\",\"art-th\u00e9rapie de luxe\",\"expression \u00e9motionnelle.\",\"investissement artistique\",\"march\u00e9 de l'art \u00e9thique\",\"r\u00e9silience cr\u00e9ative\"],\"articleSection\":[\"Arts\"],\"inLanguage\":\"fr-FR\",\"potentialAction\":[{\"@type\":\"CommentAction\",\"name\":\"Comment\",\"target\":[\"https:\/\/bobea.net\/index.php\/2025\/12\/24\/art-et-resilience-la-creation-comme-rempart-face-aux-crises\/#respond\"]}]},{\"@type\":\"WebPage\",\"@id\":\"https:\/\/bobea.net\/index.php\/2025\/12\/24\/art-et-resilience-la-creation-comme-rempart-face-aux-crises\/\",\"url\":\"https:\/\/bobea.net\/index.php\/2025\/12\/24\/art-et-resilience-la-creation-comme-rempart-face-aux-crises\/\",\"name\":\"Art et R\u00e9silience \u2013 La Cr\u00e9ation comme Rempart face aux Crises - Bobea\",\"isPartOf\":{\"@id\":\"https:\/\/bobea.net\/#website\"},\"primaryImageOfPage\":{\"@id\":\"https:\/\/bobea.net\/index.php\/2025\/12\/24\/art-et-resilience-la-creation-comme-rempart-face-aux-crises\/#primaryimage\"},\"image\":{\"@id\":\"https:\/\/bobea.net\/index.php\/2025\/12\/24\/art-et-resilience-la-creation-comme-rempart-face-aux-crises\/#primaryimage\"},\"thumbnailUrl\":\"https:\/\/bobea.net\/wp-content\/uploads\/2025\/12\/f5f09c03b422d2010a590136a65d6953.webp\",\"datePublished\":\"2025-12-24T13:47:57+00:00\",\"dateModified\":\"2025-12-24T13:48:03+00:00\",\"breadcrumb\":{\"@id\":\"https:\/\/bobea.net\/index.php\/2025\/12\/24\/art-et-resilience-la-creation-comme-rempart-face-aux-crises\/#breadcrumb\"},\"inLanguage\":\"fr-FR\",\"potentialAction\":[{\"@type\":\"ReadAction\",\"target\":[\"https:\/\/bobea.net\/index.php\/2025\/12\/24\/art-et-resilience-la-creation-comme-rempart-face-aux-crises\/\"]}]},{\"@type\":\"ImageObject\",\"inLanguage\":\"fr-FR\",\"@id\":\"https:\/\/bobea.net\/index.php\/2025\/12\/24\/art-et-resilience-la-creation-comme-rempart-face-aux-crises\/#primaryimage\",\"url\":\"https:\/\/bobea.net\/wp-content\/uploads\/2025\/12\/f5f09c03b422d2010a590136a65d6953.webp\",\"contentUrl\":\"https:\/\/bobea.net\/wp-content\/uploads\/2025\/12\/f5f09c03b422d2010a590136a65d6953.webp\",\"width\":780,\"height\":468},{\"@type\":\"BreadcrumbList\",\"@id\":\"https:\/\/bobea.net\/index.php\/2025\/12\/24\/art-et-resilience-la-creation-comme-rempart-face-aux-crises\/#breadcrumb\",\"itemListElement\":[{\"@type\":\"ListItem\",\"position\":1,\"name\":\"Accueil\",\"item\":\"https:\/\/bobea.net\/\"},{\"@type\":\"ListItem\",\"position\":2,\"name\":\"Art et R\u00e9silience \u2013 La Cr\u00e9ation comme Rempart face aux Crises\"}]},{\"@type\":\"WebSite\",\"@id\":\"https:\/\/bobea.net\/#website\",\"url\":\"https:\/\/bobea.net\/\",\"name\":\"Bobea\",\"description\":\"Le magazine de la nouvelle \u00c8ve\",\"publisher\":{\"@id\":\"https:\/\/bobea.net\/#organization\"},\"potentialAction\":[{\"@type\":\"SearchAction\",\"target\":{\"@type\":\"EntryPoint\",\"urlTemplate\":\"https:\/\/bobea.net\/?s={search_term_string}\"},\"query-input\":{\"@type\":\"PropertyValueSpecification\",\"valueRequired\":true,\"valueName\":\"search_term_string\"}}],\"inLanguage\":\"fr-FR\"},{\"@type\":\"Organization\",\"@id\":\"https:\/\/bobea.net\/#organization\",\"name\":\"Bobea\",\"url\":\"https:\/\/bobea.net\/\",\"logo\":{\"@type\":\"ImageObject\",\"inLanguage\":\"fr-FR\",\"@id\":\"https:\/\/bobea.net\/#\/schema\/logo\/image\/\",\"url\":\"https:\/\/bobea.net\/wp-content\/uploads\/2024\/06\/bobea.jpg\",\"contentUrl\":\"https:\/\/bobea.net\/wp-content\/uploads\/2024\/06\/bobea.jpg\",\"width\":1080,\"height\":1080,\"caption\":\"Bobea\"},\"image\":{\"@id\":\"https:\/\/bobea.net\/#\/schema\/logo\/image\/\"},\"sameAs\":[\"https:\/\/web.facebook.com\/profile.php?id=61559252188416\"]},{\"@type\":\"Person\",\"@id\":\"https:\/\/bobea.net\/#\/schema\/person\/e7f45ef187918d7c956bf619dce90ccf\",\"name\":\"bobea.info\",\"image\":{\"@type\":\"ImageObject\",\"inLanguage\":\"fr-FR\",\"@id\":\"https:\/\/bobea.net\/#\/schema\/person\/image\/\",\"url\":\"https:\/\/secure.gravatar.com\/avatar\/36147980349df887ae30808df3e29474?s=96&d=mm&r=g\",\"contentUrl\":\"https:\/\/secure.gravatar.com\/avatar\/36147980349df887ae30808df3e29474?s=96&d=mm&r=g\",\"caption\":\"bobea.info\"},\"sameAs\":[\"https:\/\/bobea.net\"],\"url\":\"https:\/\/bobea.net\/index.php\/author\/bobea-info\/\"}]}<\/script>\n<!-- \/ Yoast SEO plugin. -->","yoast_head_json":{"title":"Art et R\u00e9silience \u2013 La Cr\u00e9ation comme Rempart face aux Crises - Bobea","robots":{"index":"index","follow":"follow","max-snippet":"max-snippet:-1","max-image-preview":"max-image-preview:large","max-video-preview":"max-video-preview:-1"},"canonical":"https:\/\/bobea.net\/index.php\/2025\/12\/24\/art-et-resilience-la-creation-comme-rempart-face-aux-crises\/","og_locale":"fr_FR","og_type":"article","og_title":"Art et R\u00e9silience \u2013 La Cr\u00e9ation comme Rempart face aux Crises - Bobea","og_description":"I. L\u2019Art comme Fonc\u00adtion Vitale Dans un con\u00adtexte mon\u00addi\u00adal de poly\u00adcrise, l\u2019art n\u2019est plus un super\u00adflu, c\u2019est une struc\u00adture de sou\u00adtien psy\u00adchologique. En 2025, nous avons vu \u00e9merg\u00ader un mou\u00adve\u00adment&hellip;","og_url":"https:\/\/bobea.net\/index.php\/2025\/12\/24\/art-et-resilience-la-creation-comme-rempart-face-aux-crises\/","og_site_name":"Bobea","article_publisher":"https:\/\/web.facebook.com\/profile.php?id=61559252188416","article_published_time":"2025-12-24T13:47:57+00:00","article_modified_time":"2025-12-24T13:48:03+00:00","og_image":[{"width":780,"height":468,"url":"https:\/\/bobea.net\/wp-content\/uploads\/2025\/12\/f5f09c03b422d2010a590136a65d6953.webp","type":"image\/webp"}],"author":"bobea.info","twitter_card":"summary_large_image","twitter_misc":{"\u00c9crit par":"bobea.info","Dur\u00e9e de lecture estim\u00e9e":"2 minutes"},"schema":{"@context":"https:\/\/schema.org","@graph":[{"@type":"Article","@id":"https:\/\/bobea.net\/index.php\/2025\/12\/24\/art-et-resilience-la-creation-comme-rempart-face-aux-crises\/#article","isPartOf":{"@id":"https:\/\/bobea.net\/index.php\/2025\/12\/24\/art-et-resilience-la-creation-comme-rempart-face-aux-crises\/"},"author":{"name":"bobea.info","@id":"https:\/\/bobea.net\/#\/schema\/person\/e7f45ef187918d7c956bf619dce90ccf"},"headline":"Art et R\u00e9silience \u2013 La Cr\u00e9ation comme Rempart face aux Crises","datePublished":"2025-12-24T13:47:57+00:00","dateModified":"2025-12-24T13:48:03+00:00","mainEntityOfPage":{"@id":"https:\/\/bobea.net\/index.php\/2025\/12\/24\/art-et-resilience-la-creation-comme-rempart-face-aux-crises\/"},"wordCount":169,"commentCount":0,"publisher":{"@id":"https:\/\/bobea.net\/#organization"},"image":{"@id":"https:\/\/bobea.net\/index.php\/2025\/12\/24\/art-et-resilience-la-creation-comme-rempart-face-aux-crises\/#primaryimage"},"thumbnailUrl":"https:\/\/bobea.net\/wp-content\/uploads\/2025\/12\/f5f09c03b422d2010a590136a65d6953.webp","keywords":["Art contemporain 2026","art et IA","art-th\u00e9rapie de luxe","expression \u00e9motionnelle.","investissement artistique","march\u00e9 de l'art \u00e9thique","r\u00e9silience cr\u00e9ative"],"articleSection":["Arts"],"inLanguage":"fr-FR","potentialAction":[{"@type":"CommentAction","name":"Comment","target":["https:\/\/bobea.net\/index.php\/2025\/12\/24\/art-et-resilience-la-creation-comme-rempart-face-aux-crises\/#respond"]}]},{"@type":"WebPage","@id":"https:\/\/bobea.net\/index.php\/2025\/12\/24\/art-et-resilience-la-creation-comme-rempart-face-aux-crises\/","url":"https:\/\/bobea.net\/index.php\/2025\/12\/24\/art-et-resilience-la-creation-comme-rempart-face-aux-crises\/","name":"Art et R\u00e9silience \u2013 La Cr\u00e9ation comme Rempart face aux Crises - Bobea","isPartOf":{"@id":"https:\/\/bobea.net\/#website"},"primaryImageOfPage":{"@id":"https:\/\/bobea.net\/index.php\/2025\/12\/24\/art-et-resilience-la-creation-comme-rempart-face-aux-crises\/#primaryimage"},"image":{"@id":"https:\/\/bobea.net\/index.php\/2025\/12\/24\/art-et-resilience-la-creation-comme-rempart-face-aux-crises\/#primaryimage"},"thumbnailUrl":"https:\/\/bobea.net\/wp-content\/uploads\/2025\/12\/f5f09c03b422d2010a590136a65d6953.webp","datePublished":"2025-12-24T13:47:57+00:00","dateModified":"2025-12-24T13:48:03+00:00","breadcrumb":{"@id":"https:\/\/bobea.net\/index.php\/2025\/12\/24\/art-et-resilience-la-creation-comme-rempart-face-aux-crises\/#breadcrumb"},"inLanguage":"fr-FR","potentialAction":[{"@type":"ReadAction","target":["https:\/\/bobea.net\/index.php\/2025\/12\/24\/art-et-resilience-la-creation-comme-rempart-face-aux-crises\/"]}]},{"@type":"ImageObject","inLanguage":"fr-FR","@id":"https:\/\/bobea.net\/index.php\/2025\/12\/24\/art-et-resilience-la-creation-comme-rempart-face-aux-crises\/#primaryimage","url":"https:\/\/bobea.net\/wp-content\/uploads\/2025\/12\/f5f09c03b422d2010a590136a65d6953.webp","contentUrl":"https:\/\/bobea.net\/wp-content\/uploads\/2025\/12\/f5f09c03b422d2010a590136a65d6953.webp","width":780,"height":468},{"@type":"BreadcrumbList","@id":"https:\/\/bobea.net\/index.php\/2025\/12\/24\/art-et-resilience-la-creation-comme-rempart-face-aux-crises\/#breadcrumb","itemListElement":[{"@type":"ListItem","position":1,"name":"Accueil","item":"https:\/\/bobea.net\/"},{"@type":"ListItem","position":2,"name":"Art et R\u00e9silience \u2013 La Cr\u00e9ation comme Rempart face aux Crises"}]},{"@type":"WebSite","@id":"https:\/\/bobea.net\/#website","url":"https:\/\/bobea.net\/","name":"Bobea","description":"Le magazine de la nouvelle \u00c8ve","publisher":{"@id":"https:\/\/bobea.net\/#organization"},"potentialAction":[{"@type":"SearchAction","target":{"@type":"EntryPoint","urlTemplate":"https:\/\/bobea.net\/?s={search_term_string}"},"query-input":{"@type":"PropertyValueSpecification","valueRequired":true,"valueName":"search_term_string"}}],"inLanguage":"fr-FR"},{"@type":"Organization","@id":"https:\/\/bobea.net\/#organization","name":"Bobea","url":"https:\/\/bobea.net\/","logo":{"@type":"ImageObject","inLanguage":"fr-FR","@id":"https:\/\/bobea.net\/#\/schema\/logo\/image\/","url":"https:\/\/bobea.net\/wp-content\/uploads\/2024\/06\/bobea.jpg","contentUrl":"https:\/\/bobea.net\/wp-content\/uploads\/2024\/06\/bobea.jpg","width":1080,"height":1080,"caption":"Bobea"},"image":{"@id":"https:\/\/bobea.net\/#\/schema\/logo\/image\/"},"sameAs":["https:\/\/web.facebook.com\/profile.php?id=61559252188416"]},{"@type":"Person","@id":"https:\/\/bobea.net\/#\/schema\/person\/e7f45ef187918d7c956bf619dce90ccf","name":"bobea.info","image":{"@type":"ImageObject","inLanguage":"fr-FR","@id":"https:\/\/bobea.net\/#\/schema\/person\/image\/","url":"https:\/\/secure.gravatar.com\/avatar\/36147980349df887ae30808df3e29474?s=96&d=mm&r=g","contentUrl":"https:\/\/secure.gravatar.com\/avatar\/36147980349df887ae30808df3e29474?s=96&d=mm&r=g","caption":"bobea.info"},"sameAs":["https:\/\/bobea.net"],"url":"https:\/\/bobea.net\/index.php\/author\/bobea-info\/"}]}},"_links":{"self":[{"href":"https:\/\/bobea.net\/index.php\/wp-json\/wp\/v2\/posts\/28073"}],"collection":[{"href":"https:\/\/bobea.net\/index.php\/wp-json\/wp\/v2\/posts"}],"about":[{"href":"https:\/\/bobea.net\/index.php\/wp-json\/wp\/v2\/types\/post"}],"author":[{"embeddable":true,"href":"https:\/\/bobea.net\/index.php\/wp-json\/wp\/v2\/users\/1"}],"replies":[{"embeddable":true,"href":"https:\/\/bobea.net\/index.php\/wp-json\/wp\/v2\/comments?post=28073"}],"version-history":[{"count":1,"href":"https:\/\/bobea.net\/index.php\/wp-json\/wp\/v2\/posts\/28073\/revisions"}],"predecessor-version":[{"id":28077,"href":"https:\/\/bobea.net\/index.php\/wp-json\/wp\/v2\/posts\/28073\/revisions\/28077"}],"wp:featuredmedia":[{"embeddable":true,"href":"https:\/\/bobea.net\/index.php\/wp-json\/wp\/v2\/media\/28074"}],"wp:attachment":[{"href":"https:\/\/bobea.net\/index.php\/wp-json\/wp\/v2\/media?parent=28073"}],"wp:term":[{"taxonomy":"category","embeddable":true,"href":"https:\/\/bobea.net\/index.php\/wp-json\/wp\/v2\/categories?post=28073"},{"taxonomy":"post_tag","embeddable":true,"href":"https:\/\/bobea.net\/index.php\/wp-json\/wp\/v2\/tags?post=28073"}],"curies":[{"name":"wp","href":"https:\/\/api.w.org\/{rel}","templated":true}]}}