{"id":2804,"date":"2024-07-01T12:33:30","date_gmt":"2024-07-01T12:33:30","guid":{"rendered":"https:\/\/bobea.net\/?p=2804"},"modified":"2024-07-01T12:33:31","modified_gmt":"2024-07-01T12:33:31","slug":"patrick-bruel-le-retour-triomphal-dune-icone-de-la-chanson-francaise","status":"publish","type":"post","link":"https:\/\/bobea.net\/index.php\/2024\/07\/01\/patrick-bruel-le-retour-triomphal-dune-icone-de-la-chanson-francaise\/","title":{"rendered":"Patrick Bruel : Le retour triomphal d\u2019une ic\u00f4ne de la chanson fran\u00e7aise"},"content":{"rendered":"\n<p>\u00c0 64 ans, Patrick Bru\u00adel prou\u00adve qu\u2019il reste l\u2019un des artistes les plus pop\u00adu\u00adlaires de sa g\u00e9n\u00e9ra\u00adtion. Sa r\u00e9cente tourn\u00e9e, cul\u00admi\u00adnant avec deux con\u00adcerts sold-out \u00e0 l\u2019Ac\u00adcor Are\u00adna de Paris les 14 et 15 mars, t\u00e9moigne de son statut in\u00e9bran\u00adlable dans le paysage musi\u00adcal fran\u00e7ais.<\/p>\n\n\n\n<p>Un r\u00e9per\u00adtoire qui tra\u00adverse les g\u00e9n\u00e9ra\u00adtions<\/p>\n\n\n\n<p>Le chanteur a offert un spec\u00adta\u00adcle m\u00ealant habile\u00adment ses nou\u00adveaux titres et ses clas\u00adsiques intem\u00adporels. Des tubes comme \u201cCass\u00ader la voix\u201d ou \u201cPlace des grands hommes\u201d ont r\u00e9son\u00adn\u00e9 aux c\u00f4t\u00e9s de ses com\u00adpo\u00adsi\u00adtions plus r\u00e9centes, d\u00e9mon\u00adtrant la richesse et la long\u00e9vit\u00e9 de son r\u00e9per\u00adtoire.<\/p>\n\n\n\n<p>Une fer\u00adveur intacte<\/p>\n\n\n\n<p>Mal\u00adgr\u00e9 les ann\u00e9es, la pas\u00adsion du pub\u00adlic pour Patrick Bru\u00adel ne faib\u00adlit pas. L\u2019Ac\u00adcor Are\u00adna, l\u2019une des plus grandes salles de con\u00adcert de Paris, \u00e9tait comble pour ses deux repr\u00e9sen\u00adta\u00adtions. \u201cL\u2019\u00e9n\u00adergie du pub\u00adlic \u00e9tait incroy\u00adable. C\u2019est pour ces moments-l\u00e0 qu\u2019on fait ce m\u00e9ti\u00ader\u201d, a con\u00adfi\u00e9 l\u2019artiste apr\u00e8s le con\u00adcert.<\/p>\n\n\n\n<p>Un parterre de stars<\/p>\n\n\n\n<p>Le con\u00adcert a attir\u00e9 de nom\u00adbreuses c\u00e9l\u00e9brit\u00e9s, t\u00e9moignant de l\u2019in\u00adflu\u00adence de Bru\u00adel au-del\u00e0 du monde de la musique :<\/p>\n\n\n\n<ol class=\"wp-block-list\" start=\"1\">\n<li>Jean Dujardin, acteur oscaris\u00e9 et ami de longue date de Bru\u00adel<\/li>\n\n\n\n<li>Gad Elmaleh, humoriste et acteur<\/li>\n\n\n\n<li>Nikos Alia\u00adgas, ani\u00adma\u00adteur t\u00e9l\u00e9<\/li>\n\n\n\n<li>Val\u00e9rie Tri\u00ader\u00adweil\u00ader, jour\u00adnal\u00adiste et ex-pre\u00admi\u00e8re dame<\/li>\n<\/ol>\n\n\n\n<p>Un artiste qui se r\u00e9in\u00advente<\/p>\n\n\n\n<p>Si Patrick Bru\u00adel reste fid\u00e8le \u00e0 son style roman\u00adtique qui a fait son suc\u00adc\u00e8s, il n\u2019h\u00e9site pas \u00e0 explor\u00ader de nou\u00advelles direc\u00adtions musi\u00adcales. Son dernier album, sor\u00adti en 2022, mon\u00adtre une \u00e9vo\u00adlu\u00adtion de son style tout en con\u00adser\u00advant l\u2019essence de ce qui fait son suc\u00adc\u00e8s depuis plus de 30 ans.<\/p>\n\n\n\n<p>Con\u00adclu\u00adsion : Un ph\u00e9nom\u00e8ne interg\u00e9n\u00e9ra\u00adtionnel<\/p>\n\n\n\n<p>Le suc\u00adc\u00e8s con\u00adtinu de Patrick Bru\u00adel illus\u00adtre sa capac\u00adit\u00e9 \u00e0 touch\u00ader dif\u00adf\u00e9rentes g\u00e9n\u00e9ra\u00adtions. Des fans de la pre\u00admi\u00e8re heure aux plus jeunes d\u00e9cou\u00advrant son r\u00e9per\u00adtoire, l\u2019artiste r\u00e9us\u00adsit le pari de rester per\u00adti\u00adnent dans un paysage musi\u00adcal en con\u00adstante \u00e9volution.Ce retour tri\u00adom\u00adphal sur sc\u00e8ne con\u00adfirme que Patrick Bru\u00adel, loin d\u2019\u00eatre un sim\u00adple chanteur culte des ann\u00e9es pass\u00e9es, demeure une fig\u00adure incon\u00adtourn\u00adable de la chan\u00adson fran\u00e7aise con\u00adtem\u00adpo\u00adraine.<\/p>\n","protected":false},"excerpt":{"rendered":"<p>\u00c0 64 ans, Patrick Bru\u00adel prou\u00adve qu\u2019il reste l\u2019un des artistes les plus pop\u00adu\u00adlaires de sa g\u00e9n\u00e9ra\u00adtion. Sa r\u00e9cente tourn\u00e9e, cul\u00admi\u00adnant avec deux con\u00adcerts sold-out \u00e0 l\u2019Ac\u00adcor Are\u00adna de Paris\u2026 <\/p>\n","protected":false},"author":1,"featured_media":2805,"comment_status":"open","ping_status":"open","sticky":false,"template":"","format":"standard","meta":{"wp_typography_post_enhancements_disabled":false,"footnotes":""},"categories":[79,55],"tags":[1471,1470],"class_list":["post-2804","post","type-post","status-publish","format-standard","has-post-thumbnail","hentry","category-a-la-une","category-culture","tag-chanson-francaise","tag-patrick-bruel"],"yoast_head":"<!-- This site is optimized with the Yoast SEO plugin v24.7 - https:\/\/yoast.com\/wordpress\/plugins\/seo\/ -->\n<title>Patrick Bruel : Le retour triomphal d&#039;une ic\u00f4ne de la chanson fran\u00e7aise - Bobea<\/title>\n<meta name=\"description\" content=\"\u00c0 64 ans, Patrick Bruel prouve qu&#039;il reste l&#039;un des artistes les plus populaires de sa g\u00e9n\u00e9ration. Sa r\u00e9cente tourn\u00e9e, culminant\" \/>\n<meta name=\"robots\" content=\"index, follow, max-snippet:-1, max-image-preview:large, max-video-preview:-1\" \/>\n<link rel=\"canonical\" href=\"https:\/\/bobea.net\/index.php\/2024\/07\/01\/patrick-bruel-le-retour-triomphal-dune-icone-de-la-chanson-francaise\/\" \/>\n<meta property=\"og:locale\" content=\"fr_FR\" \/>\n<meta property=\"og:type\" content=\"article\" \/>\n<meta property=\"og:title\" content=\"Patrick Bruel : Le retour triomphal d&#039;une ic\u00f4ne de la chanson fran\u00e7aise - Bobea\" \/>\n<meta property=\"og:description\" content=\"\u00c0 64 ans, Patrick Bruel prouve qu&#039;il reste l&#039;un des artistes les plus populaires de sa g\u00e9n\u00e9ration. Sa r\u00e9cente tourn\u00e9e, culminant\" \/>\n<meta property=\"og:url\" content=\"https:\/\/bobea.net\/index.php\/2024\/07\/01\/patrick-bruel-le-retour-triomphal-dune-icone-de-la-chanson-francaise\/\" \/>\n<meta property=\"og:site_name\" content=\"Bobea\" \/>\n<meta property=\"article:publisher\" content=\"https:\/\/web.facebook.com\/profile.php?id=61559252188416\" \/>\n<meta property=\"article:published_time\" content=\"2024-07-01T12:33:30+00:00\" \/>\n<meta property=\"article:modified_time\" content=\"2024-07-01T12:33:31+00:00\" \/>\n<meta property=\"og:image\" content=\"https:\/\/bobea.net\/wp-content\/uploads\/2024\/07\/photo-1562394436.jpg\" \/>\n\t<meta property=\"og:image:width\" content=\"1200\" \/>\n\t<meta property=\"og:image:height\" content=\"630\" \/>\n\t<meta property=\"og:image:type\" content=\"image\/jpeg\" \/>\n<meta name=\"author\" content=\"bobea.info\" \/>\n<meta name=\"twitter:card\" content=\"summary_large_image\" \/>\n<meta name=\"twitter:label1\" content=\"\u00c9crit par\" \/>\n\t<meta name=\"twitter:data1\" content=\"bobea.info\" \/>\n\t<meta name=\"twitter:label2\" content=\"Dur\u00e9e de lecture estim\u00e9e\" \/>\n\t<meta name=\"twitter:data2\" content=\"2 minutes\" \/>\n<script type=\"application\/ld+json\" class=\"yoast-schema-graph\">{\"@context\":\"https:\/\/schema.org\",\"@graph\":[{\"@type\":\"Article\",\"@id\":\"https:\/\/bobea.net\/index.php\/2024\/07\/01\/patrick-bruel-le-retour-triomphal-dune-icone-de-la-chanson-francaise\/#article\",\"isPartOf\":{\"@id\":\"https:\/\/bobea.net\/index.php\/2024\/07\/01\/patrick-bruel-le-retour-triomphal-dune-icone-de-la-chanson-francaise\/\"},\"author\":{\"name\":\"bobea.info\",\"@id\":\"https:\/\/bobea.net\/#\/schema\/person\/e7f45ef187918d7c956bf619dce90ccf\"},\"headline\":\"Patrick Bruel : Le retour triomphal d\u2019une ic\u00f4ne de la chanson fran\u00e7aise\",\"datePublished\":\"2024-07-01T12:33:30+00:00\",\"dateModified\":\"2024-07-01T12:33:31+00:00\",\"mainEntityOfPage\":{\"@id\":\"https:\/\/bobea.net\/index.php\/2024\/07\/01\/patrick-bruel-le-retour-triomphal-dune-icone-de-la-chanson-francaise\/\"},\"wordCount\":388,\"commentCount\":0,\"publisher\":{\"@id\":\"https:\/\/bobea.net\/#organization\"},\"image\":{\"@id\":\"https:\/\/bobea.net\/index.php\/2024\/07\/01\/patrick-bruel-le-retour-triomphal-dune-icone-de-la-chanson-francaise\/#primaryimage\"},\"thumbnailUrl\":\"https:\/\/bobea.net\/wp-content\/uploads\/2024\/07\/photo-1562394436.jpg\",\"keywords\":[\"chanson fran\u00e7aise\",\"Patrick Bruel\"],\"articleSection\":[\"A la Une\",\"Culture\"],\"inLanguage\":\"fr-FR\",\"potentialAction\":[{\"@type\":\"CommentAction\",\"name\":\"Comment\",\"target\":[\"https:\/\/bobea.net\/index.php\/2024\/07\/01\/patrick-bruel-le-retour-triomphal-dune-icone-de-la-chanson-francaise\/#respond\"]}]},{\"@type\":\"WebPage\",\"@id\":\"https:\/\/bobea.net\/index.php\/2024\/07\/01\/patrick-bruel-le-retour-triomphal-dune-icone-de-la-chanson-francaise\/\",\"url\":\"https:\/\/bobea.net\/index.php\/2024\/07\/01\/patrick-bruel-le-retour-triomphal-dune-icone-de-la-chanson-francaise\/\",\"name\":\"Patrick Bruel : Le retour triomphal d'une ic\u00f4ne de la chanson fran\u00e7aise - Bobea\",\"isPartOf\":{\"@id\":\"https:\/\/bobea.net\/#website\"},\"primaryImageOfPage\":{\"@id\":\"https:\/\/bobea.net\/index.php\/2024\/07\/01\/patrick-bruel-le-retour-triomphal-dune-icone-de-la-chanson-francaise\/#primaryimage\"},\"image\":{\"@id\":\"https:\/\/bobea.net\/index.php\/2024\/07\/01\/patrick-bruel-le-retour-triomphal-dune-icone-de-la-chanson-francaise\/#primaryimage\"},\"thumbnailUrl\":\"https:\/\/bobea.net\/wp-content\/uploads\/2024\/07\/photo-1562394436.jpg\",\"datePublished\":\"2024-07-01T12:33:30+00:00\",\"dateModified\":\"2024-07-01T12:33:31+00:00\",\"description\":\"\u00c0 64 ans, Patrick Bruel prouve qu'il reste l'un des artistes les plus populaires de sa g\u00e9n\u00e9ration. Sa r\u00e9cente tourn\u00e9e, culminant\",\"breadcrumb\":{\"@id\":\"https:\/\/bobea.net\/index.php\/2024\/07\/01\/patrick-bruel-le-retour-triomphal-dune-icone-de-la-chanson-francaise\/#breadcrumb\"},\"inLanguage\":\"fr-FR\",\"potentialAction\":[{\"@type\":\"ReadAction\",\"target\":[\"https:\/\/bobea.net\/index.php\/2024\/07\/01\/patrick-bruel-le-retour-triomphal-dune-icone-de-la-chanson-francaise\/\"]}]},{\"@type\":\"ImageObject\",\"inLanguage\":\"fr-FR\",\"@id\":\"https:\/\/bobea.net\/index.php\/2024\/07\/01\/patrick-bruel-le-retour-triomphal-dune-icone-de-la-chanson-francaise\/#primaryimage\",\"url\":\"https:\/\/bobea.net\/wp-content\/uploads\/2024\/07\/photo-1562394436.jpg\",\"contentUrl\":\"https:\/\/bobea.net\/wp-content\/uploads\/2024\/07\/photo-1562394436.jpg\",\"width\":1200,\"height\":630,\"caption\":\"Patrick Bruel : Le retour triomphal d'une ic\u00f4ne de la chanson fran\u00e7aise\"},{\"@type\":\"BreadcrumbList\",\"@id\":\"https:\/\/bobea.net\/index.php\/2024\/07\/01\/patrick-bruel-le-retour-triomphal-dune-icone-de-la-chanson-francaise\/#breadcrumb\",\"itemListElement\":[{\"@type\":\"ListItem\",\"position\":1,\"name\":\"Accueil\",\"item\":\"https:\/\/bobea.net\/\"},{\"@type\":\"ListItem\",\"position\":2,\"name\":\"Patrick Bruel : Le retour triomphal d&rsquo;une ic\u00f4ne de la chanson fran\u00e7aise\"}]},{\"@type\":\"WebSite\",\"@id\":\"https:\/\/bobea.net\/#website\",\"url\":\"https:\/\/bobea.net\/\",\"name\":\"Bobea\",\"description\":\"Le magazine de la nouvelle \u00c8ve\",\"publisher\":{\"@id\":\"https:\/\/bobea.net\/#organization\"},\"potentialAction\":[{\"@type\":\"SearchAction\",\"target\":{\"@type\":\"EntryPoint\",\"urlTemplate\":\"https:\/\/bobea.net\/?s={search_term_string}\"},\"query-input\":{\"@type\":\"PropertyValueSpecification\",\"valueRequired\":true,\"valueName\":\"search_term_string\"}}],\"inLanguage\":\"fr-FR\"},{\"@type\":\"Organization\",\"@id\":\"https:\/\/bobea.net\/#organization\",\"name\":\"Bobea\",\"url\":\"https:\/\/bobea.net\/\",\"logo\":{\"@type\":\"ImageObject\",\"inLanguage\":\"fr-FR\",\"@id\":\"https:\/\/bobea.net\/#\/schema\/logo\/image\/\",\"url\":\"https:\/\/bobea.net\/wp-content\/uploads\/2024\/06\/bobea.jpg\",\"contentUrl\":\"https:\/\/bobea.net\/wp-content\/uploads\/2024\/06\/bobea.jpg\",\"width\":1080,\"height\":1080,\"caption\":\"Bobea\"},\"image\":{\"@id\":\"https:\/\/bobea.net\/#\/schema\/logo\/image\/\"},\"sameAs\":[\"https:\/\/web.facebook.com\/profile.php?id=61559252188416\"]},{\"@type\":\"Person\",\"@id\":\"https:\/\/bobea.net\/#\/schema\/person\/e7f45ef187918d7c956bf619dce90ccf\",\"name\":\"bobea.info\",\"image\":{\"@type\":\"ImageObject\",\"inLanguage\":\"fr-FR\",\"@id\":\"https:\/\/bobea.net\/#\/schema\/person\/image\/\",\"url\":\"https:\/\/secure.gravatar.com\/avatar\/36147980349df887ae30808df3e29474?s=96&d=mm&r=g\",\"contentUrl\":\"https:\/\/secure.gravatar.com\/avatar\/36147980349df887ae30808df3e29474?s=96&d=mm&r=g\",\"caption\":\"bobea.info\"},\"sameAs\":[\"https:\/\/bobea.net\"],\"url\":\"https:\/\/bobea.net\/index.php\/author\/bobea-info\/\"}]}<\/script>\n<!-- \/ Yoast SEO plugin. -->","yoast_head_json":{"title":"Patrick Bruel : Le retour triomphal d'une ic\u00f4ne de la chanson fran\u00e7aise - Bobea","description":"\u00c0 64 ans, Patrick Bruel prouve qu'il reste l'un des artistes les plus populaires de sa g\u00e9n\u00e9ration. Sa r\u00e9cente tourn\u00e9e, culminant","robots":{"index":"index","follow":"follow","max-snippet":"max-snippet:-1","max-image-preview":"max-image-preview:large","max-video-preview":"max-video-preview:-1"},"canonical":"https:\/\/bobea.net\/index.php\/2024\/07\/01\/patrick-bruel-le-retour-triomphal-dune-icone-de-la-chanson-francaise\/","og_locale":"fr_FR","og_type":"article","og_title":"Patrick Bruel : Le retour triomphal d'une ic\u00f4ne de la chanson fran\u00e7aise - Bobea","og_description":"\u00c0 64 ans, Patrick Bruel prouve qu'il reste l'un des artistes les plus populaires de sa g\u00e9n\u00e9ration. Sa r\u00e9cente tourn\u00e9e, culminant","og_url":"https:\/\/bobea.net\/index.php\/2024\/07\/01\/patrick-bruel-le-retour-triomphal-dune-icone-de-la-chanson-francaise\/","og_site_name":"Bobea","article_publisher":"https:\/\/web.facebook.com\/profile.php?id=61559252188416","article_published_time":"2024-07-01T12:33:30+00:00","article_modified_time":"2024-07-01T12:33:31+00:00","og_image":[{"width":1200,"height":630,"url":"https:\/\/bobea.net\/wp-content\/uploads\/2024\/07\/photo-1562394436.jpg","type":"image\/jpeg"}],"author":"bobea.info","twitter_card":"summary_large_image","twitter_misc":{"\u00c9crit par":"bobea.info","Dur\u00e9e de lecture estim\u00e9e":"2 minutes"},"schema":{"@context":"https:\/\/schema.org","@graph":[{"@type":"Article","@id":"https:\/\/bobea.net\/index.php\/2024\/07\/01\/patrick-bruel-le-retour-triomphal-dune-icone-de-la-chanson-francaise\/#article","isPartOf":{"@id":"https:\/\/bobea.net\/index.php\/2024\/07\/01\/patrick-bruel-le-retour-triomphal-dune-icone-de-la-chanson-francaise\/"},"author":{"name":"bobea.info","@id":"https:\/\/bobea.net\/#\/schema\/person\/e7f45ef187918d7c956bf619dce90ccf"},"headline":"Patrick Bruel : Le retour triomphal d\u2019une ic\u00f4ne de la chanson fran\u00e7aise","datePublished":"2024-07-01T12:33:30+00:00","dateModified":"2024-07-01T12:33:31+00:00","mainEntityOfPage":{"@id":"https:\/\/bobea.net\/index.php\/2024\/07\/01\/patrick-bruel-le-retour-triomphal-dune-icone-de-la-chanson-francaise\/"},"wordCount":388,"commentCount":0,"publisher":{"@id":"https:\/\/bobea.net\/#organization"},"image":{"@id":"https:\/\/bobea.net\/index.php\/2024\/07\/01\/patrick-bruel-le-retour-triomphal-dune-icone-de-la-chanson-francaise\/#primaryimage"},"thumbnailUrl":"https:\/\/bobea.net\/wp-content\/uploads\/2024\/07\/photo-1562394436.jpg","keywords":["chanson fran\u00e7aise","Patrick Bruel"],"articleSection":["A la Une","Culture"],"inLanguage":"fr-FR","potentialAction":[{"@type":"CommentAction","name":"Comment","target":["https:\/\/bobea.net\/index.php\/2024\/07\/01\/patrick-bruel-le-retour-triomphal-dune-icone-de-la-chanson-francaise\/#respond"]}]},{"@type":"WebPage","@id":"https:\/\/bobea.net\/index.php\/2024\/07\/01\/patrick-bruel-le-retour-triomphal-dune-icone-de-la-chanson-francaise\/","url":"https:\/\/bobea.net\/index.php\/2024\/07\/01\/patrick-bruel-le-retour-triomphal-dune-icone-de-la-chanson-francaise\/","name":"Patrick Bruel : Le retour triomphal d'une ic\u00f4ne de la chanson fran\u00e7aise - Bobea","isPartOf":{"@id":"https:\/\/bobea.net\/#website"},"primaryImageOfPage":{"@id":"https:\/\/bobea.net\/index.php\/2024\/07\/01\/patrick-bruel-le-retour-triomphal-dune-icone-de-la-chanson-francaise\/#primaryimage"},"image":{"@id":"https:\/\/bobea.net\/index.php\/2024\/07\/01\/patrick-bruel-le-retour-triomphal-dune-icone-de-la-chanson-francaise\/#primaryimage"},"thumbnailUrl":"https:\/\/bobea.net\/wp-content\/uploads\/2024\/07\/photo-1562394436.jpg","datePublished":"2024-07-01T12:33:30+00:00","dateModified":"2024-07-01T12:33:31+00:00","description":"\u00c0 64 ans, Patrick Bruel prouve qu'il reste l'un des artistes les plus populaires de sa g\u00e9n\u00e9ration. Sa r\u00e9cente tourn\u00e9e, culminant","breadcrumb":{"@id":"https:\/\/bobea.net\/index.php\/2024\/07\/01\/patrick-bruel-le-retour-triomphal-dune-icone-de-la-chanson-francaise\/#breadcrumb"},"inLanguage":"fr-FR","potentialAction":[{"@type":"ReadAction","target":["https:\/\/bobea.net\/index.php\/2024\/07\/01\/patrick-bruel-le-retour-triomphal-dune-icone-de-la-chanson-francaise\/"]}]},{"@type":"ImageObject","inLanguage":"fr-FR","@id":"https:\/\/bobea.net\/index.php\/2024\/07\/01\/patrick-bruel-le-retour-triomphal-dune-icone-de-la-chanson-francaise\/#primaryimage","url":"https:\/\/bobea.net\/wp-content\/uploads\/2024\/07\/photo-1562394436.jpg","contentUrl":"https:\/\/bobea.net\/wp-content\/uploads\/2024\/07\/photo-1562394436.jpg","width":1200,"height":630,"caption":"Patrick Bruel : Le retour triomphal d'une ic\u00f4ne de la chanson fran\u00e7aise"},{"@type":"BreadcrumbList","@id":"https:\/\/bobea.net\/index.php\/2024\/07\/01\/patrick-bruel-le-retour-triomphal-dune-icone-de-la-chanson-francaise\/#breadcrumb","itemListElement":[{"@type":"ListItem","position":1,"name":"Accueil","item":"https:\/\/bobea.net\/"},{"@type":"ListItem","position":2,"name":"Patrick Bruel : Le retour triomphal d&rsquo;une ic\u00f4ne de la chanson fran\u00e7aise"}]},{"@type":"WebSite","@id":"https:\/\/bobea.net\/#website","url":"https:\/\/bobea.net\/","name":"Bobea","description":"Le magazine de la nouvelle \u00c8ve","publisher":{"@id":"https:\/\/bobea.net\/#organization"},"potentialAction":[{"@type":"SearchAction","target":{"@type":"EntryPoint","urlTemplate":"https:\/\/bobea.net\/?s={search_term_string}"},"query-input":{"@type":"PropertyValueSpecification","valueRequired":true,"valueName":"search_term_string"}}],"inLanguage":"fr-FR"},{"@type":"Organization","@id":"https:\/\/bobea.net\/#organization","name":"Bobea","url":"https:\/\/bobea.net\/","logo":{"@type":"ImageObject","inLanguage":"fr-FR","@id":"https:\/\/bobea.net\/#\/schema\/logo\/image\/","url":"https:\/\/bobea.net\/wp-content\/uploads\/2024\/06\/bobea.jpg","contentUrl":"https:\/\/bobea.net\/wp-content\/uploads\/2024\/06\/bobea.jpg","width":1080,"height":1080,"caption":"Bobea"},"image":{"@id":"https:\/\/bobea.net\/#\/schema\/logo\/image\/"},"sameAs":["https:\/\/web.facebook.com\/profile.php?id=61559252188416"]},{"@type":"Person","@id":"https:\/\/bobea.net\/#\/schema\/person\/e7f45ef187918d7c956bf619dce90ccf","name":"bobea.info","image":{"@type":"ImageObject","inLanguage":"fr-FR","@id":"https:\/\/bobea.net\/#\/schema\/person\/image\/","url":"https:\/\/secure.gravatar.com\/avatar\/36147980349df887ae30808df3e29474?s=96&d=mm&r=g","contentUrl":"https:\/\/secure.gravatar.com\/avatar\/36147980349df887ae30808df3e29474?s=96&d=mm&r=g","caption":"bobea.info"},"sameAs":["https:\/\/bobea.net"],"url":"https:\/\/bobea.net\/index.php\/author\/bobea-info\/"}]}},"_links":{"self":[{"href":"https:\/\/bobea.net\/index.php\/wp-json\/wp\/v2\/posts\/2804"}],"collection":[{"href":"https:\/\/bobea.net\/index.php\/wp-json\/wp\/v2\/posts"}],"about":[{"href":"https:\/\/bobea.net\/index.php\/wp-json\/wp\/v2\/types\/post"}],"author":[{"embeddable":true,"href":"https:\/\/bobea.net\/index.php\/wp-json\/wp\/v2\/users\/1"}],"replies":[{"embeddable":true,"href":"https:\/\/bobea.net\/index.php\/wp-json\/wp\/v2\/comments?post=2804"}],"version-history":[{"count":0,"href":"https:\/\/bobea.net\/index.php\/wp-json\/wp\/v2\/posts\/2804\/revisions"}],"wp:featuredmedia":[{"embeddable":true,"href":"https:\/\/bobea.net\/index.php\/wp-json\/wp\/v2\/media\/2805"}],"wp:attachment":[{"href":"https:\/\/bobea.net\/index.php\/wp-json\/wp\/v2\/media?parent=2804"}],"wp:term":[{"taxonomy":"category","embeddable":true,"href":"https:\/\/bobea.net\/index.php\/wp-json\/wp\/v2\/categories?post=2804"},{"taxonomy":"post_tag","embeddable":true,"href":"https:\/\/bobea.net\/index.php\/wp-json\/wp\/v2\/tags?post=2804"}],"curies":[{"name":"wp","href":"https:\/\/api.w.org\/{rel}","templated":true}]}}