{"id":2795,"date":"2024-07-01T12:19:41","date_gmt":"2024-07-01T12:19:41","guid":{"rendered":"https:\/\/bobea.net\/?p=2795"},"modified":"2024-07-01T12:19:42","modified_gmt":"2024-07-01T12:19:42","slug":"iris-mittenaere-epanouie-et-independante-pour-son-premier-festival-de-cannes-en-solo","status":"publish","type":"post","link":"https:\/\/bobea.net\/index.php\/2024\/07\/01\/iris-mittenaere-epanouie-et-independante-pour-son-premier-festival-de-cannes-en-solo\/","title":{"rendered":"Iris Mittenaere : \u00c9panouie et ind\u00e9pendante pour son premier Festival de Cannes en solo"},"content":{"rendered":"\n<p>Une nou\u00advelle exp\u00e9ri\u00adence lib\u00e9ra\u00adtrice<\/p>\n\n\n\n<p>Iris Mit\u00adte\u00adnaere, anci\u00adenne Miss Univers, vit cette ann\u00e9e une exp\u00e9ri\u00adence in\u00e9dite au Fes\u00adti\u00adval de Cannes. Pour la pre\u00admi\u00e8re fois, elle foule le tapis rouge en tant que femme c\u00e9li\u00adbataire, une sit\u00adu\u00ada\u00adtion qui s\u2019av\u00e8re \u00eatre une v\u00e9ri\u00adta\u00adble r\u00e9v\u00e9la\u00adtion pour elle.<\/p>\n\n\n\n<p>Des con\u00adfi\u00addences touchantes<\/p>\n\n\n\n<p>Lors d\u2019une inter\u00adview avec la YouTubeuse Louise Aub\u00e9ry (MyBet\u00adter\u00adSelf), Iris s\u2019est con\u00adfi\u00e9e sur ce moment par\u00adti\u00adc\u00aduli\u00ader :\u201cC\u2019est mon pre\u00admier Cannes seule\u2026 depuis que je suis seule. \u00c7a fait du bien, c\u2019est un Cannes qui est moins stres\u00adsant.\u201d<\/p>\n\n\n\n<p>La d\u00e9cou\u00adverte de l\u2019ind\u00e9pen\u00addance<\/p>\n\n\n\n<p>\u00c0 31 ans, Iris r\u00e9alise l\u2019im\u00adpor\u00adtance de s\u2019\u00e9\u00adpanouir en dehors d\u2019une rela\u00adtion amoureuse :\u201cJ\u2019ai trop longtemps eu besoin de vivre \u00e0 tra\u00advers un cou\u00adple, tout le temps [\u2026] Il m\u2019a fal\u00adlu 31 ans pour le com\u00adpren\u00addre, c\u2019est un vrai truc.\u201d<\/p>\n\n\n\n<p>Un nou\u00adveau chapitre s\u2019ou\u00advre<\/p>\n\n\n\n<p>Cette exp\u00e9ri\u00adence mar\u00adque le d\u00e9but d\u2019une nou\u00advelle aven\u00adture pour Iris Mit\u00adte\u00adnaere. Lib\u00e9r\u00e9e du stress li\u00e9 \u00e0 la pr\u00e9sence d\u2019un com\u00adpagnon, elle peut pleine\u00adment prof\u00aditer du fes\u00adti\u00adval et se con\u00adcen\u00adtr\u00ader sur elle-m\u00eame.<\/p>\n\n\n\n<p>Vers un avenir promet\u00adteur<\/p>\n\n\n\n<p>Bien que c\u00e9li\u00adbataire, Iris ne ferme pas la porte \u00e0 l\u2019amour. Cette p\u00e9ri\u00adode de c\u00e9li\u00adbat lui per\u00admet de se red\u00e9\u00adcou\u00advrir et pour\u00adrait la pr\u00e9\u00adpar\u00ader \u00e0 une future rela\u00adtion plus \u00e9panouis\u00adsante.<\/p>\n\n\n\n<p>Con\u00adclu\u00adsion : Une Miss France qui inspire<\/p>\n\n\n\n<p>L\u2019at\u00adti\u00adtude pos\u00adi\u00adtive d\u2019Iris Mit\u00adte\u00adnaere face \u00e0 sa nou\u00advelle sit\u00adu\u00ada\u00adtion per\u00adson\u00adnelle inspire de nom\u00adbreuses femmes. Elle d\u00e9mon\u00adtre qu\u2019il est pos\u00adsi\u00adble de s\u2019\u00e9\u00adpanouir pleine\u00adment en tant que femme ind\u00e9pen\u00addante, m\u00eame sous les pro\u00adjecteurs d\u2019un \u00e9v\u00e9ne\u00adment aus\u00adsi pres\u00adtigieux que le Fes\u00adti\u00adval de Cannes. Son par\u00adcours rap\u00adpelle l\u2019im\u00adpor\u00adtance de l\u2019ind\u00e9pen\u00addance et de l\u2019amour de soi, des valeurs essen\u00adtielles pour con\u00adstru\u00adire des rela\u00adtions saines et \u00e9quili\u00adbr\u00e9es \u00e0 l\u2019avenir.<\/p>\n","protected":false},"excerpt":{"rendered":"<p>Une nou\u00advelle exp\u00e9ri\u00adence lib\u00e9ra\u00adtrice Iris Mit\u00adte\u00adnaere, anci\u00adenne Miss Univers, vit cette ann\u00e9e une exp\u00e9ri\u00adence in\u00e9dite au Fes\u00adti\u00adval de Cannes. Pour la pre\u00admi\u00e8re fois, elle foule le tapis rouge en tant\u2026 <\/p>\n","protected":false},"author":1,"featured_media":2796,"comment_status":"open","ping_status":"open","sticky":false,"template":"","format":"standard","meta":{"wp_typography_post_enhancements_disabled":false,"footnotes":""},"categories":[79],"tags":[1461,204,1460],"class_list":["post-2795","post","type-post","status-publish","format-standard","has-post-thumbnail","hentry","category-a-la-une","tag-ancienne-miss-univers","tag-festival-de-cannes","tag-iris-mittenaere"],"yoast_head":"<!-- This site is optimized with the Yoast SEO plugin v24.7 - https:\/\/yoast.com\/wordpress\/plugins\/seo\/ -->\n<title>Iris Mittenaere : \u00c9panouie et ind\u00e9pendante pour son premier Festival de Cannes en solo - Bobea<\/title>\n<meta name=\"description\" content=\"Iris Mittenaere, ancienne Miss Univers, vit cette ann\u00e9e une exp\u00e9rience in\u00e9dite au Festival de Cannes. Pour la premi\u00e8re fois\" \/>\n<meta name=\"robots\" content=\"index, follow, max-snippet:-1, max-image-preview:large, max-video-preview:-1\" \/>\n<link rel=\"canonical\" href=\"https:\/\/bobea.net\/index.php\/2024\/07\/01\/iris-mittenaere-epanouie-et-independante-pour-son-premier-festival-de-cannes-en-solo\/\" \/>\n<meta property=\"og:locale\" content=\"fr_FR\" \/>\n<meta property=\"og:type\" content=\"article\" \/>\n<meta property=\"og:title\" content=\"Iris Mittenaere : \u00c9panouie et ind\u00e9pendante pour son premier Festival de Cannes en solo - Bobea\" \/>\n<meta property=\"og:description\" content=\"Iris Mittenaere, ancienne Miss Univers, vit cette ann\u00e9e une exp\u00e9rience in\u00e9dite au Festival de Cannes. Pour la premi\u00e8re fois\" \/>\n<meta property=\"og:url\" content=\"https:\/\/bobea.net\/index.php\/2024\/07\/01\/iris-mittenaere-epanouie-et-independante-pour-son-premier-festival-de-cannes-en-solo\/\" \/>\n<meta property=\"og:site_name\" content=\"Bobea\" \/>\n<meta property=\"article:publisher\" content=\"https:\/\/web.facebook.com\/profile.php?id=61559252188416\" \/>\n<meta property=\"article:published_time\" content=\"2024-07-01T12:19:41+00:00\" \/>\n<meta property=\"article:modified_time\" content=\"2024-07-01T12:19:42+00:00\" \/>\n<meta property=\"og:image\" content=\"https:\/\/bobea.net\/wp-content\/uploads\/2024\/07\/44712813.webp\" \/>\n\t<meta property=\"og:image:width\" content=\"1240\" \/>\n\t<meta property=\"og:image:height\" content=\"827\" \/>\n\t<meta property=\"og:image:type\" content=\"image\/webp\" \/>\n<meta name=\"author\" content=\"bobea.info\" \/>\n<meta name=\"twitter:card\" content=\"summary_large_image\" \/>\n<meta name=\"twitter:label1\" content=\"\u00c9crit par\" \/>\n\t<meta name=\"twitter:data1\" content=\"bobea.info\" \/>\n\t<meta name=\"twitter:label2\" content=\"Dur\u00e9e de lecture estim\u00e9e\" \/>\n\t<meta name=\"twitter:data2\" content=\"2 minutes\" \/>\n<script type=\"application\/ld+json\" class=\"yoast-schema-graph\">{\"@context\":\"https:\/\/schema.org\",\"@graph\":[{\"@type\":\"Article\",\"@id\":\"https:\/\/bobea.net\/index.php\/2024\/07\/01\/iris-mittenaere-epanouie-et-independante-pour-son-premier-festival-de-cannes-en-solo\/#article\",\"isPartOf\":{\"@id\":\"https:\/\/bobea.net\/index.php\/2024\/07\/01\/iris-mittenaere-epanouie-et-independante-pour-son-premier-festival-de-cannes-en-solo\/\"},\"author\":{\"name\":\"bobea.info\",\"@id\":\"https:\/\/bobea.net\/#\/schema\/person\/e7f45ef187918d7c956bf619dce90ccf\"},\"headline\":\"Iris Mittenaere : \u00c9panouie et ind\u00e9pendante pour son premier Festival de Cannes en solo\",\"datePublished\":\"2024-07-01T12:19:41+00:00\",\"dateModified\":\"2024-07-01T12:19:42+00:00\",\"mainEntityOfPage\":{\"@id\":\"https:\/\/bobea.net\/index.php\/2024\/07\/01\/iris-mittenaere-epanouie-et-independante-pour-son-premier-festival-de-cannes-en-solo\/\"},\"wordCount\":327,\"commentCount\":0,\"publisher\":{\"@id\":\"https:\/\/bobea.net\/#organization\"},\"image\":{\"@id\":\"https:\/\/bobea.net\/index.php\/2024\/07\/01\/iris-mittenaere-epanouie-et-independante-pour-son-premier-festival-de-cannes-en-solo\/#primaryimage\"},\"thumbnailUrl\":\"https:\/\/bobea.net\/wp-content\/uploads\/2024\/07\/44712813.webp\",\"keywords\":[\"ancienne Miss Univers\",\"Festival de Cannes\",\"Iris Mittenaere\"],\"articleSection\":[\"A la Une\"],\"inLanguage\":\"fr-FR\",\"potentialAction\":[{\"@type\":\"CommentAction\",\"name\":\"Comment\",\"target\":[\"https:\/\/bobea.net\/index.php\/2024\/07\/01\/iris-mittenaere-epanouie-et-independante-pour-son-premier-festival-de-cannes-en-solo\/#respond\"]}]},{\"@type\":\"WebPage\",\"@id\":\"https:\/\/bobea.net\/index.php\/2024\/07\/01\/iris-mittenaere-epanouie-et-independante-pour-son-premier-festival-de-cannes-en-solo\/\",\"url\":\"https:\/\/bobea.net\/index.php\/2024\/07\/01\/iris-mittenaere-epanouie-et-independante-pour-son-premier-festival-de-cannes-en-solo\/\",\"name\":\"Iris Mittenaere : \u00c9panouie et ind\u00e9pendante pour son premier Festival de Cannes en solo - Bobea\",\"isPartOf\":{\"@id\":\"https:\/\/bobea.net\/#website\"},\"primaryImageOfPage\":{\"@id\":\"https:\/\/bobea.net\/index.php\/2024\/07\/01\/iris-mittenaere-epanouie-et-independante-pour-son-premier-festival-de-cannes-en-solo\/#primaryimage\"},\"image\":{\"@id\":\"https:\/\/bobea.net\/index.php\/2024\/07\/01\/iris-mittenaere-epanouie-et-independante-pour-son-premier-festival-de-cannes-en-solo\/#primaryimage\"},\"thumbnailUrl\":\"https:\/\/bobea.net\/wp-content\/uploads\/2024\/07\/44712813.webp\",\"datePublished\":\"2024-07-01T12:19:41+00:00\",\"dateModified\":\"2024-07-01T12:19:42+00:00\",\"description\":\"Iris Mittenaere, ancienne Miss Univers, vit cette ann\u00e9e une exp\u00e9rience in\u00e9dite au Festival de Cannes. Pour la premi\u00e8re fois\",\"breadcrumb\":{\"@id\":\"https:\/\/bobea.net\/index.php\/2024\/07\/01\/iris-mittenaere-epanouie-et-independante-pour-son-premier-festival-de-cannes-en-solo\/#breadcrumb\"},\"inLanguage\":\"fr-FR\",\"potentialAction\":[{\"@type\":\"ReadAction\",\"target\":[\"https:\/\/bobea.net\/index.php\/2024\/07\/01\/iris-mittenaere-epanouie-et-independante-pour-son-premier-festival-de-cannes-en-solo\/\"]}]},{\"@type\":\"ImageObject\",\"inLanguage\":\"fr-FR\",\"@id\":\"https:\/\/bobea.net\/index.php\/2024\/07\/01\/iris-mittenaere-epanouie-et-independante-pour-son-premier-festival-de-cannes-en-solo\/#primaryimage\",\"url\":\"https:\/\/bobea.net\/wp-content\/uploads\/2024\/07\/44712813.webp\",\"contentUrl\":\"https:\/\/bobea.net\/wp-content\/uploads\/2024\/07\/44712813.webp\",\"width\":1240,\"height\":827,\"caption\":\"Iris Mittenaere : \u00c9panouie et ind\u00e9pendante pour son premier Festival de Cannes en solo\"},{\"@type\":\"BreadcrumbList\",\"@id\":\"https:\/\/bobea.net\/index.php\/2024\/07\/01\/iris-mittenaere-epanouie-et-independante-pour-son-premier-festival-de-cannes-en-solo\/#breadcrumb\",\"itemListElement\":[{\"@type\":\"ListItem\",\"position\":1,\"name\":\"Accueil\",\"item\":\"https:\/\/bobea.net\/\"},{\"@type\":\"ListItem\",\"position\":2,\"name\":\"Iris Mittenaere : \u00c9panouie et ind\u00e9pendante pour son premier Festival de Cannes en solo\"}]},{\"@type\":\"WebSite\",\"@id\":\"https:\/\/bobea.net\/#website\",\"url\":\"https:\/\/bobea.net\/\",\"name\":\"Bobea\",\"description\":\"Le magazine de la nouvelle \u00c8ve\",\"publisher\":{\"@id\":\"https:\/\/bobea.net\/#organization\"},\"potentialAction\":[{\"@type\":\"SearchAction\",\"target\":{\"@type\":\"EntryPoint\",\"urlTemplate\":\"https:\/\/bobea.net\/?s={search_term_string}\"},\"query-input\":{\"@type\":\"PropertyValueSpecification\",\"valueRequired\":true,\"valueName\":\"search_term_string\"}}],\"inLanguage\":\"fr-FR\"},{\"@type\":\"Organization\",\"@id\":\"https:\/\/bobea.net\/#organization\",\"name\":\"Bobea\",\"url\":\"https:\/\/bobea.net\/\",\"logo\":{\"@type\":\"ImageObject\",\"inLanguage\":\"fr-FR\",\"@id\":\"https:\/\/bobea.net\/#\/schema\/logo\/image\/\",\"url\":\"https:\/\/bobea.net\/wp-content\/uploads\/2024\/06\/bobea.jpg\",\"contentUrl\":\"https:\/\/bobea.net\/wp-content\/uploads\/2024\/06\/bobea.jpg\",\"width\":1080,\"height\":1080,\"caption\":\"Bobea\"},\"image\":{\"@id\":\"https:\/\/bobea.net\/#\/schema\/logo\/image\/\"},\"sameAs\":[\"https:\/\/web.facebook.com\/profile.php?id=61559252188416\"]},{\"@type\":\"Person\",\"@id\":\"https:\/\/bobea.net\/#\/schema\/person\/e7f45ef187918d7c956bf619dce90ccf\",\"name\":\"bobea.info\",\"image\":{\"@type\":\"ImageObject\",\"inLanguage\":\"fr-FR\",\"@id\":\"https:\/\/bobea.net\/#\/schema\/person\/image\/\",\"url\":\"https:\/\/secure.gravatar.com\/avatar\/36147980349df887ae30808df3e29474?s=96&d=mm&r=g\",\"contentUrl\":\"https:\/\/secure.gravatar.com\/avatar\/36147980349df887ae30808df3e29474?s=96&d=mm&r=g\",\"caption\":\"bobea.info\"},\"sameAs\":[\"https:\/\/bobea.net\"],\"url\":\"https:\/\/bobea.net\/index.php\/author\/bobea-info\/\"}]}<\/script>\n<!-- \/ Yoast SEO plugin. -->","yoast_head_json":{"title":"Iris Mittenaere : \u00c9panouie et ind\u00e9pendante pour son premier Festival de Cannes en solo - Bobea","description":"Iris Mittenaere, ancienne Miss Univers, vit cette ann\u00e9e une exp\u00e9rience in\u00e9dite au Festival de Cannes. Pour la premi\u00e8re fois","robots":{"index":"index","follow":"follow","max-snippet":"max-snippet:-1","max-image-preview":"max-image-preview:large","max-video-preview":"max-video-preview:-1"},"canonical":"https:\/\/bobea.net\/index.php\/2024\/07\/01\/iris-mittenaere-epanouie-et-independante-pour-son-premier-festival-de-cannes-en-solo\/","og_locale":"fr_FR","og_type":"article","og_title":"Iris Mittenaere : \u00c9panouie et ind\u00e9pendante pour son premier Festival de Cannes en solo - Bobea","og_description":"Iris Mittenaere, ancienne Miss Univers, vit cette ann\u00e9e une exp\u00e9rience in\u00e9dite au Festival de Cannes. Pour la premi\u00e8re fois","og_url":"https:\/\/bobea.net\/index.php\/2024\/07\/01\/iris-mittenaere-epanouie-et-independante-pour-son-premier-festival-de-cannes-en-solo\/","og_site_name":"Bobea","article_publisher":"https:\/\/web.facebook.com\/profile.php?id=61559252188416","article_published_time":"2024-07-01T12:19:41+00:00","article_modified_time":"2024-07-01T12:19:42+00:00","og_image":[{"width":1240,"height":827,"url":"https:\/\/bobea.net\/wp-content\/uploads\/2024\/07\/44712813.webp","type":"image\/webp"}],"author":"bobea.info","twitter_card":"summary_large_image","twitter_misc":{"\u00c9crit par":"bobea.info","Dur\u00e9e de lecture estim\u00e9e":"2 minutes"},"schema":{"@context":"https:\/\/schema.org","@graph":[{"@type":"Article","@id":"https:\/\/bobea.net\/index.php\/2024\/07\/01\/iris-mittenaere-epanouie-et-independante-pour-son-premier-festival-de-cannes-en-solo\/#article","isPartOf":{"@id":"https:\/\/bobea.net\/index.php\/2024\/07\/01\/iris-mittenaere-epanouie-et-independante-pour-son-premier-festival-de-cannes-en-solo\/"},"author":{"name":"bobea.info","@id":"https:\/\/bobea.net\/#\/schema\/person\/e7f45ef187918d7c956bf619dce90ccf"},"headline":"Iris Mittenaere : \u00c9panouie et ind\u00e9pendante pour son premier Festival de Cannes en solo","datePublished":"2024-07-01T12:19:41+00:00","dateModified":"2024-07-01T12:19:42+00:00","mainEntityOfPage":{"@id":"https:\/\/bobea.net\/index.php\/2024\/07\/01\/iris-mittenaere-epanouie-et-independante-pour-son-premier-festival-de-cannes-en-solo\/"},"wordCount":327,"commentCount":0,"publisher":{"@id":"https:\/\/bobea.net\/#organization"},"image":{"@id":"https:\/\/bobea.net\/index.php\/2024\/07\/01\/iris-mittenaere-epanouie-et-independante-pour-son-premier-festival-de-cannes-en-solo\/#primaryimage"},"thumbnailUrl":"https:\/\/bobea.net\/wp-content\/uploads\/2024\/07\/44712813.webp","keywords":["ancienne Miss Univers","Festival de Cannes","Iris Mittenaere"],"articleSection":["A la Une"],"inLanguage":"fr-FR","potentialAction":[{"@type":"CommentAction","name":"Comment","target":["https:\/\/bobea.net\/index.php\/2024\/07\/01\/iris-mittenaere-epanouie-et-independante-pour-son-premier-festival-de-cannes-en-solo\/#respond"]}]},{"@type":"WebPage","@id":"https:\/\/bobea.net\/index.php\/2024\/07\/01\/iris-mittenaere-epanouie-et-independante-pour-son-premier-festival-de-cannes-en-solo\/","url":"https:\/\/bobea.net\/index.php\/2024\/07\/01\/iris-mittenaere-epanouie-et-independante-pour-son-premier-festival-de-cannes-en-solo\/","name":"Iris Mittenaere : \u00c9panouie et ind\u00e9pendante pour son premier Festival de Cannes en solo - Bobea","isPartOf":{"@id":"https:\/\/bobea.net\/#website"},"primaryImageOfPage":{"@id":"https:\/\/bobea.net\/index.php\/2024\/07\/01\/iris-mittenaere-epanouie-et-independante-pour-son-premier-festival-de-cannes-en-solo\/#primaryimage"},"image":{"@id":"https:\/\/bobea.net\/index.php\/2024\/07\/01\/iris-mittenaere-epanouie-et-independante-pour-son-premier-festival-de-cannes-en-solo\/#primaryimage"},"thumbnailUrl":"https:\/\/bobea.net\/wp-content\/uploads\/2024\/07\/44712813.webp","datePublished":"2024-07-01T12:19:41+00:00","dateModified":"2024-07-01T12:19:42+00:00","description":"Iris Mittenaere, ancienne Miss Univers, vit cette ann\u00e9e une exp\u00e9rience in\u00e9dite au Festival de Cannes. Pour la premi\u00e8re fois","breadcrumb":{"@id":"https:\/\/bobea.net\/index.php\/2024\/07\/01\/iris-mittenaere-epanouie-et-independante-pour-son-premier-festival-de-cannes-en-solo\/#breadcrumb"},"inLanguage":"fr-FR","potentialAction":[{"@type":"ReadAction","target":["https:\/\/bobea.net\/index.php\/2024\/07\/01\/iris-mittenaere-epanouie-et-independante-pour-son-premier-festival-de-cannes-en-solo\/"]}]},{"@type":"ImageObject","inLanguage":"fr-FR","@id":"https:\/\/bobea.net\/index.php\/2024\/07\/01\/iris-mittenaere-epanouie-et-independante-pour-son-premier-festival-de-cannes-en-solo\/#primaryimage","url":"https:\/\/bobea.net\/wp-content\/uploads\/2024\/07\/44712813.webp","contentUrl":"https:\/\/bobea.net\/wp-content\/uploads\/2024\/07\/44712813.webp","width":1240,"height":827,"caption":"Iris Mittenaere : \u00c9panouie et ind\u00e9pendante pour son premier Festival de Cannes en solo"},{"@type":"BreadcrumbList","@id":"https:\/\/bobea.net\/index.php\/2024\/07\/01\/iris-mittenaere-epanouie-et-independante-pour-son-premier-festival-de-cannes-en-solo\/#breadcrumb","itemListElement":[{"@type":"ListItem","position":1,"name":"Accueil","item":"https:\/\/bobea.net\/"},{"@type":"ListItem","position":2,"name":"Iris Mittenaere : \u00c9panouie et ind\u00e9pendante pour son premier Festival de Cannes en solo"}]},{"@type":"WebSite","@id":"https:\/\/bobea.net\/#website","url":"https:\/\/bobea.net\/","name":"Bobea","description":"Le magazine de la nouvelle \u00c8ve","publisher":{"@id":"https:\/\/bobea.net\/#organization"},"potentialAction":[{"@type":"SearchAction","target":{"@type":"EntryPoint","urlTemplate":"https:\/\/bobea.net\/?s={search_term_string}"},"query-input":{"@type":"PropertyValueSpecification","valueRequired":true,"valueName":"search_term_string"}}],"inLanguage":"fr-FR"},{"@type":"Organization","@id":"https:\/\/bobea.net\/#organization","name":"Bobea","url":"https:\/\/bobea.net\/","logo":{"@type":"ImageObject","inLanguage":"fr-FR","@id":"https:\/\/bobea.net\/#\/schema\/logo\/image\/","url":"https:\/\/bobea.net\/wp-content\/uploads\/2024\/06\/bobea.jpg","contentUrl":"https:\/\/bobea.net\/wp-content\/uploads\/2024\/06\/bobea.jpg","width":1080,"height":1080,"caption":"Bobea"},"image":{"@id":"https:\/\/bobea.net\/#\/schema\/logo\/image\/"},"sameAs":["https:\/\/web.facebook.com\/profile.php?id=61559252188416"]},{"@type":"Person","@id":"https:\/\/bobea.net\/#\/schema\/person\/e7f45ef187918d7c956bf619dce90ccf","name":"bobea.info","image":{"@type":"ImageObject","inLanguage":"fr-FR","@id":"https:\/\/bobea.net\/#\/schema\/person\/image\/","url":"https:\/\/secure.gravatar.com\/avatar\/36147980349df887ae30808df3e29474?s=96&d=mm&r=g","contentUrl":"https:\/\/secure.gravatar.com\/avatar\/36147980349df887ae30808df3e29474?s=96&d=mm&r=g","caption":"bobea.info"},"sameAs":["https:\/\/bobea.net"],"url":"https:\/\/bobea.net\/index.php\/author\/bobea-info\/"}]}},"_links":{"self":[{"href":"https:\/\/bobea.net\/index.php\/wp-json\/wp\/v2\/posts\/2795"}],"collection":[{"href":"https:\/\/bobea.net\/index.php\/wp-json\/wp\/v2\/posts"}],"about":[{"href":"https:\/\/bobea.net\/index.php\/wp-json\/wp\/v2\/types\/post"}],"author":[{"embeddable":true,"href":"https:\/\/bobea.net\/index.php\/wp-json\/wp\/v2\/users\/1"}],"replies":[{"embeddable":true,"href":"https:\/\/bobea.net\/index.php\/wp-json\/wp\/v2\/comments?post=2795"}],"version-history":[{"count":0,"href":"https:\/\/bobea.net\/index.php\/wp-json\/wp\/v2\/posts\/2795\/revisions"}],"wp:featuredmedia":[{"embeddable":true,"href":"https:\/\/bobea.net\/index.php\/wp-json\/wp\/v2\/media\/2796"}],"wp:attachment":[{"href":"https:\/\/bobea.net\/index.php\/wp-json\/wp\/v2\/media?parent=2795"}],"wp:term":[{"taxonomy":"category","embeddable":true,"href":"https:\/\/bobea.net\/index.php\/wp-json\/wp\/v2\/categories?post=2795"},{"taxonomy":"post_tag","embeddable":true,"href":"https:\/\/bobea.net\/index.php\/wp-json\/wp\/v2\/tags?post=2795"}],"curies":[{"name":"wp","href":"https:\/\/api.w.org\/{rel}","templated":true}]}}