{"id":27873,"date":"2025-12-21T10:16:55","date_gmt":"2025-12-21T10:16:55","guid":{"rendered":"https:\/\/bobea.net\/?p=27873"},"modified":"2025-12-21T10:16:57","modified_gmt":"2025-12-21T10:16:57","slug":"ogc-nice-tempete-sur-la-cote-dazur-le-depart-choc-de-fabrice-bocquet","status":"publish","type":"post","link":"https:\/\/bobea.net\/index.php\/2025\/12\/21\/ogc-nice-tempete-sur-la-cote-dazur-le-depart-choc-de-fabrice-bocquet\/","title":{"rendered":"OGC Nice : Temp\u00eate sur la C\u00f4te d\u2019Azur, le d\u00e9part choc de Fabrice Bocquet"},"content":{"rendered":"\n<p>Le monde du foot\u00adball fran\u00e7ais est sous le choc apr\u00e8s l\u2019an\u00adnonce offi\u00adcielle tomb\u00e9e ce ven\u00addre\u00addi 19 d\u00e9cem\u00adbre. Fab\u00adrice Boc\u00adquet quitte la pr\u00e9si\u00addence de l\u2019OGC Nice d\u2019un \u201ccom\u00admun accord\u201d avec le groupe Ineos.<\/p>\n\n\n\n<p><strong>La fin d\u2019un cycle dif\u00adfi\u00adcile<\/strong><\/p>\n\n\n\n<p>Apr\u00e8s une s\u00e9rie de neuf d\u00e9faites con\u00ads\u00e9c\u00adu\u00adtives toutes com\u00adp\u00e9ti\u00adtions con\u00adfon\u00addues, le Gym tra\u00adverse une crise sans pr\u00e9c\u00e9\u00addent. Le d\u00e9part de Boc\u00adquet mar\u00adque la volon\u00adt\u00e9 du pro\u00adpri\u00e9\u00adtaire de provo\u00adquer un \u00e9lec\u00adtro\u00adchoc. Mal\u00adgr\u00e9 son tra\u00advail de restruc\u00adtura\u00adtion interne et de ges\u00adtion finan\u00adci\u00e8re, les r\u00e9sul\u00adtats sportifs fam\u00e9liques ont eu rai\u00adson de son poste.<\/p>\n\n\n\n<figure class=\"wp-block-image size-large\"><img loading=\"lazy\" decoding=\"async\" width=\"1024\" height=\"768\" src=\"https:\/\/bobea.net\/wp-content\/uploads\/2025\/12\/image-127-1024x768.png\" alt class=\"wp-image-27875\" srcset=\"https:\/\/bobea.net\/wp-content\/uploads\/2025\/12\/image-127-1024x768.png 1024w, https:\/\/bobea.net\/wp-content\/uploads\/2025\/12\/image-127-300x225.png 300w, https:\/\/bobea.net\/wp-content\/uploads\/2025\/12\/image-127-768x576.png 768w, https:\/\/bobea.net\/wp-content\/uploads\/2025\/12\/image-127.png 1200w\" sizes=\"(max-width: 1024px) 100vw, 1024px\"><\/figure>\n\n\n\n<p><strong>Le retour des fig\u00adures his\u00adtoriques : Riv\u00e8re et Cohen<\/strong><\/p>\n\n\n\n<p>Pour repren\u00addre les r\u00eanes, Ineos a fait appel \u00e0 deux noms bien con\u00adnus des sup\u00adport\u00aders : Jean-Pierre Riv\u00e8re et Mau\u00adrice Cohen. Ce retour \u201cb\u00e9n\u00e9v\u00adole\u201d des anciens dirigeants vise \u00e0 ramen\u00ader de la s\u00e9r\u00e9nit\u00e9 et \u00e0 pr\u00e9\u00adpar\u00ader le mer\u00adca\u00adto d\u2019hiv\u00ader. Les fans atten\u00addent d\u00e9sor\u00admais une r\u00e9ac\u00adtion imm\u00e9\u00addi\u00adate des joueurs pour \u00e9viter une fin de sai\u00adson cat\u00ada\u00adstrophique.<\/p>\n","protected":false},"excerpt":{"rendered":"<p>Le monde du foot\u00adball fran\u00e7ais est sous le choc apr\u00e8s l\u2019an\u00adnonce offi\u00adcielle tomb\u00e9e ce ven\u00addre\u00addi 19 d\u00e9cem\u00adbre. Fab\u00adrice Boc\u00adquet quitte la pr\u00e9si\u00addence de l\u2019OGC Nice d\u2019un \u201ccom\u00admun accord\u201d avec le\u2026 <\/p>\n","protected":false},"author":1,"featured_media":27874,"comment_status":"open","ping_status":"closed","sticky":false,"template":"","format":"standard","meta":{"wp_typography_post_enhancements_disabled":false,"footnotes":""},"categories":[73],"tags":[20639,20640,20637,20641,20642,20638],"class_list":["post-27873","post","type-post","status-publish","format-standard","has-post-thumbnail","hentry","category-on-en-parle","tag-crise-ogc-nice","tag-depart-fabrice-bocquet","tag-ineos-football","tag-jean-pierre-rivere-president","tag-ligue-1-transfert","tag-ogc-nice-actu"],"yoast_head":"<!-- This site is optimized with the Yoast SEO plugin v24.7 - https:\/\/yoast.com\/wordpress\/plugins\/seo\/ -->\n<title>OGC Nice : Temp\u00eate sur la C\u00f4te d\u2019Azur, le d\u00e9part choc de Fabrice Bocquet - Bobea<\/title>\n<meta name=\"robots\" content=\"index, follow, max-snippet:-1, max-image-preview:large, max-video-preview:-1\" \/>\n<link rel=\"canonical\" href=\"https:\/\/bobea.net\/index.php\/2025\/12\/21\/ogc-nice-tempete-sur-la-cote-dazur-le-depart-choc-de-fabrice-bocquet\/\" \/>\n<meta property=\"og:locale\" content=\"fr_FR\" \/>\n<meta property=\"og:type\" content=\"article\" \/>\n<meta property=\"og:title\" content=\"OGC Nice : Temp\u00eate sur la C\u00f4te d\u2019Azur, le d\u00e9part choc de Fabrice Bocquet - Bobea\" \/>\n<meta property=\"og:description\" content=\"Le monde du foot\u00adball fran\u00e7ais est sous le choc apr\u00e8s l\u2019an\u00adnonce offi\u00adcielle tomb\u00e9e ce ven\u00addre\u00addi 19 d\u00e9cem\u00adbre. Fab\u00adrice Boc\u00adquet quitte la pr\u00e9si\u00addence de l\u2019OGC Nice d\u2019un \u201ccom\u00admun accord\u201d avec le&hellip;\" \/>\n<meta property=\"og:url\" content=\"https:\/\/bobea.net\/index.php\/2025\/12\/21\/ogc-nice-tempete-sur-la-cote-dazur-le-depart-choc-de-fabrice-bocquet\/\" \/>\n<meta property=\"og:site_name\" content=\"Bobea\" \/>\n<meta property=\"article:publisher\" content=\"https:\/\/web.facebook.com\/profile.php?id=61559252188416\" \/>\n<meta property=\"article:published_time\" content=\"2025-12-21T10:16:55+00:00\" \/>\n<meta property=\"article:modified_time\" content=\"2025-12-21T10:16:57+00:00\" \/>\n<meta property=\"og:image\" content=\"https:\/\/bobea.net\/wp-content\/uploads\/2025\/12\/ARTBLOCKVIEW-10661582-1128-752-f51ed80_upload-1-ezhlyyzhnatf-dsc02690-min.jpg\" \/>\n\t<meta property=\"og:image:width\" content=\"1128\" \/>\n\t<meta property=\"og:image:height\" content=\"752\" \/>\n\t<meta property=\"og:image:type\" content=\"image\/jpeg\" \/>\n<meta name=\"author\" content=\"bobea.info\" \/>\n<meta name=\"twitter:card\" content=\"summary_large_image\" \/>\n<meta name=\"twitter:label1\" content=\"\u00c9crit par\" \/>\n\t<meta name=\"twitter:data1\" content=\"bobea.info\" \/>\n\t<meta name=\"twitter:label2\" content=\"Dur\u00e9e de lecture estim\u00e9e\" \/>\n\t<meta name=\"twitter:data2\" content=\"2 minutes\" \/>\n<script type=\"application\/ld+json\" class=\"yoast-schema-graph\">{\"@context\":\"https:\/\/schema.org\",\"@graph\":[{\"@type\":\"Article\",\"@id\":\"https:\/\/bobea.net\/index.php\/2025\/12\/21\/ogc-nice-tempete-sur-la-cote-dazur-le-depart-choc-de-fabrice-bocquet\/#article\",\"isPartOf\":{\"@id\":\"https:\/\/bobea.net\/index.php\/2025\/12\/21\/ogc-nice-tempete-sur-la-cote-dazur-le-depart-choc-de-fabrice-bocquet\/\"},\"author\":{\"name\":\"bobea.info\",\"@id\":\"https:\/\/bobea.net\/#\/schema\/person\/e7f45ef187918d7c956bf619dce90ccf\"},\"headline\":\"OGC Nice : Temp\u00eate sur la C\u00f4te d\u2019Azur, le d\u00e9part choc de Fabrice Bocquet\",\"datePublished\":\"2025-12-21T10:16:55+00:00\",\"dateModified\":\"2025-12-21T10:16:57+00:00\",\"mainEntityOfPage\":{\"@id\":\"https:\/\/bobea.net\/index.php\/2025\/12\/21\/ogc-nice-tempete-sur-la-cote-dazur-le-depart-choc-de-fabrice-bocquet\/\"},\"wordCount\":195,\"commentCount\":0,\"publisher\":{\"@id\":\"https:\/\/bobea.net\/#organization\"},\"image\":{\"@id\":\"https:\/\/bobea.net\/index.php\/2025\/12\/21\/ogc-nice-tempete-sur-la-cote-dazur-le-depart-choc-de-fabrice-bocquet\/#primaryimage\"},\"thumbnailUrl\":\"https:\/\/bobea.net\/wp-content\/uploads\/2025\/12\/ARTBLOCKVIEW-10661582-1128-752-f51ed80_upload-1-ezhlyyzhnatf-dsc02690-min.jpg\",\"keywords\":[\"crise OGC Nice\",\"d\u00e9part Fabrice Bocquet\",\"Ineos football\",\"Jean-Pierre Riv\u00e8re pr\u00e9sident\",\"Ligue 1 transfert.\",\"OGC Nice actu\"],\"articleSection\":[\"On en Parle\"],\"inLanguage\":\"fr-FR\",\"potentialAction\":[{\"@type\":\"CommentAction\",\"name\":\"Comment\",\"target\":[\"https:\/\/bobea.net\/index.php\/2025\/12\/21\/ogc-nice-tempete-sur-la-cote-dazur-le-depart-choc-de-fabrice-bocquet\/#respond\"]}]},{\"@type\":\"WebPage\",\"@id\":\"https:\/\/bobea.net\/index.php\/2025\/12\/21\/ogc-nice-tempete-sur-la-cote-dazur-le-depart-choc-de-fabrice-bocquet\/\",\"url\":\"https:\/\/bobea.net\/index.php\/2025\/12\/21\/ogc-nice-tempete-sur-la-cote-dazur-le-depart-choc-de-fabrice-bocquet\/\",\"name\":\"OGC Nice : Temp\u00eate sur la C\u00f4te d\u2019Azur, le d\u00e9part choc de Fabrice Bocquet - Bobea\",\"isPartOf\":{\"@id\":\"https:\/\/bobea.net\/#website\"},\"primaryImageOfPage\":{\"@id\":\"https:\/\/bobea.net\/index.php\/2025\/12\/21\/ogc-nice-tempete-sur-la-cote-dazur-le-depart-choc-de-fabrice-bocquet\/#primaryimage\"},\"image\":{\"@id\":\"https:\/\/bobea.net\/index.php\/2025\/12\/21\/ogc-nice-tempete-sur-la-cote-dazur-le-depart-choc-de-fabrice-bocquet\/#primaryimage\"},\"thumbnailUrl\":\"https:\/\/bobea.net\/wp-content\/uploads\/2025\/12\/ARTBLOCKVIEW-10661582-1128-752-f51ed80_upload-1-ezhlyyzhnatf-dsc02690-min.jpg\",\"datePublished\":\"2025-12-21T10:16:55+00:00\",\"dateModified\":\"2025-12-21T10:16:57+00:00\",\"breadcrumb\":{\"@id\":\"https:\/\/bobea.net\/index.php\/2025\/12\/21\/ogc-nice-tempete-sur-la-cote-dazur-le-depart-choc-de-fabrice-bocquet\/#breadcrumb\"},\"inLanguage\":\"fr-FR\",\"potentialAction\":[{\"@type\":\"ReadAction\",\"target\":[\"https:\/\/bobea.net\/index.php\/2025\/12\/21\/ogc-nice-tempete-sur-la-cote-dazur-le-depart-choc-de-fabrice-bocquet\/\"]}]},{\"@type\":\"ImageObject\",\"inLanguage\":\"fr-FR\",\"@id\":\"https:\/\/bobea.net\/index.php\/2025\/12\/21\/ogc-nice-tempete-sur-la-cote-dazur-le-depart-choc-de-fabrice-bocquet\/#primaryimage\",\"url\":\"https:\/\/bobea.net\/wp-content\/uploads\/2025\/12\/ARTBLOCKVIEW-10661582-1128-752-f51ed80_upload-1-ezhlyyzhnatf-dsc02690-min.jpg\",\"contentUrl\":\"https:\/\/bobea.net\/wp-content\/uploads\/2025\/12\/ARTBLOCKVIEW-10661582-1128-752-f51ed80_upload-1-ezhlyyzhnatf-dsc02690-min.jpg\",\"width\":1128,\"height\":752},{\"@type\":\"BreadcrumbList\",\"@id\":\"https:\/\/bobea.net\/index.php\/2025\/12\/21\/ogc-nice-tempete-sur-la-cote-dazur-le-depart-choc-de-fabrice-bocquet\/#breadcrumb\",\"itemListElement\":[{\"@type\":\"ListItem\",\"position\":1,\"name\":\"Accueil\",\"item\":\"https:\/\/bobea.net\/\"},{\"@type\":\"ListItem\",\"position\":2,\"name\":\"OGC Nice : Temp\u00eate sur la C\u00f4te d\u2019Azur, le d\u00e9part choc de Fabrice Bocquet\"}]},{\"@type\":\"WebSite\",\"@id\":\"https:\/\/bobea.net\/#website\",\"url\":\"https:\/\/bobea.net\/\",\"name\":\"Bobea\",\"description\":\"Le magazine de la nouvelle \u00c8ve\",\"publisher\":{\"@id\":\"https:\/\/bobea.net\/#organization\"},\"potentialAction\":[{\"@type\":\"SearchAction\",\"target\":{\"@type\":\"EntryPoint\",\"urlTemplate\":\"https:\/\/bobea.net\/?s={search_term_string}\"},\"query-input\":{\"@type\":\"PropertyValueSpecification\",\"valueRequired\":true,\"valueName\":\"search_term_string\"}}],\"inLanguage\":\"fr-FR\"},{\"@type\":\"Organization\",\"@id\":\"https:\/\/bobea.net\/#organization\",\"name\":\"Bobea\",\"url\":\"https:\/\/bobea.net\/\",\"logo\":{\"@type\":\"ImageObject\",\"inLanguage\":\"fr-FR\",\"@id\":\"https:\/\/bobea.net\/#\/schema\/logo\/image\/\",\"url\":\"https:\/\/bobea.net\/wp-content\/uploads\/2024\/06\/bobea.jpg\",\"contentUrl\":\"https:\/\/bobea.net\/wp-content\/uploads\/2024\/06\/bobea.jpg\",\"width\":1080,\"height\":1080,\"caption\":\"Bobea\"},\"image\":{\"@id\":\"https:\/\/bobea.net\/#\/schema\/logo\/image\/\"},\"sameAs\":[\"https:\/\/web.facebook.com\/profile.php?id=61559252188416\"]},{\"@type\":\"Person\",\"@id\":\"https:\/\/bobea.net\/#\/schema\/person\/e7f45ef187918d7c956bf619dce90ccf\",\"name\":\"bobea.info\",\"image\":{\"@type\":\"ImageObject\",\"inLanguage\":\"fr-FR\",\"@id\":\"https:\/\/bobea.net\/#\/schema\/person\/image\/\",\"url\":\"https:\/\/secure.gravatar.com\/avatar\/36147980349df887ae30808df3e29474?s=96&d=mm&r=g\",\"contentUrl\":\"https:\/\/secure.gravatar.com\/avatar\/36147980349df887ae30808df3e29474?s=96&d=mm&r=g\",\"caption\":\"bobea.info\"},\"sameAs\":[\"https:\/\/bobea.net\"],\"url\":\"https:\/\/bobea.net\/index.php\/author\/bobea-info\/\"}]}<\/script>\n<!-- \/ Yoast SEO plugin. -->","yoast_head_json":{"title":"OGC Nice : Temp\u00eate sur la C\u00f4te d\u2019Azur, le d\u00e9part choc de Fabrice Bocquet - Bobea","robots":{"index":"index","follow":"follow","max-snippet":"max-snippet:-1","max-image-preview":"max-image-preview:large","max-video-preview":"max-video-preview:-1"},"canonical":"https:\/\/bobea.net\/index.php\/2025\/12\/21\/ogc-nice-tempete-sur-la-cote-dazur-le-depart-choc-de-fabrice-bocquet\/","og_locale":"fr_FR","og_type":"article","og_title":"OGC Nice : Temp\u00eate sur la C\u00f4te d\u2019Azur, le d\u00e9part choc de Fabrice Bocquet - Bobea","og_description":"Le monde du foot\u00adball fran\u00e7ais est sous le choc apr\u00e8s l\u2019an\u00adnonce offi\u00adcielle tomb\u00e9e ce ven\u00addre\u00addi 19 d\u00e9cem\u00adbre. Fab\u00adrice Boc\u00adquet quitte la pr\u00e9si\u00addence de l\u2019OGC Nice d\u2019un \u201ccom\u00admun accord\u201d avec le&hellip;","og_url":"https:\/\/bobea.net\/index.php\/2025\/12\/21\/ogc-nice-tempete-sur-la-cote-dazur-le-depart-choc-de-fabrice-bocquet\/","og_site_name":"Bobea","article_publisher":"https:\/\/web.facebook.com\/profile.php?id=61559252188416","article_published_time":"2025-12-21T10:16:55+00:00","article_modified_time":"2025-12-21T10:16:57+00:00","og_image":[{"width":1128,"height":752,"url":"https:\/\/bobea.net\/wp-content\/uploads\/2025\/12\/ARTBLOCKVIEW-10661582-1128-752-f51ed80_upload-1-ezhlyyzhnatf-dsc02690-min.jpg","type":"image\/jpeg"}],"author":"bobea.info","twitter_card":"summary_large_image","twitter_misc":{"\u00c9crit par":"bobea.info","Dur\u00e9e de lecture estim\u00e9e":"2 minutes"},"schema":{"@context":"https:\/\/schema.org","@graph":[{"@type":"Article","@id":"https:\/\/bobea.net\/index.php\/2025\/12\/21\/ogc-nice-tempete-sur-la-cote-dazur-le-depart-choc-de-fabrice-bocquet\/#article","isPartOf":{"@id":"https:\/\/bobea.net\/index.php\/2025\/12\/21\/ogc-nice-tempete-sur-la-cote-dazur-le-depart-choc-de-fabrice-bocquet\/"},"author":{"name":"bobea.info","@id":"https:\/\/bobea.net\/#\/schema\/person\/e7f45ef187918d7c956bf619dce90ccf"},"headline":"OGC Nice : Temp\u00eate sur la C\u00f4te d\u2019Azur, le d\u00e9part choc de Fabrice Bocquet","datePublished":"2025-12-21T10:16:55+00:00","dateModified":"2025-12-21T10:16:57+00:00","mainEntityOfPage":{"@id":"https:\/\/bobea.net\/index.php\/2025\/12\/21\/ogc-nice-tempete-sur-la-cote-dazur-le-depart-choc-de-fabrice-bocquet\/"},"wordCount":195,"commentCount":0,"publisher":{"@id":"https:\/\/bobea.net\/#organization"},"image":{"@id":"https:\/\/bobea.net\/index.php\/2025\/12\/21\/ogc-nice-tempete-sur-la-cote-dazur-le-depart-choc-de-fabrice-bocquet\/#primaryimage"},"thumbnailUrl":"https:\/\/bobea.net\/wp-content\/uploads\/2025\/12\/ARTBLOCKVIEW-10661582-1128-752-f51ed80_upload-1-ezhlyyzhnatf-dsc02690-min.jpg","keywords":["crise OGC Nice","d\u00e9part Fabrice Bocquet","Ineos football","Jean-Pierre Riv\u00e8re pr\u00e9sident","Ligue 1 transfert.","OGC Nice actu"],"articleSection":["On en Parle"],"inLanguage":"fr-FR","potentialAction":[{"@type":"CommentAction","name":"Comment","target":["https:\/\/bobea.net\/index.php\/2025\/12\/21\/ogc-nice-tempete-sur-la-cote-dazur-le-depart-choc-de-fabrice-bocquet\/#respond"]}]},{"@type":"WebPage","@id":"https:\/\/bobea.net\/index.php\/2025\/12\/21\/ogc-nice-tempete-sur-la-cote-dazur-le-depart-choc-de-fabrice-bocquet\/","url":"https:\/\/bobea.net\/index.php\/2025\/12\/21\/ogc-nice-tempete-sur-la-cote-dazur-le-depart-choc-de-fabrice-bocquet\/","name":"OGC Nice : Temp\u00eate sur la C\u00f4te d\u2019Azur, le d\u00e9part choc de Fabrice Bocquet - Bobea","isPartOf":{"@id":"https:\/\/bobea.net\/#website"},"primaryImageOfPage":{"@id":"https:\/\/bobea.net\/index.php\/2025\/12\/21\/ogc-nice-tempete-sur-la-cote-dazur-le-depart-choc-de-fabrice-bocquet\/#primaryimage"},"image":{"@id":"https:\/\/bobea.net\/index.php\/2025\/12\/21\/ogc-nice-tempete-sur-la-cote-dazur-le-depart-choc-de-fabrice-bocquet\/#primaryimage"},"thumbnailUrl":"https:\/\/bobea.net\/wp-content\/uploads\/2025\/12\/ARTBLOCKVIEW-10661582-1128-752-f51ed80_upload-1-ezhlyyzhnatf-dsc02690-min.jpg","datePublished":"2025-12-21T10:16:55+00:00","dateModified":"2025-12-21T10:16:57+00:00","breadcrumb":{"@id":"https:\/\/bobea.net\/index.php\/2025\/12\/21\/ogc-nice-tempete-sur-la-cote-dazur-le-depart-choc-de-fabrice-bocquet\/#breadcrumb"},"inLanguage":"fr-FR","potentialAction":[{"@type":"ReadAction","target":["https:\/\/bobea.net\/index.php\/2025\/12\/21\/ogc-nice-tempete-sur-la-cote-dazur-le-depart-choc-de-fabrice-bocquet\/"]}]},{"@type":"ImageObject","inLanguage":"fr-FR","@id":"https:\/\/bobea.net\/index.php\/2025\/12\/21\/ogc-nice-tempete-sur-la-cote-dazur-le-depart-choc-de-fabrice-bocquet\/#primaryimage","url":"https:\/\/bobea.net\/wp-content\/uploads\/2025\/12\/ARTBLOCKVIEW-10661582-1128-752-f51ed80_upload-1-ezhlyyzhnatf-dsc02690-min.jpg","contentUrl":"https:\/\/bobea.net\/wp-content\/uploads\/2025\/12\/ARTBLOCKVIEW-10661582-1128-752-f51ed80_upload-1-ezhlyyzhnatf-dsc02690-min.jpg","width":1128,"height":752},{"@type":"BreadcrumbList","@id":"https:\/\/bobea.net\/index.php\/2025\/12\/21\/ogc-nice-tempete-sur-la-cote-dazur-le-depart-choc-de-fabrice-bocquet\/#breadcrumb","itemListElement":[{"@type":"ListItem","position":1,"name":"Accueil","item":"https:\/\/bobea.net\/"},{"@type":"ListItem","position":2,"name":"OGC Nice : Temp\u00eate sur la C\u00f4te d\u2019Azur, le d\u00e9part choc de Fabrice Bocquet"}]},{"@type":"WebSite","@id":"https:\/\/bobea.net\/#website","url":"https:\/\/bobea.net\/","name":"Bobea","description":"Le magazine de la nouvelle \u00c8ve","publisher":{"@id":"https:\/\/bobea.net\/#organization"},"potentialAction":[{"@type":"SearchAction","target":{"@type":"EntryPoint","urlTemplate":"https:\/\/bobea.net\/?s={search_term_string}"},"query-input":{"@type":"PropertyValueSpecification","valueRequired":true,"valueName":"search_term_string"}}],"inLanguage":"fr-FR"},{"@type":"Organization","@id":"https:\/\/bobea.net\/#organization","name":"Bobea","url":"https:\/\/bobea.net\/","logo":{"@type":"ImageObject","inLanguage":"fr-FR","@id":"https:\/\/bobea.net\/#\/schema\/logo\/image\/","url":"https:\/\/bobea.net\/wp-content\/uploads\/2024\/06\/bobea.jpg","contentUrl":"https:\/\/bobea.net\/wp-content\/uploads\/2024\/06\/bobea.jpg","width":1080,"height":1080,"caption":"Bobea"},"image":{"@id":"https:\/\/bobea.net\/#\/schema\/logo\/image\/"},"sameAs":["https:\/\/web.facebook.com\/profile.php?id=61559252188416"]},{"@type":"Person","@id":"https:\/\/bobea.net\/#\/schema\/person\/e7f45ef187918d7c956bf619dce90ccf","name":"bobea.info","image":{"@type":"ImageObject","inLanguage":"fr-FR","@id":"https:\/\/bobea.net\/#\/schema\/person\/image\/","url":"https:\/\/secure.gravatar.com\/avatar\/36147980349df887ae30808df3e29474?s=96&d=mm&r=g","contentUrl":"https:\/\/secure.gravatar.com\/avatar\/36147980349df887ae30808df3e29474?s=96&d=mm&r=g","caption":"bobea.info"},"sameAs":["https:\/\/bobea.net"],"url":"https:\/\/bobea.net\/index.php\/author\/bobea-info\/"}]}},"_links":{"self":[{"href":"https:\/\/bobea.net\/index.php\/wp-json\/wp\/v2\/posts\/27873"}],"collection":[{"href":"https:\/\/bobea.net\/index.php\/wp-json\/wp\/v2\/posts"}],"about":[{"href":"https:\/\/bobea.net\/index.php\/wp-json\/wp\/v2\/types\/post"}],"author":[{"embeddable":true,"href":"https:\/\/bobea.net\/index.php\/wp-json\/wp\/v2\/users\/1"}],"replies":[{"embeddable":true,"href":"https:\/\/bobea.net\/index.php\/wp-json\/wp\/v2\/comments?post=27873"}],"version-history":[{"count":1,"href":"https:\/\/bobea.net\/index.php\/wp-json\/wp\/v2\/posts\/27873\/revisions"}],"predecessor-version":[{"id":27876,"href":"https:\/\/bobea.net\/index.php\/wp-json\/wp\/v2\/posts\/27873\/revisions\/27876"}],"wp:featuredmedia":[{"embeddable":true,"href":"https:\/\/bobea.net\/index.php\/wp-json\/wp\/v2\/media\/27874"}],"wp:attachment":[{"href":"https:\/\/bobea.net\/index.php\/wp-json\/wp\/v2\/media?parent=27873"}],"wp:term":[{"taxonomy":"category","embeddable":true,"href":"https:\/\/bobea.net\/index.php\/wp-json\/wp\/v2\/categories?post=27873"},{"taxonomy":"post_tag","embeddable":true,"href":"https:\/\/bobea.net\/index.php\/wp-json\/wp\/v2\/tags?post=27873"}],"curies":[{"name":"wp","href":"https:\/\/api.w.org\/{rel}","templated":true}]}}