{"id":27835,"date":"2025-12-21T08:00:50","date_gmt":"2025-12-21T08:00:50","guid":{"rendered":"https:\/\/bobea.net\/?p=27835"},"modified":"2025-12-21T08:00:52","modified_gmt":"2025-12-21T08:00:52","slug":"adixia-et-nicolo-la-rupture-volcanique-qui-secoue-la-cote-dazur","status":"publish","type":"post","link":"https:\/\/bobea.net\/index.php\/2025\/12\/21\/adixia-et-nicolo-la-rupture-volcanique-qui-secoue-la-cote-dazur\/","title":{"rendered":"Adixia et Nicolo : La rupture volcanique qui secoue la C\u00f4te d\u2019Azur"},"content":{"rendered":"\n<p>Ils for\u00admaient le duo le plus explosif et esth\u00e9\u00adtique de la t\u00e9l\u00e9-r\u00e9al\u00adit\u00e9 mod\u00aderne. Mais ce week-end, le glam\u00adour a lais\u00ads\u00e9 place au chaos. Entre la DJ belge <strong>Adix\u00adia<\/strong> et le dandy ital\u00adien <strong>Nico\u00adlo Fer\u00adrari<\/strong>, le point de non-retour a \u00e9t\u00e9 franchi dans un fra\u00adcas m\u00e9di\u00ada\u00adtique qui pas\u00adsionne d\u00e9j\u00e0 les inter\u00adnautes.<\/p>\n\n\n\n<p><strong>Une idylle sous haute ten\u00adsion \u00e9lec\u00adtrique<\/strong><\/p>\n\n\n\n<p>Depuis leur ren\u00adcon\u00adtre, leur rela\u00adtion a tou\u00adjours oscil\u00adl\u00e9 entre pas\u00adsion d\u00e9vo\u00adrante et crises de jalousie mon\u00adu\u00admen\u00adtales. Ce qui sem\u00adblait \u00eatre une force au d\u00e9but est devenu leur poi\u00adson. Selon nos infor\u00adma\u00adtions exclu\u00adsives, une vio\u00adlente dis\u00adpute a \u00e9clat\u00e9 lors d\u2019un vernissage \u00e0 Mona\u00adco ven\u00addre\u00addi soir. Adix\u00adia, qui tente de se d\u00e9tach\u00ader de l\u2019im\u00adage \u201ct\u00e9l\u00e9-r\u00e9al\u00adit\u00e9\u201d pour se con\u00adsacr\u00ader pleine\u00adment \u00e0 sa car\u00adri\u00e8re musi\u00adcale, ne sup\u00adport\u00aderait plus le tem\u00adp\u00e9ra\u00adment pos\u00adses\u00adsif et les sor\u00adties m\u00e9di\u00ada\u00adtiques inces\u00adsantes de Nico\u00adlo.<\/p>\n\n\n\n<figure class=\"wp-block-image size-full\"><img loading=\"lazy\" decoding=\"async\" width=\"1000\" height=\"563\" src=\"https:\/\/bobea.net\/wp-content\/uploads\/2025\/12\/image-119.png\" alt class=\"wp-image-27838\" srcset=\"https:\/\/bobea.net\/wp-content\/uploads\/2025\/12\/image-119.png 1000w, https:\/\/bobea.net\/wp-content\/uploads\/2025\/12\/image-119-300x169.png 300w, https:\/\/bobea.net\/wp-content\/uploads\/2025\/12\/image-119-768x432.png 768w\" sizes=\"(max-width: 1000px) 100vw, 1000px\"><\/figure>\n\n\n\n<p><strong>Les r\u00e9seaux soci\u00adaux comme champ de bataille<\/strong><\/p>\n\n\n\n<p>Fid\u00e8le \u00e0 son image de \u201cIl Mag\u00adnifi\u00adco\u201d, Nico\u00adlo n\u2019a pas tard\u00e9 \u00e0 r\u00e9a\u00adgir sur Insta\u00adgram par des mes\u00adsages sub\u00adlim\u00adinaux empreints d\u2019amer\u00adtume, accu\u00adsant \u00e0 demi-mot son ex-com\u00adpagne d\u2019avoir priv\u00adil\u00e9gi\u00e9 son ambi\u00adtion \u00e0 leur amour. De son c\u00f4t\u00e9, Adix\u00adia a choisi une strat\u00e9gie plus rad\u00adi\u00adcale : la sup\u00adpres\u00adsion totale de leurs pho\u00adtos com\u00admunes et un d\u00e9part imm\u00e9\u00addi\u00adat pour Ibiza afin de s\u2019isol\u00ader en stu\u00addio. Pour les fans, c\u2019est le choc, car beau\u00adcoup esp\u00e9raient voir ce cou\u00adple se sta\u00adbilis\u00ader. Cette rup\u00adture mar\u00adque sans doute la fin d\u2019une \u00e9poque pour le milieu de la t\u00e9l\u00e9-r\u00e9al\u00adit\u00e9 \u201cchic\u201d.<\/p>\n","protected":false},"excerpt":{"rendered":"<p>Ils for\u00admaient le duo le plus explosif et esth\u00e9\u00adtique de la t\u00e9l\u00e9-r\u00e9al\u00adit\u00e9 mod\u00aderne. Mais ce week-end, le glam\u00adour a lais\u00ads\u00e9 place au chaos. Entre la DJ belge Adix\u00adia et le\u2026 <\/p>\n","protected":false},"author":1,"featured_media":27836,"comment_status":"open","ping_status":"closed","sticky":false,"template":"","format":"standard","meta":{"wp_typography_post_enhancements_disabled":false,"footnotes":""},"categories":[79],"tags":[20599,20598,20601,20600,20597,20602],"class_list":["post-27835","post","type-post","status-publish","format-standard","has-post-thumbnail","hentry","category-a-la-une","tag-adixia-musique","tag-adixia-nicolo-separation","tag-clash-tele-realite-2025","tag-les-marseillais-actu","tag-nicolo-ferrari-celibataire","tag-rupture-stars-monaco"],"yoast_head":"<!-- This site is optimized with the Yoast SEO plugin v24.7 - https:\/\/yoast.com\/wordpress\/plugins\/seo\/ -->\n<title>Adixia et Nicolo : La rupture volcanique qui secoue la C\u00f4te d\u2019Azur - Bobea<\/title>\n<meta name=\"robots\" content=\"index, follow, max-snippet:-1, max-image-preview:large, max-video-preview:-1\" \/>\n<link rel=\"canonical\" href=\"https:\/\/bobea.net\/index.php\/2025\/12\/21\/adixia-et-nicolo-la-rupture-volcanique-qui-secoue-la-cote-dazur\/\" \/>\n<meta property=\"og:locale\" content=\"fr_FR\" \/>\n<meta property=\"og:type\" content=\"article\" \/>\n<meta property=\"og:title\" content=\"Adixia et Nicolo : La rupture volcanique qui secoue la C\u00f4te d\u2019Azur - Bobea\" \/>\n<meta property=\"og:description\" content=\"Ils for\u00admaient le duo le plus explosif et esth\u00e9\u00adtique de la t\u00e9l\u00e9-r\u00e9al\u00adit\u00e9 mod\u00aderne. Mais ce week-end, le glam\u00adour a lais\u00ads\u00e9 place au chaos. Entre la DJ belge Adix\u00adia et le&hellip;\" \/>\n<meta property=\"og:url\" content=\"https:\/\/bobea.net\/index.php\/2025\/12\/21\/adixia-et-nicolo-la-rupture-volcanique-qui-secoue-la-cote-dazur\/\" \/>\n<meta property=\"og:site_name\" content=\"Bobea\" \/>\n<meta property=\"article:publisher\" content=\"https:\/\/web.facebook.com\/profile.php?id=61559252188416\" \/>\n<meta property=\"article:published_time\" content=\"2025-12-21T08:00:50+00:00\" \/>\n<meta property=\"article:modified_time\" content=\"2025-12-21T08:00:52+00:00\" \/>\n<meta property=\"og:image\" content=\"https:\/\/bobea.net\/wp-content\/uploads\/2025\/12\/large_0678c9b9_4f14_422f_a756_cb0b7273d578_ae878d319c.webp\" \/>\n\t<meta property=\"og:image:width\" content=\"1000\" \/>\n\t<meta property=\"og:image:height\" content=\"563\" \/>\n\t<meta property=\"og:image:type\" content=\"image\/webp\" \/>\n<meta name=\"author\" content=\"bobea.info\" \/>\n<meta name=\"twitter:card\" content=\"summary_large_image\" \/>\n<meta name=\"twitter:label1\" content=\"\u00c9crit par\" \/>\n\t<meta name=\"twitter:data1\" content=\"bobea.info\" \/>\n\t<meta name=\"twitter:label2\" content=\"Dur\u00e9e de lecture estim\u00e9e\" \/>\n\t<meta name=\"twitter:data2\" content=\"2 minutes\" \/>\n<script type=\"application\/ld+json\" class=\"yoast-schema-graph\">{\"@context\":\"https:\/\/schema.org\",\"@graph\":[{\"@type\":\"Article\",\"@id\":\"https:\/\/bobea.net\/index.php\/2025\/12\/21\/adixia-et-nicolo-la-rupture-volcanique-qui-secoue-la-cote-dazur\/#article\",\"isPartOf\":{\"@id\":\"https:\/\/bobea.net\/index.php\/2025\/12\/21\/adixia-et-nicolo-la-rupture-volcanique-qui-secoue-la-cote-dazur\/\"},\"author\":{\"name\":\"bobea.info\",\"@id\":\"https:\/\/bobea.net\/#\/schema\/person\/e7f45ef187918d7c956bf619dce90ccf\"},\"headline\":\"Adixia et Nicolo : La rupture volcanique qui secoue la C\u00f4te d\u2019Azur\",\"datePublished\":\"2025-12-21T08:00:50+00:00\",\"dateModified\":\"2025-12-21T08:00:52+00:00\",\"mainEntityOfPage\":{\"@id\":\"https:\/\/bobea.net\/index.php\/2025\/12\/21\/adixia-et-nicolo-la-rupture-volcanique-qui-secoue-la-cote-dazur\/\"},\"wordCount\":270,\"commentCount\":0,\"publisher\":{\"@id\":\"https:\/\/bobea.net\/#organization\"},\"image\":{\"@id\":\"https:\/\/bobea.net\/index.php\/2025\/12\/21\/adixia-et-nicolo-la-rupture-volcanique-qui-secoue-la-cote-dazur\/#primaryimage\"},\"thumbnailUrl\":\"https:\/\/bobea.net\/wp-content\/uploads\/2025\/12\/large_0678c9b9_4f14_422f_a756_cb0b7273d578_ae878d319c.webp\",\"keywords\":[\"Adixia musique\",\"Adixia Nicolo s\u00e9paration\",\"clash t\u00e9l\u00e9-r\u00e9alit\u00e9 2025\",\"les Marseillais actu\",\"Nicolo Ferrari c\u00e9libataire\",\"rupture stars Monaco.\"],\"articleSection\":[\"A la Une\"],\"inLanguage\":\"fr-FR\",\"potentialAction\":[{\"@type\":\"CommentAction\",\"name\":\"Comment\",\"target\":[\"https:\/\/bobea.net\/index.php\/2025\/12\/21\/adixia-et-nicolo-la-rupture-volcanique-qui-secoue-la-cote-dazur\/#respond\"]}]},{\"@type\":\"WebPage\",\"@id\":\"https:\/\/bobea.net\/index.php\/2025\/12\/21\/adixia-et-nicolo-la-rupture-volcanique-qui-secoue-la-cote-dazur\/\",\"url\":\"https:\/\/bobea.net\/index.php\/2025\/12\/21\/adixia-et-nicolo-la-rupture-volcanique-qui-secoue-la-cote-dazur\/\",\"name\":\"Adixia et Nicolo : La rupture volcanique qui secoue la C\u00f4te d\u2019Azur - Bobea\",\"isPartOf\":{\"@id\":\"https:\/\/bobea.net\/#website\"},\"primaryImageOfPage\":{\"@id\":\"https:\/\/bobea.net\/index.php\/2025\/12\/21\/adixia-et-nicolo-la-rupture-volcanique-qui-secoue-la-cote-dazur\/#primaryimage\"},\"image\":{\"@id\":\"https:\/\/bobea.net\/index.php\/2025\/12\/21\/adixia-et-nicolo-la-rupture-volcanique-qui-secoue-la-cote-dazur\/#primaryimage\"},\"thumbnailUrl\":\"https:\/\/bobea.net\/wp-content\/uploads\/2025\/12\/large_0678c9b9_4f14_422f_a756_cb0b7273d578_ae878d319c.webp\",\"datePublished\":\"2025-12-21T08:00:50+00:00\",\"dateModified\":\"2025-12-21T08:00:52+00:00\",\"breadcrumb\":{\"@id\":\"https:\/\/bobea.net\/index.php\/2025\/12\/21\/adixia-et-nicolo-la-rupture-volcanique-qui-secoue-la-cote-dazur\/#breadcrumb\"},\"inLanguage\":\"fr-FR\",\"potentialAction\":[{\"@type\":\"ReadAction\",\"target\":[\"https:\/\/bobea.net\/index.php\/2025\/12\/21\/adixia-et-nicolo-la-rupture-volcanique-qui-secoue-la-cote-dazur\/\"]}]},{\"@type\":\"ImageObject\",\"inLanguage\":\"fr-FR\",\"@id\":\"https:\/\/bobea.net\/index.php\/2025\/12\/21\/adixia-et-nicolo-la-rupture-volcanique-qui-secoue-la-cote-dazur\/#primaryimage\",\"url\":\"https:\/\/bobea.net\/wp-content\/uploads\/2025\/12\/large_0678c9b9_4f14_422f_a756_cb0b7273d578_ae878d319c.webp\",\"contentUrl\":\"https:\/\/bobea.net\/wp-content\/uploads\/2025\/12\/large_0678c9b9_4f14_422f_a756_cb0b7273d578_ae878d319c.webp\",\"width\":1000,\"height\":563},{\"@type\":\"BreadcrumbList\",\"@id\":\"https:\/\/bobea.net\/index.php\/2025\/12\/21\/adixia-et-nicolo-la-rupture-volcanique-qui-secoue-la-cote-dazur\/#breadcrumb\",\"itemListElement\":[{\"@type\":\"ListItem\",\"position\":1,\"name\":\"Accueil\",\"item\":\"https:\/\/bobea.net\/\"},{\"@type\":\"ListItem\",\"position\":2,\"name\":\"Adixia et Nicolo : La rupture volcanique qui secoue la C\u00f4te d\u2019Azur\"}]},{\"@type\":\"WebSite\",\"@id\":\"https:\/\/bobea.net\/#website\",\"url\":\"https:\/\/bobea.net\/\",\"name\":\"Bobea\",\"description\":\"Le magazine de la nouvelle \u00c8ve\",\"publisher\":{\"@id\":\"https:\/\/bobea.net\/#organization\"},\"potentialAction\":[{\"@type\":\"SearchAction\",\"target\":{\"@type\":\"EntryPoint\",\"urlTemplate\":\"https:\/\/bobea.net\/?s={search_term_string}\"},\"query-input\":{\"@type\":\"PropertyValueSpecification\",\"valueRequired\":true,\"valueName\":\"search_term_string\"}}],\"inLanguage\":\"fr-FR\"},{\"@type\":\"Organization\",\"@id\":\"https:\/\/bobea.net\/#organization\",\"name\":\"Bobea\",\"url\":\"https:\/\/bobea.net\/\",\"logo\":{\"@type\":\"ImageObject\",\"inLanguage\":\"fr-FR\",\"@id\":\"https:\/\/bobea.net\/#\/schema\/logo\/image\/\",\"url\":\"https:\/\/bobea.net\/wp-content\/uploads\/2024\/06\/bobea.jpg\",\"contentUrl\":\"https:\/\/bobea.net\/wp-content\/uploads\/2024\/06\/bobea.jpg\",\"width\":1080,\"height\":1080,\"caption\":\"Bobea\"},\"image\":{\"@id\":\"https:\/\/bobea.net\/#\/schema\/logo\/image\/\"},\"sameAs\":[\"https:\/\/web.facebook.com\/profile.php?id=61559252188416\"]},{\"@type\":\"Person\",\"@id\":\"https:\/\/bobea.net\/#\/schema\/person\/e7f45ef187918d7c956bf619dce90ccf\",\"name\":\"bobea.info\",\"image\":{\"@type\":\"ImageObject\",\"inLanguage\":\"fr-FR\",\"@id\":\"https:\/\/bobea.net\/#\/schema\/person\/image\/\",\"url\":\"https:\/\/secure.gravatar.com\/avatar\/36147980349df887ae30808df3e29474?s=96&d=mm&r=g\",\"contentUrl\":\"https:\/\/secure.gravatar.com\/avatar\/36147980349df887ae30808df3e29474?s=96&d=mm&r=g\",\"caption\":\"bobea.info\"},\"sameAs\":[\"https:\/\/bobea.net\"],\"url\":\"https:\/\/bobea.net\/index.php\/author\/bobea-info\/\"}]}<\/script>\n<!-- \/ Yoast SEO plugin. -->","yoast_head_json":{"title":"Adixia et Nicolo : La rupture volcanique qui secoue la C\u00f4te d\u2019Azur - Bobea","robots":{"index":"index","follow":"follow","max-snippet":"max-snippet:-1","max-image-preview":"max-image-preview:large","max-video-preview":"max-video-preview:-1"},"canonical":"https:\/\/bobea.net\/index.php\/2025\/12\/21\/adixia-et-nicolo-la-rupture-volcanique-qui-secoue-la-cote-dazur\/","og_locale":"fr_FR","og_type":"article","og_title":"Adixia et Nicolo : La rupture volcanique qui secoue la C\u00f4te d\u2019Azur - Bobea","og_description":"Ils for\u00admaient le duo le plus explosif et esth\u00e9\u00adtique de la t\u00e9l\u00e9-r\u00e9al\u00adit\u00e9 mod\u00aderne. Mais ce week-end, le glam\u00adour a lais\u00ads\u00e9 place au chaos. Entre la DJ belge Adix\u00adia et le&hellip;","og_url":"https:\/\/bobea.net\/index.php\/2025\/12\/21\/adixia-et-nicolo-la-rupture-volcanique-qui-secoue-la-cote-dazur\/","og_site_name":"Bobea","article_publisher":"https:\/\/web.facebook.com\/profile.php?id=61559252188416","article_published_time":"2025-12-21T08:00:50+00:00","article_modified_time":"2025-12-21T08:00:52+00:00","og_image":[{"width":1000,"height":563,"url":"https:\/\/bobea.net\/wp-content\/uploads\/2025\/12\/large_0678c9b9_4f14_422f_a756_cb0b7273d578_ae878d319c.webp","type":"image\/webp"}],"author":"bobea.info","twitter_card":"summary_large_image","twitter_misc":{"\u00c9crit par":"bobea.info","Dur\u00e9e de lecture estim\u00e9e":"2 minutes"},"schema":{"@context":"https:\/\/schema.org","@graph":[{"@type":"Article","@id":"https:\/\/bobea.net\/index.php\/2025\/12\/21\/adixia-et-nicolo-la-rupture-volcanique-qui-secoue-la-cote-dazur\/#article","isPartOf":{"@id":"https:\/\/bobea.net\/index.php\/2025\/12\/21\/adixia-et-nicolo-la-rupture-volcanique-qui-secoue-la-cote-dazur\/"},"author":{"name":"bobea.info","@id":"https:\/\/bobea.net\/#\/schema\/person\/e7f45ef187918d7c956bf619dce90ccf"},"headline":"Adixia et Nicolo : La rupture volcanique qui secoue la C\u00f4te d\u2019Azur","datePublished":"2025-12-21T08:00:50+00:00","dateModified":"2025-12-21T08:00:52+00:00","mainEntityOfPage":{"@id":"https:\/\/bobea.net\/index.php\/2025\/12\/21\/adixia-et-nicolo-la-rupture-volcanique-qui-secoue-la-cote-dazur\/"},"wordCount":270,"commentCount":0,"publisher":{"@id":"https:\/\/bobea.net\/#organization"},"image":{"@id":"https:\/\/bobea.net\/index.php\/2025\/12\/21\/adixia-et-nicolo-la-rupture-volcanique-qui-secoue-la-cote-dazur\/#primaryimage"},"thumbnailUrl":"https:\/\/bobea.net\/wp-content\/uploads\/2025\/12\/large_0678c9b9_4f14_422f_a756_cb0b7273d578_ae878d319c.webp","keywords":["Adixia musique","Adixia Nicolo s\u00e9paration","clash t\u00e9l\u00e9-r\u00e9alit\u00e9 2025","les Marseillais actu","Nicolo Ferrari c\u00e9libataire","rupture stars Monaco."],"articleSection":["A la Une"],"inLanguage":"fr-FR","potentialAction":[{"@type":"CommentAction","name":"Comment","target":["https:\/\/bobea.net\/index.php\/2025\/12\/21\/adixia-et-nicolo-la-rupture-volcanique-qui-secoue-la-cote-dazur\/#respond"]}]},{"@type":"WebPage","@id":"https:\/\/bobea.net\/index.php\/2025\/12\/21\/adixia-et-nicolo-la-rupture-volcanique-qui-secoue-la-cote-dazur\/","url":"https:\/\/bobea.net\/index.php\/2025\/12\/21\/adixia-et-nicolo-la-rupture-volcanique-qui-secoue-la-cote-dazur\/","name":"Adixia et Nicolo : La rupture volcanique qui secoue la C\u00f4te d\u2019Azur - Bobea","isPartOf":{"@id":"https:\/\/bobea.net\/#website"},"primaryImageOfPage":{"@id":"https:\/\/bobea.net\/index.php\/2025\/12\/21\/adixia-et-nicolo-la-rupture-volcanique-qui-secoue-la-cote-dazur\/#primaryimage"},"image":{"@id":"https:\/\/bobea.net\/index.php\/2025\/12\/21\/adixia-et-nicolo-la-rupture-volcanique-qui-secoue-la-cote-dazur\/#primaryimage"},"thumbnailUrl":"https:\/\/bobea.net\/wp-content\/uploads\/2025\/12\/large_0678c9b9_4f14_422f_a756_cb0b7273d578_ae878d319c.webp","datePublished":"2025-12-21T08:00:50+00:00","dateModified":"2025-12-21T08:00:52+00:00","breadcrumb":{"@id":"https:\/\/bobea.net\/index.php\/2025\/12\/21\/adixia-et-nicolo-la-rupture-volcanique-qui-secoue-la-cote-dazur\/#breadcrumb"},"inLanguage":"fr-FR","potentialAction":[{"@type":"ReadAction","target":["https:\/\/bobea.net\/index.php\/2025\/12\/21\/adixia-et-nicolo-la-rupture-volcanique-qui-secoue-la-cote-dazur\/"]}]},{"@type":"ImageObject","inLanguage":"fr-FR","@id":"https:\/\/bobea.net\/index.php\/2025\/12\/21\/adixia-et-nicolo-la-rupture-volcanique-qui-secoue-la-cote-dazur\/#primaryimage","url":"https:\/\/bobea.net\/wp-content\/uploads\/2025\/12\/large_0678c9b9_4f14_422f_a756_cb0b7273d578_ae878d319c.webp","contentUrl":"https:\/\/bobea.net\/wp-content\/uploads\/2025\/12\/large_0678c9b9_4f14_422f_a756_cb0b7273d578_ae878d319c.webp","width":1000,"height":563},{"@type":"BreadcrumbList","@id":"https:\/\/bobea.net\/index.php\/2025\/12\/21\/adixia-et-nicolo-la-rupture-volcanique-qui-secoue-la-cote-dazur\/#breadcrumb","itemListElement":[{"@type":"ListItem","position":1,"name":"Accueil","item":"https:\/\/bobea.net\/"},{"@type":"ListItem","position":2,"name":"Adixia et Nicolo : La rupture volcanique qui secoue la C\u00f4te d\u2019Azur"}]},{"@type":"WebSite","@id":"https:\/\/bobea.net\/#website","url":"https:\/\/bobea.net\/","name":"Bobea","description":"Le magazine de la nouvelle \u00c8ve","publisher":{"@id":"https:\/\/bobea.net\/#organization"},"potentialAction":[{"@type":"SearchAction","target":{"@type":"EntryPoint","urlTemplate":"https:\/\/bobea.net\/?s={search_term_string}"},"query-input":{"@type":"PropertyValueSpecification","valueRequired":true,"valueName":"search_term_string"}}],"inLanguage":"fr-FR"},{"@type":"Organization","@id":"https:\/\/bobea.net\/#organization","name":"Bobea","url":"https:\/\/bobea.net\/","logo":{"@type":"ImageObject","inLanguage":"fr-FR","@id":"https:\/\/bobea.net\/#\/schema\/logo\/image\/","url":"https:\/\/bobea.net\/wp-content\/uploads\/2024\/06\/bobea.jpg","contentUrl":"https:\/\/bobea.net\/wp-content\/uploads\/2024\/06\/bobea.jpg","width":1080,"height":1080,"caption":"Bobea"},"image":{"@id":"https:\/\/bobea.net\/#\/schema\/logo\/image\/"},"sameAs":["https:\/\/web.facebook.com\/profile.php?id=61559252188416"]},{"@type":"Person","@id":"https:\/\/bobea.net\/#\/schema\/person\/e7f45ef187918d7c956bf619dce90ccf","name":"bobea.info","image":{"@type":"ImageObject","inLanguage":"fr-FR","@id":"https:\/\/bobea.net\/#\/schema\/person\/image\/","url":"https:\/\/secure.gravatar.com\/avatar\/36147980349df887ae30808df3e29474?s=96&d=mm&r=g","contentUrl":"https:\/\/secure.gravatar.com\/avatar\/36147980349df887ae30808df3e29474?s=96&d=mm&r=g","caption":"bobea.info"},"sameAs":["https:\/\/bobea.net"],"url":"https:\/\/bobea.net\/index.php\/author\/bobea-info\/"}]}},"_links":{"self":[{"href":"https:\/\/bobea.net\/index.php\/wp-json\/wp\/v2\/posts\/27835"}],"collection":[{"href":"https:\/\/bobea.net\/index.php\/wp-json\/wp\/v2\/posts"}],"about":[{"href":"https:\/\/bobea.net\/index.php\/wp-json\/wp\/v2\/types\/post"}],"author":[{"embeddable":true,"href":"https:\/\/bobea.net\/index.php\/wp-json\/wp\/v2\/users\/1"}],"replies":[{"embeddable":true,"href":"https:\/\/bobea.net\/index.php\/wp-json\/wp\/v2\/comments?post=27835"}],"version-history":[{"count":1,"href":"https:\/\/bobea.net\/index.php\/wp-json\/wp\/v2\/posts\/27835\/revisions"}],"predecessor-version":[{"id":27839,"href":"https:\/\/bobea.net\/index.php\/wp-json\/wp\/v2\/posts\/27835\/revisions\/27839"}],"wp:featuredmedia":[{"embeddable":true,"href":"https:\/\/bobea.net\/index.php\/wp-json\/wp\/v2\/media\/27836"}],"wp:attachment":[{"href":"https:\/\/bobea.net\/index.php\/wp-json\/wp\/v2\/media?parent=27835"}],"wp:term":[{"taxonomy":"category","embeddable":true,"href":"https:\/\/bobea.net\/index.php\/wp-json\/wp\/v2\/categories?post=27835"},{"taxonomy":"post_tag","embeddable":true,"href":"https:\/\/bobea.net\/index.php\/wp-json\/wp\/v2\/tags?post=27835"}],"curies":[{"name":"wp","href":"https:\/\/api.w.org\/{rel}","templated":true}]}}