{"id":2777,"date":"2024-07-01T11:50:14","date_gmt":"2024-07-01T11:50:14","guid":{"rendered":"https:\/\/bobea.net\/?p=2777"},"modified":"2024-07-01T11:50:17","modified_gmt":"2024-07-01T11:50:17","slug":"la-belle-fille-demmanuel-macron-tiphaine-auziere-de-gauche-verte-et-fiere-de-letre","status":"publish","type":"post","link":"https:\/\/bobea.net\/index.php\/2024\/07\/01\/la-belle-fille-demmanuel-macron-tiphaine-auziere-de-gauche-verte-et-fiere-de-letre\/","title":{"rendered":"La belle-fille d\u2019Emmanuel Macron, Tiphaine Auzi\u00e8re : de gauche, verte et fi\u00e8re de l\u2019\u00eatre"},"content":{"rendered":"\n<p class=\"has-text-align-justify\">Tiphaine Auz\u00adi\u00e8re, belle-fille du pr\u00e9si\u00addent Emmanuel Macron, se d\u00e9mar\u00adque par ses con\u00advic\u00adtions poli\u00adtiques au sein de la famille pr\u00e9si\u00adden\u00adtielle. Dans un entre\u00adtien exclusif accord\u00e9 \u00e0 Gala, elle et sa s\u0153ur Lau\u00adrence, toutes deux filles de Brigitte Macron, ont lev\u00e9 le voile sur leurs opin\u00adions poli\u00adtiques diver\u00adgentes.<\/p>\n\n\n\n<p>Une sen\u00adsi\u00adbil\u00adit\u00e9 de gauche assum\u00e9e<\/p>\n\n\n\n<p class=\"has-text-align-justify\">\u201cOn peut dire que Tiphaine est plus \u00e0 gauche\u201d, r\u00e9v\u00e8le sa s\u0153ur Lau\u00adrence, car\u00addi\u00ado\u00adlogue de pro\u00adfes\u00adsion. Cette affir\u00adma\u00adtion est ren\u00adfor\u00adc\u00e9e par le fait que Tiphaine, avo\u00adcate de m\u00e9ti\u00ader, a d\u00e9j\u00e0 vot\u00e9 \u201c\u00e9co\u00adlo\u201d dans sa jeunesse. Elle se posi\u00adtionne claire\u00adment comme \u201cla plus \u00e0 gauche de la famille\u201d, affichant une sen\u00adsi\u00adbil\u00adit\u00e9 \u00e9cologique pronon\u00adc\u00e9e.<\/p>\n\n\n\n<p>Des d\u00e9bats famil\u00adi\u00adaux enrichissants<\/p>\n\n\n\n<p class=\"has-text-align-justify\">Loin d\u2019\u00eatre un sujet tabou, ces dif\u00adf\u00e9rences d\u2019opin\u00adions sem\u00adblent ani\u00admer les dis\u00adcus\u00adsions famil\u00adiales. \u201cOn n\u2019a pas les m\u00eames id\u00e9es et cela rend les dis\u00adcus\u00adsions d\u2019au\u00adtant plus int\u00e9res\u00adsantes\u201d, explique Tiphaine. Cette diver\u00adsit\u00e9 de points de vue s\u2019\u00e9\u00adtend \u00e0 l\u2019ensem\u00adble de la famille Auz\u00adi\u00e8re-Macron, y com\u00adpris le pr\u00e9si\u00addent lui-m\u00eame.<\/p>\n\n\n\n<p>Une approche empathique des enjeux soci\u00adaux<\/p>\n\n\n\n<p class=\"has-text-align-justify\">Tiphaine se dis\u00adtingue par son approche plus empathique des ques\u00adtions sociales et poli\u00adtiques. Sa s\u0153ur Lau\u00adrence note : \u201cTiphaine est claire\u00adment plus dans l\u2019empathie que moi, qui ne vois pas tou\u00adjours les cir\u00adcon\u00adstances att\u00e9nu\u00adantes par exem\u00adple. De mon c\u00f4t\u00e9, je suis davan\u00adtage pour plus de fer\u00admet\u00e9.\u201d<\/p>\n\n\n\n<p>Un sou\u00adtien ind\u00e9\u00adfectible mal\u00adgr\u00e9 les diver\u00adgences<\/p>\n\n\n\n<p class=\"has-text-align-justify\">Mal\u00adgr\u00e9 ces dif\u00adf\u00e9rences id\u00e9ologiques, Tiphaine main\u00adtient un sou\u00adtien solide envers son beau-p\u00e8re. Elle le d\u00e9crit affectueuse\u00adment comme un \u201covni\u201d, soulig\u00adnant son intel\u00adli\u00adgence et sa bien\u00adveil\u00adlance. \u201cEmmanuel est pro\u00adfond\u00e9\u00adment humain, g\u00e9n\u00e9reux et avec un courage \u00e9norme\u201d, affirme-t-elle.<\/p>\n\n\n\n<p>Une famille unie dans la diver\u00adsit\u00e9<\/p>\n\n\n\n<p class=\"has-text-align-justify\">L\u2019in\u00adter\u00adview r\u00e9v\u00e8le une famille pr\u00e9si\u00adden\u00adtielle capa\u00adble de tran\u00adscen\u00adder les cli\u00advages poli\u00adtiques. Les filles de Brigitte Macron d\u00e9mon\u00adtrent qu\u2019il est pos\u00adsi\u00adble d\u2019avoir des opin\u00adions diver\u00adgentes tout en main\u00adtenant des liens famil\u00adi\u00adaux forts et respectueux. Cette ouver\u00adture d\u2019e\u00adsprit et cette capac\u00adit\u00e9 \u00e0 d\u00e9bat\u00adtre au sein m\u00eame du cer\u00adcle famil\u00adial pr\u00e9si\u00adden\u00adtiel offrent un aper\u00e7u rafra\u00eechissant de la dynamique famil\u00adiale des Macron. Elle illus\u00adtre \u00e9gale\u00adment la com\u00adplex\u00adit\u00e9 et la diver\u00adsit\u00e9 des opin\u00adions poli\u00adtiques qui peu\u00advent coex\u00adis\u00adter au sein d\u2019une m\u00eame famille, m\u00eame lorsque celle-ci se trou\u00adve au c\u0153ur du pou\u00advoir.<\/p>\n","protected":false},"excerpt":{"rendered":"<p>Tiphaine Auz\u00adi\u00e8re, belle-fille du pr\u00e9si\u00addent Emmanuel Macron, se d\u00e9mar\u00adque par ses con\u00advic\u00adtions poli\u00adtiques au sein de la famille pr\u00e9si\u00adden\u00adtielle. Dans un entre\u00adtien exclusif accord\u00e9 \u00e0 Gala, elle et sa s\u0153ur\u2026 <\/p>\n","protected":false},"author":1,"featured_media":2778,"comment_status":"open","ping_status":"open","sticky":false,"template":"","format":"standard","meta":{"wp_typography_post_enhancements_disabled":false,"footnotes":""},"categories":[73],"tags":[1449,1448],"class_list":["post-2777","post","type-post","status-publish","format-standard","has-post-thumbnail","hentry","category-on-en-parle","tag-emmanuel-macron","tag-tiphaine-auziere"],"yoast_head":"<!-- This site is optimized with the Yoast SEO plugin v24.7 - https:\/\/yoast.com\/wordpress\/plugins\/seo\/ -->\n<title>La belle-fille d&#039;Emmanuel Macron, Tiphaine Auzi\u00e8re : de gauche, verte et fi\u00e8re de l&#039;\u00eatre - Bobea<\/title>\n<meta name=\"description\" content=\"Tiphaine Auzi\u00e8re, belle-fille du pr\u00e9sident Emmanuel Macron, se d\u00e9marque par ses convictions politiques au sein de la famille pr\u00e9sidentielle.\" \/>\n<meta name=\"robots\" content=\"index, follow, max-snippet:-1, max-image-preview:large, max-video-preview:-1\" \/>\n<link rel=\"canonical\" href=\"https:\/\/bobea.net\/index.php\/2024\/07\/01\/la-belle-fille-demmanuel-macron-tiphaine-auziere-de-gauche-verte-et-fiere-de-letre\/\" \/>\n<meta property=\"og:locale\" content=\"fr_FR\" \/>\n<meta property=\"og:type\" content=\"article\" \/>\n<meta property=\"og:title\" content=\"La belle-fille d&#039;Emmanuel Macron, Tiphaine Auzi\u00e8re : de gauche, verte et fi\u00e8re de l&#039;\u00eatre - Bobea\" \/>\n<meta property=\"og:description\" content=\"Tiphaine Auzi\u00e8re, belle-fille du pr\u00e9sident Emmanuel Macron, se d\u00e9marque par ses convictions politiques au sein de la famille pr\u00e9sidentielle.\" \/>\n<meta property=\"og:url\" content=\"https:\/\/bobea.net\/index.php\/2024\/07\/01\/la-belle-fille-demmanuel-macron-tiphaine-auziere-de-gauche-verte-et-fiere-de-letre\/\" \/>\n<meta property=\"og:site_name\" content=\"Bobea\" \/>\n<meta property=\"article:publisher\" content=\"https:\/\/web.facebook.com\/profile.php?id=61559252188416\" \/>\n<meta property=\"article:published_time\" content=\"2024-07-01T11:50:14+00:00\" \/>\n<meta property=\"article:modified_time\" content=\"2024-07-01T11:50:17+00:00\" \/>\n<meta property=\"og:image\" content=\"https:\/\/bobea.net\/wp-content\/uploads\/2024\/07\/OIP-8.jpeg\" \/>\n\t<meta property=\"og:image:width\" content=\"1200\" \/>\n\t<meta property=\"og:image:height\" content=\"630\" \/>\n\t<meta property=\"og:image:type\" content=\"image\/jpeg\" \/>\n<meta name=\"author\" content=\"bobea.info\" \/>\n<meta name=\"twitter:card\" content=\"summary_large_image\" \/>\n<meta name=\"twitter:label1\" content=\"\u00c9crit par\" \/>\n\t<meta name=\"twitter:data1\" content=\"bobea.info\" \/>\n\t<meta name=\"twitter:label2\" content=\"Dur\u00e9e de lecture estim\u00e9e\" \/>\n\t<meta name=\"twitter:data2\" content=\"2 minutes\" \/>\n<script type=\"application\/ld+json\" class=\"yoast-schema-graph\">{\"@context\":\"https:\/\/schema.org\",\"@graph\":[{\"@type\":\"Article\",\"@id\":\"https:\/\/bobea.net\/index.php\/2024\/07\/01\/la-belle-fille-demmanuel-macron-tiphaine-auziere-de-gauche-verte-et-fiere-de-letre\/#article\",\"isPartOf\":{\"@id\":\"https:\/\/bobea.net\/index.php\/2024\/07\/01\/la-belle-fille-demmanuel-macron-tiphaine-auziere-de-gauche-verte-et-fiere-de-letre\/\"},\"author\":{\"name\":\"bobea.info\",\"@id\":\"https:\/\/bobea.net\/#\/schema\/person\/e7f45ef187918d7c956bf619dce90ccf\"},\"headline\":\"La belle-fille d\u2019Emmanuel Macron, Tiphaine Auzi\u00e8re : de gauche, verte et fi\u00e8re de l\u2019\u00eatre\",\"datePublished\":\"2024-07-01T11:50:14+00:00\",\"dateModified\":\"2024-07-01T11:50:17+00:00\",\"mainEntityOfPage\":{\"@id\":\"https:\/\/bobea.net\/index.php\/2024\/07\/01\/la-belle-fille-demmanuel-macron-tiphaine-auziere-de-gauche-verte-et-fiere-de-letre\/\"},\"wordCount\":407,\"commentCount\":0,\"publisher\":{\"@id\":\"https:\/\/bobea.net\/#organization\"},\"image\":{\"@id\":\"https:\/\/bobea.net\/index.php\/2024\/07\/01\/la-belle-fille-demmanuel-macron-tiphaine-auziere-de-gauche-verte-et-fiere-de-letre\/#primaryimage\"},\"thumbnailUrl\":\"https:\/\/bobea.net\/wp-content\/uploads\/2024\/07\/OIP-8.jpeg\",\"keywords\":[\"Emmanuel Macron\",\"Tiphaine Auzi\u00e8re\"],\"articleSection\":[\"On en Parle\"],\"inLanguage\":\"fr-FR\",\"potentialAction\":[{\"@type\":\"CommentAction\",\"name\":\"Comment\",\"target\":[\"https:\/\/bobea.net\/index.php\/2024\/07\/01\/la-belle-fille-demmanuel-macron-tiphaine-auziere-de-gauche-verte-et-fiere-de-letre\/#respond\"]}]},{\"@type\":\"WebPage\",\"@id\":\"https:\/\/bobea.net\/index.php\/2024\/07\/01\/la-belle-fille-demmanuel-macron-tiphaine-auziere-de-gauche-verte-et-fiere-de-letre\/\",\"url\":\"https:\/\/bobea.net\/index.php\/2024\/07\/01\/la-belle-fille-demmanuel-macron-tiphaine-auziere-de-gauche-verte-et-fiere-de-letre\/\",\"name\":\"La belle-fille d'Emmanuel Macron, Tiphaine Auzi\u00e8re : de gauche, verte et fi\u00e8re de l'\u00eatre - Bobea\",\"isPartOf\":{\"@id\":\"https:\/\/bobea.net\/#website\"},\"primaryImageOfPage\":{\"@id\":\"https:\/\/bobea.net\/index.php\/2024\/07\/01\/la-belle-fille-demmanuel-macron-tiphaine-auziere-de-gauche-verte-et-fiere-de-letre\/#primaryimage\"},\"image\":{\"@id\":\"https:\/\/bobea.net\/index.php\/2024\/07\/01\/la-belle-fille-demmanuel-macron-tiphaine-auziere-de-gauche-verte-et-fiere-de-letre\/#primaryimage\"},\"thumbnailUrl\":\"https:\/\/bobea.net\/wp-content\/uploads\/2024\/07\/OIP-8.jpeg\",\"datePublished\":\"2024-07-01T11:50:14+00:00\",\"dateModified\":\"2024-07-01T11:50:17+00:00\",\"description\":\"Tiphaine Auzi\u00e8re, belle-fille du pr\u00e9sident Emmanuel Macron, se d\u00e9marque par ses convictions politiques au sein de la famille pr\u00e9sidentielle.\",\"breadcrumb\":{\"@id\":\"https:\/\/bobea.net\/index.php\/2024\/07\/01\/la-belle-fille-demmanuel-macron-tiphaine-auziere-de-gauche-verte-et-fiere-de-letre\/#breadcrumb\"},\"inLanguage\":\"fr-FR\",\"potentialAction\":[{\"@type\":\"ReadAction\",\"target\":[\"https:\/\/bobea.net\/index.php\/2024\/07\/01\/la-belle-fille-demmanuel-macron-tiphaine-auziere-de-gauche-verte-et-fiere-de-letre\/\"]}]},{\"@type\":\"ImageObject\",\"inLanguage\":\"fr-FR\",\"@id\":\"https:\/\/bobea.net\/index.php\/2024\/07\/01\/la-belle-fille-demmanuel-macron-tiphaine-auziere-de-gauche-verte-et-fiere-de-letre\/#primaryimage\",\"url\":\"https:\/\/bobea.net\/wp-content\/uploads\/2024\/07\/OIP-8.jpeg\",\"contentUrl\":\"https:\/\/bobea.net\/wp-content\/uploads\/2024\/07\/OIP-8.jpeg\",\"width\":1200,\"height\":630,\"caption\":\"La belle-fille d'Emmanuel Macron, Tiphaine Auzi\u00e8re : de gauche, verte et fi\u00e8re de l'\u00eatre\"},{\"@type\":\"BreadcrumbList\",\"@id\":\"https:\/\/bobea.net\/index.php\/2024\/07\/01\/la-belle-fille-demmanuel-macron-tiphaine-auziere-de-gauche-verte-et-fiere-de-letre\/#breadcrumb\",\"itemListElement\":[{\"@type\":\"ListItem\",\"position\":1,\"name\":\"Accueil\",\"item\":\"https:\/\/bobea.net\/\"},{\"@type\":\"ListItem\",\"position\":2,\"name\":\"La belle-fille d&rsquo;Emmanuel Macron, Tiphaine Auzi\u00e8re : de gauche, verte et fi\u00e8re de l&rsquo;\u00eatre\"}]},{\"@type\":\"WebSite\",\"@id\":\"https:\/\/bobea.net\/#website\",\"url\":\"https:\/\/bobea.net\/\",\"name\":\"Bobea\",\"description\":\"Le magazine de la nouvelle \u00c8ve\",\"publisher\":{\"@id\":\"https:\/\/bobea.net\/#organization\"},\"potentialAction\":[{\"@type\":\"SearchAction\",\"target\":{\"@type\":\"EntryPoint\",\"urlTemplate\":\"https:\/\/bobea.net\/?s={search_term_string}\"},\"query-input\":{\"@type\":\"PropertyValueSpecification\",\"valueRequired\":true,\"valueName\":\"search_term_string\"}}],\"inLanguage\":\"fr-FR\"},{\"@type\":\"Organization\",\"@id\":\"https:\/\/bobea.net\/#organization\",\"name\":\"Bobea\",\"url\":\"https:\/\/bobea.net\/\",\"logo\":{\"@type\":\"ImageObject\",\"inLanguage\":\"fr-FR\",\"@id\":\"https:\/\/bobea.net\/#\/schema\/logo\/image\/\",\"url\":\"https:\/\/bobea.net\/wp-content\/uploads\/2024\/06\/bobea.jpg\",\"contentUrl\":\"https:\/\/bobea.net\/wp-content\/uploads\/2024\/06\/bobea.jpg\",\"width\":1080,\"height\":1080,\"caption\":\"Bobea\"},\"image\":{\"@id\":\"https:\/\/bobea.net\/#\/schema\/logo\/image\/\"},\"sameAs\":[\"https:\/\/web.facebook.com\/profile.php?id=61559252188416\"]},{\"@type\":\"Person\",\"@id\":\"https:\/\/bobea.net\/#\/schema\/person\/e7f45ef187918d7c956bf619dce90ccf\",\"name\":\"bobea.info\",\"image\":{\"@type\":\"ImageObject\",\"inLanguage\":\"fr-FR\",\"@id\":\"https:\/\/bobea.net\/#\/schema\/person\/image\/\",\"url\":\"https:\/\/secure.gravatar.com\/avatar\/36147980349df887ae30808df3e29474?s=96&d=mm&r=g\",\"contentUrl\":\"https:\/\/secure.gravatar.com\/avatar\/36147980349df887ae30808df3e29474?s=96&d=mm&r=g\",\"caption\":\"bobea.info\"},\"sameAs\":[\"https:\/\/bobea.net\"],\"url\":\"https:\/\/bobea.net\/index.php\/author\/bobea-info\/\"}]}<\/script>\n<!-- \/ Yoast SEO plugin. -->","yoast_head_json":{"title":"La belle-fille d'Emmanuel Macron, Tiphaine Auzi\u00e8re : de gauche, verte et fi\u00e8re de l'\u00eatre - Bobea","description":"Tiphaine Auzi\u00e8re, belle-fille du pr\u00e9sident Emmanuel Macron, se d\u00e9marque par ses convictions politiques au sein de la famille pr\u00e9sidentielle.","robots":{"index":"index","follow":"follow","max-snippet":"max-snippet:-1","max-image-preview":"max-image-preview:large","max-video-preview":"max-video-preview:-1"},"canonical":"https:\/\/bobea.net\/index.php\/2024\/07\/01\/la-belle-fille-demmanuel-macron-tiphaine-auziere-de-gauche-verte-et-fiere-de-letre\/","og_locale":"fr_FR","og_type":"article","og_title":"La belle-fille d'Emmanuel Macron, Tiphaine Auzi\u00e8re : de gauche, verte et fi\u00e8re de l'\u00eatre - Bobea","og_description":"Tiphaine Auzi\u00e8re, belle-fille du pr\u00e9sident Emmanuel Macron, se d\u00e9marque par ses convictions politiques au sein de la famille pr\u00e9sidentielle.","og_url":"https:\/\/bobea.net\/index.php\/2024\/07\/01\/la-belle-fille-demmanuel-macron-tiphaine-auziere-de-gauche-verte-et-fiere-de-letre\/","og_site_name":"Bobea","article_publisher":"https:\/\/web.facebook.com\/profile.php?id=61559252188416","article_published_time":"2024-07-01T11:50:14+00:00","article_modified_time":"2024-07-01T11:50:17+00:00","og_image":[{"width":1200,"height":630,"url":"https:\/\/bobea.net\/wp-content\/uploads\/2024\/07\/OIP-8.jpeg","type":"image\/jpeg"}],"author":"bobea.info","twitter_card":"summary_large_image","twitter_misc":{"\u00c9crit par":"bobea.info","Dur\u00e9e de lecture estim\u00e9e":"2 minutes"},"schema":{"@context":"https:\/\/schema.org","@graph":[{"@type":"Article","@id":"https:\/\/bobea.net\/index.php\/2024\/07\/01\/la-belle-fille-demmanuel-macron-tiphaine-auziere-de-gauche-verte-et-fiere-de-letre\/#article","isPartOf":{"@id":"https:\/\/bobea.net\/index.php\/2024\/07\/01\/la-belle-fille-demmanuel-macron-tiphaine-auziere-de-gauche-verte-et-fiere-de-letre\/"},"author":{"name":"bobea.info","@id":"https:\/\/bobea.net\/#\/schema\/person\/e7f45ef187918d7c956bf619dce90ccf"},"headline":"La belle-fille d\u2019Emmanuel Macron, Tiphaine Auzi\u00e8re : de gauche, verte et fi\u00e8re de l\u2019\u00eatre","datePublished":"2024-07-01T11:50:14+00:00","dateModified":"2024-07-01T11:50:17+00:00","mainEntityOfPage":{"@id":"https:\/\/bobea.net\/index.php\/2024\/07\/01\/la-belle-fille-demmanuel-macron-tiphaine-auziere-de-gauche-verte-et-fiere-de-letre\/"},"wordCount":407,"commentCount":0,"publisher":{"@id":"https:\/\/bobea.net\/#organization"},"image":{"@id":"https:\/\/bobea.net\/index.php\/2024\/07\/01\/la-belle-fille-demmanuel-macron-tiphaine-auziere-de-gauche-verte-et-fiere-de-letre\/#primaryimage"},"thumbnailUrl":"https:\/\/bobea.net\/wp-content\/uploads\/2024\/07\/OIP-8.jpeg","keywords":["Emmanuel Macron","Tiphaine Auzi\u00e8re"],"articleSection":["On en Parle"],"inLanguage":"fr-FR","potentialAction":[{"@type":"CommentAction","name":"Comment","target":["https:\/\/bobea.net\/index.php\/2024\/07\/01\/la-belle-fille-demmanuel-macron-tiphaine-auziere-de-gauche-verte-et-fiere-de-letre\/#respond"]}]},{"@type":"WebPage","@id":"https:\/\/bobea.net\/index.php\/2024\/07\/01\/la-belle-fille-demmanuel-macron-tiphaine-auziere-de-gauche-verte-et-fiere-de-letre\/","url":"https:\/\/bobea.net\/index.php\/2024\/07\/01\/la-belle-fille-demmanuel-macron-tiphaine-auziere-de-gauche-verte-et-fiere-de-letre\/","name":"La belle-fille d'Emmanuel Macron, Tiphaine Auzi\u00e8re : de gauche, verte et fi\u00e8re de l'\u00eatre - Bobea","isPartOf":{"@id":"https:\/\/bobea.net\/#website"},"primaryImageOfPage":{"@id":"https:\/\/bobea.net\/index.php\/2024\/07\/01\/la-belle-fille-demmanuel-macron-tiphaine-auziere-de-gauche-verte-et-fiere-de-letre\/#primaryimage"},"image":{"@id":"https:\/\/bobea.net\/index.php\/2024\/07\/01\/la-belle-fille-demmanuel-macron-tiphaine-auziere-de-gauche-verte-et-fiere-de-letre\/#primaryimage"},"thumbnailUrl":"https:\/\/bobea.net\/wp-content\/uploads\/2024\/07\/OIP-8.jpeg","datePublished":"2024-07-01T11:50:14+00:00","dateModified":"2024-07-01T11:50:17+00:00","description":"Tiphaine Auzi\u00e8re, belle-fille du pr\u00e9sident Emmanuel Macron, se d\u00e9marque par ses convictions politiques au sein de la famille pr\u00e9sidentielle.","breadcrumb":{"@id":"https:\/\/bobea.net\/index.php\/2024\/07\/01\/la-belle-fille-demmanuel-macron-tiphaine-auziere-de-gauche-verte-et-fiere-de-letre\/#breadcrumb"},"inLanguage":"fr-FR","potentialAction":[{"@type":"ReadAction","target":["https:\/\/bobea.net\/index.php\/2024\/07\/01\/la-belle-fille-demmanuel-macron-tiphaine-auziere-de-gauche-verte-et-fiere-de-letre\/"]}]},{"@type":"ImageObject","inLanguage":"fr-FR","@id":"https:\/\/bobea.net\/index.php\/2024\/07\/01\/la-belle-fille-demmanuel-macron-tiphaine-auziere-de-gauche-verte-et-fiere-de-letre\/#primaryimage","url":"https:\/\/bobea.net\/wp-content\/uploads\/2024\/07\/OIP-8.jpeg","contentUrl":"https:\/\/bobea.net\/wp-content\/uploads\/2024\/07\/OIP-8.jpeg","width":1200,"height":630,"caption":"La belle-fille d'Emmanuel Macron, Tiphaine Auzi\u00e8re : de gauche, verte et fi\u00e8re de l'\u00eatre"},{"@type":"BreadcrumbList","@id":"https:\/\/bobea.net\/index.php\/2024\/07\/01\/la-belle-fille-demmanuel-macron-tiphaine-auziere-de-gauche-verte-et-fiere-de-letre\/#breadcrumb","itemListElement":[{"@type":"ListItem","position":1,"name":"Accueil","item":"https:\/\/bobea.net\/"},{"@type":"ListItem","position":2,"name":"La belle-fille d&rsquo;Emmanuel Macron, Tiphaine Auzi\u00e8re : de gauche, verte et fi\u00e8re de l&rsquo;\u00eatre"}]},{"@type":"WebSite","@id":"https:\/\/bobea.net\/#website","url":"https:\/\/bobea.net\/","name":"Bobea","description":"Le magazine de la nouvelle \u00c8ve","publisher":{"@id":"https:\/\/bobea.net\/#organization"},"potentialAction":[{"@type":"SearchAction","target":{"@type":"EntryPoint","urlTemplate":"https:\/\/bobea.net\/?s={search_term_string}"},"query-input":{"@type":"PropertyValueSpecification","valueRequired":true,"valueName":"search_term_string"}}],"inLanguage":"fr-FR"},{"@type":"Organization","@id":"https:\/\/bobea.net\/#organization","name":"Bobea","url":"https:\/\/bobea.net\/","logo":{"@type":"ImageObject","inLanguage":"fr-FR","@id":"https:\/\/bobea.net\/#\/schema\/logo\/image\/","url":"https:\/\/bobea.net\/wp-content\/uploads\/2024\/06\/bobea.jpg","contentUrl":"https:\/\/bobea.net\/wp-content\/uploads\/2024\/06\/bobea.jpg","width":1080,"height":1080,"caption":"Bobea"},"image":{"@id":"https:\/\/bobea.net\/#\/schema\/logo\/image\/"},"sameAs":["https:\/\/web.facebook.com\/profile.php?id=61559252188416"]},{"@type":"Person","@id":"https:\/\/bobea.net\/#\/schema\/person\/e7f45ef187918d7c956bf619dce90ccf","name":"bobea.info","image":{"@type":"ImageObject","inLanguage":"fr-FR","@id":"https:\/\/bobea.net\/#\/schema\/person\/image\/","url":"https:\/\/secure.gravatar.com\/avatar\/36147980349df887ae30808df3e29474?s=96&d=mm&r=g","contentUrl":"https:\/\/secure.gravatar.com\/avatar\/36147980349df887ae30808df3e29474?s=96&d=mm&r=g","caption":"bobea.info"},"sameAs":["https:\/\/bobea.net"],"url":"https:\/\/bobea.net\/index.php\/author\/bobea-info\/"}]}},"_links":{"self":[{"href":"https:\/\/bobea.net\/index.php\/wp-json\/wp\/v2\/posts\/2777"}],"collection":[{"href":"https:\/\/bobea.net\/index.php\/wp-json\/wp\/v2\/posts"}],"about":[{"href":"https:\/\/bobea.net\/index.php\/wp-json\/wp\/v2\/types\/post"}],"author":[{"embeddable":true,"href":"https:\/\/bobea.net\/index.php\/wp-json\/wp\/v2\/users\/1"}],"replies":[{"embeddable":true,"href":"https:\/\/bobea.net\/index.php\/wp-json\/wp\/v2\/comments?post=2777"}],"version-history":[{"count":0,"href":"https:\/\/bobea.net\/index.php\/wp-json\/wp\/v2\/posts\/2777\/revisions"}],"wp:featuredmedia":[{"embeddable":true,"href":"https:\/\/bobea.net\/index.php\/wp-json\/wp\/v2\/media\/2778"}],"wp:attachment":[{"href":"https:\/\/bobea.net\/index.php\/wp-json\/wp\/v2\/media?parent=2777"}],"wp:term":[{"taxonomy":"category","embeddable":true,"href":"https:\/\/bobea.net\/index.php\/wp-json\/wp\/v2\/categories?post=2777"},{"taxonomy":"post_tag","embeddable":true,"href":"https:\/\/bobea.net\/index.php\/wp-json\/wp\/v2\/tags?post=2777"}],"curies":[{"name":"wp","href":"https:\/\/api.w.org\/{rel}","templated":true}]}}