{"id":27701,"date":"2025-12-14T12:28:55","date_gmt":"2025-12-14T12:28:55","guid":{"rendered":"https:\/\/bobea.net\/?p=27701"},"modified":"2025-12-14T12:29:00","modified_gmt":"2025-12-14T12:29:00","slug":"revue-people-et-tendance-de-la-semaine-les-celebrites-et-la-crise-du-logement-comment-les-stars-sengagent-face-a-laugmentation-de-la-precarite-urbaine-et-des-sdf","status":"publish","type":"post","link":"https:\/\/bobea.net\/index.php\/2025\/12\/14\/revue-people-et-tendance-de-la-semaine-les-celebrites-et-la-crise-du-logement-comment-les-stars-sengagent-face-a-laugmentation-de-la-precarite-urbaine-et-des-sdf\/","title":{"rendered":"Revue People et Tendance de la Semaine : Les C\u00e9l\u00e9brit\u00e9s et la Crise du Logement : Comment les Stars S\u2019Engagent Face \u00e0 l\u2019Augmentation de la Pr\u00e9carit\u00e9 Urbaine et des SDF"},"content":{"rendered":"\n<p><strong>Date : 15 d\u00e9cem\u00adbre 2025<\/strong> | Par bobea.net | <strong>Soci\u00e9t\u00e9, Phil\u00adan\u00adthropie, Crise du Loge\u00adment, Stars Engag\u00e9es<\/strong><\/p>\n\n\n\n<p>La <strong>Revue Peo\u00adple<\/strong> de cette semaine met en lumi\u00e8re un engage\u00adment crois\u00adsant et n\u00e9ces\u00adsaire des c\u00e9l\u00e9brit\u00e9s face \u00e0 une crise sociale majeure : l\u2019aug\u00admen\u00adta\u00adtion de la <strong>pr\u00e9\u00adcar\u00adit\u00e9 urbaine<\/strong> et le nom\u00adbre gran\u00addis\u00adsant de <strong>SDF<\/strong> dans les m\u00e9trop\u00ado\u00adles mon\u00addi\u00adales. Loin des galas de char\u00adit\u00e9 tra\u00addi\u00adtion\u00adnels, de plus en plus de stars s\u2019im\u00adpliquent con\u00adcr\u00e8te\u00adment dans des pro\u00adjets d\u2019aide au <strong>loge\u00adment d\u2019ur\u00adgence<\/strong> et de r\u00e9in\u00adser\u00adtion.<\/p>\n\n\n\n<p>Ce mou\u00adve\u00adment est men\u00e9 par des fig\u00adures du cin\u00e9\u00adma et de la musique, qui recon\u00adnais\u00adsent l\u2019ur\u00adgence d\u2019a\u00adgir. L\u2019ac\u00adteur <strong>Markus V. Rhee<\/strong>, con\u00adnu pour son engage\u00adment social, a r\u00e9cem\u00adment financ\u00e9 un pro\u00adgramme pilote \u00e0 Los Ange\u00adles visant \u00e0 con\u00adver\u00adtir d\u2019an\u00adciens h\u00f4tels en loge\u00adments tem\u00adpo\u00adraires avec accom\u00adpa\u00adg\u00adne\u00adment social et psy\u00adchologique. Ce type d\u2019ini\u00adtia\u00adtive est un sig\u00adnal fort, rap\u00adpelant que la <strong>pau\u00advret\u00e9<\/strong> et la <strong>pr\u00e9\u00adcar\u00adit\u00e9<\/strong> sont des r\u00e9al\u00adit\u00e9s qui frap\u00adpent dure\u00adment, m\u00eame au c\u0153ur des pays rich\u00ades, un \u00e9cho aux th\u00e8mes de la <strong>Pau\u00advret\u00e9 des Jeunes en France<\/strong> que nous avons abor\u00add\u00e9s.<\/p>\n\n\n\n<figure class=\"wp-block-image size-full is-resized\"><img loading=\"lazy\" decoding=\"async\" width=\"512\" height=\"272\" src=\"https:\/\/bobea.net\/wp-content\/uploads\/2025\/12\/image-95.png\" alt class=\"wp-image-27703\" style=\"width:840px;height:auto\" srcset=\"https:\/\/bobea.net\/wp-content\/uploads\/2025\/12\/image-95.png 512w, https:\/\/bobea.net\/wp-content\/uploads\/2025\/12\/image-95-300x159.png 300w\" sizes=\"(max-width: 512px) 100vw, 512px\"><\/figure>\n\n\n\n<p>L\u2019en\u00adgage\u00adment des c\u00e9l\u00e9brit\u00e9s dans la lutte con\u00adtre la <strong>crise du loge\u00adment<\/strong> est sou\u00advent cibl\u00e9 et effi\u00adcace. Con\u00adtraire\u00adment aux grandes organ\u00adi\u00adsa\u00adtions, elles peu\u00advent utilis\u00ader leur notori\u00e9t\u00e9 pour attir\u00ader rapi\u00adde\u00adment des fonds et des dons en nature, cr\u00e9ant un \u201cCer\u00adcle de Feu\u201d de sol\u00adi\u00addar\u00adit\u00e9, rap\u00adpelant l\u2019ob\u00adjec\u00adtif de pro\u00adtec\u00adtion de la <strong>LIGUE DES FEMMES<\/strong> de Chris\u00adt\u00adian Sab\u00adba Wil\u00adson.<\/p>\n\n\n\n<p>Cepen\u00addant, cet engage\u00adment est \u00e9gale\u00adment scrut\u00e9. La ques\u00adtion du <strong>\u201ctax shel\u00adter\u00ading\u201d<\/strong> (opti\u00admi\u00adsa\u00adtion fis\u00adcale) des for\u00adtunes des stars reste une cri\u00adtique per\u00adsis\u00adtante. Le pub\u00adlic attend de la coh\u00e9rence : on ne peut d\u00e9non\u00adcer la pr\u00e9\u00adcar\u00adit\u00e9 si l\u2019on par\u00adticipe active\u00adment \u00e0 la diminu\u00adtion des recettes fis\u00adcales de l\u2019\u00c9\u00adtat qui finan\u00adcent les aides sociales.<\/p>\n\n\n\n<p>N\u00e9an\u00admoins, cette ten\u00addance pos\u00adi\u00adtive prou\u00adve que la c\u00e9l\u00e9brit\u00e9 peut \u00eatre mobil\u00adis\u00e9e pour des caus\u00ades struc\u00adturelles, sor\u00adtant de la sim\u00adple m\u00e9di\u00adati\u00adsa\u00adtion pour offrir des solu\u00adtions con\u00adcr\u00e8tes et durables aux plus d\u00e9mu\u00adnis. C\u2019est l\u2019il\u00adlus\u00adtra\u00adtion que le <strong>luxe \u00e9thique<\/strong> (Arti\u00adcle 13) s\u2019\u00e9\u00adtend d\u00e9sor\u00admais aux actions phil\u00adan\u00adthropiques.<\/p>\n","protected":false},"excerpt":{"rendered":"<p>Date : 15 d\u00e9cem\u00adbre 2025 | Par bobea.net | Soci\u00e9t\u00e9, Phil\u00adan\u00adthropie, Crise du Loge\u00adment, Stars Engag\u00e9es La Revue Peo\u00adple de cette semaine met en lumi\u00e8re un engage\u00adment crois\u00adsant et n\u00e9ces\u00adsaire\u2026 <\/p>\n","protected":false},"author":1,"featured_media":27702,"comment_status":"open","ping_status":"closed","sticky":false,"template":"","format":"standard","meta":{"wp_typography_post_enhancements_disabled":false,"footnotes":""},"categories":[73],"tags":[20526,20530,20527,20529,20525,20528,20532,20531],"class_list":["post-27701","post","type-post","status-publish","format-standard","has-post-thumbnail","hentry","category-on-en-parle","tag-crise-du-logement","tag-logement-durgence","tag-markus-v-rhee","tag-philanthropie-celebrites","tag-precarite-urbaine","tag-sdf","tag-solidarite-urbaine","tag-stars-engagees"],"yoast_head":"<!-- This site is optimized with the Yoast SEO plugin v24.7 - https:\/\/yoast.com\/wordpress\/plugins\/seo\/ -->\n<title>Revue People et Tendance de la Semaine : Les C\u00e9l\u00e9brit\u00e9s et la Crise du Logement : Comment les Stars S&#039;Engagent Face \u00e0 l&#039;Augmentation de la Pr\u00e9carit\u00e9 Urbaine et des SDF - Bobea<\/title>\n<meta name=\"robots\" content=\"index, follow, max-snippet:-1, max-image-preview:large, max-video-preview:-1\" \/>\n<link rel=\"canonical\" href=\"https:\/\/bobea.net\/index.php\/2025\/12\/14\/revue-people-et-tendance-de-la-semaine-les-celebrites-et-la-crise-du-logement-comment-les-stars-sengagent-face-a-laugmentation-de-la-precarite-urbaine-et-des-sdf\/\" \/>\n<meta property=\"og:locale\" content=\"fr_FR\" \/>\n<meta property=\"og:type\" content=\"article\" \/>\n<meta property=\"og:title\" content=\"Revue People et Tendance de la Semaine : Les C\u00e9l\u00e9brit\u00e9s et la Crise du Logement : Comment les Stars S&#039;Engagent Face \u00e0 l&#039;Augmentation de la Pr\u00e9carit\u00e9 Urbaine et des SDF - Bobea\" \/>\n<meta property=\"og:description\" content=\"Date : 15 d\u00e9cem\u00adbre 2025 | Par bobea.net | Soci\u00e9t\u00e9, Phil\u00adan\u00adthropie, Crise du Loge\u00adment, Stars Engag\u00e9es La Revue Peo\u00adple de cette semaine met en lumi\u00e8re un engage\u00adment crois\u00adsant et n\u00e9ces\u00adsaire&hellip;\" \/>\n<meta property=\"og:url\" content=\"https:\/\/bobea.net\/index.php\/2025\/12\/14\/revue-people-et-tendance-de-la-semaine-les-celebrites-et-la-crise-du-logement-comment-les-stars-sengagent-face-a-laugmentation-de-la-precarite-urbaine-et-des-sdf\/\" \/>\n<meta property=\"og:site_name\" content=\"Bobea\" \/>\n<meta property=\"article:publisher\" content=\"https:\/\/web.facebook.com\/profile.php?id=61559252188416\" \/>\n<meta property=\"article:published_time\" content=\"2025-12-14T12:28:55+00:00\" \/>\n<meta property=\"article:modified_time\" content=\"2025-12-14T12:29:00+00:00\" \/>\n<meta property=\"og:image\" content=\"https:\/\/bobea.net\/wp-content\/uploads\/2025\/12\/cq5dam.thumbnail.cropped.500.281.jpeg\" \/>\n\t<meta property=\"og:image:width\" content=\"500\" \/>\n\t<meta property=\"og:image:height\" content=\"281\" \/>\n\t<meta property=\"og:image:type\" content=\"image\/jpeg\" \/>\n<meta name=\"author\" content=\"bobea.info\" \/>\n<meta name=\"twitter:card\" content=\"summary_large_image\" \/>\n<meta name=\"twitter:label1\" content=\"\u00c9crit par\" \/>\n\t<meta name=\"twitter:data1\" content=\"bobea.info\" \/>\n\t<meta name=\"twitter:label2\" content=\"Dur\u00e9e de lecture estim\u00e9e\" \/>\n\t<meta name=\"twitter:data2\" content=\"3 minutes\" \/>\n<script type=\"application\/ld+json\" class=\"yoast-schema-graph\">{\"@context\":\"https:\/\/schema.org\",\"@graph\":[{\"@type\":\"Article\",\"@id\":\"https:\/\/bobea.net\/index.php\/2025\/12\/14\/revue-people-et-tendance-de-la-semaine-les-celebrites-et-la-crise-du-logement-comment-les-stars-sengagent-face-a-laugmentation-de-la-precarite-urbaine-et-des-sdf\/#article\",\"isPartOf\":{\"@id\":\"https:\/\/bobea.net\/index.php\/2025\/12\/14\/revue-people-et-tendance-de-la-semaine-les-celebrites-et-la-crise-du-logement-comment-les-stars-sengagent-face-a-laugmentation-de-la-precarite-urbaine-et-des-sdf\/\"},\"author\":{\"name\":\"bobea.info\",\"@id\":\"https:\/\/bobea.net\/#\/schema\/person\/e7f45ef187918d7c956bf619dce90ccf\"},\"headline\":\"Revue People et Tendance de la Semaine : Les C\u00e9l\u00e9brit\u00e9s et la Crise du Logement : Comment les Stars S\u2019Engagent Face \u00e0 l\u2019Augmentation de la Pr\u00e9carit\u00e9 Urbaine et des SDF\",\"datePublished\":\"2025-12-14T12:28:55+00:00\",\"dateModified\":\"2025-12-14T12:29:00+00:00\",\"mainEntityOfPage\":{\"@id\":\"https:\/\/bobea.net\/index.php\/2025\/12\/14\/revue-people-et-tendance-de-la-semaine-les-celebrites-et-la-crise-du-logement-comment-les-stars-sengagent-face-a-laugmentation-de-la-precarite-urbaine-et-des-sdf\/\"},\"wordCount\":392,\"commentCount\":0,\"publisher\":{\"@id\":\"https:\/\/bobea.net\/#organization\"},\"image\":{\"@id\":\"https:\/\/bobea.net\/index.php\/2025\/12\/14\/revue-people-et-tendance-de-la-semaine-les-celebrites-et-la-crise-du-logement-comment-les-stars-sengagent-face-a-laugmentation-de-la-precarite-urbaine-et-des-sdf\/#primaryimage\"},\"thumbnailUrl\":\"https:\/\/bobea.net\/wp-content\/uploads\/2025\/12\/cq5dam.thumbnail.cropped.500.281.jpeg\",\"keywords\":[\"Crise du Logement\",\"Logement d'Urgence\",\"Markus V. Rhee\",\"Philanthropie C\u00e9l\u00e9brit\u00e9s\",\"Pr\u00e9carit\u00e9 Urbaine\",\"SDF\",\"Solidarit\u00e9 Urbaine.\",\"Stars Engag\u00e9es\"],\"articleSection\":[\"On en Parle\"],\"inLanguage\":\"fr-FR\",\"potentialAction\":[{\"@type\":\"CommentAction\",\"name\":\"Comment\",\"target\":[\"https:\/\/bobea.net\/index.php\/2025\/12\/14\/revue-people-et-tendance-de-la-semaine-les-celebrites-et-la-crise-du-logement-comment-les-stars-sengagent-face-a-laugmentation-de-la-precarite-urbaine-et-des-sdf\/#respond\"]}]},{\"@type\":\"WebPage\",\"@id\":\"https:\/\/bobea.net\/index.php\/2025\/12\/14\/revue-people-et-tendance-de-la-semaine-les-celebrites-et-la-crise-du-logement-comment-les-stars-sengagent-face-a-laugmentation-de-la-precarite-urbaine-et-des-sdf\/\",\"url\":\"https:\/\/bobea.net\/index.php\/2025\/12\/14\/revue-people-et-tendance-de-la-semaine-les-celebrites-et-la-crise-du-logement-comment-les-stars-sengagent-face-a-laugmentation-de-la-precarite-urbaine-et-des-sdf\/\",\"name\":\"Revue People et Tendance de la Semaine : Les C\u00e9l\u00e9brit\u00e9s et la Crise du Logement : Comment les Stars S'Engagent Face \u00e0 l'Augmentation de la Pr\u00e9carit\u00e9 Urbaine et des SDF - Bobea\",\"isPartOf\":{\"@id\":\"https:\/\/bobea.net\/#website\"},\"primaryImageOfPage\":{\"@id\":\"https:\/\/bobea.net\/index.php\/2025\/12\/14\/revue-people-et-tendance-de-la-semaine-les-celebrites-et-la-crise-du-logement-comment-les-stars-sengagent-face-a-laugmentation-de-la-precarite-urbaine-et-des-sdf\/#primaryimage\"},\"image\":{\"@id\":\"https:\/\/bobea.net\/index.php\/2025\/12\/14\/revue-people-et-tendance-de-la-semaine-les-celebrites-et-la-crise-du-logement-comment-les-stars-sengagent-face-a-laugmentation-de-la-precarite-urbaine-et-des-sdf\/#primaryimage\"},\"thumbnailUrl\":\"https:\/\/bobea.net\/wp-content\/uploads\/2025\/12\/cq5dam.thumbnail.cropped.500.281.jpeg\",\"datePublished\":\"2025-12-14T12:28:55+00:00\",\"dateModified\":\"2025-12-14T12:29:00+00:00\",\"breadcrumb\":{\"@id\":\"https:\/\/bobea.net\/index.php\/2025\/12\/14\/revue-people-et-tendance-de-la-semaine-les-celebrites-et-la-crise-du-logement-comment-les-stars-sengagent-face-a-laugmentation-de-la-precarite-urbaine-et-des-sdf\/#breadcrumb\"},\"inLanguage\":\"fr-FR\",\"potentialAction\":[{\"@type\":\"ReadAction\",\"target\":[\"https:\/\/bobea.net\/index.php\/2025\/12\/14\/revue-people-et-tendance-de-la-semaine-les-celebrites-et-la-crise-du-logement-comment-les-stars-sengagent-face-a-laugmentation-de-la-precarite-urbaine-et-des-sdf\/\"]}]},{\"@type\":\"ImageObject\",\"inLanguage\":\"fr-FR\",\"@id\":\"https:\/\/bobea.net\/index.php\/2025\/12\/14\/revue-people-et-tendance-de-la-semaine-les-celebrites-et-la-crise-du-logement-comment-les-stars-sengagent-face-a-laugmentation-de-la-precarite-urbaine-et-des-sdf\/#primaryimage\",\"url\":\"https:\/\/bobea.net\/wp-content\/uploads\/2025\/12\/cq5dam.thumbnail.cropped.500.281.jpeg\",\"contentUrl\":\"https:\/\/bobea.net\/wp-content\/uploads\/2025\/12\/cq5dam.thumbnail.cropped.500.281.jpeg\",\"width\":500,\"height\":281},{\"@type\":\"BreadcrumbList\",\"@id\":\"https:\/\/bobea.net\/index.php\/2025\/12\/14\/revue-people-et-tendance-de-la-semaine-les-celebrites-et-la-crise-du-logement-comment-les-stars-sengagent-face-a-laugmentation-de-la-precarite-urbaine-et-des-sdf\/#breadcrumb\",\"itemListElement\":[{\"@type\":\"ListItem\",\"position\":1,\"name\":\"Accueil\",\"item\":\"https:\/\/bobea.net\/\"},{\"@type\":\"ListItem\",\"position\":2,\"name\":\"Revue People et Tendance de la Semaine : Les C\u00e9l\u00e9brit\u00e9s et la Crise du Logement : Comment les Stars S&rsquo;Engagent Face \u00e0 l&rsquo;Augmentation de la Pr\u00e9carit\u00e9 Urbaine et des SDF\"}]},{\"@type\":\"WebSite\",\"@id\":\"https:\/\/bobea.net\/#website\",\"url\":\"https:\/\/bobea.net\/\",\"name\":\"Bobea\",\"description\":\"Le magazine de la nouvelle \u00c8ve\",\"publisher\":{\"@id\":\"https:\/\/bobea.net\/#organization\"},\"potentialAction\":[{\"@type\":\"SearchAction\",\"target\":{\"@type\":\"EntryPoint\",\"urlTemplate\":\"https:\/\/bobea.net\/?s={search_term_string}\"},\"query-input\":{\"@type\":\"PropertyValueSpecification\",\"valueRequired\":true,\"valueName\":\"search_term_string\"}}],\"inLanguage\":\"fr-FR\"},{\"@type\":\"Organization\",\"@id\":\"https:\/\/bobea.net\/#organization\",\"name\":\"Bobea\",\"url\":\"https:\/\/bobea.net\/\",\"logo\":{\"@type\":\"ImageObject\",\"inLanguage\":\"fr-FR\",\"@id\":\"https:\/\/bobea.net\/#\/schema\/logo\/image\/\",\"url\":\"https:\/\/bobea.net\/wp-content\/uploads\/2024\/06\/bobea.jpg\",\"contentUrl\":\"https:\/\/bobea.net\/wp-content\/uploads\/2024\/06\/bobea.jpg\",\"width\":1080,\"height\":1080,\"caption\":\"Bobea\"},\"image\":{\"@id\":\"https:\/\/bobea.net\/#\/schema\/logo\/image\/\"},\"sameAs\":[\"https:\/\/web.facebook.com\/profile.php?id=61559252188416\"]},{\"@type\":\"Person\",\"@id\":\"https:\/\/bobea.net\/#\/schema\/person\/e7f45ef187918d7c956bf619dce90ccf\",\"name\":\"bobea.info\",\"image\":{\"@type\":\"ImageObject\",\"inLanguage\":\"fr-FR\",\"@id\":\"https:\/\/bobea.net\/#\/schema\/person\/image\/\",\"url\":\"https:\/\/secure.gravatar.com\/avatar\/36147980349df887ae30808df3e29474?s=96&d=mm&r=g\",\"contentUrl\":\"https:\/\/secure.gravatar.com\/avatar\/36147980349df887ae30808df3e29474?s=96&d=mm&r=g\",\"caption\":\"bobea.info\"},\"sameAs\":[\"https:\/\/bobea.net\"],\"url\":\"https:\/\/bobea.net\/index.php\/author\/bobea-info\/\"}]}<\/script>\n<!-- \/ Yoast SEO plugin. -->","yoast_head_json":{"title":"Revue People et Tendance de la Semaine : Les C\u00e9l\u00e9brit\u00e9s et la Crise du Logement : Comment les Stars S'Engagent Face \u00e0 l'Augmentation de la Pr\u00e9carit\u00e9 Urbaine et des SDF - Bobea","robots":{"index":"index","follow":"follow","max-snippet":"max-snippet:-1","max-image-preview":"max-image-preview:large","max-video-preview":"max-video-preview:-1"},"canonical":"https:\/\/bobea.net\/index.php\/2025\/12\/14\/revue-people-et-tendance-de-la-semaine-les-celebrites-et-la-crise-du-logement-comment-les-stars-sengagent-face-a-laugmentation-de-la-precarite-urbaine-et-des-sdf\/","og_locale":"fr_FR","og_type":"article","og_title":"Revue People et Tendance de la Semaine : Les C\u00e9l\u00e9brit\u00e9s et la Crise du Logement : Comment les Stars S'Engagent Face \u00e0 l'Augmentation de la Pr\u00e9carit\u00e9 Urbaine et des SDF - Bobea","og_description":"Date : 15 d\u00e9cem\u00adbre 2025 | Par bobea.net | Soci\u00e9t\u00e9, Phil\u00adan\u00adthropie, Crise du Loge\u00adment, Stars Engag\u00e9es La Revue Peo\u00adple de cette semaine met en lumi\u00e8re un engage\u00adment crois\u00adsant et n\u00e9ces\u00adsaire&hellip;","og_url":"https:\/\/bobea.net\/index.php\/2025\/12\/14\/revue-people-et-tendance-de-la-semaine-les-celebrites-et-la-crise-du-logement-comment-les-stars-sengagent-face-a-laugmentation-de-la-precarite-urbaine-et-des-sdf\/","og_site_name":"Bobea","article_publisher":"https:\/\/web.facebook.com\/profile.php?id=61559252188416","article_published_time":"2025-12-14T12:28:55+00:00","article_modified_time":"2025-12-14T12:29:00+00:00","og_image":[{"width":500,"height":281,"url":"https:\/\/bobea.net\/wp-content\/uploads\/2025\/12\/cq5dam.thumbnail.cropped.500.281.jpeg","type":"image\/jpeg"}],"author":"bobea.info","twitter_card":"summary_large_image","twitter_misc":{"\u00c9crit par":"bobea.info","Dur\u00e9e de lecture estim\u00e9e":"3 minutes"},"schema":{"@context":"https:\/\/schema.org","@graph":[{"@type":"Article","@id":"https:\/\/bobea.net\/index.php\/2025\/12\/14\/revue-people-et-tendance-de-la-semaine-les-celebrites-et-la-crise-du-logement-comment-les-stars-sengagent-face-a-laugmentation-de-la-precarite-urbaine-et-des-sdf\/#article","isPartOf":{"@id":"https:\/\/bobea.net\/index.php\/2025\/12\/14\/revue-people-et-tendance-de-la-semaine-les-celebrites-et-la-crise-du-logement-comment-les-stars-sengagent-face-a-laugmentation-de-la-precarite-urbaine-et-des-sdf\/"},"author":{"name":"bobea.info","@id":"https:\/\/bobea.net\/#\/schema\/person\/e7f45ef187918d7c956bf619dce90ccf"},"headline":"Revue People et Tendance de la Semaine : Les C\u00e9l\u00e9brit\u00e9s et la Crise du Logement : Comment les Stars S\u2019Engagent Face \u00e0 l\u2019Augmentation de la Pr\u00e9carit\u00e9 Urbaine et des SDF","datePublished":"2025-12-14T12:28:55+00:00","dateModified":"2025-12-14T12:29:00+00:00","mainEntityOfPage":{"@id":"https:\/\/bobea.net\/index.php\/2025\/12\/14\/revue-people-et-tendance-de-la-semaine-les-celebrites-et-la-crise-du-logement-comment-les-stars-sengagent-face-a-laugmentation-de-la-precarite-urbaine-et-des-sdf\/"},"wordCount":392,"commentCount":0,"publisher":{"@id":"https:\/\/bobea.net\/#organization"},"image":{"@id":"https:\/\/bobea.net\/index.php\/2025\/12\/14\/revue-people-et-tendance-de-la-semaine-les-celebrites-et-la-crise-du-logement-comment-les-stars-sengagent-face-a-laugmentation-de-la-precarite-urbaine-et-des-sdf\/#primaryimage"},"thumbnailUrl":"https:\/\/bobea.net\/wp-content\/uploads\/2025\/12\/cq5dam.thumbnail.cropped.500.281.jpeg","keywords":["Crise du Logement","Logement d'Urgence","Markus V. Rhee","Philanthropie C\u00e9l\u00e9brit\u00e9s","Pr\u00e9carit\u00e9 Urbaine","SDF","Solidarit\u00e9 Urbaine.","Stars Engag\u00e9es"],"articleSection":["On en Parle"],"inLanguage":"fr-FR","potentialAction":[{"@type":"CommentAction","name":"Comment","target":["https:\/\/bobea.net\/index.php\/2025\/12\/14\/revue-people-et-tendance-de-la-semaine-les-celebrites-et-la-crise-du-logement-comment-les-stars-sengagent-face-a-laugmentation-de-la-precarite-urbaine-et-des-sdf\/#respond"]}]},{"@type":"WebPage","@id":"https:\/\/bobea.net\/index.php\/2025\/12\/14\/revue-people-et-tendance-de-la-semaine-les-celebrites-et-la-crise-du-logement-comment-les-stars-sengagent-face-a-laugmentation-de-la-precarite-urbaine-et-des-sdf\/","url":"https:\/\/bobea.net\/index.php\/2025\/12\/14\/revue-people-et-tendance-de-la-semaine-les-celebrites-et-la-crise-du-logement-comment-les-stars-sengagent-face-a-laugmentation-de-la-precarite-urbaine-et-des-sdf\/","name":"Revue People et Tendance de la Semaine : Les C\u00e9l\u00e9brit\u00e9s et la Crise du Logement : Comment les Stars S'Engagent Face \u00e0 l'Augmentation de la Pr\u00e9carit\u00e9 Urbaine et des SDF - Bobea","isPartOf":{"@id":"https:\/\/bobea.net\/#website"},"primaryImageOfPage":{"@id":"https:\/\/bobea.net\/index.php\/2025\/12\/14\/revue-people-et-tendance-de-la-semaine-les-celebrites-et-la-crise-du-logement-comment-les-stars-sengagent-face-a-laugmentation-de-la-precarite-urbaine-et-des-sdf\/#primaryimage"},"image":{"@id":"https:\/\/bobea.net\/index.php\/2025\/12\/14\/revue-people-et-tendance-de-la-semaine-les-celebrites-et-la-crise-du-logement-comment-les-stars-sengagent-face-a-laugmentation-de-la-precarite-urbaine-et-des-sdf\/#primaryimage"},"thumbnailUrl":"https:\/\/bobea.net\/wp-content\/uploads\/2025\/12\/cq5dam.thumbnail.cropped.500.281.jpeg","datePublished":"2025-12-14T12:28:55+00:00","dateModified":"2025-12-14T12:29:00+00:00","breadcrumb":{"@id":"https:\/\/bobea.net\/index.php\/2025\/12\/14\/revue-people-et-tendance-de-la-semaine-les-celebrites-et-la-crise-du-logement-comment-les-stars-sengagent-face-a-laugmentation-de-la-precarite-urbaine-et-des-sdf\/#breadcrumb"},"inLanguage":"fr-FR","potentialAction":[{"@type":"ReadAction","target":["https:\/\/bobea.net\/index.php\/2025\/12\/14\/revue-people-et-tendance-de-la-semaine-les-celebrites-et-la-crise-du-logement-comment-les-stars-sengagent-face-a-laugmentation-de-la-precarite-urbaine-et-des-sdf\/"]}]},{"@type":"ImageObject","inLanguage":"fr-FR","@id":"https:\/\/bobea.net\/index.php\/2025\/12\/14\/revue-people-et-tendance-de-la-semaine-les-celebrites-et-la-crise-du-logement-comment-les-stars-sengagent-face-a-laugmentation-de-la-precarite-urbaine-et-des-sdf\/#primaryimage","url":"https:\/\/bobea.net\/wp-content\/uploads\/2025\/12\/cq5dam.thumbnail.cropped.500.281.jpeg","contentUrl":"https:\/\/bobea.net\/wp-content\/uploads\/2025\/12\/cq5dam.thumbnail.cropped.500.281.jpeg","width":500,"height":281},{"@type":"BreadcrumbList","@id":"https:\/\/bobea.net\/index.php\/2025\/12\/14\/revue-people-et-tendance-de-la-semaine-les-celebrites-et-la-crise-du-logement-comment-les-stars-sengagent-face-a-laugmentation-de-la-precarite-urbaine-et-des-sdf\/#breadcrumb","itemListElement":[{"@type":"ListItem","position":1,"name":"Accueil","item":"https:\/\/bobea.net\/"},{"@type":"ListItem","position":2,"name":"Revue People et Tendance de la Semaine : Les C\u00e9l\u00e9brit\u00e9s et la Crise du Logement : Comment les Stars S&rsquo;Engagent Face \u00e0 l&rsquo;Augmentation de la Pr\u00e9carit\u00e9 Urbaine et des SDF"}]},{"@type":"WebSite","@id":"https:\/\/bobea.net\/#website","url":"https:\/\/bobea.net\/","name":"Bobea","description":"Le magazine de la nouvelle \u00c8ve","publisher":{"@id":"https:\/\/bobea.net\/#organization"},"potentialAction":[{"@type":"SearchAction","target":{"@type":"EntryPoint","urlTemplate":"https:\/\/bobea.net\/?s={search_term_string}"},"query-input":{"@type":"PropertyValueSpecification","valueRequired":true,"valueName":"search_term_string"}}],"inLanguage":"fr-FR"},{"@type":"Organization","@id":"https:\/\/bobea.net\/#organization","name":"Bobea","url":"https:\/\/bobea.net\/","logo":{"@type":"ImageObject","inLanguage":"fr-FR","@id":"https:\/\/bobea.net\/#\/schema\/logo\/image\/","url":"https:\/\/bobea.net\/wp-content\/uploads\/2024\/06\/bobea.jpg","contentUrl":"https:\/\/bobea.net\/wp-content\/uploads\/2024\/06\/bobea.jpg","width":1080,"height":1080,"caption":"Bobea"},"image":{"@id":"https:\/\/bobea.net\/#\/schema\/logo\/image\/"},"sameAs":["https:\/\/web.facebook.com\/profile.php?id=61559252188416"]},{"@type":"Person","@id":"https:\/\/bobea.net\/#\/schema\/person\/e7f45ef187918d7c956bf619dce90ccf","name":"bobea.info","image":{"@type":"ImageObject","inLanguage":"fr-FR","@id":"https:\/\/bobea.net\/#\/schema\/person\/image\/","url":"https:\/\/secure.gravatar.com\/avatar\/36147980349df887ae30808df3e29474?s=96&d=mm&r=g","contentUrl":"https:\/\/secure.gravatar.com\/avatar\/36147980349df887ae30808df3e29474?s=96&d=mm&r=g","caption":"bobea.info"},"sameAs":["https:\/\/bobea.net"],"url":"https:\/\/bobea.net\/index.php\/author\/bobea-info\/"}]}},"_links":{"self":[{"href":"https:\/\/bobea.net\/index.php\/wp-json\/wp\/v2\/posts\/27701"}],"collection":[{"href":"https:\/\/bobea.net\/index.php\/wp-json\/wp\/v2\/posts"}],"about":[{"href":"https:\/\/bobea.net\/index.php\/wp-json\/wp\/v2\/types\/post"}],"author":[{"embeddable":true,"href":"https:\/\/bobea.net\/index.php\/wp-json\/wp\/v2\/users\/1"}],"replies":[{"embeddable":true,"href":"https:\/\/bobea.net\/index.php\/wp-json\/wp\/v2\/comments?post=27701"}],"version-history":[{"count":1,"href":"https:\/\/bobea.net\/index.php\/wp-json\/wp\/v2\/posts\/27701\/revisions"}],"predecessor-version":[{"id":27704,"href":"https:\/\/bobea.net\/index.php\/wp-json\/wp\/v2\/posts\/27701\/revisions\/27704"}],"wp:featuredmedia":[{"embeddable":true,"href":"https:\/\/bobea.net\/index.php\/wp-json\/wp\/v2\/media\/27702"}],"wp:attachment":[{"href":"https:\/\/bobea.net\/index.php\/wp-json\/wp\/v2\/media?parent=27701"}],"wp:term":[{"taxonomy":"category","embeddable":true,"href":"https:\/\/bobea.net\/index.php\/wp-json\/wp\/v2\/categories?post=27701"},{"taxonomy":"post_tag","embeddable":true,"href":"https:\/\/bobea.net\/index.php\/wp-json\/wp\/v2\/tags?post=27701"}],"curies":[{"name":"wp","href":"https:\/\/api.w.org\/{rel}","templated":true}]}}