{"id":27688,"date":"2025-12-14T11:55:12","date_gmt":"2025-12-14T11:55:12","guid":{"rendered":"https:\/\/bobea.net\/?p=27688"},"modified":"2025-12-14T11:55:15","modified_gmt":"2025-12-14T11:55:15","slug":"le-drame-de-la-delinquance-en-france-le-laxisme-contre-la-delinquance-en-france-analyse-de-la-montee-de-la-criminalite-juvenile-et-lechec-de-la-politique-penale","status":"publish","type":"post","link":"https:\/\/bobea.net\/index.php\/2025\/12\/14\/le-drame-de-la-delinquance-en-france-le-laxisme-contre-la-delinquance-en-france-analyse-de-la-montee-de-la-criminalite-juvenile-et-lechec-de-la-politique-penale\/","title":{"rendered":"Le Drame de la D\u00e9linquance en France : Le Laxisme Contre la D\u00e9linquance en France : Analyse de la Mont\u00e9e de la Criminalit\u00e9 Juv\u00e9nile et l\u2019\u00c9chec de la Politique P\u00e9nale"},"content":{"rendered":"\n<p><strong>Date : 15 d\u00e9cem\u00adbre 2025<\/strong> | Par bobea.net | <strong>Dossier Poli\u00adtique, Jus\u00adtice, D\u00e9lin\u00adquance Juv\u00e9nile, S\u00e9cu\u00adrit\u00e9<\/strong><\/p>\n\n\n\n<p>Le dossier sur la <strong>d\u00e9lin\u00adquance en France<\/strong> est un sujet d\u2019une grav\u00adit\u00e9 alar\u00admante qui fait l\u2019ob\u00adjet d\u2019un d\u00e9bat poli\u00adtique et social con\u00adstant. De nom\u00adbreuses voix s\u2019\u00e9l\u00e8vent pour d\u00e9non\u00adcer ce qu\u2019elles per\u00e7oivent comme un <strong>lax\u00adisme<\/strong> sys\u00adt\u00e9mique de la jus\u00adtice face \u00e0 la mon\u00adt\u00e9e de la <strong>crim\u00adi\u00adnal\u00adit\u00e9 juv\u00e9nile<\/strong> et des actes de <strong>vio\u00adlence<\/strong> de plus en plus graves.<\/p>\n\n\n\n<p><strong>La Crim\u00adi\u00adnal\u00adit\u00e9 Juv\u00e9nile : Symp\u00adt\u00f4me d\u2019un \u00c9chec Social<\/strong><\/p>\n\n\n\n<p>Le ph\u00e9nom\u00e8ne n\u2019est pas unique\u00adment s\u00e9cu\u00adri\u00adtaire, mais est un symp\u00adt\u00f4me de l\u2019\u00e9chec de la <strong>Poli\u00adtique P\u00e9nale<\/strong> et sociale. L\u2019aug\u00admen\u00adta\u00adtion de la <strong>Pau\u00advret\u00e9 des Jeunes en France<\/strong> (comme abor\u00add\u00e9 dans l\u2019Ar\u00adti\u00adcle 10) cr\u00e9e un ter\u00adrain prop\u00adice. Des enfants et ado\u00adles\u00adcents issus de milieux d\u00e9fa\u00advoris\u00e9s, sans per\u00adspec\u00adtives d\u2019emploi ni de for\u00adma\u00adtion, devi\u00aden\u00adnent des proies faciles pour les <strong>mafias du traf\u00adic de drogue<\/strong> et les r\u00e9seaux crim\u00adinels. Le cas de <strong>Tom\u00adTom<\/strong> dans la saga <em>Bily Coby<\/em>, bien que fic\u00adtif, refl\u00e8te cette r\u00e9al\u00adit\u00e9 : un ado\u00adles\u00adcent en crise, attir\u00e9 par l\u2019ar\u00adgent facile et les magouilles, qui finit par \u00eatre un pion involon\u00adtaire dans un jeu poli\u00adtique plus vaste.<\/p>\n\n\n\n<p><strong>La Sen\u00adsa\u00adtion de l\u2019Im\u00adpunit\u00e9 : La Cri\u00adtique du \u201cLax\u00adisme\u201d<\/strong><\/p>\n\n\n\n<p>Le sen\u00adti\u00adment d\u2019<strong>impunit\u00e9<\/strong> est la prin\u00adci\u00adpale cri\u00adtique adress\u00e9e au sys\u00adt\u00e8me. Beau\u00adcoup esti\u00adment que la r\u00e9ponse de la jus\u00adtice est trop lente ou trop cl\u00e9\u00admente face aux r\u00e9cidi\u00advistes et aux auteurs d\u2019actes vio\u00adlents. Les peines planch\u00aders ont \u00e9t\u00e9 assou\u00adplies, les alter\u00adna\u00adtives \u00e0 l\u2019in\u00adcar\u00adc\u00e9ra\u00adtion sont priv\u00adil\u00e9gi\u00e9es, mais, pour une par\u00adtie de l\u2019opin\u00adion et des forces de l\u2019or\u00addre, ces mesures sont per\u00e7ues comme un sig\u00adnal de faib\u00adlesse.<\/p>\n\n\n\n<p>L\u2019une des ques\u00adtions cen\u00adtrales est l\u2019ap\u00adpli\u00adca\u00adtion du <strong>Droit des Mineurs<\/strong>. Si la pro\u00adtec\u00adtion de l\u2019en\u00adfance est pri\u00admor\u00addiale, l\u2019\u00e9quili\u00adbre entre la r\u00e9\u00e9\u00add\u00adu\u00adca\u00adtion et la sanc\u00adtion sem\u00adble rompu. Des appels sont lanc\u00e9s pour un abaisse\u00adment de l\u2019\u00e2ge de la respon\u00ads\u00adabil\u00adit\u00e9 p\u00e9nale ou une aug\u00admen\u00adta\u00adtion des moyens pour les Cen\u00adtres \u00c9du\u00adcat\u00adifs Fer\u00adm\u00e9s (CEF). Les pro\u00adfes\u00adsion\u00adnels de la jus\u00adtice, eux, met\u00adtent en avant le manque de moyens : manque de juges, sat\u00adu\u00adra\u00adtion des ser\u00advices de pro\u00adtec\u00adtion de l\u2019en\u00adfance et des \u00e9du\u00adca\u00adteurs. Le prob\u00adl\u00e8me n\u2019est pas for\u00adc\u00e9\u00adment la loi, mais l\u2019ab\u00adsence d\u2019une r\u00e9ponse rapi\u00adde et adap\u00adt\u00e9e \u00e0 la grav\u00adit\u00e9 des faits.<\/p>\n\n\n\n<figure class=\"wp-block-image size-full is-resized\"><img loading=\"lazy\" decoding=\"async\" width=\"729\" height=\"486\" src=\"https:\/\/bobea.net\/wp-content\/uploads\/2025\/12\/image-93.png\" alt class=\"wp-image-27691\" style=\"width:840px;height:auto\" srcset=\"https:\/\/bobea.net\/wp-content\/uploads\/2025\/12\/image-93.png 729w, https:\/\/bobea.net\/wp-content\/uploads\/2025\/12\/image-93-300x200.png 300w\" sizes=\"(max-width: 729px) 100vw, 729px\"><\/figure>\n\n\n\n<p><strong>Le R\u00f4le des Dossiers Soci\u00adaux et Poli\u00adtiques<\/strong><\/p>\n\n\n\n<p>Ce dossier sur la d\u00e9lin\u00adquance ne peut \u00eatre dis\u00adso\u00adci\u00e9 d\u2019autres drames soci\u00adaux. L\u2019en\u00adfer\u00adme\u00adment de <strong>gamins<\/strong> dans des con\u00addi\u00adtions indignes \u00e0 <strong>May\u00adotte<\/strong> (l\u2019<strong>\u00cele aux Enfants Pris\u00adon\u00adniers<\/strong>, abor\u00add\u00e9e dans l\u2019Ar\u00adti\u00adcle 11) mon\u00adtre une inco\u00adh\u00e9rence fla\u00adgrante : la R\u00e9publique com\u00adbat le crime tout en n\u00e9g\u00adligeant la dig\u00adnit\u00e9 de cer\u00adtains mineurs sur son pro\u00adpre ter\u00adri\u00adtoire.<\/p>\n\n\n\n<p>Le com\u00adbat pour la <strong>dig\u00adnit\u00e9<\/strong> et les <strong>droits de l\u2019homme<\/strong>, men\u00e9 par des fig\u00adures comme <strong>Chris\u00adt\u00adian Sab\u00adba Wil\u00adson<\/strong> et la <strong>LIGUE DES FEMMES<\/strong>, ne vise pas seule\u00adment l\u2019\u00e9\u00adtranger, mais aus\u00adsi les failles internes de la France. L\u2019ab\u00adsence de <strong>poli\u00adtique de cou\u00adveuse<\/strong> effi\u00adcace (investisse\u00adment dans l\u2019\u00e9\u00add\u00adu\u00adca\u00adtion et l\u2019en\u00adcadrement d\u00e8s le plus jeune \u00e2ge) pour les quartiers sen\u00adsi\u00adbles est l\u2019une des caus\u00ades pro\u00adfondes de cette crise.<\/p>\n\n\n\n<p><strong>Con\u00adclu\u00adsion : R\u00e9c\u00adon\u00adcili\u00ader Sanc\u00adtion et Pr\u00e9ven\u00adtion<\/strong><\/p>\n\n\n\n<p>Pour met\u00adtre fin au drame de la d\u00e9lin\u00adquance, une approche glob\u00adale est n\u00e9ces\u00adsaire. Il faut, d\u2019une part, une r\u00e9ponse p\u00e9nale qui ne tol\u00e8re pas l\u2019im\u00adpunit\u00e9, notam\u00adment pour les crimes graves. Mais, d\u2019autre part, il est imp\u00e9ratif d\u2019in\u00adve\u00adstir mas\u00adsive\u00adment dans la <strong>pr\u00e9ven\u00adtion<\/strong> et l\u2019<strong>int\u00e9\u00adgra\u00adtion<\/strong>. L\u2019\u00c9\u00adtat doit offrir une alter\u00adna\u00adtive plus s\u00e9duisante et plus solide que celle pro\u00adpos\u00e9e par les r\u00e9seaux crim\u00adinels aux jeunes en dif\u00adfi\u00adcult\u00e9. Sans cette action con\u00adjugu\u00e9e, le cycle de la pau\u00advret\u00e9, de la d\u00e9lin\u00adquance et de l\u2019in\u00adcar\u00adc\u00e9ra\u00adtion (sou\u00advent trop tar\u00addive et inadap\u00adt\u00e9e) ne fera que s\u2019am\u00adpli\u00adfi\u00ader. Le d\u00e9bat reste ouvert : com\u00adment la France peut-elle con\u00adcili\u00ader human\u00adisme et fer\u00admet\u00e9 ?<\/p>\n","protected":false},"excerpt":{"rendered":"<p>Date : 15 d\u00e9cem\u00adbre 2025 | Par bobea.net | Dossier Poli\u00adtique, Jus\u00adtice, D\u00e9lin\u00adquance Juv\u00e9nile, S\u00e9cu\u00adrit\u00e9 Le dossier sur la d\u00e9lin\u00adquance en France est un sujet d\u2019une grav\u00adit\u00e9 alar\u00admante qui fait\u2026 <\/p>\n","protected":false},"author":1,"featured_media":27689,"comment_status":"open","ping_status":"closed","sticky":false,"template":"","format":"standard","meta":{"wp_typography_post_enhancements_disabled":false,"footnotes":""},"categories":[73],"tags":[20505,20510,20508,20507,20511,20506,20513,20509,20512],"class_list":["post-27688","post","type-post","status-publish","format-standard","has-post-thumbnail","hentry","category-on-en-parle","tag-criminalite-juvenile","tag-droit-des-mineurs","tag-impunite-delinquance","tag-laxisme-delinquance-france","tag-pauvrete-jeunes","tag-politique-penale","tag-securite-nationale-2","tag-trafic-de-drogue-marseille","tag-violence-france"],"yoast_head":"<!-- This site is optimized with the Yoast SEO plugin v24.7 - https:\/\/yoast.com\/wordpress\/plugins\/seo\/ -->\n<title>Le Drame de la D\u00e9linquance en France : Le Laxisme Contre la D\u00e9linquance en France : Analyse de la Mont\u00e9e de la Criminalit\u00e9 Juv\u00e9nile et l&#039;\u00c9chec de la Politique P\u00e9nale - Bobea<\/title>\n<meta name=\"robots\" content=\"index, follow, max-snippet:-1, max-image-preview:large, max-video-preview:-1\" \/>\n<link rel=\"canonical\" href=\"https:\/\/bobea.net\/index.php\/2025\/12\/14\/le-drame-de-la-delinquance-en-france-le-laxisme-contre-la-delinquance-en-france-analyse-de-la-montee-de-la-criminalite-juvenile-et-lechec-de-la-politique-penale\/\" \/>\n<meta property=\"og:locale\" content=\"fr_FR\" \/>\n<meta property=\"og:type\" content=\"article\" \/>\n<meta property=\"og:title\" content=\"Le Drame de la D\u00e9linquance en France : Le Laxisme Contre la D\u00e9linquance en France : Analyse de la Mont\u00e9e de la Criminalit\u00e9 Juv\u00e9nile et l&#039;\u00c9chec de la Politique P\u00e9nale - Bobea\" \/>\n<meta property=\"og:description\" content=\"Date : 15 d\u00e9cem\u00adbre 2025 | Par bobea.net | Dossier Poli\u00adtique, Jus\u00adtice, D\u00e9lin\u00adquance Juv\u00e9nile, S\u00e9cu\u00adrit\u00e9 Le dossier sur la d\u00e9lin\u00adquance en France est un sujet d\u2019une grav\u00adit\u00e9 alar\u00admante qui fait&hellip;\" \/>\n<meta property=\"og:url\" content=\"https:\/\/bobea.net\/index.php\/2025\/12\/14\/le-drame-de-la-delinquance-en-france-le-laxisme-contre-la-delinquance-en-france-analyse-de-la-montee-de-la-criminalite-juvenile-et-lechec-de-la-politique-penale\/\" \/>\n<meta property=\"og:site_name\" content=\"Bobea\" \/>\n<meta property=\"article:publisher\" content=\"https:\/\/web.facebook.com\/profile.php?id=61559252188416\" \/>\n<meta property=\"article:published_time\" content=\"2025-12-14T11:55:12+00:00\" \/>\n<meta property=\"article:modified_time\" content=\"2025-12-14T11:55:15+00:00\" \/>\n<meta property=\"og:image\" content=\"https:\/\/bobea.net\/wp-content\/uploads\/2025\/12\/shutterstock_35037481.jpg\" \/>\n\t<meta property=\"og:image:width\" content=\"598\" \/>\n\t<meta property=\"og:image:height\" content=\"366\" \/>\n\t<meta property=\"og:image:type\" content=\"image\/jpeg\" \/>\n<meta name=\"author\" content=\"bobea.info\" \/>\n<meta name=\"twitter:card\" content=\"summary_large_image\" \/>\n<meta name=\"twitter:label1\" content=\"\u00c9crit par\" \/>\n\t<meta name=\"twitter:data1\" content=\"bobea.info\" \/>\n\t<meta name=\"twitter:label2\" content=\"Dur\u00e9e de lecture estim\u00e9e\" \/>\n\t<meta name=\"twitter:data2\" content=\"4 minutes\" \/>\n<script type=\"application\/ld+json\" class=\"yoast-schema-graph\">{\"@context\":\"https:\/\/schema.org\",\"@graph\":[{\"@type\":\"Article\",\"@id\":\"https:\/\/bobea.net\/index.php\/2025\/12\/14\/le-drame-de-la-delinquance-en-france-le-laxisme-contre-la-delinquance-en-france-analyse-de-la-montee-de-la-criminalite-juvenile-et-lechec-de-la-politique-penale\/#article\",\"isPartOf\":{\"@id\":\"https:\/\/bobea.net\/index.php\/2025\/12\/14\/le-drame-de-la-delinquance-en-france-le-laxisme-contre-la-delinquance-en-france-analyse-de-la-montee-de-la-criminalite-juvenile-et-lechec-de-la-politique-penale\/\"},\"author\":{\"name\":\"bobea.info\",\"@id\":\"https:\/\/bobea.net\/#\/schema\/person\/e7f45ef187918d7c956bf619dce90ccf\"},\"headline\":\"Le Drame de la D\u00e9linquance en France : Le Laxisme Contre la D\u00e9linquance en France : Analyse de la Mont\u00e9e de la Criminalit\u00e9 Juv\u00e9nile et l\u2019\u00c9chec de la Politique P\u00e9nale\",\"datePublished\":\"2025-12-14T11:55:12+00:00\",\"dateModified\":\"2025-12-14T11:55:15+00:00\",\"mainEntityOfPage\":{\"@id\":\"https:\/\/bobea.net\/index.php\/2025\/12\/14\/le-drame-de-la-delinquance-en-france-le-laxisme-contre-la-delinquance-en-france-analyse-de-la-montee-de-la-criminalite-juvenile-et-lechec-de-la-politique-penale\/\"},\"wordCount\":710,\"commentCount\":0,\"publisher\":{\"@id\":\"https:\/\/bobea.net\/#organization\"},\"image\":{\"@id\":\"https:\/\/bobea.net\/index.php\/2025\/12\/14\/le-drame-de-la-delinquance-en-france-le-laxisme-contre-la-delinquance-en-france-analyse-de-la-montee-de-la-criminalite-juvenile-et-lechec-de-la-politique-penale\/#primaryimage\"},\"thumbnailUrl\":\"https:\/\/bobea.net\/wp-content\/uploads\/2025\/12\/shutterstock_35037481.jpg\",\"keywords\":[\"Criminalit\u00e9 Juv\u00e9nile\",\"Droit des Mineurs\",\"Impunit\u00e9 D\u00e9linquance\",\"Laxisme D\u00e9linquance France\",\"Pauvret\u00e9 Jeunes\",\"Politique P\u00e9nale\",\"S\u00e9curit\u00e9 Nationale.\",\"Trafic de Drogue Marseille\",\"Violence France\"],\"articleSection\":[\"On en Parle\"],\"inLanguage\":\"fr-FR\",\"potentialAction\":[{\"@type\":\"CommentAction\",\"name\":\"Comment\",\"target\":[\"https:\/\/bobea.net\/index.php\/2025\/12\/14\/le-drame-de-la-delinquance-en-france-le-laxisme-contre-la-delinquance-en-france-analyse-de-la-montee-de-la-criminalite-juvenile-et-lechec-de-la-politique-penale\/#respond\"]}]},{\"@type\":\"WebPage\",\"@id\":\"https:\/\/bobea.net\/index.php\/2025\/12\/14\/le-drame-de-la-delinquance-en-france-le-laxisme-contre-la-delinquance-en-france-analyse-de-la-montee-de-la-criminalite-juvenile-et-lechec-de-la-politique-penale\/\",\"url\":\"https:\/\/bobea.net\/index.php\/2025\/12\/14\/le-drame-de-la-delinquance-en-france-le-laxisme-contre-la-delinquance-en-france-analyse-de-la-montee-de-la-criminalite-juvenile-et-lechec-de-la-politique-penale\/\",\"name\":\"Le Drame de la D\u00e9linquance en France : Le Laxisme Contre la D\u00e9linquance en France : Analyse de la Mont\u00e9e de la Criminalit\u00e9 Juv\u00e9nile et l'\u00c9chec de la Politique P\u00e9nale - Bobea\",\"isPartOf\":{\"@id\":\"https:\/\/bobea.net\/#website\"},\"primaryImageOfPage\":{\"@id\":\"https:\/\/bobea.net\/index.php\/2025\/12\/14\/le-drame-de-la-delinquance-en-france-le-laxisme-contre-la-delinquance-en-france-analyse-de-la-montee-de-la-criminalite-juvenile-et-lechec-de-la-politique-penale\/#primaryimage\"},\"image\":{\"@id\":\"https:\/\/bobea.net\/index.php\/2025\/12\/14\/le-drame-de-la-delinquance-en-france-le-laxisme-contre-la-delinquance-en-france-analyse-de-la-montee-de-la-criminalite-juvenile-et-lechec-de-la-politique-penale\/#primaryimage\"},\"thumbnailUrl\":\"https:\/\/bobea.net\/wp-content\/uploads\/2025\/12\/shutterstock_35037481.jpg\",\"datePublished\":\"2025-12-14T11:55:12+00:00\",\"dateModified\":\"2025-12-14T11:55:15+00:00\",\"breadcrumb\":{\"@id\":\"https:\/\/bobea.net\/index.php\/2025\/12\/14\/le-drame-de-la-delinquance-en-france-le-laxisme-contre-la-delinquance-en-france-analyse-de-la-montee-de-la-criminalite-juvenile-et-lechec-de-la-politique-penale\/#breadcrumb\"},\"inLanguage\":\"fr-FR\",\"potentialAction\":[{\"@type\":\"ReadAction\",\"target\":[\"https:\/\/bobea.net\/index.php\/2025\/12\/14\/le-drame-de-la-delinquance-en-france-le-laxisme-contre-la-delinquance-en-france-analyse-de-la-montee-de-la-criminalite-juvenile-et-lechec-de-la-politique-penale\/\"]}]},{\"@type\":\"ImageObject\",\"inLanguage\":\"fr-FR\",\"@id\":\"https:\/\/bobea.net\/index.php\/2025\/12\/14\/le-drame-de-la-delinquance-en-france-le-laxisme-contre-la-delinquance-en-france-analyse-de-la-montee-de-la-criminalite-juvenile-et-lechec-de-la-politique-penale\/#primaryimage\",\"url\":\"https:\/\/bobea.net\/wp-content\/uploads\/2025\/12\/shutterstock_35037481.jpg\",\"contentUrl\":\"https:\/\/bobea.net\/wp-content\/uploads\/2025\/12\/shutterstock_35037481.jpg\",\"width\":598,\"height\":366,\"caption\":\"Gang Of Youths Fighting\"},{\"@type\":\"BreadcrumbList\",\"@id\":\"https:\/\/bobea.net\/index.php\/2025\/12\/14\/le-drame-de-la-delinquance-en-france-le-laxisme-contre-la-delinquance-en-france-analyse-de-la-montee-de-la-criminalite-juvenile-et-lechec-de-la-politique-penale\/#breadcrumb\",\"itemListElement\":[{\"@type\":\"ListItem\",\"position\":1,\"name\":\"Accueil\",\"item\":\"https:\/\/bobea.net\/\"},{\"@type\":\"ListItem\",\"position\":2,\"name\":\"Le Drame de la D\u00e9linquance en France : Le Laxisme Contre la D\u00e9linquance en France : Analyse de la Mont\u00e9e de la Criminalit\u00e9 Juv\u00e9nile et l&rsquo;\u00c9chec de la Politique P\u00e9nale\"}]},{\"@type\":\"WebSite\",\"@id\":\"https:\/\/bobea.net\/#website\",\"url\":\"https:\/\/bobea.net\/\",\"name\":\"Bobea\",\"description\":\"Le magazine de la nouvelle \u00c8ve\",\"publisher\":{\"@id\":\"https:\/\/bobea.net\/#organization\"},\"potentialAction\":[{\"@type\":\"SearchAction\",\"target\":{\"@type\":\"EntryPoint\",\"urlTemplate\":\"https:\/\/bobea.net\/?s={search_term_string}\"},\"query-input\":{\"@type\":\"PropertyValueSpecification\",\"valueRequired\":true,\"valueName\":\"search_term_string\"}}],\"inLanguage\":\"fr-FR\"},{\"@type\":\"Organization\",\"@id\":\"https:\/\/bobea.net\/#organization\",\"name\":\"Bobea\",\"url\":\"https:\/\/bobea.net\/\",\"logo\":{\"@type\":\"ImageObject\",\"inLanguage\":\"fr-FR\",\"@id\":\"https:\/\/bobea.net\/#\/schema\/logo\/image\/\",\"url\":\"https:\/\/bobea.net\/wp-content\/uploads\/2024\/06\/bobea.jpg\",\"contentUrl\":\"https:\/\/bobea.net\/wp-content\/uploads\/2024\/06\/bobea.jpg\",\"width\":1080,\"height\":1080,\"caption\":\"Bobea\"},\"image\":{\"@id\":\"https:\/\/bobea.net\/#\/schema\/logo\/image\/\"},\"sameAs\":[\"https:\/\/web.facebook.com\/profile.php?id=61559252188416\"]},{\"@type\":\"Person\",\"@id\":\"https:\/\/bobea.net\/#\/schema\/person\/e7f45ef187918d7c956bf619dce90ccf\",\"name\":\"bobea.info\",\"image\":{\"@type\":\"ImageObject\",\"inLanguage\":\"fr-FR\",\"@id\":\"https:\/\/bobea.net\/#\/schema\/person\/image\/\",\"url\":\"https:\/\/secure.gravatar.com\/avatar\/36147980349df887ae30808df3e29474?s=96&d=mm&r=g\",\"contentUrl\":\"https:\/\/secure.gravatar.com\/avatar\/36147980349df887ae30808df3e29474?s=96&d=mm&r=g\",\"caption\":\"bobea.info\"},\"sameAs\":[\"https:\/\/bobea.net\"],\"url\":\"https:\/\/bobea.net\/index.php\/author\/bobea-info\/\"}]}<\/script>\n<!-- \/ Yoast SEO plugin. -->","yoast_head_json":{"title":"Le Drame de la D\u00e9linquance en France : Le Laxisme Contre la D\u00e9linquance en France : Analyse de la Mont\u00e9e de la Criminalit\u00e9 Juv\u00e9nile et l'\u00c9chec de la Politique P\u00e9nale - Bobea","robots":{"index":"index","follow":"follow","max-snippet":"max-snippet:-1","max-image-preview":"max-image-preview:large","max-video-preview":"max-video-preview:-1"},"canonical":"https:\/\/bobea.net\/index.php\/2025\/12\/14\/le-drame-de-la-delinquance-en-france-le-laxisme-contre-la-delinquance-en-france-analyse-de-la-montee-de-la-criminalite-juvenile-et-lechec-de-la-politique-penale\/","og_locale":"fr_FR","og_type":"article","og_title":"Le Drame de la D\u00e9linquance en France : Le Laxisme Contre la D\u00e9linquance en France : Analyse de la Mont\u00e9e de la Criminalit\u00e9 Juv\u00e9nile et l'\u00c9chec de la Politique P\u00e9nale - Bobea","og_description":"Date : 15 d\u00e9cem\u00adbre 2025 | Par bobea.net | Dossier Poli\u00adtique, Jus\u00adtice, D\u00e9lin\u00adquance Juv\u00e9nile, S\u00e9cu\u00adrit\u00e9 Le dossier sur la d\u00e9lin\u00adquance en France est un sujet d\u2019une grav\u00adit\u00e9 alar\u00admante qui fait&hellip;","og_url":"https:\/\/bobea.net\/index.php\/2025\/12\/14\/le-drame-de-la-delinquance-en-france-le-laxisme-contre-la-delinquance-en-france-analyse-de-la-montee-de-la-criminalite-juvenile-et-lechec-de-la-politique-penale\/","og_site_name":"Bobea","article_publisher":"https:\/\/web.facebook.com\/profile.php?id=61559252188416","article_published_time":"2025-12-14T11:55:12+00:00","article_modified_time":"2025-12-14T11:55:15+00:00","og_image":[{"width":598,"height":366,"url":"https:\/\/bobea.net\/wp-content\/uploads\/2025\/12\/shutterstock_35037481.jpg","type":"image\/jpeg"}],"author":"bobea.info","twitter_card":"summary_large_image","twitter_misc":{"\u00c9crit par":"bobea.info","Dur\u00e9e de lecture estim\u00e9e":"4 minutes"},"schema":{"@context":"https:\/\/schema.org","@graph":[{"@type":"Article","@id":"https:\/\/bobea.net\/index.php\/2025\/12\/14\/le-drame-de-la-delinquance-en-france-le-laxisme-contre-la-delinquance-en-france-analyse-de-la-montee-de-la-criminalite-juvenile-et-lechec-de-la-politique-penale\/#article","isPartOf":{"@id":"https:\/\/bobea.net\/index.php\/2025\/12\/14\/le-drame-de-la-delinquance-en-france-le-laxisme-contre-la-delinquance-en-france-analyse-de-la-montee-de-la-criminalite-juvenile-et-lechec-de-la-politique-penale\/"},"author":{"name":"bobea.info","@id":"https:\/\/bobea.net\/#\/schema\/person\/e7f45ef187918d7c956bf619dce90ccf"},"headline":"Le Drame de la D\u00e9linquance en France : Le Laxisme Contre la D\u00e9linquance en France : Analyse de la Mont\u00e9e de la Criminalit\u00e9 Juv\u00e9nile et l\u2019\u00c9chec de la Politique P\u00e9nale","datePublished":"2025-12-14T11:55:12+00:00","dateModified":"2025-12-14T11:55:15+00:00","mainEntityOfPage":{"@id":"https:\/\/bobea.net\/index.php\/2025\/12\/14\/le-drame-de-la-delinquance-en-france-le-laxisme-contre-la-delinquance-en-france-analyse-de-la-montee-de-la-criminalite-juvenile-et-lechec-de-la-politique-penale\/"},"wordCount":710,"commentCount":0,"publisher":{"@id":"https:\/\/bobea.net\/#organization"},"image":{"@id":"https:\/\/bobea.net\/index.php\/2025\/12\/14\/le-drame-de-la-delinquance-en-france-le-laxisme-contre-la-delinquance-en-france-analyse-de-la-montee-de-la-criminalite-juvenile-et-lechec-de-la-politique-penale\/#primaryimage"},"thumbnailUrl":"https:\/\/bobea.net\/wp-content\/uploads\/2025\/12\/shutterstock_35037481.jpg","keywords":["Criminalit\u00e9 Juv\u00e9nile","Droit des Mineurs","Impunit\u00e9 D\u00e9linquance","Laxisme D\u00e9linquance France","Pauvret\u00e9 Jeunes","Politique P\u00e9nale","S\u00e9curit\u00e9 Nationale.","Trafic de Drogue Marseille","Violence France"],"articleSection":["On en Parle"],"inLanguage":"fr-FR","potentialAction":[{"@type":"CommentAction","name":"Comment","target":["https:\/\/bobea.net\/index.php\/2025\/12\/14\/le-drame-de-la-delinquance-en-france-le-laxisme-contre-la-delinquance-en-france-analyse-de-la-montee-de-la-criminalite-juvenile-et-lechec-de-la-politique-penale\/#respond"]}]},{"@type":"WebPage","@id":"https:\/\/bobea.net\/index.php\/2025\/12\/14\/le-drame-de-la-delinquance-en-france-le-laxisme-contre-la-delinquance-en-france-analyse-de-la-montee-de-la-criminalite-juvenile-et-lechec-de-la-politique-penale\/","url":"https:\/\/bobea.net\/index.php\/2025\/12\/14\/le-drame-de-la-delinquance-en-france-le-laxisme-contre-la-delinquance-en-france-analyse-de-la-montee-de-la-criminalite-juvenile-et-lechec-de-la-politique-penale\/","name":"Le Drame de la D\u00e9linquance en France : Le Laxisme Contre la D\u00e9linquance en France : Analyse de la Mont\u00e9e de la Criminalit\u00e9 Juv\u00e9nile et l'\u00c9chec de la Politique P\u00e9nale - Bobea","isPartOf":{"@id":"https:\/\/bobea.net\/#website"},"primaryImageOfPage":{"@id":"https:\/\/bobea.net\/index.php\/2025\/12\/14\/le-drame-de-la-delinquance-en-france-le-laxisme-contre-la-delinquance-en-france-analyse-de-la-montee-de-la-criminalite-juvenile-et-lechec-de-la-politique-penale\/#primaryimage"},"image":{"@id":"https:\/\/bobea.net\/index.php\/2025\/12\/14\/le-drame-de-la-delinquance-en-france-le-laxisme-contre-la-delinquance-en-france-analyse-de-la-montee-de-la-criminalite-juvenile-et-lechec-de-la-politique-penale\/#primaryimage"},"thumbnailUrl":"https:\/\/bobea.net\/wp-content\/uploads\/2025\/12\/shutterstock_35037481.jpg","datePublished":"2025-12-14T11:55:12+00:00","dateModified":"2025-12-14T11:55:15+00:00","breadcrumb":{"@id":"https:\/\/bobea.net\/index.php\/2025\/12\/14\/le-drame-de-la-delinquance-en-france-le-laxisme-contre-la-delinquance-en-france-analyse-de-la-montee-de-la-criminalite-juvenile-et-lechec-de-la-politique-penale\/#breadcrumb"},"inLanguage":"fr-FR","potentialAction":[{"@type":"ReadAction","target":["https:\/\/bobea.net\/index.php\/2025\/12\/14\/le-drame-de-la-delinquance-en-france-le-laxisme-contre-la-delinquance-en-france-analyse-de-la-montee-de-la-criminalite-juvenile-et-lechec-de-la-politique-penale\/"]}]},{"@type":"ImageObject","inLanguage":"fr-FR","@id":"https:\/\/bobea.net\/index.php\/2025\/12\/14\/le-drame-de-la-delinquance-en-france-le-laxisme-contre-la-delinquance-en-france-analyse-de-la-montee-de-la-criminalite-juvenile-et-lechec-de-la-politique-penale\/#primaryimage","url":"https:\/\/bobea.net\/wp-content\/uploads\/2025\/12\/shutterstock_35037481.jpg","contentUrl":"https:\/\/bobea.net\/wp-content\/uploads\/2025\/12\/shutterstock_35037481.jpg","width":598,"height":366,"caption":"Gang Of Youths Fighting"},{"@type":"BreadcrumbList","@id":"https:\/\/bobea.net\/index.php\/2025\/12\/14\/le-drame-de-la-delinquance-en-france-le-laxisme-contre-la-delinquance-en-france-analyse-de-la-montee-de-la-criminalite-juvenile-et-lechec-de-la-politique-penale\/#breadcrumb","itemListElement":[{"@type":"ListItem","position":1,"name":"Accueil","item":"https:\/\/bobea.net\/"},{"@type":"ListItem","position":2,"name":"Le Drame de la D\u00e9linquance en France : Le Laxisme Contre la D\u00e9linquance en France : Analyse de la Mont\u00e9e de la Criminalit\u00e9 Juv\u00e9nile et l&rsquo;\u00c9chec de la Politique P\u00e9nale"}]},{"@type":"WebSite","@id":"https:\/\/bobea.net\/#website","url":"https:\/\/bobea.net\/","name":"Bobea","description":"Le magazine de la nouvelle \u00c8ve","publisher":{"@id":"https:\/\/bobea.net\/#organization"},"potentialAction":[{"@type":"SearchAction","target":{"@type":"EntryPoint","urlTemplate":"https:\/\/bobea.net\/?s={search_term_string}"},"query-input":{"@type":"PropertyValueSpecification","valueRequired":true,"valueName":"search_term_string"}}],"inLanguage":"fr-FR"},{"@type":"Organization","@id":"https:\/\/bobea.net\/#organization","name":"Bobea","url":"https:\/\/bobea.net\/","logo":{"@type":"ImageObject","inLanguage":"fr-FR","@id":"https:\/\/bobea.net\/#\/schema\/logo\/image\/","url":"https:\/\/bobea.net\/wp-content\/uploads\/2024\/06\/bobea.jpg","contentUrl":"https:\/\/bobea.net\/wp-content\/uploads\/2024\/06\/bobea.jpg","width":1080,"height":1080,"caption":"Bobea"},"image":{"@id":"https:\/\/bobea.net\/#\/schema\/logo\/image\/"},"sameAs":["https:\/\/web.facebook.com\/profile.php?id=61559252188416"]},{"@type":"Person","@id":"https:\/\/bobea.net\/#\/schema\/person\/e7f45ef187918d7c956bf619dce90ccf","name":"bobea.info","image":{"@type":"ImageObject","inLanguage":"fr-FR","@id":"https:\/\/bobea.net\/#\/schema\/person\/image\/","url":"https:\/\/secure.gravatar.com\/avatar\/36147980349df887ae30808df3e29474?s=96&d=mm&r=g","contentUrl":"https:\/\/secure.gravatar.com\/avatar\/36147980349df887ae30808df3e29474?s=96&d=mm&r=g","caption":"bobea.info"},"sameAs":["https:\/\/bobea.net"],"url":"https:\/\/bobea.net\/index.php\/author\/bobea-info\/"}]}},"_links":{"self":[{"href":"https:\/\/bobea.net\/index.php\/wp-json\/wp\/v2\/posts\/27688"}],"collection":[{"href":"https:\/\/bobea.net\/index.php\/wp-json\/wp\/v2\/posts"}],"about":[{"href":"https:\/\/bobea.net\/index.php\/wp-json\/wp\/v2\/types\/post"}],"author":[{"embeddable":true,"href":"https:\/\/bobea.net\/index.php\/wp-json\/wp\/v2\/users\/1"}],"replies":[{"embeddable":true,"href":"https:\/\/bobea.net\/index.php\/wp-json\/wp\/v2\/comments?post=27688"}],"version-history":[{"count":1,"href":"https:\/\/bobea.net\/index.php\/wp-json\/wp\/v2\/posts\/27688\/revisions"}],"predecessor-version":[{"id":27692,"href":"https:\/\/bobea.net\/index.php\/wp-json\/wp\/v2\/posts\/27688\/revisions\/27692"}],"wp:featuredmedia":[{"embeddable":true,"href":"https:\/\/bobea.net\/index.php\/wp-json\/wp\/v2\/media\/27689"}],"wp:attachment":[{"href":"https:\/\/bobea.net\/index.php\/wp-json\/wp\/v2\/media?parent=27688"}],"wp:term":[{"taxonomy":"category","embeddable":true,"href":"https:\/\/bobea.net\/index.php\/wp-json\/wp\/v2\/categories?post=27688"},{"taxonomy":"post_tag","embeddable":true,"href":"https:\/\/bobea.net\/index.php\/wp-json\/wp\/v2\/tags?post=27688"}],"curies":[{"name":"wp","href":"https:\/\/api.w.org\/{rel}","templated":true}]}}