{"id":27521,"date":"2025-12-11T20:57:19","date_gmt":"2025-12-11T20:57:19","guid":{"rendered":"https:\/\/bobea.net\/?p=27521"},"modified":"2025-12-11T20:57:21","modified_gmt":"2025-12-11T20:57:21","slug":"de-arles-a-la-jany-lastar-et-lascension-fulgurante-qui-defie-les-kardashian","status":"publish","type":"post","link":"https:\/\/bobea.net\/index.php\/2025\/12\/11\/de-arles-a-la-jany-lastar-et-lascension-fulgurante-qui-defie-les-kardashian\/","title":{"rendered":"De Arles \u00e0 LA : Jany Lastar et l\u2019ascension fulgurante qui d\u00e9fie les Kardashian."},"content":{"rendered":"\n<p><strong>Intro\u00adduc\u00adtion<\/strong><\/p>\n\n\n\n<p>Une jeune femme d\u2019Ar\u00adles se lance un d\u00e9fi qui pour\u00adrait sem\u00adbler fou : rivalis\u00ader avec l\u2019empire m\u00e9di\u00ada\u00adtique des Kar\u00addashi\u00adan. Jany la Star n\u2019est pas seule\u00adment une influ\u00adenceuse ; elle est un <strong>ph\u00e9nom\u00e8ne m\u00e9di\u00ada\u00adtique<\/strong> dont l\u2019<strong>ascen\u00adsion ful\u00adgu\u00adrante<\/strong> m\u00e9rite une analyse appro\u00adfondie. Com\u00adment cette Fran\u00e7aise utilise-t-elle les codes de la t\u00e9l\u00e9r\u00e9al\u00adit\u00e9 et du luxe pour b\u00e2tir sa pro\u00adpre mar\u00adque ? Cet arti\u00adcle d\u00e9crypte la <strong>strat\u00e9gie pour d\u00e9fi\u00ader Kim Kar\u00addashi\u00adan<\/strong>, entre audace, mar\u00adket\u00ading per\u00adson\u00adnel et ma\u00eetrise du buzz.<\/p>\n\n\n\n<p><strong>I. La Ma\u00eetrise de la Con\u00adtro\u00adver\u00ads\u00ades : Le Moteur du Buzz&nbsp;<\/strong><\/p>\n\n\n\n<p>Le pre\u00admier pili\u00ader de la <strong>mar\u00adque per\u00adson\u00adnelle suc\u00adc\u00e8s<\/strong> de Jany est sa capac\u00adit\u00e9 \u00e0 g\u00e9n\u00e9r\u00ader du buzz, m\u00eame n\u00e9gatif.<\/p>\n\n\n\n<ul class=\"wp-block-list\">\n<li><strong>L\u2019Art de l\u2019Ex\u00adc\u00e8s :<\/strong> Comme le clan Kar\u00addashi\u00adan, Jany com\u00adprend que la sur-expo\u00adsi\u00adtion, l\u2019op\u00adu\u00adlence affich\u00e9e et les rela\u00adtions tumultueuses sont des aimants pour l\u2019au\u00addi\u00adence. Le pub\u00adlic est plus int\u00e9ress\u00e9 par le drame que par la banal\u00adit\u00e9.<\/li>\n\n\n\n<li><strong>La R\u00e9ponse Mesur\u00e9e :<\/strong> Jany r\u00e9pond aux cri\u00adtiques avec une assur\u00adance tra\u00advail\u00adl\u00e9e (vue dans l\u2019in\u00adter\u00adview pr\u00e9c\u00e9\u00addente), util\u00adisant chaque attaque comme une oppor\u00adtu\u00adnit\u00e9 de r\u00e9af\u00adfirmer sa force et son ambi\u00adtion, trans\u00adfor\u00admant l\u2019hos\u00adtil\u00adit\u00e9 en engage\u00adment.<\/li>\n\n\n\n<li><strong>Les Haters sont des Fans :<\/strong> Les gens qui la d\u00e9tes\u00adtent sont sou\u00advent les plus fid\u00e8les obser\u00adva\u00adteurs de son par\u00adcours, assur\u00adant une vis\u00adi\u00adbil\u00adit\u00e9 con\u00adstante \u00e0 son nom.<\/li>\n<\/ul>\n\n\n\n<p><strong>II. Le Pro\u00adduit : Le <em>Lifestyle<\/em> Fran\u00e7ais&nbsp;<\/strong><\/p>\n\n\n\n<p>La <strong>strat\u00e9gie pour d\u00e9fi\u00ader Kim Kar\u00addashi\u00adan<\/strong> ne r\u00e9side pas dans la copie, mais dans l\u2019adap\u00adta\u00adtion.<\/p>\n\n\n\n<ul class=\"wp-block-list\">\n<li><strong>Le Luxe Acces\u00adsi\u00adble :<\/strong> Jany m\u00e9lange le luxe osten\u00adta\u00adtoire (sacs de mar\u00adque, voy\u00adages) avec des r\u00e9f\u00e9rences cul\u00adturelles fran\u00e7ais\u00ades plus acces\u00adsi\u00adbles, cr\u00e9ant une aspi\u00adra\u00adtional\u00adit\u00e9 relat\u00adable. Elle vend le r\u00eave am\u00e9ri\u00adcain avec une touche d\u2019\u00e9l\u00e9\u00adgance europ\u00e9enne.<\/li>\n\n\n\n<li><strong>La Com\u00admu\u00adnaut\u00e9 :<\/strong> Elle con\u00adstru\u00adit une rela\u00adtion forte avec sa com\u00admu\u00adnaut\u00e9, sou\u00advent plus bas\u00e9e sur la con\u00adfi\u00adance et l\u2019i\u00adden\u00adti\u00adfi\u00adca\u00adtion que les mar\u00adques am\u00e9ri\u00adcaines, par\u00adfois per\u00e7ues comme trop loin\u00adtaines.<\/li>\n\n\n\n<li><strong>L\u2019Au\u00adtonomie F\u00e9mi\u00adnine :<\/strong> Son dis\u00adcours, m\u00eame si par\u00adfois con\u00adtro\u00adver\u00ads\u00e9, met l\u2019ac\u00adcent sur l\u2019<strong>autonomie finan\u00adci\u00e8re<\/strong> et le droit d\u2019une femme \u00e0 s\u2019en\u00adrichir, ce qui est tr\u00e8s inspi\u00adrant pour ses jeunes fol\u00adlow\u00aders.<\/li>\n<\/ul>\n\n\n\n<figure class=\"wp-block-image size-large\"><img loading=\"lazy\" decoding=\"async\" width=\"769\" height=\"1024\" src=\"https:\/\/bobea.net\/wp-content\/uploads\/2025\/12\/jany-lastar-769x1024.jpg\" alt class=\"wp-image-27517\" srcset=\"https:\/\/bobea.net\/wp-content\/uploads\/2025\/12\/jany-lastar-769x1024.jpg 769w, https:\/\/bobea.net\/wp-content\/uploads\/2025\/12\/jany-lastar-225x300.jpg 225w, https:\/\/bobea.net\/wp-content\/uploads\/2025\/12\/jany-lastar-768x1022.jpg 768w, https:\/\/bobea.net\/wp-content\/uploads\/2025\/12\/jany-lastar.jpg 1082w\" sizes=\"(max-width: 769px) 100vw, 769px\"><\/figure>\n\n\n\n<p><strong>III. L\u2019Hori\u00adzon Am\u00e9ri\u00adcain : Strat\u00e9gie de Mar\u00adque&nbsp;<\/strong><\/p>\n\n\n\n<p>Vouloir \u201caller aux USA\u201d n\u2019est pas un sim\u00adple slo\u00adgan ; c\u2019est un plan d\u2019af\u00adfaires.<\/p>\n\n\n\n<ul class=\"wp-block-list\">\n<li><strong>L\u2019In\u00adter\u00adna\u00adtion\u00adal\u00adi\u00adsa\u00adtion :<\/strong> Le march\u00e9 am\u00e9ri\u00adcain est le Graal. Y r\u00e9us\u00adsir con\u00adf\u00e8re une l\u00e9gitim\u00adit\u00e9 mon\u00addi\u00adale. L\u2019<strong>ascen\u00adsion ful\u00adgu\u00adrante influ\u00adenceuse<\/strong> est com\u00adpl\u00e8te lorsque l\u2019on fran\u00adchit l\u2019At\u00adlan\u00adtique.<\/li>\n\n\n\n<li><strong>Le Pro\u00adduit d\u00e9riv\u00e9 :<\/strong> L\u2019\u00e9\u00adtape logique apr\u00e8s le buzz est de mon\u00e9\u00adtis\u00ader l\u2019im\u00adage. Jany se pr\u00e9\u00adpare \u00e0 lancer des pro\u00adduits (maquil\u00adlage, mode, bien-\u00eatre) qui traduisent son image en arti\u00adcles de con\u00adsom\u00adma\u00adtion, comme l\u2019a fait la famille Kar\u00addashi\u00adan.<\/li>\n\n\n\n<li><strong>La T\u00e9l\u00e9r\u00e9al\u00adit\u00e9 :<\/strong> Le pro\u00adjet de s\u00e9rie ou de doc\u00adu\u00admen\u00adtaire sur son \u201cd\u00e9fi\u00ader Kim Kar\u00addashi\u00adan\u201d est la seule voie pour rivalis\u00ader avec la puis\u00adsance de frappe m\u00e9di\u00ada\u00adtique d\u2019un show comme <em>The Kar\u00addashi\u00adans<\/em>.<\/li>\n<\/ul>\n\n\n\n<p>[Image de Jany la Star posant devant un pan\u00adneau Hol\u00adly\u00adwood]<\/p>\n\n\n\n<p><strong>IV. La R\u00e9us\u00adsite au F\u00e9minin : Au-del\u00e0 du Juge\u00adment&nbsp;<\/strong><\/p>\n\n\n\n<p>Que l\u2019on aime ou pas Jany, son par\u00adcours est un miroir de l\u2019am\u00adbi\u00adtion f\u00e9mi\u00adnine mod\u00aderne. Elle est le sym\u00adbole que les femmes d\u2019au\u00adjour\u00add\u2019hui ne veu\u00adlent plus s\u2019ex\u00adcuser de d\u00e9sir\u00ader le suc\u00adc\u00e8s, la richesse et la c\u00e9l\u00e9brit\u00e9.<\/p>\n\n\n\n<p>Son <strong>ph\u00e9nom\u00e8ne Jany la Star<\/strong> nous invite \u00e0 d\u00e9pass\u00ader le juge\u00adment sim\u00adpliste et \u00e0 analyser sa strat\u00e9gie. Elle est en train d\u2019\u00e9crire, \u00e0 sa mani\u00e8re, les nou\u00advelles r\u00e8gles du <strong>mar\u00adket\u00ading per\u00adson\u00adnel et de l\u2019in\u00adflu\u00adence<\/strong> en France.<\/p>\n\n\n\n<p><strong>Con\u00adclu\u00adsion&nbsp;<\/strong><\/p>\n\n\n\n<p>L\u2019<strong>ascen\u00adsion ful\u00adgu\u00adrante<\/strong> de Jany la Star est un cas d\u2019\u00e9\u00adcole. Son d\u00e9fi est immense, mais sa capac\u00adit\u00e9 \u00e0 utilis\u00ader le feu des cri\u00adtiques pour ali\u00admenter son ambi\u00adtion fait d\u2019elle une force avec laque\u00adlle il fau\u00addra compter, \u00e0 Arles comme \u00e0 L.A.<\/p>\n","protected":false},"excerpt":{"rendered":"<p>Intro\u00adduc\u00adtion Une jeune femme d\u2019Ar\u00adles se lance un d\u00e9fi qui pour\u00adrait sem\u00adbler fou : rivalis\u00ader avec l\u2019empire m\u00e9di\u00ada\u00adtique des Kar\u00addashi\u00adan. Jany la Star n\u2019est pas seule\u00adment une influ\u00adenceuse ; elle\u2026 <\/p>\n","protected":false},"author":1,"featured_media":27522,"comment_status":"open","ping_status":"closed","sticky":false,"template":"","format":"standard","meta":{"wp_typography_post_enhancements_disabled":false,"footnotes":""},"categories":[79],"tags":[],"class_list":["post-27521","post","type-post","status-publish","format-standard","has-post-thumbnail","hentry","category-a-la-une"],"yoast_head":"<!-- This site is optimized with the Yoast SEO plugin v24.7 - https:\/\/yoast.com\/wordpress\/plugins\/seo\/ -->\n<title>De Arles \u00e0 LA : Jany Lastar et l&#039;ascension fulgurante qui d\u00e9fie les Kardashian. - Bobea<\/title>\n<meta name=\"robots\" content=\"index, follow, max-snippet:-1, max-image-preview:large, max-video-preview:-1\" \/>\n<link rel=\"canonical\" href=\"https:\/\/bobea.net\/index.php\/2025\/12\/11\/de-arles-a-la-jany-lastar-et-lascension-fulgurante-qui-defie-les-kardashian\/\" \/>\n<meta property=\"og:locale\" content=\"fr_FR\" \/>\n<meta property=\"og:type\" content=\"article\" \/>\n<meta property=\"og:title\" content=\"De Arles \u00e0 LA : Jany Lastar et l&#039;ascension fulgurante qui d\u00e9fie les Kardashian. - Bobea\" \/>\n<meta property=\"og:description\" content=\"Intro\u00adduc\u00adtion Une jeune femme d\u2019Ar\u00adles se lance un d\u00e9fi qui pour\u00adrait sem\u00adbler fou : rivalis\u00ader avec l\u2019empire m\u00e9di\u00ada\u00adtique des Kar\u00addashi\u00adan. Jany la Star n\u2019est pas seule\u00adment une influ\u00adenceuse ; elle&hellip;\" \/>\n<meta property=\"og:url\" content=\"https:\/\/bobea.net\/index.php\/2025\/12\/11\/de-arles-a-la-jany-lastar-et-lascension-fulgurante-qui-defie-les-kardashian\/\" \/>\n<meta property=\"og:site_name\" content=\"Bobea\" \/>\n<meta property=\"article:publisher\" content=\"https:\/\/web.facebook.com\/profile.php?id=61559252188416\" \/>\n<meta property=\"article:published_time\" content=\"2025-12-11T20:57:19+00:00\" \/>\n<meta property=\"article:modified_time\" content=\"2025-12-11T20:57:21+00:00\" \/>\n<meta property=\"og:image\" content=\"https:\/\/bobea.net\/wp-content\/uploads\/2025\/12\/Jany-Lastar-3-1.png\" \/>\n\t<meta property=\"og:image:width\" content=\"864\" \/>\n\t<meta property=\"og:image:height\" content=\"1184\" \/>\n\t<meta property=\"og:image:type\" content=\"image\/png\" \/>\n<meta name=\"author\" content=\"bobea.info\" \/>\n<meta name=\"twitter:card\" content=\"summary_large_image\" \/>\n<meta name=\"twitter:label1\" content=\"\u00c9crit par\" \/>\n\t<meta name=\"twitter:data1\" content=\"bobea.info\" \/>\n\t<meta name=\"twitter:label2\" content=\"Dur\u00e9e de lecture estim\u00e9e\" \/>\n\t<meta name=\"twitter:data2\" content=\"4 minutes\" \/>\n<script type=\"application\/ld+json\" class=\"yoast-schema-graph\">{\"@context\":\"https:\/\/schema.org\",\"@graph\":[{\"@type\":\"Article\",\"@id\":\"https:\/\/bobea.net\/index.php\/2025\/12\/11\/de-arles-a-la-jany-lastar-et-lascension-fulgurante-qui-defie-les-kardashian\/#article\",\"isPartOf\":{\"@id\":\"https:\/\/bobea.net\/index.php\/2025\/12\/11\/de-arles-a-la-jany-lastar-et-lascension-fulgurante-qui-defie-les-kardashian\/\"},\"author\":{\"name\":\"bobea.info\",\"@id\":\"https:\/\/bobea.net\/#\/schema\/person\/e7f45ef187918d7c956bf619dce90ccf\"},\"headline\":\"De Arles \u00e0 LA : Jany Lastar et l\u2019ascension fulgurante qui d\u00e9fie les Kardashian.\",\"datePublished\":\"2025-12-11T20:57:19+00:00\",\"dateModified\":\"2025-12-11T20:57:21+00:00\",\"mainEntityOfPage\":{\"@id\":\"https:\/\/bobea.net\/index.php\/2025\/12\/11\/de-arles-a-la-jany-lastar-et-lascension-fulgurante-qui-defie-les-kardashian\/\"},\"wordCount\":680,\"commentCount\":0,\"publisher\":{\"@id\":\"https:\/\/bobea.net\/#organization\"},\"image\":{\"@id\":\"https:\/\/bobea.net\/index.php\/2025\/12\/11\/de-arles-a-la-jany-lastar-et-lascension-fulgurante-qui-defie-les-kardashian\/#primaryimage\"},\"thumbnailUrl\":\"https:\/\/bobea.net\/wp-content\/uploads\/2025\/12\/Jany-Lastar-3-1.png\",\"articleSection\":[\"A la Une\"],\"inLanguage\":\"fr-FR\",\"potentialAction\":[{\"@type\":\"CommentAction\",\"name\":\"Comment\",\"target\":[\"https:\/\/bobea.net\/index.php\/2025\/12\/11\/de-arles-a-la-jany-lastar-et-lascension-fulgurante-qui-defie-les-kardashian\/#respond\"]}]},{\"@type\":\"WebPage\",\"@id\":\"https:\/\/bobea.net\/index.php\/2025\/12\/11\/de-arles-a-la-jany-lastar-et-lascension-fulgurante-qui-defie-les-kardashian\/\",\"url\":\"https:\/\/bobea.net\/index.php\/2025\/12\/11\/de-arles-a-la-jany-lastar-et-lascension-fulgurante-qui-defie-les-kardashian\/\",\"name\":\"De Arles \u00e0 LA : Jany Lastar et l'ascension fulgurante qui d\u00e9fie les Kardashian. - Bobea\",\"isPartOf\":{\"@id\":\"https:\/\/bobea.net\/#website\"},\"primaryImageOfPage\":{\"@id\":\"https:\/\/bobea.net\/index.php\/2025\/12\/11\/de-arles-a-la-jany-lastar-et-lascension-fulgurante-qui-defie-les-kardashian\/#primaryimage\"},\"image\":{\"@id\":\"https:\/\/bobea.net\/index.php\/2025\/12\/11\/de-arles-a-la-jany-lastar-et-lascension-fulgurante-qui-defie-les-kardashian\/#primaryimage\"},\"thumbnailUrl\":\"https:\/\/bobea.net\/wp-content\/uploads\/2025\/12\/Jany-Lastar-3-1.png\",\"datePublished\":\"2025-12-11T20:57:19+00:00\",\"dateModified\":\"2025-12-11T20:57:21+00:00\",\"breadcrumb\":{\"@id\":\"https:\/\/bobea.net\/index.php\/2025\/12\/11\/de-arles-a-la-jany-lastar-et-lascension-fulgurante-qui-defie-les-kardashian\/#breadcrumb\"},\"inLanguage\":\"fr-FR\",\"potentialAction\":[{\"@type\":\"ReadAction\",\"target\":[\"https:\/\/bobea.net\/index.php\/2025\/12\/11\/de-arles-a-la-jany-lastar-et-lascension-fulgurante-qui-defie-les-kardashian\/\"]}]},{\"@type\":\"ImageObject\",\"inLanguage\":\"fr-FR\",\"@id\":\"https:\/\/bobea.net\/index.php\/2025\/12\/11\/de-arles-a-la-jany-lastar-et-lascension-fulgurante-qui-defie-les-kardashian\/#primaryimage\",\"url\":\"https:\/\/bobea.net\/wp-content\/uploads\/2025\/12\/Jany-Lastar-3-1.png\",\"contentUrl\":\"https:\/\/bobea.net\/wp-content\/uploads\/2025\/12\/Jany-Lastar-3-1.png\",\"width\":864,\"height\":1184},{\"@type\":\"BreadcrumbList\",\"@id\":\"https:\/\/bobea.net\/index.php\/2025\/12\/11\/de-arles-a-la-jany-lastar-et-lascension-fulgurante-qui-defie-les-kardashian\/#breadcrumb\",\"itemListElement\":[{\"@type\":\"ListItem\",\"position\":1,\"name\":\"Accueil\",\"item\":\"https:\/\/bobea.net\/\"},{\"@type\":\"ListItem\",\"position\":2,\"name\":\"De Arles \u00e0 LA : Jany Lastar et l&rsquo;ascension fulgurante qui d\u00e9fie les Kardashian.\"}]},{\"@type\":\"WebSite\",\"@id\":\"https:\/\/bobea.net\/#website\",\"url\":\"https:\/\/bobea.net\/\",\"name\":\"Bobea\",\"description\":\"Le magazine de la nouvelle \u00c8ve\",\"publisher\":{\"@id\":\"https:\/\/bobea.net\/#organization\"},\"potentialAction\":[{\"@type\":\"SearchAction\",\"target\":{\"@type\":\"EntryPoint\",\"urlTemplate\":\"https:\/\/bobea.net\/?s={search_term_string}\"},\"query-input\":{\"@type\":\"PropertyValueSpecification\",\"valueRequired\":true,\"valueName\":\"search_term_string\"}}],\"inLanguage\":\"fr-FR\"},{\"@type\":\"Organization\",\"@id\":\"https:\/\/bobea.net\/#organization\",\"name\":\"Bobea\",\"url\":\"https:\/\/bobea.net\/\",\"logo\":{\"@type\":\"ImageObject\",\"inLanguage\":\"fr-FR\",\"@id\":\"https:\/\/bobea.net\/#\/schema\/logo\/image\/\",\"url\":\"https:\/\/bobea.net\/wp-content\/uploads\/2024\/06\/bobea.jpg\",\"contentUrl\":\"https:\/\/bobea.net\/wp-content\/uploads\/2024\/06\/bobea.jpg\",\"width\":1080,\"height\":1080,\"caption\":\"Bobea\"},\"image\":{\"@id\":\"https:\/\/bobea.net\/#\/schema\/logo\/image\/\"},\"sameAs\":[\"https:\/\/web.facebook.com\/profile.php?id=61559252188416\"]},{\"@type\":\"Person\",\"@id\":\"https:\/\/bobea.net\/#\/schema\/person\/e7f45ef187918d7c956bf619dce90ccf\",\"name\":\"bobea.info\",\"image\":{\"@type\":\"ImageObject\",\"inLanguage\":\"fr-FR\",\"@id\":\"https:\/\/bobea.net\/#\/schema\/person\/image\/\",\"url\":\"https:\/\/secure.gravatar.com\/avatar\/36147980349df887ae30808df3e29474?s=96&d=mm&r=g\",\"contentUrl\":\"https:\/\/secure.gravatar.com\/avatar\/36147980349df887ae30808df3e29474?s=96&d=mm&r=g\",\"caption\":\"bobea.info\"},\"sameAs\":[\"https:\/\/bobea.net\"],\"url\":\"https:\/\/bobea.net\/index.php\/author\/bobea-info\/\"}]}<\/script>\n<!-- \/ Yoast SEO plugin. -->","yoast_head_json":{"title":"De Arles \u00e0 LA : Jany Lastar et l'ascension fulgurante qui d\u00e9fie les Kardashian. - Bobea","robots":{"index":"index","follow":"follow","max-snippet":"max-snippet:-1","max-image-preview":"max-image-preview:large","max-video-preview":"max-video-preview:-1"},"canonical":"https:\/\/bobea.net\/index.php\/2025\/12\/11\/de-arles-a-la-jany-lastar-et-lascension-fulgurante-qui-defie-les-kardashian\/","og_locale":"fr_FR","og_type":"article","og_title":"De Arles \u00e0 LA : Jany Lastar et l'ascension fulgurante qui d\u00e9fie les Kardashian. - Bobea","og_description":"Intro\u00adduc\u00adtion Une jeune femme d\u2019Ar\u00adles se lance un d\u00e9fi qui pour\u00adrait sem\u00adbler fou : rivalis\u00ader avec l\u2019empire m\u00e9di\u00ada\u00adtique des Kar\u00addashi\u00adan. Jany la Star n\u2019est pas seule\u00adment une influ\u00adenceuse ; elle&hellip;","og_url":"https:\/\/bobea.net\/index.php\/2025\/12\/11\/de-arles-a-la-jany-lastar-et-lascension-fulgurante-qui-defie-les-kardashian\/","og_site_name":"Bobea","article_publisher":"https:\/\/web.facebook.com\/profile.php?id=61559252188416","article_published_time":"2025-12-11T20:57:19+00:00","article_modified_time":"2025-12-11T20:57:21+00:00","og_image":[{"width":864,"height":1184,"url":"https:\/\/bobea.net\/wp-content\/uploads\/2025\/12\/Jany-Lastar-3-1.png","type":"image\/png"}],"author":"bobea.info","twitter_card":"summary_large_image","twitter_misc":{"\u00c9crit par":"bobea.info","Dur\u00e9e de lecture estim\u00e9e":"4 minutes"},"schema":{"@context":"https:\/\/schema.org","@graph":[{"@type":"Article","@id":"https:\/\/bobea.net\/index.php\/2025\/12\/11\/de-arles-a-la-jany-lastar-et-lascension-fulgurante-qui-defie-les-kardashian\/#article","isPartOf":{"@id":"https:\/\/bobea.net\/index.php\/2025\/12\/11\/de-arles-a-la-jany-lastar-et-lascension-fulgurante-qui-defie-les-kardashian\/"},"author":{"name":"bobea.info","@id":"https:\/\/bobea.net\/#\/schema\/person\/e7f45ef187918d7c956bf619dce90ccf"},"headline":"De Arles \u00e0 LA : Jany Lastar et l\u2019ascension fulgurante qui d\u00e9fie les Kardashian.","datePublished":"2025-12-11T20:57:19+00:00","dateModified":"2025-12-11T20:57:21+00:00","mainEntityOfPage":{"@id":"https:\/\/bobea.net\/index.php\/2025\/12\/11\/de-arles-a-la-jany-lastar-et-lascension-fulgurante-qui-defie-les-kardashian\/"},"wordCount":680,"commentCount":0,"publisher":{"@id":"https:\/\/bobea.net\/#organization"},"image":{"@id":"https:\/\/bobea.net\/index.php\/2025\/12\/11\/de-arles-a-la-jany-lastar-et-lascension-fulgurante-qui-defie-les-kardashian\/#primaryimage"},"thumbnailUrl":"https:\/\/bobea.net\/wp-content\/uploads\/2025\/12\/Jany-Lastar-3-1.png","articleSection":["A la Une"],"inLanguage":"fr-FR","potentialAction":[{"@type":"CommentAction","name":"Comment","target":["https:\/\/bobea.net\/index.php\/2025\/12\/11\/de-arles-a-la-jany-lastar-et-lascension-fulgurante-qui-defie-les-kardashian\/#respond"]}]},{"@type":"WebPage","@id":"https:\/\/bobea.net\/index.php\/2025\/12\/11\/de-arles-a-la-jany-lastar-et-lascension-fulgurante-qui-defie-les-kardashian\/","url":"https:\/\/bobea.net\/index.php\/2025\/12\/11\/de-arles-a-la-jany-lastar-et-lascension-fulgurante-qui-defie-les-kardashian\/","name":"De Arles \u00e0 LA : Jany Lastar et l'ascension fulgurante qui d\u00e9fie les Kardashian. - Bobea","isPartOf":{"@id":"https:\/\/bobea.net\/#website"},"primaryImageOfPage":{"@id":"https:\/\/bobea.net\/index.php\/2025\/12\/11\/de-arles-a-la-jany-lastar-et-lascension-fulgurante-qui-defie-les-kardashian\/#primaryimage"},"image":{"@id":"https:\/\/bobea.net\/index.php\/2025\/12\/11\/de-arles-a-la-jany-lastar-et-lascension-fulgurante-qui-defie-les-kardashian\/#primaryimage"},"thumbnailUrl":"https:\/\/bobea.net\/wp-content\/uploads\/2025\/12\/Jany-Lastar-3-1.png","datePublished":"2025-12-11T20:57:19+00:00","dateModified":"2025-12-11T20:57:21+00:00","breadcrumb":{"@id":"https:\/\/bobea.net\/index.php\/2025\/12\/11\/de-arles-a-la-jany-lastar-et-lascension-fulgurante-qui-defie-les-kardashian\/#breadcrumb"},"inLanguage":"fr-FR","potentialAction":[{"@type":"ReadAction","target":["https:\/\/bobea.net\/index.php\/2025\/12\/11\/de-arles-a-la-jany-lastar-et-lascension-fulgurante-qui-defie-les-kardashian\/"]}]},{"@type":"ImageObject","inLanguage":"fr-FR","@id":"https:\/\/bobea.net\/index.php\/2025\/12\/11\/de-arles-a-la-jany-lastar-et-lascension-fulgurante-qui-defie-les-kardashian\/#primaryimage","url":"https:\/\/bobea.net\/wp-content\/uploads\/2025\/12\/Jany-Lastar-3-1.png","contentUrl":"https:\/\/bobea.net\/wp-content\/uploads\/2025\/12\/Jany-Lastar-3-1.png","width":864,"height":1184},{"@type":"BreadcrumbList","@id":"https:\/\/bobea.net\/index.php\/2025\/12\/11\/de-arles-a-la-jany-lastar-et-lascension-fulgurante-qui-defie-les-kardashian\/#breadcrumb","itemListElement":[{"@type":"ListItem","position":1,"name":"Accueil","item":"https:\/\/bobea.net\/"},{"@type":"ListItem","position":2,"name":"De Arles \u00e0 LA : Jany Lastar et l&rsquo;ascension fulgurante qui d\u00e9fie les Kardashian."}]},{"@type":"WebSite","@id":"https:\/\/bobea.net\/#website","url":"https:\/\/bobea.net\/","name":"Bobea","description":"Le magazine de la nouvelle \u00c8ve","publisher":{"@id":"https:\/\/bobea.net\/#organization"},"potentialAction":[{"@type":"SearchAction","target":{"@type":"EntryPoint","urlTemplate":"https:\/\/bobea.net\/?s={search_term_string}"},"query-input":{"@type":"PropertyValueSpecification","valueRequired":true,"valueName":"search_term_string"}}],"inLanguage":"fr-FR"},{"@type":"Organization","@id":"https:\/\/bobea.net\/#organization","name":"Bobea","url":"https:\/\/bobea.net\/","logo":{"@type":"ImageObject","inLanguage":"fr-FR","@id":"https:\/\/bobea.net\/#\/schema\/logo\/image\/","url":"https:\/\/bobea.net\/wp-content\/uploads\/2024\/06\/bobea.jpg","contentUrl":"https:\/\/bobea.net\/wp-content\/uploads\/2024\/06\/bobea.jpg","width":1080,"height":1080,"caption":"Bobea"},"image":{"@id":"https:\/\/bobea.net\/#\/schema\/logo\/image\/"},"sameAs":["https:\/\/web.facebook.com\/profile.php?id=61559252188416"]},{"@type":"Person","@id":"https:\/\/bobea.net\/#\/schema\/person\/e7f45ef187918d7c956bf619dce90ccf","name":"bobea.info","image":{"@type":"ImageObject","inLanguage":"fr-FR","@id":"https:\/\/bobea.net\/#\/schema\/person\/image\/","url":"https:\/\/secure.gravatar.com\/avatar\/36147980349df887ae30808df3e29474?s=96&d=mm&r=g","contentUrl":"https:\/\/secure.gravatar.com\/avatar\/36147980349df887ae30808df3e29474?s=96&d=mm&r=g","caption":"bobea.info"},"sameAs":["https:\/\/bobea.net"],"url":"https:\/\/bobea.net\/index.php\/author\/bobea-info\/"}]}},"_links":{"self":[{"href":"https:\/\/bobea.net\/index.php\/wp-json\/wp\/v2\/posts\/27521"}],"collection":[{"href":"https:\/\/bobea.net\/index.php\/wp-json\/wp\/v2\/posts"}],"about":[{"href":"https:\/\/bobea.net\/index.php\/wp-json\/wp\/v2\/types\/post"}],"author":[{"embeddable":true,"href":"https:\/\/bobea.net\/index.php\/wp-json\/wp\/v2\/users\/1"}],"replies":[{"embeddable":true,"href":"https:\/\/bobea.net\/index.php\/wp-json\/wp\/v2\/comments?post=27521"}],"version-history":[{"count":1,"href":"https:\/\/bobea.net\/index.php\/wp-json\/wp\/v2\/posts\/27521\/revisions"}],"predecessor-version":[{"id":27523,"href":"https:\/\/bobea.net\/index.php\/wp-json\/wp\/v2\/posts\/27521\/revisions\/27523"}],"wp:featuredmedia":[{"embeddable":true,"href":"https:\/\/bobea.net\/index.php\/wp-json\/wp\/v2\/media\/27522"}],"wp:attachment":[{"href":"https:\/\/bobea.net\/index.php\/wp-json\/wp\/v2\/media?parent=27521"}],"wp:term":[{"taxonomy":"category","embeddable":true,"href":"https:\/\/bobea.net\/index.php\/wp-json\/wp\/v2\/categories?post=27521"},{"taxonomy":"post_tag","embeddable":true,"href":"https:\/\/bobea.net\/index.php\/wp-json\/wp\/v2\/tags?post=27521"}],"curies":[{"name":"wp","href":"https:\/\/api.w.org\/{rel}","templated":true}]}}