{"id":27479,"date":"2025-12-11T17:09:02","date_gmt":"2025-12-11T17:09:02","guid":{"rendered":"https:\/\/bobea.net\/?p=27479"},"modified":"2025-12-11T17:09:03","modified_gmt":"2025-12-11T17:09:03","slug":"mere-au-21e-siecle-comment-concilier-passion-carriere-et-vie-de-famille","status":"publish","type":"post","link":"https:\/\/bobea.net\/index.php\/2025\/12\/11\/mere-au-21e-siecle-comment-concilier-passion-carriere-et-vie-de-famille\/","title":{"rendered":"M\u00e8re au 21e si\u00e8cle : comment concilier passion, carri\u00e8re et vie de famille."},"content":{"rendered":"\n<p><strong>Intro\u00adduc\u00adtion&nbsp;<\/strong><\/p>\n\n\n\n<p>\u00catre m\u00e8re au 21e si\u00e8\u00adcle est une for\u00admi\u00adda\u00adble aven\u00adture, mais c\u2019est aus\u00adsi un marathon. La femme mod\u00aderne est som\u00adm\u00e9e d\u2019ex\u00adceller sur tous les fronts. La <strong>con\u00adcil\u00adi\u00ada\u00adtion vie pro famille<\/strong> est le d\u00e9fi majeur de notre \u00e9poque. Cet arti\u00adcle vous pro\u00adpose des strat\u00e9\u00adgies con\u00adcr\u00e8tes pour all\u00e9ger la <strong>charge men\u00adtale<\/strong> et trou\u00adver un v\u00e9ri\u00adta\u00adble <strong>\u00e9quili\u00adbre maman entre\u00adpre\u00adneure<\/strong>.<\/p>\n\n\n\n<p><strong>I. Iden\u00adti\u00adfi\u00ader et d\u00e9l\u00e9guer : Le pi\u00e8ge de la Super\u00adwoman<\/strong><\/p>\n\n\n\n<p>Le mythe de la \u201cSuper\u00adwoman\u201d est \u00e9puisant. La pre\u00admi\u00e8re \u00e9tape est l\u2019ac\u00adcep\u00adta\u00adtion de ne pas pou\u00advoir tout faire. Con\u00adcen\u00adtrez-vous sur vos pri\u00ador\u00adit\u00e9s essen\u00adtielles. Impliquez le parte\u00adnaire et n\u2019ayez pas peur d\u2019u\u00adtilis\u00ader des ser\u00advices ext\u00e9rieurs. L\u2019ar\u00adgent d\u00e9pen\u00ads\u00e9 pour gag\u00adn\u00ader du temps de qual\u00adit\u00e9 est un excel\u00adlent investisse\u00adment pour le <strong>bien-\u00eatre parental<\/strong>.<\/p>\n\n\n\n<p><strong>II. G\u00e9r\u00ader la Charge Men\u00adtale : La Plan\u00adi\u00adfi\u00adca\u00adtion Con\u00adsciente<\/strong><\/p>\n\n\n\n<p>La <strong>charge men\u00adtale<\/strong> est le fardeau invis\u00adi\u00adble. Pour la ma\u00eetris\u00ader, videz votre t\u00eate une fois par semaine en notant tout. Utilisez des listes partag\u00e9es avec votre parte\u00adnaire. Blo\u00adquez des cr\u00e9neaux dans votre agen\u00adda non pas pour des r\u00e9u\u00adnions, mais pour des activ\u00adit\u00e9s vitales : le sport, le temps de con\u00adcen\u00adtra\u00adtion.<\/p>\n\n\n\n<figure class=\"wp-block-image size-full\"><img loading=\"lazy\" decoding=\"async\" width=\"1000\" height=\"563\" src=\"https:\/\/bobea.net\/wp-content\/uploads\/2025\/12\/image-46.png\" alt class=\"wp-image-27481\" srcset=\"https:\/\/bobea.net\/wp-content\/uploads\/2025\/12\/image-46.png 1000w, https:\/\/bobea.net\/wp-content\/uploads\/2025\/12\/image-46-300x169.png 300w, https:\/\/bobea.net\/wp-content\/uploads\/2025\/12\/image-46-768x432.png 768w\" sizes=\"(max-width: 1000px) 100vw, 1000px\"><\/figure>\n\n\n\n<p><strong>III. Mater\u00adnit\u00e9 et Car\u00adri\u00e8re : R\u00e9in\u00adven\u00adter le Suc\u00adc\u00e8s<\/strong><\/p>\n\n\n\n<p>La <strong>mater\u00adnit\u00e9 et car\u00adri\u00e8re<\/strong> ne sont pas antin\u00ado\u00admiques. Les m\u00e8res devi\u00aden\u00adnent sou\u00advent plus effi\u00adcaces et mieux organ\u00adis\u00e9es par manque de temps. N\u00e9go\u00adciez un horaire flex\u00adi\u00adble, ou optez pour le <em>Mom\u00adpre\u00adneu\u00adrat<\/em> pour cal\u00adquer votre tra\u00advail sur le rythme famil\u00adial. Le r\u00f4le de m\u00e8re est un acc\u00e9l\u00e9ra\u00adteur de com\u00adp\u00e9\u00adtences.<\/p>\n\n\n\n<p><strong>IV. Pren\u00addre Soin de Soi : Le Temps Sacr\u00e9<\/strong><\/p>\n\n\n\n<p>Le <strong>bien-\u00eatre parental<\/strong> com\u00admence par l\u2019in\u00addi\u00advidu. Trou\u00advez 15 min\u00adutes par jour o\u00f9 vous faites quelque chose <em>pour vous<\/em> : lire, m\u00e9diter. C\u2019est non n\u00e9go\u00adcia\u00adble. Entourez-vous d\u2019autres m\u00e8res ; la sol\u00adi\u00addar\u00adit\u00e9 et l\u2019\u00e9\u00adcoute sont d\u2019ex\u00adcel\u00adlentes <strong>solu\u00adtions \u00e0 la charge men\u00adtale<\/strong>.<\/p>\n\n\n\n<p><strong>Con\u00adclu\u00adsion (Syn\u00adth\u00e8se et Force)<\/strong><\/p>\n\n\n\n<p>La <strong>con\u00adcil\u00adi\u00ada\u00adtion vie pro famille<\/strong> est un tra\u00advail d\u2019a\u00adjuste\u00adment per\u00adma\u00adnent. Le suc\u00adc\u00e8s n\u2019est pas de ne jamais tomber, mais de se relever avec plus de clart\u00e9. Soyez indul\u00adgente avec vous-m\u00eame. Vous \u00eates une m\u00e8re, une pro\u00adfes\u00adsion\u00adnelle et une femme : c\u2019est votre force.<\/p>\n","protected":false},"excerpt":{"rendered":"<p>Intro\u00adduc\u00adtion&nbsp; \u00catre m\u00e8re au 21e si\u00e8\u00adcle est une for\u00admi\u00adda\u00adble aven\u00adture, mais c\u2019est aus\u00adsi un marathon. La femme mod\u00aderne est som\u00adm\u00e9e d\u2019ex\u00adceller sur tous les fronts. La con\u00adcil\u00adi\u00ada\u00adtion vie pro famille\u2026 <\/p>\n","protected":false},"author":1,"featured_media":27480,"comment_status":"open","ping_status":"closed","sticky":false,"template":"","format":"standard","meta":{"wp_typography_post_enhancements_disabled":false,"footnotes":""},"categories":[73],"tags":[20315,20313,20312,20314,20266],"class_list":["post-27479","post","type-post","status-publish","format-standard","has-post-thumbnail","hentry","category-on-en-parle","tag-bien-etre-parental-strategies","tag-charge-mentale-solutions","tag-conciliation-vie-pro-famille","tag-equilibre-maman-entrepreneure","tag-maternite-et-carriere"],"yoast_head":"<!-- This site is optimized with the Yoast SEO plugin v24.7 - https:\/\/yoast.com\/wordpress\/plugins\/seo\/ -->\n<title>M\u00e8re au 21e si\u00e8cle : comment concilier passion, carri\u00e8re et vie de famille. - Bobea<\/title>\n<meta name=\"robots\" content=\"index, follow, max-snippet:-1, max-image-preview:large, max-video-preview:-1\" \/>\n<link rel=\"canonical\" href=\"https:\/\/bobea.net\/index.php\/2025\/12\/11\/mere-au-21e-siecle-comment-concilier-passion-carriere-et-vie-de-famille\/\" \/>\n<meta property=\"og:locale\" content=\"fr_FR\" \/>\n<meta property=\"og:type\" content=\"article\" \/>\n<meta property=\"og:title\" content=\"M\u00e8re au 21e si\u00e8cle : comment concilier passion, carri\u00e8re et vie de famille. - Bobea\" \/>\n<meta property=\"og:description\" content=\"Intro\u00adduc\u00adtion&nbsp; \u00catre m\u00e8re au 21e si\u00e8\u00adcle est une for\u00admi\u00adda\u00adble aven\u00adture, mais c\u2019est aus\u00adsi un marathon. La femme mod\u00aderne est som\u00adm\u00e9e d\u2019ex\u00adceller sur tous les fronts. La con\u00adcil\u00adi\u00ada\u00adtion vie pro famille&hellip;\" \/>\n<meta property=\"og:url\" content=\"https:\/\/bobea.net\/index.php\/2025\/12\/11\/mere-au-21e-siecle-comment-concilier-passion-carriere-et-vie-de-famille\/\" \/>\n<meta property=\"og:site_name\" content=\"Bobea\" \/>\n<meta property=\"article:publisher\" content=\"https:\/\/web.facebook.com\/profile.php?id=61559252188416\" \/>\n<meta property=\"article:published_time\" content=\"2025-12-11T17:09:02+00:00\" \/>\n<meta property=\"article:modified_time\" content=\"2025-12-11T17:09:03+00:00\" \/>\n<meta property=\"og:image\" content=\"https:\/\/bobea.net\/wp-content\/uploads\/2025\/12\/pexels-william-fortunato-6392997-1080x675-1.jpg\" \/>\n\t<meta property=\"og:image:width\" content=\"1080\" \/>\n\t<meta property=\"og:image:height\" content=\"675\" \/>\n\t<meta property=\"og:image:type\" content=\"image\/jpeg\" \/>\n<meta name=\"author\" content=\"bobea.info\" \/>\n<meta name=\"twitter:card\" content=\"summary_large_image\" \/>\n<meta name=\"twitter:label1\" content=\"\u00c9crit par\" \/>\n\t<meta name=\"twitter:data1\" content=\"bobea.info\" \/>\n\t<meta name=\"twitter:label2\" content=\"Dur\u00e9e de lecture estim\u00e9e\" \/>\n\t<meta name=\"twitter:data2\" content=\"3 minutes\" \/>\n<script type=\"application\/ld+json\" class=\"yoast-schema-graph\">{\"@context\":\"https:\/\/schema.org\",\"@graph\":[{\"@type\":\"Article\",\"@id\":\"https:\/\/bobea.net\/index.php\/2025\/12\/11\/mere-au-21e-siecle-comment-concilier-passion-carriere-et-vie-de-famille\/#article\",\"isPartOf\":{\"@id\":\"https:\/\/bobea.net\/index.php\/2025\/12\/11\/mere-au-21e-siecle-comment-concilier-passion-carriere-et-vie-de-famille\/\"},\"author\":{\"name\":\"bobea.info\",\"@id\":\"https:\/\/bobea.net\/#\/schema\/person\/e7f45ef187918d7c956bf619dce90ccf\"},\"headline\":\"M\u00e8re au 21e si\u00e8cle : comment concilier passion, carri\u00e8re et vie de famille.\",\"datePublished\":\"2025-12-11T17:09:02+00:00\",\"dateModified\":\"2025-12-11T17:09:03+00:00\",\"mainEntityOfPage\":{\"@id\":\"https:\/\/bobea.net\/index.php\/2025\/12\/11\/mere-au-21e-siecle-comment-concilier-passion-carriere-et-vie-de-famille\/\"},\"wordCount\":388,\"commentCount\":0,\"publisher\":{\"@id\":\"https:\/\/bobea.net\/#organization\"},\"image\":{\"@id\":\"https:\/\/bobea.net\/index.php\/2025\/12\/11\/mere-au-21e-siecle-comment-concilier-passion-carriere-et-vie-de-famille\/#primaryimage\"},\"thumbnailUrl\":\"https:\/\/bobea.net\/wp-content\/uploads\/2025\/12\/pexels-william-fortunato-6392997-1080x675-1.jpg\",\"keywords\":[\"Bien-\u00eatre parental strat\u00e9gies.\",\"Charge mentale solutions\",\"Conciliation vie pro famille\",\"\u00c9quilibre maman entrepreneure\",\"Maternit\u00e9 et carri\u00e8re\"],\"articleSection\":[\"On en Parle\"],\"inLanguage\":\"fr-FR\",\"potentialAction\":[{\"@type\":\"CommentAction\",\"name\":\"Comment\",\"target\":[\"https:\/\/bobea.net\/index.php\/2025\/12\/11\/mere-au-21e-siecle-comment-concilier-passion-carriere-et-vie-de-famille\/#respond\"]}]},{\"@type\":\"WebPage\",\"@id\":\"https:\/\/bobea.net\/index.php\/2025\/12\/11\/mere-au-21e-siecle-comment-concilier-passion-carriere-et-vie-de-famille\/\",\"url\":\"https:\/\/bobea.net\/index.php\/2025\/12\/11\/mere-au-21e-siecle-comment-concilier-passion-carriere-et-vie-de-famille\/\",\"name\":\"M\u00e8re au 21e si\u00e8cle : comment concilier passion, carri\u00e8re et vie de famille. - Bobea\",\"isPartOf\":{\"@id\":\"https:\/\/bobea.net\/#website\"},\"primaryImageOfPage\":{\"@id\":\"https:\/\/bobea.net\/index.php\/2025\/12\/11\/mere-au-21e-siecle-comment-concilier-passion-carriere-et-vie-de-famille\/#primaryimage\"},\"image\":{\"@id\":\"https:\/\/bobea.net\/index.php\/2025\/12\/11\/mere-au-21e-siecle-comment-concilier-passion-carriere-et-vie-de-famille\/#primaryimage\"},\"thumbnailUrl\":\"https:\/\/bobea.net\/wp-content\/uploads\/2025\/12\/pexels-william-fortunato-6392997-1080x675-1.jpg\",\"datePublished\":\"2025-12-11T17:09:02+00:00\",\"dateModified\":\"2025-12-11T17:09:03+00:00\",\"breadcrumb\":{\"@id\":\"https:\/\/bobea.net\/index.php\/2025\/12\/11\/mere-au-21e-siecle-comment-concilier-passion-carriere-et-vie-de-famille\/#breadcrumb\"},\"inLanguage\":\"fr-FR\",\"potentialAction\":[{\"@type\":\"ReadAction\",\"target\":[\"https:\/\/bobea.net\/index.php\/2025\/12\/11\/mere-au-21e-siecle-comment-concilier-passion-carriere-et-vie-de-famille\/\"]}]},{\"@type\":\"ImageObject\",\"inLanguage\":\"fr-FR\",\"@id\":\"https:\/\/bobea.net\/index.php\/2025\/12\/11\/mere-au-21e-siecle-comment-concilier-passion-carriere-et-vie-de-famille\/#primaryimage\",\"url\":\"https:\/\/bobea.net\/wp-content\/uploads\/2025\/12\/pexels-william-fortunato-6392997-1080x675-1.jpg\",\"contentUrl\":\"https:\/\/bobea.net\/wp-content\/uploads\/2025\/12\/pexels-william-fortunato-6392997-1080x675-1.jpg\",\"width\":1080,\"height\":675},{\"@type\":\"BreadcrumbList\",\"@id\":\"https:\/\/bobea.net\/index.php\/2025\/12\/11\/mere-au-21e-siecle-comment-concilier-passion-carriere-et-vie-de-famille\/#breadcrumb\",\"itemListElement\":[{\"@type\":\"ListItem\",\"position\":1,\"name\":\"Accueil\",\"item\":\"https:\/\/bobea.net\/\"},{\"@type\":\"ListItem\",\"position\":2,\"name\":\"M\u00e8re au 21e si\u00e8cle : comment concilier passion, carri\u00e8re et vie de famille.\"}]},{\"@type\":\"WebSite\",\"@id\":\"https:\/\/bobea.net\/#website\",\"url\":\"https:\/\/bobea.net\/\",\"name\":\"Bobea\",\"description\":\"Le magazine de la nouvelle \u00c8ve\",\"publisher\":{\"@id\":\"https:\/\/bobea.net\/#organization\"},\"potentialAction\":[{\"@type\":\"SearchAction\",\"target\":{\"@type\":\"EntryPoint\",\"urlTemplate\":\"https:\/\/bobea.net\/?s={search_term_string}\"},\"query-input\":{\"@type\":\"PropertyValueSpecification\",\"valueRequired\":true,\"valueName\":\"search_term_string\"}}],\"inLanguage\":\"fr-FR\"},{\"@type\":\"Organization\",\"@id\":\"https:\/\/bobea.net\/#organization\",\"name\":\"Bobea\",\"url\":\"https:\/\/bobea.net\/\",\"logo\":{\"@type\":\"ImageObject\",\"inLanguage\":\"fr-FR\",\"@id\":\"https:\/\/bobea.net\/#\/schema\/logo\/image\/\",\"url\":\"https:\/\/bobea.net\/wp-content\/uploads\/2024\/06\/bobea.jpg\",\"contentUrl\":\"https:\/\/bobea.net\/wp-content\/uploads\/2024\/06\/bobea.jpg\",\"width\":1080,\"height\":1080,\"caption\":\"Bobea\"},\"image\":{\"@id\":\"https:\/\/bobea.net\/#\/schema\/logo\/image\/\"},\"sameAs\":[\"https:\/\/web.facebook.com\/profile.php?id=61559252188416\"]},{\"@type\":\"Person\",\"@id\":\"https:\/\/bobea.net\/#\/schema\/person\/e7f45ef187918d7c956bf619dce90ccf\",\"name\":\"bobea.info\",\"image\":{\"@type\":\"ImageObject\",\"inLanguage\":\"fr-FR\",\"@id\":\"https:\/\/bobea.net\/#\/schema\/person\/image\/\",\"url\":\"https:\/\/secure.gravatar.com\/avatar\/36147980349df887ae30808df3e29474?s=96&d=mm&r=g\",\"contentUrl\":\"https:\/\/secure.gravatar.com\/avatar\/36147980349df887ae30808df3e29474?s=96&d=mm&r=g\",\"caption\":\"bobea.info\"},\"sameAs\":[\"https:\/\/bobea.net\"],\"url\":\"https:\/\/bobea.net\/index.php\/author\/bobea-info\/\"}]}<\/script>\n<!-- \/ Yoast SEO plugin. -->","yoast_head_json":{"title":"M\u00e8re au 21e si\u00e8cle : comment concilier passion, carri\u00e8re et vie de famille. - Bobea","robots":{"index":"index","follow":"follow","max-snippet":"max-snippet:-1","max-image-preview":"max-image-preview:large","max-video-preview":"max-video-preview:-1"},"canonical":"https:\/\/bobea.net\/index.php\/2025\/12\/11\/mere-au-21e-siecle-comment-concilier-passion-carriere-et-vie-de-famille\/","og_locale":"fr_FR","og_type":"article","og_title":"M\u00e8re au 21e si\u00e8cle : comment concilier passion, carri\u00e8re et vie de famille. - Bobea","og_description":"Intro\u00adduc\u00adtion&nbsp; \u00catre m\u00e8re au 21e si\u00e8\u00adcle est une for\u00admi\u00adda\u00adble aven\u00adture, mais c\u2019est aus\u00adsi un marathon. La femme mod\u00aderne est som\u00adm\u00e9e d\u2019ex\u00adceller sur tous les fronts. La con\u00adcil\u00adi\u00ada\u00adtion vie pro famille&hellip;","og_url":"https:\/\/bobea.net\/index.php\/2025\/12\/11\/mere-au-21e-siecle-comment-concilier-passion-carriere-et-vie-de-famille\/","og_site_name":"Bobea","article_publisher":"https:\/\/web.facebook.com\/profile.php?id=61559252188416","article_published_time":"2025-12-11T17:09:02+00:00","article_modified_time":"2025-12-11T17:09:03+00:00","og_image":[{"width":1080,"height":675,"url":"https:\/\/bobea.net\/wp-content\/uploads\/2025\/12\/pexels-william-fortunato-6392997-1080x675-1.jpg","type":"image\/jpeg"}],"author":"bobea.info","twitter_card":"summary_large_image","twitter_misc":{"\u00c9crit par":"bobea.info","Dur\u00e9e de lecture estim\u00e9e":"3 minutes"},"schema":{"@context":"https:\/\/schema.org","@graph":[{"@type":"Article","@id":"https:\/\/bobea.net\/index.php\/2025\/12\/11\/mere-au-21e-siecle-comment-concilier-passion-carriere-et-vie-de-famille\/#article","isPartOf":{"@id":"https:\/\/bobea.net\/index.php\/2025\/12\/11\/mere-au-21e-siecle-comment-concilier-passion-carriere-et-vie-de-famille\/"},"author":{"name":"bobea.info","@id":"https:\/\/bobea.net\/#\/schema\/person\/e7f45ef187918d7c956bf619dce90ccf"},"headline":"M\u00e8re au 21e si\u00e8cle : comment concilier passion, carri\u00e8re et vie de famille.","datePublished":"2025-12-11T17:09:02+00:00","dateModified":"2025-12-11T17:09:03+00:00","mainEntityOfPage":{"@id":"https:\/\/bobea.net\/index.php\/2025\/12\/11\/mere-au-21e-siecle-comment-concilier-passion-carriere-et-vie-de-famille\/"},"wordCount":388,"commentCount":0,"publisher":{"@id":"https:\/\/bobea.net\/#organization"},"image":{"@id":"https:\/\/bobea.net\/index.php\/2025\/12\/11\/mere-au-21e-siecle-comment-concilier-passion-carriere-et-vie-de-famille\/#primaryimage"},"thumbnailUrl":"https:\/\/bobea.net\/wp-content\/uploads\/2025\/12\/pexels-william-fortunato-6392997-1080x675-1.jpg","keywords":["Bien-\u00eatre parental strat\u00e9gies.","Charge mentale solutions","Conciliation vie pro famille","\u00c9quilibre maman entrepreneure","Maternit\u00e9 et carri\u00e8re"],"articleSection":["On en Parle"],"inLanguage":"fr-FR","potentialAction":[{"@type":"CommentAction","name":"Comment","target":["https:\/\/bobea.net\/index.php\/2025\/12\/11\/mere-au-21e-siecle-comment-concilier-passion-carriere-et-vie-de-famille\/#respond"]}]},{"@type":"WebPage","@id":"https:\/\/bobea.net\/index.php\/2025\/12\/11\/mere-au-21e-siecle-comment-concilier-passion-carriere-et-vie-de-famille\/","url":"https:\/\/bobea.net\/index.php\/2025\/12\/11\/mere-au-21e-siecle-comment-concilier-passion-carriere-et-vie-de-famille\/","name":"M\u00e8re au 21e si\u00e8cle : comment concilier passion, carri\u00e8re et vie de famille. - Bobea","isPartOf":{"@id":"https:\/\/bobea.net\/#website"},"primaryImageOfPage":{"@id":"https:\/\/bobea.net\/index.php\/2025\/12\/11\/mere-au-21e-siecle-comment-concilier-passion-carriere-et-vie-de-famille\/#primaryimage"},"image":{"@id":"https:\/\/bobea.net\/index.php\/2025\/12\/11\/mere-au-21e-siecle-comment-concilier-passion-carriere-et-vie-de-famille\/#primaryimage"},"thumbnailUrl":"https:\/\/bobea.net\/wp-content\/uploads\/2025\/12\/pexels-william-fortunato-6392997-1080x675-1.jpg","datePublished":"2025-12-11T17:09:02+00:00","dateModified":"2025-12-11T17:09:03+00:00","breadcrumb":{"@id":"https:\/\/bobea.net\/index.php\/2025\/12\/11\/mere-au-21e-siecle-comment-concilier-passion-carriere-et-vie-de-famille\/#breadcrumb"},"inLanguage":"fr-FR","potentialAction":[{"@type":"ReadAction","target":["https:\/\/bobea.net\/index.php\/2025\/12\/11\/mere-au-21e-siecle-comment-concilier-passion-carriere-et-vie-de-famille\/"]}]},{"@type":"ImageObject","inLanguage":"fr-FR","@id":"https:\/\/bobea.net\/index.php\/2025\/12\/11\/mere-au-21e-siecle-comment-concilier-passion-carriere-et-vie-de-famille\/#primaryimage","url":"https:\/\/bobea.net\/wp-content\/uploads\/2025\/12\/pexels-william-fortunato-6392997-1080x675-1.jpg","contentUrl":"https:\/\/bobea.net\/wp-content\/uploads\/2025\/12\/pexels-william-fortunato-6392997-1080x675-1.jpg","width":1080,"height":675},{"@type":"BreadcrumbList","@id":"https:\/\/bobea.net\/index.php\/2025\/12\/11\/mere-au-21e-siecle-comment-concilier-passion-carriere-et-vie-de-famille\/#breadcrumb","itemListElement":[{"@type":"ListItem","position":1,"name":"Accueil","item":"https:\/\/bobea.net\/"},{"@type":"ListItem","position":2,"name":"M\u00e8re au 21e si\u00e8cle : comment concilier passion, carri\u00e8re et vie de famille."}]},{"@type":"WebSite","@id":"https:\/\/bobea.net\/#website","url":"https:\/\/bobea.net\/","name":"Bobea","description":"Le magazine de la nouvelle \u00c8ve","publisher":{"@id":"https:\/\/bobea.net\/#organization"},"potentialAction":[{"@type":"SearchAction","target":{"@type":"EntryPoint","urlTemplate":"https:\/\/bobea.net\/?s={search_term_string}"},"query-input":{"@type":"PropertyValueSpecification","valueRequired":true,"valueName":"search_term_string"}}],"inLanguage":"fr-FR"},{"@type":"Organization","@id":"https:\/\/bobea.net\/#organization","name":"Bobea","url":"https:\/\/bobea.net\/","logo":{"@type":"ImageObject","inLanguage":"fr-FR","@id":"https:\/\/bobea.net\/#\/schema\/logo\/image\/","url":"https:\/\/bobea.net\/wp-content\/uploads\/2024\/06\/bobea.jpg","contentUrl":"https:\/\/bobea.net\/wp-content\/uploads\/2024\/06\/bobea.jpg","width":1080,"height":1080,"caption":"Bobea"},"image":{"@id":"https:\/\/bobea.net\/#\/schema\/logo\/image\/"},"sameAs":["https:\/\/web.facebook.com\/profile.php?id=61559252188416"]},{"@type":"Person","@id":"https:\/\/bobea.net\/#\/schema\/person\/e7f45ef187918d7c956bf619dce90ccf","name":"bobea.info","image":{"@type":"ImageObject","inLanguage":"fr-FR","@id":"https:\/\/bobea.net\/#\/schema\/person\/image\/","url":"https:\/\/secure.gravatar.com\/avatar\/36147980349df887ae30808df3e29474?s=96&d=mm&r=g","contentUrl":"https:\/\/secure.gravatar.com\/avatar\/36147980349df887ae30808df3e29474?s=96&d=mm&r=g","caption":"bobea.info"},"sameAs":["https:\/\/bobea.net"],"url":"https:\/\/bobea.net\/index.php\/author\/bobea-info\/"}]}},"_links":{"self":[{"href":"https:\/\/bobea.net\/index.php\/wp-json\/wp\/v2\/posts\/27479"}],"collection":[{"href":"https:\/\/bobea.net\/index.php\/wp-json\/wp\/v2\/posts"}],"about":[{"href":"https:\/\/bobea.net\/index.php\/wp-json\/wp\/v2\/types\/post"}],"author":[{"embeddable":true,"href":"https:\/\/bobea.net\/index.php\/wp-json\/wp\/v2\/users\/1"}],"replies":[{"embeddable":true,"href":"https:\/\/bobea.net\/index.php\/wp-json\/wp\/v2\/comments?post=27479"}],"version-history":[{"count":1,"href":"https:\/\/bobea.net\/index.php\/wp-json\/wp\/v2\/posts\/27479\/revisions"}],"predecessor-version":[{"id":27482,"href":"https:\/\/bobea.net\/index.php\/wp-json\/wp\/v2\/posts\/27479\/revisions\/27482"}],"wp:featuredmedia":[{"embeddable":true,"href":"https:\/\/bobea.net\/index.php\/wp-json\/wp\/v2\/media\/27480"}],"wp:attachment":[{"href":"https:\/\/bobea.net\/index.php\/wp-json\/wp\/v2\/media?parent=27479"}],"wp:term":[{"taxonomy":"category","embeddable":true,"href":"https:\/\/bobea.net\/index.php\/wp-json\/wp\/v2\/categories?post=27479"},{"taxonomy":"post_tag","embeddable":true,"href":"https:\/\/bobea.net\/index.php\/wp-json\/wp\/v2\/tags?post=27479"}],"curies":[{"name":"wp","href":"https:\/\/api.w.org\/{rel}","templated":true}]}}