{"id":27057,"date":"2025-11-16T11:18:00","date_gmt":"2025-11-16T11:18:00","guid":{"rendered":"https:\/\/bobea.net\/?p=27057"},"modified":"2025-11-16T11:18:02","modified_gmt":"2025-11-16T11:18:02","slug":"editorial-limperatif-de-la-digue-agir-ensemble-contre-les-violences-faites-aux-femmes","status":"publish","type":"post","link":"https:\/\/bobea.net\/index.php\/2025\/11\/16\/editorial-limperatif-de-la-digue-agir-ensemble-contre-les-violences-faites-aux-femmes\/","title":{"rendered":"\u00c9DITORIAL : L\u2019Imp\u00e9ratif de la Digue \u2013 Agir Ensemble Contre les Violences Faites aux Femmes"},"content":{"rendered":"\n<p><strong>Par Chris\u00adt\u00adian Sab\u00adba, Human\u00adiste et Fon\u00adda\u00adteur du Mou\u00adve\u00adment Les Gar\u00addi\u00adennes<\/strong><\/p>\n\n\n\n<p>Le silence est un com\u00adplice. L\u2019i\u00adn\u00adac\u00adtion est un aveu de faib\u00adlesse. Face \u00e0 l\u2019ef\u00adfroy\u00adable bilan des <strong>f\u00e9mini\u00adcides<\/strong> et des vio\u00adlences qui meur\u00adtris\u00adsent notre pays, notre soci\u00e9t\u00e9 ne peut plus se con\u00adtenter de compter les vic\u00adtimes. <strong>Nous lan\u00e7ons offi\u00adcielle\u00adment l\u2019ap\u00adpel : La soci\u00e9t\u00e9 vit et compte les morts, les vic\u00adtimes, les femmes.<\/strong><\/p>\n\n\n\n<p>Nous avons fail\u00adli, col\u00adlec\u00adtive\u00adment. Aujour\u00add\u2019hui, <strong>La Nou\u00advelle \u00c8ve<\/strong> doit pou\u00advoir se retrou\u00adver, s\u2019\u00e9\u00adpanouir et men\u00ader le com\u00adbat de front. Il est temps de dire <strong>non<\/strong> \u00e0 la peur, de ne plus subir, et d\u2019in\u00adter\u00adpeller les autorit\u00e9s pour que la loi pro\u00adt\u00e8ge, mais surtout pour que la France s\u2019in\u00adspire de ce qui se passe ailleurs, en Espagne par exem\u00adple, o\u00f9 une poli\u00adtique plus auda\u00adcieuse a \u00e9t\u00e9 mise en place.<\/p>\n\n\n\n<p><strong>Pro\u00adt\u00e9ger l\u2019\u00c8ve, Sauver la Civil\u00adi\u00adsa\u00adtion<\/strong><\/p>\n\n\n\n<p>Il n\u2019est nulle\u00adment ques\u00adtion d\u2019in\u00adter\u00addire les rela\u00adtions et les inter\u00adf\u00e9rences sociales, ces rela\u00adtions indis\u00adpens\u00adables entre les hommes et les femmes, fonde\u00adment de notre human\u00adit\u00e9. Au con\u00adtraire. Mais <strong>pro\u00adt\u00e9ger les femmes, doit nous inter\u00adpeller.<\/strong><\/p>\n\n\n\n<p>Depuis cinq ans, notre groupe essaie de crier au loup, de con\u00adstituer un mou\u00adve\u00adment pour que la soci\u00e9t\u00e9 toute enti\u00e8re se r\u00e9veille. Car si une femme ne peut pas aller danser, aller faire du sport, pren\u00addre le m\u00e9tro sans crainte, cela sig\u00adni\u00adfie que nous avons fail\u00adli. Cela veut dire que notre soci\u00e9t\u00e9, notre civil\u00adi\u00adsa\u00adtion, se d\u00e9voie et perd pied.<\/p>\n\n\n\n<p><strong>L\u2019e\u00adspace pub\u00adlic doit \u00eatre un espace s\u00fbr pour tous.<\/strong> L\u2019in\u00adtim\u00adit\u00e9 des foy\u00aders ne doit plus \u00eatre une zone de non-droit o\u00f9 la vio\u00adlence dicte sa loi. C\u2019est le con\u00adtrat social qui est en jeu.<\/p>\n\n\n\n<figure class=\"wp-block-image size-full\"><img loading=\"lazy\" decoding=\"async\" width=\"1000\" height=\"667\" src=\"https:\/\/bobea.net\/wp-content\/uploads\/2025\/11\/f275069c6319696752a750v_00248137-1000x667-1.jpg\" alt class=\"wp-image-27058\" srcset=\"https:\/\/bobea.net\/wp-content\/uploads\/2025\/11\/f275069c6319696752a750v_00248137-1000x667-1.jpg 1000w, https:\/\/bobea.net\/wp-content\/uploads\/2025\/11\/f275069c6319696752a750v_00248137-1000x667-1-300x200.jpg 300w, https:\/\/bobea.net\/wp-content\/uploads\/2025\/11\/f275069c6319696752a750v_00248137-1000x667-1-768x512.jpg 768w\" sizes=\"(max-width: 1000px) 100vw, 1000px\"><\/figure>\n\n\n\n<p><strong>Bougeons-nous : L\u2019Heure des Gar\u00addi\u00adennes<\/strong><\/p>\n\n\n\n<p>Alors, <strong>bougeons-nous, les \u00c8ve !<\/strong><\/p>\n\n\n\n<p>Ce jour\u00adnal est le v\u00f4tre. Prenez la parole. Par\u00adlez. T\u00e9moignez. Nous par\u00adlerons de vos tour\u00adments, de vos exp\u00e9ri\u00adences. Votre voix est notre boucli\u00ader, votre courage est notre \u00e9ten\u00addard.<\/p>\n\n\n\n<p>En atten\u00addant, nous agirons, toutes et tous, au sein de l\u2019as\u00adso\u00adci\u00ada\u00adtion <strong>Les Gar\u00addi\u00adennes<\/strong>, une organ\u00adi\u00adsa\u00adtion d\u00e9ter\u00admin\u00e9e \u00e0 veiller, sur\u00adveiller, et faire pres\u00adsion sur les autorit\u00e9s. Notre mis\u00adsion : exiger des moyens, des lois plus fortes, des for\u00adma\u00adtions adap\u00adt\u00e9es pour les forces de l\u2019or\u00addre et la jus\u00adtice, et surtout une prise de con\u00adscience nationale.<\/p>\n\n\n\n<p>L\u2019ob\u00adjec\u00adtif est de cr\u00e9er une v\u00e9ri\u00adta\u00adble <strong>digue<\/strong> con\u00adtre ce fl\u00e9au. Le respect n\u2019est pas une option, c\u2019est le socle de notre vie com\u00admune.<\/p>\n\n\n\n<p><strong>Vive La Nou\u00advelle \u00c8ve, Vive Les Gar\u00addi\u00adennes !<\/strong><\/p>\n","protected":false},"excerpt":{"rendered":"<p>Par Chris\u00adt\u00adian Sab\u00adba, Human\u00adiste et Fon\u00adda\u00adteur du Mou\u00adve\u00adment Les Gar\u00addi\u00adennes Le silence est un com\u00adplice. L\u2019i\u00adn\u00adac\u00adtion est un aveu de faib\u00adlesse. Face \u00e0 l\u2019ef\u00adfroy\u00adable bilan des f\u00e9mini\u00adcides et des vio\u00adlences\u2026 <\/p>\n","protected":false},"author":1,"featured_media":27059,"comment_status":"open","ping_status":"closed","sticky":false,"template":"","format":"standard","meta":{"wp_typography_post_enhancements_disabled":false,"footnotes":""},"categories":[48],"tags":[],"class_list":["post-27057","post","type-post","status-publish","format-standard","has-post-thumbnail","hentry","category-edito"],"yoast_head":"<!-- This site is optimized with the Yoast SEO plugin v24.7 - https:\/\/yoast.com\/wordpress\/plugins\/seo\/ -->\n<title>\u00c9DITORIAL : L&#039;Imp\u00e9ratif de la Digue \u2013 Agir Ensemble Contre les Violences Faites aux Femmes - Bobea<\/title>\n<meta name=\"description\" content=\"Le silence est un complice. L&#039;inaction est un aveu de faiblesse. Face \u00e0 l&#039;effroyable bilan des f\u00e9minicides et des violences\" \/>\n<meta name=\"robots\" content=\"index, follow, max-snippet:-1, max-image-preview:large, max-video-preview:-1\" \/>\n<link rel=\"canonical\" href=\"https:\/\/bobea.net\/index.php\/2025\/11\/16\/editorial-limperatif-de-la-digue-agir-ensemble-contre-les-violences-faites-aux-femmes\/\" \/>\n<meta property=\"og:locale\" content=\"fr_FR\" \/>\n<meta property=\"og:type\" content=\"article\" \/>\n<meta property=\"og:title\" content=\"\u00c9DITORIAL : L&#039;Imp\u00e9ratif de la Digue \u2013 Agir Ensemble Contre les Violences Faites aux Femmes - Bobea\" \/>\n<meta property=\"og:description\" content=\"Le silence est un complice. L&#039;inaction est un aveu de faiblesse. Face \u00e0 l&#039;effroyable bilan des f\u00e9minicides et des violences\" \/>\n<meta property=\"og:url\" content=\"https:\/\/bobea.net\/index.php\/2025\/11\/16\/editorial-limperatif-de-la-digue-agir-ensemble-contre-les-violences-faites-aux-femmes\/\" \/>\n<meta property=\"og:site_name\" content=\"Bobea\" \/>\n<meta property=\"article:publisher\" content=\"https:\/\/web.facebook.com\/profile.php?id=61559252188416\" \/>\n<meta property=\"article:published_time\" content=\"2025-11-16T11:18:00+00:00\" \/>\n<meta property=\"article:modified_time\" content=\"2025-11-16T11:18:02+00:00\" \/>\n<meta property=\"og:image\" content=\"https:\/\/bobea.net\/wp-content\/uploads\/2025\/11\/iStock-157318309-1.jpg\" \/>\n\t<meta property=\"og:image:width\" content=\"724\" \/>\n\t<meta property=\"og:image:height\" content=\"483\" \/>\n\t<meta property=\"og:image:type\" content=\"image\/jpeg\" \/>\n<meta name=\"author\" content=\"bobea.info\" \/>\n<meta name=\"twitter:card\" content=\"summary_large_image\" \/>\n<meta name=\"twitter:label1\" content=\"\u00c9crit par\" \/>\n\t<meta name=\"twitter:data1\" content=\"bobea.info\" \/>\n\t<meta name=\"twitter:label2\" content=\"Dur\u00e9e de lecture estim\u00e9e\" \/>\n\t<meta name=\"twitter:data2\" content=\"3 minutes\" \/>\n<script type=\"application\/ld+json\" class=\"yoast-schema-graph\">{\"@context\":\"https:\/\/schema.org\",\"@graph\":[{\"@type\":\"Article\",\"@id\":\"https:\/\/bobea.net\/index.php\/2025\/11\/16\/editorial-limperatif-de-la-digue-agir-ensemble-contre-les-violences-faites-aux-femmes\/#article\",\"isPartOf\":{\"@id\":\"https:\/\/bobea.net\/index.php\/2025\/11\/16\/editorial-limperatif-de-la-digue-agir-ensemble-contre-les-violences-faites-aux-femmes\/\"},\"author\":{\"name\":\"bobea.info\",\"@id\":\"https:\/\/bobea.net\/#\/schema\/person\/e7f45ef187918d7c956bf619dce90ccf\"},\"headline\":\"\u00c9DITORIAL : L\u2019Imp\u00e9ratif de la Digue \u2013 Agir Ensemble Contre les Violences Faites aux Femmes\",\"datePublished\":\"2025-11-16T11:18:00+00:00\",\"dateModified\":\"2025-11-16T11:18:02+00:00\",\"mainEntityOfPage\":{\"@id\":\"https:\/\/bobea.net\/index.php\/2025\/11\/16\/editorial-limperatif-de-la-digue-agir-ensemble-contre-les-violences-faites-aux-femmes\/\"},\"wordCount\":434,\"commentCount\":0,\"publisher\":{\"@id\":\"https:\/\/bobea.net\/#organization\"},\"image\":{\"@id\":\"https:\/\/bobea.net\/index.php\/2025\/11\/16\/editorial-limperatif-de-la-digue-agir-ensemble-contre-les-violences-faites-aux-femmes\/#primaryimage\"},\"thumbnailUrl\":\"https:\/\/bobea.net\/wp-content\/uploads\/2025\/11\/iStock-157318309-1.jpg\",\"articleSection\":[\"edito\"],\"inLanguage\":\"fr-FR\",\"potentialAction\":[{\"@type\":\"CommentAction\",\"name\":\"Comment\",\"target\":[\"https:\/\/bobea.net\/index.php\/2025\/11\/16\/editorial-limperatif-de-la-digue-agir-ensemble-contre-les-violences-faites-aux-femmes\/#respond\"]}]},{\"@type\":\"WebPage\",\"@id\":\"https:\/\/bobea.net\/index.php\/2025\/11\/16\/editorial-limperatif-de-la-digue-agir-ensemble-contre-les-violences-faites-aux-femmes\/\",\"url\":\"https:\/\/bobea.net\/index.php\/2025\/11\/16\/editorial-limperatif-de-la-digue-agir-ensemble-contre-les-violences-faites-aux-femmes\/\",\"name\":\"\u00c9DITORIAL : L'Imp\u00e9ratif de la Digue \u2013 Agir Ensemble Contre les Violences Faites aux Femmes - Bobea\",\"isPartOf\":{\"@id\":\"https:\/\/bobea.net\/#website\"},\"primaryImageOfPage\":{\"@id\":\"https:\/\/bobea.net\/index.php\/2025\/11\/16\/editorial-limperatif-de-la-digue-agir-ensemble-contre-les-violences-faites-aux-femmes\/#primaryimage\"},\"image\":{\"@id\":\"https:\/\/bobea.net\/index.php\/2025\/11\/16\/editorial-limperatif-de-la-digue-agir-ensemble-contre-les-violences-faites-aux-femmes\/#primaryimage\"},\"thumbnailUrl\":\"https:\/\/bobea.net\/wp-content\/uploads\/2025\/11\/iStock-157318309-1.jpg\",\"datePublished\":\"2025-11-16T11:18:00+00:00\",\"dateModified\":\"2025-11-16T11:18:02+00:00\",\"description\":\"Le silence est un complice. L'inaction est un aveu de faiblesse. Face \u00e0 l'effroyable bilan des f\u00e9minicides et des violences\",\"breadcrumb\":{\"@id\":\"https:\/\/bobea.net\/index.php\/2025\/11\/16\/editorial-limperatif-de-la-digue-agir-ensemble-contre-les-violences-faites-aux-femmes\/#breadcrumb\"},\"inLanguage\":\"fr-FR\",\"potentialAction\":[{\"@type\":\"ReadAction\",\"target\":[\"https:\/\/bobea.net\/index.php\/2025\/11\/16\/editorial-limperatif-de-la-digue-agir-ensemble-contre-les-violences-faites-aux-femmes\/\"]}]},{\"@type\":\"ImageObject\",\"inLanguage\":\"fr-FR\",\"@id\":\"https:\/\/bobea.net\/index.php\/2025\/11\/16\/editorial-limperatif-de-la-digue-agir-ensemble-contre-les-violences-faites-aux-femmes\/#primaryimage\",\"url\":\"https:\/\/bobea.net\/wp-content\/uploads\/2025\/11\/iStock-157318309-1.jpg\",\"contentUrl\":\"https:\/\/bobea.net\/wp-content\/uploads\/2025\/11\/iStock-157318309-1.jpg\",\"width\":724,\"height\":483},{\"@type\":\"BreadcrumbList\",\"@id\":\"https:\/\/bobea.net\/index.php\/2025\/11\/16\/editorial-limperatif-de-la-digue-agir-ensemble-contre-les-violences-faites-aux-femmes\/#breadcrumb\",\"itemListElement\":[{\"@type\":\"ListItem\",\"position\":1,\"name\":\"Accueil\",\"item\":\"https:\/\/bobea.net\/\"},{\"@type\":\"ListItem\",\"position\":2,\"name\":\"\u00c9DITORIAL : L&rsquo;Imp\u00e9ratif de la Digue \u2013 Agir Ensemble Contre les Violences Faites aux Femmes\"}]},{\"@type\":\"WebSite\",\"@id\":\"https:\/\/bobea.net\/#website\",\"url\":\"https:\/\/bobea.net\/\",\"name\":\"Bobea\",\"description\":\"Le magazine de la nouvelle \u00c8ve\",\"publisher\":{\"@id\":\"https:\/\/bobea.net\/#organization\"},\"potentialAction\":[{\"@type\":\"SearchAction\",\"target\":{\"@type\":\"EntryPoint\",\"urlTemplate\":\"https:\/\/bobea.net\/?s={search_term_string}\"},\"query-input\":{\"@type\":\"PropertyValueSpecification\",\"valueRequired\":true,\"valueName\":\"search_term_string\"}}],\"inLanguage\":\"fr-FR\"},{\"@type\":\"Organization\",\"@id\":\"https:\/\/bobea.net\/#organization\",\"name\":\"Bobea\",\"url\":\"https:\/\/bobea.net\/\",\"logo\":{\"@type\":\"ImageObject\",\"inLanguage\":\"fr-FR\",\"@id\":\"https:\/\/bobea.net\/#\/schema\/logo\/image\/\",\"url\":\"https:\/\/bobea.net\/wp-content\/uploads\/2024\/06\/bobea.jpg\",\"contentUrl\":\"https:\/\/bobea.net\/wp-content\/uploads\/2024\/06\/bobea.jpg\",\"width\":1080,\"height\":1080,\"caption\":\"Bobea\"},\"image\":{\"@id\":\"https:\/\/bobea.net\/#\/schema\/logo\/image\/\"},\"sameAs\":[\"https:\/\/web.facebook.com\/profile.php?id=61559252188416\"]},{\"@type\":\"Person\",\"@id\":\"https:\/\/bobea.net\/#\/schema\/person\/e7f45ef187918d7c956bf619dce90ccf\",\"name\":\"bobea.info\",\"image\":{\"@type\":\"ImageObject\",\"inLanguage\":\"fr-FR\",\"@id\":\"https:\/\/bobea.net\/#\/schema\/person\/image\/\",\"url\":\"https:\/\/secure.gravatar.com\/avatar\/36147980349df887ae30808df3e29474?s=96&d=mm&r=g\",\"contentUrl\":\"https:\/\/secure.gravatar.com\/avatar\/36147980349df887ae30808df3e29474?s=96&d=mm&r=g\",\"caption\":\"bobea.info\"},\"sameAs\":[\"https:\/\/bobea.net\"],\"url\":\"https:\/\/bobea.net\/index.php\/author\/bobea-info\/\"}]}<\/script>\n<!-- \/ Yoast SEO plugin. -->","yoast_head_json":{"title":"\u00c9DITORIAL : L'Imp\u00e9ratif de la Digue \u2013 Agir Ensemble Contre les Violences Faites aux Femmes - Bobea","description":"Le silence est un complice. L'inaction est un aveu de faiblesse. Face \u00e0 l'effroyable bilan des f\u00e9minicides et des violences","robots":{"index":"index","follow":"follow","max-snippet":"max-snippet:-1","max-image-preview":"max-image-preview:large","max-video-preview":"max-video-preview:-1"},"canonical":"https:\/\/bobea.net\/index.php\/2025\/11\/16\/editorial-limperatif-de-la-digue-agir-ensemble-contre-les-violences-faites-aux-femmes\/","og_locale":"fr_FR","og_type":"article","og_title":"\u00c9DITORIAL : L'Imp\u00e9ratif de la Digue \u2013 Agir Ensemble Contre les Violences Faites aux Femmes - Bobea","og_description":"Le silence est un complice. L'inaction est un aveu de faiblesse. Face \u00e0 l'effroyable bilan des f\u00e9minicides et des violences","og_url":"https:\/\/bobea.net\/index.php\/2025\/11\/16\/editorial-limperatif-de-la-digue-agir-ensemble-contre-les-violences-faites-aux-femmes\/","og_site_name":"Bobea","article_publisher":"https:\/\/web.facebook.com\/profile.php?id=61559252188416","article_published_time":"2025-11-16T11:18:00+00:00","article_modified_time":"2025-11-16T11:18:02+00:00","og_image":[{"width":724,"height":483,"url":"https:\/\/bobea.net\/wp-content\/uploads\/2025\/11\/iStock-157318309-1.jpg","type":"image\/jpeg"}],"author":"bobea.info","twitter_card":"summary_large_image","twitter_misc":{"\u00c9crit par":"bobea.info","Dur\u00e9e de lecture estim\u00e9e":"3 minutes"},"schema":{"@context":"https:\/\/schema.org","@graph":[{"@type":"Article","@id":"https:\/\/bobea.net\/index.php\/2025\/11\/16\/editorial-limperatif-de-la-digue-agir-ensemble-contre-les-violences-faites-aux-femmes\/#article","isPartOf":{"@id":"https:\/\/bobea.net\/index.php\/2025\/11\/16\/editorial-limperatif-de-la-digue-agir-ensemble-contre-les-violences-faites-aux-femmes\/"},"author":{"name":"bobea.info","@id":"https:\/\/bobea.net\/#\/schema\/person\/e7f45ef187918d7c956bf619dce90ccf"},"headline":"\u00c9DITORIAL : L\u2019Imp\u00e9ratif de la Digue \u2013 Agir Ensemble Contre les Violences Faites aux Femmes","datePublished":"2025-11-16T11:18:00+00:00","dateModified":"2025-11-16T11:18:02+00:00","mainEntityOfPage":{"@id":"https:\/\/bobea.net\/index.php\/2025\/11\/16\/editorial-limperatif-de-la-digue-agir-ensemble-contre-les-violences-faites-aux-femmes\/"},"wordCount":434,"commentCount":0,"publisher":{"@id":"https:\/\/bobea.net\/#organization"},"image":{"@id":"https:\/\/bobea.net\/index.php\/2025\/11\/16\/editorial-limperatif-de-la-digue-agir-ensemble-contre-les-violences-faites-aux-femmes\/#primaryimage"},"thumbnailUrl":"https:\/\/bobea.net\/wp-content\/uploads\/2025\/11\/iStock-157318309-1.jpg","articleSection":["edito"],"inLanguage":"fr-FR","potentialAction":[{"@type":"CommentAction","name":"Comment","target":["https:\/\/bobea.net\/index.php\/2025\/11\/16\/editorial-limperatif-de-la-digue-agir-ensemble-contre-les-violences-faites-aux-femmes\/#respond"]}]},{"@type":"WebPage","@id":"https:\/\/bobea.net\/index.php\/2025\/11\/16\/editorial-limperatif-de-la-digue-agir-ensemble-contre-les-violences-faites-aux-femmes\/","url":"https:\/\/bobea.net\/index.php\/2025\/11\/16\/editorial-limperatif-de-la-digue-agir-ensemble-contre-les-violences-faites-aux-femmes\/","name":"\u00c9DITORIAL : L'Imp\u00e9ratif de la Digue \u2013 Agir Ensemble Contre les Violences Faites aux Femmes - Bobea","isPartOf":{"@id":"https:\/\/bobea.net\/#website"},"primaryImageOfPage":{"@id":"https:\/\/bobea.net\/index.php\/2025\/11\/16\/editorial-limperatif-de-la-digue-agir-ensemble-contre-les-violences-faites-aux-femmes\/#primaryimage"},"image":{"@id":"https:\/\/bobea.net\/index.php\/2025\/11\/16\/editorial-limperatif-de-la-digue-agir-ensemble-contre-les-violences-faites-aux-femmes\/#primaryimage"},"thumbnailUrl":"https:\/\/bobea.net\/wp-content\/uploads\/2025\/11\/iStock-157318309-1.jpg","datePublished":"2025-11-16T11:18:00+00:00","dateModified":"2025-11-16T11:18:02+00:00","description":"Le silence est un complice. L'inaction est un aveu de faiblesse. Face \u00e0 l'effroyable bilan des f\u00e9minicides et des violences","breadcrumb":{"@id":"https:\/\/bobea.net\/index.php\/2025\/11\/16\/editorial-limperatif-de-la-digue-agir-ensemble-contre-les-violences-faites-aux-femmes\/#breadcrumb"},"inLanguage":"fr-FR","potentialAction":[{"@type":"ReadAction","target":["https:\/\/bobea.net\/index.php\/2025\/11\/16\/editorial-limperatif-de-la-digue-agir-ensemble-contre-les-violences-faites-aux-femmes\/"]}]},{"@type":"ImageObject","inLanguage":"fr-FR","@id":"https:\/\/bobea.net\/index.php\/2025\/11\/16\/editorial-limperatif-de-la-digue-agir-ensemble-contre-les-violences-faites-aux-femmes\/#primaryimage","url":"https:\/\/bobea.net\/wp-content\/uploads\/2025\/11\/iStock-157318309-1.jpg","contentUrl":"https:\/\/bobea.net\/wp-content\/uploads\/2025\/11\/iStock-157318309-1.jpg","width":724,"height":483},{"@type":"BreadcrumbList","@id":"https:\/\/bobea.net\/index.php\/2025\/11\/16\/editorial-limperatif-de-la-digue-agir-ensemble-contre-les-violences-faites-aux-femmes\/#breadcrumb","itemListElement":[{"@type":"ListItem","position":1,"name":"Accueil","item":"https:\/\/bobea.net\/"},{"@type":"ListItem","position":2,"name":"\u00c9DITORIAL : L&rsquo;Imp\u00e9ratif de la Digue \u2013 Agir Ensemble Contre les Violences Faites aux Femmes"}]},{"@type":"WebSite","@id":"https:\/\/bobea.net\/#website","url":"https:\/\/bobea.net\/","name":"Bobea","description":"Le magazine de la nouvelle \u00c8ve","publisher":{"@id":"https:\/\/bobea.net\/#organization"},"potentialAction":[{"@type":"SearchAction","target":{"@type":"EntryPoint","urlTemplate":"https:\/\/bobea.net\/?s={search_term_string}"},"query-input":{"@type":"PropertyValueSpecification","valueRequired":true,"valueName":"search_term_string"}}],"inLanguage":"fr-FR"},{"@type":"Organization","@id":"https:\/\/bobea.net\/#organization","name":"Bobea","url":"https:\/\/bobea.net\/","logo":{"@type":"ImageObject","inLanguage":"fr-FR","@id":"https:\/\/bobea.net\/#\/schema\/logo\/image\/","url":"https:\/\/bobea.net\/wp-content\/uploads\/2024\/06\/bobea.jpg","contentUrl":"https:\/\/bobea.net\/wp-content\/uploads\/2024\/06\/bobea.jpg","width":1080,"height":1080,"caption":"Bobea"},"image":{"@id":"https:\/\/bobea.net\/#\/schema\/logo\/image\/"},"sameAs":["https:\/\/web.facebook.com\/profile.php?id=61559252188416"]},{"@type":"Person","@id":"https:\/\/bobea.net\/#\/schema\/person\/e7f45ef187918d7c956bf619dce90ccf","name":"bobea.info","image":{"@type":"ImageObject","inLanguage":"fr-FR","@id":"https:\/\/bobea.net\/#\/schema\/person\/image\/","url":"https:\/\/secure.gravatar.com\/avatar\/36147980349df887ae30808df3e29474?s=96&d=mm&r=g","contentUrl":"https:\/\/secure.gravatar.com\/avatar\/36147980349df887ae30808df3e29474?s=96&d=mm&r=g","caption":"bobea.info"},"sameAs":["https:\/\/bobea.net"],"url":"https:\/\/bobea.net\/index.php\/author\/bobea-info\/"}]}},"_links":{"self":[{"href":"https:\/\/bobea.net\/index.php\/wp-json\/wp\/v2\/posts\/27057"}],"collection":[{"href":"https:\/\/bobea.net\/index.php\/wp-json\/wp\/v2\/posts"}],"about":[{"href":"https:\/\/bobea.net\/index.php\/wp-json\/wp\/v2\/types\/post"}],"author":[{"embeddable":true,"href":"https:\/\/bobea.net\/index.php\/wp-json\/wp\/v2\/users\/1"}],"replies":[{"embeddable":true,"href":"https:\/\/bobea.net\/index.php\/wp-json\/wp\/v2\/comments?post=27057"}],"version-history":[{"count":1,"href":"https:\/\/bobea.net\/index.php\/wp-json\/wp\/v2\/posts\/27057\/revisions"}],"predecessor-version":[{"id":27060,"href":"https:\/\/bobea.net\/index.php\/wp-json\/wp\/v2\/posts\/27057\/revisions\/27060"}],"wp:featuredmedia":[{"embeddable":true,"href":"https:\/\/bobea.net\/index.php\/wp-json\/wp\/v2\/media\/27059"}],"wp:attachment":[{"href":"https:\/\/bobea.net\/index.php\/wp-json\/wp\/v2\/media?parent=27057"}],"wp:term":[{"taxonomy":"category","embeddable":true,"href":"https:\/\/bobea.net\/index.php\/wp-json\/wp\/v2\/categories?post=27057"},{"taxonomy":"post_tag","embeddable":true,"href":"https:\/\/bobea.net\/index.php\/wp-json\/wp\/v2\/tags?post=27057"}],"curies":[{"name":"wp","href":"https:\/\/api.w.org\/{rel}","templated":true}]}}