{"id":27047,"date":"2025-11-13T15:17:26","date_gmt":"2025-11-13T15:17:26","guid":{"rendered":"https:\/\/bobea.net\/?p=27047"},"modified":"2025-11-13T15:17:28","modified_gmt":"2025-11-13T15:17:28","slug":"le-futur-du-travail-le-concept-des-4-jours-par-semaine-experiences-reussies-et-ce-que-la-france-peut-en-attendre-en-2026","status":"publish","type":"post","link":"https:\/\/bobea.net\/index.php\/2025\/11\/13\/le-futur-du-travail-le-concept-des-4-jours-par-semaine-experiences-reussies-et-ce-que-la-france-peut-en-attendre-en-2026\/","title":{"rendered":"Le Futur du Travail : Le concept des 4 jours par semaine. Exp\u00e9riences r\u00e9ussies et ce que la France peut en attendre en 2026."},"content":{"rendered":"\n<p>Le mod\u00ad\u00e8le de la semaine de tra\u00advail de cinq jours, h\u00e9rit\u00e9 de l\u2019\u00e8re indus\u00adtrielle du XXe si\u00e8\u00adcle, est de plus en plus remis en ques\u00adtion. En novem\u00adbre 2025, le con\u00adcept de la <strong>semaine de qua\u00adtre jours<\/strong> (avec main\u00adtien du salaire et des heures con\u00adtractuelles) passe du stade de l\u2019ex\u00adp\u00e9ri\u00admen\u00adta\u00adtion mar\u00adginale \u00e0 celui de mod\u00ad\u00e8le viable, notam\u00adment dans le secteur des ser\u00advices et de la Tech. Des essais con\u00adclu\u00adants en Islande, en Espagne, et au Roy\u00adaume-Uni ont prou\u00adv\u00e9 que la pro\u00adduc\u00adtiv\u00adit\u00e9 pou\u00advait \u00eatre main\u00adtenue, voire aug\u00admen\u00adt\u00e9e, tout en am\u00e9lio\u00adrant dras\u00adtique\u00adment la qual\u00adit\u00e9 de vie et le bien-\u00eatre des employ\u00e9s. <em>BOBEA MAGAZINE<\/em> analyse les r\u00e9sul\u00adtats factuels de ces exp\u00e9ri\u00adences et ce que ce change\u00adment pour\u00adrait apporter aux <em>Nou\u00advelles \u00c8ves<\/em> en France.<\/p>\n\n\n\n<p><strong>Les R\u00e9sul\u00adtats Factuels : La Preuve par l\u2019Ex\u00adp\u00e9ri\u00adence<\/strong><\/p>\n\n\n\n<p>L\u2019ex\u00adp\u00e9ri\u00adence la plus vaste a \u00e9t\u00e9 men\u00e9e au Roy\u00adaume-Uni en 2024, impli\u00adquant 61 entre\u00adpris\u00ades et env\u00adi\u00adron 3000 employ\u00e9s. Les r\u00e9sul\u00adtats sont sans appel :<\/p>\n\n\n\n<ul class=\"wp-block-list\">\n<li><strong>Main\u00adtien de la Pro\u00adduc\u00adtiv\u00adit\u00e9 :<\/strong> 92% des entre\u00adpris\u00ades inter\u00adrog\u00e9es ont d\u00e9clar\u00e9 que la pro\u00adduc\u00adtiv\u00adit\u00e9 \u00e9tait main\u00adtenue, ou m\u00eame l\u00e9g\u00e8re\u00adment aug\u00admen\u00adt\u00e9e, gr\u00e2ce \u00e0 une meilleure con\u00adcen\u00adtra\u00adtion des \u00e9quipes.<\/li>\n\n\n\n<li><strong>Bien-\u00eatre Accru :<\/strong> Le stress et l\u2019anx\u00adi\u00e9t\u00e9 ont dimin\u00adu\u00e9 de 39% chez les employ\u00e9s. La fatigue au tra\u00advail a chut\u00e9 de 71%.<\/li>\n\n\n\n<li><strong>Meilleure R\u00e9ten\u00adtion :<\/strong> Le nom\u00adbre de d\u00e9mis\u00adsions a chut\u00e9 de 57% par rap\u00adport \u00e0 l\u2019an\u00adn\u00e9e pr\u00e9c\u00e9\u00addente, prou\u00advant que la semaine de qua\u00adtre jours est un puis\u00adsant out\u00adil de fid\u00e9li\u00adsa\u00adtion des tal\u00adents.<\/li>\n<\/ul>\n\n\n\n<p><strong>Un Atout Majeur pour les Femmes<\/strong><\/p>\n\n\n\n<p>Pour les femmes (les <em>Nou\u00advelles \u00c8ves<\/em>), ce mod\u00ad\u00e8le est poten\u00adtielle\u00adment r\u00e9vo\u00adlu\u00adtion\u00adnaire, car il attaque de front la ques\u00adtion de la <strong>dou\u00adble journ\u00e9e<\/strong>.<\/p>\n\n\n\n<figure class=\"wp-block-image size-large\"><img loading=\"lazy\" decoding=\"async\" width=\"1024\" height=\"683\" src=\"https:\/\/bobea.net\/wp-content\/uploads\/2025\/11\/Cohesion-dequipe-3-personnes_0-1024x683.jpg\" alt class=\"wp-image-27049\" srcset=\"https:\/\/bobea.net\/wp-content\/uploads\/2025\/11\/Cohesion-dequipe-3-personnes_0-1024x683.jpg 1024w, https:\/\/bobea.net\/wp-content\/uploads\/2025\/11\/Cohesion-dequipe-3-personnes_0-300x200.jpg 300w, https:\/\/bobea.net\/wp-content\/uploads\/2025\/11\/Cohesion-dequipe-3-personnes_0-768x512.jpg 768w, https:\/\/bobea.net\/wp-content\/uploads\/2025\/11\/Cohesion-dequipe-3-personnes_0.jpg 1125w\" sizes=\"(max-width: 1024px) 100vw, 1024px\"><\/figure>\n\n\n\n<ol start=\"1\" class=\"wp-block-list\">\n<li><strong>R\u00e9duc\u00adtion de la Charge Men\u00adtale :<\/strong> Le troisi\u00e8me jour de con\u00adg\u00e9 per\u00admet de mieux absorber la charge men\u00adtale li\u00e9e \u00e0 la ges\u00adtion du foy\u00ader (ren\u00addez-vous m\u00e9di\u00adcaux, cours\u00ades, m\u00e9nage, \u00e9cole). Cela r\u00e9duit l\u2019\u00e9puise\u00adment et per\u00admet aux femmes de con\u00adsacr\u00ader leur week-end (same\u00addi-dimanche) \u00e0 de v\u00e9ri\u00adta\u00adbles loisirs ou \u00e0 leur pro\u00adpre d\u00e9veloppe\u00adment (voir Arti\u00adcle 23).<\/li>\n\n\n\n<li><strong>\u00c9gal\u00adit\u00e9 Pro\u00adfes\u00adsion\u00adnelle :<\/strong> En offrant un meilleur \u00e9quili\u00adbre vie professionnelle\/vie per\u00adson\u00adnelle, les employeurs retirent l\u2019ar\u00adgu\u00adment selon lequel la car\u00adri\u00e8re f\u00e9mi\u00adnine doit n\u00e9ces\u00adsaire\u00adment ralen\u00adtir au moment de la mater\u00adnit\u00e9. Cela ouvre la voie \u00e0 une meilleure par\u00adit\u00e9 aux postes de direc\u00adtion.<\/li>\n<\/ol>\n\n\n\n<p><strong>Les Obsta\u00adcles et l\u2019Avenir en France (2026)<\/strong><\/p>\n\n\n\n<p>Si le mod\u00ad\u00e8le fait ses preuves, son int\u00e9\u00adgra\u00adtion en France est plus com\u00adplexe, notam\u00adment en rai\u00adson de la l\u00e9g\u00adis\u00adla\u00adtion sur les 35 heures et des dif\u00adf\u00e9rences sec\u00adto\u00adrielles.<\/p>\n\n\n\n<ul class=\"wp-block-list\">\n<li><strong>Le D\u00e9fis Cul\u00adturel :<\/strong> Les entre\u00adpris\u00ades fran\u00e7ais\u00ades val\u00adorisent encore sou\u00advent le \u201cpr\u00e9sen\u00adt\u00e9isme\u201d (le fait d\u2019\u00eatre pr\u00e9sent, m\u00eame sans \u00eatre pro\u00adduc\u00adtif). Chang\u00ader la cul\u00adture man\u00adag\u00e9ri\u00adale est le plus grand obsta\u00adcle. Le suc\u00adc\u00e8s d\u00e9pen\u00addra d\u2019une cul\u00adture du tra\u00advail ori\u00aden\u00adt\u00e9e vers les <strong>r\u00e9sul\u00adtats<\/strong> plut\u00f4t que vers les heures pass\u00e9es au bureau.<\/li>\n\n\n\n<li><strong>Les Exp\u00e9ri\u00admen\u00adta\u00adtions Fran\u00e7ais\u00ades :<\/strong> Plusieurs PME et quelques ETI fran\u00e7ais\u00ades (notam\u00adment dans le secteur du logi\u00adciel et du con\u00adseil) ont lanc\u00e9 des pilotes depuis 2024. Leurs pre\u00admiers bilans sont posi\u00adtifs, mais la g\u00e9n\u00e9ral\u00adi\u00adsa\u00adtion exige l\u2019im\u00adpli\u00adca\u00adtion des grandes entre\u00adpris\u00ades du CAC 40.<\/li>\n\n\n\n<li><strong>L\u2019En\u00adjeu Poli\u00adtique :<\/strong> Le d\u00e9bat est en cours au Par\u00adlement pour encour\u00adager fis\u00adcale\u00adment les entre\u00adpris\u00ades adop\u00adtant ce mod\u00ad\u00e8le pour 2026, recon\u00adnais\u00adsant son poten\u00adtiel social et \u00e9conomique.<\/li>\n<\/ul>\n\n\n\n<p><strong>Con\u00adclu\u00adsion :<\/strong><\/p>\n\n\n\n<p>Le futur du tra\u00advail ne sera pas d\u00e9fi\u00adni par o\u00f9 nous tra\u00advail\u00adlons (t\u00e9l\u00e9\u00adtra\u00advail ou bureau), mais par <strong>com\u00adment<\/strong> nous tra\u00advail\u00adlons. La semaine de qua\u00adtre jours est plus qu\u2019un avan\u00adtage social ; c\u2019est un engage\u00adment pour la pro\u00adduc\u00adtiv\u00adit\u00e9 intel\u00adli\u00adgente et le bien-\u00eatre. Pour les <em>Nou\u00advelles \u00c8ves<\/em> qui jon\u00adg\u00adlent entre ambi\u00adtion pro\u00adfes\u00adsion\u00adnelle et exi\u00adgences per\u00adson\u00adnelles, cette \u00e9vo\u00adlu\u00adtion est l\u2019une des plus promet\u00adteuses pour un v\u00e9ri\u00adta\u00adble \u00e9quili\u00adbre en 2026.<\/p>\n","protected":false},"excerpt":{"rendered":"<p>Le mod\u00ad\u00e8le de la semaine de tra\u00advail de cinq jours, h\u00e9rit\u00e9 de l\u2019\u00e8re indus\u00adtrielle du XXe si\u00e8\u00adcle, est de plus en plus remis en ques\u00adtion. En novem\u00adbre 2025, le con\u00adcept\u2026 <\/p>\n","protected":false},"author":1,"featured_media":27048,"comment_status":"open","ping_status":"closed","sticky":false,"template":"","format":"standard","meta":{"wp_typography_post_enhancements_disabled":false,"footnotes":""},"categories":[52],"tags":[19961,19964,19967,19963,19962,19965,19966],"class_list":["post-27047","post","type-post","status-publish","format-standard","has-post-thumbnail","hentry","category-business","tag-futurdutravail","tag-management-2","tag-modelesocial","tag-productivite-2","tag-qualitedevie","tag-semaine4jours","tag-teletravail-2"],"yoast_head":"<!-- This site is optimized with the Yoast SEO plugin v24.7 - https:\/\/yoast.com\/wordpress\/plugins\/seo\/ -->\n<title>Le Futur du Travail : Le concept des 4 jours par semaine. Exp\u00e9riences r\u00e9ussies et ce que la France peut en attendre en 2026. - Bobea<\/title>\n<meta name=\"description\" content=\"Le mod\u00e8le de la semaine de travail de cinq jours, h\u00e9rit\u00e9 de l&#039;\u00e8re industrielle du XXe si\u00e8cle, est de plus en plus remis en question.\" \/>\n<meta name=\"robots\" content=\"index, follow, max-snippet:-1, max-image-preview:large, max-video-preview:-1\" \/>\n<link rel=\"canonical\" href=\"https:\/\/bobea.net\/index.php\/2025\/11\/13\/le-futur-du-travail-le-concept-des-4-jours-par-semaine-experiences-reussies-et-ce-que-la-france-peut-en-attendre-en-2026\/\" \/>\n<meta property=\"og:locale\" content=\"fr_FR\" \/>\n<meta property=\"og:type\" content=\"article\" \/>\n<meta property=\"og:title\" content=\"Le Futur du Travail : Le concept des 4 jours par semaine. Exp\u00e9riences r\u00e9ussies et ce que la France peut en attendre en 2026. - Bobea\" \/>\n<meta property=\"og:description\" content=\"Le mod\u00e8le de la semaine de travail de cinq jours, h\u00e9rit\u00e9 de l&#039;\u00e8re industrielle du XXe si\u00e8cle, est de plus en plus remis en question.\" \/>\n<meta property=\"og:url\" content=\"https:\/\/bobea.net\/index.php\/2025\/11\/13\/le-futur-du-travail-le-concept-des-4-jours-par-semaine-experiences-reussies-et-ce-que-la-france-peut-en-attendre-en-2026\/\" \/>\n<meta property=\"og:site_name\" content=\"Bobea\" \/>\n<meta property=\"article:publisher\" content=\"https:\/\/web.facebook.com\/profile.php?id=61559252188416\" \/>\n<meta property=\"article:published_time\" content=\"2025-11-13T15:17:26+00:00\" \/>\n<meta property=\"article:modified_time\" content=\"2025-11-13T15:17:28+00:00\" \/>\n<meta property=\"og:image\" content=\"https:\/\/bobea.net\/wp-content\/uploads\/2025\/11\/semaine_4_jours_gf.jpg\" \/>\n\t<meta property=\"og:image:width\" content=\"1140\" \/>\n\t<meta property=\"og:image:height\" content=\"580\" \/>\n\t<meta property=\"og:image:type\" content=\"image\/jpeg\" \/>\n<meta name=\"author\" content=\"bobea.info\" \/>\n<meta name=\"twitter:card\" content=\"summary_large_image\" \/>\n<meta name=\"twitter:label1\" content=\"\u00c9crit par\" \/>\n\t<meta name=\"twitter:data1\" content=\"bobea.info\" \/>\n\t<meta name=\"twitter:label2\" content=\"Dur\u00e9e de lecture estim\u00e9e\" \/>\n\t<meta name=\"twitter:data2\" content=\"4 minutes\" \/>\n<script type=\"application\/ld+json\" class=\"yoast-schema-graph\">{\"@context\":\"https:\/\/schema.org\",\"@graph\":[{\"@type\":\"Article\",\"@id\":\"https:\/\/bobea.net\/index.php\/2025\/11\/13\/le-futur-du-travail-le-concept-des-4-jours-par-semaine-experiences-reussies-et-ce-que-la-france-peut-en-attendre-en-2026\/#article\",\"isPartOf\":{\"@id\":\"https:\/\/bobea.net\/index.php\/2025\/11\/13\/le-futur-du-travail-le-concept-des-4-jours-par-semaine-experiences-reussies-et-ce-que-la-france-peut-en-attendre-en-2026\/\"},\"author\":{\"name\":\"bobea.info\",\"@id\":\"https:\/\/bobea.net\/#\/schema\/person\/e7f45ef187918d7c956bf619dce90ccf\"},\"headline\":\"Le Futur du Travail : Le concept des 4 jours par semaine. Exp\u00e9riences r\u00e9ussies et ce que la France peut en attendre en 2026.\",\"datePublished\":\"2025-11-13T15:17:26+00:00\",\"dateModified\":\"2025-11-13T15:17:28+00:00\",\"mainEntityOfPage\":{\"@id\":\"https:\/\/bobea.net\/index.php\/2025\/11\/13\/le-futur-du-travail-le-concept-des-4-jours-par-semaine-experiences-reussies-et-ce-que-la-france-peut-en-attendre-en-2026\/\"},\"wordCount\":651,\"commentCount\":0,\"publisher\":{\"@id\":\"https:\/\/bobea.net\/#organization\"},\"image\":{\"@id\":\"https:\/\/bobea.net\/index.php\/2025\/11\/13\/le-futur-du-travail-le-concept-des-4-jours-par-semaine-experiences-reussies-et-ce-que-la-france-peut-en-attendre-en-2026\/#primaryimage\"},\"thumbnailUrl\":\"https:\/\/bobea.net\/wp-content\/uploads\/2025\/11\/semaine_4_jours_gf.jpg\",\"keywords\":[\"#FuturDuTravail\",\"#Management\",\"#Mod\u00e8leSocial\",\"#Productivit\u00e9\",\"#Qualit\u00e9DeVie\",\"#Semaine4Jours\",\"#T\u00e9l\u00e9travail\"],\"articleSection\":[\"Business\"],\"inLanguage\":\"fr-FR\",\"potentialAction\":[{\"@type\":\"CommentAction\",\"name\":\"Comment\",\"target\":[\"https:\/\/bobea.net\/index.php\/2025\/11\/13\/le-futur-du-travail-le-concept-des-4-jours-par-semaine-experiences-reussies-et-ce-que-la-france-peut-en-attendre-en-2026\/#respond\"]}]},{\"@type\":\"WebPage\",\"@id\":\"https:\/\/bobea.net\/index.php\/2025\/11\/13\/le-futur-du-travail-le-concept-des-4-jours-par-semaine-experiences-reussies-et-ce-que-la-france-peut-en-attendre-en-2026\/\",\"url\":\"https:\/\/bobea.net\/index.php\/2025\/11\/13\/le-futur-du-travail-le-concept-des-4-jours-par-semaine-experiences-reussies-et-ce-que-la-france-peut-en-attendre-en-2026\/\",\"name\":\"Le Futur du Travail : Le concept des 4 jours par semaine. Exp\u00e9riences r\u00e9ussies et ce que la France peut en attendre en 2026. - Bobea\",\"isPartOf\":{\"@id\":\"https:\/\/bobea.net\/#website\"},\"primaryImageOfPage\":{\"@id\":\"https:\/\/bobea.net\/index.php\/2025\/11\/13\/le-futur-du-travail-le-concept-des-4-jours-par-semaine-experiences-reussies-et-ce-que-la-france-peut-en-attendre-en-2026\/#primaryimage\"},\"image\":{\"@id\":\"https:\/\/bobea.net\/index.php\/2025\/11\/13\/le-futur-du-travail-le-concept-des-4-jours-par-semaine-experiences-reussies-et-ce-que-la-france-peut-en-attendre-en-2026\/#primaryimage\"},\"thumbnailUrl\":\"https:\/\/bobea.net\/wp-content\/uploads\/2025\/11\/semaine_4_jours_gf.jpg\",\"datePublished\":\"2025-11-13T15:17:26+00:00\",\"dateModified\":\"2025-11-13T15:17:28+00:00\",\"description\":\"Le mod\u00e8le de la semaine de travail de cinq jours, h\u00e9rit\u00e9 de l'\u00e8re industrielle du XXe si\u00e8cle, est de plus en plus remis en question.\",\"breadcrumb\":{\"@id\":\"https:\/\/bobea.net\/index.php\/2025\/11\/13\/le-futur-du-travail-le-concept-des-4-jours-par-semaine-experiences-reussies-et-ce-que-la-france-peut-en-attendre-en-2026\/#breadcrumb\"},\"inLanguage\":\"fr-FR\",\"potentialAction\":[{\"@type\":\"ReadAction\",\"target\":[\"https:\/\/bobea.net\/index.php\/2025\/11\/13\/le-futur-du-travail-le-concept-des-4-jours-par-semaine-experiences-reussies-et-ce-que-la-france-peut-en-attendre-en-2026\/\"]}]},{\"@type\":\"ImageObject\",\"inLanguage\":\"fr-FR\",\"@id\":\"https:\/\/bobea.net\/index.php\/2025\/11\/13\/le-futur-du-travail-le-concept-des-4-jours-par-semaine-experiences-reussies-et-ce-que-la-france-peut-en-attendre-en-2026\/#primaryimage\",\"url\":\"https:\/\/bobea.net\/wp-content\/uploads\/2025\/11\/semaine_4_jours_gf.jpg\",\"contentUrl\":\"https:\/\/bobea.net\/wp-content\/uploads\/2025\/11\/semaine_4_jours_gf.jpg\",\"width\":1140,\"height\":580},{\"@type\":\"BreadcrumbList\",\"@id\":\"https:\/\/bobea.net\/index.php\/2025\/11\/13\/le-futur-du-travail-le-concept-des-4-jours-par-semaine-experiences-reussies-et-ce-que-la-france-peut-en-attendre-en-2026\/#breadcrumb\",\"itemListElement\":[{\"@type\":\"ListItem\",\"position\":1,\"name\":\"Accueil\",\"item\":\"https:\/\/bobea.net\/\"},{\"@type\":\"ListItem\",\"position\":2,\"name\":\"Le Futur du Travail : Le concept des 4 jours par semaine. Exp\u00e9riences r\u00e9ussies et ce que la France peut en attendre en 2026.\"}]},{\"@type\":\"WebSite\",\"@id\":\"https:\/\/bobea.net\/#website\",\"url\":\"https:\/\/bobea.net\/\",\"name\":\"Bobea\",\"description\":\"Le magazine de la nouvelle \u00c8ve\",\"publisher\":{\"@id\":\"https:\/\/bobea.net\/#organization\"},\"potentialAction\":[{\"@type\":\"SearchAction\",\"target\":{\"@type\":\"EntryPoint\",\"urlTemplate\":\"https:\/\/bobea.net\/?s={search_term_string}\"},\"query-input\":{\"@type\":\"PropertyValueSpecification\",\"valueRequired\":true,\"valueName\":\"search_term_string\"}}],\"inLanguage\":\"fr-FR\"},{\"@type\":\"Organization\",\"@id\":\"https:\/\/bobea.net\/#organization\",\"name\":\"Bobea\",\"url\":\"https:\/\/bobea.net\/\",\"logo\":{\"@type\":\"ImageObject\",\"inLanguage\":\"fr-FR\",\"@id\":\"https:\/\/bobea.net\/#\/schema\/logo\/image\/\",\"url\":\"https:\/\/bobea.net\/wp-content\/uploads\/2024\/06\/bobea.jpg\",\"contentUrl\":\"https:\/\/bobea.net\/wp-content\/uploads\/2024\/06\/bobea.jpg\",\"width\":1080,\"height\":1080,\"caption\":\"Bobea\"},\"image\":{\"@id\":\"https:\/\/bobea.net\/#\/schema\/logo\/image\/\"},\"sameAs\":[\"https:\/\/web.facebook.com\/profile.php?id=61559252188416\"]},{\"@type\":\"Person\",\"@id\":\"https:\/\/bobea.net\/#\/schema\/person\/e7f45ef187918d7c956bf619dce90ccf\",\"name\":\"bobea.info\",\"image\":{\"@type\":\"ImageObject\",\"inLanguage\":\"fr-FR\",\"@id\":\"https:\/\/bobea.net\/#\/schema\/person\/image\/\",\"url\":\"https:\/\/secure.gravatar.com\/avatar\/36147980349df887ae30808df3e29474?s=96&d=mm&r=g\",\"contentUrl\":\"https:\/\/secure.gravatar.com\/avatar\/36147980349df887ae30808df3e29474?s=96&d=mm&r=g\",\"caption\":\"bobea.info\"},\"sameAs\":[\"https:\/\/bobea.net\"],\"url\":\"https:\/\/bobea.net\/index.php\/author\/bobea-info\/\"}]}<\/script>\n<!-- \/ Yoast SEO plugin. -->","yoast_head_json":{"title":"Le Futur du Travail : Le concept des 4 jours par semaine. Exp\u00e9riences r\u00e9ussies et ce que la France peut en attendre en 2026. - Bobea","description":"Le mod\u00e8le de la semaine de travail de cinq jours, h\u00e9rit\u00e9 de l'\u00e8re industrielle du XXe si\u00e8cle, est de plus en plus remis en question.","robots":{"index":"index","follow":"follow","max-snippet":"max-snippet:-1","max-image-preview":"max-image-preview:large","max-video-preview":"max-video-preview:-1"},"canonical":"https:\/\/bobea.net\/index.php\/2025\/11\/13\/le-futur-du-travail-le-concept-des-4-jours-par-semaine-experiences-reussies-et-ce-que-la-france-peut-en-attendre-en-2026\/","og_locale":"fr_FR","og_type":"article","og_title":"Le Futur du Travail : Le concept des 4 jours par semaine. Exp\u00e9riences r\u00e9ussies et ce que la France peut en attendre en 2026. - Bobea","og_description":"Le mod\u00e8le de la semaine de travail de cinq jours, h\u00e9rit\u00e9 de l'\u00e8re industrielle du XXe si\u00e8cle, est de plus en plus remis en question.","og_url":"https:\/\/bobea.net\/index.php\/2025\/11\/13\/le-futur-du-travail-le-concept-des-4-jours-par-semaine-experiences-reussies-et-ce-que-la-france-peut-en-attendre-en-2026\/","og_site_name":"Bobea","article_publisher":"https:\/\/web.facebook.com\/profile.php?id=61559252188416","article_published_time":"2025-11-13T15:17:26+00:00","article_modified_time":"2025-11-13T15:17:28+00:00","og_image":[{"width":1140,"height":580,"url":"https:\/\/bobea.net\/wp-content\/uploads\/2025\/11\/semaine_4_jours_gf.jpg","type":"image\/jpeg"}],"author":"bobea.info","twitter_card":"summary_large_image","twitter_misc":{"\u00c9crit par":"bobea.info","Dur\u00e9e de lecture estim\u00e9e":"4 minutes"},"schema":{"@context":"https:\/\/schema.org","@graph":[{"@type":"Article","@id":"https:\/\/bobea.net\/index.php\/2025\/11\/13\/le-futur-du-travail-le-concept-des-4-jours-par-semaine-experiences-reussies-et-ce-que-la-france-peut-en-attendre-en-2026\/#article","isPartOf":{"@id":"https:\/\/bobea.net\/index.php\/2025\/11\/13\/le-futur-du-travail-le-concept-des-4-jours-par-semaine-experiences-reussies-et-ce-que-la-france-peut-en-attendre-en-2026\/"},"author":{"name":"bobea.info","@id":"https:\/\/bobea.net\/#\/schema\/person\/e7f45ef187918d7c956bf619dce90ccf"},"headline":"Le Futur du Travail : Le concept des 4 jours par semaine. Exp\u00e9riences r\u00e9ussies et ce que la France peut en attendre en 2026.","datePublished":"2025-11-13T15:17:26+00:00","dateModified":"2025-11-13T15:17:28+00:00","mainEntityOfPage":{"@id":"https:\/\/bobea.net\/index.php\/2025\/11\/13\/le-futur-du-travail-le-concept-des-4-jours-par-semaine-experiences-reussies-et-ce-que-la-france-peut-en-attendre-en-2026\/"},"wordCount":651,"commentCount":0,"publisher":{"@id":"https:\/\/bobea.net\/#organization"},"image":{"@id":"https:\/\/bobea.net\/index.php\/2025\/11\/13\/le-futur-du-travail-le-concept-des-4-jours-par-semaine-experiences-reussies-et-ce-que-la-france-peut-en-attendre-en-2026\/#primaryimage"},"thumbnailUrl":"https:\/\/bobea.net\/wp-content\/uploads\/2025\/11\/semaine_4_jours_gf.jpg","keywords":["#FuturDuTravail","#Management","#Mod\u00e8leSocial","#Productivit\u00e9","#Qualit\u00e9DeVie","#Semaine4Jours","#T\u00e9l\u00e9travail"],"articleSection":["Business"],"inLanguage":"fr-FR","potentialAction":[{"@type":"CommentAction","name":"Comment","target":["https:\/\/bobea.net\/index.php\/2025\/11\/13\/le-futur-du-travail-le-concept-des-4-jours-par-semaine-experiences-reussies-et-ce-que-la-france-peut-en-attendre-en-2026\/#respond"]}]},{"@type":"WebPage","@id":"https:\/\/bobea.net\/index.php\/2025\/11\/13\/le-futur-du-travail-le-concept-des-4-jours-par-semaine-experiences-reussies-et-ce-que-la-france-peut-en-attendre-en-2026\/","url":"https:\/\/bobea.net\/index.php\/2025\/11\/13\/le-futur-du-travail-le-concept-des-4-jours-par-semaine-experiences-reussies-et-ce-que-la-france-peut-en-attendre-en-2026\/","name":"Le Futur du Travail : Le concept des 4 jours par semaine. Exp\u00e9riences r\u00e9ussies et ce que la France peut en attendre en 2026. - Bobea","isPartOf":{"@id":"https:\/\/bobea.net\/#website"},"primaryImageOfPage":{"@id":"https:\/\/bobea.net\/index.php\/2025\/11\/13\/le-futur-du-travail-le-concept-des-4-jours-par-semaine-experiences-reussies-et-ce-que-la-france-peut-en-attendre-en-2026\/#primaryimage"},"image":{"@id":"https:\/\/bobea.net\/index.php\/2025\/11\/13\/le-futur-du-travail-le-concept-des-4-jours-par-semaine-experiences-reussies-et-ce-que-la-france-peut-en-attendre-en-2026\/#primaryimage"},"thumbnailUrl":"https:\/\/bobea.net\/wp-content\/uploads\/2025\/11\/semaine_4_jours_gf.jpg","datePublished":"2025-11-13T15:17:26+00:00","dateModified":"2025-11-13T15:17:28+00:00","description":"Le mod\u00e8le de la semaine de travail de cinq jours, h\u00e9rit\u00e9 de l'\u00e8re industrielle du XXe si\u00e8cle, est de plus en plus remis en question.","breadcrumb":{"@id":"https:\/\/bobea.net\/index.php\/2025\/11\/13\/le-futur-du-travail-le-concept-des-4-jours-par-semaine-experiences-reussies-et-ce-que-la-france-peut-en-attendre-en-2026\/#breadcrumb"},"inLanguage":"fr-FR","potentialAction":[{"@type":"ReadAction","target":["https:\/\/bobea.net\/index.php\/2025\/11\/13\/le-futur-du-travail-le-concept-des-4-jours-par-semaine-experiences-reussies-et-ce-que-la-france-peut-en-attendre-en-2026\/"]}]},{"@type":"ImageObject","inLanguage":"fr-FR","@id":"https:\/\/bobea.net\/index.php\/2025\/11\/13\/le-futur-du-travail-le-concept-des-4-jours-par-semaine-experiences-reussies-et-ce-que-la-france-peut-en-attendre-en-2026\/#primaryimage","url":"https:\/\/bobea.net\/wp-content\/uploads\/2025\/11\/semaine_4_jours_gf.jpg","contentUrl":"https:\/\/bobea.net\/wp-content\/uploads\/2025\/11\/semaine_4_jours_gf.jpg","width":1140,"height":580},{"@type":"BreadcrumbList","@id":"https:\/\/bobea.net\/index.php\/2025\/11\/13\/le-futur-du-travail-le-concept-des-4-jours-par-semaine-experiences-reussies-et-ce-que-la-france-peut-en-attendre-en-2026\/#breadcrumb","itemListElement":[{"@type":"ListItem","position":1,"name":"Accueil","item":"https:\/\/bobea.net\/"},{"@type":"ListItem","position":2,"name":"Le Futur du Travail : Le concept des 4 jours par semaine. Exp\u00e9riences r\u00e9ussies et ce que la France peut en attendre en 2026."}]},{"@type":"WebSite","@id":"https:\/\/bobea.net\/#website","url":"https:\/\/bobea.net\/","name":"Bobea","description":"Le magazine de la nouvelle \u00c8ve","publisher":{"@id":"https:\/\/bobea.net\/#organization"},"potentialAction":[{"@type":"SearchAction","target":{"@type":"EntryPoint","urlTemplate":"https:\/\/bobea.net\/?s={search_term_string}"},"query-input":{"@type":"PropertyValueSpecification","valueRequired":true,"valueName":"search_term_string"}}],"inLanguage":"fr-FR"},{"@type":"Organization","@id":"https:\/\/bobea.net\/#organization","name":"Bobea","url":"https:\/\/bobea.net\/","logo":{"@type":"ImageObject","inLanguage":"fr-FR","@id":"https:\/\/bobea.net\/#\/schema\/logo\/image\/","url":"https:\/\/bobea.net\/wp-content\/uploads\/2024\/06\/bobea.jpg","contentUrl":"https:\/\/bobea.net\/wp-content\/uploads\/2024\/06\/bobea.jpg","width":1080,"height":1080,"caption":"Bobea"},"image":{"@id":"https:\/\/bobea.net\/#\/schema\/logo\/image\/"},"sameAs":["https:\/\/web.facebook.com\/profile.php?id=61559252188416"]},{"@type":"Person","@id":"https:\/\/bobea.net\/#\/schema\/person\/e7f45ef187918d7c956bf619dce90ccf","name":"bobea.info","image":{"@type":"ImageObject","inLanguage":"fr-FR","@id":"https:\/\/bobea.net\/#\/schema\/person\/image\/","url":"https:\/\/secure.gravatar.com\/avatar\/36147980349df887ae30808df3e29474?s=96&d=mm&r=g","contentUrl":"https:\/\/secure.gravatar.com\/avatar\/36147980349df887ae30808df3e29474?s=96&d=mm&r=g","caption":"bobea.info"},"sameAs":["https:\/\/bobea.net"],"url":"https:\/\/bobea.net\/index.php\/author\/bobea-info\/"}]}},"_links":{"self":[{"href":"https:\/\/bobea.net\/index.php\/wp-json\/wp\/v2\/posts\/27047"}],"collection":[{"href":"https:\/\/bobea.net\/index.php\/wp-json\/wp\/v2\/posts"}],"about":[{"href":"https:\/\/bobea.net\/index.php\/wp-json\/wp\/v2\/types\/post"}],"author":[{"embeddable":true,"href":"https:\/\/bobea.net\/index.php\/wp-json\/wp\/v2\/users\/1"}],"replies":[{"embeddable":true,"href":"https:\/\/bobea.net\/index.php\/wp-json\/wp\/v2\/comments?post=27047"}],"version-history":[{"count":1,"href":"https:\/\/bobea.net\/index.php\/wp-json\/wp\/v2\/posts\/27047\/revisions"}],"predecessor-version":[{"id":27050,"href":"https:\/\/bobea.net\/index.php\/wp-json\/wp\/v2\/posts\/27047\/revisions\/27050"}],"wp:featuredmedia":[{"embeddable":true,"href":"https:\/\/bobea.net\/index.php\/wp-json\/wp\/v2\/media\/27048"}],"wp:attachment":[{"href":"https:\/\/bobea.net\/index.php\/wp-json\/wp\/v2\/media?parent=27047"}],"wp:term":[{"taxonomy":"category","embeddable":true,"href":"https:\/\/bobea.net\/index.php\/wp-json\/wp\/v2\/categories?post=27047"},{"taxonomy":"post_tag","embeddable":true,"href":"https:\/\/bobea.net\/index.php\/wp-json\/wp\/v2\/tags?post=27047"}],"curies":[{"name":"wp","href":"https:\/\/api.w.org\/{rel}","templated":true}]}}