{"id":2703,"date":"2024-06-29T10:27:45","date_gmt":"2024-06-29T10:27:45","guid":{"rendered":"https:\/\/bobea.net\/?p=2703"},"modified":"2024-06-29T10:27:47","modified_gmt":"2024-06-29T10:27:47","slug":"philippe-lellouche-et-rima-abdul-malak-quand-un-commentaire-souleve-le-debat","status":"publish","type":"post","link":"https:\/\/bobea.net\/index.php\/2024\/06\/29\/philippe-lellouche-et-rima-abdul-malak-quand-un-commentaire-souleve-le-debat\/","title":{"rendered":"Philippe Lellouche et Rima Abdul Malak : Quand un commentaire soul\u00e8ve le d\u00e9bat"},"content":{"rendered":"\n<p>Une remar\u00adque qui fait r\u00e9a\u00adgir<\/p>\n\n\n\n<p>R\u00e9cem\u00adment, Philippe Lel\u00adlouche a fait un com\u00admen\u00adtaire sur l\u2019ap\u00adparence de Rima Abdul Malak, min\u00adistre de la Cul\u00adture, lors d\u2019une \u00e9mis\u00adsion t\u00e9l\u00e9vis\u00e9e. Sa remar\u00adque \u201cElle est jolie, mais\u2026\u201d a rapi\u00adde\u00adment sus\u00adcit\u00e9 des r\u00e9ac\u00adtions sur les r\u00e9seaux soci\u00adaux et dans cer\u00adtains m\u00e9dias.<\/p>\n\n\n\n<p>Un r\u00e9v\u00e9la\u00adteur des atti\u00adtudes per\u00adsis\u00adtantes<\/p>\n\n\n\n<p>Cet inci\u00addent met en lumi\u00e8re la per\u00adsis\u00adtance de cer\u00adtains com\u00adporte\u00adments dans la soci\u00e9t\u00e9 fran\u00e7aise. Il soul\u00e8ve des ques\u00adtions sur la fa\u00e7on dont les femmes en posi\u00adtion de pou\u00advoir sont par\u00adfois per\u00e7ues et com\u00admen\u00adt\u00e9es, en par\u00adti\u00adc\u00aduli\u00ader dans les m\u00e9dias.<\/p>\n\n\n\n<p>Un d\u00e9bat sur le sex\u00adisme ordi\u00adnaire<\/p>\n\n\n\n<p>Le com\u00admen\u00adtaire de Lel\u00adlouche a relanc\u00e9 le d\u00e9bat sur le sex\u00adisme ordi\u00adnaire en France. Il rap\u00adpelle que m\u00eame des per\u00adson\u00adnal\u00adit\u00e9s publiques peu\u00advent par\u00adfois tenir des pro\u00adpos qui r\u00e9duisent une femme \u00e0 son apparence, n\u00e9g\u00adligeant ses com\u00adp\u00e9\u00adtences et son r\u00f4le pro\u00adfes\u00adsion\u00adnel.<\/p>\n\n\n\n<p>Une cou\u00adver\u00adture m\u00e9di\u00ada\u00adtique lim\u00adit\u00e9e<\/p>\n\n\n\n<p>Con\u00adtraire\u00adment \u00e0 ce qu\u2019on pour\u00adrait atten\u00addre, cet inci\u00addent n\u2019a pas fait les gros titres de la presse nationale. Cette rel\u00ada\u00adtive dis\u00adcr\u00e9\u00adtion m\u00e9di\u00ada\u00adtique soul\u00e8ve des ques\u00adtions sur la sen\u00adsi\u00adbil\u00adit\u00e9 des m\u00e9dias \u00e0 ce type de com\u00adporte\u00adment et sur la nor\u00admal\u00adi\u00adsa\u00adtion de tels com\u00admen\u00adtaires dans le dis\u00adcours pub\u00adlic.<\/p>\n\n\n\n<p>Une oppor\u00adtu\u00adnit\u00e9 de r\u00e9flex\u00adion<\/p>\n\n\n\n<p>Plut\u00f4t que de sim\u00adple\u00adment con\u00addamn\u00ader, cet \u00e9pisode offre une oppor\u00adtu\u00adnit\u00e9 de r\u00e9flex\u00adion col\u00adlec\u00adtive sur les atti\u00adtudes envers les femmes dans la sph\u00e8re publique. Il invite \u00e0 une prise de con\u00adscience sur l\u2019im\u00adpor\u00adtance de juger les per\u00adson\u00adnes sur leurs com\u00adp\u00e9\u00adtences et leurs actions plut\u00f4t que sur leur apparence.<\/p>\n\n\n\n<p>Vers un change\u00adment de men\u00adtal\u00adit\u00e9s<\/p>\n\n\n\n<p>Cet inci\u00addent, bien que regret\u00adtable, peut servir de catal\u00ady\u00adseur pour pro\u00admou\u00advoir un change\u00adment de men\u00adtal\u00adit\u00e9s. Il souligne l\u2019im\u00adpor\u00adtance de con\u00adtin\u00aduer \u00e0 sen\u00adsi\u00adbilis\u00ader le pub\u00adlic et les m\u00e9dias sur les ques\u00adtions de sex\u00adisme et de respect mutuel dans tous les domaines de la soci\u00e9t\u00e9.En con\u00adclu\u00adsion, bien que l\u2019in\u00adci\u00addent n\u2019ait pas fait la une des jour\u00adnaux, il offre une oppor\u00adtu\u00adnit\u00e9 pr\u00e9\u00adcieuse de dis\u00adcus\u00adsion sur le respect et l\u2019\u00e9\u00adgal\u00adit\u00e9 dans la soci\u00e9t\u00e9 fran\u00e7aise con\u00adtem\u00adpo\u00adraine. Il rap\u00adpelle que le chemin vers une v\u00e9ri\u00adta\u00adble \u00e9gal\u00adit\u00e9 entre les sex\u00ades est un proces\u00adsus con\u00adtinu qui n\u00e9ces\u00adsite vig\u00adi\u00adlance et engage\u00adment de tous.<\/p>\n","protected":false},"excerpt":{"rendered":"<p>Une remar\u00adque qui fait r\u00e9a\u00adgir R\u00e9cem\u00adment, Philippe Lel\u00adlouche a fait un com\u00admen\u00adtaire sur l\u2019ap\u00adparence de Rima Abdul Malak, min\u00adistre de la Cul\u00adture, lors d\u2019une \u00e9mis\u00adsion t\u00e9l\u00e9vis\u00e9e. Sa remar\u00adque \u201cElle est\u2026 <\/p>\n","protected":false},"author":1,"featured_media":2704,"comment_status":"open","ping_status":"open","sticky":false,"template":"","format":"standard","meta":{"wp_typography_post_enhancements_disabled":false,"footnotes":""},"categories":[73],"tags":[1233,1226,1229,1227,1235,1234,1231,1230,1228,1232],"class_list":["post-2703","post","type-post","status-publish","format-standard","has-post-thumbnail","hentry","category-on-en-parle","tag-apparence-physique","tag-commentaire-polemique","tag-culture-francaise","tag-debat-public","tag-egalite-des-sexes","tag-femmes-en-politique","tag-medias-francais","tag-philippe-lellouche","tag-rima-abdul-malak","tag-sexisme-ordinaire"],"yoast_head":"<!-- This site is optimized with the Yoast SEO plugin v24.7 - https:\/\/yoast.com\/wordpress\/plugins\/seo\/ -->\n<title>Philippe Lellouche et Rima Abdul Malak : Quand un commentaire soul\u00e8ve le d\u00e9bat - Bobea<\/title>\n<meta name=\"description\" content=\"R\u00e9cemment, Philippe Lellouche a fait un commentaire sur l&#039;apparence de Rima Abdul Malak, ministre de la Culture\" \/>\n<meta name=\"robots\" content=\"index, follow, max-snippet:-1, max-image-preview:large, max-video-preview:-1\" \/>\n<link rel=\"canonical\" href=\"https:\/\/bobea.net\/index.php\/2024\/06\/29\/philippe-lellouche-et-rima-abdul-malak-quand-un-commentaire-souleve-le-debat\/\" \/>\n<meta property=\"og:locale\" content=\"fr_FR\" \/>\n<meta property=\"og:type\" content=\"article\" \/>\n<meta property=\"og:title\" content=\"Philippe Lellouche et Rima Abdul Malak : Quand un commentaire soul\u00e8ve le d\u00e9bat - Bobea\" \/>\n<meta property=\"og:description\" content=\"R\u00e9cemment, Philippe Lellouche a fait un commentaire sur l&#039;apparence de Rima Abdul Malak, ministre de la Culture\" \/>\n<meta property=\"og:url\" content=\"https:\/\/bobea.net\/index.php\/2024\/06\/29\/philippe-lellouche-et-rima-abdul-malak-quand-un-commentaire-souleve-le-debat\/\" \/>\n<meta property=\"og:site_name\" content=\"Bobea\" \/>\n<meta property=\"article:publisher\" content=\"https:\/\/web.facebook.com\/profile.php?id=61559252188416\" \/>\n<meta property=\"article:published_time\" content=\"2024-06-29T10:27:45+00:00\" \/>\n<meta property=\"article:modified_time\" content=\"2024-06-29T10:27:47+00:00\" \/>\n<meta property=\"og:image\" content=\"https:\/\/bobea.net\/wp-content\/uploads\/2024\/06\/42XOYEE7MRAX7PX7RGZ7OAUZYI.jpg\" \/>\n\t<meta property=\"og:image:width\" content=\"1248\" \/>\n\t<meta property=\"og:image:height\" content=\"782\" \/>\n\t<meta property=\"og:image:type\" content=\"image\/jpeg\" \/>\n<meta name=\"author\" content=\"bobea.info\" \/>\n<meta name=\"twitter:card\" content=\"summary_large_image\" \/>\n<meta name=\"twitter:label1\" content=\"\u00c9crit par\" \/>\n\t<meta name=\"twitter:data1\" content=\"bobea.info\" \/>\n\t<meta name=\"twitter:label2\" content=\"Dur\u00e9e de lecture estim\u00e9e\" \/>\n\t<meta name=\"twitter:data2\" content=\"2 minutes\" \/>\n<script type=\"application\/ld+json\" class=\"yoast-schema-graph\">{\"@context\":\"https:\/\/schema.org\",\"@graph\":[{\"@type\":\"Article\",\"@id\":\"https:\/\/bobea.net\/index.php\/2024\/06\/29\/philippe-lellouche-et-rima-abdul-malak-quand-un-commentaire-souleve-le-debat\/#article\",\"isPartOf\":{\"@id\":\"https:\/\/bobea.net\/index.php\/2024\/06\/29\/philippe-lellouche-et-rima-abdul-malak-quand-un-commentaire-souleve-le-debat\/\"},\"author\":{\"name\":\"bobea.info\",\"@id\":\"https:\/\/bobea.net\/#\/schema\/person\/e7f45ef187918d7c956bf619dce90ccf\"},\"headline\":\"Philippe Lellouche et Rima Abdul Malak : Quand un commentaire soul\u00e8ve le d\u00e9bat\",\"datePublished\":\"2024-06-29T10:27:45+00:00\",\"dateModified\":\"2024-06-29T10:27:47+00:00\",\"mainEntityOfPage\":{\"@id\":\"https:\/\/bobea.net\/index.php\/2024\/06\/29\/philippe-lellouche-et-rima-abdul-malak-quand-un-commentaire-souleve-le-debat\/\"},\"wordCount\":400,\"commentCount\":0,\"publisher\":{\"@id\":\"https:\/\/bobea.net\/#organization\"},\"image\":{\"@id\":\"https:\/\/bobea.net\/index.php\/2024\/06\/29\/philippe-lellouche-et-rima-abdul-malak-quand-un-commentaire-souleve-le-debat\/#primaryimage\"},\"thumbnailUrl\":\"https:\/\/bobea.net\/wp-content\/uploads\/2024\/06\/42XOYEE7MRAX7PX7RGZ7OAUZYI.jpg\",\"keywords\":[\"apparence physique\",\"commentaire pol\u00e9mique\",\"culture fran\u00e7aise\",\"d\u00e9bat public\",\"\u00e9galit\u00e9 des sexes.\",\"femmes en politique\",\"m\u00e9dias fran\u00e7ais\",\"Philippe Lellouche\",\"Rima Abdul Malak\",\"sexisme ordinaire\"],\"articleSection\":[\"On en Parle\"],\"inLanguage\":\"fr-FR\",\"potentialAction\":[{\"@type\":\"CommentAction\",\"name\":\"Comment\",\"target\":[\"https:\/\/bobea.net\/index.php\/2024\/06\/29\/philippe-lellouche-et-rima-abdul-malak-quand-un-commentaire-souleve-le-debat\/#respond\"]}]},{\"@type\":\"WebPage\",\"@id\":\"https:\/\/bobea.net\/index.php\/2024\/06\/29\/philippe-lellouche-et-rima-abdul-malak-quand-un-commentaire-souleve-le-debat\/\",\"url\":\"https:\/\/bobea.net\/index.php\/2024\/06\/29\/philippe-lellouche-et-rima-abdul-malak-quand-un-commentaire-souleve-le-debat\/\",\"name\":\"Philippe Lellouche et Rima Abdul Malak : Quand un commentaire soul\u00e8ve le d\u00e9bat - Bobea\",\"isPartOf\":{\"@id\":\"https:\/\/bobea.net\/#website\"},\"primaryImageOfPage\":{\"@id\":\"https:\/\/bobea.net\/index.php\/2024\/06\/29\/philippe-lellouche-et-rima-abdul-malak-quand-un-commentaire-souleve-le-debat\/#primaryimage\"},\"image\":{\"@id\":\"https:\/\/bobea.net\/index.php\/2024\/06\/29\/philippe-lellouche-et-rima-abdul-malak-quand-un-commentaire-souleve-le-debat\/#primaryimage\"},\"thumbnailUrl\":\"https:\/\/bobea.net\/wp-content\/uploads\/2024\/06\/42XOYEE7MRAX7PX7RGZ7OAUZYI.jpg\",\"datePublished\":\"2024-06-29T10:27:45+00:00\",\"dateModified\":\"2024-06-29T10:27:47+00:00\",\"description\":\"R\u00e9cemment, Philippe Lellouche a fait un commentaire sur l'apparence de Rima Abdul Malak, ministre de la Culture\",\"breadcrumb\":{\"@id\":\"https:\/\/bobea.net\/index.php\/2024\/06\/29\/philippe-lellouche-et-rima-abdul-malak-quand-un-commentaire-souleve-le-debat\/#breadcrumb\"},\"inLanguage\":\"fr-FR\",\"potentialAction\":[{\"@type\":\"ReadAction\",\"target\":[\"https:\/\/bobea.net\/index.php\/2024\/06\/29\/philippe-lellouche-et-rima-abdul-malak-quand-un-commentaire-souleve-le-debat\/\"]}]},{\"@type\":\"ImageObject\",\"inLanguage\":\"fr-FR\",\"@id\":\"https:\/\/bobea.net\/index.php\/2024\/06\/29\/philippe-lellouche-et-rima-abdul-malak-quand-un-commentaire-souleve-le-debat\/#primaryimage\",\"url\":\"https:\/\/bobea.net\/wp-content\/uploads\/2024\/06\/42XOYEE7MRAX7PX7RGZ7OAUZYI.jpg\",\"contentUrl\":\"https:\/\/bobea.net\/wp-content\/uploads\/2024\/06\/42XOYEE7MRAX7PX7RGZ7OAUZYI.jpg\",\"width\":1248,\"height\":782,\"caption\":\"Philippe Lellouche et Rima Abdul Malak : Quand un commentaire soul\u00e8ve le d\u00e9bat\"},{\"@type\":\"BreadcrumbList\",\"@id\":\"https:\/\/bobea.net\/index.php\/2024\/06\/29\/philippe-lellouche-et-rima-abdul-malak-quand-un-commentaire-souleve-le-debat\/#breadcrumb\",\"itemListElement\":[{\"@type\":\"ListItem\",\"position\":1,\"name\":\"Accueil\",\"item\":\"https:\/\/bobea.net\/\"},{\"@type\":\"ListItem\",\"position\":2,\"name\":\"Philippe Lellouche et Rima Abdul Malak : Quand un commentaire soul\u00e8ve le d\u00e9bat\"}]},{\"@type\":\"WebSite\",\"@id\":\"https:\/\/bobea.net\/#website\",\"url\":\"https:\/\/bobea.net\/\",\"name\":\"Bobea\",\"description\":\"Le magazine de la nouvelle \u00c8ve\",\"publisher\":{\"@id\":\"https:\/\/bobea.net\/#organization\"},\"potentialAction\":[{\"@type\":\"SearchAction\",\"target\":{\"@type\":\"EntryPoint\",\"urlTemplate\":\"https:\/\/bobea.net\/?s={search_term_string}\"},\"query-input\":{\"@type\":\"PropertyValueSpecification\",\"valueRequired\":true,\"valueName\":\"search_term_string\"}}],\"inLanguage\":\"fr-FR\"},{\"@type\":\"Organization\",\"@id\":\"https:\/\/bobea.net\/#organization\",\"name\":\"Bobea\",\"url\":\"https:\/\/bobea.net\/\",\"logo\":{\"@type\":\"ImageObject\",\"inLanguage\":\"fr-FR\",\"@id\":\"https:\/\/bobea.net\/#\/schema\/logo\/image\/\",\"url\":\"https:\/\/bobea.net\/wp-content\/uploads\/2024\/06\/bobea.jpg\",\"contentUrl\":\"https:\/\/bobea.net\/wp-content\/uploads\/2024\/06\/bobea.jpg\",\"width\":1080,\"height\":1080,\"caption\":\"Bobea\"},\"image\":{\"@id\":\"https:\/\/bobea.net\/#\/schema\/logo\/image\/\"},\"sameAs\":[\"https:\/\/web.facebook.com\/profile.php?id=61559252188416\"]},{\"@type\":\"Person\",\"@id\":\"https:\/\/bobea.net\/#\/schema\/person\/e7f45ef187918d7c956bf619dce90ccf\",\"name\":\"bobea.info\",\"image\":{\"@type\":\"ImageObject\",\"inLanguage\":\"fr-FR\",\"@id\":\"https:\/\/bobea.net\/#\/schema\/person\/image\/\",\"url\":\"https:\/\/secure.gravatar.com\/avatar\/36147980349df887ae30808df3e29474?s=96&d=mm&r=g\",\"contentUrl\":\"https:\/\/secure.gravatar.com\/avatar\/36147980349df887ae30808df3e29474?s=96&d=mm&r=g\",\"caption\":\"bobea.info\"},\"sameAs\":[\"https:\/\/bobea.net\"],\"url\":\"https:\/\/bobea.net\/index.php\/author\/bobea-info\/\"}]}<\/script>\n<!-- \/ Yoast SEO plugin. -->","yoast_head_json":{"title":"Philippe Lellouche et Rima Abdul Malak : Quand un commentaire soul\u00e8ve le d\u00e9bat - Bobea","description":"R\u00e9cemment, Philippe Lellouche a fait un commentaire sur l'apparence de Rima Abdul Malak, ministre de la Culture","robots":{"index":"index","follow":"follow","max-snippet":"max-snippet:-1","max-image-preview":"max-image-preview:large","max-video-preview":"max-video-preview:-1"},"canonical":"https:\/\/bobea.net\/index.php\/2024\/06\/29\/philippe-lellouche-et-rima-abdul-malak-quand-un-commentaire-souleve-le-debat\/","og_locale":"fr_FR","og_type":"article","og_title":"Philippe Lellouche et Rima Abdul Malak : Quand un commentaire soul\u00e8ve le d\u00e9bat - Bobea","og_description":"R\u00e9cemment, Philippe Lellouche a fait un commentaire sur l'apparence de Rima Abdul Malak, ministre de la Culture","og_url":"https:\/\/bobea.net\/index.php\/2024\/06\/29\/philippe-lellouche-et-rima-abdul-malak-quand-un-commentaire-souleve-le-debat\/","og_site_name":"Bobea","article_publisher":"https:\/\/web.facebook.com\/profile.php?id=61559252188416","article_published_time":"2024-06-29T10:27:45+00:00","article_modified_time":"2024-06-29T10:27:47+00:00","og_image":[{"width":1248,"height":782,"url":"https:\/\/bobea.net\/wp-content\/uploads\/2024\/06\/42XOYEE7MRAX7PX7RGZ7OAUZYI.jpg","type":"image\/jpeg"}],"author":"bobea.info","twitter_card":"summary_large_image","twitter_misc":{"\u00c9crit par":"bobea.info","Dur\u00e9e de lecture estim\u00e9e":"2 minutes"},"schema":{"@context":"https:\/\/schema.org","@graph":[{"@type":"Article","@id":"https:\/\/bobea.net\/index.php\/2024\/06\/29\/philippe-lellouche-et-rima-abdul-malak-quand-un-commentaire-souleve-le-debat\/#article","isPartOf":{"@id":"https:\/\/bobea.net\/index.php\/2024\/06\/29\/philippe-lellouche-et-rima-abdul-malak-quand-un-commentaire-souleve-le-debat\/"},"author":{"name":"bobea.info","@id":"https:\/\/bobea.net\/#\/schema\/person\/e7f45ef187918d7c956bf619dce90ccf"},"headline":"Philippe Lellouche et Rima Abdul Malak : Quand un commentaire soul\u00e8ve le d\u00e9bat","datePublished":"2024-06-29T10:27:45+00:00","dateModified":"2024-06-29T10:27:47+00:00","mainEntityOfPage":{"@id":"https:\/\/bobea.net\/index.php\/2024\/06\/29\/philippe-lellouche-et-rima-abdul-malak-quand-un-commentaire-souleve-le-debat\/"},"wordCount":400,"commentCount":0,"publisher":{"@id":"https:\/\/bobea.net\/#organization"},"image":{"@id":"https:\/\/bobea.net\/index.php\/2024\/06\/29\/philippe-lellouche-et-rima-abdul-malak-quand-un-commentaire-souleve-le-debat\/#primaryimage"},"thumbnailUrl":"https:\/\/bobea.net\/wp-content\/uploads\/2024\/06\/42XOYEE7MRAX7PX7RGZ7OAUZYI.jpg","keywords":["apparence physique","commentaire pol\u00e9mique","culture fran\u00e7aise","d\u00e9bat public","\u00e9galit\u00e9 des sexes.","femmes en politique","m\u00e9dias fran\u00e7ais","Philippe Lellouche","Rima Abdul Malak","sexisme ordinaire"],"articleSection":["On en Parle"],"inLanguage":"fr-FR","potentialAction":[{"@type":"CommentAction","name":"Comment","target":["https:\/\/bobea.net\/index.php\/2024\/06\/29\/philippe-lellouche-et-rima-abdul-malak-quand-un-commentaire-souleve-le-debat\/#respond"]}]},{"@type":"WebPage","@id":"https:\/\/bobea.net\/index.php\/2024\/06\/29\/philippe-lellouche-et-rima-abdul-malak-quand-un-commentaire-souleve-le-debat\/","url":"https:\/\/bobea.net\/index.php\/2024\/06\/29\/philippe-lellouche-et-rima-abdul-malak-quand-un-commentaire-souleve-le-debat\/","name":"Philippe Lellouche et Rima Abdul Malak : Quand un commentaire soul\u00e8ve le d\u00e9bat - Bobea","isPartOf":{"@id":"https:\/\/bobea.net\/#website"},"primaryImageOfPage":{"@id":"https:\/\/bobea.net\/index.php\/2024\/06\/29\/philippe-lellouche-et-rima-abdul-malak-quand-un-commentaire-souleve-le-debat\/#primaryimage"},"image":{"@id":"https:\/\/bobea.net\/index.php\/2024\/06\/29\/philippe-lellouche-et-rima-abdul-malak-quand-un-commentaire-souleve-le-debat\/#primaryimage"},"thumbnailUrl":"https:\/\/bobea.net\/wp-content\/uploads\/2024\/06\/42XOYEE7MRAX7PX7RGZ7OAUZYI.jpg","datePublished":"2024-06-29T10:27:45+00:00","dateModified":"2024-06-29T10:27:47+00:00","description":"R\u00e9cemment, Philippe Lellouche a fait un commentaire sur l'apparence de Rima Abdul Malak, ministre de la Culture","breadcrumb":{"@id":"https:\/\/bobea.net\/index.php\/2024\/06\/29\/philippe-lellouche-et-rima-abdul-malak-quand-un-commentaire-souleve-le-debat\/#breadcrumb"},"inLanguage":"fr-FR","potentialAction":[{"@type":"ReadAction","target":["https:\/\/bobea.net\/index.php\/2024\/06\/29\/philippe-lellouche-et-rima-abdul-malak-quand-un-commentaire-souleve-le-debat\/"]}]},{"@type":"ImageObject","inLanguage":"fr-FR","@id":"https:\/\/bobea.net\/index.php\/2024\/06\/29\/philippe-lellouche-et-rima-abdul-malak-quand-un-commentaire-souleve-le-debat\/#primaryimage","url":"https:\/\/bobea.net\/wp-content\/uploads\/2024\/06\/42XOYEE7MRAX7PX7RGZ7OAUZYI.jpg","contentUrl":"https:\/\/bobea.net\/wp-content\/uploads\/2024\/06\/42XOYEE7MRAX7PX7RGZ7OAUZYI.jpg","width":1248,"height":782,"caption":"Philippe Lellouche et Rima Abdul Malak : Quand un commentaire soul\u00e8ve le d\u00e9bat"},{"@type":"BreadcrumbList","@id":"https:\/\/bobea.net\/index.php\/2024\/06\/29\/philippe-lellouche-et-rima-abdul-malak-quand-un-commentaire-souleve-le-debat\/#breadcrumb","itemListElement":[{"@type":"ListItem","position":1,"name":"Accueil","item":"https:\/\/bobea.net\/"},{"@type":"ListItem","position":2,"name":"Philippe Lellouche et Rima Abdul Malak : Quand un commentaire soul\u00e8ve le d\u00e9bat"}]},{"@type":"WebSite","@id":"https:\/\/bobea.net\/#website","url":"https:\/\/bobea.net\/","name":"Bobea","description":"Le magazine de la nouvelle \u00c8ve","publisher":{"@id":"https:\/\/bobea.net\/#organization"},"potentialAction":[{"@type":"SearchAction","target":{"@type":"EntryPoint","urlTemplate":"https:\/\/bobea.net\/?s={search_term_string}"},"query-input":{"@type":"PropertyValueSpecification","valueRequired":true,"valueName":"search_term_string"}}],"inLanguage":"fr-FR"},{"@type":"Organization","@id":"https:\/\/bobea.net\/#organization","name":"Bobea","url":"https:\/\/bobea.net\/","logo":{"@type":"ImageObject","inLanguage":"fr-FR","@id":"https:\/\/bobea.net\/#\/schema\/logo\/image\/","url":"https:\/\/bobea.net\/wp-content\/uploads\/2024\/06\/bobea.jpg","contentUrl":"https:\/\/bobea.net\/wp-content\/uploads\/2024\/06\/bobea.jpg","width":1080,"height":1080,"caption":"Bobea"},"image":{"@id":"https:\/\/bobea.net\/#\/schema\/logo\/image\/"},"sameAs":["https:\/\/web.facebook.com\/profile.php?id=61559252188416"]},{"@type":"Person","@id":"https:\/\/bobea.net\/#\/schema\/person\/e7f45ef187918d7c956bf619dce90ccf","name":"bobea.info","image":{"@type":"ImageObject","inLanguage":"fr-FR","@id":"https:\/\/bobea.net\/#\/schema\/person\/image\/","url":"https:\/\/secure.gravatar.com\/avatar\/36147980349df887ae30808df3e29474?s=96&d=mm&r=g","contentUrl":"https:\/\/secure.gravatar.com\/avatar\/36147980349df887ae30808df3e29474?s=96&d=mm&r=g","caption":"bobea.info"},"sameAs":["https:\/\/bobea.net"],"url":"https:\/\/bobea.net\/index.php\/author\/bobea-info\/"}]}},"_links":{"self":[{"href":"https:\/\/bobea.net\/index.php\/wp-json\/wp\/v2\/posts\/2703"}],"collection":[{"href":"https:\/\/bobea.net\/index.php\/wp-json\/wp\/v2\/posts"}],"about":[{"href":"https:\/\/bobea.net\/index.php\/wp-json\/wp\/v2\/types\/post"}],"author":[{"embeddable":true,"href":"https:\/\/bobea.net\/index.php\/wp-json\/wp\/v2\/users\/1"}],"replies":[{"embeddable":true,"href":"https:\/\/bobea.net\/index.php\/wp-json\/wp\/v2\/comments?post=2703"}],"version-history":[{"count":0,"href":"https:\/\/bobea.net\/index.php\/wp-json\/wp\/v2\/posts\/2703\/revisions"}],"wp:featuredmedia":[{"embeddable":true,"href":"https:\/\/bobea.net\/index.php\/wp-json\/wp\/v2\/media\/2704"}],"wp:attachment":[{"href":"https:\/\/bobea.net\/index.php\/wp-json\/wp\/v2\/media?parent=2703"}],"wp:term":[{"taxonomy":"category","embeddable":true,"href":"https:\/\/bobea.net\/index.php\/wp-json\/wp\/v2\/categories?post=2703"},{"taxonomy":"post_tag","embeddable":true,"href":"https:\/\/bobea.net\/index.php\/wp-json\/wp\/v2\/tags?post=2703"}],"curies":[{"name":"wp","href":"https:\/\/api.w.org\/{rel}","templated":true}]}}