{"id":26978,"date":"2025-11-13T13:24:15","date_gmt":"2025-11-13T13:24:15","guid":{"rendered":"https:\/\/bobea.net\/?p=26978"},"modified":"2025-11-13T13:24:17","modified_gmt":"2025-11-13T13:24:17","slug":"women-in-tech-les-3-entrepreneures-francaises-derriere-les-levees-de-fonds-majeures-de-lautomne-2025","status":"publish","type":"post","link":"https:\/\/bobea.net\/index.php\/2025\/11\/13\/women-in-tech-les-3-entrepreneures-francaises-derriere-les-levees-de-fonds-majeures-de-lautomne-2025\/","title":{"rendered":"Women in Tech : Les 3 entrepreneures fran\u00e7aises derri\u00e8re les lev\u00e9es de fonds majeures de l\u2019automne 2025."},"content":{"rendered":"\n<p>Le secteur de la Tech fran\u00e7aise pour\u00adsuit sa crois\u00adsance spec\u00adtac\u00adu\u00adlaire en cette fin d\u2019an\u00adn\u00e9e 2025. Un signe par\u00adti\u00adc\u00aduli\u00e8re\u00adment encour\u00adageant est l\u2019aug\u00admen\u00adta\u00adtion de la part de cap\u00adi\u00adtal-risque accord\u00e9e aux star\u00adtups fond\u00e9es ou co-fond\u00e9es par des femmes. Le mois de novem\u00adbre mar\u00adque un record trimestriel en vol\u00adume de lev\u00ad\u00e9es de fonds men\u00e9es par des entre\u00adpre\u00adneures f\u00e9minines. <em>BOBEA MAGAZINE<\/em> met en lumi\u00e8re trois de ces lead\u00aders qui ont prou\u00adv\u00e9 que la diver\u00adsit\u00e9 de lead\u00ader\u00adship est syn\u00adonyme d\u2019in\u00adno\u00adva\u00adtion et de per\u00adfor\u00admance finan\u00adci\u00e8re, avec des deals final\u00adis\u00e9s entre sep\u00adtem\u00adbre et novem\u00adbre 2025.<\/p>\n\n\n\n<p><strong>1. Clara Dufresne : La Fin\u00adTech \u00e9thique (110 mil\u00adlions d\u2019eu\u00adros)<\/strong><\/p>\n\n\n\n<p><strong>Clara Dufresne<\/strong>, 41 ans, est la <em>CEO<\/em> de <strong>\u201cEthicIn\u00advest\u201d<\/strong>, une plate\u00adforme de ges\u00adtion d\u2019\u00e9\u00adpargne et d\u2019in\u00advestisse\u00adment automa\u00adtis\u00e9 (robo-advi\u00adsor) qui fil\u00adtre les porte\u00adfeuilles selon des crit\u00e8res d\u2019im\u00adpact social et envi\u00adron\u00adnemen\u00adtal stricts (norme ESG).<\/p>\n\n\n\n<ul class=\"wp-block-list\">\n<li><strong>Le Deal :<\/strong> Lev\u00ad\u00e9e de 110 mil\u00adlions d\u2019eu\u00adros (S\u00e9rie C) men\u00e9e par le fonds Cal\u00adi\u00adfornien <strong>Sequoia Cap\u00adi\u00adtal<\/strong> et la <strong>Banque Publique d\u2019In\u00advestisse\u00adment (BPI)<\/strong>.<\/li>\n\n\n\n<li><strong>L\u2019In\u00adno\u00adva\u00adtion :<\/strong> EthicIn\u00advest s\u2019adresse \u00e0 une clien\u00adt\u00e8le (majori\u00adtaire\u00adment f\u00e9mi\u00adnine, 65%) qui refuse d\u2019in\u00adve\u00adstir dans les \u00e9ner\u00adgies fos\u00adsiles ou l\u2019arme\u00adment. Clara a int\u00e9\u00adgr\u00e9 l\u2019IA pour \u00e9val\u00aduer la \u201csinc\u00e9rit\u00e9\u201d des crit\u00e8res ESG, allant au-del\u00e0 du sim\u00adple label. Cette approche \u00e9thique a s\u00e9duit un march\u00e9 en qu\u00eate de sens.<\/li>\n<\/ul>\n\n\n\n<p><strong>2. Samia El Mouri\u00addi : La Logis\u00adtique Cir\u00adcu\u00adlaire (75 mil\u00adlions d\u2019eu\u00adros)<\/strong><\/p>\n\n\n\n<p><strong>Samia El Mouri\u00addi<\/strong>, 36 ans, a co-fond\u00e9 <strong>\u201cCir\u00adcu\u00adLogiK\u201d<\/strong>, une solu\u00adtion <em>Green\u00adTech<\/em> qui opti\u00admise la logis\u00adtique inverse (col\u00adlecte, tri et r\u00e9in\u00adt\u00e9\u00adgra\u00adtion des inven\u00addus et des mat\u00e9ri\u00adaux recy\u00adclables) pour les grandes cha\u00eenes de dis\u00adtri\u00adb\u00adu\u00adtion.<\/p>\n\n\n\n<figure class=\"wp-block-image size-large\"><img loading=\"lazy\" decoding=\"async\" width=\"1024\" height=\"683\" src=\"https:\/\/bobea.net\/wp-content\/uploads\/2025\/11\/image-7-1024x683.png\" alt class=\"wp-image-26979\" srcset=\"https:\/\/bobea.net\/wp-content\/uploads\/2025\/11\/image-7-1024x683.png 1024w, https:\/\/bobea.net\/wp-content\/uploads\/2025\/11\/image-7-300x200.png 300w, https:\/\/bobea.net\/wp-content\/uploads\/2025\/11\/image-7-768x512.png 768w, https:\/\/bobea.net\/wp-content\/uploads\/2025\/11\/image-7-1536x1024.png 1536w, https:\/\/bobea.net\/wp-content\/uploads\/2025\/11\/image-7.png 2048w\" sizes=\"(max-width: 1024px) 100vw, 1024px\"><\/figure>\n\n\n\n<ul class=\"wp-block-list\">\n<li><strong>Le Deal :<\/strong> Lev\u00ad\u00e9e de 75 mil\u00adlions d\u2019eu\u00adros (S\u00e9rie B) avec la par\u00adtic\u00adi\u00adpa\u00adtion de <strong>Partech Ven\u00adtures<\/strong> et du groupe indus\u00adtriel <strong>Veo\u00adlia<\/strong>.<\/li>\n\n\n\n<li><strong>L\u2019In\u00adno\u00adva\u00adtion :<\/strong> Sa solu\u00adtion utilise des algo\u00adrithmes d\u2019op\u00adti\u00admi\u00adsa\u00adtion bas\u00e9s sur les don\u00adn\u00e9es en temps r\u00e9el pour r\u00e9duire les co\u00fbts de trans\u00adport des d\u00e9chets et max\u00adimiser le taux de recy\u00adclage indus\u00adtriel, per\u00adme\u00adt\u00adtant \u00e0 ses clients de respecter les nou\u00advelles r\u00e9gle\u00admen\u00adta\u00adtions europ\u00e9ennes de 2025 sur la cir\u00adcu\u00adlar\u00adit\u00e9. Samia a impos\u00e9 un mod\u00ad\u00e8le o\u00f9 l\u2019\u00e9\u00adcolo\u00adgie devient un levi\u00ader de rentabil\u00adit\u00e9.<\/li>\n<\/ul>\n\n\n\n<p><strong>3. \u00c9l\u00e9onore Vasseur : La MedTech F\u00e9mi\u00adnine (55 mil\u00adlions d\u2019eu\u00adros)<\/strong><\/p>\n\n\n\n<p><strong>\u00c9l\u00e9onore Vasseur<\/strong>, 48 ans, est la fon\u00adda\u00adtrice de <strong>\u201cFemiS\u00adcan\u201d<\/strong>, une entre\u00adprise qui d\u00e9veloppe des dis\u00adposi\u00adtifs porta\u00adbles (wear\u00adables) et des logi\u00adciels d\u2019analyse pr\u00e9\u00addic\u00adtive pour la san\u00adt\u00e9 f\u00e9mi\u00adnine, se con\u00adcen\u00adtrant ini\u00adtiale\u00adment sur l\u2019en\u00addom\u00e9triose et le syn\u00addrome des ovaires polykys\u00adtiques (SOPK).<\/p>\n\n\n\n<ul class=\"wp-block-list\">\n<li><strong>Le Deal :<\/strong> Lev\u00ad\u00e9e de 55 mil\u00adlions d\u2019eu\u00adros (S\u00e9rie A) aupr\u00e8s d\u2019in\u00advestis\u00adseurs sp\u00e9\u00adcial\u00adis\u00e9s en <em>HealthTech<\/em> (ex : <strong>Kar\u00adla Ven\u00adtures<\/strong>).<\/li>\n\n\n\n<li><strong>L\u2019In\u00adno\u00adva\u00adtion :<\/strong> Sa tech\u00adnolo\u00adgie, bas\u00e9e sur des cap\u00adteurs non-invasifs et du <em>Machine Learn\u00ading<\/em>, per\u00admet un diag\u00adnos\u00adtic plus rapi\u00adde et moins invasif des patholo\u00adgies f\u00e9minines, sou\u00advent sous-diag\u00adnos\u00adtiqu\u00e9es. \u00c9l\u00e9onore Vasseur a soulign\u00e9 que les don\u00adn\u00e9es m\u00e9di\u00adcales des femmes sont his\u00adtorique\u00adment sous-repr\u00e9sen\u00adt\u00e9es dans les recherch\u00ades en IA, et FemiS\u00adcan cor\u00adrige cette lacune.<\/li>\n<\/ul>\n\n\n\n<p><strong>Con\u00adclu\u00adsion :<\/strong><\/p>\n\n\n\n<p>Ces trois suc\u00adc\u00e8s, total\u00adisant 240 mil\u00adlions d\u2019eu\u00adros lev\u00ad\u00e9s, d\u00e9mon\u00adtrent que les femmes ne sont pas seule\u00adment pr\u00e9sentes dans la Tech ; elles en sont des actri\u00adces struc\u00adturantes. Clara Dufresne, Samia El Mouri\u00addi et \u00c9l\u00e9onore Vasseur incar\u00adnent une nou\u00advelle vague de lead\u00ader\u00adship qui asso\u00adcie la per\u00adfor\u00admance finan\u00adci\u00e8re \u00e0 une vision \u00e9thique et soci\u00e9\u00adtale forte, prou\u00advant que l\u2019\u00e8re de la <em>Nou\u00advelle \u00c8ve<\/em> est bien celle de l\u2019in\u00adno\u00adva\u00adtion.<\/p>\n","protected":false},"excerpt":{"rendered":"<p>Le secteur de la Tech fran\u00e7aise pour\u00adsuit sa crois\u00adsance spec\u00adtac\u00adu\u00adlaire en cette fin d\u2019an\u00adn\u00e9e 2025. Un signe par\u00adti\u00adc\u00aduli\u00e8re\u00adment encour\u00adageant est l\u2019aug\u00admen\u00adta\u00adtion de la part de cap\u00adi\u00ad\u00adtal-risque accord\u00e9e aux star\u00adtups fond\u00e9es\u2026 <\/p>\n","protected":false},"author":1,"featured_media":26980,"comment_status":"open","ping_status":"closed","sticky":false,"template":"","format":"standard","meta":{"wp_typography_post_enhancements_disabled":false,"footnotes":""},"categories":[52],"tags":[19861,19865,19866,19864,19862,19867,19863],"class_list":["post-26978","post","type-post","status-publish","format-standard","has-post-thumbnail","hentry","category-business","tag-fintech","tag-greentech","tag-innovation-2","tag-leveedefonds","tag-startupsfemmes","tag-successstoryfrance","tag-techfeminine"],"yoast_head":"<!-- This site is optimized with the Yoast SEO plugin v24.7 - https:\/\/yoast.com\/wordpress\/plugins\/seo\/ -->\n<title>Women in Tech : Les 3 entrepreneures fran\u00e7aises derri\u00e8re les lev\u00e9es de fonds majeures de l&#039;automne 2025. - Bobea<\/title>\n<meta name=\"robots\" content=\"index, follow, max-snippet:-1, max-image-preview:large, max-video-preview:-1\" \/>\n<link rel=\"canonical\" href=\"https:\/\/bobea.net\/index.php\/2025\/11\/13\/women-in-tech-les-3-entrepreneures-francaises-derriere-les-levees-de-fonds-majeures-de-lautomne-2025\/\" \/>\n<meta property=\"og:locale\" content=\"fr_FR\" \/>\n<meta property=\"og:type\" content=\"article\" \/>\n<meta property=\"og:title\" content=\"Women in Tech : Les 3 entrepreneures fran\u00e7aises derri\u00e8re les lev\u00e9es de fonds majeures de l&#039;automne 2025. - Bobea\" \/>\n<meta property=\"og:description\" content=\"Le secteur de la Tech fran\u00e7aise pour\u00adsuit sa crois\u00adsance spec\u00adtac\u00adu\u00adlaire en cette fin d\u2019an\u00adn\u00e9e 2025. Un signe par\u00adti\u00adc\u00aduli\u00e8re\u00adment encour\u00adageant est l\u2019aug\u00admen\u00adta\u00adtion de la part de cap\u00adi\u00adtal-risque accord\u00e9e aux star\u00adtups fond\u00e9es&hellip;\" \/>\n<meta property=\"og:url\" content=\"https:\/\/bobea.net\/index.php\/2025\/11\/13\/women-in-tech-les-3-entrepreneures-francaises-derriere-les-levees-de-fonds-majeures-de-lautomne-2025\/\" \/>\n<meta property=\"og:site_name\" content=\"Bobea\" \/>\n<meta property=\"article:publisher\" content=\"https:\/\/web.facebook.com\/profile.php?id=61559252188416\" \/>\n<meta property=\"article:published_time\" content=\"2025-11-13T13:24:15+00:00\" \/>\n<meta property=\"article:modified_time\" content=\"2025-11-13T13:24:17+00:00\" \/>\n<meta property=\"og:image\" content=\"https:\/\/bobea.net\/wp-content\/uploads\/2025\/11\/entrepfeminin_bymonkeybusiness_headercorp.jpg\" \/>\n\t<meta property=\"og:image:width\" content=\"1150\" \/>\n\t<meta property=\"og:image:height\" content=\"418\" \/>\n\t<meta property=\"og:image:type\" content=\"image\/jpeg\" \/>\n<meta name=\"author\" content=\"bobea.info\" \/>\n<meta name=\"twitter:card\" content=\"summary_large_image\" \/>\n<meta name=\"twitter:label1\" content=\"\u00c9crit par\" \/>\n\t<meta name=\"twitter:data1\" content=\"bobea.info\" \/>\n\t<meta name=\"twitter:label2\" content=\"Dur\u00e9e de lecture estim\u00e9e\" \/>\n\t<meta name=\"twitter:data2\" content=\"3 minutes\" \/>\n<script type=\"application\/ld+json\" class=\"yoast-schema-graph\">{\"@context\":\"https:\/\/schema.org\",\"@graph\":[{\"@type\":\"Article\",\"@id\":\"https:\/\/bobea.net\/index.php\/2025\/11\/13\/women-in-tech-les-3-entrepreneures-francaises-derriere-les-levees-de-fonds-majeures-de-lautomne-2025\/#article\",\"isPartOf\":{\"@id\":\"https:\/\/bobea.net\/index.php\/2025\/11\/13\/women-in-tech-les-3-entrepreneures-francaises-derriere-les-levees-de-fonds-majeures-de-lautomne-2025\/\"},\"author\":{\"name\":\"bobea.info\",\"@id\":\"https:\/\/bobea.net\/#\/schema\/person\/e7f45ef187918d7c956bf619dce90ccf\"},\"headline\":\"Women in Tech : Les 3 entrepreneures fran\u00e7aises derri\u00e8re les lev\u00e9es de fonds majeures de l\u2019automne 2025.\",\"datePublished\":\"2025-11-13T13:24:15+00:00\",\"dateModified\":\"2025-11-13T13:24:17+00:00\",\"mainEntityOfPage\":{\"@id\":\"https:\/\/bobea.net\/index.php\/2025\/11\/13\/women-in-tech-les-3-entrepreneures-francaises-derriere-les-levees-de-fonds-majeures-de-lautomne-2025\/\"},\"wordCount\":581,\"commentCount\":0,\"publisher\":{\"@id\":\"https:\/\/bobea.net\/#organization\"},\"image\":{\"@id\":\"https:\/\/bobea.net\/index.php\/2025\/11\/13\/women-in-tech-les-3-entrepreneures-francaises-derriere-les-levees-de-fonds-majeures-de-lautomne-2025\/#primaryimage\"},\"thumbnailUrl\":\"https:\/\/bobea.net\/wp-content\/uploads\/2025\/11\/entrepfeminin_bymonkeybusiness_headercorp.jpg\",\"keywords\":[\"#FinTech\",\"#GreenTech\",\"#Innovation\",\"#Lev\u00e9eDeFonds\",\"#StartupsFemmes\",\"#SuccessStoryFrance\",\"#TechF\u00e9minine\"],\"articleSection\":[\"Business\"],\"inLanguage\":\"fr-FR\",\"potentialAction\":[{\"@type\":\"CommentAction\",\"name\":\"Comment\",\"target\":[\"https:\/\/bobea.net\/index.php\/2025\/11\/13\/women-in-tech-les-3-entrepreneures-francaises-derriere-les-levees-de-fonds-majeures-de-lautomne-2025\/#respond\"]}]},{\"@type\":\"WebPage\",\"@id\":\"https:\/\/bobea.net\/index.php\/2025\/11\/13\/women-in-tech-les-3-entrepreneures-francaises-derriere-les-levees-de-fonds-majeures-de-lautomne-2025\/\",\"url\":\"https:\/\/bobea.net\/index.php\/2025\/11\/13\/women-in-tech-les-3-entrepreneures-francaises-derriere-les-levees-de-fonds-majeures-de-lautomne-2025\/\",\"name\":\"Women in Tech : Les 3 entrepreneures fran\u00e7aises derri\u00e8re les lev\u00e9es de fonds majeures de l'automne 2025. - Bobea\",\"isPartOf\":{\"@id\":\"https:\/\/bobea.net\/#website\"},\"primaryImageOfPage\":{\"@id\":\"https:\/\/bobea.net\/index.php\/2025\/11\/13\/women-in-tech-les-3-entrepreneures-francaises-derriere-les-levees-de-fonds-majeures-de-lautomne-2025\/#primaryimage\"},\"image\":{\"@id\":\"https:\/\/bobea.net\/index.php\/2025\/11\/13\/women-in-tech-les-3-entrepreneures-francaises-derriere-les-levees-de-fonds-majeures-de-lautomne-2025\/#primaryimage\"},\"thumbnailUrl\":\"https:\/\/bobea.net\/wp-content\/uploads\/2025\/11\/entrepfeminin_bymonkeybusiness_headercorp.jpg\",\"datePublished\":\"2025-11-13T13:24:15+00:00\",\"dateModified\":\"2025-11-13T13:24:17+00:00\",\"breadcrumb\":{\"@id\":\"https:\/\/bobea.net\/index.php\/2025\/11\/13\/women-in-tech-les-3-entrepreneures-francaises-derriere-les-levees-de-fonds-majeures-de-lautomne-2025\/#breadcrumb\"},\"inLanguage\":\"fr-FR\",\"potentialAction\":[{\"@type\":\"ReadAction\",\"target\":[\"https:\/\/bobea.net\/index.php\/2025\/11\/13\/women-in-tech-les-3-entrepreneures-francaises-derriere-les-levees-de-fonds-majeures-de-lautomne-2025\/\"]}]},{\"@type\":\"ImageObject\",\"inLanguage\":\"fr-FR\",\"@id\":\"https:\/\/bobea.net\/index.php\/2025\/11\/13\/women-in-tech-les-3-entrepreneures-francaises-derriere-les-levees-de-fonds-majeures-de-lautomne-2025\/#primaryimage\",\"url\":\"https:\/\/bobea.net\/wp-content\/uploads\/2025\/11\/entrepfeminin_bymonkeybusiness_headercorp.jpg\",\"contentUrl\":\"https:\/\/bobea.net\/wp-content\/uploads\/2025\/11\/entrepfeminin_bymonkeybusiness_headercorp.jpg\",\"width\":1150,\"height\":418},{\"@type\":\"BreadcrumbList\",\"@id\":\"https:\/\/bobea.net\/index.php\/2025\/11\/13\/women-in-tech-les-3-entrepreneures-francaises-derriere-les-levees-de-fonds-majeures-de-lautomne-2025\/#breadcrumb\",\"itemListElement\":[{\"@type\":\"ListItem\",\"position\":1,\"name\":\"Accueil\",\"item\":\"https:\/\/bobea.net\/\"},{\"@type\":\"ListItem\",\"position\":2,\"name\":\"Women in Tech : Les 3 entrepreneures fran\u00e7aises derri\u00e8re les lev\u00e9es de fonds majeures de l&rsquo;automne 2025.\"}]},{\"@type\":\"WebSite\",\"@id\":\"https:\/\/bobea.net\/#website\",\"url\":\"https:\/\/bobea.net\/\",\"name\":\"Bobea\",\"description\":\"Le magazine de la nouvelle \u00c8ve\",\"publisher\":{\"@id\":\"https:\/\/bobea.net\/#organization\"},\"potentialAction\":[{\"@type\":\"SearchAction\",\"target\":{\"@type\":\"EntryPoint\",\"urlTemplate\":\"https:\/\/bobea.net\/?s={search_term_string}\"},\"query-input\":{\"@type\":\"PropertyValueSpecification\",\"valueRequired\":true,\"valueName\":\"search_term_string\"}}],\"inLanguage\":\"fr-FR\"},{\"@type\":\"Organization\",\"@id\":\"https:\/\/bobea.net\/#organization\",\"name\":\"Bobea\",\"url\":\"https:\/\/bobea.net\/\",\"logo\":{\"@type\":\"ImageObject\",\"inLanguage\":\"fr-FR\",\"@id\":\"https:\/\/bobea.net\/#\/schema\/logo\/image\/\",\"url\":\"https:\/\/bobea.net\/wp-content\/uploads\/2024\/06\/bobea.jpg\",\"contentUrl\":\"https:\/\/bobea.net\/wp-content\/uploads\/2024\/06\/bobea.jpg\",\"width\":1080,\"height\":1080,\"caption\":\"Bobea\"},\"image\":{\"@id\":\"https:\/\/bobea.net\/#\/schema\/logo\/image\/\"},\"sameAs\":[\"https:\/\/web.facebook.com\/profile.php?id=61559252188416\"]},{\"@type\":\"Person\",\"@id\":\"https:\/\/bobea.net\/#\/schema\/person\/e7f45ef187918d7c956bf619dce90ccf\",\"name\":\"bobea.info\",\"image\":{\"@type\":\"ImageObject\",\"inLanguage\":\"fr-FR\",\"@id\":\"https:\/\/bobea.net\/#\/schema\/person\/image\/\",\"url\":\"https:\/\/secure.gravatar.com\/avatar\/36147980349df887ae30808df3e29474?s=96&d=mm&r=g\",\"contentUrl\":\"https:\/\/secure.gravatar.com\/avatar\/36147980349df887ae30808df3e29474?s=96&d=mm&r=g\",\"caption\":\"bobea.info\"},\"sameAs\":[\"https:\/\/bobea.net\"],\"url\":\"https:\/\/bobea.net\/index.php\/author\/bobea-info\/\"}]}<\/script>\n<!-- \/ Yoast SEO plugin. -->","yoast_head_json":{"title":"Women in Tech : Les 3 entrepreneures fran\u00e7aises derri\u00e8re les lev\u00e9es de fonds majeures de l'automne 2025. - Bobea","robots":{"index":"index","follow":"follow","max-snippet":"max-snippet:-1","max-image-preview":"max-image-preview:large","max-video-preview":"max-video-preview:-1"},"canonical":"https:\/\/bobea.net\/index.php\/2025\/11\/13\/women-in-tech-les-3-entrepreneures-francaises-derriere-les-levees-de-fonds-majeures-de-lautomne-2025\/","og_locale":"fr_FR","og_type":"article","og_title":"Women in Tech : Les 3 entrepreneures fran\u00e7aises derri\u00e8re les lev\u00e9es de fonds majeures de l'automne 2025. - Bobea","og_description":"Le secteur de la Tech fran\u00e7aise pour\u00adsuit sa crois\u00adsance spec\u00adtac\u00adu\u00adlaire en cette fin d\u2019an\u00adn\u00e9e 2025. Un signe par\u00adti\u00adc\u00aduli\u00e8re\u00adment encour\u00adageant est l\u2019aug\u00admen\u00adta\u00adtion de la part de cap\u00adi\u00adtal-risque accord\u00e9e aux star\u00adtups fond\u00e9es&hellip;","og_url":"https:\/\/bobea.net\/index.php\/2025\/11\/13\/women-in-tech-les-3-entrepreneures-francaises-derriere-les-levees-de-fonds-majeures-de-lautomne-2025\/","og_site_name":"Bobea","article_publisher":"https:\/\/web.facebook.com\/profile.php?id=61559252188416","article_published_time":"2025-11-13T13:24:15+00:00","article_modified_time":"2025-11-13T13:24:17+00:00","og_image":[{"width":1150,"height":418,"url":"https:\/\/bobea.net\/wp-content\/uploads\/2025\/11\/entrepfeminin_bymonkeybusiness_headercorp.jpg","type":"image\/jpeg"}],"author":"bobea.info","twitter_card":"summary_large_image","twitter_misc":{"\u00c9crit par":"bobea.info","Dur\u00e9e de lecture estim\u00e9e":"3 minutes"},"schema":{"@context":"https:\/\/schema.org","@graph":[{"@type":"Article","@id":"https:\/\/bobea.net\/index.php\/2025\/11\/13\/women-in-tech-les-3-entrepreneures-francaises-derriere-les-levees-de-fonds-majeures-de-lautomne-2025\/#article","isPartOf":{"@id":"https:\/\/bobea.net\/index.php\/2025\/11\/13\/women-in-tech-les-3-entrepreneures-francaises-derriere-les-levees-de-fonds-majeures-de-lautomne-2025\/"},"author":{"name":"bobea.info","@id":"https:\/\/bobea.net\/#\/schema\/person\/e7f45ef187918d7c956bf619dce90ccf"},"headline":"Women in Tech : Les 3 entrepreneures fran\u00e7aises derri\u00e8re les lev\u00e9es de fonds majeures de l\u2019automne 2025.","datePublished":"2025-11-13T13:24:15+00:00","dateModified":"2025-11-13T13:24:17+00:00","mainEntityOfPage":{"@id":"https:\/\/bobea.net\/index.php\/2025\/11\/13\/women-in-tech-les-3-entrepreneures-francaises-derriere-les-levees-de-fonds-majeures-de-lautomne-2025\/"},"wordCount":581,"commentCount":0,"publisher":{"@id":"https:\/\/bobea.net\/#organization"},"image":{"@id":"https:\/\/bobea.net\/index.php\/2025\/11\/13\/women-in-tech-les-3-entrepreneures-francaises-derriere-les-levees-de-fonds-majeures-de-lautomne-2025\/#primaryimage"},"thumbnailUrl":"https:\/\/bobea.net\/wp-content\/uploads\/2025\/11\/entrepfeminin_bymonkeybusiness_headercorp.jpg","keywords":["#FinTech","#GreenTech","#Innovation","#Lev\u00e9eDeFonds","#StartupsFemmes","#SuccessStoryFrance","#TechF\u00e9minine"],"articleSection":["Business"],"inLanguage":"fr-FR","potentialAction":[{"@type":"CommentAction","name":"Comment","target":["https:\/\/bobea.net\/index.php\/2025\/11\/13\/women-in-tech-les-3-entrepreneures-francaises-derriere-les-levees-de-fonds-majeures-de-lautomne-2025\/#respond"]}]},{"@type":"WebPage","@id":"https:\/\/bobea.net\/index.php\/2025\/11\/13\/women-in-tech-les-3-entrepreneures-francaises-derriere-les-levees-de-fonds-majeures-de-lautomne-2025\/","url":"https:\/\/bobea.net\/index.php\/2025\/11\/13\/women-in-tech-les-3-entrepreneures-francaises-derriere-les-levees-de-fonds-majeures-de-lautomne-2025\/","name":"Women in Tech : Les 3 entrepreneures fran\u00e7aises derri\u00e8re les lev\u00e9es de fonds majeures de l'automne 2025. - Bobea","isPartOf":{"@id":"https:\/\/bobea.net\/#website"},"primaryImageOfPage":{"@id":"https:\/\/bobea.net\/index.php\/2025\/11\/13\/women-in-tech-les-3-entrepreneures-francaises-derriere-les-levees-de-fonds-majeures-de-lautomne-2025\/#primaryimage"},"image":{"@id":"https:\/\/bobea.net\/index.php\/2025\/11\/13\/women-in-tech-les-3-entrepreneures-francaises-derriere-les-levees-de-fonds-majeures-de-lautomne-2025\/#primaryimage"},"thumbnailUrl":"https:\/\/bobea.net\/wp-content\/uploads\/2025\/11\/entrepfeminin_bymonkeybusiness_headercorp.jpg","datePublished":"2025-11-13T13:24:15+00:00","dateModified":"2025-11-13T13:24:17+00:00","breadcrumb":{"@id":"https:\/\/bobea.net\/index.php\/2025\/11\/13\/women-in-tech-les-3-entrepreneures-francaises-derriere-les-levees-de-fonds-majeures-de-lautomne-2025\/#breadcrumb"},"inLanguage":"fr-FR","potentialAction":[{"@type":"ReadAction","target":["https:\/\/bobea.net\/index.php\/2025\/11\/13\/women-in-tech-les-3-entrepreneures-francaises-derriere-les-levees-de-fonds-majeures-de-lautomne-2025\/"]}]},{"@type":"ImageObject","inLanguage":"fr-FR","@id":"https:\/\/bobea.net\/index.php\/2025\/11\/13\/women-in-tech-les-3-entrepreneures-francaises-derriere-les-levees-de-fonds-majeures-de-lautomne-2025\/#primaryimage","url":"https:\/\/bobea.net\/wp-content\/uploads\/2025\/11\/entrepfeminin_bymonkeybusiness_headercorp.jpg","contentUrl":"https:\/\/bobea.net\/wp-content\/uploads\/2025\/11\/entrepfeminin_bymonkeybusiness_headercorp.jpg","width":1150,"height":418},{"@type":"BreadcrumbList","@id":"https:\/\/bobea.net\/index.php\/2025\/11\/13\/women-in-tech-les-3-entrepreneures-francaises-derriere-les-levees-de-fonds-majeures-de-lautomne-2025\/#breadcrumb","itemListElement":[{"@type":"ListItem","position":1,"name":"Accueil","item":"https:\/\/bobea.net\/"},{"@type":"ListItem","position":2,"name":"Women in Tech : Les 3 entrepreneures fran\u00e7aises derri\u00e8re les lev\u00e9es de fonds majeures de l&rsquo;automne 2025."}]},{"@type":"WebSite","@id":"https:\/\/bobea.net\/#website","url":"https:\/\/bobea.net\/","name":"Bobea","description":"Le magazine de la nouvelle \u00c8ve","publisher":{"@id":"https:\/\/bobea.net\/#organization"},"potentialAction":[{"@type":"SearchAction","target":{"@type":"EntryPoint","urlTemplate":"https:\/\/bobea.net\/?s={search_term_string}"},"query-input":{"@type":"PropertyValueSpecification","valueRequired":true,"valueName":"search_term_string"}}],"inLanguage":"fr-FR"},{"@type":"Organization","@id":"https:\/\/bobea.net\/#organization","name":"Bobea","url":"https:\/\/bobea.net\/","logo":{"@type":"ImageObject","inLanguage":"fr-FR","@id":"https:\/\/bobea.net\/#\/schema\/logo\/image\/","url":"https:\/\/bobea.net\/wp-content\/uploads\/2024\/06\/bobea.jpg","contentUrl":"https:\/\/bobea.net\/wp-content\/uploads\/2024\/06\/bobea.jpg","width":1080,"height":1080,"caption":"Bobea"},"image":{"@id":"https:\/\/bobea.net\/#\/schema\/logo\/image\/"},"sameAs":["https:\/\/web.facebook.com\/profile.php?id=61559252188416"]},{"@type":"Person","@id":"https:\/\/bobea.net\/#\/schema\/person\/e7f45ef187918d7c956bf619dce90ccf","name":"bobea.info","image":{"@type":"ImageObject","inLanguage":"fr-FR","@id":"https:\/\/bobea.net\/#\/schema\/person\/image\/","url":"https:\/\/secure.gravatar.com\/avatar\/36147980349df887ae30808df3e29474?s=96&d=mm&r=g","contentUrl":"https:\/\/secure.gravatar.com\/avatar\/36147980349df887ae30808df3e29474?s=96&d=mm&r=g","caption":"bobea.info"},"sameAs":["https:\/\/bobea.net"],"url":"https:\/\/bobea.net\/index.php\/author\/bobea-info\/"}]}},"_links":{"self":[{"href":"https:\/\/bobea.net\/index.php\/wp-json\/wp\/v2\/posts\/26978"}],"collection":[{"href":"https:\/\/bobea.net\/index.php\/wp-json\/wp\/v2\/posts"}],"about":[{"href":"https:\/\/bobea.net\/index.php\/wp-json\/wp\/v2\/types\/post"}],"author":[{"embeddable":true,"href":"https:\/\/bobea.net\/index.php\/wp-json\/wp\/v2\/users\/1"}],"replies":[{"embeddable":true,"href":"https:\/\/bobea.net\/index.php\/wp-json\/wp\/v2\/comments?post=26978"}],"version-history":[{"count":1,"href":"https:\/\/bobea.net\/index.php\/wp-json\/wp\/v2\/posts\/26978\/revisions"}],"predecessor-version":[{"id":26981,"href":"https:\/\/bobea.net\/index.php\/wp-json\/wp\/v2\/posts\/26978\/revisions\/26981"}],"wp:featuredmedia":[{"embeddable":true,"href":"https:\/\/bobea.net\/index.php\/wp-json\/wp\/v2\/media\/26980"}],"wp:attachment":[{"href":"https:\/\/bobea.net\/index.php\/wp-json\/wp\/v2\/media?parent=26978"}],"wp:term":[{"taxonomy":"category","embeddable":true,"href":"https:\/\/bobea.net\/index.php\/wp-json\/wp\/v2\/categories?post=26978"},{"taxonomy":"post_tag","embeddable":true,"href":"https:\/\/bobea.net\/index.php\/wp-json\/wp\/v2\/tags?post=26978"}],"curies":[{"name":"wp","href":"https:\/\/api.w.org\/{rel}","templated":true}]}}