{"id":26974,"date":"2025-11-13T12:18:23","date_gmt":"2025-11-13T12:18:23","guid":{"rendered":"https:\/\/bobea.net\/?p=26974"},"modified":"2025-11-13T12:18:25","modified_gmt":"2025-11-13T12:18:25","slug":"le-rituel-du-winter-glow-le-serum-a-la-vitamine-c-de-skinceuticals-et-lart-de-preserver-leclat-en-novembre","status":"publish","type":"post","link":"https:\/\/bobea.net\/index.php\/2025\/11\/13\/le-rituel-du-winter-glow-le-serum-a-la-vitamine-c-de-skinceuticals-et-lart-de-preserver-leclat-en-novembre\/","title":{"rendered":"Le Rituel du \u2018Winter Glow\u2019. Le s\u00e9rum \u00e0 la Vitamine C de Skinceuticals et l\u2019art de pr\u00e9server l\u2019\u00e9clat en novembre."},"content":{"rendered":"\n<p>Le mois de novem\u00adbre 2025, avec ses tem\u00adp\u00e9ra\u00adtures oscil\u00adlant autour de 5\u00b0C en \u00cele-de-France et le retour du chauffage \u00e0 fond, impose un stress hydrique max\u00adi\u00admal sur l\u2019\u00e9pi\u00adderme. Le vent froid per\u00adturbe la bar\u00adri\u00e8re cutan\u00e9e, tan\u00addis que l\u2019air sec int\u00e9rieur favorise l\u2019\u00e9\u00adva\u00adpo\u00adra\u00adtion de l\u2019eau, con\u00adduisant au fameux <strong>teint terne<\/strong> hiver\u00adnal. L\u2019ob\u00adjec\u00adtif beaut\u00e9 n\u2019est plus de bronz\u00ader, mais de main\u00adtenir le <strong>\u201cWin\u00adter Glow\u201d<\/strong> : un teint lumineux, repulp\u00e9 et surtout, une bar\u00adri\u00e8re cutan\u00e9e ren\u00adfor\u00adc\u00e9e. Notre experte d\u00e9crypte le rit\u00aduel en trois phas\u00ades, bas\u00e9 sur des act\u00adifs pr\u00e9\u00adcis et des r\u00e9f\u00e9rences \u00e9tablies.<\/p>\n\n\n\n<p><strong>Phase 1 : Le Net\u00adtoy\u00adage de la Bar\u00adri\u00e8re (Matin et Soir)<\/strong><\/p>\n\n\n\n<p>L\u2019er\u00adreur la plus co\u00fb\u00adteuse est d\u2019u\u00adtilis\u00ader un net\u00adtoy\u00adant d\u00e9ca\u00adpant. Le pH de la peau doit \u00eatre pr\u00e9serv\u00e9.<\/p>\n\n\n\n<ul class=\"wp-block-list\">\n<li><strong>Le Dou\u00adble Net\u00adtoy\u00adage Doux :<\/strong> Le soir, m\u00eame sans maquil\u00adlage, utilisez une huile net\u00adtoy\u00adante (ex : la <strong>DHC Deep Cleans\u00ading Oil<\/strong>) pour dis\u00adsoudre la pol\u00adlu\u00adtion lipo-sol\u00adu\u00adble, suiv\u00adie d\u2019une cr\u00e8me net\u00adtoy\u00adante sans savon (ex : le <strong>Tole\u00adri\u00adane de La Roche-Posay<\/strong>) pour un net\u00adtoy\u00adage hydratant.<\/li>\n\n\n\n<li><strong>Neu\u00adtral\u00adi\u00adsa\u00adtion du Cal\u00adcaire :<\/strong> Apr\u00e8s le rin\u00e7age (qui est sou\u00advent cal\u00adcaire \u00e0 Paris), ter\u00adminez par une bru\u00admi\u00adsa\u00adtion d\u2019Eau Ther\u00admale (Av\u00e8ne ou La Roche-Posay) ou d\u2019une lotion lac\u00adt\u00e9e (ex : l\u2019<strong>Ultra Facial Ton\u00ader de Kiehl\u2019s<\/strong>) que vous tam\u00adpon\u00adnez, sans frot\u00adter, pour calmer la peau et abaiss\u00ader imm\u00e9\u00addi\u00adate\u00adment son pH.<\/li>\n<\/ul>\n\n\n\n<p><strong>Phase 2 : L\u2019Im\u00admu\u00adnit\u00e9 de l\u2019\u00c9\u00adclat (Le S\u00e9rum)<\/strong><\/p>\n\n\n\n<p>L\u2019hiv\u00ader, le manque de soleil doit \u00eatre com\u00adpen\u00ads\u00e9 par des antioxy\u00addants puis\u00adsants.<\/p>\n\n\n\n<ul class=\"wp-block-list\">\n<li><strong>Le Matin : La Vit\u00ada\u00admine C Antioxy\u00addante :<\/strong> Pour lut\u00adter con\u00adtre le teint gris\u00e2tre et les rad\u00adi\u00adcaux libres caus\u00e9s par le froid, l\u2019in\u00adt\u00e9\u00adgra\u00adtion d\u2019un s\u00e9rum \u00e0 la <strong>Vit\u00ada\u00admine C sta\u00adbil\u00adis\u00e9e<\/strong> est non n\u00e9go\u00adcia\u00adble. La r\u00e9f\u00e9rence absolue dans ce domaine reste le <strong>C E Fer\u00adulic de Skinceu\u00adti\u00adcals<\/strong> (15% d\u2019Acide L\u2011Ascorbique, Fer\u00adulique et Vit\u00ada\u00admine E), dont les \u00e9tudes clin\u00adiques (comme celle pub\u00adli\u00e9e en 2005 par le <em>Jour\u00adnal of Der\u00adma\u00adtol\u00adogy<\/em>) attes\u00adtent de l\u2019ef\u00adfi\u00adcac\u00adit\u00e9 pro\u00adtec\u00adtrice pen\u00addant 72 heures. Appliquez 3 \u00e0 5 gouttes sur peau s\u00e8che le matin.<\/li>\n\n\n\n<li><strong>Le Soir : L\u2019Hy\u00addrata\u00adtion en Pro\u00adfondeur :<\/strong> Une fois par jour (id\u00e9ale\u00adment le soir), appliquez un s\u00e9rum con\u00adcen\u00adtr\u00e9 en <strong>Acide Hyaluronique de dif\u00adf\u00e9rents poids mol\u00e9cu\u00adlaires<\/strong> (ex : l\u2019<strong>H.A. Inten\u00adsi\u00adfi\u00ader de Skinceu\u00adti\u00adcals<\/strong> ou le <strong>Min\u00ader\u00adal 89 de Vichy<\/strong>). L\u2019HA agit comme une \u00e9ponge pour capter l\u2019hu\u00admid\u00adit\u00e9 ambiante, cru\u00adciale lorsque l\u2019air int\u00e9rieur est sec.<\/li>\n<\/ul>\n\n\n\n<figure class=\"wp-block-image size-full\"><img loading=\"lazy\" decoding=\"async\" width=\"700\" height=\"700\" src=\"https:\/\/bobea.net\/wp-content\/uploads\/2025\/11\/156798.webp\" alt class=\"wp-image-26976\" srcset=\"https:\/\/bobea.net\/wp-content\/uploads\/2025\/11\/156798.webp 700w, https:\/\/bobea.net\/wp-content\/uploads\/2025\/11\/156798-300x300.webp 300w, https:\/\/bobea.net\/wp-content\/uploads\/2025\/11\/156798-150x150.webp 150w\" sizes=\"(max-width: 700px) 100vw, 700px\"><\/figure>\n\n\n\n<p><strong>Phase 3 : La R\u00e9pa\u00adra\u00adtion de la Bar\u00adri\u00e8re (Le Man\u00adteau)<\/strong><\/p>\n\n\n\n<p>La cr\u00e8me de jour doit agir comme un man\u00adteau pro\u00adtecteur.<\/p>\n\n\n\n<ul class=\"wp-block-list\">\n<li><strong>L\u2019Im\u00adpor\u00adtance des C\u00e9ramides :<\/strong> Les c\u00e9ramides sont des lipi\u00addes naturelle\u00adment pr\u00e9sents dans la peau qui agis\u00adsent comme le \u201cciment\u201d de la bar\u00adri\u00e8re cutan\u00e9e. En hiv\u00ader, priv\u00adil\u00e9giez une cr\u00e8me de jour et de nuit riche en c\u00e9ramides (ex : le <strong>Cicaplast Baume B5 de La Roche-Posay<\/strong> ou une for\u00admule de <strong>Cer\u00adaVe<\/strong>). Ils lim\u00adi\u00adtent la perte insen\u00adsi\u00adble en eau (PIE).<\/li>\n\n\n\n<li><strong>Le Squalane :<\/strong> Pour les peaux tr\u00e8s s\u00e8ch\u00ades et sen\u00adsi\u00adbles au vent (expo\u00adsi\u00adtion \u00e0 l\u2019ex\u00adt\u00e9rieur), l\u2019a\u00adjout d\u2019une goutte d\u2019huile de <strong>Squalane<\/strong> (un lipi\u00adde non-com\u00e9\u00addog\u00e8ne imi\u00adtant le s\u00e9bum humain, ex : le 100% Squalane de The Ordi\u00adnary) apr\u00e8s votre s\u00e9rum de nuit, mais avant votre cr\u00e8me, per\u00admet de sceller l\u2019hy\u00addrata\u00adtion.<\/li>\n<\/ul>\n\n\n\n<p><strong>Con\u00adclu\u00adsion :<\/strong><\/p>\n\n\n\n<p>Le \u201cWin\u00adter Glow\u201d en novem\u00adbre 2025 est le r\u00e9sul\u00adtat d\u2019une rou\u00adtine intel\u00adli\u00adgente et cibl\u00e9e. En investis\u00adsant dans des act\u00adifs prou\u00adv\u00e9s (Vit\u00ada\u00admine C et C\u00e9ramides), vous ne faites pas que mas\u00adquer le teint terne : vous ren\u00adforcez la san\u00adt\u00e9 struc\u00adturelle de votre peau con\u00adtre les agres\u00adsions sp\u00e9\u00adci\u00adfiques de la sai\u00adson froide.<\/p>\n","protected":false},"excerpt":{"rendered":"<p>Le mois de novem\u00adbre 2025, avec ses tem\u00adp\u00e9ra\u00adtures oscil\u00adlant autour de 5\u00b0C en \u00cele-de-France et le retour du chauffage \u00e0 fond, impose un stress hydrique max\u00adi\u00admal sur l\u2019\u00e9pi\u00adderme. Le vent\u2026 <\/p>\n","protected":false},"author":1,"featured_media":26975,"comment_status":"open","ping_status":"closed","sticky":false,"template":"","format":"standard","meta":{"wp_typography_post_enhancements_disabled":false,"footnotes":""},"categories":[51],"tags":[19856,19858,19860,19859,19857],"class_list":["post-26974","post","type-post","status-publish","format-standard","has-post-thumbnail","hentry","category-beaute","tag-eclatnaturel","tag-routinebeaute","tag-skinceutical","tag-soinhiver","tag-winterglow"],"yoast_head":"<!-- This site is optimized with the Yoast SEO plugin v24.7 - https:\/\/yoast.com\/wordpress\/plugins\/seo\/ -->\n<title>Le Rituel du &#039;Winter Glow&#039;. Le s\u00e9rum \u00e0 la Vitamine C de Skinceuticals et l&#039;art de pr\u00e9server l&#039;\u00e9clat en novembre. - Bobea<\/title>\n<meta name=\"robots\" content=\"index, follow, max-snippet:-1, max-image-preview:large, max-video-preview:-1\" \/>\n<link rel=\"canonical\" href=\"https:\/\/bobea.net\/index.php\/2025\/11\/13\/le-rituel-du-winter-glow-le-serum-a-la-vitamine-c-de-skinceuticals-et-lart-de-preserver-leclat-en-novembre\/\" \/>\n<meta property=\"og:locale\" content=\"fr_FR\" \/>\n<meta property=\"og:type\" content=\"article\" \/>\n<meta property=\"og:title\" content=\"Le Rituel du &#039;Winter Glow&#039;. Le s\u00e9rum \u00e0 la Vitamine C de Skinceuticals et l&#039;art de pr\u00e9server l&#039;\u00e9clat en novembre. - Bobea\" \/>\n<meta property=\"og:description\" content=\"Le mois de novem\u00adbre 2025, avec ses tem\u00adp\u00e9ra\u00adtures oscil\u00adlant autour de 5\u00b0C en \u00cele-de-France et le retour du chauffage \u00e0 fond, impose un stress hydrique max\u00adi\u00admal sur l\u2019\u00e9pi\u00adderme. Le vent&hellip;\" \/>\n<meta property=\"og:url\" content=\"https:\/\/bobea.net\/index.php\/2025\/11\/13\/le-rituel-du-winter-glow-le-serum-a-la-vitamine-c-de-skinceuticals-et-lart-de-preserver-leclat-en-novembre\/\" \/>\n<meta property=\"og:site_name\" content=\"Bobea\" \/>\n<meta property=\"article:publisher\" content=\"https:\/\/web.facebook.com\/profile.php?id=61559252188416\" \/>\n<meta property=\"article:published_time\" content=\"2025-11-13T12:18:23+00:00\" \/>\n<meta property=\"article:modified_time\" content=\"2025-11-13T12:18:25+00:00\" \/>\n<meta property=\"og:image\" content=\"https:\/\/bobea.net\/wp-content\/uploads\/2025\/11\/routines_day.jpg\" \/>\n\t<meta property=\"og:image:width\" content=\"680\" \/>\n\t<meta property=\"og:image:height\" content=\"680\" \/>\n\t<meta property=\"og:image:type\" content=\"image\/jpeg\" \/>\n<meta name=\"author\" content=\"bobea.info\" \/>\n<meta name=\"twitter:card\" content=\"summary_large_image\" \/>\n<meta name=\"twitter:label1\" content=\"\u00c9crit par\" \/>\n\t<meta name=\"twitter:data1\" content=\"bobea.info\" \/>\n\t<meta name=\"twitter:label2\" content=\"Dur\u00e9e de lecture estim\u00e9e\" \/>\n\t<meta name=\"twitter:data2\" content=\"4 minutes\" \/>\n<script type=\"application\/ld+json\" class=\"yoast-schema-graph\">{\"@context\":\"https:\/\/schema.org\",\"@graph\":[{\"@type\":\"Article\",\"@id\":\"https:\/\/bobea.net\/index.php\/2025\/11\/13\/le-rituel-du-winter-glow-le-serum-a-la-vitamine-c-de-skinceuticals-et-lart-de-preserver-leclat-en-novembre\/#article\",\"isPartOf\":{\"@id\":\"https:\/\/bobea.net\/index.php\/2025\/11\/13\/le-rituel-du-winter-glow-le-serum-a-la-vitamine-c-de-skinceuticals-et-lart-de-preserver-leclat-en-novembre\/\"},\"author\":{\"name\":\"bobea.info\",\"@id\":\"https:\/\/bobea.net\/#\/schema\/person\/e7f45ef187918d7c956bf619dce90ccf\"},\"headline\":\"Le Rituel du \u2018Winter Glow\u2019. Le s\u00e9rum \u00e0 la Vitamine C de Skinceuticals et l\u2019art de pr\u00e9server l\u2019\u00e9clat en novembre.\",\"datePublished\":\"2025-11-13T12:18:23+00:00\",\"dateModified\":\"2025-11-13T12:18:25+00:00\",\"mainEntityOfPage\":{\"@id\":\"https:\/\/bobea.net\/index.php\/2025\/11\/13\/le-rituel-du-winter-glow-le-serum-a-la-vitamine-c-de-skinceuticals-et-lart-de-preserver-leclat-en-novembre\/\"},\"wordCount\":626,\"commentCount\":0,\"publisher\":{\"@id\":\"https:\/\/bobea.net\/#organization\"},\"image\":{\"@id\":\"https:\/\/bobea.net\/index.php\/2025\/11\/13\/le-rituel-du-winter-glow-le-serum-a-la-vitamine-c-de-skinceuticals-et-lart-de-preserver-leclat-en-novembre\/#primaryimage\"},\"thumbnailUrl\":\"https:\/\/bobea.net\/wp-content\/uploads\/2025\/11\/routines_day.jpg\",\"keywords\":[\"#\u00c9clatNaturel\",\"#RoutineBeaut\u00e9\",\"#Skinceutical\",\"#SoinHiver\",\"#WinterGlow\"],\"articleSection\":[\"Beaut\u00e9\"],\"inLanguage\":\"fr-FR\",\"potentialAction\":[{\"@type\":\"CommentAction\",\"name\":\"Comment\",\"target\":[\"https:\/\/bobea.net\/index.php\/2025\/11\/13\/le-rituel-du-winter-glow-le-serum-a-la-vitamine-c-de-skinceuticals-et-lart-de-preserver-leclat-en-novembre\/#respond\"]}]},{\"@type\":\"WebPage\",\"@id\":\"https:\/\/bobea.net\/index.php\/2025\/11\/13\/le-rituel-du-winter-glow-le-serum-a-la-vitamine-c-de-skinceuticals-et-lart-de-preserver-leclat-en-novembre\/\",\"url\":\"https:\/\/bobea.net\/index.php\/2025\/11\/13\/le-rituel-du-winter-glow-le-serum-a-la-vitamine-c-de-skinceuticals-et-lart-de-preserver-leclat-en-novembre\/\",\"name\":\"Le Rituel du 'Winter Glow'. Le s\u00e9rum \u00e0 la Vitamine C de Skinceuticals et l'art de pr\u00e9server l'\u00e9clat en novembre. - Bobea\",\"isPartOf\":{\"@id\":\"https:\/\/bobea.net\/#website\"},\"primaryImageOfPage\":{\"@id\":\"https:\/\/bobea.net\/index.php\/2025\/11\/13\/le-rituel-du-winter-glow-le-serum-a-la-vitamine-c-de-skinceuticals-et-lart-de-preserver-leclat-en-novembre\/#primaryimage\"},\"image\":{\"@id\":\"https:\/\/bobea.net\/index.php\/2025\/11\/13\/le-rituel-du-winter-glow-le-serum-a-la-vitamine-c-de-skinceuticals-et-lart-de-preserver-leclat-en-novembre\/#primaryimage\"},\"thumbnailUrl\":\"https:\/\/bobea.net\/wp-content\/uploads\/2025\/11\/routines_day.jpg\",\"datePublished\":\"2025-11-13T12:18:23+00:00\",\"dateModified\":\"2025-11-13T12:18:25+00:00\",\"breadcrumb\":{\"@id\":\"https:\/\/bobea.net\/index.php\/2025\/11\/13\/le-rituel-du-winter-glow-le-serum-a-la-vitamine-c-de-skinceuticals-et-lart-de-preserver-leclat-en-novembre\/#breadcrumb\"},\"inLanguage\":\"fr-FR\",\"potentialAction\":[{\"@type\":\"ReadAction\",\"target\":[\"https:\/\/bobea.net\/index.php\/2025\/11\/13\/le-rituel-du-winter-glow-le-serum-a-la-vitamine-c-de-skinceuticals-et-lart-de-preserver-leclat-en-novembre\/\"]}]},{\"@type\":\"ImageObject\",\"inLanguage\":\"fr-FR\",\"@id\":\"https:\/\/bobea.net\/index.php\/2025\/11\/13\/le-rituel-du-winter-glow-le-serum-a-la-vitamine-c-de-skinceuticals-et-lart-de-preserver-leclat-en-novembre\/#primaryimage\",\"url\":\"https:\/\/bobea.net\/wp-content\/uploads\/2025\/11\/routines_day.jpg\",\"contentUrl\":\"https:\/\/bobea.net\/wp-content\/uploads\/2025\/11\/routines_day.jpg\",\"width\":680,\"height\":680},{\"@type\":\"BreadcrumbList\",\"@id\":\"https:\/\/bobea.net\/index.php\/2025\/11\/13\/le-rituel-du-winter-glow-le-serum-a-la-vitamine-c-de-skinceuticals-et-lart-de-preserver-leclat-en-novembre\/#breadcrumb\",\"itemListElement\":[{\"@type\":\"ListItem\",\"position\":1,\"name\":\"Accueil\",\"item\":\"https:\/\/bobea.net\/\"},{\"@type\":\"ListItem\",\"position\":2,\"name\":\"Le Rituel du &lsquo;Winter Glow&rsquo;. Le s\u00e9rum \u00e0 la Vitamine C de Skinceuticals et l&rsquo;art de pr\u00e9server l&rsquo;\u00e9clat en novembre.\"}]},{\"@type\":\"WebSite\",\"@id\":\"https:\/\/bobea.net\/#website\",\"url\":\"https:\/\/bobea.net\/\",\"name\":\"Bobea\",\"description\":\"Le magazine de la nouvelle \u00c8ve\",\"publisher\":{\"@id\":\"https:\/\/bobea.net\/#organization\"},\"potentialAction\":[{\"@type\":\"SearchAction\",\"target\":{\"@type\":\"EntryPoint\",\"urlTemplate\":\"https:\/\/bobea.net\/?s={search_term_string}\"},\"query-input\":{\"@type\":\"PropertyValueSpecification\",\"valueRequired\":true,\"valueName\":\"search_term_string\"}}],\"inLanguage\":\"fr-FR\"},{\"@type\":\"Organization\",\"@id\":\"https:\/\/bobea.net\/#organization\",\"name\":\"Bobea\",\"url\":\"https:\/\/bobea.net\/\",\"logo\":{\"@type\":\"ImageObject\",\"inLanguage\":\"fr-FR\",\"@id\":\"https:\/\/bobea.net\/#\/schema\/logo\/image\/\",\"url\":\"https:\/\/bobea.net\/wp-content\/uploads\/2024\/06\/bobea.jpg\",\"contentUrl\":\"https:\/\/bobea.net\/wp-content\/uploads\/2024\/06\/bobea.jpg\",\"width\":1080,\"height\":1080,\"caption\":\"Bobea\"},\"image\":{\"@id\":\"https:\/\/bobea.net\/#\/schema\/logo\/image\/\"},\"sameAs\":[\"https:\/\/web.facebook.com\/profile.php?id=61559252188416\"]},{\"@type\":\"Person\",\"@id\":\"https:\/\/bobea.net\/#\/schema\/person\/e7f45ef187918d7c956bf619dce90ccf\",\"name\":\"bobea.info\",\"image\":{\"@type\":\"ImageObject\",\"inLanguage\":\"fr-FR\",\"@id\":\"https:\/\/bobea.net\/#\/schema\/person\/image\/\",\"url\":\"https:\/\/secure.gravatar.com\/avatar\/36147980349df887ae30808df3e29474?s=96&d=mm&r=g\",\"contentUrl\":\"https:\/\/secure.gravatar.com\/avatar\/36147980349df887ae30808df3e29474?s=96&d=mm&r=g\",\"caption\":\"bobea.info\"},\"sameAs\":[\"https:\/\/bobea.net\"],\"url\":\"https:\/\/bobea.net\/index.php\/author\/bobea-info\/\"}]}<\/script>\n<!-- \/ Yoast SEO plugin. -->","yoast_head_json":{"title":"Le Rituel du 'Winter Glow'. Le s\u00e9rum \u00e0 la Vitamine C de Skinceuticals et l'art de pr\u00e9server l'\u00e9clat en novembre. - Bobea","robots":{"index":"index","follow":"follow","max-snippet":"max-snippet:-1","max-image-preview":"max-image-preview:large","max-video-preview":"max-video-preview:-1"},"canonical":"https:\/\/bobea.net\/index.php\/2025\/11\/13\/le-rituel-du-winter-glow-le-serum-a-la-vitamine-c-de-skinceuticals-et-lart-de-preserver-leclat-en-novembre\/","og_locale":"fr_FR","og_type":"article","og_title":"Le Rituel du 'Winter Glow'. Le s\u00e9rum \u00e0 la Vitamine C de Skinceuticals et l'art de pr\u00e9server l'\u00e9clat en novembre. - Bobea","og_description":"Le mois de novem\u00adbre 2025, avec ses tem\u00adp\u00e9ra\u00adtures oscil\u00adlant autour de 5\u00b0C en \u00cele-de-France et le retour du chauffage \u00e0 fond, impose un stress hydrique max\u00adi\u00admal sur l\u2019\u00e9pi\u00adderme. Le vent&hellip;","og_url":"https:\/\/bobea.net\/index.php\/2025\/11\/13\/le-rituel-du-winter-glow-le-serum-a-la-vitamine-c-de-skinceuticals-et-lart-de-preserver-leclat-en-novembre\/","og_site_name":"Bobea","article_publisher":"https:\/\/web.facebook.com\/profile.php?id=61559252188416","article_published_time":"2025-11-13T12:18:23+00:00","article_modified_time":"2025-11-13T12:18:25+00:00","og_image":[{"width":680,"height":680,"url":"https:\/\/bobea.net\/wp-content\/uploads\/2025\/11\/routines_day.jpg","type":"image\/jpeg"}],"author":"bobea.info","twitter_card":"summary_large_image","twitter_misc":{"\u00c9crit par":"bobea.info","Dur\u00e9e de lecture estim\u00e9e":"4 minutes"},"schema":{"@context":"https:\/\/schema.org","@graph":[{"@type":"Article","@id":"https:\/\/bobea.net\/index.php\/2025\/11\/13\/le-rituel-du-winter-glow-le-serum-a-la-vitamine-c-de-skinceuticals-et-lart-de-preserver-leclat-en-novembre\/#article","isPartOf":{"@id":"https:\/\/bobea.net\/index.php\/2025\/11\/13\/le-rituel-du-winter-glow-le-serum-a-la-vitamine-c-de-skinceuticals-et-lart-de-preserver-leclat-en-novembre\/"},"author":{"name":"bobea.info","@id":"https:\/\/bobea.net\/#\/schema\/person\/e7f45ef187918d7c956bf619dce90ccf"},"headline":"Le Rituel du \u2018Winter Glow\u2019. Le s\u00e9rum \u00e0 la Vitamine C de Skinceuticals et l\u2019art de pr\u00e9server l\u2019\u00e9clat en novembre.","datePublished":"2025-11-13T12:18:23+00:00","dateModified":"2025-11-13T12:18:25+00:00","mainEntityOfPage":{"@id":"https:\/\/bobea.net\/index.php\/2025\/11\/13\/le-rituel-du-winter-glow-le-serum-a-la-vitamine-c-de-skinceuticals-et-lart-de-preserver-leclat-en-novembre\/"},"wordCount":626,"commentCount":0,"publisher":{"@id":"https:\/\/bobea.net\/#organization"},"image":{"@id":"https:\/\/bobea.net\/index.php\/2025\/11\/13\/le-rituel-du-winter-glow-le-serum-a-la-vitamine-c-de-skinceuticals-et-lart-de-preserver-leclat-en-novembre\/#primaryimage"},"thumbnailUrl":"https:\/\/bobea.net\/wp-content\/uploads\/2025\/11\/routines_day.jpg","keywords":["#\u00c9clatNaturel","#RoutineBeaut\u00e9","#Skinceutical","#SoinHiver","#WinterGlow"],"articleSection":["Beaut\u00e9"],"inLanguage":"fr-FR","potentialAction":[{"@type":"CommentAction","name":"Comment","target":["https:\/\/bobea.net\/index.php\/2025\/11\/13\/le-rituel-du-winter-glow-le-serum-a-la-vitamine-c-de-skinceuticals-et-lart-de-preserver-leclat-en-novembre\/#respond"]}]},{"@type":"WebPage","@id":"https:\/\/bobea.net\/index.php\/2025\/11\/13\/le-rituel-du-winter-glow-le-serum-a-la-vitamine-c-de-skinceuticals-et-lart-de-preserver-leclat-en-novembre\/","url":"https:\/\/bobea.net\/index.php\/2025\/11\/13\/le-rituel-du-winter-glow-le-serum-a-la-vitamine-c-de-skinceuticals-et-lart-de-preserver-leclat-en-novembre\/","name":"Le Rituel du 'Winter Glow'. Le s\u00e9rum \u00e0 la Vitamine C de Skinceuticals et l'art de pr\u00e9server l'\u00e9clat en novembre. - Bobea","isPartOf":{"@id":"https:\/\/bobea.net\/#website"},"primaryImageOfPage":{"@id":"https:\/\/bobea.net\/index.php\/2025\/11\/13\/le-rituel-du-winter-glow-le-serum-a-la-vitamine-c-de-skinceuticals-et-lart-de-preserver-leclat-en-novembre\/#primaryimage"},"image":{"@id":"https:\/\/bobea.net\/index.php\/2025\/11\/13\/le-rituel-du-winter-glow-le-serum-a-la-vitamine-c-de-skinceuticals-et-lart-de-preserver-leclat-en-novembre\/#primaryimage"},"thumbnailUrl":"https:\/\/bobea.net\/wp-content\/uploads\/2025\/11\/routines_day.jpg","datePublished":"2025-11-13T12:18:23+00:00","dateModified":"2025-11-13T12:18:25+00:00","breadcrumb":{"@id":"https:\/\/bobea.net\/index.php\/2025\/11\/13\/le-rituel-du-winter-glow-le-serum-a-la-vitamine-c-de-skinceuticals-et-lart-de-preserver-leclat-en-novembre\/#breadcrumb"},"inLanguage":"fr-FR","potentialAction":[{"@type":"ReadAction","target":["https:\/\/bobea.net\/index.php\/2025\/11\/13\/le-rituel-du-winter-glow-le-serum-a-la-vitamine-c-de-skinceuticals-et-lart-de-preserver-leclat-en-novembre\/"]}]},{"@type":"ImageObject","inLanguage":"fr-FR","@id":"https:\/\/bobea.net\/index.php\/2025\/11\/13\/le-rituel-du-winter-glow-le-serum-a-la-vitamine-c-de-skinceuticals-et-lart-de-preserver-leclat-en-novembre\/#primaryimage","url":"https:\/\/bobea.net\/wp-content\/uploads\/2025\/11\/routines_day.jpg","contentUrl":"https:\/\/bobea.net\/wp-content\/uploads\/2025\/11\/routines_day.jpg","width":680,"height":680},{"@type":"BreadcrumbList","@id":"https:\/\/bobea.net\/index.php\/2025\/11\/13\/le-rituel-du-winter-glow-le-serum-a-la-vitamine-c-de-skinceuticals-et-lart-de-preserver-leclat-en-novembre\/#breadcrumb","itemListElement":[{"@type":"ListItem","position":1,"name":"Accueil","item":"https:\/\/bobea.net\/"},{"@type":"ListItem","position":2,"name":"Le Rituel du &lsquo;Winter Glow&rsquo;. Le s\u00e9rum \u00e0 la Vitamine C de Skinceuticals et l&rsquo;art de pr\u00e9server l&rsquo;\u00e9clat en novembre."}]},{"@type":"WebSite","@id":"https:\/\/bobea.net\/#website","url":"https:\/\/bobea.net\/","name":"Bobea","description":"Le magazine de la nouvelle \u00c8ve","publisher":{"@id":"https:\/\/bobea.net\/#organization"},"potentialAction":[{"@type":"SearchAction","target":{"@type":"EntryPoint","urlTemplate":"https:\/\/bobea.net\/?s={search_term_string}"},"query-input":{"@type":"PropertyValueSpecification","valueRequired":true,"valueName":"search_term_string"}}],"inLanguage":"fr-FR"},{"@type":"Organization","@id":"https:\/\/bobea.net\/#organization","name":"Bobea","url":"https:\/\/bobea.net\/","logo":{"@type":"ImageObject","inLanguage":"fr-FR","@id":"https:\/\/bobea.net\/#\/schema\/logo\/image\/","url":"https:\/\/bobea.net\/wp-content\/uploads\/2024\/06\/bobea.jpg","contentUrl":"https:\/\/bobea.net\/wp-content\/uploads\/2024\/06\/bobea.jpg","width":1080,"height":1080,"caption":"Bobea"},"image":{"@id":"https:\/\/bobea.net\/#\/schema\/logo\/image\/"},"sameAs":["https:\/\/web.facebook.com\/profile.php?id=61559252188416"]},{"@type":"Person","@id":"https:\/\/bobea.net\/#\/schema\/person\/e7f45ef187918d7c956bf619dce90ccf","name":"bobea.info","image":{"@type":"ImageObject","inLanguage":"fr-FR","@id":"https:\/\/bobea.net\/#\/schema\/person\/image\/","url":"https:\/\/secure.gravatar.com\/avatar\/36147980349df887ae30808df3e29474?s=96&d=mm&r=g","contentUrl":"https:\/\/secure.gravatar.com\/avatar\/36147980349df887ae30808df3e29474?s=96&d=mm&r=g","caption":"bobea.info"},"sameAs":["https:\/\/bobea.net"],"url":"https:\/\/bobea.net\/index.php\/author\/bobea-info\/"}]}},"_links":{"self":[{"href":"https:\/\/bobea.net\/index.php\/wp-json\/wp\/v2\/posts\/26974"}],"collection":[{"href":"https:\/\/bobea.net\/index.php\/wp-json\/wp\/v2\/posts"}],"about":[{"href":"https:\/\/bobea.net\/index.php\/wp-json\/wp\/v2\/types\/post"}],"author":[{"embeddable":true,"href":"https:\/\/bobea.net\/index.php\/wp-json\/wp\/v2\/users\/1"}],"replies":[{"embeddable":true,"href":"https:\/\/bobea.net\/index.php\/wp-json\/wp\/v2\/comments?post=26974"}],"version-history":[{"count":1,"href":"https:\/\/bobea.net\/index.php\/wp-json\/wp\/v2\/posts\/26974\/revisions"}],"predecessor-version":[{"id":26977,"href":"https:\/\/bobea.net\/index.php\/wp-json\/wp\/v2\/posts\/26974\/revisions\/26977"}],"wp:featuredmedia":[{"embeddable":true,"href":"https:\/\/bobea.net\/index.php\/wp-json\/wp\/v2\/media\/26975"}],"wp:attachment":[{"href":"https:\/\/bobea.net\/index.php\/wp-json\/wp\/v2\/media?parent=26974"}],"wp:term":[{"taxonomy":"category","embeddable":true,"href":"https:\/\/bobea.net\/index.php\/wp-json\/wp\/v2\/categories?post=26974"},{"taxonomy":"post_tag","embeddable":true,"href":"https:\/\/bobea.net\/index.php\/wp-json\/wp\/v2\/tags?post=26974"}],"curies":[{"name":"wp","href":"https:\/\/api.w.org\/{rel}","templated":true}]}}