{"id":2697,"date":"2024-06-29T10:22:22","date_gmt":"2024-06-29T10:22:22","guid":{"rendered":"https:\/\/bobea.net\/?p=2697"},"modified":"2024-06-29T10:22:23","modified_gmt":"2024-06-29T10:22:23","slug":"je-suis-celine-dion-entre-fiction-et-biographie-un-portrait-intime-dune-icone","status":"publish","type":"post","link":"https:\/\/bobea.net\/index.php\/2024\/06\/29\/je-suis-celine-dion-entre-fiction-et-biographie-un-portrait-intime-dune-icone\/","title":{"rendered":"Je suis C\u00e9line Dion\u201d : Entre fiction et biographie, un portrait intime d\u2019une ic\u00f4ne"},"content":{"rendered":"\n<p>Un doc\u00adu\u00admen\u00adtaire qui brouille les fron\u00adti\u00e8res<\/p>\n\n\n\n<p>\u201cJe suis C\u00e9line Dion\u201d est un doc\u00adu\u00admen\u00adtaire qui a sus\u00adcit\u00e9 beau\u00adcoup d\u2019in\u00adt\u00e9r\u00eat et de dis\u00adcus\u00adsions dans le monde du cin\u00e9\u00adma et de la musique. Ce film, qui oscille entre fic\u00adtion et biogra\u00adphie, offre un regard unique sur la vie et la car\u00adri\u00e8re de la chanteuse qu\u00e9b\u00e9\u00adcoise.<\/p>\n\n\n\n<p>Une approche inno\u00advante du genre biographique<\/p>\n\n\n\n<p>Le r\u00e9al\u00adisa\u00adteur a choisi une approche nova\u00adtrice, m\u00e9langeant des \u00e9l\u00e9\u00adments de fic\u00adtion avec des faits biographiques av\u00e9r\u00e9s. Cette tech\u00adnique per\u00admet de plonger plus pro\u00adfond\u00e9\u00adment dans la psy\u00adch\u00e9 de C\u00e9line Dion, offrant aux spec\u00adta\u00adteurs une per\u00adspec\u00adtive in\u00e9dite sur la star.<\/p>\n\n\n\n<p>La mise \u00e0 nu d\u2019une artiste d\u2019ex\u00adcep\u00adtion<\/p>\n\n\n\n<p>Le doc\u00adu\u00admen\u00adtaire ne se con\u00adtente pas de retrac\u00ader la car\u00adri\u00e8re excep\u00adtion\u00adnelle de C\u00e9line Dion. Il s\u2019ef\u00adforce de r\u00e9v\u00e9ler la femme der\u00adri\u00e8re l\u2019ic\u00f4ne, explo\u00adrant ses vul\u00adn\u00e9ra\u00adbil\u00adit\u00e9s, ses doutes et ses moments de tri\u00adom\u00adphe per\u00adson\u00adnels. Cette approche intime per\u00admet de human\u00adis\u00ader une fig\u00adure sou\u00advent per\u00e7ue comme inac\u00adces\u00adsi\u00adble.<\/p>\n\n\n\n<p>Entre r\u00e9al\u00adit\u00e9 et inter\u00adpr\u00e9\u00adta\u00adtion artis\u00adtique<\/p>\n\n\n\n<p>Le film soul\u00e8ve des ques\u00adtions int\u00e9res\u00adsantes sur la fron\u00adti\u00e8re entre r\u00e9al\u00adit\u00e9 et fic\u00adtion dans les doc\u00adu\u00admen\u00adtaires biographiques. Il invite le spec\u00adta\u00adteur \u00e0 r\u00e9fl\u00e9chir sur la fa\u00e7on dont les his\u00adtoires per\u00adson\u00adnelles sont racon\u00adt\u00e9es et inter\u00adpr\u00e9t\u00e9es \u00e0 l\u2019\u00e9cran.<\/p>\n\n\n\n<p>Un por\u00adtrait mul\u00adti\u00addi\u00admen\u00adsion\u00adnel<\/p>\n\n\n\n<p>En m\u00ealant des \u00e9l\u00e9\u00adments fic\u00adtion\u00adnels \u00e0 la biogra\u00adphie de C\u00e9line Dion, le doc\u00adu\u00admen\u00adtaire offre un por\u00adtrait mul\u00adti\u00addi\u00admen\u00adsion\u00adnel de l\u2019artiste. Il explore non seule\u00adment sa car\u00adri\u00e8re musi\u00adcale, mais aus\u00adsi ses exp\u00e9ri\u00adences en tant que femme, \u00e9pouse et m\u00e8re dans l\u2019in\u00addus\u00adtrie du diver\u00adtisse\u00adment.<\/p>\n\n\n\n<p>R\u00e9cep\u00adtion cri\u00adtique et d\u00e9bats<\/p>\n\n\n\n<p>Le film a sus\u00adcit\u00e9 des r\u00e9ac\u00adtions var\u00adi\u00e9es, cer\u00adtains salu\u00adant son approche inno\u00advante, tan\u00addis que d\u2019autres s\u2019in\u00adter\u00adro\u00adgent sur la v\u00e9rac\u00adit\u00e9 de cer\u00adtains \u00e9l\u00e9\u00adments pr\u00e9sen\u00adt\u00e9s. Ces d\u00e9bats con\u00adtribuent \u00e0 ali\u00admenter les dis\u00adcus\u00adsions sur la nature de la c\u00e9l\u00e9brit\u00e9 et la fa\u00e7on dont les his\u00adtoires per\u00adson\u00adnelles sont racon\u00adt\u00e9es dans les m\u00e9dias.\u201cJe suis C\u00e9line Dion\u201d se r\u00e9v\u00e8le \u00eatre bien plus qu\u2019un sim\u00adple doc\u00adu\u00admen\u00adtaire biographique. C\u2019est une explo\u00adration auda\u00adcieuse de la vie d\u2019une artiste excep\u00adtion\u00adnelle, qui repousse les lim\u00adites du genre doc\u00adu\u00admen\u00adtaire tout en offrant un regard intime sur l\u2019une des plus grandes voix de notre \u00e9poque.<\/p>\n","protected":false},"excerpt":{"rendered":"<p>Un doc\u00adu\u00admen\u00adtaire qui brouille les fron\u00adti\u00e8res \u201cJe suis C\u00e9line Dion\u201d est un doc\u00adu\u00admen\u00adtaire qui a sus\u00adcit\u00e9 beau\u00adcoup d\u2019in\u00adt\u00e9r\u00eat et de dis\u00adcus\u00adsions dans le monde du cin\u00e9\u00adma et de la musique.\u2026 <\/p>\n","protected":false},"author":1,"featured_media":2698,"comment_status":"open","ping_status":"open","sticky":false,"template":"","format":"standard","meta":{"wp_typography_post_enhancements_disabled":false,"footnotes":""},"categories":[79,55],"tags":[1206,1208,812,1209,1205,1213,707,1212,1207,1203,1214,1215,1211,1210,1216,1217,1204],"class_list":["post-2697","post","type-post","status-publish","format-standard","has-post-thumbnail","hentry","category-a-la-une","category-culture","tag-artiste","tag-biographie","tag-carriere","tag-celebrite-2","tag-celine-dion","tag-chanteuse","tag-cinema","tag-documentaire","tag-femme","tag-fiction","tag-intimite","tag-musique","tag-psyche","tag-quebec","tag-triomphe","tag-voix","tag-vulnerabilites"],"yoast_head":"<!-- This site is optimized with the Yoast SEO plugin v24.7 - https:\/\/yoast.com\/wordpress\/plugins\/seo\/ -->\n<title>Je suis C\u00e9line Dion&quot; : Entre fiction et biographie, un portrait intime d&#039;une ic\u00f4ne - Bobea<\/title>\n<meta name=\"description\" content=\"Je suis C\u00e9line Dion&quot; est un documentaire qui a suscit\u00e9 beaucoup d&#039;int\u00e9r\u00eat et de discussions dans le monde du cin\u00e9ma et de la musique.\" \/>\n<meta name=\"robots\" content=\"index, follow, max-snippet:-1, max-image-preview:large, max-video-preview:-1\" \/>\n<link rel=\"canonical\" href=\"https:\/\/bobea.net\/index.php\/2024\/06\/29\/je-suis-celine-dion-entre-fiction-et-biographie-un-portrait-intime-dune-icone\/\" \/>\n<meta property=\"og:locale\" content=\"fr_FR\" \/>\n<meta property=\"og:type\" content=\"article\" \/>\n<meta property=\"og:title\" content=\"Je suis C\u00e9line Dion&quot; : Entre fiction et biographie, un portrait intime d&#039;une ic\u00f4ne - Bobea\" \/>\n<meta property=\"og:description\" content=\"Je suis C\u00e9line Dion&quot; est un documentaire qui a suscit\u00e9 beaucoup d&#039;int\u00e9r\u00eat et de discussions dans le monde du cin\u00e9ma et de la musique.\" \/>\n<meta property=\"og:url\" content=\"https:\/\/bobea.net\/index.php\/2024\/06\/29\/je-suis-celine-dion-entre-fiction-et-biographie-un-portrait-intime-dune-icone\/\" \/>\n<meta property=\"og:site_name\" content=\"Bobea\" \/>\n<meta property=\"article:publisher\" content=\"https:\/\/web.facebook.com\/profile.php?id=61559252188416\" \/>\n<meta property=\"article:published_time\" content=\"2024-06-29T10:22:22+00:00\" \/>\n<meta property=\"article:modified_time\" content=\"2024-06-29T10:22:23+00:00\" \/>\n<meta property=\"og:image\" content=\"https:\/\/bobea.net\/wp-content\/uploads\/2024\/06\/R-9-1.jpeg\" \/>\n\t<meta property=\"og:image:width\" content=\"674\" \/>\n\t<meta property=\"og:image:height\" content=\"500\" \/>\n\t<meta property=\"og:image:type\" content=\"image\/jpeg\" \/>\n<meta name=\"author\" content=\"bobea.info\" \/>\n<meta name=\"twitter:card\" content=\"summary_large_image\" \/>\n<meta name=\"twitter:label1\" content=\"\u00c9crit par\" \/>\n\t<meta name=\"twitter:data1\" content=\"bobea.info\" \/>\n\t<meta name=\"twitter:label2\" content=\"Dur\u00e9e de lecture estim\u00e9e\" \/>\n\t<meta name=\"twitter:data2\" content=\"2 minutes\" \/>\n<script type=\"application\/ld+json\" class=\"yoast-schema-graph\">{\"@context\":\"https:\/\/schema.org\",\"@graph\":[{\"@type\":\"Article\",\"@id\":\"https:\/\/bobea.net\/index.php\/2024\/06\/29\/je-suis-celine-dion-entre-fiction-et-biographie-un-portrait-intime-dune-icone\/#article\",\"isPartOf\":{\"@id\":\"https:\/\/bobea.net\/index.php\/2024\/06\/29\/je-suis-celine-dion-entre-fiction-et-biographie-un-portrait-intime-dune-icone\/\"},\"author\":{\"name\":\"bobea.info\",\"@id\":\"https:\/\/bobea.net\/#\/schema\/person\/e7f45ef187918d7c956bf619dce90ccf\"},\"headline\":\"Je suis C\u00e9line Dion\u201d : Entre fiction et biographie, un portrait intime d\u2019une ic\u00f4ne\",\"datePublished\":\"2024-06-29T10:22:22+00:00\",\"dateModified\":\"2024-06-29T10:22:23+00:00\",\"mainEntityOfPage\":{\"@id\":\"https:\/\/bobea.net\/index.php\/2024\/06\/29\/je-suis-celine-dion-entre-fiction-et-biographie-un-portrait-intime-dune-icone\/\"},\"wordCount\":416,\"commentCount\":0,\"publisher\":{\"@id\":\"https:\/\/bobea.net\/#organization\"},\"image\":{\"@id\":\"https:\/\/bobea.net\/index.php\/2024\/06\/29\/je-suis-celine-dion-entre-fiction-et-biographie-un-portrait-intime-dune-icone\/#primaryimage\"},\"thumbnailUrl\":\"https:\/\/bobea.net\/wp-content\/uploads\/2024\/06\/R-9-1.jpeg\",\"keywords\":[\"artiste\",\"biographie\",\"carri\u00e8re\",\"c\u00e9l\u00e9brit\u00e9\",\"C\u00e9line Dion\",\"chanteuse\",\"cin\u00e9ma\",\"documentaire\",\"femme\",\"fiction\",\"intimit\u00e9\",\"musique\",\"psych\u00e9\",\"Qu\u00e9bec\",\"triomphe\",\"voix.\",\"vuln\u00e9rabilit\u00e9s\"],\"articleSection\":[\"A la Une\",\"Culture\"],\"inLanguage\":\"fr-FR\",\"potentialAction\":[{\"@type\":\"CommentAction\",\"name\":\"Comment\",\"target\":[\"https:\/\/bobea.net\/index.php\/2024\/06\/29\/je-suis-celine-dion-entre-fiction-et-biographie-un-portrait-intime-dune-icone\/#respond\"]}]},{\"@type\":\"WebPage\",\"@id\":\"https:\/\/bobea.net\/index.php\/2024\/06\/29\/je-suis-celine-dion-entre-fiction-et-biographie-un-portrait-intime-dune-icone\/\",\"url\":\"https:\/\/bobea.net\/index.php\/2024\/06\/29\/je-suis-celine-dion-entre-fiction-et-biographie-un-portrait-intime-dune-icone\/\",\"name\":\"Je suis C\u00e9line Dion\\\" : Entre fiction et biographie, un portrait intime d'une ic\u00f4ne - Bobea\",\"isPartOf\":{\"@id\":\"https:\/\/bobea.net\/#website\"},\"primaryImageOfPage\":{\"@id\":\"https:\/\/bobea.net\/index.php\/2024\/06\/29\/je-suis-celine-dion-entre-fiction-et-biographie-un-portrait-intime-dune-icone\/#primaryimage\"},\"image\":{\"@id\":\"https:\/\/bobea.net\/index.php\/2024\/06\/29\/je-suis-celine-dion-entre-fiction-et-biographie-un-portrait-intime-dune-icone\/#primaryimage\"},\"thumbnailUrl\":\"https:\/\/bobea.net\/wp-content\/uploads\/2024\/06\/R-9-1.jpeg\",\"datePublished\":\"2024-06-29T10:22:22+00:00\",\"dateModified\":\"2024-06-29T10:22:23+00:00\",\"description\":\"Je suis C\u00e9line Dion\\\" est un documentaire qui a suscit\u00e9 beaucoup d'int\u00e9r\u00eat et de discussions dans le monde du cin\u00e9ma et de la musique.\",\"breadcrumb\":{\"@id\":\"https:\/\/bobea.net\/index.php\/2024\/06\/29\/je-suis-celine-dion-entre-fiction-et-biographie-un-portrait-intime-dune-icone\/#breadcrumb\"},\"inLanguage\":\"fr-FR\",\"potentialAction\":[{\"@type\":\"ReadAction\",\"target\":[\"https:\/\/bobea.net\/index.php\/2024\/06\/29\/je-suis-celine-dion-entre-fiction-et-biographie-un-portrait-intime-dune-icone\/\"]}]},{\"@type\":\"ImageObject\",\"inLanguage\":\"fr-FR\",\"@id\":\"https:\/\/bobea.net\/index.php\/2024\/06\/29\/je-suis-celine-dion-entre-fiction-et-biographie-un-portrait-intime-dune-icone\/#primaryimage\",\"url\":\"https:\/\/bobea.net\/wp-content\/uploads\/2024\/06\/R-9-1.jpeg\",\"contentUrl\":\"https:\/\/bobea.net\/wp-content\/uploads\/2024\/06\/R-9-1.jpeg\",\"width\":674,\"height\":500,\"caption\":\"Je suis C\u00e9line Dion\\\" : Entre fiction et biographie, un portrait intime d'une ic\u00f4ne\"},{\"@type\":\"BreadcrumbList\",\"@id\":\"https:\/\/bobea.net\/index.php\/2024\/06\/29\/je-suis-celine-dion-entre-fiction-et-biographie-un-portrait-intime-dune-icone\/#breadcrumb\",\"itemListElement\":[{\"@type\":\"ListItem\",\"position\":1,\"name\":\"Accueil\",\"item\":\"https:\/\/bobea.net\/\"},{\"@type\":\"ListItem\",\"position\":2,\"name\":\"Je suis C\u00e9line Dion\u00a0\u00bb : Entre fiction et biographie, un portrait intime d&rsquo;une ic\u00f4ne\"}]},{\"@type\":\"WebSite\",\"@id\":\"https:\/\/bobea.net\/#website\",\"url\":\"https:\/\/bobea.net\/\",\"name\":\"Bobea\",\"description\":\"Le magazine de la nouvelle \u00c8ve\",\"publisher\":{\"@id\":\"https:\/\/bobea.net\/#organization\"},\"potentialAction\":[{\"@type\":\"SearchAction\",\"target\":{\"@type\":\"EntryPoint\",\"urlTemplate\":\"https:\/\/bobea.net\/?s={search_term_string}\"},\"query-input\":{\"@type\":\"PropertyValueSpecification\",\"valueRequired\":true,\"valueName\":\"search_term_string\"}}],\"inLanguage\":\"fr-FR\"},{\"@type\":\"Organization\",\"@id\":\"https:\/\/bobea.net\/#organization\",\"name\":\"Bobea\",\"url\":\"https:\/\/bobea.net\/\",\"logo\":{\"@type\":\"ImageObject\",\"inLanguage\":\"fr-FR\",\"@id\":\"https:\/\/bobea.net\/#\/schema\/logo\/image\/\",\"url\":\"https:\/\/bobea.net\/wp-content\/uploads\/2024\/06\/bobea.jpg\",\"contentUrl\":\"https:\/\/bobea.net\/wp-content\/uploads\/2024\/06\/bobea.jpg\",\"width\":1080,\"height\":1080,\"caption\":\"Bobea\"},\"image\":{\"@id\":\"https:\/\/bobea.net\/#\/schema\/logo\/image\/\"},\"sameAs\":[\"https:\/\/web.facebook.com\/profile.php?id=61559252188416\"]},{\"@type\":\"Person\",\"@id\":\"https:\/\/bobea.net\/#\/schema\/person\/e7f45ef187918d7c956bf619dce90ccf\",\"name\":\"bobea.info\",\"image\":{\"@type\":\"ImageObject\",\"inLanguage\":\"fr-FR\",\"@id\":\"https:\/\/bobea.net\/#\/schema\/person\/image\/\",\"url\":\"https:\/\/secure.gravatar.com\/avatar\/36147980349df887ae30808df3e29474?s=96&d=mm&r=g\",\"contentUrl\":\"https:\/\/secure.gravatar.com\/avatar\/36147980349df887ae30808df3e29474?s=96&d=mm&r=g\",\"caption\":\"bobea.info\"},\"sameAs\":[\"https:\/\/bobea.net\"],\"url\":\"https:\/\/bobea.net\/index.php\/author\/bobea-info\/\"}]}<\/script>\n<!-- \/ Yoast SEO plugin. -->","yoast_head_json":{"title":"Je suis C\u00e9line Dion\" : Entre fiction et biographie, un portrait intime d'une ic\u00f4ne - Bobea","description":"Je suis C\u00e9line Dion\" est un documentaire qui a suscit\u00e9 beaucoup d'int\u00e9r\u00eat et de discussions dans le monde du cin\u00e9ma et de la musique.","robots":{"index":"index","follow":"follow","max-snippet":"max-snippet:-1","max-image-preview":"max-image-preview:large","max-video-preview":"max-video-preview:-1"},"canonical":"https:\/\/bobea.net\/index.php\/2024\/06\/29\/je-suis-celine-dion-entre-fiction-et-biographie-un-portrait-intime-dune-icone\/","og_locale":"fr_FR","og_type":"article","og_title":"Je suis C\u00e9line Dion\" : Entre fiction et biographie, un portrait intime d'une ic\u00f4ne - Bobea","og_description":"Je suis C\u00e9line Dion\" est un documentaire qui a suscit\u00e9 beaucoup d'int\u00e9r\u00eat et de discussions dans le monde du cin\u00e9ma et de la musique.","og_url":"https:\/\/bobea.net\/index.php\/2024\/06\/29\/je-suis-celine-dion-entre-fiction-et-biographie-un-portrait-intime-dune-icone\/","og_site_name":"Bobea","article_publisher":"https:\/\/web.facebook.com\/profile.php?id=61559252188416","article_published_time":"2024-06-29T10:22:22+00:00","article_modified_time":"2024-06-29T10:22:23+00:00","og_image":[{"width":674,"height":500,"url":"https:\/\/bobea.net\/wp-content\/uploads\/2024\/06\/R-9-1.jpeg","type":"image\/jpeg"}],"author":"bobea.info","twitter_card":"summary_large_image","twitter_misc":{"\u00c9crit par":"bobea.info","Dur\u00e9e de lecture estim\u00e9e":"2 minutes"},"schema":{"@context":"https:\/\/schema.org","@graph":[{"@type":"Article","@id":"https:\/\/bobea.net\/index.php\/2024\/06\/29\/je-suis-celine-dion-entre-fiction-et-biographie-un-portrait-intime-dune-icone\/#article","isPartOf":{"@id":"https:\/\/bobea.net\/index.php\/2024\/06\/29\/je-suis-celine-dion-entre-fiction-et-biographie-un-portrait-intime-dune-icone\/"},"author":{"name":"bobea.info","@id":"https:\/\/bobea.net\/#\/schema\/person\/e7f45ef187918d7c956bf619dce90ccf"},"headline":"Je suis C\u00e9line Dion\u201d : Entre fiction et biographie, un portrait intime d\u2019une ic\u00f4ne","datePublished":"2024-06-29T10:22:22+00:00","dateModified":"2024-06-29T10:22:23+00:00","mainEntityOfPage":{"@id":"https:\/\/bobea.net\/index.php\/2024\/06\/29\/je-suis-celine-dion-entre-fiction-et-biographie-un-portrait-intime-dune-icone\/"},"wordCount":416,"commentCount":0,"publisher":{"@id":"https:\/\/bobea.net\/#organization"},"image":{"@id":"https:\/\/bobea.net\/index.php\/2024\/06\/29\/je-suis-celine-dion-entre-fiction-et-biographie-un-portrait-intime-dune-icone\/#primaryimage"},"thumbnailUrl":"https:\/\/bobea.net\/wp-content\/uploads\/2024\/06\/R-9-1.jpeg","keywords":["artiste","biographie","carri\u00e8re","c\u00e9l\u00e9brit\u00e9","C\u00e9line Dion","chanteuse","cin\u00e9ma","documentaire","femme","fiction","intimit\u00e9","musique","psych\u00e9","Qu\u00e9bec","triomphe","voix.","vuln\u00e9rabilit\u00e9s"],"articleSection":["A la Une","Culture"],"inLanguage":"fr-FR","potentialAction":[{"@type":"CommentAction","name":"Comment","target":["https:\/\/bobea.net\/index.php\/2024\/06\/29\/je-suis-celine-dion-entre-fiction-et-biographie-un-portrait-intime-dune-icone\/#respond"]}]},{"@type":"WebPage","@id":"https:\/\/bobea.net\/index.php\/2024\/06\/29\/je-suis-celine-dion-entre-fiction-et-biographie-un-portrait-intime-dune-icone\/","url":"https:\/\/bobea.net\/index.php\/2024\/06\/29\/je-suis-celine-dion-entre-fiction-et-biographie-un-portrait-intime-dune-icone\/","name":"Je suis C\u00e9line Dion\" : Entre fiction et biographie, un portrait intime d'une ic\u00f4ne - Bobea","isPartOf":{"@id":"https:\/\/bobea.net\/#website"},"primaryImageOfPage":{"@id":"https:\/\/bobea.net\/index.php\/2024\/06\/29\/je-suis-celine-dion-entre-fiction-et-biographie-un-portrait-intime-dune-icone\/#primaryimage"},"image":{"@id":"https:\/\/bobea.net\/index.php\/2024\/06\/29\/je-suis-celine-dion-entre-fiction-et-biographie-un-portrait-intime-dune-icone\/#primaryimage"},"thumbnailUrl":"https:\/\/bobea.net\/wp-content\/uploads\/2024\/06\/R-9-1.jpeg","datePublished":"2024-06-29T10:22:22+00:00","dateModified":"2024-06-29T10:22:23+00:00","description":"Je suis C\u00e9line Dion\" est un documentaire qui a suscit\u00e9 beaucoup d'int\u00e9r\u00eat et de discussions dans le monde du cin\u00e9ma et de la musique.","breadcrumb":{"@id":"https:\/\/bobea.net\/index.php\/2024\/06\/29\/je-suis-celine-dion-entre-fiction-et-biographie-un-portrait-intime-dune-icone\/#breadcrumb"},"inLanguage":"fr-FR","potentialAction":[{"@type":"ReadAction","target":["https:\/\/bobea.net\/index.php\/2024\/06\/29\/je-suis-celine-dion-entre-fiction-et-biographie-un-portrait-intime-dune-icone\/"]}]},{"@type":"ImageObject","inLanguage":"fr-FR","@id":"https:\/\/bobea.net\/index.php\/2024\/06\/29\/je-suis-celine-dion-entre-fiction-et-biographie-un-portrait-intime-dune-icone\/#primaryimage","url":"https:\/\/bobea.net\/wp-content\/uploads\/2024\/06\/R-9-1.jpeg","contentUrl":"https:\/\/bobea.net\/wp-content\/uploads\/2024\/06\/R-9-1.jpeg","width":674,"height":500,"caption":"Je suis C\u00e9line Dion\" : Entre fiction et biographie, un portrait intime d'une ic\u00f4ne"},{"@type":"BreadcrumbList","@id":"https:\/\/bobea.net\/index.php\/2024\/06\/29\/je-suis-celine-dion-entre-fiction-et-biographie-un-portrait-intime-dune-icone\/#breadcrumb","itemListElement":[{"@type":"ListItem","position":1,"name":"Accueil","item":"https:\/\/bobea.net\/"},{"@type":"ListItem","position":2,"name":"Je suis C\u00e9line Dion\u00a0\u00bb : Entre fiction et biographie, un portrait intime d&rsquo;une ic\u00f4ne"}]},{"@type":"WebSite","@id":"https:\/\/bobea.net\/#website","url":"https:\/\/bobea.net\/","name":"Bobea","description":"Le magazine de la nouvelle \u00c8ve","publisher":{"@id":"https:\/\/bobea.net\/#organization"},"potentialAction":[{"@type":"SearchAction","target":{"@type":"EntryPoint","urlTemplate":"https:\/\/bobea.net\/?s={search_term_string}"},"query-input":{"@type":"PropertyValueSpecification","valueRequired":true,"valueName":"search_term_string"}}],"inLanguage":"fr-FR"},{"@type":"Organization","@id":"https:\/\/bobea.net\/#organization","name":"Bobea","url":"https:\/\/bobea.net\/","logo":{"@type":"ImageObject","inLanguage":"fr-FR","@id":"https:\/\/bobea.net\/#\/schema\/logo\/image\/","url":"https:\/\/bobea.net\/wp-content\/uploads\/2024\/06\/bobea.jpg","contentUrl":"https:\/\/bobea.net\/wp-content\/uploads\/2024\/06\/bobea.jpg","width":1080,"height":1080,"caption":"Bobea"},"image":{"@id":"https:\/\/bobea.net\/#\/schema\/logo\/image\/"},"sameAs":["https:\/\/web.facebook.com\/profile.php?id=61559252188416"]},{"@type":"Person","@id":"https:\/\/bobea.net\/#\/schema\/person\/e7f45ef187918d7c956bf619dce90ccf","name":"bobea.info","image":{"@type":"ImageObject","inLanguage":"fr-FR","@id":"https:\/\/bobea.net\/#\/schema\/person\/image\/","url":"https:\/\/secure.gravatar.com\/avatar\/36147980349df887ae30808df3e29474?s=96&d=mm&r=g","contentUrl":"https:\/\/secure.gravatar.com\/avatar\/36147980349df887ae30808df3e29474?s=96&d=mm&r=g","caption":"bobea.info"},"sameAs":["https:\/\/bobea.net"],"url":"https:\/\/bobea.net\/index.php\/author\/bobea-info\/"}]}},"_links":{"self":[{"href":"https:\/\/bobea.net\/index.php\/wp-json\/wp\/v2\/posts\/2697"}],"collection":[{"href":"https:\/\/bobea.net\/index.php\/wp-json\/wp\/v2\/posts"}],"about":[{"href":"https:\/\/bobea.net\/index.php\/wp-json\/wp\/v2\/types\/post"}],"author":[{"embeddable":true,"href":"https:\/\/bobea.net\/index.php\/wp-json\/wp\/v2\/users\/1"}],"replies":[{"embeddable":true,"href":"https:\/\/bobea.net\/index.php\/wp-json\/wp\/v2\/comments?post=2697"}],"version-history":[{"count":0,"href":"https:\/\/bobea.net\/index.php\/wp-json\/wp\/v2\/posts\/2697\/revisions"}],"wp:featuredmedia":[{"embeddable":true,"href":"https:\/\/bobea.net\/index.php\/wp-json\/wp\/v2\/media\/2698"}],"wp:attachment":[{"href":"https:\/\/bobea.net\/index.php\/wp-json\/wp\/v2\/media?parent=2697"}],"wp:term":[{"taxonomy":"category","embeddable":true,"href":"https:\/\/bobea.net\/index.php\/wp-json\/wp\/v2\/categories?post=2697"},{"taxonomy":"post_tag","embeddable":true,"href":"https:\/\/bobea.net\/index.php\/wp-json\/wp\/v2\/tags?post=2697"}],"curies":[{"name":"wp","href":"https:\/\/api.w.org\/{rel}","templated":true}]}}