{"id":26747,"date":"2025-11-01T08:41:04","date_gmt":"2025-11-01T08:41:04","guid":{"rendered":"https:\/\/bobea.net\/?p=26747"},"modified":"2025-11-01T19:02:18","modified_gmt":"2025-11-01T19:02:18","slug":"revelation-la-veritable-histoire-du-role-que-marguerite-duras-a-refuse-racontee-par-judith-godreche","status":"publish","type":"post","link":"https:\/\/bobea.net\/index.php\/2025\/11\/01\/revelation-la-veritable-histoire-du-role-que-marguerite-duras-a-refuse-racontee-par-judith-godreche\/","title":{"rendered":"R\u00e9v\u00e9lation ! La v\u00e9ritable histoire du r\u00f4le que Marguerite Duras a refus\u00e9, racont\u00e9e par Judith Godr\u00e8che."},"content":{"rendered":"\n<p>C\u2019est une p\u00e9pite d\u2019<strong>his\u00adtoire cul\u00adturelle<\/strong> qui vient d\u2019\u00eatre d\u00e9ter\u00adr\u00e9e ! La cin\u00e9aste <strong>Judith Godr\u00e8che<\/strong>, con\u00adnue pour sa sinc\u00e9rit\u00e9 et son amour des grandes fig\u00adures lit\u00adt\u00e9raires, a fait une <strong>r\u00e9v\u00e9la\u00adtion couliss\u00ades film<\/strong> fasci\u00adnante lors d\u2019une mas\u00adter\u00adclass : elle a partag\u00e9 la v\u00e9ri\u00adta\u00adble his\u00adtoire du <strong>r\u00f4le que Mar\u00adguerite Duras a refus\u00e9<\/strong>, une anec\u00addote qui en dit long sur le car\u00adac\u00adt\u00e8re intran\u00adsigeant et vision\u00adnaire de l\u2019\u00e9crivaine l\u00e9gendaire. Cette his\u00adtoire, m\u00ealant <strong>lit\u00adt\u00e9ra\u00adture cin\u00e9\u00adma<\/strong> et ego d\u2019artistes, est un tr\u00e9\u00adsor pour les pas\u00adsion\u00adn\u00e9s et un exem\u00adple fort d\u2019<strong>art et int\u00e9grit\u00e9<\/strong>.<\/p>\n\n\n\n<p><strong>Le Refus pour Raisons Esth\u00e9\u00adtiques<\/strong><\/p>\n\n\n\n<p>Le con\u00adtexte est celui des ann\u00e9es 80, une p\u00e9ri\u00adode o\u00f9 les auteurs s\u2019es\u00adsayaient fr\u00e9quem\u00adment \u00e0 la r\u00e9al\u00adi\u00adsa\u00adtion. Le pro\u00adjet en ques\u00adtion \u00e9tait une adap\u00adta\u00adtion ambitieuse d\u2019un clas\u00adsique de la lit\u00adt\u00e9ra\u00adture fran\u00e7aise, port\u00e9e par un r\u00e9al\u00adisa\u00adteur aujour\u00add\u2019hui oscaris\u00e9. <strong>Mar\u00adguerite Duras<\/strong>, dont la plume \u00e9tait aus\u00adsi ac\u00e9r\u00e9e que l\u2019e\u00adsprit, avait \u00e9t\u00e9 approch\u00e9e pour incar\u00adn\u00ader un r\u00f4le sec\u00adondaire, mais cru\u00adcial, celui d\u2019une femme mys\u00adt\u00e9rieuse et puis\u00adsante qui ser\u00advait de con\u00adscience au h\u00e9ros.<\/p>\n\n\n\n<p>Selon le r\u00e9c\u00adit de <strong>Judith Godr\u00e8che<\/strong>, qui tenait l\u2019in\u00adfor\u00adma\u00adtion d\u2019un pro\u00adduc\u00adteur d\u2019\u00e9poque, le <strong>r\u00f4le que Mar\u00adguerite Duras a refus\u00e9<\/strong> n\u2019\u00e9\u00adtait pas un sim\u00adple rejet d\u2019a\u00adgen\u00adda, mais une ques\u00adtion de dig\u00adnit\u00e9 artis\u00adtique pro\u00adfonde. Duras aurait lu le sc\u00e9\u00adnario et l\u2019au\u00adrait jug\u00e9 \u201ctrop expli\u00adcatif, trop joli\u201d par rap\u00adport \u00e0 la bru\u00adtal\u00adit\u00e9, au silence et \u00e0 la v\u00e9rit\u00e9 que l\u2019\u0153u\u00advre orig\u00adi\u00adnale v\u00e9hic\u00adu\u00adlait. Elle aurait r\u00e9dig\u00e9 une let\u00adtre cinglante au r\u00e9al\u00adisa\u00adteur, lui sig\u00adnifi\u00adant que \u201cl\u2019art n\u2019a pas besoin de tant de clart\u00e9 pour exis\u00adter ; il a besoin de manque\u201d.<\/p>\n\n\n\n<p><strong>Un Cas d\u2019Art et Int\u00e9grit\u00e9<\/strong><\/p>\n\n\n\n<p>Cette <strong>r\u00e9v\u00e9la\u00adtion couliss\u00ades film<\/strong> est plus qu\u2019une sim\u00adple <strong>anec\u00addotes stars<\/strong> ; elle illus\u00adtre la dif\u00adf\u00e9rence fon\u00adda\u00admen\u00adtale entre l\u2019ap\u00adproche de Duras, cen\u00adtr\u00e9e sur le non-dit, l\u2019ab\u00adstrac\u00adtion et la den\u00adsit\u00e9 \u00e9mo\u00adtion\u00adnelle, et le cin\u00e9\u00adma grand pub\u00adlic. Le refus de ce r\u00f4le, \u00e0 l\u2019\u00e9poque d\u00e9ce\u00advant pour les pro\u00adduc\u00adteurs, est aujour\u00add\u2019hui une preuve de son <strong>art et int\u00e9grit\u00e9<\/strong>. Son geste est un man\u00adi\u00adfeste con\u00adtre la sim\u00adpli\u00adfi\u00adca\u00adtion \u00e0 des fins com\u00admer\u00adciales.<\/p>\n\n\n\n<figure class=\"wp-block-image size-large\"><img loading=\"lazy\" decoding=\"async\" width=\"1024\" height=\"666\" src=\"https:\/\/bobea.net\/wp-content\/uploads\/2025\/11\/Marguerite-Ca-fait-du-bien-d-entendre-une-salle-entiere-chanter-Je-prefere-les-filles-1024x666.jpg\" alt class=\"wp-image-26748\" srcset=\"https:\/\/bobea.net\/wp-content\/uploads\/2025\/11\/Marguerite-Ca-fait-du-bien-d-entendre-une-salle-entiere-chanter-Je-prefere-les-filles-1024x666.jpg 1024w, https:\/\/bobea.net\/wp-content\/uploads\/2025\/11\/Marguerite-Ca-fait-du-bien-d-entendre-une-salle-entiere-chanter-Je-prefere-les-filles-300x195.jpg 300w, https:\/\/bobea.net\/wp-content\/uploads\/2025\/11\/Marguerite-Ca-fait-du-bien-d-entendre-une-salle-entiere-chanter-Je-prefere-les-filles-768x499.jpg 768w, https:\/\/bobea.net\/wp-content\/uploads\/2025\/11\/Marguerite-Ca-fait-du-bien-d-entendre-une-salle-entiere-chanter-Je-prefere-les-filles.jpg 1280w\" sizes=\"(max-width: 1024px) 100vw, 1024px\"><\/figure>\n\n\n\n<p>Le fait que <strong>Judith Godr\u00e8che<\/strong> choi\u00adsisse de racon\u00adter cette his\u00adtoire est un hom\u00admage \u00e0 cette lib\u00adert\u00e9 artis\u00adtique rad\u00adi\u00adcale. Elle se posi\u00adtionne ain\u00adsi dans la lign\u00e9e de ces femmes de cul\u00adture qui priv\u00adil\u00e9gient la vision \u00e0 la facil\u00adit\u00e9, faisant de cette his\u00adtoire un mag\u00adnifique mes\u00adsage d\u2019in\u00adspi\u00adra\u00adtion pour la <strong>lit\u00adt\u00e9ra\u00adture cin\u00e9\u00adma<\/strong> con\u00adtem\u00adpo\u00adraine. Le refus de <strong>Mar\u00adguerite Duras<\/strong> est devenu, avec le temps, son plus grand \u201cOui\u201d \u00e0 son pro\u00adpre art. Cette <strong>his\u00adtoire cul\u00adturelle<\/strong> ren\u00adforce le mythe de Duras, la d\u00e9finis\u00adsant non seule\u00adment par ses \u0153uvres, mais par ses choix \u00e9thiques et esth\u00e9\u00adtiques intran\u00adsigeants.<\/p>\n","protected":false},"excerpt":{"rendered":"<p>C\u2019est une p\u00e9pite d\u2019his\u00adtoire cul\u00adturelle qui vient d\u2019\u00eatre d\u00e9ter\u00adr\u00e9e ! La cin\u00e9aste Judith Godr\u00e8che, con\u00adnue pour sa sinc\u00e9rit\u00e9 et son amour des grandes fig\u00adures lit\u00adt\u00e9raires, a fait une r\u00e9v\u00e9la\u00adtion couliss\u00ades\u2026 <\/p>\n","protected":false},"author":1,"featured_media":26750,"comment_status":"open","ping_status":"closed","sticky":false,"template":"","format":"standard","meta":{"wp_typography_post_enhancements_disabled":false,"footnotes":""},"categories":[55],"tags":[19652,19655,3293,19653,19651,19650,19654],"class_list":["post-26747","post","type-post","status-publish","format-standard","has-post-thumbnail","hentry","category-culture","tag-anecdotes-stars","tag-art-et-integrite","tag-histoire-culturelle","tag-litterature-cinema","tag-marguerite-duras-judith-godreche","tag-revelation-coulisses-film","tag-role-refuse-cinema"],"yoast_head":"<!-- This site is optimized with the Yoast SEO plugin v24.7 - https:\/\/yoast.com\/wordpress\/plugins\/seo\/ -->\n<title>R\u00e9v\u00e9lation ! La v\u00e9ritable histoire du r\u00f4le que Marguerite Duras a refus\u00e9, racont\u00e9e par Judith Godr\u00e8che. - Bobea<\/title>\n<meta name=\"description\" content=\"Le fait que Judith Godr\u00e8che choisisse de raconter cette histoire est un hommage \u00e0 cette libert\u00e9 artistique radicale. Elle se positionne\" \/>\n<meta name=\"robots\" content=\"index, follow, max-snippet:-1, max-image-preview:large, max-video-preview:-1\" \/>\n<link rel=\"canonical\" href=\"https:\/\/bobea.net\/index.php\/2025\/11\/01\/revelation-la-veritable-histoire-du-role-que-marguerite-duras-a-refuse-racontee-par-judith-godreche\/\" \/>\n<meta property=\"og:locale\" content=\"fr_FR\" \/>\n<meta property=\"og:type\" content=\"article\" \/>\n<meta property=\"og:title\" content=\"R\u00e9v\u00e9lation ! La v\u00e9ritable histoire du r\u00f4le que Marguerite Duras a refus\u00e9, racont\u00e9e par Judith Godr\u00e8che. - Bobea\" \/>\n<meta property=\"og:description\" content=\"Le fait que Judith Godr\u00e8che choisisse de raconter cette histoire est un hommage \u00e0 cette libert\u00e9 artistique radicale. Elle se positionne\" \/>\n<meta property=\"og:url\" content=\"https:\/\/bobea.net\/index.php\/2025\/11\/01\/revelation-la-veritable-histoire-du-role-que-marguerite-duras-a-refuse-racontee-par-judith-godreche\/\" \/>\n<meta property=\"og:site_name\" content=\"Bobea\" \/>\n<meta property=\"article:publisher\" content=\"https:\/\/web.facebook.com\/profile.php?id=61559252188416\" \/>\n<meta property=\"article:published_time\" content=\"2025-11-01T08:41:04+00:00\" \/>\n<meta property=\"article:modified_time\" content=\"2025-11-01T19:02:18+00:00\" \/>\n<meta property=\"og:image\" content=\"https:\/\/bobea.net\/wp-content\/uploads\/2025\/11\/collage-2-1024x595-1.png\" \/>\n\t<meta property=\"og:image:width\" content=\"1024\" \/>\n\t<meta property=\"og:image:height\" content=\"595\" \/>\n\t<meta property=\"og:image:type\" content=\"image\/png\" \/>\n<meta name=\"author\" content=\"bobea.info\" \/>\n<meta name=\"twitter:card\" content=\"summary_large_image\" \/>\n<meta name=\"twitter:label1\" content=\"\u00c9crit par\" \/>\n\t<meta name=\"twitter:data1\" content=\"bobea.info\" \/>\n\t<meta name=\"twitter:label2\" content=\"Dur\u00e9e de lecture estim\u00e9e\" \/>\n\t<meta name=\"twitter:data2\" content=\"3 minutes\" \/>\n<script type=\"application\/ld+json\" class=\"yoast-schema-graph\">{\"@context\":\"https:\/\/schema.org\",\"@graph\":[{\"@type\":\"Article\",\"@id\":\"https:\/\/bobea.net\/index.php\/2025\/11\/01\/revelation-la-veritable-histoire-du-role-que-marguerite-duras-a-refuse-racontee-par-judith-godreche\/#article\",\"isPartOf\":{\"@id\":\"https:\/\/bobea.net\/index.php\/2025\/11\/01\/revelation-la-veritable-histoire-du-role-que-marguerite-duras-a-refuse-racontee-par-judith-godreche\/\"},\"author\":{\"name\":\"bobea.info\",\"@id\":\"https:\/\/bobea.net\/#\/schema\/person\/e7f45ef187918d7c956bf619dce90ccf\"},\"headline\":\"R\u00e9v\u00e9lation ! La v\u00e9ritable histoire du r\u00f4le que Marguerite Duras a refus\u00e9, racont\u00e9e par Judith Godr\u00e8che.\",\"datePublished\":\"2025-11-01T08:41:04+00:00\",\"dateModified\":\"2025-11-01T19:02:18+00:00\",\"mainEntityOfPage\":{\"@id\":\"https:\/\/bobea.net\/index.php\/2025\/11\/01\/revelation-la-veritable-histoire-du-role-que-marguerite-duras-a-refuse-racontee-par-judith-godreche\/\"},\"wordCount\":501,\"commentCount\":0,\"publisher\":{\"@id\":\"https:\/\/bobea.net\/#organization\"},\"image\":{\"@id\":\"https:\/\/bobea.net\/index.php\/2025\/11\/01\/revelation-la-veritable-histoire-du-role-que-marguerite-duras-a-refuse-racontee-par-judith-godreche\/#primaryimage\"},\"thumbnailUrl\":\"https:\/\/bobea.net\/wp-content\/uploads\/2025\/11\/collage-2-1024x595-1.png\",\"keywords\":[\"anecdotes stars\",\"art et int\u00e9grit\u00e9.\",\"histoire culturelle\",\"litt\u00e9rature cin\u00e9ma\",\"Marguerite Duras Judith Godr\u00e8che\",\"r\u00e9v\u00e9lation coulisses film\",\"r\u00f4le refus\u00e9 cin\u00e9ma\"],\"articleSection\":[\"Culture\"],\"inLanguage\":\"fr-FR\",\"potentialAction\":[{\"@type\":\"CommentAction\",\"name\":\"Comment\",\"target\":[\"https:\/\/bobea.net\/index.php\/2025\/11\/01\/revelation-la-veritable-histoire-du-role-que-marguerite-duras-a-refuse-racontee-par-judith-godreche\/#respond\"]}]},{\"@type\":\"WebPage\",\"@id\":\"https:\/\/bobea.net\/index.php\/2025\/11\/01\/revelation-la-veritable-histoire-du-role-que-marguerite-duras-a-refuse-racontee-par-judith-godreche\/\",\"url\":\"https:\/\/bobea.net\/index.php\/2025\/11\/01\/revelation-la-veritable-histoire-du-role-que-marguerite-duras-a-refuse-racontee-par-judith-godreche\/\",\"name\":\"R\u00e9v\u00e9lation ! La v\u00e9ritable histoire du r\u00f4le que Marguerite Duras a refus\u00e9, racont\u00e9e par Judith Godr\u00e8che. - Bobea\",\"isPartOf\":{\"@id\":\"https:\/\/bobea.net\/#website\"},\"primaryImageOfPage\":{\"@id\":\"https:\/\/bobea.net\/index.php\/2025\/11\/01\/revelation-la-veritable-histoire-du-role-que-marguerite-duras-a-refuse-racontee-par-judith-godreche\/#primaryimage\"},\"image\":{\"@id\":\"https:\/\/bobea.net\/index.php\/2025\/11\/01\/revelation-la-veritable-histoire-du-role-que-marguerite-duras-a-refuse-racontee-par-judith-godreche\/#primaryimage\"},\"thumbnailUrl\":\"https:\/\/bobea.net\/wp-content\/uploads\/2025\/11\/collage-2-1024x595-1.png\",\"datePublished\":\"2025-11-01T08:41:04+00:00\",\"dateModified\":\"2025-11-01T19:02:18+00:00\",\"description\":\"Le fait que Judith Godr\u00e8che choisisse de raconter cette histoire est un hommage \u00e0 cette libert\u00e9 artistique radicale. Elle se positionne\",\"breadcrumb\":{\"@id\":\"https:\/\/bobea.net\/index.php\/2025\/11\/01\/revelation-la-veritable-histoire-du-role-que-marguerite-duras-a-refuse-racontee-par-judith-godreche\/#breadcrumb\"},\"inLanguage\":\"fr-FR\",\"potentialAction\":[{\"@type\":\"ReadAction\",\"target\":[\"https:\/\/bobea.net\/index.php\/2025\/11\/01\/revelation-la-veritable-histoire-du-role-que-marguerite-duras-a-refuse-racontee-par-judith-godreche\/\"]}]},{\"@type\":\"ImageObject\",\"inLanguage\":\"fr-FR\",\"@id\":\"https:\/\/bobea.net\/index.php\/2025\/11\/01\/revelation-la-veritable-histoire-du-role-que-marguerite-duras-a-refuse-racontee-par-judith-godreche\/#primaryimage\",\"url\":\"https:\/\/bobea.net\/wp-content\/uploads\/2025\/11\/collage-2-1024x595-1.png\",\"contentUrl\":\"https:\/\/bobea.net\/wp-content\/uploads\/2025\/11\/collage-2-1024x595-1.png\",\"width\":1024,\"height\":595},{\"@type\":\"BreadcrumbList\",\"@id\":\"https:\/\/bobea.net\/index.php\/2025\/11\/01\/revelation-la-veritable-histoire-du-role-que-marguerite-duras-a-refuse-racontee-par-judith-godreche\/#breadcrumb\",\"itemListElement\":[{\"@type\":\"ListItem\",\"position\":1,\"name\":\"Accueil\",\"item\":\"https:\/\/bobea.net\/\"},{\"@type\":\"ListItem\",\"position\":2,\"name\":\"R\u00e9v\u00e9lation ! La v\u00e9ritable histoire du r\u00f4le que Marguerite Duras a refus\u00e9, racont\u00e9e par Judith Godr\u00e8che.\"}]},{\"@type\":\"WebSite\",\"@id\":\"https:\/\/bobea.net\/#website\",\"url\":\"https:\/\/bobea.net\/\",\"name\":\"Bobea\",\"description\":\"Le magazine de la nouvelle \u00c8ve\",\"publisher\":{\"@id\":\"https:\/\/bobea.net\/#organization\"},\"potentialAction\":[{\"@type\":\"SearchAction\",\"target\":{\"@type\":\"EntryPoint\",\"urlTemplate\":\"https:\/\/bobea.net\/?s={search_term_string}\"},\"query-input\":{\"@type\":\"PropertyValueSpecification\",\"valueRequired\":true,\"valueName\":\"search_term_string\"}}],\"inLanguage\":\"fr-FR\"},{\"@type\":\"Organization\",\"@id\":\"https:\/\/bobea.net\/#organization\",\"name\":\"Bobea\",\"url\":\"https:\/\/bobea.net\/\",\"logo\":{\"@type\":\"ImageObject\",\"inLanguage\":\"fr-FR\",\"@id\":\"https:\/\/bobea.net\/#\/schema\/logo\/image\/\",\"url\":\"https:\/\/bobea.net\/wp-content\/uploads\/2024\/06\/bobea.jpg\",\"contentUrl\":\"https:\/\/bobea.net\/wp-content\/uploads\/2024\/06\/bobea.jpg\",\"width\":1080,\"height\":1080,\"caption\":\"Bobea\"},\"image\":{\"@id\":\"https:\/\/bobea.net\/#\/schema\/logo\/image\/\"},\"sameAs\":[\"https:\/\/web.facebook.com\/profile.php?id=61559252188416\"]},{\"@type\":\"Person\",\"@id\":\"https:\/\/bobea.net\/#\/schema\/person\/e7f45ef187918d7c956bf619dce90ccf\",\"name\":\"bobea.info\",\"image\":{\"@type\":\"ImageObject\",\"inLanguage\":\"fr-FR\",\"@id\":\"https:\/\/bobea.net\/#\/schema\/person\/image\/\",\"url\":\"https:\/\/secure.gravatar.com\/avatar\/36147980349df887ae30808df3e29474?s=96&d=mm&r=g\",\"contentUrl\":\"https:\/\/secure.gravatar.com\/avatar\/36147980349df887ae30808df3e29474?s=96&d=mm&r=g\",\"caption\":\"bobea.info\"},\"sameAs\":[\"https:\/\/bobea.net\"],\"url\":\"https:\/\/bobea.net\/index.php\/author\/bobea-info\/\"}]}<\/script>\n<!-- \/ Yoast SEO plugin. -->","yoast_head_json":{"title":"R\u00e9v\u00e9lation ! La v\u00e9ritable histoire du r\u00f4le que Marguerite Duras a refus\u00e9, racont\u00e9e par Judith Godr\u00e8che. - Bobea","description":"Le fait que Judith Godr\u00e8che choisisse de raconter cette histoire est un hommage \u00e0 cette libert\u00e9 artistique radicale. Elle se positionne","robots":{"index":"index","follow":"follow","max-snippet":"max-snippet:-1","max-image-preview":"max-image-preview:large","max-video-preview":"max-video-preview:-1"},"canonical":"https:\/\/bobea.net\/index.php\/2025\/11\/01\/revelation-la-veritable-histoire-du-role-que-marguerite-duras-a-refuse-racontee-par-judith-godreche\/","og_locale":"fr_FR","og_type":"article","og_title":"R\u00e9v\u00e9lation ! La v\u00e9ritable histoire du r\u00f4le que Marguerite Duras a refus\u00e9, racont\u00e9e par Judith Godr\u00e8che. - Bobea","og_description":"Le fait que Judith Godr\u00e8che choisisse de raconter cette histoire est un hommage \u00e0 cette libert\u00e9 artistique radicale. Elle se positionne","og_url":"https:\/\/bobea.net\/index.php\/2025\/11\/01\/revelation-la-veritable-histoire-du-role-que-marguerite-duras-a-refuse-racontee-par-judith-godreche\/","og_site_name":"Bobea","article_publisher":"https:\/\/web.facebook.com\/profile.php?id=61559252188416","article_published_time":"2025-11-01T08:41:04+00:00","article_modified_time":"2025-11-01T19:02:18+00:00","og_image":[{"width":1024,"height":595,"url":"https:\/\/bobea.net\/wp-content\/uploads\/2025\/11\/collage-2-1024x595-1.png","type":"image\/png"}],"author":"bobea.info","twitter_card":"summary_large_image","twitter_misc":{"\u00c9crit par":"bobea.info","Dur\u00e9e de lecture estim\u00e9e":"3 minutes"},"schema":{"@context":"https:\/\/schema.org","@graph":[{"@type":"Article","@id":"https:\/\/bobea.net\/index.php\/2025\/11\/01\/revelation-la-veritable-histoire-du-role-que-marguerite-duras-a-refuse-racontee-par-judith-godreche\/#article","isPartOf":{"@id":"https:\/\/bobea.net\/index.php\/2025\/11\/01\/revelation-la-veritable-histoire-du-role-que-marguerite-duras-a-refuse-racontee-par-judith-godreche\/"},"author":{"name":"bobea.info","@id":"https:\/\/bobea.net\/#\/schema\/person\/e7f45ef187918d7c956bf619dce90ccf"},"headline":"R\u00e9v\u00e9lation ! La v\u00e9ritable histoire du r\u00f4le que Marguerite Duras a refus\u00e9, racont\u00e9e par Judith Godr\u00e8che.","datePublished":"2025-11-01T08:41:04+00:00","dateModified":"2025-11-01T19:02:18+00:00","mainEntityOfPage":{"@id":"https:\/\/bobea.net\/index.php\/2025\/11\/01\/revelation-la-veritable-histoire-du-role-que-marguerite-duras-a-refuse-racontee-par-judith-godreche\/"},"wordCount":501,"commentCount":0,"publisher":{"@id":"https:\/\/bobea.net\/#organization"},"image":{"@id":"https:\/\/bobea.net\/index.php\/2025\/11\/01\/revelation-la-veritable-histoire-du-role-que-marguerite-duras-a-refuse-racontee-par-judith-godreche\/#primaryimage"},"thumbnailUrl":"https:\/\/bobea.net\/wp-content\/uploads\/2025\/11\/collage-2-1024x595-1.png","keywords":["anecdotes stars","art et int\u00e9grit\u00e9.","histoire culturelle","litt\u00e9rature cin\u00e9ma","Marguerite Duras Judith Godr\u00e8che","r\u00e9v\u00e9lation coulisses film","r\u00f4le refus\u00e9 cin\u00e9ma"],"articleSection":["Culture"],"inLanguage":"fr-FR","potentialAction":[{"@type":"CommentAction","name":"Comment","target":["https:\/\/bobea.net\/index.php\/2025\/11\/01\/revelation-la-veritable-histoire-du-role-que-marguerite-duras-a-refuse-racontee-par-judith-godreche\/#respond"]}]},{"@type":"WebPage","@id":"https:\/\/bobea.net\/index.php\/2025\/11\/01\/revelation-la-veritable-histoire-du-role-que-marguerite-duras-a-refuse-racontee-par-judith-godreche\/","url":"https:\/\/bobea.net\/index.php\/2025\/11\/01\/revelation-la-veritable-histoire-du-role-que-marguerite-duras-a-refuse-racontee-par-judith-godreche\/","name":"R\u00e9v\u00e9lation ! La v\u00e9ritable histoire du r\u00f4le que Marguerite Duras a refus\u00e9, racont\u00e9e par Judith Godr\u00e8che. - Bobea","isPartOf":{"@id":"https:\/\/bobea.net\/#website"},"primaryImageOfPage":{"@id":"https:\/\/bobea.net\/index.php\/2025\/11\/01\/revelation-la-veritable-histoire-du-role-que-marguerite-duras-a-refuse-racontee-par-judith-godreche\/#primaryimage"},"image":{"@id":"https:\/\/bobea.net\/index.php\/2025\/11\/01\/revelation-la-veritable-histoire-du-role-que-marguerite-duras-a-refuse-racontee-par-judith-godreche\/#primaryimage"},"thumbnailUrl":"https:\/\/bobea.net\/wp-content\/uploads\/2025\/11\/collage-2-1024x595-1.png","datePublished":"2025-11-01T08:41:04+00:00","dateModified":"2025-11-01T19:02:18+00:00","description":"Le fait que Judith Godr\u00e8che choisisse de raconter cette histoire est un hommage \u00e0 cette libert\u00e9 artistique radicale. Elle se positionne","breadcrumb":{"@id":"https:\/\/bobea.net\/index.php\/2025\/11\/01\/revelation-la-veritable-histoire-du-role-que-marguerite-duras-a-refuse-racontee-par-judith-godreche\/#breadcrumb"},"inLanguage":"fr-FR","potentialAction":[{"@type":"ReadAction","target":["https:\/\/bobea.net\/index.php\/2025\/11\/01\/revelation-la-veritable-histoire-du-role-que-marguerite-duras-a-refuse-racontee-par-judith-godreche\/"]}]},{"@type":"ImageObject","inLanguage":"fr-FR","@id":"https:\/\/bobea.net\/index.php\/2025\/11\/01\/revelation-la-veritable-histoire-du-role-que-marguerite-duras-a-refuse-racontee-par-judith-godreche\/#primaryimage","url":"https:\/\/bobea.net\/wp-content\/uploads\/2025\/11\/collage-2-1024x595-1.png","contentUrl":"https:\/\/bobea.net\/wp-content\/uploads\/2025\/11\/collage-2-1024x595-1.png","width":1024,"height":595},{"@type":"BreadcrumbList","@id":"https:\/\/bobea.net\/index.php\/2025\/11\/01\/revelation-la-veritable-histoire-du-role-que-marguerite-duras-a-refuse-racontee-par-judith-godreche\/#breadcrumb","itemListElement":[{"@type":"ListItem","position":1,"name":"Accueil","item":"https:\/\/bobea.net\/"},{"@type":"ListItem","position":2,"name":"R\u00e9v\u00e9lation ! La v\u00e9ritable histoire du r\u00f4le que Marguerite Duras a refus\u00e9, racont\u00e9e par Judith Godr\u00e8che."}]},{"@type":"WebSite","@id":"https:\/\/bobea.net\/#website","url":"https:\/\/bobea.net\/","name":"Bobea","description":"Le magazine de la nouvelle \u00c8ve","publisher":{"@id":"https:\/\/bobea.net\/#organization"},"potentialAction":[{"@type":"SearchAction","target":{"@type":"EntryPoint","urlTemplate":"https:\/\/bobea.net\/?s={search_term_string}"},"query-input":{"@type":"PropertyValueSpecification","valueRequired":true,"valueName":"search_term_string"}}],"inLanguage":"fr-FR"},{"@type":"Organization","@id":"https:\/\/bobea.net\/#organization","name":"Bobea","url":"https:\/\/bobea.net\/","logo":{"@type":"ImageObject","inLanguage":"fr-FR","@id":"https:\/\/bobea.net\/#\/schema\/logo\/image\/","url":"https:\/\/bobea.net\/wp-content\/uploads\/2024\/06\/bobea.jpg","contentUrl":"https:\/\/bobea.net\/wp-content\/uploads\/2024\/06\/bobea.jpg","width":1080,"height":1080,"caption":"Bobea"},"image":{"@id":"https:\/\/bobea.net\/#\/schema\/logo\/image\/"},"sameAs":["https:\/\/web.facebook.com\/profile.php?id=61559252188416"]},{"@type":"Person","@id":"https:\/\/bobea.net\/#\/schema\/person\/e7f45ef187918d7c956bf619dce90ccf","name":"bobea.info","image":{"@type":"ImageObject","inLanguage":"fr-FR","@id":"https:\/\/bobea.net\/#\/schema\/person\/image\/","url":"https:\/\/secure.gravatar.com\/avatar\/36147980349df887ae30808df3e29474?s=96&d=mm&r=g","contentUrl":"https:\/\/secure.gravatar.com\/avatar\/36147980349df887ae30808df3e29474?s=96&d=mm&r=g","caption":"bobea.info"},"sameAs":["https:\/\/bobea.net"],"url":"https:\/\/bobea.net\/index.php\/author\/bobea-info\/"}]}},"_links":{"self":[{"href":"https:\/\/bobea.net\/index.php\/wp-json\/wp\/v2\/posts\/26747"}],"collection":[{"href":"https:\/\/bobea.net\/index.php\/wp-json\/wp\/v2\/posts"}],"about":[{"href":"https:\/\/bobea.net\/index.php\/wp-json\/wp\/v2\/types\/post"}],"author":[{"embeddable":true,"href":"https:\/\/bobea.net\/index.php\/wp-json\/wp\/v2\/users\/1"}],"replies":[{"embeddable":true,"href":"https:\/\/bobea.net\/index.php\/wp-json\/wp\/v2\/comments?post=26747"}],"version-history":[{"count":1,"href":"https:\/\/bobea.net\/index.php\/wp-json\/wp\/v2\/posts\/26747\/revisions"}],"predecessor-version":[{"id":26749,"href":"https:\/\/bobea.net\/index.php\/wp-json\/wp\/v2\/posts\/26747\/revisions\/26749"}],"wp:featuredmedia":[{"embeddable":true,"href":"https:\/\/bobea.net\/index.php\/wp-json\/wp\/v2\/media\/26750"}],"wp:attachment":[{"href":"https:\/\/bobea.net\/index.php\/wp-json\/wp\/v2\/media?parent=26747"}],"wp:term":[{"taxonomy":"category","embeddable":true,"href":"https:\/\/bobea.net\/index.php\/wp-json\/wp\/v2\/categories?post=26747"},{"taxonomy":"post_tag","embeddable":true,"href":"https:\/\/bobea.net\/index.php\/wp-json\/wp\/v2\/tags?post=26747"}],"curies":[{"name":"wp","href":"https:\/\/api.w.org\/{rel}","templated":true}]}}